{"id":32034,"date":"2020-03-04T11:30:10","date_gmt":"2020-03-04T11:30:10","guid":{"rendered":"https:\/\/www.shqiperia.com\/blog\/?p=32034"},"modified":"2020-03-04T11:30:10","modified_gmt":"2020-03-04T11:30:10","slug":"a-do-te-krijohet-nje-qeveri-kujdestare-gjiknuri-flet-pas-tryezes-se-perbashket-me-ambasadoret-dhe-zbulon-per-cfare-rane-dakord-ka-nje-fryme-kompromisi-me-pd","status":"publish","type":"post","link":"https:\/\/www.shqiperia.com\/blog\/a-do-te-krijohet-nje-qeveri-kujdestare-gjiknuri-flet-pas-tryezes-se-perbashket-me-ambasadoret-dhe-zbulon-per-cfare-rane-dakord-ka-nje-fryme-kompromisi-me-pd\/","title":{"rendered":"A do t\u00eb krijohet nj\u00eb qeveri kujdestare? Gjiknuri flet pas tryez\u00ebs s\u00eb p\u00ebrbashk\u00ebt me ambasador\u00ebt dhe zbulon p\u00ebr \u00e7far\u00eb ran\u00eb dakord: Ka nj\u00eb frym\u00eb kompromisi me PD!"},"content":{"rendered":"<p><img data-recalc-dims=\"1\" loading=\"lazy\" decoding=\"async\" data-attachment-id=\"32035\" data-permalink=\"https:\/\/www.shqiperia.com\/blog\/a-do-te-krijohet-nje-qeveri-kujdestare-gjiknuri-flet-pas-tryezes-se-perbashket-me-ambasadoret-dhe-zbulon-per-cfare-rane-dakord-ka-nje-fryme-kompromisi-me-pd\/800-0-5e5f8f27c1d3a\/\" data-orig-file=\"https:\/\/i0.wp.com\/www.shqiperia.com\/blog\/wp-content\/uploads\/2020\/03\/800-0-5e5f8f27c1d3a.jpg?fit=800%2C456&amp;ssl=1\" data-orig-size=\"800,456\" data-comments-opened=\"1\" data-image-meta=\"{&quot;aperture&quot;:&quot;0&quot;,&quot;credit&quot;:&quot;&quot;,&quot;camera&quot;:&quot;&quot;,&quot;caption&quot;:&quot;&quot;,&quot;created_timestamp&quot;:&quot;0&quot;,&quot;copyright&quot;:&quot;&quot;,&quot;focal_length&quot;:&quot;0&quot;,&quot;iso&quot;:&quot;0&quot;,&quot;shutter_speed&quot;:&quot;0&quot;,&quot;title&quot;:&quot;&quot;,&quot;orientation&quot;:&quot;0&quot;}\" data-image-title=\"-800-0-5e5f8f27c1d3a\" data-image-description=\"\" data-image-caption=\"\" data-medium-file=\"https:\/\/i0.wp.com\/www.shqiperia.com\/blog\/wp-content\/uploads\/2020\/03\/800-0-5e5f8f27c1d3a.jpg?fit=300%2C171&amp;ssl=1\" data-large-file=\"https:\/\/i0.wp.com\/www.shqiperia.com\/blog\/wp-content\/uploads\/2020\/03\/800-0-5e5f8f27c1d3a.jpg?fit=800%2C456&amp;ssl=1\" class=\"alignnone  wp-image-32035\" alt=\"\" src=\"https:\/\/i0.wp.com\/www.shqiperia.com\/blog\/wp-content\/uploads\/2020\/03\/800-0-5e5f8f27c1d3a.jpg?resize=561%2C320&#038;ssl=1\" width=\"561\" height=\"320\" srcset=\"https:\/\/i0.wp.com\/www.shqiperia.com\/blog\/wp-content\/uploads\/2020\/03\/800-0-5e5f8f27c1d3a.jpg?resize=300%2C171&amp;ssl=1 300w, https:\/\/i0.wp.com\/www.shqiperia.com\/blog\/wp-content\/uploads\/2020\/03\/800-0-5e5f8f27c1d3a.jpg?resize=768%2C438&amp;ssl=1 768w, https:\/\/i0.wp.com\/www.shqiperia.com\/blog\/wp-content\/uploads\/2020\/03\/800-0-5e5f8f27c1d3a.jpg?resize=450%2C257&amp;ssl=1 450w, https:\/\/i0.wp.com\/www.shqiperia.com\/blog\/wp-content\/uploads\/2020\/03\/800-0-5e5f8f27c1d3a.jpg?resize=600%2C342&amp;ssl=1 600w, https:\/\/i0.wp.com\/www.shqiperia.com\/blog\/wp-content\/uploads\/2020\/03\/800-0-5e5f8f27c1d3a.jpg?resize=400%2C228&amp;ssl=1 400w, https:\/\/i0.wp.com\/www.shqiperia.com\/blog\/wp-content\/uploads\/2020\/03\/800-0-5e5f8f27c1d3a.jpg?w=800&amp;ssl=1 800w\" sizes=\"auto, (max-width: 561px) 100vw, 561px\" \/><\/p>\n<p>A do t\u00eb krijohet nj\u00eb qeveri kujdestare? Gjiknuri flet pas tryez\u00ebs s\u00eb p\u00ebrbashk\u00ebt me ambasador\u00ebt dhe zbulon p\u00ebr \u00e7far\u00eb ran\u00eb dakord: Ka nj\u00eb frym\u00eb kompromisi me PD!<\/p>\n<p>4 MARS 2020<\/p>\n<p>Pas takimit t\u00eb p\u00ebrfaq\u00ebsuesve t\u00eb Reform\u00ebs Zgjedhore me trup\u00ebn diplomatike n\u00eb vend, Damiam Gjiknuri u shpreh p\u00ebr mediat se ka nj\u00eb frym\u00eb kompromisi me Partin\u00eb Demokratike.<\/p>\n<p>\u201cKa nj\u00eb frym\u00eb kompromisi, kemi gjetur nj\u00eb hap\u00ebsir\u00eb t\u00eb p\u00ebrbashk\u00ebt. Mbetet q\u00eb dit\u00ebt e fundit t\u00eb zgjidhen disa probleme kryesore, si\u00e7 \u00ebsht\u00eb depolitizimi i administrat\u00ebs\u201d, tha Gjiknuri.<\/p>\n<p>I pyetur nga gazetar\u00ebt p\u00ebr qeverin\u00eb kujdestare t\u00eb k\u00ebrkuar nga opozita, Gjiknuri tha se kjo nuk \u00ebsht\u00eb \u00e7\u00ebshtje e k\u00ebsaj tryeze, dhe nuk di t\u00eb ket\u00eb nj\u00eb marr\u00ebveshje politike p\u00ebr k\u00ebt\u00eb.<\/p>\n<p>\u201cQeveria kujdestare nuk \u00ebsht\u00eb \u00e7\u00ebshtje e k\u00ebsaj tryeze. Qeveria kujdestare \u00ebsht\u00eb \u00e7\u00ebshtje kushtetuese dhe marr\u00ebveshje politike. N\u00ebse ka marr\u00ebveshje politike po, por un\u00eb nuk di q\u00eb qeveria t\u00eb ket\u00eb nj\u00eb vullnet q\u00eb t\u00eb shkoj\u00eb n\u00eb qeveri teknike, pra jan\u00eb gj\u00ebra t\u00eb st\u00ebrkonsumuara. Un\u00eb besoj se n\u00ebse ka vullnet dhe PD t\u00eb vij\u00eb me k\u00ebmb\u00eb n\u00eb tok\u00eb p\u00ebr disa gj\u00ebra, un\u00eb besoj se konsensusi \u00ebsht\u00eb shum\u00eb i arritsh\u00ebm\u201d, tha Gjiknuri.<\/p>\n<p>M\u00eb tej bashk\u00ebkryetari i Reform\u00ebs Zgjedhore tha edhe nj\u00ebher\u00eb se n\u00ebse \u00ebsht\u00eb e nevojshme afati p\u00ebr p\u00ebrfundimin e draftit mund t\u00eb shtyhet me 2-3 dit\u00eb.<\/p>\n<p>\u201cN\u00eb 15 mars synimi \u00ebsht\u00eb q\u00eb t\u00eb arrim\u00eb nj\u00eb marr\u00ebveshje, jo se duam t\u00eb shtojm\u00eb afatin. N\u00ebse \u00ebsht\u00eb e nevojshme t\u00eb shtyhet 2-3 dit\u00eb \u00ebsht\u00eb krejt normale se 15 marsi nuk \u00ebsht\u00eb nj\u00eb dat\u00eb e pal\u00ebvizshme. N\u00eb pjes\u00ebn e mbetur t\u00eb b\u00ebjm\u00eb p\u00ebrpjekje p\u00ebr t\u00eb gjitha \u00e7\u00ebshtjet. E r\u00ebnd\u00ebsishme \u00ebsht\u00eb q\u00eb pal\u00ebt t\u00eb b\u00ebjn\u00eb kompromis\u2019, tha Gjiknuri.<\/p>\n<p>Gazeta Sot<\/p>\n","protected":false},"excerpt":{"rendered":"<p>A do t\u00eb krijohet nj\u00eb qeveri kujdestare? Gjiknuri flet pas tryez\u00ebs s\u00eb p\u00ebrbashk\u00ebt me ambasador\u00ebt dhe zbulon p\u00ebr \u00e7far\u00eb ran\u00eb dakord: Ka nj\u00eb frym\u00eb kompromisi me PD! 4 MARS 2020 Pas takimit t\u00eb p\u00ebrfaq\u00ebsuesve t\u00eb Reform\u00ebs Zgjedhore me trup\u00ebn diplomatike n\u00eb vend, Damiam Gjiknuri u shpreh p\u00ebr mediat se ka nj\u00eb frym\u00eb kompromisi me Partin\u00eb [&hellip;]<\/p>\n","protected":false},"author":9,"featured_media":32035,"comment_status":"open","ping_status":"open","sticky":false,"template":"","format":"standard","meta":{"jetpack_post_was_ever_published":false,"_jetpack_newsletter_access":"","_jetpack_dont_email_post_to_subs":false,"_jetpack_newsletter_tier_id":0,"_jetpack_memberships_contains_paywalled_content":false,"_jetpack_memberships_contains_paid_content":false,"footnotes":"","jetpack_publicize_message":"","jetpack_publicize_feature_enabled":true,"jetpack_social_post_already_shared":true,"jetpack_social_options":{"image_generator_settings":{"template":"highway","default_image_id":0,"font":"","enabled":false},"version":2}},"categories":[10],"tags":[],"class_list":["post-32034","post","type-post","status-publish","format-standard","has-post-thumbnail","hentry","category-kultura"],"jetpack_publicize_connections":[],"jetpack_featured_media_url":"https:\/\/i0.wp.com\/www.shqiperia.com\/blog\/wp-content\/uploads\/2020\/03\/800-0-5e5f8f27c1d3a.jpg?fit=800%2C456&ssl=1","jetpack_sharing_enabled":true,"jetpack_shortlink":"https:\/\/wp.me\/p5Z6wp-8kG","jetpack-related-posts":[{"id":35249,"url":"https:\/\/www.shqiperia.com\/blog\/perfundon-keshilli-politik-per-reformen-zgjedhore-nuk-ka-konsensus\/","url_meta":{"origin":32034,"position":0},"title":"P\u00ebrfundon K\u00ebshilli Politik p\u00ebr reform\u00ebn zgjedhore: Nuk ka konsensus","author":"Kurt Farka","date":"May 31, 2020","format":false,"excerpt":"P\u00ebrfundon K\u00ebshilli Politik p\u00ebr reform\u00ebn zgjedhore: Nuk ka konsensus - 30\/05\/20 Pas 4 or\u00eb diskutimesh ka p\u00ebrfunduar mbledhja K\u00ebshilli Politik p\u00ebr Reform\u00ebn Zgjedhore, mesa duket pa konsensus dhe pa dakord\u00ebsi, p\u00ebr nj\u00eb pik\u00eb kyce, q\u00eb \u00ebsht\u00eb elementi i siguris\u00eb p\u00ebr vot\u00ebn. Identifikimi bioometrik. P\u00ebrfaq\u00ebsuesi i PD, Oerd Bylykbashi tha se\u2026","rel":"","context":"In &quot;Blogu i Udh\u00ebtarit&quot;","block_context":{"text":"Blogu i Udh\u00ebtarit","link":"https:\/\/www.shqiperia.com\/blog\/category\/blogu-i-udhetarit\/"},"img":{"alt_text":"","src":"https:\/\/i0.wp.com\/www.shqiperia.com\/blog\/wp-content\/uploads\/2020\/05\/Bylykbashi-1.png?fit=630%2C319&ssl=1&resize=350%2C200","width":350,"height":200,"srcset":"https:\/\/i0.wp.com\/www.shqiperia.com\/blog\/wp-content\/uploads\/2020\/05\/Bylykbashi-1.png?fit=630%2C319&ssl=1&resize=350%2C200 1x, https:\/\/i0.wp.com\/www.shqiperia.com\/blog\/wp-content\/uploads\/2020\/05\/Bylykbashi-1.png?fit=630%2C319&ssl=1&resize=525%2C300 1.5x"},"classes":[]},{"id":27577,"url":"https:\/\/www.shqiperia.com\/blog\/basha-mesazh-te-forte-pas-shkarkimit-te-kajmakut-qeveri-kujdestare-qe-do-te-garantoje-voten-ti-kthejme-parlamentin-shqiptareve\/","url_meta":{"origin":32034,"position":1},"title":"Basha, mesazh t\u00eb fort\u00eb pas shkarkimit t\u00eb Kajmakut: Qeveri kujdestare q\u00eb do t\u00eb garantoj\u00eb vot\u00ebn, t\u2019i kthejm\u00eb parlamentin shqiptar\u00ebve. &#8211;","author":"Kurt Farka","date":"November 1, 2019","format":false,"excerpt":"Basha, mesazh t\u00eb fort\u00eb pas shkarkimit t\u00eb Kajmakut: Qeveri kujdestare q\u00eb do t\u00eb garantoj\u00eb vot\u00ebn, t\u2019i kthejm\u00eb parlamentin shqiptar\u00ebve 1 nentor 2019 \u00a0 Duke deklaruar sot se \u201cKajmaku \u00ebsht\u00eb fytyra e Edi Ram\u00ebs dhe rasti i tij v\u00ebrtetoi edhe nj\u00ebher\u00eb se Rama qeveris me krimin\u201d, kryedemokrati Lulzim Basha ka theksuar\u2026","rel":"","context":"In &quot;Blogu i Udh\u00ebtarit&quot;","block_context":{"text":"Blogu i Udh\u00ebtarit","link":"https:\/\/www.shqiperia.com\/blog\/category\/blogu-i-udhetarit\/"},"img":{"alt_text":"","src":"https:\/\/i0.wp.com\/www.shqiperia.com\/blog\/wp-content\/uploads\/2019\/11\/basha.jpg?fit=1195%2C637&ssl=1&resize=350%2C200","width":350,"height":200,"srcset":"https:\/\/i0.wp.com\/www.shqiperia.com\/blog\/wp-content\/uploads\/2019\/11\/basha.jpg?fit=1195%2C637&ssl=1&resize=350%2C200 1x, https:\/\/i0.wp.com\/www.shqiperia.com\/blog\/wp-content\/uploads\/2019\/11\/basha.jpg?fit=1195%2C637&ssl=1&resize=525%2C300 1.5x, https:\/\/i0.wp.com\/www.shqiperia.com\/blog\/wp-content\/uploads\/2019\/11\/basha.jpg?fit=1195%2C637&ssl=1&resize=700%2C400 2x, https:\/\/i0.wp.com\/www.shqiperia.com\/blog\/wp-content\/uploads\/2019\/11\/basha.jpg?fit=1195%2C637&ssl=1&resize=1050%2C600 3x"},"classes":[]},{"id":30449,"url":"https:\/\/www.shqiperia.com\/blog\/rama-basha-drejt-qeverise-se-integrimit-pd-le-ne-balte-lsi-per-zyrtarizimin-e-koalicionit-ja-si-po-shkohet-te-skenari-i-2017\/","url_meta":{"origin":32034,"position":2},"title":"Rama-Basha drejt \u201cqeveris\u00eb s\u00eb integrimit\u201d, PD l\u00eb n\u00eb balt\u00eb LSI p\u00ebr zyrtarizimin e koalicionit, ja si po shkohet te skenari i 2017","author":"Kurt Farka","date":"January 18, 2020","format":false,"excerpt":"Rama-Basha drejt \u201cqeveris\u00eb s\u00eb integrimit\u201d, PD l\u00eb n\u00eb balt\u00eb LSI p\u00ebr zyrtarizimin e koalicionit, ja si po shkohet te skenari i 2017 NGA KLITI TOPALLI 18 JANAR 2020 Tryeza e dialogut p\u00ebr reform\u00ebn zgjedhore pritet t\u00eb prodhoj\u00eb surpriza. Ashtu si takimi Rama-Basha i 17 majit, edhe k\u00ebt\u00eb her\u00eb pal\u00ebt jan\u00eb\u2026","rel":"","context":"In &quot;Blogu i Udh\u00ebtarit&quot;","block_context":{"text":"Blogu i Udh\u00ebtarit","link":"https:\/\/www.shqiperia.com\/blog\/category\/blogu-i-udhetarit\/"},"img":{"alt_text":"","src":"https:\/\/i0.wp.com\/www.shqiperia.com\/blog\/wp-content\/uploads\/2020\/01\/800-0-5e22b148c9ead.jpg?fit=753%2C407&ssl=1&resize=350%2C200","width":350,"height":200,"srcset":"https:\/\/i0.wp.com\/www.shqiperia.com\/blog\/wp-content\/uploads\/2020\/01\/800-0-5e22b148c9ead.jpg?fit=753%2C407&ssl=1&resize=350%2C200 1x, https:\/\/i0.wp.com\/www.shqiperia.com\/blog\/wp-content\/uploads\/2020\/01\/800-0-5e22b148c9ead.jpg?fit=753%2C407&ssl=1&resize=525%2C300 1.5x, https:\/\/i0.wp.com\/www.shqiperia.com\/blog\/wp-content\/uploads\/2020\/01\/800-0-5e22b148c9ead.jpg?fit=753%2C407&ssl=1&resize=700%2C400 2x"},"classes":[]},{"id":38748,"url":"https:\/\/www.shqiperia.com\/blog\/gjiknuri-zbulon-propozimin-e-ps-ja-si-do-te-jete-fleta-e-votimit-e-ben-procesin-me-te-thjeshte\/","url_meta":{"origin":32034,"position":3},"title":"Gjiknuri zbulon propozimin e PS: &#8211; Ja si do t\u00eb jet\u00eb fleta e votimit. \u201cE b\u00ebn procesin m\u00eb t\u00eb thjesht\u00eb\u201d","author":"Kurt Farka","date":"September 21, 2020","format":false,"excerpt":"Gjiknuri zbulon propozimin e PS: - Ja si do t\u00eb jet\u00eb fleta e votimit. \u201cE b\u00ebn procesin m\u00eb t\u00eb thjesht\u00eb\u201d 21 SHTATOR 2020 Socialisti Damian Gjiknuri ka zbuluar se \u00ebsht\u00eb propozuar q\u00eb t\u00eb jet\u00eb vet\u00ebm nj\u00eb flet\u00eb votimi p\u00ebr zgjedhjet e 25 Prillit. N\u00eb k\u00ebt\u00eb flet\u00eb qytetari mund t\u00eb zgjedh\u00eb\u2026","rel":"","context":"In &quot;Blogu i Udh\u00ebtarit&quot;","block_context":{"text":"Blogu i Udh\u00ebtarit","link":"https:\/\/www.shqiperia.com\/blog\/category\/blogu-i-udhetarit\/"},"img":{"alt_text":"","src":"https:\/\/i0.wp.com\/www.shqiperia.com\/blog\/wp-content\/uploads\/2020\/09\/gjiknuri.jpg?fit=634%2C340&ssl=1&resize=350%2C200","width":350,"height":200,"srcset":"https:\/\/i0.wp.com\/www.shqiperia.com\/blog\/wp-content\/uploads\/2020\/09\/gjiknuri.jpg?fit=634%2C340&ssl=1&resize=350%2C200 1x, https:\/\/i0.wp.com\/www.shqiperia.com\/blog\/wp-content\/uploads\/2020\/09\/gjiknuri.jpg?fit=634%2C340&ssl=1&resize=525%2C300 1.5x"},"classes":[]},{"id":67514,"url":"https:\/\/www.shqiperia.com\/blog\/firmosi-koncesionin-per-dizdarin-gjiknuri-foto-me-mcgonigal-nuk-e-dinim-qe-nuk-raportonte-firmosi-koncesionin-per-dizdarin\/","url_meta":{"origin":32034,"position":4},"title":"Firmosi koncesionin p\u00ebr Dizdarin, Gjiknuri: Foto me McGonigal? &#8211; Nuk e dinim q\u00eb nuk raportonte. &#8211; Firmosi koncesionin p\u00ebr Dizdarin","author":"Kurt Farka","date":"February 7, 2023","format":false,"excerpt":"7 Shkurt 2023 Ministri firmosi megjith\u00ebse\u00a0Gjykata Administrative dha vendimin\u00a0q\u00eb tenderi ishte i parregullt dhe se kompania e Dizdarit kishte ofert\u00eb m\u00eb t\u00eb lart\u00eb se kanadez\u00ebt e renditur pas tyre, duke i shkaktuar buxhetit t\u00eb shtetit 10 milion euro d\u00ebm. Sekretari i p\u00ebrgjithsh\u00ebm, i PS-s\u00eb Damian Gjiknuri ka pohuar se \u00ebsht\u00eb\u2026","rel":"","context":"In &quot;Blogu i Udh\u00ebtarit&quot;","block_context":{"text":"Blogu i Udh\u00ebtarit","link":"https:\/\/www.shqiperia.com\/blog\/category\/blogu-i-udhetarit\/"},"img":{"alt_text":"","src":"https:\/\/i0.wp.com\/www.shqiperia.com\/blog\/wp-content\/uploads\/2023\/02\/auto_gjiknuri1674637125.jpg?fit=900%2C600&ssl=1&resize=350%2C200","width":350,"height":200,"srcset":"https:\/\/i0.wp.com\/www.shqiperia.com\/blog\/wp-content\/uploads\/2023\/02\/auto_gjiknuri1674637125.jpg?fit=900%2C600&ssl=1&resize=350%2C200 1x, https:\/\/i0.wp.com\/www.shqiperia.com\/blog\/wp-content\/uploads\/2023\/02\/auto_gjiknuri1674637125.jpg?fit=900%2C600&ssl=1&resize=525%2C300 1.5x, https:\/\/i0.wp.com\/www.shqiperia.com\/blog\/wp-content\/uploads\/2023\/02\/auto_gjiknuri1674637125.jpg?fit=900%2C600&ssl=1&resize=700%2C400 2x"},"classes":[]},{"id":67691,"url":"https:\/\/www.shqiperia.com\/blog\/damian-gjiknuri-ne-spak-kjo-eshte-nje-nga-abuzimet-me-te-medha\/","url_meta":{"origin":32034,"position":5},"title":"Damian  Gjiknuri n\u00eb SPAK: &#8211; Kjo \u00ebsht\u00eb nj\u00eb nga abuzimet m\u00eb t\u00eb m\u00ebdha","author":"Kurt Farka","date":"February 10, 2023","format":false,"excerpt":"10 Shkurt 2023 Ish-ministri i Infrastruktur\u00ebs dhe Energjis\u00eb, Sekretari i P\u00ebrgjithsh\u00ebm i Partis\u00eb Socialiste Damian Gjiknuri \u00ebsht\u00eb paraqitur sot n\u00eb SPAK ku ka d\u00ebshmuar p\u00ebr hetimet p\u00ebr rrug\u00ebn Tiran\u00eb-Elbasan. Gjiknuri ka q\u00ebndruar p\u00ebrreth 40 minuta n\u00eb Prokurorin\u00eb e Posa\u00e7me, teksa foli p\u00ebr mediat pas daljes. \u201cIsha p\u00ebr t\u00eb d\u00ebshmuar p\u00ebr\u2026","rel":"","context":"In &quot;Blogu i Udh\u00ebtarit&quot;","block_context":{"text":"Blogu i Udh\u00ebtarit","link":"https:\/\/www.shqiperia.com\/blog\/category\/blogu-i-udhetarit\/"},"img":{"alt_text":"","src":"https:\/\/i0.wp.com\/www.shqiperia.com\/blog\/wp-content\/uploads\/2023\/02\/800-0-d60ff06350b7eda24af823189e75d344-1.jpg?fit=800%2C469&ssl=1&resize=350%2C200","width":350,"height":200,"srcset":"https:\/\/i0.wp.com\/www.shqiperia.com\/blog\/wp-content\/uploads\/2023\/02\/800-0-d60ff06350b7eda24af823189e75d344-1.jpg?fit=800%2C469&ssl=1&resize=350%2C200 1x, https:\/\/i0.wp.com\/www.shqiperia.com\/blog\/wp-content\/uploads\/2023\/02\/800-0-d60ff06350b7eda24af823189e75d344-1.jpg?fit=800%2C469&ssl=1&resize=525%2C300 1.5x, https:\/\/i0.wp.com\/www.shqiperia.com\/blog\/wp-content\/uploads\/2023\/02\/800-0-d60ff06350b7eda24af823189e75d344-1.jpg?fit=800%2C469&ssl=1&resize=700%2C400 2x"},"classes":[]}],"_links":{"self":[{"href":"https:\/\/www.shqiperia.com\/blog\/wp-json\/wp\/v2\/posts\/32034","targetHints":{"allow":["GET"]}}],"collection":[{"href":"https:\/\/www.shqiperia.com\/blog\/wp-json\/wp\/v2\/posts"}],"about":[{"href":"https:\/\/www.shqiperia.com\/blog\/wp-json\/wp\/v2\/types\/post"}],"author":[{"embeddable":true,"href":"https:\/\/www.shqiperia.com\/blog\/wp-json\/wp\/v2\/users\/9"}],"replies":[{"embeddable":true,"href":"https:\/\/www.shqiperia.com\/blog\/wp-json\/wp\/v2\/comments?post=32034"}],"version-history":[{"count":1,"href":"https:\/\/www.shqiperia.com\/blog\/wp-json\/wp\/v2\/posts\/32034\/revisions"}],"predecessor-version":[{"id":32036,"href":"https:\/\/www.shqiperia.com\/blog\/wp-json\/wp\/v2\/posts\/32034\/revisions\/32036"}],"wp:featuredmedia":[{"embeddable":true,"href":"https:\/\/www.shqiperia.com\/blog\/wp-json\/wp\/v2\/media\/32035"}],"wp:attachment":[{"href":"https:\/\/www.shqiperia.com\/blog\/wp-json\/wp\/v2\/media?parent=32034"}],"wp:term":[{"taxonomy":"category","embeddable":true,"href":"https:\/\/www.shqiperia.com\/blog\/wp-json\/wp\/v2\/categories?post=32034"},{"taxonomy":"post_tag","embeddable":true,"href":"https:\/\/www.shqiperia.com\/blog\/wp-json\/wp\/v2\/tags?post=32034"}],"curies":[{"name":"wp","href":"https:\/\/api.w.org\/{rel}","templated":true}]}}