{"id":32031,"date":"2020-03-04T10:20:13","date_gmt":"2020-03-04T10:20:13","guid":{"rendered":"https:\/\/www.shqiperia.com\/blog\/?p=32031"},"modified":"2020-03-04T10:20:13","modified_gmt":"2020-03-04T10:20:13","slug":"pak-dite-nga-15-marsi-shtetet-e-bashkuara-te-amerikes-dhe-be-ja-takim-me-dyer-te-mbyllura-me-qeverine-dhe-pd","status":"publish","type":"post","link":"https:\/\/www.shqiperia.com\/blog\/pak-dite-nga-15-marsi-shtetet-e-bashkuara-te-amerikes-dhe-be-ja-takim-me-dyer-te-mbyllura-me-qeverine-dhe-pd\/","title":{"rendered":"Pak dit\u00eb nga 15 Marsi, Shtetet e Bashkuara t\u00eb Amerik\u00ebs dhe BE-ja takim me dyer t\u00eb mbyllura me qeverin\u00eb dhe PD"},"content":{"rendered":"<p><img data-recalc-dims=\"1\" loading=\"lazy\" decoding=\"async\" data-attachment-id=\"32032\" data-permalink=\"https:\/\/www.shqiperia.com\/blog\/pak-dite-nga-15-marsi-shtetet-e-bashkuara-te-amerikes-dhe-be-ja-takim-me-dyer-te-mbyllura-me-qeverine-dhe-pd\/640-0-5e5f7ba522bb8\/\" data-orig-file=\"https:\/\/i0.wp.com\/www.shqiperia.com\/blog\/wp-content\/uploads\/2020\/03\/640-0-5e5f7ba522bb8.jpg?fit=640%2C405&amp;ssl=1\" data-orig-size=\"640,405\" data-comments-opened=\"1\" data-image-meta=\"{&quot;aperture&quot;:&quot;0&quot;,&quot;credit&quot;:&quot;&quot;,&quot;camera&quot;:&quot;&quot;,&quot;caption&quot;:&quot;&quot;,&quot;created_timestamp&quot;:&quot;0&quot;,&quot;copyright&quot;:&quot;&quot;,&quot;focal_length&quot;:&quot;0&quot;,&quot;iso&quot;:&quot;0&quot;,&quot;shutter_speed&quot;:&quot;0&quot;,&quot;title&quot;:&quot;&quot;,&quot;orientation&quot;:&quot;0&quot;}\" data-image-title=\"-640-0-5e5f7ba522bb8\" data-image-description=\"\" data-image-caption=\"\" data-medium-file=\"https:\/\/i0.wp.com\/www.shqiperia.com\/blog\/wp-content\/uploads\/2020\/03\/640-0-5e5f7ba522bb8.jpg?fit=300%2C190&amp;ssl=1\" data-large-file=\"https:\/\/i0.wp.com\/www.shqiperia.com\/blog\/wp-content\/uploads\/2020\/03\/640-0-5e5f7ba522bb8.jpg?fit=640%2C405&amp;ssl=1\" class=\"alignnone  wp-image-32032\" alt=\"\" src=\"https:\/\/i0.wp.com\/www.shqiperia.com\/blog\/wp-content\/uploads\/2020\/03\/640-0-5e5f7ba522bb8.jpg?resize=625%2C396&#038;ssl=1\" width=\"625\" height=\"396\" srcset=\"https:\/\/i0.wp.com\/www.shqiperia.com\/blog\/wp-content\/uploads\/2020\/03\/640-0-5e5f7ba522bb8.jpg?resize=300%2C190&amp;ssl=1 300w, https:\/\/i0.wp.com\/www.shqiperia.com\/blog\/wp-content\/uploads\/2020\/03\/640-0-5e5f7ba522bb8.jpg?resize=450%2C285&amp;ssl=1 450w, https:\/\/i0.wp.com\/www.shqiperia.com\/blog\/wp-content\/uploads\/2020\/03\/640-0-5e5f7ba522bb8.jpg?resize=600%2C380&amp;ssl=1 600w, https:\/\/i0.wp.com\/www.shqiperia.com\/blog\/wp-content\/uploads\/2020\/03\/640-0-5e5f7ba522bb8.jpg?resize=400%2C253&amp;ssl=1 400w, https:\/\/i0.wp.com\/www.shqiperia.com\/blog\/wp-content\/uploads\/2020\/03\/640-0-5e5f7ba522bb8.jpg?w=640&amp;ssl=1 640w\" sizes=\"auto, (max-width: 625px) 100vw, 625px\" \/><\/p>\n<p>Pak dit\u00eb nga 15 Marsi, Shtetet e Bashkuara t\u00eb Amerik\u00ebs dhe BE-ja takim me dyer t\u00eb mbyllura me qeverin\u00eb dhe PD<\/p>\n<p>4 MARS 2020<\/p>\n<p>Teksa na ndajn\u00eb edhe pak dit\u00eb nga afatin zyrtar t\u00eb miratimit t\u00eb reform\u00ebs zgjedhore n\u00eb Parlament q\u00eb \u00ebsht\u00eb 15 Marsi, drejtuesit e ambasadave t\u00eb r\u00ebnd\u00ebsishme n\u00eb vend, Shteteve t\u00eb Bashkuara t\u00eb Amerik\u00ebs, Bashkimit Evropian, Britanis\u00eb s\u00eb Madhe, OSBE-s\u00eb, Gjermanis\u00eb dhe vendeve te tjera te BE-s\u00eb k\u00ebrkojn\u00eb t\u00eb din\u00eb nga p\u00ebrfaq\u00ebsuesit politik\u00eb progresin e b\u00ebr\u00eb deri m\u00eb tani.<\/p>\n<p>M\u00ebsohet se n\u00eb k\u00ebto momente, trupa e diplomat\u00ebve po zhvillon takim me dyer t\u00eb mbyllura n\u00eb nj\u00eb nga hotelet e njohura n\u00eb kryeqytet. Pjes\u00eb e trup\u00ebs jan\u00eb p\u00ebrfaq\u00ebsues diplomatik\u00eb t\u00eb vendeve t\u00eb BE-s\u00eb, Britanis\u00eb s\u00eb Madhe, Zvicr\u00ebs, SHB-s\u00eb , OSBE-s\u00eb dhe ODIHR-it, t\u00eb cil\u00ebt marrin opinionet e pal\u00ebve t\u00eb p\u00ebrfshira n\u00eb reform\u00ebn zgjedhore.<\/p>\n<p>Dje, maxhoranca dhe opozita jasht\u00ebparlamentare ran\u00eb dakort p\u00ebr financimin e partive n\u00eb fushta elektorale q\u00eb do t\u00eb jet\u00eb 66 p\u00ebrqind nga shteti dhe 34 p\u00ebrqind nga privati.<\/p>\n<p>Gazeta Sot<\/p>\n","protected":false},"excerpt":{"rendered":"<p>Pak dit\u00eb nga 15 Marsi, Shtetet e Bashkuara t\u00eb Amerik\u00ebs dhe BE-ja takim me dyer t\u00eb mbyllura me qeverin\u00eb dhe PD 4 MARS 2020 Teksa na ndajn\u00eb edhe pak dit\u00eb nga afatin zyrtar t\u00eb miratimit t\u00eb reform\u00ebs zgjedhore n\u00eb Parlament q\u00eb \u00ebsht\u00eb 15 Marsi, drejtuesit e ambasadave t\u00eb r\u00ebnd\u00ebsishme n\u00eb vend, Shteteve t\u00eb Bashkuara t\u00eb [&hellip;]<\/p>\n","protected":false},"author":9,"featured_media":32032,"comment_status":"open","ping_status":"open","sticky":false,"template":"","format":"standard","meta":{"jetpack_post_was_ever_published":false,"_jetpack_newsletter_access":"","_jetpack_dont_email_post_to_subs":false,"_jetpack_newsletter_tier_id":0,"_jetpack_memberships_contains_paywalled_content":false,"_jetpack_memberships_contains_paid_content":false,"footnotes":"","jetpack_publicize_message":"","jetpack_publicize_feature_enabled":true,"jetpack_social_post_already_shared":true,"jetpack_social_options":{"image_generator_settings":{"template":"highway","default_image_id":0,"font":"","enabled":false},"version":2}},"categories":[27,2],"tags":[],"class_list":["post-32031","post","type-post","status-publish","format-standard","has-post-thumbnail","hentry","category-blogu-i-udhetarit","category-politika"],"jetpack_publicize_connections":[],"jetpack_featured_media_url":"https:\/\/i0.wp.com\/www.shqiperia.com\/blog\/wp-content\/uploads\/2020\/03\/640-0-5e5f7ba522bb8.jpg?fit=640%2C405&ssl=1","jetpack_sharing_enabled":true,"jetpack_shortlink":"https:\/\/wp.me\/p5Z6wp-8kD","jetpack-related-posts":[{"id":74494,"url":"https:\/\/www.shqiperia.com\/blog\/dy-kryeministra-te-bp-kerkuan-republiken-e-kfor-ne-kosove-ka-qene-rama-ne-biseden-me-dyer-te-mbyllura-apo-gazetarja-serbe-spekulon\/","url_meta":{"origin":32031,"position":0},"title":"Dy kryeministra t\u00eb BP k\u00ebrkuan \u201cRepublik\u00ebn e KFOR\u201d n\u00eb Kosov\u00eb? &#8211; Ka qen\u00eb Rama n\u00eb bised\u00ebn me dyer t\u00eb mbyllura, apo gazetarja serbe spekulon?","author":"Kurt Farka","date":"September 27, 2023","format":false,"excerpt":"27 Shtator 2023 Situata n\u00eb veri t\u00eb Kosov\u00ebs ka qen\u00eb shqet\u00ebsimi i ngritur nga dy kryeministra t\u00eb Ballkanit Per\u00ebndimor n\u00eb nj\u00eb takim me dyer t\u00eb mbyllura me zyrtar\u00eb t\u00eb lart\u00eb t\u00eb administrat\u00ebs amerikane, jav\u00ebn e kaluar n\u00eb Nju-Jork. Takimi i mbajtur tri\u00a0dit\u00eb para sulmit n\u00eb Banjsk\u00eb, \u00ebsht\u00eb zhvilluar n\u00eb OKB\u2026","rel":"","context":"In &quot;Blogu i Udh\u00ebtarit&quot;","block_context":{"text":"Blogu i Udh\u00ebtarit","link":"https:\/\/www.shqiperia.com\/blog\/category\/blogu-i-udhetarit\/"},"img":{"alt_text":"","src":"https:\/\/i0.wp.com\/www.shqiperia.com\/blog\/wp-content\/uploads\/2023\/09\/85b89db5-35e2-4865-8828-5c3ed5c6ac6f.jpeg?fit=1080%2C652&ssl=1&resize=350%2C200","width":350,"height":200,"srcset":"https:\/\/i0.wp.com\/www.shqiperia.com\/blog\/wp-content\/uploads\/2023\/09\/85b89db5-35e2-4865-8828-5c3ed5c6ac6f.jpeg?fit=1080%2C652&ssl=1&resize=350%2C200 1x, https:\/\/i0.wp.com\/www.shqiperia.com\/blog\/wp-content\/uploads\/2023\/09\/85b89db5-35e2-4865-8828-5c3ed5c6ac6f.jpeg?fit=1080%2C652&ssl=1&resize=525%2C300 1.5x, https:\/\/i0.wp.com\/www.shqiperia.com\/blog\/wp-content\/uploads\/2023\/09\/85b89db5-35e2-4865-8828-5c3ed5c6ac6f.jpeg?fit=1080%2C652&ssl=1&resize=700%2C400 2x, https:\/\/i0.wp.com\/www.shqiperia.com\/blog\/wp-content\/uploads\/2023\/09\/85b89db5-35e2-4865-8828-5c3ed5c6ac6f.jpeg?fit=1080%2C652&ssl=1&resize=1050%2C600 3x"},"classes":[]},{"id":49995,"url":"https:\/\/www.shqiperia.com\/blog\/pd-spekulime-mediatike-anetaresia-antiamerikane-basha-se-ka-thene\/","url_meta":{"origin":32031,"position":1},"title":"PD: Spekulime mediatike: &#8211; \u201cAn\u00ebtar\u00ebsia antiamerikane?\u201d. Basha s\u2019e ka th\u00ebn\u00eb.","author":"Kurt Farka","date":"September 20, 2021","format":false,"excerpt":"PD: Spekulime mediatike: - \u201cAn\u00ebtar\u00ebsia antiamerikane?\u201d. Basha s\u2019e ka th\u00ebn\u00eb. 20 SHTATOR 2021 N\u00eb debatet e mbledhjes me dyer t\u00eb mbyllura t\u00eb Partis\u00eb Demokratike, disa media cituan p\u00ebrplasjen e Lulzim Bash\u00ebs me Flamur Nok\u00ebn, duke th\u00ebn\u00eb se kreu i PD-s\u00eb ka deklaruar shprehimisht se \u201cnuk do t\u00eb lejonte mbledhjen e\u2026","rel":"","context":"In &quot;Blogu i Udh\u00ebtarit&quot;","block_context":{"text":"Blogu i Udh\u00ebtarit","link":"https:\/\/www.shqiperia.com\/blog\/category\/blogu-i-udhetarit\/"},"img":{"alt_text":"","src":"https:\/\/i0.wp.com\/www.shqiperia.com\/blog\/wp-content\/uploads\/2021\/09\/Lulzim-Basha.jpg?fit=640%2C360&ssl=1&resize=350%2C200","width":350,"height":200,"srcset":"https:\/\/i0.wp.com\/www.shqiperia.com\/blog\/wp-content\/uploads\/2021\/09\/Lulzim-Basha.jpg?fit=640%2C360&ssl=1&resize=350%2C200 1x, https:\/\/i0.wp.com\/www.shqiperia.com\/blog\/wp-content\/uploads\/2021\/09\/Lulzim-Basha.jpg?fit=640%2C360&ssl=1&resize=525%2C300 1.5x"},"classes":[]},{"id":99513,"url":"https:\/\/www.shqiperia.com\/blog\/sejko-e-malaj-ne-uashington-pjese-e-takimit-me-dyer-te-mbyllura-nga-departamenti-evropian-i-fmn\/","url_meta":{"origin":32031,"position":2},"title":"Sejko e Malaj n\u00eb Uashington, pjes\u00eb e takimit me dyer t\u00eb mbyllura nga Departamenti Evropian i FMN","author":"Kurt Farka","date":"April 18, 2026","format":false,"excerpt":"19 Prill 2026 Guvernatori Gent Sejko s\u00eb bashku me Ministrin e Financave, Petrit Malaj, kan\u00eb qen\u00eb pjes\u00eb e takimit me dyer t\u00eb mbyllura me ministrat e financave dhe guvernator\u00ebt e bankave qendrore t\u00eb vendeve t\u00eb Evrop\u00ebs Qendrore, Lindore dhe Juglindore p\u00ebr t\u00eb diskutuar mbi perspektiv\u00ebn dhe sfidat e politik\u00ebs p\u00ebr\u2026","rel":"","context":"In &quot;Blogu i Udh\u00ebtarit&quot;","block_context":{"text":"Blogu i Udh\u00ebtarit","link":"https:\/\/www.shqiperia.com\/blog\/category\/blogu-i-udhetarit\/"},"img":{"alt_text":"","src":"https:\/\/i0.wp.com\/www.shqiperia.com\/blog\/wp-content\/uploads\/2026\/04\/900-0-1776517748x672319146-1617671356151234-1709382180291503762-n-276.jpg?fit=900%2C599&ssl=1&resize=350%2C200","width":350,"height":200,"srcset":"https:\/\/i0.wp.com\/www.shqiperia.com\/blog\/wp-content\/uploads\/2026\/04\/900-0-1776517748x672319146-1617671356151234-1709382180291503762-n-276.jpg?fit=900%2C599&ssl=1&resize=350%2C200 1x, https:\/\/i0.wp.com\/www.shqiperia.com\/blog\/wp-content\/uploads\/2026\/04\/900-0-1776517748x672319146-1617671356151234-1709382180291503762-n-276.jpg?fit=900%2C599&ssl=1&resize=525%2C300 1.5x, https:\/\/i0.wp.com\/www.shqiperia.com\/blog\/wp-content\/uploads\/2026\/04\/900-0-1776517748x672319146-1617671356151234-1709382180291503762-n-276.jpg?fit=900%2C599&ssl=1&resize=700%2C400 2x"},"classes":[]},{"id":51916,"url":"https:\/\/www.shqiperia.com\/blog\/nuk-ndalet-antony-blinken-vjen-nje-tjeter-paralajmerim-i-forte-do-te-kete-pasoja-serioze-nese\/","url_meta":{"origin":32031,"position":3},"title":"Nuk ndalet Antony Blinken, vjen nj\u00eb tjet\u00ebr paralajm\u00ebrim i fort\u00eb: &#8211; Do t\u00eb ket\u00eb pasoja serioze n\u00ebse&#8230;","author":"Kurt Farka","date":"December 1, 2021","format":false,"excerpt":"Nuk ndalet Antony Blinken, vjen nj\u00eb tjet\u00ebr paralajm\u00ebrim i fort\u00eb: - Do t\u00eb ket\u00eb pasoja serioze n\u00ebse... 1 DHJETOR 2021 Sekretari i Shtetit Antony Blinken dhe NATO-ja paralajm\u00ebruan s\u00ebrish Rusin\u00eb p\u00ebr \"pasoja serioze\" ndaj \u00e7do veprimi p\u00ebrshkall\u00ebzimi me Ukrain\u00ebn. N\u00eb komentet gjat\u00eb nj\u00eb udh\u00ebtimi n\u00eb Letoni dhe Suedi p\u00ebr takime\u2026","rel":"","context":"In &quot;Blogu i Udh\u00ebtarit&quot;","block_context":{"text":"Blogu i Udh\u00ebtarit","link":"https:\/\/www.shqiperia.com\/blog\/category\/blogu-i-udhetarit\/"},"img":{"alt_text":"","src":"https:\/\/i0.wp.com\/www.shqiperia.com\/blog\/wp-content\/uploads\/2021\/12\/unnamed.jpg?fit=512%2C256&ssl=1&resize=350%2C200","width":350,"height":200},"classes":[]},{"id":89568,"url":"https:\/\/www.shqiperia.com\/blog\/berisha-takon-steven-buccin-fondacioni-heritage-nga-amerika-po-ndihmon-pd-ne-ringritjen-e-te-djathtes-shqiptare\/","url_meta":{"origin":32031,"position":4},"title":"Berisha takon Steven Buccin: &#8211; Fondacioni Heritage nga Amerika po ndihmon PD n\u00eb ringritjen e t\u00eb djatht\u00ebs shqiptare","author":"Kurt Farka","date":"February 16, 2025","format":false,"excerpt":"16 Shkurt 2025 Lideri i opozit\u00ebs Sali Berisha ka pritur n\u00eb selin\u00eb e PD, Steven Bucci, p\u00ebrfaq\u00ebsues dhe drejtues p\u00ebr \u00c7\u00ebshtjet e Siguris\u00eb n\u00eb Fondacionin the Heritage Foundation n\u00eb Shtetet e Bashkuara t\u00eb Amerik\u00ebs. Berisha nj\u00eb postim n\u00eb rrjetet sociale shprehet se Fondacioni Heritage ka p\u00ebrgatitur edhe pjes\u00eb t\u00eb programit\u2026","rel":"","context":"In &quot;Blogu i Udh\u00ebtarit&quot;","block_context":{"text":"Blogu i Udh\u00ebtarit","link":"https:\/\/www.shqiperia.com\/blog\/category\/blogu-i-udhetarit\/"},"img":{"alt_text":"","src":"https:\/\/i0.wp.com\/www.shqiperia.com\/blog\/wp-content\/uploads\/2025\/02\/Sali-Berisha-4.jpg?fit=675%2C450&ssl=1&resize=350%2C200","width":350,"height":200,"srcset":"https:\/\/i0.wp.com\/www.shqiperia.com\/blog\/wp-content\/uploads\/2025\/02\/Sali-Berisha-4.jpg?fit=675%2C450&ssl=1&resize=350%2C200 1x, https:\/\/i0.wp.com\/www.shqiperia.com\/blog\/wp-content\/uploads\/2025\/02\/Sali-Berisha-4.jpg?fit=675%2C450&ssl=1&resize=525%2C300 1.5x"},"classes":[]},{"id":73995,"url":"https:\/\/www.shqiperia.com\/blog\/perfundon-mbledhja-e-thirrur-nga-bardhi-zbardhet-vendimi-qe-moren-deputetet\/","url_meta":{"origin":32031,"position":5},"title":"P\u00ebrfundon mbledhja e thirrur nga Bardhi. &#8211; Zbardhet vendimi q\u00eb mor\u00ebn deputet\u00ebt","author":"Kurt Farka","date":"September 5, 2023","format":false,"excerpt":"5 Shtator 2023 Dit\u00ebn e sotme, p\u00ebr her\u00eb t\u00eb par\u00eb pas zgjedhjeve t\u00eb 25 prillit 2021 m\u00eb shum\u00eb se 40 deputet\u00eb t\u00eb opozit\u00ebs u mblodh\u00ebn s\u00eb bashku n\u00eb nj\u00eb takim t\u00eb thirrur nga Gazment Bardhi. Takimit iu bashku ish-kryeministri Sali Berisha dhe 13 deputet\u00ebt q\u00eb e mb\u00ebshtesin. Gjithashtu n\u00eb mbledhje\u2026","rel":"","context":"In &quot;Blogu i Udh\u00ebtarit&quot;","block_context":{"text":"Blogu i Udh\u00ebtarit","link":"https:\/\/www.shqiperia.com\/blog\/category\/blogu-i-udhetarit\/"},"img":{"alt_text":"","src":"https:\/\/i0.wp.com\/www.shqiperia.com\/blog\/wp-content\/uploads\/2023\/09\/auto_Selia_e_PD1641221891-750x536-1-750x405-1.jpg?fit=750%2C405&ssl=1&resize=350%2C200","width":350,"height":200,"srcset":"https:\/\/i0.wp.com\/www.shqiperia.com\/blog\/wp-content\/uploads\/2023\/09\/auto_Selia_e_PD1641221891-750x536-1-750x405-1.jpg?fit=750%2C405&ssl=1&resize=350%2C200 1x, https:\/\/i0.wp.com\/www.shqiperia.com\/blog\/wp-content\/uploads\/2023\/09\/auto_Selia_e_PD1641221891-750x536-1-750x405-1.jpg?fit=750%2C405&ssl=1&resize=525%2C300 1.5x, https:\/\/i0.wp.com\/www.shqiperia.com\/blog\/wp-content\/uploads\/2023\/09\/auto_Selia_e_PD1641221891-750x536-1-750x405-1.jpg?fit=750%2C405&ssl=1&resize=700%2C400 2x"},"classes":[]}],"_links":{"self":[{"href":"https:\/\/www.shqiperia.com\/blog\/wp-json\/wp\/v2\/posts\/32031","targetHints":{"allow":["GET"]}}],"collection":[{"href":"https:\/\/www.shqiperia.com\/blog\/wp-json\/wp\/v2\/posts"}],"about":[{"href":"https:\/\/www.shqiperia.com\/blog\/wp-json\/wp\/v2\/types\/post"}],"author":[{"embeddable":true,"href":"https:\/\/www.shqiperia.com\/blog\/wp-json\/wp\/v2\/users\/9"}],"replies":[{"embeddable":true,"href":"https:\/\/www.shqiperia.com\/blog\/wp-json\/wp\/v2\/comments?post=32031"}],"version-history":[{"count":1,"href":"https:\/\/www.shqiperia.com\/blog\/wp-json\/wp\/v2\/posts\/32031\/revisions"}],"predecessor-version":[{"id":32033,"href":"https:\/\/www.shqiperia.com\/blog\/wp-json\/wp\/v2\/posts\/32031\/revisions\/32033"}],"wp:featuredmedia":[{"embeddable":true,"href":"https:\/\/www.shqiperia.com\/blog\/wp-json\/wp\/v2\/media\/32032"}],"wp:attachment":[{"href":"https:\/\/www.shqiperia.com\/blog\/wp-json\/wp\/v2\/media?parent=32031"}],"wp:term":[{"taxonomy":"category","embeddable":true,"href":"https:\/\/www.shqiperia.com\/blog\/wp-json\/wp\/v2\/categories?post=32031"},{"taxonomy":"post_tag","embeddable":true,"href":"https:\/\/www.shqiperia.com\/blog\/wp-json\/wp\/v2\/tags?post=32031"}],"curies":[{"name":"wp","href":"https:\/\/api.w.org\/{rel}","templated":true}]}}