{"id":32027,"date":"2020-03-04T08:22:14","date_gmt":"2020-03-04T08:22:14","guid":{"rendered":"https:\/\/www.shqiperia.com\/blog\/?p=32027"},"modified":"2020-03-04T08:22:14","modified_gmt":"2020-03-04T08:22:14","slug":"mbi-100-mije-ne-bulevard-ilir-meta-fjalim-madheshtor","status":"publish","type":"post","link":"https:\/\/www.shqiperia.com\/blog\/mbi-100-mije-ne-bulevard-ilir-meta-fjalim-madheshtor\/","title":{"rendered":"Mbi 100 mij\u00eb n\u00eb bulevard, Ilir Meta fjalim madh\u00ebshtor"},"content":{"rendered":"<p><img data-recalc-dims=\"1\" loading=\"lazy\" decoding=\"async\" data-attachment-id=\"32028\" data-permalink=\"https:\/\/www.shqiperia.com\/blog\/mbi-100-mije-ne-bulevard-ilir-meta-fjalim-madheshtor\/manifestimi-meta-9\/\" data-orig-file=\"https:\/\/i0.wp.com\/www.shqiperia.com\/blog\/wp-content\/uploads\/2020\/03\/Manifestimi-Meta-9.jpeg?fit=1280%2C853&amp;ssl=1\" data-orig-size=\"1280,853\" data-comments-opened=\"1\" data-image-meta=\"{&quot;aperture&quot;:&quot;0&quot;,&quot;credit&quot;:&quot;&quot;,&quot;camera&quot;:&quot;&quot;,&quot;caption&quot;:&quot;&quot;,&quot;created_timestamp&quot;:&quot;0&quot;,&quot;copyright&quot;:&quot;&quot;,&quot;focal_length&quot;:&quot;0&quot;,&quot;iso&quot;:&quot;0&quot;,&quot;shutter_speed&quot;:&quot;0&quot;,&quot;title&quot;:&quot;&quot;,&quot;orientation&quot;:&quot;0&quot;}\" data-image-title=\"Manifestimi-Meta-9\" data-image-description=\"\" data-image-caption=\"\" data-medium-file=\"https:\/\/i0.wp.com\/www.shqiperia.com\/blog\/wp-content\/uploads\/2020\/03\/Manifestimi-Meta-9.jpeg?fit=300%2C200&amp;ssl=1\" data-large-file=\"https:\/\/i0.wp.com\/www.shqiperia.com\/blog\/wp-content\/uploads\/2020\/03\/Manifestimi-Meta-9.jpeg?fit=1024%2C682&amp;ssl=1\" class=\"alignnone  wp-image-32028\" alt=\"\" src=\"https:\/\/i0.wp.com\/www.shqiperia.com\/blog\/wp-content\/uploads\/2020\/03\/Manifestimi-Meta-9.jpeg?resize=623%2C415&#038;ssl=1\" width=\"623\" height=\"415\" srcset=\"https:\/\/i0.wp.com\/www.shqiperia.com\/blog\/wp-content\/uploads\/2020\/03\/Manifestimi-Meta-9.jpeg?resize=300%2C200&amp;ssl=1 300w, https:\/\/i0.wp.com\/www.shqiperia.com\/blog\/wp-content\/uploads\/2020\/03\/Manifestimi-Meta-9.jpeg?resize=1024%2C682&amp;ssl=1 1024w, https:\/\/i0.wp.com\/www.shqiperia.com\/blog\/wp-content\/uploads\/2020\/03\/Manifestimi-Meta-9.jpeg?resize=768%2C512&amp;ssl=1 768w, https:\/\/i0.wp.com\/www.shqiperia.com\/blog\/wp-content\/uploads\/2020\/03\/Manifestimi-Meta-9.jpeg?resize=600%2C400&amp;ssl=1 600w, https:\/\/i0.wp.com\/www.shqiperia.com\/blog\/wp-content\/uploads\/2020\/03\/Manifestimi-Meta-9.jpeg?resize=450%2C300&amp;ssl=1 450w, https:\/\/i0.wp.com\/www.shqiperia.com\/blog\/wp-content\/uploads\/2020\/03\/Manifestimi-Meta-9.jpeg?resize=400%2C267&amp;ssl=1 400w, https:\/\/i0.wp.com\/www.shqiperia.com\/blog\/wp-content\/uploads\/2020\/03\/Manifestimi-Meta-9.jpeg?w=1280&amp;ssl=1 1280w\" sizes=\"auto, (max-width: 623px) 100vw, 623px\" \/><\/p>\n<p>Mbi 100 mij\u00eb n\u00eb bulevard, Ilir Meta fjalim madh\u00ebshtor<\/p>\n<p>Thjesht me nj\u00eb fjal\u00eb, dje ishte dit\u00eb madh\u00ebshtore p\u00ebr Republik\u00ebn<\/p>\n<p><a href=\"https:\/\/kohajone.com\/mbi-100-mije-ne-bulevard-ilir-meta-fjalim-madheshtor\/\">03\/03\/2020 <\/a><\/p>\n<p>Nga <strong>Mili Xhani<\/strong><\/p>\n<p><strong>Presidenti premtoi publikisht dhe solemnisht se pas 15 marsit do t\u00eb shp\u00ebrndaj\u00eb parlamentin e turpit, parlament q\u00eb mbetet nj\u00eb nd\u00ebr njollat m\u00eb t\u00eb zez\u00eb t\u00eb historis\u00eb politike shqiptare. Shp\u00ebrndarjen do ua firmos mu aty, n\u00eb sall\u00ebn e Kuvendit.<\/strong><\/p>\n<p><strong>Pjes\u00ebmarrja masive e qytetar\u00ebve nga sheshi \u201cN\u00ebn\u00eb Tereza\u201d dhe deri te sheshi \u201cSk\u00ebnderbej\u201d vlen m\u00eb shum\u00eb se \u00e7do sondazh apo llogaritje tjet\u00ebr politike. Shqiptar\u00ebt dje fol\u00ebn me pranin\u00eb e tyre n\u00eb shesh dhe mesazhi i tyre ishte i qart\u00eb kund\u00ebr rilindjes dhe kund\u00ebr keqqeverisjes s\u00eb sotme. Manifestimi i djesh\u00ebm ishte nj\u00eb fitore e Ilir Met\u00ebs si President i Republik\u00ebs.<\/strong><\/p>\n<p>Shqiptar\u00ebt ishte dje d\u00ebshmitar\u00eb t\u00eb nj\u00eb prej ngjarjeve m\u00eb t\u00eb r\u00ebnd\u00ebsishme dhe nisjes s\u00eb nj\u00eb epoke t\u00eb re politike. Manifestimi i thirrur nga Presidenti Ilir Meta n\u00eb mbrojtje t\u00eb Kushtetut\u00ebs, mblodhi n\u00eb sheshin kryesor t\u00eb Tiran\u00ebs rreth 100 mij\u00eb qytetar\u00eb. Prania e jasht\u00ebzakonshme n\u00eb shesh e qytetar\u00ebve nga gjith\u00eb Shqip\u00ebria dhe diaspora tregoi se kauza e kreut t\u00eb shtetit p\u00ebr ruajtjen e Kushtetut\u00ebs dhe kund\u00ebr grushtit t\u00eb shtetit t\u00eb Rilindjes mb\u00ebshtetet nga shumica e shqiptar\u00ebve. Pjes\u00ebmarrja masive e qytetar\u00ebve nga Sheshi \u201cN\u00ebn\u00eb Tereza\u201d dhe deri te sheshi \u201cSk\u00ebnderbej\u201d vlen m\u00eb shum\u00eb se \u00e7do sondazh apo llogaritje tjet\u00ebr politike. Shqiptar\u00ebt dje fol\u00ebn me pranin\u00eb e tyre n\u00eb shesh dhe mesazhi i tyre ishte i qart\u00eb kund\u00ebr rilindjes dhe kund\u00ebr keqqeverisjes s\u00eb sotme. Manifestimi i djesh\u00ebm ishte nj\u00eb fitore e Ilir Met\u00ebs si President i Republik\u00ebs. Pas m\u00eb shum\u00eb se nj\u00eb vit betejash dhe p\u00ebrplasjesh politike me qeverin\u00eb, pjes\u00ebmarrja n\u00eb shesh tregoi se Presidenti i Republik\u00ebs nuk \u00ebsht\u00eb vet\u00ebm n\u00eb betej\u00ebn e tij.Nga dje, askush n\u00eb qeveri apo anash saj nuk mund t\u00eb akuzoj\u00eb kreun e shtetit p\u00ebr axhend\u00eb personale apo q\u00ebndrime kund\u00ebr interesave t\u00eb qytetar\u00ebve. Qytetar\u00ebt q\u00eb ju p\u00ebrgjigj\u00ebn thirrjes s\u00eb kreut t\u00eb shtetit i dhan\u00eb dje Presidentit t\u00eb Republik\u00ebs t\u00eb drejt\u00ebn p\u00ebr t\u00eb vijuar betej\u00ebn edhe n\u00eb em\u00ebr t\u00eb tyre. Kushdo q\u00eb deri m\u00eb sot ka sulmuar institucionin e kreut t\u00eb shtetit dhe aq m\u00eb pak ka nisur komisione hetim-shkarkim ndaj tij, duhet t\u00eb kuptojn\u00eb se p\u00ebrball\u00eb nuk kan\u00eb thjesht zyrtarin m\u00eb t\u00eb lart\u00eb t\u00eb shtetit, por dhe politikanin q\u00eb ka mb\u00ebshtetjen m\u00eb t\u00eb madhe n\u00eb popull. Beteja e tyre nuk \u00ebsht\u00eb me Ilir Met\u00ebn, por me Kushtetut\u00ebn, Presidentin e Republik\u00ebs dhe sigurisht uraganin m\u00eb t\u00eb madh popullor q\u00eb \u00ebsht\u00eb par\u00eb ndonj\u00ebher\u00eb n\u00eb bulevardin \u201cD\u00ebshmor\u00ebt e Kombit\u201d. Kushdo nga Rilindja q\u00eb ka ironizuar dhe fyer institucionin e kreut t\u00eb shtetit, tashm\u00eb duhet t\u00eb mendohet dy her\u00eb para se t\u00eb flas\u00eb, sepse q\u00ebndrimet e Presidenti i Republik\u00ebs u provua se mb\u00ebshteten nga shumica e shqiptar\u00ebve. Idiot\u00ebt e dobish\u00ebm t\u00eb Rilindjes q\u00eb ironizonin dhe termin Bes\u00eblidhje, nga dje n\u00eb mbr\u00ebmje, pasi t\u00eb kalojn\u00eb gjendjen e shokut q\u00eb u shkaktoi uragan i popullor duhet t\u00eb fillojn\u00eb dhe shohin problemet reale q\u00eb kan\u00eb brenda partit\u00eb dhe qeveris\u00eb s\u00eb tyre. Mbi t\u00eb gjitha \u00ebsht\u00eb koha p\u00ebr t\u00eb menduar sesi do t\u00eb t\u00ebrhiqen nga \u00e7menduria q\u00eb ka nisur, pa kosto p\u00ebr vete dhe p\u00ebr vendin. Kryeministri Edi Rama thot\u00eb shpesh kur sulmon opozit\u00ebn apo Presidentin se nuk kan\u00eb popull. Dje ishte populli i v\u00ebrtet\u00eb e jo ai i Facebook-ut dhe administrat\u00ebs me pages\u00eb. N\u00ebse Edi Rama nuk e ka par\u00eb as k\u00ebt\u00eb her\u00eb popullin kund\u00ebr tij n\u00eb bulevard, at\u00ebher\u00eb aq m\u00eb keq p\u00ebr at\u00eb. Kryeministri duhet seriozisht t\u00eb mendohet sepse balancat politike nuk jan\u00eb m\u00eb n\u00eb krahun e tij, pjesmarrja e madhe ishte tregues edhe p\u00ebr ndonj\u00eb ambasador t\u00eb huaj.<\/p>\n<p><img data-recalc-dims=\"1\" loading=\"lazy\" decoding=\"async\" data-attachment-id=\"32029\" data-permalink=\"https:\/\/www.shqiperia.com\/blog\/mbi-100-mije-ne-bulevard-ilir-meta-fjalim-madheshtor\/meta-bianku-4\/\" data-orig-file=\"https:\/\/i0.wp.com\/www.shqiperia.com\/blog\/wp-content\/uploads\/2020\/03\/Meta-bianku-4.jpeg?fit=1280%2C853&amp;ssl=1\" data-orig-size=\"1280,853\" data-comments-opened=\"1\" data-image-meta=\"{&quot;aperture&quot;:&quot;0&quot;,&quot;credit&quot;:&quot;&quot;,&quot;camera&quot;:&quot;&quot;,&quot;caption&quot;:&quot;&quot;,&quot;created_timestamp&quot;:&quot;0&quot;,&quot;copyright&quot;:&quot;&quot;,&quot;focal_length&quot;:&quot;0&quot;,&quot;iso&quot;:&quot;0&quot;,&quot;shutter_speed&quot;:&quot;0&quot;,&quot;title&quot;:&quot;&quot;,&quot;orientation&quot;:&quot;0&quot;}\" data-image-title=\"Meta-bianku-4\" data-image-description=\"\" data-image-caption=\"\" data-medium-file=\"https:\/\/i0.wp.com\/www.shqiperia.com\/blog\/wp-content\/uploads\/2020\/03\/Meta-bianku-4.jpeg?fit=300%2C200&amp;ssl=1\" data-large-file=\"https:\/\/i0.wp.com\/www.shqiperia.com\/blog\/wp-content\/uploads\/2020\/03\/Meta-bianku-4.jpeg?fit=1024%2C682&amp;ssl=1\" class=\"alignnone  wp-image-32029\" alt=\"\" src=\"https:\/\/i0.wp.com\/www.shqiperia.com\/blog\/wp-content\/uploads\/2020\/03\/Meta-bianku-4.jpeg?resize=663%2C442&#038;ssl=1\" width=\"663\" height=\"442\" srcset=\"https:\/\/i0.wp.com\/www.shqiperia.com\/blog\/wp-content\/uploads\/2020\/03\/Meta-bianku-4.jpeg?resize=300%2C200&amp;ssl=1 300w, https:\/\/i0.wp.com\/www.shqiperia.com\/blog\/wp-content\/uploads\/2020\/03\/Meta-bianku-4.jpeg?resize=1024%2C682&amp;ssl=1 1024w, https:\/\/i0.wp.com\/www.shqiperia.com\/blog\/wp-content\/uploads\/2020\/03\/Meta-bianku-4.jpeg?resize=768%2C512&amp;ssl=1 768w, https:\/\/i0.wp.com\/www.shqiperia.com\/blog\/wp-content\/uploads\/2020\/03\/Meta-bianku-4.jpeg?resize=600%2C400&amp;ssl=1 600w, https:\/\/i0.wp.com\/www.shqiperia.com\/blog\/wp-content\/uploads\/2020\/03\/Meta-bianku-4.jpeg?resize=450%2C300&amp;ssl=1 450w, https:\/\/i0.wp.com\/www.shqiperia.com\/blog\/wp-content\/uploads\/2020\/03\/Meta-bianku-4.jpeg?resize=400%2C267&amp;ssl=1 400w, https:\/\/i0.wp.com\/www.shqiperia.com\/blog\/wp-content\/uploads\/2020\/03\/Meta-bianku-4.jpeg?w=1280&amp;ssl=1 1280w\" sizes=\"auto, (max-width: 663px) 100vw, 663px\" \/><br \/>\nSigurisht, n\u00eb k\u00ebt\u00eb protest\u00eb dhe masivitetin e saj kan\u00eb rolin e tyre dhe krer\u00ebt e opozit\u00ebs. Prania e Lulzim Bash\u00ebs, Sali Berish\u00ebs dhe gjith\u00eb spektrit opozitar i dha manifestimit tonin e nj\u00eb aktivitetit q\u00eb nuk mbledh thjesht rreth tij partit\u00eb politike, por gjith\u00eb subjektet komb\u00ebtare q\u00eb shqet\u00ebsohen p\u00ebr fatet e vendit. Opozita ka axhend\u00ebn e saj, por nuk mund t\u00eb mungonte n\u00eb k\u00ebt\u00eb manifestim ku kryefjala \u00ebsht\u00eb Kushtetuta dhe e ardhmja e vendit.<br \/>\nManifestimi i djesh\u00ebm nuk do t\u00eb mbahet mend vet\u00ebm p\u00ebr pjes\u00ebmarrjen, por edhe p\u00ebr mesazhet e Presidentit t\u00eb Republik\u00ebs, Ilir Meta q\u00eb mbajti nj\u00eb nga fjalimet m\u00eb t\u00eb r\u00ebnd\u00ebsish\u00ebm t\u00eb karrier\u00ebs s\u00eb tij politike. Denoncimi i grushtit t\u00eb shtetit ishte pjesa e par\u00eb e komunikimit t\u00eb Presidentit, por Ilir Meta nuk u mjaftua vet\u00ebm me deklarata. Para qytetar\u00ebve q\u00eb kishin mbushur sheshin Presidenti firmosi aktin e par\u00eb t\u00eb asaj q\u00eb quajti \u00e7montim t\u00eb grushtit t\u00eb shtetit duke anuluar ligjin p\u00ebr betimin e gjyqtar\u00ebve. Pas k\u00ebtij akti, kreu i shtetit b\u00ebri dhe nj\u00eb paralajm\u00ebrim t\u00eb fort\u00eb. Presidenti betoi para qytetar\u00ebve se n\u00ebse pas miratimit t\u00eb reform\u00ebs zgjedhore vendi nuk hyn n\u00eb zgjedhje t\u00eb parakohshme ai do t\u00eb firmos, brenda n\u00eb sall\u00ebn e Kuvendit, shp\u00ebrndarjen e parlamentit.<br \/>\n\u201cN\u00ebse grushti i shtetit dhe organizata mafioze nd\u00ebrkomb\u00ebtare q\u00eb ka vite q\u00eb luan me sovranitetin e popullit ton\u00eb nuk e merr seriozisht k\u00ebt\u00eb dekret, un\u00eb ju jap fjal\u00ebn n\u00eb em\u00ebr t\u00eb k\u00ebtij flamuri p\u00ebr t\u00eb cilin kan\u00eb r\u00ebn\u00eb mij\u00ebra d\u00ebshmor\u00eb, se pas dat\u00ebs 15 mars kur t\u00eb p\u00ebrfundoj\u00eb reforma zgjedhore q\u00eb \u00ebsht\u00eb nj\u00eb kusht, n\u00ebse ata nuk do ta marrin seriozisht populli kuqezi q\u00eb votoi sot p\u00ebr vdekjen e grushtit t\u00eb shtetit un\u00eb Ilir Meta betohem se at\u00eb dekret nuk do ta firmos k\u00ebtu, por n\u00eb mes t\u00eb parlamentit. Atje n\u00eb mes t\u00eb krimit dhe do t\u2019i b\u00ebj thirrje t\u00eb gjith\u00eb popullit shqiptar un\u00eb i pari, dhe gjith\u00eb populli kuqezi\u201d,- deklaroi Presidenti Ilir Meta.<br \/>\nThjesht me nj\u00eb fjal\u00eb, dje ishte dit\u00eb madh\u00ebshtor\u00eb p\u00ebr Republik\u00ebn.<\/p>\n","protected":false},"excerpt":{"rendered":"<p>Mbi 100 mij\u00eb n\u00eb bulevard, Ilir Meta fjalim madh\u00ebshtor Thjesht me nj\u00eb fjal\u00eb, dje ishte dit\u00eb madh\u00ebshtore p\u00ebr Republik\u00ebn 03\/03\/2020 Nga Mili Xhani Presidenti premtoi publikisht dhe solemnisht se pas 15 marsit do t\u00eb shp\u00ebrndaj\u00eb parlamentin e turpit, parlament q\u00eb mbetet nj\u00eb nd\u00ebr njollat m\u00eb t\u00eb zez\u00eb t\u00eb historis\u00eb politike shqiptare. Shp\u00ebrndarjen do ua firmos [&hellip;]<\/p>\n","protected":false},"author":9,"featured_media":32028,"comment_status":"open","ping_status":"open","sticky":false,"template":"","format":"standard","meta":{"jetpack_post_was_ever_published":false,"_jetpack_newsletter_access":"","_jetpack_dont_email_post_to_subs":false,"_jetpack_newsletter_tier_id":0,"_jetpack_memberships_contains_paywalled_content":false,"_jetpack_memberships_contains_paid_content":false,"footnotes":"","jetpack_publicize_message":"","jetpack_publicize_feature_enabled":true,"jetpack_social_post_already_shared":true,"jetpack_social_options":{"image_generator_settings":{"template":"highway","default_image_id":0,"font":"","enabled":false},"version":2}},"categories":[27,2],"tags":[],"class_list":["post-32027","post","type-post","status-publish","format-standard","has-post-thumbnail","hentry","category-blogu-i-udhetarit","category-politika"],"jetpack_publicize_connections":[],"jetpack_featured_media_url":"https:\/\/i0.wp.com\/www.shqiperia.com\/blog\/wp-content\/uploads\/2020\/03\/Manifestimi-Meta-9.jpeg?fit=1280%2C853&ssl=1","jetpack_sharing_enabled":true,"jetpack_shortlink":"https:\/\/wp.me\/p5Z6wp-8kz","jetpack-related-posts":[{"id":32062,"url":"https:\/\/www.shqiperia.com\/blog\/tubimi-tregoi-se-regjimet-sfidohen-ne-rruge-dhe-jo-ne-tryeza-paqja-kerkon-burrerri-jo-squlltesi\/","url_meta":{"origin":32027,"position":0},"title":"Tubimi tregoi se regjimet sfidohen n\u00eb rrug\u00eb dhe jo n\u00eb tryeza. Paqja k\u00ebrkon burr\u00ebrri, jo squllt\u00ebsi!","author":"Kurt Farka","date":"March 5, 2020","format":false,"excerpt":"Tubimi tregoi se regjimet sfidohen n\u00eb rrug\u00eb dhe jo n\u00eb tryeza. Paqja k\u00ebrkon burr\u00ebrri, jo squllt\u00ebsi! 2 Mars, 2020 Nga Andi Bushati Bilanci Ilir Met\u00ebs n\u00eb k\u00ebt\u00eb 2 mars nuk mund t\u00eb matet me numra. Sfida e cila iu b\u00eb p\u00ebrpara k\u00ebsaj t\u00eb h\u00ebne, se sa njer\u00ebz do t\u00eb mbledh\u00eb,\u2026","rel":"","context":"In &quot;Blogu i Udh\u00ebtarit&quot;","block_context":{"text":"Blogu i Udh\u00ebtarit","link":"https:\/\/www.shqiperia.com\/blog\/category\/blogu-i-udhetarit\/"},"img":{"alt_text":"","src":"https:\/\/i0.wp.com\/www.shqiperia.com\/blog\/wp-content\/uploads\/2020\/03\/andi-bushati-dhe-mitingu-.jpg?fit=700%2C364&ssl=1&resize=350%2C200","width":350,"height":200,"srcset":"https:\/\/i0.wp.com\/www.shqiperia.com\/blog\/wp-content\/uploads\/2020\/03\/andi-bushati-dhe-mitingu-.jpg?fit=700%2C364&ssl=1&resize=350%2C200 1x, https:\/\/i0.wp.com\/www.shqiperia.com\/blog\/wp-content\/uploads\/2020\/03\/andi-bushati-dhe-mitingu-.jpg?fit=700%2C364&ssl=1&resize=525%2C300 1.5x, https:\/\/i0.wp.com\/www.shqiperia.com\/blog\/wp-content\/uploads\/2020\/03\/andi-bushati-dhe-mitingu-.jpg?fit=700%2C364&ssl=1&resize=700%2C400 2x"},"classes":[]},{"id":60165,"url":"https:\/\/www.shqiperia.com\/blog\/ilir-meta-per-lindita-nikollen-pula-e-kuvendit-njeri-pa-dinjitet-me-mesatare-5\/","url_meta":{"origin":32027,"position":1},"title":"Ilir Meta per Lindita Nikoll\u00ebn: &#8211; Pula e Kuvendit, njeri pa dinjitet, me mesatare 5!","author":"Kurt Farka","date":"July 27, 2022","format":false,"excerpt":"27 Korrik 2022 Kreu i Partis\u00eb s\u00eb Liris\u00eb, Ilir Meta ka shp\u00ebrthyer n\u00eb akuza t\u00eb forta kund\u00ebr Lindita Nikoll\u00ebs, kryetares s\u00eb parlamentit q\u00eb sot ka zhvilluar disa takime n\u00eb lidhje me k\u00ebrkes\u00ebn e Autoritetit t\u00eb Dosjeve p\u00ebr t\u00eb ndryshuar ligjin. Meta e quajti Nikoll\u00ebn \u201cpul\u00eb\u201d dhe \u201cnjeri pa dinjitet\u201d, duke\u2026","rel":"","context":"In &quot;Blogu i Udh\u00ebtarit&quot;","block_context":{"text":"Blogu i Udh\u00ebtarit","link":"https:\/\/www.shqiperia.com\/blog\/category\/blogu-i-udhetarit\/"},"img":{"alt_text":"","src":"https:\/\/i0.wp.com\/www.shqiperia.com\/blog\/wp-content\/uploads\/2022\/07\/rama-nikolla-840x440-1.jpg?fit=840%2C440&ssl=1&resize=350%2C200","width":350,"height":200,"srcset":"https:\/\/i0.wp.com\/www.shqiperia.com\/blog\/wp-content\/uploads\/2022\/07\/rama-nikolla-840x440-1.jpg?fit=840%2C440&ssl=1&resize=350%2C200 1x, https:\/\/i0.wp.com\/www.shqiperia.com\/blog\/wp-content\/uploads\/2022\/07\/rama-nikolla-840x440-1.jpg?fit=840%2C440&ssl=1&resize=525%2C300 1.5x, https:\/\/i0.wp.com\/www.shqiperia.com\/blog\/wp-content\/uploads\/2022\/07\/rama-nikolla-840x440-1.jpg?fit=840%2C440&ssl=1&resize=700%2C400 2x"},"classes":[]},{"id":24007,"url":"https:\/\/www.shqiperia.com\/blog\/rama-ka-groposur-edin\/","url_meta":{"origin":32027,"position":2},"title":"Rama, ka groposur Edin!","author":"Kurt Farka","date":"July 30, 2019","format":false,"excerpt":"Rama, ka groposur Edin! \u2018Sulmi ndaj Met\u00ebs\u2019, botuesi tregon SMS q\u00eb i d\u00ebrgoi Ram\u00ebs: Kaq posht\u00ebrsisht nuk foli as kur e rrah\u00ebn me leva kok\u00ebs SHIK-asit e PD. Ja ku do e shihni m\u00eb pas kok\u00ebn e Bushatit, Xhafajt dhe Majkos Nga Nikoll Lesi\u00a0 Dje ndoqa jo pa interes fjal\u00ebn\u2026","rel":"","context":"In &quot;Blogu i Udh\u00ebtarit&quot;","block_context":{"text":"Blogu i Udh\u00ebtarit","link":"https:\/\/www.shqiperia.com\/blog\/category\/blogu-i-udhetarit\/"},"img":{"alt_text":"","src":"https:\/\/i0.wp.com\/www.shqiperia.com\/blog\/wp-content\/uploads\/2019\/07\/lesi-rama.jpg?fit=511%2C267&ssl=1&resize=350%2C200","width":350,"height":200},"classes":[]},{"id":78870,"url":"https:\/\/www.shqiperia.com\/blog\/kryemadhit-i-sekuestruan-celularin-ilir-meta-braktis-bashkeshorten-nuk-mbaj-pergjegjesi-dikur-thosha\/","url_meta":{"origin":32027,"position":3},"title":"Kryemadhit i sekuestruan celularin, Ilir Meta \u2018braktis\u2019 bashk\u00ebshorten: Nuk mbaj p\u00ebrgjegj\u00ebsi, dikur thosha&#8230;","author":"Kurt Farka","date":"March 4, 2024","format":false,"excerpt":"4 Mars 2024 Kryetari i Partis\u00eb s\u00eb Liris\u00eb, Ilir Meta ka dal\u00eb n\u00eb nj\u00eb konferenc\u00eb p\u00ebr shtyp, ku nd\u00ebr t\u00eb tjera u pyet edhe p\u00ebr rekursin e b\u00ebr\u00eb n\u00eb Gjykata nga Monika Kryemadhi p\u00ebr t\u2019i kthyer celularin dhe n\u00ebse ai ishte pjes\u00eb n\u00eb k\u00ebt\u00eb \u00e7\u00ebshtje. Meta tha se p\u00ebr k\u00ebt\u00eb\u2026","rel":"","context":"In &quot;Blogu i Udh\u00ebtarit&quot;","block_context":{"text":"Blogu i Udh\u00ebtarit","link":"https:\/\/www.shqiperia.com\/blog\/category\/blogu-i-udhetarit\/"},"img":{"alt_text":"","src":"https:\/\/i0.wp.com\/www.shqiperia.com\/blog\/wp-content\/uploads\/2024\/03\/800-0-096a3bd15fed81c11f9f5d1c636d4287.jpg?fit=800%2C458&ssl=1&resize=350%2C200","width":350,"height":200,"srcset":"https:\/\/i0.wp.com\/www.shqiperia.com\/blog\/wp-content\/uploads\/2024\/03\/800-0-096a3bd15fed81c11f9f5d1c636d4287.jpg?fit=800%2C458&ssl=1&resize=350%2C200 1x, https:\/\/i0.wp.com\/www.shqiperia.com\/blog\/wp-content\/uploads\/2024\/03\/800-0-096a3bd15fed81c11f9f5d1c636d4287.jpg?fit=800%2C458&ssl=1&resize=525%2C300 1.5x, https:\/\/i0.wp.com\/www.shqiperia.com\/blog\/wp-content\/uploads\/2024\/03\/800-0-096a3bd15fed81c11f9f5d1c636d4287.jpg?fit=800%2C458&ssl=1&resize=700%2C400 2x"},"classes":[]},{"id":249,"url":"https:\/\/www.shqiperia.com\/blog\/21-janar-ka-perdite\/","url_meta":{"origin":32027,"position":4},"title":"21 Janar ka p\u00ebrdit\u00eb!","author":"shqiperia","date":"January 21, 2016","format":false,"excerpt":"Aktivist\u00ebt Klodi Leka, Stavro \u00c7ina, Isa Myzyraj dhe Albina Ruko jan\u00eb arrestuar n\u00eb rrug\u00ebn Myslym Shyri gjat\u00eb aksionit t\u00eb Organizat\u00ebs Politike p\u00ebr 21 Janar dhe po mbahen n\u00eb komisariatin 3 n\u00eb rrug\u00ebn Mine Peza pa asnj\u00eb shpjegim ligjor. Aksioni konsistonte n\u00eb pikturimin e nj\u00eb grafiti t\u00eb fytyrave t\u00eb urryera Sali\u2026","rel":"","context":"In &quot;Politika&quot;","block_context":{"text":"Politika","link":"https:\/\/www.shqiperia.com\/blog\/category\/politika\/"},"img":{"alt_text":"","src":"https:\/\/i0.wp.com\/www.shqiperia.com\/blog\/wp-content\/uploads\/2016\/01\/edi-iliri-sala-terroriste.jpg?fit=960%2C540&ssl=1&resize=350%2C200","width":350,"height":200,"srcset":"https:\/\/i0.wp.com\/www.shqiperia.com\/blog\/wp-content\/uploads\/2016\/01\/edi-iliri-sala-terroriste.jpg?fit=960%2C540&ssl=1&resize=350%2C200 1x, https:\/\/i0.wp.com\/www.shqiperia.com\/blog\/wp-content\/uploads\/2016\/01\/edi-iliri-sala-terroriste.jpg?fit=960%2C540&ssl=1&resize=525%2C300 1.5x, https:\/\/i0.wp.com\/www.shqiperia.com\/blog\/wp-content\/uploads\/2016\/01\/edi-iliri-sala-terroriste.jpg?fit=960%2C540&ssl=1&resize=700%2C400 2x"},"classes":[]},{"id":61390,"url":"https:\/\/www.shqiperia.com\/blog\/ilir-meta-ish-sigurims-zbardhet-padia-qe-coi-ish-presidentin-ne-spak\/","url_meta":{"origin":32027,"position":5},"title":"Ilir Meta ish-sigurims? Zbardhet padia q\u00eb \u00e7oi ish-presidentin n\u00eb SPAK","author":"Kurt Farka","date":"August 24, 2022","format":false,"excerpt":"24 Gusht 2022 Prokuroria e Posa\u00e7me kund\u00ebr Korrupsionit dhe Krimit t\u00eb Organizuar i k\u00ebrkoi KQZ-s\u00eb p\u00ebr Ilir Met\u00ebn kopje t\u00eb formularit t\u00eb vet\u00ebdeklarimit \u201cP\u00ebr garantimin e integritetit t\u00eb personave q\u00eb zgjidhen, em\u00ebrohen, ose ushtrojn\u00eb funksione publike\u201d. K\u00ebrkesa e SPAK-ut vjen n\u00eb kuad\u00ebr t\u00eb\u00a0nisjes s\u00eb hetimeve p\u00ebr skandalin p\u00ebr lobim n\u00eb\u2026","rel":"","context":"In &quot;Blogu i Udh\u00ebtarit&quot;","block_context":{"text":"Blogu i Udh\u00ebtarit","link":"https:\/\/www.shqiperia.com\/blog\/category\/blogu-i-udhetarit\/"},"img":{"alt_text":"","src":"https:\/\/i0.wp.com\/www.shqiperia.com\/blog\/wp-content\/uploads\/2022\/08\/800-0-6306007bb46ae.jpg?fit=800%2C451&ssl=1&resize=350%2C200","width":350,"height":200,"srcset":"https:\/\/i0.wp.com\/www.shqiperia.com\/blog\/wp-content\/uploads\/2022\/08\/800-0-6306007bb46ae.jpg?fit=800%2C451&ssl=1&resize=350%2C200 1x, https:\/\/i0.wp.com\/www.shqiperia.com\/blog\/wp-content\/uploads\/2022\/08\/800-0-6306007bb46ae.jpg?fit=800%2C451&ssl=1&resize=525%2C300 1.5x, https:\/\/i0.wp.com\/www.shqiperia.com\/blog\/wp-content\/uploads\/2022\/08\/800-0-6306007bb46ae.jpg?fit=800%2C451&ssl=1&resize=700%2C400 2x"},"classes":[]}],"_links":{"self":[{"href":"https:\/\/www.shqiperia.com\/blog\/wp-json\/wp\/v2\/posts\/32027","targetHints":{"allow":["GET"]}}],"collection":[{"href":"https:\/\/www.shqiperia.com\/blog\/wp-json\/wp\/v2\/posts"}],"about":[{"href":"https:\/\/www.shqiperia.com\/blog\/wp-json\/wp\/v2\/types\/post"}],"author":[{"embeddable":true,"href":"https:\/\/www.shqiperia.com\/blog\/wp-json\/wp\/v2\/users\/9"}],"replies":[{"embeddable":true,"href":"https:\/\/www.shqiperia.com\/blog\/wp-json\/wp\/v2\/comments?post=32027"}],"version-history":[{"count":1,"href":"https:\/\/www.shqiperia.com\/blog\/wp-json\/wp\/v2\/posts\/32027\/revisions"}],"predecessor-version":[{"id":32030,"href":"https:\/\/www.shqiperia.com\/blog\/wp-json\/wp\/v2\/posts\/32027\/revisions\/32030"}],"wp:featuredmedia":[{"embeddable":true,"href":"https:\/\/www.shqiperia.com\/blog\/wp-json\/wp\/v2\/media\/32028"}],"wp:attachment":[{"href":"https:\/\/www.shqiperia.com\/blog\/wp-json\/wp\/v2\/media?parent=32027"}],"wp:term":[{"taxonomy":"category","embeddable":true,"href":"https:\/\/www.shqiperia.com\/blog\/wp-json\/wp\/v2\/categories?post=32027"},{"taxonomy":"post_tag","embeddable":true,"href":"https:\/\/www.shqiperia.com\/blog\/wp-json\/wp\/v2\/tags?post=32027"}],"curies":[{"name":"wp","href":"https:\/\/api.w.org\/{rel}","templated":true}]}}