{"id":32024,"date":"2020-03-03T19:02:25","date_gmt":"2020-03-03T19:02:25","guid":{"rendered":"https:\/\/www.shqiperia.com\/blog\/?p=32024"},"modified":"2020-03-03T19:02:25","modified_gmt":"2020-03-03T19:02:25","slug":"manifestimi-i-metes-nje-mision-i-realizuar","status":"publish","type":"post","link":"https:\/\/www.shqiperia.com\/blog\/manifestimi-i-metes-nje-mision-i-realizuar\/","title":{"rendered":"Manifestimi\u00a0 i Metes, nj\u00eb mision i realizuar."},"content":{"rendered":"<p><img data-recalc-dims=\"1\" loading=\"lazy\" decoding=\"async\" data-attachment-id=\"32025\" data-permalink=\"https:\/\/www.shqiperia.com\/blog\/manifestimi-i-metes-nje-mision-i-realizuar\/protesta-e-metes15\/\" data-orig-file=\"https:\/\/i0.wp.com\/www.shqiperia.com\/blog\/wp-content\/uploads\/2020\/03\/protesta-e-metes15.jpg?fit=1280%2C607&amp;ssl=1\" data-orig-size=\"1280,607\" data-comments-opened=\"1\" data-image-meta=\"{&quot;aperture&quot;:&quot;0&quot;,&quot;credit&quot;:&quot;&quot;,&quot;camera&quot;:&quot;&quot;,&quot;caption&quot;:&quot;&quot;,&quot;created_timestamp&quot;:&quot;0&quot;,&quot;copyright&quot;:&quot;&quot;,&quot;focal_length&quot;:&quot;0&quot;,&quot;iso&quot;:&quot;0&quot;,&quot;shutter_speed&quot;:&quot;0&quot;,&quot;title&quot;:&quot;&quot;,&quot;orientation&quot;:&quot;0&quot;}\" data-image-title=\"protesta-e-metes15\" data-image-description=\"\" data-image-caption=\"\" data-medium-file=\"https:\/\/i0.wp.com\/www.shqiperia.com\/blog\/wp-content\/uploads\/2020\/03\/protesta-e-metes15.jpg?fit=300%2C142&amp;ssl=1\" data-large-file=\"https:\/\/i0.wp.com\/www.shqiperia.com\/blog\/wp-content\/uploads\/2020\/03\/protesta-e-metes15.jpg?fit=1024%2C486&amp;ssl=1\" class=\"alignnone  wp-image-32025\" alt=\"\" src=\"https:\/\/i0.wp.com\/www.shqiperia.com\/blog\/wp-content\/uploads\/2020\/03\/protesta-e-metes15.jpg?resize=724%2C345&#038;ssl=1\" width=\"724\" height=\"345\" srcset=\"https:\/\/i0.wp.com\/www.shqiperia.com\/blog\/wp-content\/uploads\/2020\/03\/protesta-e-metes15.jpg?resize=300%2C142&amp;ssl=1 300w, https:\/\/i0.wp.com\/www.shqiperia.com\/blog\/wp-content\/uploads\/2020\/03\/protesta-e-metes15.jpg?resize=1024%2C486&amp;ssl=1 1024w, https:\/\/i0.wp.com\/www.shqiperia.com\/blog\/wp-content\/uploads\/2020\/03\/protesta-e-metes15.jpg?resize=450%2C213&amp;ssl=1 450w, https:\/\/i0.wp.com\/www.shqiperia.com\/blog\/wp-content\/uploads\/2020\/03\/protesta-e-metes15.jpg?resize=600%2C285&amp;ssl=1 600w, https:\/\/i0.wp.com\/www.shqiperia.com\/blog\/wp-content\/uploads\/2020\/03\/protesta-e-metes15.jpg?resize=400%2C190&amp;ssl=1 400w\" sizes=\"auto, (max-width: 724px) 100vw, 724px\" \/><\/p>\n<p><strong>Manifestimi\u00a0 i Metes, nj\u00eb mision i realizuar<\/strong><\/p>\n<p>&#8211; 02\/03\/20<\/p>\n<p>Manifestimi i \u00a0thirrur nga Ilir Meta, n\u00eb mbrojtje t\u00eb Kushtetut\u00ebs, e realizoi misionin. Misioni ishte pjesmarrja. Sa njer\u00ebz do ti p\u00ebrgjigjeshin asaj thirrje, ky ishte thelbi i l\u00ebvizjes. Duhet ta pranojm\u00eb q\u00eb n\u00eb krye, ne nuk kemi nj\u00eb shoq\u00ebri, dhe nuk kemi nj\u00eb popull q\u00eb nuk e z\u00eb gjumi p\u00ebr Kushtetut\u00ebn. Dhe kjo, jo vet\u00ebm p\u00ebr ne, po edhe p\u00ebr rajonin me siguri, dhe m\u00eb gj\u00ebr\u00eb.<\/p>\n<p>Por qytetar\u00ebt e ndjejn\u00eb mir\u00eb, dhe e ndjejn\u00eb t\u00eb par\u00ebt kur nj\u00eb qeveri merr gjithnj\u00eb e m\u00eb shum\u00eb pushtet, b\u00ebhet represive, sunduese, arbitrare, dhe kuptohet arrogante e fodulle deri n\u00eb skaj.<\/p>\n<p>N\u00eb k\u00ebt\u00eb cik\u00ebl ka hyr\u00eb thell\u00eb rilindja, dhe kan\u00eb ata aq shum\u00eb vet\u00ebk\u00ebnaq\u00ebsi sa nuk jan\u00eb m\u00eb n\u00eb gjendje t\u00eb dallojn\u00eb asnj\u00eb lloj teprimi q\u00eb b\u00ebjn\u00eb \u00e7do dit\u00eb, me m\u00ebnyr\u00ebn si sillen, si shfaqen n\u00eb publik e si tjerrin propagand\u00ebn e tyre tashm\u00eb t\u00eb neveritshme.<\/p>\n<p>D\u00ebshmia m\u00eb e fresk\u00ebt \u00ebsht\u00eb kongresi i tyre 3 ditor. Asnj\u00eb analiz\u00eb, asnj\u00eb fjal\u00eb p\u00ebr bilancin e munduar, asnj\u00eb projekt, asnj\u00eb ide, asnj\u00eb reflektim, asnj\u00eb mea-kulpa p\u00ebr mosmbajtje premtimesh, asnj\u00eb llogaridh\u00ebnie. Asgj\u00eb e ngjashme me k\u00ebto. Vet\u00ebm mburrje e mburrje pa fund, p\u00ebr ata vet\u00eb dhe skenderbeun e tyre, dhe kuptohet sulme t\u00eb shpifura e t\u00eb pandalshme ndaj kujtdo q\u00eb nuk \u00ebsht\u00eb me ta.<\/p>\n<p>Kjo, nj\u00eb sjellje tipike satrap\u00ebsh lindor\u00eb, sikur ata sapo kan\u00eb mb\u00ebrritur me trenin e m\u00ebngjesit n\u00eb Shqip\u00ebri dhe kan\u00eb bekimin e perendis\u00eb, dhe jo si\u00e7 \u00ebsht\u00eb e v\u00ebrteta, q\u00eb prej 7 vitesh kan\u00eb n\u00eb duar \u00e7do gj\u00eb n\u00eb k\u00ebt\u00eb vend, edhe pushtetet q\u00eb nuk u takojn\u00eb e p\u00ebr t\u00eb cilat nuk jan\u00eb votuar.<\/p>\n<p>Prania masive e njer\u00ebzve sot n\u00eb shesh, ishte mesazhi.<\/p>\n<p>Njer\u00ebzit nuk jan\u00eb dakort me qeverisjen, me stilin, me k\u00ebt\u00eb m\u00ebnyr\u00eb t\u00eb sjelluri, dhe ve\u00e7an\u00ebrisht me arroganc\u00ebn e pashoqe. Nuk jan\u00eb dakort q\u00eb nj\u00eb qeveri q\u00eb keqqeveris, jo vet\u00ebm t\u2019i shp\u00ebtoj\u00eb kontrollit e konestimit publik, por t\u00eb rr\u00ebmbej\u00eb secilin institucion e \u00e7do zyr\u00eb n\u00eb vend.<\/p>\n<p>Me gjith\u00eb mpirjen masive t\u00eb shoq\u00ebris\u00eb, kjo nj\u00eb nga arsyet q\u00eb ushqen mendjeleht\u00ebsin\u00eb budallaqe t\u00eb rilindjes, ku ministrave e dinjitar\u00ebve t\u00eb lart\u00eb u \u00ebsht\u00eb mbushur rradakja se ata jan\u00eb m\u00eb t\u00eb mir\u00ebt, dhe k\u00ebt\u00eb e kan\u00eb ngulit n\u00eb kok\u00eb edhe pse vjedhin e abuzojn\u00eb gjith\u00eb dit\u00ebn me pushtetin, me gjith\u00eb apatin\u00eb n\u00eb p\u00ebrgjith\u00ebsi, munges\u00ebn e besimit, fatalitetin se ky vend nuk b\u00ebhet, njer\u00ebzit sot reaguan.<\/p>\n<p>Ky ishte mesazhi, ky ishte misioni. I realizuar.<\/p>\n<p>Thirrjen e b\u00ebri Ilir Meta, por popullin p\u00ebr t\u2019u ngritur e ka b\u00ebr\u00eb gati Edi Rama. E ka b\u00ebr\u00eb gati me keqqeverisjen e tij 7 vje\u00e7are, e ka b\u00ebr\u00eb gati ai bashk\u00eb me elisat e taulant\u00ebt e skot\u00ebn e mbrojt\u00ebsve publik\u00eb q\u00eb ka, me arroganc\u00ebn si tipar kryesor, me elitizmin fals e luksin q\u00eb i rrethon, \u00e7ka i ka thyer n\u00eb portretet m\u00eb t\u00eb paduruesh\u00ebm n\u00eb republik\u00eb.<\/p>\n<p>E sigurt\u00eb \u00ebsht\u00eb nj\u00eb gj\u00eb. Duke nisur qysh sonte, sapo t\u00eb mbaroj\u00eb ky manifestim, p\u00ebrgjigja e qeveris\u00eb do t\u00eb jet\u00eb e zakonshmja. Do ket\u00eb reagime ironike, shpotit\u00ebse, tall\u00ebse nga kasnec\u00ebt e rilindjes, dhe askush nuk do t\u00eb ulet t\u00eb mendoj\u00eb, t\u2019i v\u00ebri gishtin kok\u00ebs, se p\u00ebrse kaq shum\u00eb njer\u00ebz u mblodh\u00ebn sonte n\u00eb at\u00eb shesh, kur dihet se nuk ishte Partia Demokratike, ajo q\u00eb mbush bulevardet, motorri i manifestimit.<\/p>\n<p>P\u00ebrgjigja e qeveris\u00eb, do t\u00eb jet\u00eb p\u00ebrgjigja e nj\u00eb sekti q\u00eb refuzon t\u00eb d\u00ebgjoj\u00eb, e nj\u00eb sekti q\u00eb ka d\u00ebshir\u00eb t\u00eb posht\u00ebroj\u00eb, t\u00eb sulmoj\u00eb e t\u00eb sundoj\u00eb, k\u00ebdo q\u00eb nuk mendon si ata, me \u00e7do lloj metode, edhe me ato t\u00eb sigurimit t\u00eb shtetit.<\/p>\n<p>Dhe sigurisht, p\u00ebrgjigja e qeveris\u00eb, do t\u00eb jet\u00eb arsyeja e fort\u00eb dhe q\u00ebn\u00ebsore, p\u00ebr t\u00eb dal\u00eb s\u00ebrish n\u00eb shesh.<\/p>\n<p>Mapo.al<\/p>\n","protected":false},"excerpt":{"rendered":"<p>Manifestimi\u00a0 i Metes, nj\u00eb mision i realizuar &#8211; 02\/03\/20 Manifestimi i \u00a0thirrur nga Ilir Meta, n\u00eb mbrojtje t\u00eb Kushtetut\u00ebs, e realizoi misionin. Misioni ishte pjesmarrja. Sa njer\u00ebz do ti p\u00ebrgjigjeshin asaj thirrje, ky ishte thelbi i l\u00ebvizjes. Duhet ta pranojm\u00eb q\u00eb n\u00eb krye, ne nuk kemi nj\u00eb shoq\u00ebri, dhe nuk kemi nj\u00eb popull q\u00eb nuk [&hellip;]<\/p>\n","protected":false},"author":9,"featured_media":32025,"comment_status":"open","ping_status":"open","sticky":false,"template":"","format":"standard","meta":{"jetpack_post_was_ever_published":false,"_jetpack_newsletter_access":"","_jetpack_dont_email_post_to_subs":false,"_jetpack_newsletter_tier_id":0,"_jetpack_memberships_contains_paywalled_content":false,"_jetpack_memberships_contains_paid_content":false,"footnotes":"","jetpack_publicize_message":"","jetpack_publicize_feature_enabled":true,"jetpack_social_post_already_shared":true,"jetpack_social_options":{"image_generator_settings":{"template":"highway","default_image_id":0,"font":"","enabled":false},"version":2}},"categories":[27,2],"tags":[],"class_list":["post-32024","post","type-post","status-publish","format-standard","has-post-thumbnail","hentry","category-blogu-i-udhetarit","category-politika"],"jetpack_publicize_connections":[],"jetpack_featured_media_url":"https:\/\/i0.wp.com\/www.shqiperia.com\/blog\/wp-content\/uploads\/2020\/03\/protesta-e-metes15.jpg?fit=1280%2C607&ssl=1","jetpack_sharing_enabled":true,"jetpack_shortlink":"https:\/\/wp.me\/p5Z6wp-8kw","jetpack-related-posts":[{"id":32027,"url":"https:\/\/www.shqiperia.com\/blog\/mbi-100-mije-ne-bulevard-ilir-meta-fjalim-madheshtor\/","url_meta":{"origin":32024,"position":0},"title":"Mbi 100 mij\u00eb n\u00eb bulevard, Ilir Meta fjalim madh\u00ebshtor","author":"Kurt Farka","date":"March 4, 2020","format":false,"excerpt":"Mbi 100 mij\u00eb n\u00eb bulevard, Ilir Meta fjalim madh\u00ebshtor Thjesht me nj\u00eb fjal\u00eb, dje ishte dit\u00eb madh\u00ebshtore p\u00ebr Republik\u00ebn 03\/03\/2020 Nga Mili Xhani Presidenti premtoi publikisht dhe solemnisht se pas 15 marsit do t\u00eb shp\u00ebrndaj\u00eb parlamentin e turpit, parlament q\u00eb mbetet nj\u00eb nd\u00ebr njollat m\u00eb t\u00eb zez\u00eb t\u00eb historis\u00eb politike\u2026","rel":"","context":"In &quot;Blogu i Udh\u00ebtarit&quot;","block_context":{"text":"Blogu i Udh\u00ebtarit","link":"https:\/\/www.shqiperia.com\/blog\/category\/blogu-i-udhetarit\/"},"img":{"alt_text":"","src":"https:\/\/i0.wp.com\/www.shqiperia.com\/blog\/wp-content\/uploads\/2020\/03\/Manifestimi-Meta-9.jpeg?fit=1200%2C800&ssl=1&resize=350%2C200","width":350,"height":200,"srcset":"https:\/\/i0.wp.com\/www.shqiperia.com\/blog\/wp-content\/uploads\/2020\/03\/Manifestimi-Meta-9.jpeg?fit=1200%2C800&ssl=1&resize=350%2C200 1x, https:\/\/i0.wp.com\/www.shqiperia.com\/blog\/wp-content\/uploads\/2020\/03\/Manifestimi-Meta-9.jpeg?fit=1200%2C800&ssl=1&resize=525%2C300 1.5x, https:\/\/i0.wp.com\/www.shqiperia.com\/blog\/wp-content\/uploads\/2020\/03\/Manifestimi-Meta-9.jpeg?fit=1200%2C800&ssl=1&resize=700%2C400 2x, https:\/\/i0.wp.com\/www.shqiperia.com\/blog\/wp-content\/uploads\/2020\/03\/Manifestimi-Meta-9.jpeg?fit=1200%2C800&ssl=1&resize=1050%2C600 3x"},"classes":[]},{"id":32016,"url":"https:\/\/www.shqiperia.com\/blog\/dw-ultimatumi-prej-dy-javesh-per-shperndarje-parlamenti-manifestimi-ne-tirane-dhe-cfare-kerkojne-qytetaret\/","url_meta":{"origin":32024,"position":1},"title":"DW: Ultimatumi prej dy jav\u00ebsh p\u00ebr shp\u00ebrndarje Parlamenti. Manifestimi n\u00eb Tiran\u00eb dhe \u00e7far\u00eb k\u00ebrkojn\u00eb qytetar\u00ebt,","author":"Kurt Farka","date":"March 3, 2020","format":false,"excerpt":"DW: Ultimatumi prej dy jav\u00ebsh p\u00ebr shp\u00ebrndarje Parlamenti. Manifestimi n\u00eb Tiran\u00eb dhe \u00e7far\u00eb k\u00ebrkojn\u00eb qytetar\u00ebt, 3 mars 2020 Mbyllet pa incidente manifestimi n\u00eb Tiran\u00eb p\u00ebr mbrojtjen e Kushtetut\u00ebs. Presidenti Meta dhe opozita hodh\u00ebn akuza t\u00eb r\u00ebnda ndaj qeveris\u00eb n\u00eb Shqip\u00ebri. Presidenti i Shqip\u00ebris\u00eb, Ilir Meta k\u00ebrc\u00ebnon me shp\u00ebrndarje t\u00eb Parlamentit.\u2026","rel":"","context":"In &quot;Blogu i Udh\u00ebtarit&quot;","block_context":{"text":"Blogu i Udh\u00ebtarit","link":"https:\/\/www.shqiperia.com\/blog\/category\/blogu-i-udhetarit\/"},"img":{"alt_text":"","src":"https:\/\/i0.wp.com\/www.shqiperia.com\/blog\/wp-content\/uploads\/2020\/03\/Ilir-Mata.jpg?fit=700%2C394&ssl=1&resize=350%2C200","width":350,"height":200,"srcset":"https:\/\/i0.wp.com\/www.shqiperia.com\/blog\/wp-content\/uploads\/2020\/03\/Ilir-Mata.jpg?fit=700%2C394&ssl=1&resize=350%2C200 1x, https:\/\/i0.wp.com\/www.shqiperia.com\/blog\/wp-content\/uploads\/2020\/03\/Ilir-Mata.jpg?fit=700%2C394&ssl=1&resize=525%2C300 1.5x, https:\/\/i0.wp.com\/www.shqiperia.com\/blog\/wp-content\/uploads\/2020\/03\/Ilir-Mata.jpg?fit=700%2C394&ssl=1&resize=700%2C400 2x"},"classes":[]},{"id":32062,"url":"https:\/\/www.shqiperia.com\/blog\/tubimi-tregoi-se-regjimet-sfidohen-ne-rruge-dhe-jo-ne-tryeza-paqja-kerkon-burrerri-jo-squlltesi\/","url_meta":{"origin":32024,"position":2},"title":"Tubimi tregoi se regjimet sfidohen n\u00eb rrug\u00eb dhe jo n\u00eb tryeza. Paqja k\u00ebrkon burr\u00ebrri, jo squllt\u00ebsi!","author":"Kurt Farka","date":"March 5, 2020","format":false,"excerpt":"Tubimi tregoi se regjimet sfidohen n\u00eb rrug\u00eb dhe jo n\u00eb tryeza. Paqja k\u00ebrkon burr\u00ebrri, jo squllt\u00ebsi! 2 Mars, 2020 Nga Andi Bushati Bilanci Ilir Met\u00ebs n\u00eb k\u00ebt\u00eb 2 mars nuk mund t\u00eb matet me numra. Sfida e cila iu b\u00eb p\u00ebrpara k\u00ebsaj t\u00eb h\u00ebne, se sa njer\u00ebz do t\u00eb mbledh\u00eb,\u2026","rel":"","context":"In &quot;Blogu i Udh\u00ebtarit&quot;","block_context":{"text":"Blogu i Udh\u00ebtarit","link":"https:\/\/www.shqiperia.com\/blog\/category\/blogu-i-udhetarit\/"},"img":{"alt_text":"","src":"https:\/\/i0.wp.com\/www.shqiperia.com\/blog\/wp-content\/uploads\/2020\/03\/andi-bushati-dhe-mitingu-.jpg?fit=700%2C364&ssl=1&resize=350%2C200","width":350,"height":200,"srcset":"https:\/\/i0.wp.com\/www.shqiperia.com\/blog\/wp-content\/uploads\/2020\/03\/andi-bushati-dhe-mitingu-.jpg?fit=700%2C364&ssl=1&resize=350%2C200 1x, https:\/\/i0.wp.com\/www.shqiperia.com\/blog\/wp-content\/uploads\/2020\/03\/andi-bushati-dhe-mitingu-.jpg?fit=700%2C364&ssl=1&resize=525%2C300 1.5x, https:\/\/i0.wp.com\/www.shqiperia.com\/blog\/wp-content\/uploads\/2020\/03\/andi-bushati-dhe-mitingu-.jpg?fit=700%2C364&ssl=1&resize=700%2C400 2x"},"classes":[]},{"id":47463,"url":"https:\/\/www.shqiperia.com\/blog\/holokausti-ndodhi-njerezit-benin-sikur-lubonja-drejtesia-dhe-policia-asnjehere-nuk-kane-qene-kaq-te-kapura-rreth-nje-partie-cila-eshte-prova-qe-anulon-zgjedhjet\/","url_meta":{"origin":32024,"position":3},"title":"\u201cHolokausti ndodhi njer\u00ebzit b\u00ebnin sikur\u2026\u201d\/ Lubonja: Drejt\u00ebsia dhe policia asnj\u00ebher\u00eb nuk kan\u00eb qen\u00eb kaq t\u00eb kapura rreth nj\u00eb partie. &#8211; Cila \u00ebsht\u00eb prova q\u00eb anulon zgjedhjet?","author":"Kurt Farka","date":"May 13, 2021","format":false,"excerpt":"\u201cHolokausti ndodhi njer\u00ebzit b\u00ebnin sikur\u2026\u201d\/ Lubonja: Drejt\u00ebsia dhe policia asnj\u00ebher\u00eb nuk kan\u00eb qen\u00eb kaq t\u00eb kapura rreth nj\u00eb partie. Cila \u00ebsht\u00eb prova q\u00eb anulon zgjedhjet? 13 maji 2021 Analisti Fatos Lubonja e sheh situat\u00ebn n\u00eb vend drejt nj\u00eb p\u00ebrshkall\u00ebzimi t\u00eb friksh\u00ebm p\u00ebr t\u00eb gjith\u00eb shqiptar\u00ebt. Lubonja tha n\u00eb \u201cReal Story\u201d\u2026","rel":"","context":"In &quot;Blogu i Udh\u00ebtarit&quot;","block_context":{"text":"Blogu i Udh\u00ebtarit","link":"https:\/\/www.shqiperia.com\/blog\/category\/blogu-i-udhetarit\/"},"img":{"alt_text":"","src":"https:\/\/i0.wp.com\/www.shqiperia.com\/blog\/wp-content\/uploads\/2021\/05\/Fatos-lubonja.png?fit=770%2C444&ssl=1&resize=350%2C200","width":350,"height":200,"srcset":"https:\/\/i0.wp.com\/www.shqiperia.com\/blog\/wp-content\/uploads\/2021\/05\/Fatos-lubonja.png?fit=770%2C444&ssl=1&resize=350%2C200 1x, https:\/\/i0.wp.com\/www.shqiperia.com\/blog\/wp-content\/uploads\/2021\/05\/Fatos-lubonja.png?fit=770%2C444&ssl=1&resize=525%2C300 1.5x, https:\/\/i0.wp.com\/www.shqiperia.com\/blog\/wp-content\/uploads\/2021\/05\/Fatos-lubonja.png?fit=770%2C444&ssl=1&resize=700%2C400 2x"},"classes":[]},{"id":7982,"url":"https:\/\/www.shqiperia.com\/blog\/7982-2\/","url_meta":{"origin":32024,"position":4},"title":"Piramidat e Ilir\u00ebve n\u00eb Bosnj\u00eb \u2018trullosin\u2019 opinion bot\u00ebror.-","author":"Kurt Farka","date":"May 28, 2018","format":false,"excerpt":"Piramidat e Ilir\u00ebve n\u00eb Bosnj\u00eb \u2018trullosin\u2019 opinion bot\u00ebror \u2018Lugina e Piramidave\u2019 n\u00eb Bosnj\u00eb Hercegovin\u00eb vazhdon t\u00eb trondit\u00eb opinionin dhe t\u00eb t\u00ebrheq\u00eb turist\u00eb nga mbar\u00eb bota, raporton\u00a0\u201cEuroNews\u201d,\u00a0n\u00eb nj\u00eb investigim t\u00eb publikuar disa dit\u00eb m\u00eb par\u00eb Piramidat jan\u00eb nd\u00ebrtuar nga civilizimi ilir dhe duket se jan\u00eb m\u00eb t\u00eb sofistikuara se sa mund\u2026","rel":"","context":"In &quot;Blogu i Udh\u00ebtarit&quot;","block_context":{"text":"Blogu i Udh\u00ebtarit","link":"https:\/\/www.shqiperia.com\/blog\/category\/blogu-i-udhetarit\/"},"img":{"alt_text":"","src":"https:\/\/i0.wp.com\/www.shqiperia.com\/blog\/wp-content\/uploads\/2018\/05\/i_1511678280-4747544.jpg?fit=633%2C347&ssl=1&resize=350%2C200","width":350,"height":200,"srcset":"https:\/\/i0.wp.com\/www.shqiperia.com\/blog\/wp-content\/uploads\/2018\/05\/i_1511678280-4747544.jpg?fit=633%2C347&ssl=1&resize=350%2C200 1x, https:\/\/i0.wp.com\/www.shqiperia.com\/blog\/wp-content\/uploads\/2018\/05\/i_1511678280-4747544.jpg?fit=633%2C347&ssl=1&resize=525%2C300 1.5x"},"classes":[]},{"id":48144,"url":"https:\/\/www.shqiperia.com\/blog\/me-forcimin-e-eres-rritet-rreziku-per-sinoptikania-tregon-si-do-jete-moti-deri-ne-7-korrik-pse-disa-zona-e-ndjejne-me-shume-te-nxehtin\/","url_meta":{"origin":32024,"position":5},"title":"\u2018Me forcimin e er\u00ebs rritet rreziku p\u00ebr\u2026\u2019. &#8211; Sinoptikania tregon si do jet\u00eb moti deri n\u00eb 7 korrik, pse disa zona e ndjejn\u00eb m\u00eb shum\u00eb t\u00eb nxehtin","author":"Kurt Farka","date":"June 26, 2021","format":false,"excerpt":"\u2018Me forcimin e er\u00ebs rritet rreziku p\u00ebr\u2026\u2019. - Sinoptikania tregon si do jet\u00eb moti deri n\u00eb 7 korrik, pse disa zona e ndjejn\u00eb m\u00eb shum\u00eb t\u00eb nxehtin 26 qershor 2021 Lag\u00ebshtia e pranishme n\u00eb aj\u00ebr b\u00ebn q\u00eb i nxehti t\u00eb ndihet edhe m\u00eb tep\u00ebr, edhe pse sot \u00ebsht\u00eb v\u00ebn\u00eb re\u2026","rel":"","context":"In &quot;Blogu i Udh\u00ebtarit&quot;","block_context":{"text":"Blogu i Udh\u00ebtarit","link":"https:\/\/www.shqiperia.com\/blog\/category\/blogu-i-udhetarit\/"},"img":{"alt_text":"","src":"https:\/\/i0.wp.com\/www.shqiperia.com\/blog\/wp-content\/uploads\/2021\/06\/9941.jpg?fit=1024%2C513&ssl=1&resize=350%2C200","width":350,"height":200,"srcset":"https:\/\/i0.wp.com\/www.shqiperia.com\/blog\/wp-content\/uploads\/2021\/06\/9941.jpg?fit=1024%2C513&ssl=1&resize=350%2C200 1x, https:\/\/i0.wp.com\/www.shqiperia.com\/blog\/wp-content\/uploads\/2021\/06\/9941.jpg?fit=1024%2C513&ssl=1&resize=525%2C300 1.5x, https:\/\/i0.wp.com\/www.shqiperia.com\/blog\/wp-content\/uploads\/2021\/06\/9941.jpg?fit=1024%2C513&ssl=1&resize=700%2C400 2x"},"classes":[]}],"_links":{"self":[{"href":"https:\/\/www.shqiperia.com\/blog\/wp-json\/wp\/v2\/posts\/32024","targetHints":{"allow":["GET"]}}],"collection":[{"href":"https:\/\/www.shqiperia.com\/blog\/wp-json\/wp\/v2\/posts"}],"about":[{"href":"https:\/\/www.shqiperia.com\/blog\/wp-json\/wp\/v2\/types\/post"}],"author":[{"embeddable":true,"href":"https:\/\/www.shqiperia.com\/blog\/wp-json\/wp\/v2\/users\/9"}],"replies":[{"embeddable":true,"href":"https:\/\/www.shqiperia.com\/blog\/wp-json\/wp\/v2\/comments?post=32024"}],"version-history":[{"count":1,"href":"https:\/\/www.shqiperia.com\/blog\/wp-json\/wp\/v2\/posts\/32024\/revisions"}],"predecessor-version":[{"id":32026,"href":"https:\/\/www.shqiperia.com\/blog\/wp-json\/wp\/v2\/posts\/32024\/revisions\/32026"}],"wp:featuredmedia":[{"embeddable":true,"href":"https:\/\/www.shqiperia.com\/blog\/wp-json\/wp\/v2\/media\/32025"}],"wp:attachment":[{"href":"https:\/\/www.shqiperia.com\/blog\/wp-json\/wp\/v2\/media?parent=32024"}],"wp:term":[{"taxonomy":"category","embeddable":true,"href":"https:\/\/www.shqiperia.com\/blog\/wp-json\/wp\/v2\/categories?post=32024"},{"taxonomy":"post_tag","embeddable":true,"href":"https:\/\/www.shqiperia.com\/blog\/wp-json\/wp\/v2\/tags?post=32024"}],"curies":[{"name":"wp","href":"https:\/\/api.w.org\/{rel}","templated":true}]}}