{"id":32019,"date":"2020-03-03T12:57:35","date_gmt":"2020-03-03T12:57:35","guid":{"rendered":"https:\/\/www.shqiperia.com\/blog\/?p=32019"},"modified":"2020-03-03T12:57:35","modified_gmt":"2020-03-03T12:57:35","slug":"deri-ne-fund-te-shekullit-gjysma-e-plazheve-te-botes-mund-te-zhduken","status":"publish","type":"post","link":"https:\/\/www.shqiperia.com\/blog\/deri-ne-fund-te-shekullit-gjysma-e-plazheve-te-botes-mund-te-zhduken\/","title":{"rendered":"Deri n\u00eb fund t\u00eb shekullit, gjysma e plazheve t\u00eb bot\u00ebs mund t\u00eb zhduken"},"content":{"rendered":"<p><img data-recalc-dims=\"1\" loading=\"lazy\" decoding=\"async\" data-attachment-id=\"32020\" data-permalink=\"https:\/\/www.shqiperia.com\/blog\/deri-ne-fund-te-shekullit-gjysma-e-plazheve-te-botes-mund-te-zhduken\/191016104113-04-climate-change-beaches-exlarge-169\/\" data-orig-file=\"https:\/\/i0.wp.com\/www.shqiperia.com\/blog\/wp-content\/uploads\/2020\/03\/191016104113-04-climate-change-beaches-exlarge-169.jpg?fit=780%2C409&amp;ssl=1\" data-orig-size=\"780,409\" data-comments-opened=\"1\" data-image-meta=\"{&quot;aperture&quot;:&quot;0&quot;,&quot;credit&quot;:&quot;&quot;,&quot;camera&quot;:&quot;&quot;,&quot;caption&quot;:&quot;&quot;,&quot;created_timestamp&quot;:&quot;0&quot;,&quot;copyright&quot;:&quot;&quot;,&quot;focal_length&quot;:&quot;0&quot;,&quot;iso&quot;:&quot;0&quot;,&quot;shutter_speed&quot;:&quot;0&quot;,&quot;title&quot;:&quot;&quot;,&quot;orientation&quot;:&quot;0&quot;}\" data-image-title=\"191016104113-04-climate-change-beaches-exlarge-169\" data-image-description=\"\" data-image-caption=\"\" data-medium-file=\"https:\/\/i0.wp.com\/www.shqiperia.com\/blog\/wp-content\/uploads\/2020\/03\/191016104113-04-climate-change-beaches-exlarge-169.jpg?fit=300%2C157&amp;ssl=1\" data-large-file=\"https:\/\/i0.wp.com\/www.shqiperia.com\/blog\/wp-content\/uploads\/2020\/03\/191016104113-04-climate-change-beaches-exlarge-169.jpg?fit=780%2C409&amp;ssl=1\" class=\"alignnone  wp-image-32020\" alt=\"\" src=\"https:\/\/i0.wp.com\/www.shqiperia.com\/blog\/wp-content\/uploads\/2020\/03\/191016104113-04-climate-change-beaches-exlarge-169.jpg?resize=609%2C321&#038;ssl=1\" width=\"609\" height=\"321\" srcset=\"https:\/\/i0.wp.com\/www.shqiperia.com\/blog\/wp-content\/uploads\/2020\/03\/191016104113-04-climate-change-beaches-exlarge-169.jpg?resize=300%2C157&amp;ssl=1 300w, https:\/\/i0.wp.com\/www.shqiperia.com\/blog\/wp-content\/uploads\/2020\/03\/191016104113-04-climate-change-beaches-exlarge-169.jpg?resize=768%2C403&amp;ssl=1 768w, https:\/\/i0.wp.com\/www.shqiperia.com\/blog\/wp-content\/uploads\/2020\/03\/191016104113-04-climate-change-beaches-exlarge-169.jpg?resize=450%2C236&amp;ssl=1 450w, https:\/\/i0.wp.com\/www.shqiperia.com\/blog\/wp-content\/uploads\/2020\/03\/191016104113-04-climate-change-beaches-exlarge-169.jpg?resize=600%2C315&amp;ssl=1 600w, https:\/\/i0.wp.com\/www.shqiperia.com\/blog\/wp-content\/uploads\/2020\/03\/191016104113-04-climate-change-beaches-exlarge-169.jpg?resize=400%2C210&amp;ssl=1 400w\" sizes=\"auto, (max-width: 609px) 100vw, 609px\" \/><\/p>\n<p><strong>Deri n\u00eb fund t\u00eb shekullit, gjysma e plazheve t\u00eb bot\u00ebs mund t\u00eb zhduken<\/strong><\/p>\n<p><strong>3 Mars 2020 <\/strong><\/p>\n<p>Ndryshimi i klim\u00ebs paraqet nj\u00eb k\u00ebrc\u00ebnim ekzistencial p\u00ebr plazhet me r\u00ebr\u00eb t\u00eb bot\u00ebs, gjysma e t\u00eb cil\u00ebve, sipas nj\u00eb studimi t\u00eb ri, mund t\u00eb zhduken deri n\u00eb fund t\u00eb shekullit. Madje q\u00eb n\u00eb 2050-n, sipas hartuesve t\u00eb tij, disa vija bregdetare mund t\u00eb mos jen\u00eb m\u00eb ato q\u00eb njohim sot, duke qen\u00eb se p\u00ebrballen me nj\u00eb erozion t\u00eb fuqish\u00ebm.<\/p>\n<div id=\"attachment_32021\" style=\"width: 735px\" class=\"wp-caption alignnone\"><img data-recalc-dims=\"1\" loading=\"lazy\" decoding=\"async\" aria-describedby=\"caption-attachment-32021\" data-attachment-id=\"32021\" data-permalink=\"https:\/\/www.shqiperia.com\/blog\/deri-ne-fund-te-shekullit-gjysma-e-plazheve-te-botes-mund-te-zhduken\/200227184943-04-beaches-disappearing-climate-change-sea-level-rise-exlarge-169\/\" data-orig-file=\"https:\/\/i0.wp.com\/www.shqiperia.com\/blog\/wp-content\/uploads\/2020\/03\/200227184943-04-beaches-disappearing-climate-change-sea-level-rise-exlarge-169.jpg?fit=780%2C438&amp;ssl=1\" data-orig-size=\"780,438\" data-comments-opened=\"1\" data-image-meta=\"{&quot;aperture&quot;:&quot;2.2&quot;,&quot;credit&quot;:&quot;John Antczak&quot;,&quot;camera&quot;:&quot;iPhone SE&quot;,&quot;caption&quot;:&quot;In this Sunday, March 26, 2017 photo, Royal Palms Beach in the San Pedro area of Los Angeles is protected by boulders placed there to forestall erosion. A new study predicts that with limited human intervention, 31 percent to 67 percent of Southern California beaches could completely erode back to coastal infrastructure or sea cliffs by the year 2100, with sea-level rises of 3.3 feet (1 meter) to 6.5 feet (2 meters). The study released Monday, March 27, 2017, used a new computer model to predict shoreline effects caused by sea level rise and changes in storm patterns due to climate change. (AP Photo\\\/John Antczak)&quot;,&quot;created_timestamp&quot;:&quot;1490528956&quot;,&quot;copyright&quot;:&quot;Copyright 2017 The Associated Press. All rights reserved. This material may not be published, broadcast, rewritten or redistributed without permission.&quot;,&quot;focal_length&quot;:&quot;4.15&quot;,&quot;iso&quot;:&quot;25&quot;,&quot;shutter_speed&quot;:&quot;0.00049407114624506&quot;,&quot;title&quot;:&quot;&quot;,&quot;orientation&quot;:&quot;0&quot;}\" data-image-title=\"200227184943-04-beaches-disappearing-climate-change-sea-level-rise-exlarge-169\" data-image-description=\"\" data-image-caption=\"&lt;p&gt;In this Sunday, March 26, 2017 photo, Royal Palms Beach in the San Pedro area of Los Angeles is protected by boulders placed there to forestall erosion. A new study predicts that with limited human intervention, 31 percent to 67 percent of Southern California beaches could completely erode back to coastal infrastructure or sea cliffs by the year 2100, with sea-level rises of 3.3 feet (1 meter) to 6.5 feet (2 meters). The study released Monday, March 27, 2017, used a new computer model to predict shoreline effects caused by sea level rise and changes in storm patterns due to climate change. (AP Photo\/John Antczak)&lt;\/p&gt;\n\" data-medium-file=\"https:\/\/i0.wp.com\/www.shqiperia.com\/blog\/wp-content\/uploads\/2020\/03\/200227184943-04-beaches-disappearing-climate-change-sea-level-rise-exlarge-169.jpg?fit=300%2C168&amp;ssl=1\" data-large-file=\"https:\/\/i0.wp.com\/www.shqiperia.com\/blog\/wp-content\/uploads\/2020\/03\/200227184943-04-beaches-disappearing-climate-change-sea-level-rise-exlarge-169.jpg?fit=780%2C438&amp;ssl=1\" class=\" wp-image-32021\" alt=\"\" src=\"https:\/\/i0.wp.com\/www.shqiperia.com\/blog\/wp-content\/uploads\/2020\/03\/200227184943-04-beaches-disappearing-climate-change-sea-level-rise-exlarge-169.jpg?resize=725%2C406&#038;ssl=1\" width=\"725\" height=\"406\" srcset=\"https:\/\/i0.wp.com\/www.shqiperia.com\/blog\/wp-content\/uploads\/2020\/03\/200227184943-04-beaches-disappearing-climate-change-sea-level-rise-exlarge-169.jpg?resize=300%2C168&amp;ssl=1 300w, https:\/\/i0.wp.com\/www.shqiperia.com\/blog\/wp-content\/uploads\/2020\/03\/200227184943-04-beaches-disappearing-climate-change-sea-level-rise-exlarge-169.jpg?resize=768%2C431&amp;ssl=1 768w, https:\/\/i0.wp.com\/www.shqiperia.com\/blog\/wp-content\/uploads\/2020\/03\/200227184943-04-beaches-disappearing-climate-change-sea-level-rise-exlarge-169.jpg?resize=450%2C253&amp;ssl=1 450w, https:\/\/i0.wp.com\/www.shqiperia.com\/blog\/wp-content\/uploads\/2020\/03\/200227184943-04-beaches-disappearing-climate-change-sea-level-rise-exlarge-169.jpg?resize=600%2C337&amp;ssl=1 600w, https:\/\/i0.wp.com\/www.shqiperia.com\/blog\/wp-content\/uploads\/2020\/03\/200227184943-04-beaches-disappearing-climate-change-sea-level-rise-exlarge-169.jpg?resize=400%2C225&amp;ssl=1 400w, https:\/\/i0.wp.com\/www.shqiperia.com\/blog\/wp-content\/uploads\/2020\/03\/200227184943-04-beaches-disappearing-climate-change-sea-level-rise-exlarge-169.jpg?w=780&amp;ssl=1 780w\" sizes=\"auto, (max-width: 725px) 100vw, 725px\" \/><p id=\"caption-attachment-32021\" class=\"wp-caption-text\">In this Sunday, March 26, 2017 photo, Royal Palms Beach in the San Pedro area of Los Angeles is protected by boulders placed there to forestall erosion. A new study predicts that with limited human intervention, 31 percent to 67 percent of Southern California beaches could completely erode back to coastal infrastructure or sea cliffs by the year 2100, with sea-level rises of 3.3 feet (1 meter) to 6.5 feet (2 meters). The study released Monday, March 27, 2017, used a new computer model to predict shoreline effects caused by sea level rise and changes in storm patterns due to climate change. (AP Photo\/John Antczak)<\/p><\/div>\n<p>Niveli i plazheve t\u00eb humbura do t\u00eb ndryshoj\u00eb sipas vendndodhjes, megjithat\u00eb studimi tregon se shum\u00eb zona me popullsi t\u00eb dendur,\u00a0p\u00ebrfshir\u00eb ato p\u00ebrgjat\u00eb Bregut Lindor t\u00eb SHBA-s\u00eb, Azis\u00eb s\u00eb Jugut dhe Europ\u00ebs Qendrore, deri n\u00eb vitin 2100 mund ta shohin ujin t\u00eb gllab\u00ebroj\u00eb deri n\u00eb 100 metra tok\u00eb.<\/p>\n<p>\u201cN\u00ebse kalohet niveli i 100 metrave, ka shum\u00eb t\u00eb ngjar\u00eb q\u00eb plazhi t\u00eb zhduket, sepse plot plazhe n\u00ebp\u00ebr bot\u00eb jan\u00eb edhe m\u00eb t\u00eb vogla se kaq\u201d, tha Michalis Vousdoukas, oqeanograf dhe zyrtar shkencor pran\u00eb Komisionit Europian, i cili \u00ebsht\u00eb dhe autor kryesor i studimit.<\/p>\n<p>\u201cN\u00eb nj\u00eb far\u00eb m\u00ebnyre, ne e konsiderojm\u00eb k\u00ebt\u00eb si nj\u00eb vler\u00ebsim konservator,\u201c shprehet ai. Studimi u botua n\u00eb revist\u00ebn shkencore \u201cJournal Nature Climate Change\u201d dhe u realizua nga shkenc\u00ebtar\u00eb t\u00eb Qendr\u00ebs s\u00eb P\u00ebrbashk\u00ebt k\u00ebrkimore t\u00eb BE-s\u00eb, si dhe universitete n\u00eb Spanj\u00eb, Portugali dhe Holand\u00eb.<\/p>\n<p>Duke p\u00ebrdorur projeksionet e p\u00ebrdit\u00ebsuara t\u00eb rritjes s\u00eb nivelit t\u00eb detit, studiuesit analizuan se \u00e7far\u00eb do t\u00eb ndodh\u00eb me plazhet n\u00eb nj\u00eb bot\u00eb ku deti \u00ebsht\u00eb m\u00eb i lart\u00eb dhe stuhit\u00eb, m\u00eb t\u00eb dhunshme e shkat\u00ebrruese. Ata mor\u00ebn n\u00eb konsiderat\u00eb dhe procese natyrore si erozioni I dallg\u00ebve apo gjeologjia e vet\u00eb plazhit, si dhe faktor\u00ebt njer\u00ebzor\u00eb p\u00ebrfshir\u00eb nd\u00ebrtimet n\u00eb zonat bregdetare apo digat.<\/p>\n<p><img data-recalc-dims=\"1\" loading=\"lazy\" decoding=\"async\" data-attachment-id=\"32022\" data-permalink=\"https:\/\/www.shqiperia.com\/blog\/deri-ne-fund-te-shekullit-gjysma-e-plazheve-te-botes-mund-te-zhduken\/191016103716-01-climate-change-beaches-exlarge-169\/\" data-orig-file=\"https:\/\/i0.wp.com\/www.shqiperia.com\/blog\/wp-content\/uploads\/2020\/03\/191016103716-01-climate-change-beaches-exlarge-169.jpg?fit=780%2C438&amp;ssl=1\" data-orig-size=\"780,438\" data-comments-opened=\"1\" data-image-meta=\"{&quot;aperture&quot;:&quot;0&quot;,&quot;credit&quot;:&quot;JIM WATSON&quot;,&quot;camera&quot;:&quot;&quot;,&quot;caption&quot;:&quot;&quot;,&quot;created_timestamp&quot;:&quot;0&quot;,&quot;copyright&quot;:&quot;&quot;,&quot;focal_length&quot;:&quot;0&quot;,&quot;iso&quot;:&quot;0&quot;,&quot;shutter_speed&quot;:&quot;0&quot;,&quot;title&quot;:&quot;&quot;,&quot;orientation&quot;:&quot;0&quot;}\" data-image-title=\"191016103716-01-climate-change-beaches-exlarge-169\" data-image-description=\"\" data-image-caption=\"\" data-medium-file=\"https:\/\/i0.wp.com\/www.shqiperia.com\/blog\/wp-content\/uploads\/2020\/03\/191016103716-01-climate-change-beaches-exlarge-169.jpg?fit=300%2C168&amp;ssl=1\" data-large-file=\"https:\/\/i0.wp.com\/www.shqiperia.com\/blog\/wp-content\/uploads\/2020\/03\/191016103716-01-climate-change-beaches-exlarge-169.jpg?fit=780%2C438&amp;ssl=1\" class=\"alignnone  wp-image-32022\" alt=\"\" src=\"https:\/\/i0.wp.com\/www.shqiperia.com\/blog\/wp-content\/uploads\/2020\/03\/191016103716-01-climate-change-beaches-exlarge-169.jpg?resize=782%2C438&#038;ssl=1\" width=\"782\" height=\"438\" srcset=\"https:\/\/i0.wp.com\/www.shqiperia.com\/blog\/wp-content\/uploads\/2020\/03\/191016103716-01-climate-change-beaches-exlarge-169.jpg?resize=300%2C168&amp;ssl=1 300w, https:\/\/i0.wp.com\/www.shqiperia.com\/blog\/wp-content\/uploads\/2020\/03\/191016103716-01-climate-change-beaches-exlarge-169.jpg?resize=768%2C431&amp;ssl=1 768w, https:\/\/i0.wp.com\/www.shqiperia.com\/blog\/wp-content\/uploads\/2020\/03\/191016103716-01-climate-change-beaches-exlarge-169.jpg?resize=450%2C253&amp;ssl=1 450w, https:\/\/i0.wp.com\/www.shqiperia.com\/blog\/wp-content\/uploads\/2020\/03\/191016103716-01-climate-change-beaches-exlarge-169.jpg?resize=600%2C337&amp;ssl=1 600w, https:\/\/i0.wp.com\/www.shqiperia.com\/blog\/wp-content\/uploads\/2020\/03\/191016103716-01-climate-change-beaches-exlarge-169.jpg?resize=400%2C225&amp;ssl=1 400w, https:\/\/i0.wp.com\/www.shqiperia.com\/blog\/wp-content\/uploads\/2020\/03\/191016103716-01-climate-change-beaches-exlarge-169.jpg?w=780&amp;ssl=1 780w\" sizes=\"auto, (max-width: 782px) 100vw, 782px\" \/><\/p>\n<p><strong>\u00a9Copyright Gazeta SHQIP<\/strong><\/p>\n","protected":false},"excerpt":{"rendered":"<p>Deri n\u00eb fund t\u00eb shekullit, gjysma e plazheve t\u00eb bot\u00ebs mund t\u00eb zhduken 3 Mars 2020 Ndryshimi i klim\u00ebs paraqet nj\u00eb k\u00ebrc\u00ebnim ekzistencial p\u00ebr plazhet me r\u00ebr\u00eb t\u00eb bot\u00ebs, gjysma e t\u00eb cil\u00ebve, sipas nj\u00eb studimi t\u00eb ri, mund t\u00eb zhduken deri n\u00eb fund t\u00eb shekullit. Madje q\u00eb n\u00eb 2050-n, sipas hartuesve t\u00eb tij, disa [&hellip;]<\/p>\n","protected":false},"author":9,"featured_media":32020,"comment_status":"open","ping_status":"open","sticky":false,"template":"","format":"standard","meta":{"jetpack_post_was_ever_published":false,"_jetpack_newsletter_access":"","_jetpack_dont_email_post_to_subs":false,"_jetpack_newsletter_tier_id":0,"_jetpack_memberships_contains_paywalled_content":false,"_jetpack_memberships_contains_paid_content":false,"footnotes":"","jetpack_publicize_message":"","jetpack_publicize_feature_enabled":true,"jetpack_social_post_already_shared":true,"jetpack_social_options":{"image_generator_settings":{"template":"highway","default_image_id":0,"font":"","enabled":false},"version":2}},"categories":[27,35],"tags":[],"class_list":["post-32019","post","type-post","status-publish","format-standard","has-post-thumbnail","hentry","category-blogu-i-udhetarit","category-shoqerore"],"jetpack_publicize_connections":[],"jetpack_featured_media_url":"https:\/\/i0.wp.com\/www.shqiperia.com\/blog\/wp-content\/uploads\/2020\/03\/191016104113-04-climate-change-beaches-exlarge-169.jpg?fit=780%2C409&ssl=1","jetpack_sharing_enabled":true,"jetpack_shortlink":"https:\/\/wp.me\/p5Z6wp-8kr","jetpack-related-posts":[{"id":48149,"url":"https:\/\/www.shqiperia.com\/blog\/do-zhduken-qytete-vjen-paralajmerimi-nga-shkencetaret-cfare-do-te-ndodhe-me-token\/","url_meta":{"origin":32019,"position":0},"title":"&#8220;Do zhduken qytete&#8230;&#8221;. &#8211;\u00a0 Vjen paralajm\u00ebrimi nga shkenc\u00ebtar\u00ebt: &#8211; \u00c7far\u00eb do t\u00eb ndodh\u00eb me Tok\u00ebn","author":"Kurt Farka","date":"June 26, 2021","format":false,"excerpt":"\"Do zhduken qytete...\". -\u00a0 Vjen paralajm\u00ebrimi nga shkenc\u00ebtar\u00ebt: - \u00c7far\u00eb do t\u00eb ndodh\u00eb me Tok\u00ebn 26 QERSHOR 2021 Qytetet m\u00eb t\u00eb m\u00ebdha bregdetare n\u00eb bot\u00eb rrezikojn\u00eb t\u00eb zhduken p\u00ebr shkak t\u00eb ndryshimit t\u00eb klim\u00ebs, sipas panelit k\u00ebshillues t\u00eb KB p\u00ebr shkenc\u00ebn klimatike. Nj\u00eb draft raport i pabotuar, par\u00eb ekskluzivisht nga\u2026","rel":"","context":"In &quot;Njoftime Shtypi&quot;","block_context":{"text":"Njoftime Shtypi","link":"https:\/\/www.shqiperia.com\/blog\/category\/njoftime-shtypi\/"},"img":{"alt_text":"","src":"https:\/\/i0.wp.com\/www.shqiperia.com\/blog\/wp-content\/uploads\/2021\/06\/800-0-86bf8411c929f2a342abab6ae4a6c63d.jpeg?fit=755%2C401&ssl=1&resize=350%2C200","width":350,"height":200,"srcset":"https:\/\/i0.wp.com\/www.shqiperia.com\/blog\/wp-content\/uploads\/2021\/06\/800-0-86bf8411c929f2a342abab6ae4a6c63d.jpeg?fit=755%2C401&ssl=1&resize=350%2C200 1x, https:\/\/i0.wp.com\/www.shqiperia.com\/blog\/wp-content\/uploads\/2021\/06\/800-0-86bf8411c929f2a342abab6ae4a6c63d.jpeg?fit=755%2C401&ssl=1&resize=525%2C300 1.5x, https:\/\/i0.wp.com\/www.shqiperia.com\/blog\/wp-content\/uploads\/2021\/06\/800-0-86bf8411c929f2a342abab6ae4a6c63d.jpeg?fit=755%2C401&ssl=1&resize=700%2C400 2x"},"classes":[]},{"id":95674,"url":"https:\/\/www.shqiperia.com\/blog\/studimi-paralajmeron-katastrofen-masive-4000-akullnaja-mund-te-zhduken-cdo-vit\/","url_meta":{"origin":32019,"position":1},"title":"Studimi paralajm\u00ebron katastrof\u00ebn masive: 4,000 akullnaja mund t\u00eb zhduken \u00e7do vit","author":"Kurt Farka","date":"December 18, 2025","format":false,"excerpt":"18 Dhjetor 2028 Ngrohja globale po shtyn bot\u00ebn drejt zhdukjes masive t\u00eb akullnajave. Shkenc\u00ebtar\u00ebt po flasin p\u00ebr nj\u00eb pik\u00eb pa kthim p\u00ebr planetin kur thon\u00eb se deri n\u00eb 4,000 akullnaja mund t\u00eb zhduken \u00e7do vit. Ndryshimet klimatike nuk po shkrijn\u00eb m\u00eb thjesht akullnajat, po i fshijn\u00eb ato nga harta e\u2026","rel":"","context":"In &quot;Blogu i Udh\u00ebtarit&quot;","block_context":{"text":"Blogu i Udh\u00ebtarit","link":"https:\/\/www.shqiperia.com\/blog\/category\/blogu-i-udhetarit\/"},"img":{"alt_text":"","src":"https:\/\/i0.wp.com\/www.shqiperia.com\/blog\/wp-content\/uploads\/2025\/12\/640-0-8a9dc66e1745637e7cc45af7530a9197.png?fit=640%2C336&ssl=1&resize=350%2C200","width":350,"height":200,"srcset":"https:\/\/i0.wp.com\/www.shqiperia.com\/blog\/wp-content\/uploads\/2025\/12\/640-0-8a9dc66e1745637e7cc45af7530a9197.png?fit=640%2C336&ssl=1&resize=350%2C200 1x, https:\/\/i0.wp.com\/www.shqiperia.com\/blog\/wp-content\/uploads\/2025\/12\/640-0-8a9dc66e1745637e7cc45af7530a9197.png?fit=640%2C336&ssl=1&resize=525%2C300 1.5x"},"classes":[]},{"id":58128,"url":"https:\/\/www.shqiperia.com\/blog\/raporti-i-okb-10-e-specieve-te-mesdheut-zhduken-deri-ne-2050-en\/","url_meta":{"origin":32019,"position":2},"title":"Raporti i OKB: &#8211; 10% e specieve t\u00eb Mesdheut zhduken deri n\u00eb 2050-\u00ebn","author":"Kurt Farka","date":"May 25, 2022","format":false,"excerpt":"24 Maji 2022 10% e specieve t\u00eb Mesdheut do t\u00eb zhduken deri n\u00eb vitin 2050. Nj\u00eb raport i fundit i Panelit Nd\u00ebrqeveritar mbi Ndryshimet Klimaterike n\u00eb OKB vler\u00ebson se ndryshimi i temperatur\u00ebs n\u00eb k\u00ebt\u00eb shekull do t\u00eb jap\u00eb pasoja imediate dhe konkrete n\u00eb popullsit\u00eb e detit kryesor t\u00eb bot\u00ebs. \u201cDeri\u2026","rel":"","context":"In &quot;Blogu i Udh\u00ebtarit&quot;","block_context":{"text":"Blogu i Udh\u00ebtarit","link":"https:\/\/www.shqiperia.com\/blog\/category\/blogu-i-udhetarit\/"},"img":{"alt_text":"","src":"https:\/\/i0.wp.com\/www.shqiperia.com\/blog\/wp-content\/uploads\/2022\/05\/Raporti-i-OKB-10-e-specieve-te-Mesdheut-zhduken-deri-ne-2050-en.jpg?fit=1200%2C565&ssl=1&resize=350%2C200","width":350,"height":200,"srcset":"https:\/\/i0.wp.com\/www.shqiperia.com\/blog\/wp-content\/uploads\/2022\/05\/Raporti-i-OKB-10-e-specieve-te-Mesdheut-zhduken-deri-ne-2050-en.jpg?fit=1200%2C565&ssl=1&resize=350%2C200 1x, https:\/\/i0.wp.com\/www.shqiperia.com\/blog\/wp-content\/uploads\/2022\/05\/Raporti-i-OKB-10-e-specieve-te-Mesdheut-zhduken-deri-ne-2050-en.jpg?fit=1200%2C565&ssl=1&resize=525%2C300 1.5x, https:\/\/i0.wp.com\/www.shqiperia.com\/blog\/wp-content\/uploads\/2022\/05\/Raporti-i-OKB-10-e-specieve-te-Mesdheut-zhduken-deri-ne-2050-en.jpg?fit=1200%2C565&ssl=1&resize=700%2C400 2x, https:\/\/i0.wp.com\/www.shqiperia.com\/blog\/wp-content\/uploads\/2022\/05\/Raporti-i-OKB-10-e-specieve-te-Mesdheut-zhduken-deri-ne-2050-en.jpg?fit=1200%2C565&ssl=1&resize=1050%2C600 3x"},"classes":[]},{"id":81262,"url":"https:\/\/www.shqiperia.com\/blog\/rrezikojne-te-zhduken-sot-dita-boterore-e-breshkave-te-detit\/","url_meta":{"origin":32019,"position":3},"title":"Rrezikojn\u00eb t\u00eb zhduken, sot, Dita Bot\u00ebrore e Breshkave t\u00eb Detit","author":"Kurt Farka","date":"May 23, 2024","format":false,"excerpt":"23 Maji 2024 N\u00eb mesin e organizmave q\u00eb n\u00eb t\u00eb ardhmen e af\u00ebrt rrezikojn\u00eb t\u00eb zhduken p\u00ebrgjithmon\u00eb nga detet tona, \u00ebsht\u00eb edhe breshka, specie t\u00eb cil\u00ebs i \u00ebsht\u00eb dedikuar \u00e7do vit, data 23 maj. Dita Bot\u00ebrore e Breshkave t\u00eb Detit k\u00ebt\u00eb vit v\u00eb theksin tek ndotja, aktivitetet njer\u00ebzore dhe shfryt\u00ebzimi\u2026","rel":"","context":"In &quot;Blogu i Udh\u00ebtarit&quot;","block_context":{"text":"Blogu i Udh\u00ebtarit","link":"https:\/\/www.shqiperia.com\/blog\/category\/blogu-i-udhetarit\/"},"img":{"alt_text":"","src":"https:\/\/i0.wp.com\/www.shqiperia.com\/blog\/wp-content\/uploads\/2024\/05\/piccola_caretta-1024x718-1-696x488-1-642x450-1.jpg?fit=642%2C450&ssl=1&resize=350%2C200","width":350,"height":200,"srcset":"https:\/\/i0.wp.com\/www.shqiperia.com\/blog\/wp-content\/uploads\/2024\/05\/piccola_caretta-1024x718-1-696x488-1-642x450-1.jpg?fit=642%2C450&ssl=1&resize=350%2C200 1x, https:\/\/i0.wp.com\/www.shqiperia.com\/blog\/wp-content\/uploads\/2024\/05\/piccola_caretta-1024x718-1-696x488-1-642x450-1.jpg?fit=642%2C450&ssl=1&resize=525%2C300 1.5x"},"classes":[]},{"id":54019,"url":"https:\/\/www.shqiperia.com\/blog\/deputeti-i-pd-leshon-paralajmerimin-e-forte-nese-spak-i-shkon-ne-fund-hetimit-per-inceneratoret-digjet-gjysma-e\/","url_meta":{"origin":32019,"position":4},"title":"Deputeti i PD l\u00ebshon paralajm\u00ebrimin e fort\u00eb: N\u00ebse SPAK i shkon n\u00eb fund hetimit p\u00ebr incenerator\u00ebt, \u201cdigjet\u201d gjysma e&#8230;","author":"Kurt Farka","date":"February 15, 2022","format":false,"excerpt":"Deputeti i PD l\u00ebshon paralajm\u00ebrimin e fort\u00eb: N\u00ebse SPAK i shkon n\u00eb fund hetimit p\u00ebr incenerator\u00ebt, \u201cdigjet\u201d gjysma e... 15 SHKURT 2022 \u2026\u201d Un\u00eb se kam kuptuar sesi ministria e Financave, Thesari apo institucionet e tjera kan\u00eb b\u00ebr\u00eb pagesa p\u00ebr k\u00ebt\u00eb dhe pse nuk \u00ebsht\u00eb kontrat\u00eb dhe s\u2019ka pasur asgj\u00eb\u2026","rel":"","context":"In &quot;Blogu i Udh\u00ebtarit&quot;","block_context":{"text":"Blogu i Udh\u00ebtarit","link":"https:\/\/www.shqiperia.com\/blog\/category\/blogu-i-udhetarit\/"},"img":{"alt_text":"","src":"https:\/\/i0.wp.com\/www.shqiperia.com\/blog\/wp-content\/uploads\/2022\/02\/unnamed-9-1.jpg?fit=512%2C294&ssl=1&resize=350%2C200","width":350,"height":200},"classes":[]},{"id":99181,"url":"https:\/\/www.shqiperia.com\/blog\/toka-drejt-10-miliardeve-njerzve-pesha-e-rende-e-mbipopullimit\/","url_meta":{"origin":32019,"position":5},"title":"Toka drejt 10 miliard\u00ebve njerzve, pesha e r\u00ebnd\u00eb e mbipopullimit","author":"Kurt Farka","date":"April 7, 2026","format":false,"excerpt":"7\u00a0 Prill 2026 N\u00eb vitin 2026, popullsia globale ka arritur n\u00eb rreth 8.3 miliard\u00eb banor\u00eb, nj\u00eb shif\u00ebr kat\u00ebr her\u00eb m\u00eb e lart\u00eb krahasuar me nj\u00eb shekull m\u00eb par\u00eb. Ky rekord historik nuk p\u00ebrb\u00ebn nj\u00eb kulm, por nj\u00eb etap\u00eb t\u00eb nd\u00ebrmjetme n\u00eb nj\u00eb trajektore q\u00eb pritet t\u00eb vazhdoj\u00eb p\u00ebrgjat\u00eb gjith\u00eb shekullit\u2026","rel":"","context":"In &quot;Blogu i Udh\u00ebtarit&quot;","block_context":{"text":"Blogu i Udh\u00ebtarit","link":"https:\/\/www.shqiperia.com\/blog\/category\/blogu-i-udhetarit\/"},"img":{"alt_text":"","src":"https:\/\/i0.wp.com\/www.shqiperia.com\/blog\/wp-content\/uploads\/2026\/04\/Capture-6-1024x676-1.jpg?fit=1024%2C676&ssl=1&resize=350%2C200","width":350,"height":200,"srcset":"https:\/\/i0.wp.com\/www.shqiperia.com\/blog\/wp-content\/uploads\/2026\/04\/Capture-6-1024x676-1.jpg?fit=1024%2C676&ssl=1&resize=350%2C200 1x, https:\/\/i0.wp.com\/www.shqiperia.com\/blog\/wp-content\/uploads\/2026\/04\/Capture-6-1024x676-1.jpg?fit=1024%2C676&ssl=1&resize=525%2C300 1.5x, https:\/\/i0.wp.com\/www.shqiperia.com\/blog\/wp-content\/uploads\/2026\/04\/Capture-6-1024x676-1.jpg?fit=1024%2C676&ssl=1&resize=700%2C400 2x"},"classes":[]}],"_links":{"self":[{"href":"https:\/\/www.shqiperia.com\/blog\/wp-json\/wp\/v2\/posts\/32019","targetHints":{"allow":["GET"]}}],"collection":[{"href":"https:\/\/www.shqiperia.com\/blog\/wp-json\/wp\/v2\/posts"}],"about":[{"href":"https:\/\/www.shqiperia.com\/blog\/wp-json\/wp\/v2\/types\/post"}],"author":[{"embeddable":true,"href":"https:\/\/www.shqiperia.com\/blog\/wp-json\/wp\/v2\/users\/9"}],"replies":[{"embeddable":true,"href":"https:\/\/www.shqiperia.com\/blog\/wp-json\/wp\/v2\/comments?post=32019"}],"version-history":[{"count":1,"href":"https:\/\/www.shqiperia.com\/blog\/wp-json\/wp\/v2\/posts\/32019\/revisions"}],"predecessor-version":[{"id":32023,"href":"https:\/\/www.shqiperia.com\/blog\/wp-json\/wp\/v2\/posts\/32019\/revisions\/32023"}],"wp:featuredmedia":[{"embeddable":true,"href":"https:\/\/www.shqiperia.com\/blog\/wp-json\/wp\/v2\/media\/32020"}],"wp:attachment":[{"href":"https:\/\/www.shqiperia.com\/blog\/wp-json\/wp\/v2\/media?parent=32019"}],"wp:term":[{"taxonomy":"category","embeddable":true,"href":"https:\/\/www.shqiperia.com\/blog\/wp-json\/wp\/v2\/categories?post=32019"},{"taxonomy":"post_tag","embeddable":true,"href":"https:\/\/www.shqiperia.com\/blog\/wp-json\/wp\/v2\/tags?post=32019"}],"curies":[{"name":"wp","href":"https:\/\/api.w.org\/{rel}","templated":true}]}}