{"id":32016,"date":"2020-03-03T11:57:37","date_gmt":"2020-03-03T11:57:37","guid":{"rendered":"https:\/\/www.shqiperia.com\/blog\/?p=32016"},"modified":"2020-03-03T11:57:37","modified_gmt":"2020-03-03T11:57:37","slug":"dw-ultimatumi-prej-dy-javesh-per-shperndarje-parlamenti-manifestimi-ne-tirane-dhe-cfare-kerkojne-qytetaret","status":"publish","type":"post","link":"https:\/\/www.shqiperia.com\/blog\/dw-ultimatumi-prej-dy-javesh-per-shperndarje-parlamenti-manifestimi-ne-tirane-dhe-cfare-kerkojne-qytetaret\/","title":{"rendered":"DW: Ultimatumi prej dy jav\u00ebsh p\u00ebr shp\u00ebrndarje Parlamenti. Manifestimi n\u00eb Tiran\u00eb dhe \u00e7far\u00eb k\u00ebrkojn\u00eb qytetar\u00ebt,"},"content":{"rendered":"<p><img data-recalc-dims=\"1\" loading=\"lazy\" decoding=\"async\" data-attachment-id=\"32017\" data-permalink=\"https:\/\/www.shqiperia.com\/blog\/dw-ultimatumi-prej-dy-javesh-per-shperndarje-parlamenti-manifestimi-ne-tirane-dhe-cfare-kerkojne-qytetaret\/ilir-mata-4\/\" data-orig-file=\"https:\/\/i0.wp.com\/www.shqiperia.com\/blog\/wp-content\/uploads\/2020\/03\/Ilir-Mata.jpg?fit=700%2C394&amp;ssl=1\" data-orig-size=\"700,394\" data-comments-opened=\"1\" data-image-meta=\"{&quot;aperture&quot;:&quot;0&quot;,&quot;credit&quot;:&quot;&quot;,&quot;camera&quot;:&quot;&quot;,&quot;caption&quot;:&quot;&quot;,&quot;created_timestamp&quot;:&quot;0&quot;,&quot;copyright&quot;:&quot;&quot;,&quot;focal_length&quot;:&quot;0&quot;,&quot;iso&quot;:&quot;0&quot;,&quot;shutter_speed&quot;:&quot;0&quot;,&quot;title&quot;:&quot;&quot;,&quot;orientation&quot;:&quot;0&quot;}\" data-image-title=\"Ilir Mata\" data-image-description=\"\" data-image-caption=\"\" data-medium-file=\"https:\/\/i0.wp.com\/www.shqiperia.com\/blog\/wp-content\/uploads\/2020\/03\/Ilir-Mata.jpg?fit=300%2C169&amp;ssl=1\" data-large-file=\"https:\/\/i0.wp.com\/www.shqiperia.com\/blog\/wp-content\/uploads\/2020\/03\/Ilir-Mata.jpg?fit=700%2C394&amp;ssl=1\" class=\"alignnone  wp-image-32017\" alt=\"\" src=\"https:\/\/i0.wp.com\/www.shqiperia.com\/blog\/wp-content\/uploads\/2020\/03\/Ilir-Mata.jpg?resize=605%2C341&#038;ssl=1\" width=\"605\" height=\"341\" srcset=\"https:\/\/i0.wp.com\/www.shqiperia.com\/blog\/wp-content\/uploads\/2020\/03\/Ilir-Mata.jpg?resize=300%2C169&amp;ssl=1 300w, https:\/\/i0.wp.com\/www.shqiperia.com\/blog\/wp-content\/uploads\/2020\/03\/Ilir-Mata.jpg?resize=450%2C253&amp;ssl=1 450w, https:\/\/i0.wp.com\/www.shqiperia.com\/blog\/wp-content\/uploads\/2020\/03\/Ilir-Mata.jpg?resize=600%2C338&amp;ssl=1 600w, https:\/\/i0.wp.com\/www.shqiperia.com\/blog\/wp-content\/uploads\/2020\/03\/Ilir-Mata.jpg?resize=400%2C225&amp;ssl=1 400w, https:\/\/i0.wp.com\/www.shqiperia.com\/blog\/wp-content\/uploads\/2020\/03\/Ilir-Mata.jpg?w=700&amp;ssl=1 700w\" sizes=\"auto, (max-width: 605px) 100vw, 605px\" \/><\/p>\n<p>DW: Ultimatumi prej dy jav\u00ebsh p\u00ebr shp\u00ebrndarje Parlamenti. Manifestimi n\u00eb Tiran\u00eb dhe \u00e7far\u00eb k\u00ebrkojn\u00eb qytetar\u00ebt,<\/p>\n<p><em>3 mars 2020<\/em><\/p>\n<p><strong>Mbyllet pa incidente manifestimi n\u00eb Tiran\u00eb p\u00ebr mbrojtjen e Kushtetut\u00ebs. Presidenti Meta dhe opozita hodh\u00ebn akuza t\u00eb r\u00ebnda ndaj qeveris\u00eb n\u00eb Shqip\u00ebri.<\/strong><\/p>\n<p>Presidenti i Shqip\u00ebris\u00eb, Ilir Meta k\u00ebrc\u00ebnon me shp\u00ebrndarje t\u00eb Parlamentit. Ai i dha maxhoranc\u00ebs socialiste, t\u00eb h\u00ebn\u00ebn (2\/03\/2020) nj\u00eb ultimatum\u00a0 dy javor, deri n\u00eb 15 mars, p\u00ebr t\u00eb rishikuar ndryshimet kushtetuese n\u00eb ligjin p\u00ebr Gjykat\u00ebn Kushtetuese (GJK), t\u00eb miratuara koh\u00ebt e fundit.<\/p>\n<p>N\u00eb manifestimin qytetar t\u00eb thirrur prej tij dhe t\u00eb zhvilluar t\u00eb h\u00ebn\u00ebn, ai tha se pret deri n\u00eb 15 mars, dit\u00ebn e miratimit t\u00eb Reform\u00ebs Zgjedhore, q\u00eb maxhoranca \u201ct\u00eb reflektoj\u00eb\u201d, lidhur me ndryshimet kushtetuese n\u00eb ligjin p\u00ebr GJK.<\/p>\n<p>N\u00eb rast t\u00eb kund\u00ebrt Meta deklaroi n\u00eb manifestim se \u201cdo t\u00eb shp\u00ebrndaj\u00eb me dekret Parlamentin\u201d.<\/p>\n<p><strong>Shkarkimi i Met\u00ebs<\/strong><\/p>\n<p>Por Parlamenti vazhdon procedurat p\u00ebr shkarkimn e Presidentit Meta, p\u00ebr shkelje t\u00eb Kushtetut\u00ebs me anullimin e dat\u00ebs s\u00eb zgjedhjeve lokale 2019. Por vendimin p\u00ebrfundimtar p\u00ebr k\u00ebt\u00eb \u00e7\u00ebshtje e merr GJK, q\u00eb n\u00eb Shqip\u00ebri nuk funksionon prej korrikut 2018, p\u00ebr shkak t\u00eb nxjerrjes jasht\u00eb sistemit t\u00eb shumic\u00ebs s\u00eb gjyqtar\u00ebve t\u00eb saj gjat\u00eb procesit t\u00eb vetingut.<\/p>\n<p>Para manifestuesve t\u00eb shumt\u00eb, Meta firmosi, n\u00eb m\u00ebnyr\u00eb simbolike, dekretin e anulimit t\u00eb ndryshimit t\u00eb procedur\u00ebs s\u00eb betimit t\u00eb gjyqtar\u00ebve t\u00eb GJK, t\u00eb miratuar nga Parlamenti, t\u00eb cilat i heqin atij ekskluzivitetin e betimit t\u00eb tyre n\u00eb Presidenc\u00eb dhe ligj\u00ebrojn\u00eb alternativ\u00ebn e d\u00ebrgimit n\u00eb Presidenc\u00eb t\u00eb betimit me shkrim, p\u00ebr ata q\u00eb brenda afatit kushtetues Meta nuk i th\u00ebrret.<\/p>\n<p>\u201cN\u00ebse grushti i shtetit, organizata mafioze nd\u00ebrkomb\u00ebtare, nuk e merr seriozisht k\u00ebt\u00eb dekret, un\u00eb e jap fjal\u00ebn se pas dat\u00ebs 15 mars, kur t\u00eb p\u00ebrfundoj\u00eb Reforma Zgjedhore, populli kuqezi q\u00eb votoi sot p\u00ebr vdekjen e grushtit t\u00eb shtetit dhe un\u00eb Ilir Meta betohem se at\u00eb dekret nuk do ta firmos k\u00ebtu, por n\u00eb mes t\u00eb Parlamentit, atje, n\u00eb mes t\u00eb krimit\u201d, tha Meta n\u00eb fjal\u00ebn e tij duke implikuar edhe nd\u00ebrkomb\u00ebtar\u00ebt.<\/p>\n<p><strong>Meta akuzon qeverin\u00eb dhe nd\u00ebrkomb\u00ebtar\u00ebt<\/strong><\/p>\n<p>Presidenti Meta e akuzon qeverin\u00eb Rama se po \u201cdhunon Kushtetut\u00ebn duke k\u00ebrkuar t\u00eb kontrolloj\u00eb an\u00ebtar\u00ebt e GJK\u201d dhe t\u00eb em\u00ebroj\u00eb 6 an\u00ebtar\u00eb nga trupa prej 9 vetash e gjyqtar\u00ebve t\u00eb k\u00ebsaj Gjykate.<\/p>\n<p>Meta dhe opozita jasht\u00eb parlamentare deklarojn\u00eb se reforma n\u00eb drejt\u00ebsi, q\u00eb synon \u04abrr\u00ebnjosjen e korrupsionit tek gjykat\u00ebsit dhe prokuror\u00ebt, ka d\u00ebshtuar.<\/p>\n<p>\u201cKjo pranver\u00eb kuq e zi nuk do t\u00eb ndaloj\u00eb deri n\u00eb rivendosjen e sovranitetit t\u00eb vendit\u201d, tha ai n\u00eb manifestim duke theksuar se ai \u00ebsht\u00eb shkelur jo vet\u00ebm nga maxhoranca socialiste por edhe nga nd\u00ebrkomb\u00ebtar\u00ebt, q\u00eb \u201ekan\u00eb devijuar reform\u00ebn n\u00eb drejt\u00ebsi\u201d.<\/p>\n<p>Thirrjes s\u00eb Met\u00ebs p\u00ebr t\u00eb manifestuar n\u00eb \u201cmbrojtje t\u00eb Kushtetut\u00ebs\u201d iu p\u00ebrgjigj edhe opozita jasht\u00eb parlamentare e kryesuar nga Partia Demokratike, q\u00eb k\u00ebrkon zgjedhje t\u00eb parakohshme parlamentare qe vendi t\u00eb dal\u00eb nga kriza e gjat\u00eb politike dhe institucionale.<\/p>\n<p>Gazeta Panorama<\/p>\n","protected":false},"excerpt":{"rendered":"<p>DW: Ultimatumi prej dy jav\u00ebsh p\u00ebr shp\u00ebrndarje Parlamenti. Manifestimi n\u00eb Tiran\u00eb dhe \u00e7far\u00eb k\u00ebrkojn\u00eb qytetar\u00ebt, 3 mars 2020 Mbyllet pa incidente manifestimi n\u00eb Tiran\u00eb p\u00ebr mbrojtjen e Kushtetut\u00ebs. Presidenti Meta dhe opozita hodh\u00ebn akuza t\u00eb r\u00ebnda ndaj qeveris\u00eb n\u00eb Shqip\u00ebri. Presidenti i Shqip\u00ebris\u00eb, Ilir Meta k\u00ebrc\u00ebnon me shp\u00ebrndarje t\u00eb Parlamentit. Ai i dha maxhoranc\u00ebs socialiste, [&hellip;]<\/p>\n","protected":false},"author":9,"featured_media":32017,"comment_status":"open","ping_status":"open","sticky":false,"template":"","format":"standard","meta":{"jetpack_post_was_ever_published":false,"_jetpack_newsletter_access":"","_jetpack_dont_email_post_to_subs":false,"_jetpack_newsletter_tier_id":0,"_jetpack_memberships_contains_paywalled_content":false,"_jetpack_memberships_contains_paid_content":false,"footnotes":"","jetpack_publicize_message":"","jetpack_publicize_feature_enabled":true,"jetpack_social_post_already_shared":true,"jetpack_social_options":{"image_generator_settings":{"template":"highway","default_image_id":0,"font":"","enabled":false},"version":2}},"categories":[27,2],"tags":[],"class_list":["post-32016","post","type-post","status-publish","format-standard","has-post-thumbnail","hentry","category-blogu-i-udhetarit","category-politika"],"jetpack_publicize_connections":[],"jetpack_featured_media_url":"https:\/\/i0.wp.com\/www.shqiperia.com\/blog\/wp-content\/uploads\/2020\/03\/Ilir-Mata.jpg?fit=700%2C394&ssl=1","jetpack_sharing_enabled":true,"jetpack_shortlink":"https:\/\/wp.me\/p5Z6wp-8ko","jetpack-related-posts":[{"id":28115,"url":"https:\/\/www.shqiperia.com\/blog\/referendum-per-kushtetuten-shperndarje-e-parlamentit-cfare-paralajmeroi-meta\/","url_meta":{"origin":32016,"position":0},"title":"Referendum p\u00ebr Kushtetut\u00ebn, shp\u00ebrndarje e parlamentit? \u00c7far\u00eb paralajm\u00ebroi Meta. &#8211;","author":"Kurt Farka","date":"November 15, 2019","format":false,"excerpt":"Referendum p\u00ebr Kushtetut\u00ebn, shp\u00ebrndarje e parlamentit? \u00c7far\u00eb paralajm\u00ebroi Meta 15 nentor 2019 Presidenti Ilir Meta l\u00eb t\u00eb kuptuar se shum\u00eb shpejt mund t\u00eb k\u00ebrkoj\u00eb referendum popullor p\u00ebr ndryshimin e Kushtetut\u00ebs. Duke e quajtur Kushtetut\u00ebn mbi \u00e7do institucion tjet\u00ebr n\u00eb Shqip\u00ebri, kreu i shtetit tha se nuk mund t\u00eb lejoj\u00eb asnj\u00eb\u2026","rel":"","context":"In &quot;Blogu i Udh\u00ebtarit&quot;","block_context":{"text":"Blogu i Udh\u00ebtarit","link":"https:\/\/www.shqiperia.com\/blog\/category\/blogu-i-udhetarit\/"},"img":{"alt_text":"","src":"https:\/\/i0.wp.com\/www.shqiperia.com\/blog\/wp-content\/uploads\/2019\/11\/Untitled-3-905x450.jpg?fit=905%2C450&ssl=1&resize=350%2C200","width":350,"height":200,"srcset":"https:\/\/i0.wp.com\/www.shqiperia.com\/blog\/wp-content\/uploads\/2019\/11\/Untitled-3-905x450.jpg?fit=905%2C450&ssl=1&resize=350%2C200 1x, https:\/\/i0.wp.com\/www.shqiperia.com\/blog\/wp-content\/uploads\/2019\/11\/Untitled-3-905x450.jpg?fit=905%2C450&ssl=1&resize=525%2C300 1.5x, https:\/\/i0.wp.com\/www.shqiperia.com\/blog\/wp-content\/uploads\/2019\/11\/Untitled-3-905x450.jpg?fit=905%2C450&ssl=1&resize=700%2C400 2x"},"classes":[]},{"id":45919,"url":"https:\/\/www.shqiperia.com\/blog\/te-terhiqen-menjehere-presidenti-meta-nuk-ndalet-denoncon-qeverine-dhe-bashkine-iu-dergon-ultimatum-te-prere-ja-cfare-po-ndodh-ne-kete-zone-te-tiranes\/","url_meta":{"origin":32016,"position":1},"title":"\u201cT\u00eb t\u00ebrhiqen menj\u00ebher\u00eb!\u201d. Presidenti Meta nuk ndalet, denoncon qeverin\u00eb dhe bashkin\u00eb, iu d\u00ebrgon ultimatum t\u00eb prer\u00eb: Ja \u00e7far\u00eb po ndodh n\u00eb k\u00ebt\u00eb zon\u00eb t\u00eb Tiran\u00ebs","author":"Kurt Farka","date":"March 30, 2021","format":false,"excerpt":"\u201cT\u00eb t\u00ebrhiqen menj\u00ebher\u00eb!\u201d. Presidenti Meta nuk ndalet, denoncon qeverin\u00eb dhe bashkin\u00eb, iu d\u00ebrgon ultimatum t\u00eb prer\u00eb: Ja \u00e7far\u00eb po ndodh n\u00eb k\u00ebt\u00eb zon\u00eb t\u00eb Tiran\u00ebs 30 MARS 2021 Qeveria ende n\u00eb detyr\u00eb dhe Bashkia Tiran\u00eb\u00a0 synon zaptimin e pronave private t\u00eb qytetar\u00ebve p\u00ebr nd\u00ebrtimin e kullave shum\u00ebkat\u00ebshe edhe n\u00eb k\u00ebt\u00eb\u2026","rel":"","context":"In &quot;Blogu i Udh\u00ebtarit&quot;","block_context":{"text":"Blogu i Udh\u00ebtarit","link":"https:\/\/www.shqiperia.com\/blog\/category\/blogu-i-udhetarit\/"},"img":{"alt_text":"","src":"https:\/\/i0.wp.com\/www.shqiperia.com\/blog\/wp-content\/uploads\/2021\/03\/800-0-4fbc1d321c8e67eb325d45bc49930867.jpg?fit=650%2C351&ssl=1&resize=350%2C200","width":350,"height":200,"srcset":"https:\/\/i0.wp.com\/www.shqiperia.com\/blog\/wp-content\/uploads\/2021\/03\/800-0-4fbc1d321c8e67eb325d45bc49930867.jpg?fit=650%2C351&ssl=1&resize=350%2C200 1x, https:\/\/i0.wp.com\/www.shqiperia.com\/blog\/wp-content\/uploads\/2021\/03\/800-0-4fbc1d321c8e67eb325d45bc49930867.jpg?fit=650%2C351&ssl=1&resize=525%2C300 1.5x"},"classes":[]},{"id":28639,"url":"https:\/\/www.shqiperia.com\/blog\/me-8-dhjetor-vetem-me-flamuj-kombetar-presidenti-meta-do-zbres-ne-shesh-dhe-nuk-iki-prej-aty-derisa\/","url_meta":{"origin":32016,"position":2},"title":"\u201cM\u00eb 8 dhjetor vet\u00ebm me flamuj komb\u00ebtar\u201d- Presidenti Meta: Do zbres n\u00eb shesh dhe nuk iki prej aty, derisa\u2026","author":"Kurt Farka","date":"November 25, 2019","format":false,"excerpt":"\u201cM\u00eb 8 dhjetor vet\u00ebm me flamuj komb\u00ebtar\u201d- Presidenti Meta: Do zbres n\u00eb shesh dhe nuk iki prej aty, derisa\u2026 25 nentor 2019 Presidenti Ilir Meta ka p\u00ebrs\u00ebritur edhe nj\u00ebher\u00eb thirrjen p\u00ebr qytetar\u00ebt q\u00eb t\u00eb marrin pjes\u00eb n\u00eb tubimin e 8 dhjetorit, nd\u00ebrsa tha se ai vet\u00eb do t\u00eb zbres\u00eb n\u00eb\u2026","rel":"","context":"In &quot;Blogu i Udh\u00ebtarit&quot;","block_context":{"text":"Blogu i Udh\u00ebtarit","link":"https:\/\/www.shqiperia.com\/blog\/category\/blogu-i-udhetarit\/"},"img":{"alt_text":"","src":"https:\/\/i0.wp.com\/www.shqiperia.com\/blog\/wp-content\/uploads\/2019\/11\/flamuri-shqiptar-660x330-587x294.jpg?fit=561%2C294&ssl=1&resize=350%2C200","width":350,"height":200,"srcset":"https:\/\/i0.wp.com\/www.shqiperia.com\/blog\/wp-content\/uploads\/2019\/11\/flamuri-shqiptar-660x330-587x294.jpg?fit=561%2C294&ssl=1&resize=350%2C200 1x, https:\/\/i0.wp.com\/www.shqiperia.com\/blog\/wp-content\/uploads\/2019\/11\/flamuri-shqiptar-660x330-587x294.jpg?fit=561%2C294&ssl=1&resize=525%2C300 1.5x"},"classes":[]},{"id":32027,"url":"https:\/\/www.shqiperia.com\/blog\/mbi-100-mije-ne-bulevard-ilir-meta-fjalim-madheshtor\/","url_meta":{"origin":32016,"position":3},"title":"Mbi 100 mij\u00eb n\u00eb bulevard, Ilir Meta fjalim madh\u00ebshtor","author":"Kurt Farka","date":"March 4, 2020","format":false,"excerpt":"Mbi 100 mij\u00eb n\u00eb bulevard, Ilir Meta fjalim madh\u00ebshtor Thjesht me nj\u00eb fjal\u00eb, dje ishte dit\u00eb madh\u00ebshtore p\u00ebr Republik\u00ebn 03\/03\/2020 Nga Mili Xhani Presidenti premtoi publikisht dhe solemnisht se pas 15 marsit do t\u00eb shp\u00ebrndaj\u00eb parlamentin e turpit, parlament q\u00eb mbetet nj\u00eb nd\u00ebr njollat m\u00eb t\u00eb zez\u00eb t\u00eb historis\u00eb politike\u2026","rel":"","context":"In &quot;Blogu i Udh\u00ebtarit&quot;","block_context":{"text":"Blogu i Udh\u00ebtarit","link":"https:\/\/www.shqiperia.com\/blog\/category\/blogu-i-udhetarit\/"},"img":{"alt_text":"","src":"https:\/\/i0.wp.com\/www.shqiperia.com\/blog\/wp-content\/uploads\/2020\/03\/Manifestimi-Meta-9.jpeg?fit=1200%2C800&ssl=1&resize=350%2C200","width":350,"height":200,"srcset":"https:\/\/i0.wp.com\/www.shqiperia.com\/blog\/wp-content\/uploads\/2020\/03\/Manifestimi-Meta-9.jpeg?fit=1200%2C800&ssl=1&resize=350%2C200 1x, https:\/\/i0.wp.com\/www.shqiperia.com\/blog\/wp-content\/uploads\/2020\/03\/Manifestimi-Meta-9.jpeg?fit=1200%2C800&ssl=1&resize=525%2C300 1.5x, https:\/\/i0.wp.com\/www.shqiperia.com\/blog\/wp-content\/uploads\/2020\/03\/Manifestimi-Meta-9.jpeg?fit=1200%2C800&ssl=1&resize=700%2C400 2x, https:\/\/i0.wp.com\/www.shqiperia.com\/blog\/wp-content\/uploads\/2020\/03\/Manifestimi-Meta-9.jpeg?fit=1200%2C800&ssl=1&resize=1050%2C600 3x"},"classes":[]},{"id":53847,"url":"https:\/\/www.shqiperia.com\/blog\/akuzat-e-metes-per-falsifikim-voa-dy-variante-per-nje-urdher-parlamenti-nuk-jep-asnje-shpjegim-si-ka-mundesi-qe-gramoz-ruci-te-kete-firmosur-dy-here\/","url_meta":{"origin":32016,"position":4},"title":"Akuzat e Met\u00ebs p\u00ebr falsifikim. VOA: &#8211; Dy variante p\u00ebr nj\u00eb urdh\u00ebr, parlamenti nuk jep asnj\u00eb shpjegim. Si ka mund\u00ebsi q\u00eb Gramoz Ru\u00e7i t\u00eb ket\u00eb firmosur dy her\u00eb","author":"Kurt Farka","date":"February 9, 2022","format":false,"excerpt":"Akuzat e Met\u00ebs p\u00ebr falsifikim. VOA: - Dy variante p\u00ebr nj\u00eb urdh\u00ebr, parlamenti nuk jep asnj\u00eb shpjegim. Si ka mund\u00ebsi q\u00eb Gramoz Ru\u00e7i t\u00eb ket\u00eb firmosur dy her\u00eb 9 Shkurt 2022 \u2026 \u201cP\u00ebr m\u00eb tep\u00ebr dyshimet shtohen kur mbahet parasysh se rendi i dit\u00ebs, n\u00eb shkres\u00ebn e re, q\u00eb mban\u2026","rel":"","context":"In &quot;Blogu i Udh\u00ebtarit&quot;","block_context":{"text":"Blogu i Udh\u00ebtarit","link":"https:\/\/www.shqiperia.com\/blog\/category\/blogu-i-udhetarit\/"},"img":{"alt_text":"","src":"https:\/\/i0.wp.com\/www.shqiperia.com\/blog\/wp-content\/uploads\/2022\/02\/ilir-meta.jpg?fit=933%2C552&ssl=1&resize=350%2C200","width":350,"height":200,"srcset":"https:\/\/i0.wp.com\/www.shqiperia.com\/blog\/wp-content\/uploads\/2022\/02\/ilir-meta.jpg?fit=933%2C552&ssl=1&resize=350%2C200 1x, https:\/\/i0.wp.com\/www.shqiperia.com\/blog\/wp-content\/uploads\/2022\/02\/ilir-meta.jpg?fit=933%2C552&ssl=1&resize=525%2C300 1.5x, https:\/\/i0.wp.com\/www.shqiperia.com\/blog\/wp-content\/uploads\/2022\/02\/ilir-meta.jpg?fit=933%2C552&ssl=1&resize=700%2C400 2x"},"classes":[]},{"id":28308,"url":"https:\/\/www.shqiperia.com\/blog\/gjykata-kushtetuese-publikon-listen-e-anetareve-te-saj-vuloset-perfundimisht-anetarja-e-dekretuar-nga-presidenti-meta\/","url_meta":{"origin":32016,"position":5},"title":"Gjykata Kushtetuese publikon list\u00ebn e an\u00ebtar\u00ebve t\u00eb saj. \u201cVuloset\u201d p\u00ebrfundimisht an\u00ebtarja e dekretuar nga Presidenti Meta. &#8211;","author":"Kurt Farka","date":"November 19, 2019","format":false,"excerpt":"Gjykata Kushtetuese publikon list\u00ebn e an\u00ebtar\u00ebve t\u00eb saj. \u201cVuloset\u201d p\u00ebrfundimisht an\u00ebtarja e dekretuar nga Presidenti Meta Nov 19 nentor 2019 Gjykata Kushtetuese ka publikuar list\u00ebn e pes\u00eb an\u00ebtar\u00ebve t\u00eb saj nga n\u00ebnt\u00eb an\u00ebtar\u00eb q\u00eb ka gjithsej kjo gjykat\u00eb. Ja Antaret: Vitore Tusha, an\u00ebtare Besnik Mu\u00e7i, an\u00ebtar Elsa Toska, an\u00ebtare Marsida\u2026","rel":"","context":"In &quot;Blogu i Udh\u00ebtarit&quot;","block_context":{"text":"Blogu i Udh\u00ebtarit","link":"https:\/\/www.shqiperia.com\/blog\/category\/blogu-i-udhetarit\/"},"img":{"alt_text":"","src":"https:\/\/i0.wp.com\/www.shqiperia.com\/blog\/wp-content\/uploads\/2019\/11\/gjykata-kushtetuese.png?fit=569%2C351&ssl=1&resize=350%2C200","width":350,"height":200,"srcset":"https:\/\/i0.wp.com\/www.shqiperia.com\/blog\/wp-content\/uploads\/2019\/11\/gjykata-kushtetuese.png?fit=569%2C351&ssl=1&resize=350%2C200 1x, https:\/\/i0.wp.com\/www.shqiperia.com\/blog\/wp-content\/uploads\/2019\/11\/gjykata-kushtetuese.png?fit=569%2C351&ssl=1&resize=525%2C300 1.5x"},"classes":[]}],"_links":{"self":[{"href":"https:\/\/www.shqiperia.com\/blog\/wp-json\/wp\/v2\/posts\/32016","targetHints":{"allow":["GET"]}}],"collection":[{"href":"https:\/\/www.shqiperia.com\/blog\/wp-json\/wp\/v2\/posts"}],"about":[{"href":"https:\/\/www.shqiperia.com\/blog\/wp-json\/wp\/v2\/types\/post"}],"author":[{"embeddable":true,"href":"https:\/\/www.shqiperia.com\/blog\/wp-json\/wp\/v2\/users\/9"}],"replies":[{"embeddable":true,"href":"https:\/\/www.shqiperia.com\/blog\/wp-json\/wp\/v2\/comments?post=32016"}],"version-history":[{"count":1,"href":"https:\/\/www.shqiperia.com\/blog\/wp-json\/wp\/v2\/posts\/32016\/revisions"}],"predecessor-version":[{"id":32018,"href":"https:\/\/www.shqiperia.com\/blog\/wp-json\/wp\/v2\/posts\/32016\/revisions\/32018"}],"wp:featuredmedia":[{"embeddable":true,"href":"https:\/\/www.shqiperia.com\/blog\/wp-json\/wp\/v2\/media\/32017"}],"wp:attachment":[{"href":"https:\/\/www.shqiperia.com\/blog\/wp-json\/wp\/v2\/media?parent=32016"}],"wp:term":[{"taxonomy":"category","embeddable":true,"href":"https:\/\/www.shqiperia.com\/blog\/wp-json\/wp\/v2\/categories?post=32016"},{"taxonomy":"post_tag","embeddable":true,"href":"https:\/\/www.shqiperia.com\/blog\/wp-json\/wp\/v2\/tags?post=32016"}],"curies":[{"name":"wp","href":"https:\/\/api.w.org\/{rel}","templated":true}]}}