{"id":32013,"date":"2020-03-03T07:26:28","date_gmt":"2020-03-03T07:26:28","guid":{"rendered":"https:\/\/www.shqiperia.com\/blog\/?p=32013"},"modified":"2020-03-03T07:26:28","modified_gmt":"2020-03-03T07:26:28","slug":"kryeprokurori-olsian-cela-ambasadorja-yuri-kim-dhe-ministrja-etilda-gjonaj-behen-bashke-zbulohet-cfare-do-te-ndodhe-sot-ne-oren-0930","status":"publish","type":"post","link":"https:\/\/www.shqiperia.com\/blog\/kryeprokurori-olsian-cela-ambasadorja-yuri-kim-dhe-ministrja-etilda-gjonaj-behen-bashke-zbulohet-cfare-do-te-ndodhe-sot-ne-oren-0930\/","title":{"rendered":"Kryeprokurori Olsian \u00c7ela, ambasadorja Yuri Kim dhe ministrja Etilda Gjonaj b\u00ebhen bashk\u00eb, zbulohet \u00e7far\u00eb do t\u00eb ndodh\u00eb sot n\u00eb or\u00ebn 09:30"},"content":{"rendered":"<p><img data-recalc-dims=\"1\" loading=\"lazy\" decoding=\"async\" data-attachment-id=\"32014\" data-permalink=\"https:\/\/www.shqiperia.com\/blog\/kryeprokurori-olsian-cela-ambasadorja-yuri-kim-dhe-ministrja-etilda-gjonaj-behen-bashke-zbulohet-cfare-do-te-ndodhe-sot-ne-oren-0930\/800-0-5e5e01e76579a-1\/\" data-orig-file=\"https:\/\/i0.wp.com\/www.shqiperia.com\/blog\/wp-content\/uploads\/2020\/03\/800-0-5e5e01e76579a-1.png?fit=800%2C407&amp;ssl=1\" data-orig-size=\"800,407\" data-comments-opened=\"1\" data-image-meta=\"{&quot;aperture&quot;:&quot;0&quot;,&quot;credit&quot;:&quot;&quot;,&quot;camera&quot;:&quot;&quot;,&quot;caption&quot;:&quot;&quot;,&quot;created_timestamp&quot;:&quot;0&quot;,&quot;copyright&quot;:&quot;&quot;,&quot;focal_length&quot;:&quot;0&quot;,&quot;iso&quot;:&quot;0&quot;,&quot;shutter_speed&quot;:&quot;0&quot;,&quot;title&quot;:&quot;&quot;,&quot;orientation&quot;:&quot;0&quot;}\" data-image-title=\"-800-0-5e5e01e76579a (1)\" data-image-description=\"\" data-image-caption=\"\" data-medium-file=\"https:\/\/i0.wp.com\/www.shqiperia.com\/blog\/wp-content\/uploads\/2020\/03\/800-0-5e5e01e76579a-1.png?fit=300%2C153&amp;ssl=1\" data-large-file=\"https:\/\/i0.wp.com\/www.shqiperia.com\/blog\/wp-content\/uploads\/2020\/03\/800-0-5e5e01e76579a-1.png?fit=800%2C407&amp;ssl=1\" class=\"alignnone  wp-image-32014\" alt=\"\" src=\"https:\/\/i0.wp.com\/www.shqiperia.com\/blog\/wp-content\/uploads\/2020\/03\/800-0-5e5e01e76579a-1.png?resize=729%2C372&#038;ssl=1\" width=\"729\" height=\"372\" srcset=\"https:\/\/i0.wp.com\/www.shqiperia.com\/blog\/wp-content\/uploads\/2020\/03\/800-0-5e5e01e76579a-1.png?resize=300%2C153&amp;ssl=1 300w, https:\/\/i0.wp.com\/www.shqiperia.com\/blog\/wp-content\/uploads\/2020\/03\/800-0-5e5e01e76579a-1.png?resize=768%2C391&amp;ssl=1 768w, https:\/\/i0.wp.com\/www.shqiperia.com\/blog\/wp-content\/uploads\/2020\/03\/800-0-5e5e01e76579a-1.png?resize=450%2C229&amp;ssl=1 450w, https:\/\/i0.wp.com\/www.shqiperia.com\/blog\/wp-content\/uploads\/2020\/03\/800-0-5e5e01e76579a-1.png?resize=600%2C305&amp;ssl=1 600w, https:\/\/i0.wp.com\/www.shqiperia.com\/blog\/wp-content\/uploads\/2020\/03\/800-0-5e5e01e76579a-1.png?resize=400%2C204&amp;ssl=1 400w, https:\/\/i0.wp.com\/www.shqiperia.com\/blog\/wp-content\/uploads\/2020\/03\/800-0-5e5e01e76579a-1.png?w=800&amp;ssl=1 800w\" sizes=\"auto, (max-width: 729px) 100vw, 729px\" \/><\/p>\n<p>Kryeprokurori Olsian \u00c7ela, ambasadorja Yuri Kim dhe ministrja Etilda Gjonaj b\u00ebhen bashk\u00eb, zbulohet \u00e7far\u00eb do t\u00eb ndodh\u00eb sot n\u00eb or\u00ebn 09:30<\/p>\n<p>3 MARS 2020<\/p>\n<p>Dit\u00ebn e sotme n\u00eb or\u00ebn 09:30 do t\u00eb zhvillohet konferenca mbi \u201cSfidat e Prokuroris\u00eb s\u00eb P\u00ebrgjithshme n\u00eb Drit\u00ebn e Reform\u00ebs n\u00eb Drejt\u00ebsi\u201d.<\/p>\n<p>Pjes\u00eb e konferenc\u00ebs do t\u00eb jen\u00eb Olsian \u00c7ela, Prokuror i P\u00ebrgjithsh\u00ebm, Luigi Soreca, ambasador i delegacionit t\u00eb Bashkimit Europian, Yuri Kim ambasadore e Shteteve t\u00eb Bashkuara t\u00eb Amerik\u00ebs, Bernd Borchardt ambasador i Prezenc\u00ebs s\u00eb OSBE-s\u00eb n\u00eb Shqip\u00ebri.<\/p>\n<p>Gjithashtu n\u00eb takim do t\u00eb jen\u00eb edhe Etilda Gjonaj, ministre e Drejt\u00ebsis\u00eb, kreu i K\u00ebshillit t\u00eb Lart\u00eb t\u00eb Prokuroris\u00eb Gent Ibrahimi dhe drejtuesi i Prokuroris\u00eb s\u00eb Posa\u00e7me kund\u00ebr Korrupsionit dhe Krimit t\u00eb Organizuar Arben Kraja.<\/p>\n<p>Gazeta Sot<\/p>\n","protected":false},"excerpt":{"rendered":"<p>Kryeprokurori Olsian \u00c7ela, ambasadorja Yuri Kim dhe ministrja Etilda Gjonaj b\u00ebhen bashk\u00eb, zbulohet \u00e7far\u00eb do t\u00eb ndodh\u00eb sot n\u00eb or\u00ebn 09:30 3 MARS 2020 Dit\u00ebn e sotme n\u00eb or\u00ebn 09:30 do t\u00eb zhvillohet konferenca mbi \u201cSfidat e Prokuroris\u00eb s\u00eb P\u00ebrgjithshme n\u00eb Drit\u00ebn e Reform\u00ebs n\u00eb Drejt\u00ebsi\u201d. Pjes\u00eb e konferenc\u00ebs do t\u00eb jen\u00eb Olsian \u00c7ela, Prokuror [&hellip;]<\/p>\n","protected":false},"author":9,"featured_media":32014,"comment_status":"open","ping_status":"open","sticky":false,"template":"","format":"standard","meta":{"jetpack_post_was_ever_published":false,"_jetpack_newsletter_access":"","_jetpack_dont_email_post_to_subs":false,"_jetpack_newsletter_tier_id":0,"_jetpack_memberships_contains_paywalled_content":false,"_jetpack_memberships_contains_paid_content":false,"footnotes":"","jetpack_publicize_message":"","jetpack_publicize_feature_enabled":true,"jetpack_social_post_already_shared":true,"jetpack_social_options":{"image_generator_settings":{"template":"highway","default_image_id":0,"font":"","enabled":false},"version":2}},"categories":[27,2,35],"tags":[],"class_list":["post-32013","post","type-post","status-publish","format-standard","has-post-thumbnail","hentry","category-blogu-i-udhetarit","category-politika","category-shoqerore"],"jetpack_publicize_connections":[],"jetpack_featured_media_url":"https:\/\/i0.wp.com\/www.shqiperia.com\/blog\/wp-content\/uploads\/2020\/03\/800-0-5e5e01e76579a-1.png?fit=800%2C407&ssl=1","jetpack_sharing_enabled":true,"jetpack_shortlink":"https:\/\/wp.me\/p5Z6wp-8kl","jetpack-related-posts":[{"id":35289,"url":"https:\/\/www.shqiperia.com\/blog\/yuri-kim-soreca-dhe-norman-vihen-ne-levizje-zbulohet-cfare-do-te-ndodhe-sot-ne-oren-1500-ne-seline-e-pd\/","url_meta":{"origin":32013,"position":0},"title":"Yuri Kim, Soreca dhe Norman vihen n\u00eb l\u00ebvizje, zbulohet \u00e7far\u00eb do t\u00eb ndodh\u00eb sot n\u00eb or\u00ebn 15:00 n\u00eb selin\u00eb e PD","author":"Kurt Farka","date":"June 1, 2020","format":false,"excerpt":"Yuri Kim, Soreca dhe Norman vihen n\u00eb l\u00ebvizje, zbulohet \u00e7far\u00eb do t\u00eb ndodh\u00eb sot n\u00eb or\u00ebn 15:00 n\u00eb selin\u00eb e PD 1 QERSHOR 2020 Pas p\u00ebrfundimit t\u00eb afatit t\u00eb t\u00eb pal\u00ebve politike p\u00ebr t\u00eb p\u00ebrfunduar Reform\u00ebn Zgjedhore brenda 31 majit, ambasadorja amerikane Yuri Kim, ambasadori i BE Soreca dhe britaniku\u2026","rel":"","context":"In &quot;Blogu i Udh\u00ebtarit&quot;","block_context":{"text":"Blogu i Udh\u00ebtarit","link":"https:\/\/www.shqiperia.com\/blog\/category\/blogu-i-udhetarit\/"},"img":{"alt_text":"","src":"https:\/\/i0.wp.com\/www.shqiperia.com\/blog\/wp-content\/uploads\/2020\/06\/800-0-5ed4d27a481e9.png?fit=800%2C426&ssl=1&resize=350%2C200","width":350,"height":200,"srcset":"https:\/\/i0.wp.com\/www.shqiperia.com\/blog\/wp-content\/uploads\/2020\/06\/800-0-5ed4d27a481e9.png?fit=800%2C426&ssl=1&resize=350%2C200 1x, https:\/\/i0.wp.com\/www.shqiperia.com\/blog\/wp-content\/uploads\/2020\/06\/800-0-5ed4d27a481e9.png?fit=800%2C426&ssl=1&resize=525%2C300 1.5x, https:\/\/i0.wp.com\/www.shqiperia.com\/blog\/wp-content\/uploads\/2020\/06\/800-0-5ed4d27a481e9.png?fit=800%2C426&ssl=1&resize=700%2C400 2x"},"classes":[]},{"id":48007,"url":"https:\/\/www.shqiperia.com\/blog\/etilda-gjonaj-tregon-se-cfare-do-te-ndodhe-nese-gjykata-kushtetuese-nuk-e-shkarkon-ilir-meten\/","url_meta":{"origin":32013,"position":1},"title":"Etilda Gjonaj tregon se \u00e7far\u00eb do t\u00eb ndodh\u00eb n\u00ebse Gjykata Kushtetuese nuk e shkarkon Ilir Met\u00ebn","author":"Kurt Farka","date":"June 19, 2021","format":false,"excerpt":"Etilda Gjonaj tregon se \u00e7far\u00eb do t\u00eb ndodh\u00eb n\u00ebse Gjykata Kushtetuese nuk e shkarkon Ilir Met\u00ebn 19 QERSHOR 2021 Ministrja e Drejt\u00ebsis\u00eb, Etilda Gjonaj, foli p\u00ebr nism\u00ebn e socialist\u00ebve p\u00ebr shkarkimin e Presidentit Ilir Meta. Gjonaj deklaroi se PS do t\u00eb respektoj\u00eb vendimin e Gjykat\u00ebs Kushtetuese p\u00ebr k\u00ebt\u00eb \u00e7\u00ebshtje. Pjes\u00eb\u2026","rel":"","context":"In &quot;Blogu i Udh\u00ebtarit&quot;","block_context":{"text":"Blogu i Udh\u00ebtarit","link":"https:\/\/www.shqiperia.com\/blog\/category\/blogu-i-udhetarit\/"},"img":{"alt_text":"","src":"https:\/\/i0.wp.com\/www.shqiperia.com\/blog\/wp-content\/uploads\/2021\/06\/800-0-60ce24f00d2d9.jpg?fit=800%2C451&ssl=1&resize=350%2C200","width":350,"height":200,"srcset":"https:\/\/i0.wp.com\/www.shqiperia.com\/blog\/wp-content\/uploads\/2021\/06\/800-0-60ce24f00d2d9.jpg?fit=800%2C451&ssl=1&resize=350%2C200 1x, https:\/\/i0.wp.com\/www.shqiperia.com\/blog\/wp-content\/uploads\/2021\/06\/800-0-60ce24f00d2d9.jpg?fit=800%2C451&ssl=1&resize=525%2C300 1.5x, https:\/\/i0.wp.com\/www.shqiperia.com\/blog\/wp-content\/uploads\/2021\/06\/800-0-60ce24f00d2d9.jpg?fit=800%2C451&ssl=1&resize=700%2C400 2x"},"classes":[]},{"id":29005,"url":"https:\/\/www.shqiperia.com\/blog\/kryeprokurori-i-ri-flet-per-termetin-njerezit-presin-drejtesi\/","url_meta":{"origin":32013,"position":2},"title":"Kryeprokurori i ri flet p\u00ebr t\u00ebrmetin: Njer\u00ebzit presin drejt\u00ebsi. &#8211;","author":"Kurt Farka","date":"December 6, 2019","format":false,"excerpt":"Kryeprokurori i ri flet p\u00ebr t\u00ebrmetin: Njer\u00ebzit presin drejt\u00ebsi 6, dhjetor 2019 Arta Marku i dor\u00ebzoi sot detyr\u00ebn kryeprokurorit t\u00eb ri Olsian \u00c7ela, q\u00eb u votua dje nga parlamenti p\u00ebr t\u00eb drejtuar organin e akuz\u00ebs p\u00ebr 7 vitet e ardhshme. Drejtuesi i ri i prokuroris\u00eb u shpreh n\u00eb fjal\u00ebn e\u2026","rel":"","context":"In &quot;Blogu i Udh\u00ebtarit&quot;","block_context":{"text":"Blogu i Udh\u00ebtarit","link":"https:\/\/www.shqiperia.com\/blog\/category\/blogu-i-udhetarit\/"},"img":{"alt_text":"","src":"https:\/\/i0.wp.com\/www.shqiperia.com\/blog\/wp-content\/uploads\/2019\/12\/1575620986_cela-1-905x450.jpg?fit=905%2C450&ssl=1&resize=350%2C200","width":350,"height":200,"srcset":"https:\/\/i0.wp.com\/www.shqiperia.com\/blog\/wp-content\/uploads\/2019\/12\/1575620986_cela-1-905x450.jpg?fit=905%2C450&ssl=1&resize=350%2C200 1x, https:\/\/i0.wp.com\/www.shqiperia.com\/blog\/wp-content\/uploads\/2019\/12\/1575620986_cela-1-905x450.jpg?fit=905%2C450&ssl=1&resize=525%2C300 1.5x, https:\/\/i0.wp.com\/www.shqiperia.com\/blog\/wp-content\/uploads\/2019\/12\/1575620986_cela-1-905x450.jpg?fit=905%2C450&ssl=1&resize=700%2C400 2x"},"classes":[]},{"id":39268,"url":"https:\/\/www.shqiperia.com\/blog\/detyra-jote-o-zoteri-eshte-te-kapesh-rrushin-artan-hoxha-sfidon-kryeprokurorin-olsian-cela\/","url_meta":{"origin":32013,"position":3},"title":"\u201cDetyra jote o zot\u00ebri \u00ebsht\u00eb t\u00eb kap\u00ebsh rrushin\u201d. \u00a0Artan Hoxha sfidon kryeprokurorin Olsian \u00c7ela.","author":"Kurt Farka","date":"October 5, 2020","format":false,"excerpt":"\u201cDetyra jote o zot\u00ebri \u00ebsht\u00eb t\u00eb kap\u00ebsh rrushin\u201d. \u00a0Artan Hoxha sfidon kryeprokurorin Olsian \u00c7ela. 5 TETOR 2020 Gazetari Artan Hoxha ka reaguar p\u00ebr deklarat\u00ebn e fort\u00eb t\u00eb kryeprokurorit Olsin \u00c7ela se Elbasani po kthehet n\u00eb sken\u00eb krimi dhe po kontrollohet nga mafia. Hoxha shkruan me ironi se k\u00ebsaj i thon\u00eb\u2026","rel":"","context":"In &quot;Blogu i Udh\u00ebtarit&quot;","block_context":{"text":"Blogu i Udh\u00ebtarit","link":"https:\/\/www.shqiperia.com\/blog\/category\/blogu-i-udhetarit\/"},"img":{"alt_text":"","src":"https:\/\/i0.wp.com\/www.shqiperia.com\/blog\/wp-content\/uploads\/2020\/10\/800-480-5f7afd6ad3156.png?fit=800%2C396&ssl=1&resize=350%2C200","width":350,"height":200,"srcset":"https:\/\/i0.wp.com\/www.shqiperia.com\/blog\/wp-content\/uploads\/2020\/10\/800-480-5f7afd6ad3156.png?fit=800%2C396&ssl=1&resize=350%2C200 1x, https:\/\/i0.wp.com\/www.shqiperia.com\/blog\/wp-content\/uploads\/2020\/10\/800-480-5f7afd6ad3156.png?fit=800%2C396&ssl=1&resize=525%2C300 1.5x, https:\/\/i0.wp.com\/www.shqiperia.com\/blog\/wp-content\/uploads\/2020\/10\/800-480-5f7afd6ad3156.png?fit=800%2C396&ssl=1&resize=700%2C400 2x"},"classes":[]},{"id":63920,"url":"https:\/\/www.shqiperia.com\/blog\/qendroni-larg-politikes-yuri-kim-vizite-ne-spak-nga-biseda-me-krajen-te-mesazhi-per-kandidatet\/","url_meta":{"origin":32013,"position":4},"title":"\u201cQ\u00ebndroni larg politik\u00ebs\u201d\/ Yuri Kim vizit\u00eb n\u00eb SPAK, nga biseda me Kraj\u00ebn te mesazhi p\u00ebr kandidat\u00ebt","author":"Kurt Farka","date":"November 3, 2022","format":false,"excerpt":"3 Nentor 2022 Ambasadorja amerikane n\u00eb Shqip\u00ebri, Yuri Kim ka zhvilluar dit\u00ebn e sotme me kreun e Prokuroris\u00eb s\u00eb Posa\u00e7me kund\u00ebr Korrupsionit dhe Krimit t\u00eb Organizuar, Arben Kraja. Takimi \u00ebsht\u00eb zhvilluar n\u00eb ambientet e SPAK, nd\u00ebrkoh\u00eb m\u00ebsohet se fokusi i bised\u00ebs ka qen\u00eb puna e prokuroris\u00eb n\u00eb zbatimi ne reform\u00ebs\u2026","rel":"","context":"In &quot;Blogu i Udh\u00ebtarit&quot;","block_context":{"text":"Blogu i Udh\u00ebtarit","link":"https:\/\/www.shqiperia.com\/blog\/category\/blogu-i-udhetarit\/"},"img":{"alt_text":"","src":"https:\/\/i0.wp.com\/www.shqiperia.com\/blog\/wp-content\/uploads\/2022\/11\/640-0-6363bd3a4c29b.jpeg?fit=640%2C361&ssl=1&resize=350%2C200","width":350,"height":200,"srcset":"https:\/\/i0.wp.com\/www.shqiperia.com\/blog\/wp-content\/uploads\/2022\/11\/640-0-6363bd3a4c29b.jpeg?fit=640%2C361&ssl=1&resize=350%2C200 1x, https:\/\/i0.wp.com\/www.shqiperia.com\/blog\/wp-content\/uploads\/2022\/11\/640-0-6363bd3a4c29b.jpeg?fit=640%2C361&ssl=1&resize=525%2C300 1.5x"},"classes":[]},{"id":25063,"url":"https:\/\/www.shqiperia.com\/blog\/dalin-faturat-ministrja-e-drejtesise-ne-hotele-luksoze-gjate-udhetimeve-jashte-shtetit-mbi-700-euro-nje-nate\/","url_meta":{"origin":32013,"position":5},"title":"Dalin faturat\/ Ministrja e Drejt\u00ebsis\u00eb n\u00eb hotele luksoze gjat\u00eb udh\u00ebtimeve jasht\u00eb shtetit, mbi 700 euro nj\u00eb nat\u00eb. &#8211;","author":"Kurt Farka","date":"August 24, 2019","format":false,"excerpt":"Dalin faturat\/ Ministrja e Drejt\u00ebsis\u00eb n\u00eb hotele luksoze gjat\u00eb udh\u00ebtimeve jasht\u00eb shtetit, mbi 700 euro nj\u00eb nat\u00eb. - 24 gusht 2019. Dalin faturat e udh\u00ebtimeve jasht\u00eb shtetit t\u00eb ministres s\u00eb Drejt\u00ebsis\u00eb, Etilda Gjonaj. Faktoje.al ka postuar sot faturat, sipas te cilave n\u00eb udh\u00ebtimet\u00a0 e pun\u00ebs gjat\u00eb vitit 2018 deri n\u00eb\u2026","rel":"","context":"In &quot;Kultura&quot;","block_context":{"text":"Kultura","link":"https:\/\/www.shqiperia.com\/blog\/category\/kultura\/"},"img":{"alt_text":"","src":"https:\/\/i0.wp.com\/www.shqiperia.com\/blog\/wp-content\/uploads\/2019\/08\/Fatura-e-Londres-Copy.jpg?fit=1024%2C534&ssl=1&resize=350%2C200","width":350,"height":200,"srcset":"https:\/\/i0.wp.com\/www.shqiperia.com\/blog\/wp-content\/uploads\/2019\/08\/Fatura-e-Londres-Copy.jpg?fit=1024%2C534&ssl=1&resize=350%2C200 1x, https:\/\/i0.wp.com\/www.shqiperia.com\/blog\/wp-content\/uploads\/2019\/08\/Fatura-e-Londres-Copy.jpg?fit=1024%2C534&ssl=1&resize=525%2C300 1.5x, https:\/\/i0.wp.com\/www.shqiperia.com\/blog\/wp-content\/uploads\/2019\/08\/Fatura-e-Londres-Copy.jpg?fit=1024%2C534&ssl=1&resize=700%2C400 2x"},"classes":[]}],"_links":{"self":[{"href":"https:\/\/www.shqiperia.com\/blog\/wp-json\/wp\/v2\/posts\/32013","targetHints":{"allow":["GET"]}}],"collection":[{"href":"https:\/\/www.shqiperia.com\/blog\/wp-json\/wp\/v2\/posts"}],"about":[{"href":"https:\/\/www.shqiperia.com\/blog\/wp-json\/wp\/v2\/types\/post"}],"author":[{"embeddable":true,"href":"https:\/\/www.shqiperia.com\/blog\/wp-json\/wp\/v2\/users\/9"}],"replies":[{"embeddable":true,"href":"https:\/\/www.shqiperia.com\/blog\/wp-json\/wp\/v2\/comments?post=32013"}],"version-history":[{"count":1,"href":"https:\/\/www.shqiperia.com\/blog\/wp-json\/wp\/v2\/posts\/32013\/revisions"}],"predecessor-version":[{"id":32015,"href":"https:\/\/www.shqiperia.com\/blog\/wp-json\/wp\/v2\/posts\/32013\/revisions\/32015"}],"wp:featuredmedia":[{"embeddable":true,"href":"https:\/\/www.shqiperia.com\/blog\/wp-json\/wp\/v2\/media\/32014"}],"wp:attachment":[{"href":"https:\/\/www.shqiperia.com\/blog\/wp-json\/wp\/v2\/media?parent=32013"}],"wp:term":[{"taxonomy":"category","embeddable":true,"href":"https:\/\/www.shqiperia.com\/blog\/wp-json\/wp\/v2\/categories?post=32013"},{"taxonomy":"post_tag","embeddable":true,"href":"https:\/\/www.shqiperia.com\/blog\/wp-json\/wp\/v2\/tags?post=32013"}],"curies":[{"name":"wp","href":"https:\/\/api.w.org\/{rel}","templated":true}]}}