{"id":32009,"date":"2020-03-03T07:00:54","date_gmt":"2020-03-03T07:00:54","guid":{"rendered":"https:\/\/www.shqiperia.com\/blog\/?p=32009"},"modified":"2020-03-03T07:00:54","modified_gmt":"2020-03-03T07:00:54","slug":"avokati-i-njohur-zbulon-ne-mes-te-emisionin-kush-eshte-zyrtari-i-larte-i-drejtesise-qe-u-takua-me-henri-cilin-eshte-ai-qe-ka-edhe-nje-kallezim-penal","status":"publish","type":"post","link":"https:\/\/www.shqiperia.com\/blog\/avokati-i-njohur-zbulon-ne-mes-te-emisionin-kush-eshte-zyrtari-i-larte-i-drejtesise-qe-u-takua-me-henri-cilin-eshte-ai-qe-ka-edhe-nje-kallezim-penal\/","title":{"rendered":"Avokati i njohur zbulon n\u00eb mes t\u00eb emisionin kush \u00ebsht\u00eb zyrtari i lart\u00eb i drejt\u00ebsis\u00eb q\u00eb u takua me Henri \u00c7ilin: \u00cbsht\u00eb ai q\u00eb ka edhe nj\u00eb kall\u00ebzim penal!"},"content":{"rendered":"<p><img data-recalc-dims=\"1\" loading=\"lazy\" decoding=\"async\" data-attachment-id=\"32011\" data-permalink=\"https:\/\/www.shqiperia.com\/blog\/avokati-i-njohur-zbulon-ne-mes-te-emisionin-kush-eshte-zyrtari-i-larte-i-drejtesise-qe-u-takua-me-henri-cilin-eshte-ai-qe-ka-edhe-nje-kallezim-penal\/drejtesia-gjyqesia-e1546963204920-2\/\" data-orig-file=\"https:\/\/i0.wp.com\/www.shqiperia.com\/blog\/wp-content\/uploads\/2020\/03\/drejtesia-gjyqesia-e1546963204920-1.jpg?fit=424%2C230&amp;ssl=1\" data-orig-size=\"424,230\" data-comments-opened=\"1\" data-image-meta=\"{&quot;aperture&quot;:&quot;0&quot;,&quot;credit&quot;:&quot;&quot;,&quot;camera&quot;:&quot;&quot;,&quot;caption&quot;:&quot;&quot;,&quot;created_timestamp&quot;:&quot;0&quot;,&quot;copyright&quot;:&quot;&quot;,&quot;focal_length&quot;:&quot;0&quot;,&quot;iso&quot;:&quot;0&quot;,&quot;shutter_speed&quot;:&quot;0&quot;,&quot;title&quot;:&quot;&quot;,&quot;orientation&quot;:&quot;0&quot;}\" data-image-title=\"drejtesia-gjyqesia-e1546963204920\" data-image-description=\"\" data-image-caption=\"\" data-medium-file=\"https:\/\/i0.wp.com\/www.shqiperia.com\/blog\/wp-content\/uploads\/2020\/03\/drejtesia-gjyqesia-e1546963204920-1.jpg?fit=300%2C163&amp;ssl=1\" data-large-file=\"https:\/\/i0.wp.com\/www.shqiperia.com\/blog\/wp-content\/uploads\/2020\/03\/drejtesia-gjyqesia-e1546963204920-1.jpg?fit=424%2C230&amp;ssl=1\" class=\"alignnone  wp-image-32011\" alt=\"\" src=\"https:\/\/i0.wp.com\/www.shqiperia.com\/blog\/wp-content\/uploads\/2020\/03\/drejtesia-gjyqesia-e1546963204920-1.jpg?resize=650%2C353&#038;ssl=1\" width=\"650\" height=\"353\" srcset=\"https:\/\/i0.wp.com\/www.shqiperia.com\/blog\/wp-content\/uploads\/2020\/03\/drejtesia-gjyqesia-e1546963204920-1.jpg?resize=300%2C163&amp;ssl=1 300w, https:\/\/i0.wp.com\/www.shqiperia.com\/blog\/wp-content\/uploads\/2020\/03\/drejtesia-gjyqesia-e1546963204920-1.jpg?resize=400%2C217&amp;ssl=1 400w, https:\/\/i0.wp.com\/www.shqiperia.com\/blog\/wp-content\/uploads\/2020\/03\/drejtesia-gjyqesia-e1546963204920-1.jpg?w=424&amp;ssl=1 424w\" sizes=\"auto, (max-width: 650px) 100vw, 650px\" \/><\/p>\n<p>Avokati i njohur zbulon n\u00eb mes t\u00eb emisionin kush \u00ebsht\u00eb zyrtari i lart\u00eb i drejt\u00ebsis\u00eb q\u00eb u takua me Henri \u00c7ilin: \u00cbsht\u00eb ai q\u00eb ka edhe nj\u00eb kall\u00ebzim penal!<\/p>\n<p>3 MARS 2020<\/p>\n<p>Avokati Genc Gjokutaj ka folur mbr\u00ebmjen e djeshme rreth emrit t\u00eb gjyqtarit q\u00eb \u00ebsht\u00eb takuar me Henri \u00c7ilin.<\/p>\n<p>I ftuar n\u00eb emisionin \u201c360grad\u00eb\u201d Gjokutaj tha se \u00ebsht\u00eb nj\u00eb gjyqtar kundrejt t\u00eb cilit ka edhe nj\u00eb kall\u00ebzim penal.<\/p>\n<p>Gjokutaj: \u00c7\u00ebshtja \u00c7ili \u00ebsht\u00eb vendosur moskompetenc\u00eb e P\u00ebrmetit. E ka vendosur gjyqtari p\u00ebr d\u00ebrgim n\u00eb SPAK, se ka grup t\u00eb strukturuar kriminal. Kjo do t\u00eb thot\u00eb q\u00eb t\u00eb marr\u00ebsh nj\u00eb katolik nga Vatikani dhe ta \u00e7osh n\u00eb Mek\u00eb. Grupi kriminal ka ardhur n\u00eb SPAK.<\/p>\n<p>Minga: Avokat do na e thuash kush ishte ky gjyqtari?<\/p>\n<p>Gjokutaj: E dini t\u00eb gjith\u00eb. \u00cbsht\u00eb ky q\u00eb ka edhe nj\u00eb kall\u00ebzim penal. Ai q\u00eb \u00ebsht\u00eb takuar me t\u00eb te Hotel Tirana.<\/p>\n<p>Gazeta Sot<\/p>\n","protected":false},"excerpt":{"rendered":"<p>Avokati i njohur zbulon n\u00eb mes t\u00eb emisionin kush \u00ebsht\u00eb zyrtari i lart\u00eb i drejt\u00ebsis\u00eb q\u00eb u takua me Henri \u00c7ilin: \u00cbsht\u00eb ai q\u00eb ka edhe nj\u00eb kall\u00ebzim penal! 3 MARS 2020 Avokati Genc Gjokutaj ka folur mbr\u00ebmjen e djeshme rreth emrit t\u00eb gjyqtarit q\u00eb \u00ebsht\u00eb takuar me Henri \u00c7ilin. I ftuar n\u00eb emisionin \u201c360grad\u00eb\u201d [&hellip;]<\/p>\n","protected":false},"author":9,"featured_media":32010,"comment_status":"open","ping_status":"open","sticky":false,"template":"","format":"standard","meta":{"jetpack_post_was_ever_published":false,"_jetpack_newsletter_access":"","_jetpack_dont_email_post_to_subs":false,"_jetpack_newsletter_tier_id":0,"_jetpack_memberships_contains_paywalled_content":false,"_jetpack_memberships_contains_paid_content":false,"footnotes":"","jetpack_publicize_message":"","jetpack_publicize_feature_enabled":true,"jetpack_social_post_already_shared":true,"jetpack_social_options":{"image_generator_settings":{"template":"highway","default_image_id":0,"font":"","enabled":false},"version":2}},"categories":[27,35],"tags":[],"class_list":["post-32009","post","type-post","status-publish","format-standard","has-post-thumbnail","hentry","category-blogu-i-udhetarit","category-shoqerore"],"jetpack_publicize_connections":[],"jetpack_featured_media_url":"https:\/\/i0.wp.com\/www.shqiperia.com\/blog\/wp-content\/uploads\/2020\/03\/drejtesia-gjyqesia-e1546963204920.jpg?fit=424%2C230&ssl=1","jetpack_sharing_enabled":true,"jetpack_shortlink":"https:\/\/wp.me\/p5Z6wp-8kh","jetpack-related-posts":[{"id":58599,"url":"https:\/\/www.shqiperia.com\/blog\/avokati-deklarate-ndaj-gazetarit-te-njohur-artan-hoxha-ka-kryer-nje-krim-te-rende-mos-te\/","url_meta":{"origin":32009,"position":0},"title":"Avokati deklarat\u00eb ndaj gazetarit t\u00eb njohur: &#8211; Artan Hoxha ka kryer nj\u00eb krim t\u00eb r\u00ebnd\u00eb! &#8211; Mos t\u00eb&#8230;","author":"Kurt Farka","date":"June 5, 2022","format":false,"excerpt":"5 Qershor 2022 Avokati Genc Gjokutaj ka b\u00ebr\u00eb thirrje q\u00eb gazetari i njohur i kronik\u00ebs Artan Hoxha, t\u00eb mos ftohet m\u00eb n\u00ebp\u00ebr emisione. Reagimi i tij vjen pas nj\u00eb deklarate t\u00eb fort\u00eb q\u00eb b\u00ebri Hoxha, mbi d\u00ebshmin\u00eb e t\u00eb penduarit t\u00eb drejt\u00ebsis\u00eb Nuredin Dumani. Sipas tij, Dumani ka d\u00ebshmuar n\u00eb\u2026","rel":"","context":"In &quot;Blogu i Udh\u00ebtarit&quot;","block_context":{"text":"Blogu i Udh\u00ebtarit","link":"https:\/\/www.shqiperia.com\/blog\/category\/blogu-i-udhetarit\/"},"img":{"alt_text":"","src":"https:\/\/i0.wp.com\/www.shqiperia.com\/blog\/wp-content\/uploads\/2022\/06\/SPAKU.jpg?fit=770%2C434&ssl=1&resize=350%2C200","width":350,"height":200,"srcset":"https:\/\/i0.wp.com\/www.shqiperia.com\/blog\/wp-content\/uploads\/2022\/06\/SPAKU.jpg?fit=770%2C434&ssl=1&resize=350%2C200 1x, https:\/\/i0.wp.com\/www.shqiperia.com\/blog\/wp-content\/uploads\/2022\/06\/SPAKU.jpg?fit=770%2C434&ssl=1&resize=525%2C300 1.5x, https:\/\/i0.wp.com\/www.shqiperia.com\/blog\/wp-content\/uploads\/2022\/06\/SPAKU.jpg?fit=770%2C434&ssl=1&resize=700%2C400 2x"},"classes":[]},{"id":99657,"url":"https:\/\/www.shqiperia.com\/blog\/as-terroristet-nuk-i-lene-ne-kafaz-meta-gjykim-ne-kafazin-e-xhamte-avokati-gjokutaj-denigruese\/","url_meta":{"origin":32009,"position":1},"title":"\u201cAs terrorist\u00ebt nuk i l\u00ebn\u00eb n\u00eb kafaz\u201d\/ Meta gjykim n\u00eb kafazin e xhamt\u00eb, avokati Gjokutaj: Denigruese","author":"Kurt Farka","date":"April 27, 2026","format":false,"excerpt":"27 Prill 2026 N\u00eb gjykat\u00ebn kund\u00ebr Korrupsionit dhe Krimit t\u00eb Organizuar nisi sot gjyqi n\u00eb themel ndaj Ilir Met\u00ebs. P\u00ebr avokatin Genc Gjokutaj mbajtja e ish- presidentit t\u00eb Republik\u00ebs Ilir Meta n\u00eb nj\u00eb kafaz xhami \u00ebsht\u00eb praktik\u00eb si denigruese dhe n\u00eb kund\u00ebrshtim me parimet themelore t\u00eb drejt\u00ebsis\u00eb I ftuar n\u00eb\u2026","rel":"","context":"In &quot;Blogu i Udh\u00ebtarit&quot;","block_context":{"text":"Blogu i Udh\u00ebtarit","link":"https:\/\/www.shqiperia.com\/blog\/category\/blogu-i-udhetarit\/"},"img":{"alt_text":"","src":"https:\/\/i0.wp.com\/www.shqiperia.com\/blog\/wp-content\/uploads\/2026\/04\/gjokutaj-1.jpg?fit=675%2C361&ssl=1&resize=350%2C200","width":350,"height":200,"srcset":"https:\/\/i0.wp.com\/www.shqiperia.com\/blog\/wp-content\/uploads\/2026\/04\/gjokutaj-1.jpg?fit=675%2C361&ssl=1&resize=350%2C200 1x, https:\/\/i0.wp.com\/www.shqiperia.com\/blog\/wp-content\/uploads\/2026\/04\/gjokutaj-1.jpg?fit=675%2C361&ssl=1&resize=525%2C300 1.5x"},"classes":[]},{"id":90094,"url":"https:\/\/www.shqiperia.com\/blog\/a-jane-nen-hetim-gjyqtaret-e-kushtetueses-nga-spak-dumani-i-pergjigjet-holta-zacajt\/","url_meta":{"origin":32009,"position":2},"title":"A jan\u00eb n\u00ebn hetim gjyqtar\u00ebt e Kushtetueses nga SPAK? &#8211; Dumani i p\u00ebrgjigjet Holta Za\u00e7ajt","author":"Kurt Farka","date":"March 4, 2025","format":false,"excerpt":"4 Mars 2025 Drejtuesi i Prokuroris\u00eb s\u00eb Posa\u00e7me, Altin Dumani, ka informuar kryetaren e Gjykat\u00ebs Kushtetuese, Holta Za\u00e7aj se asnj\u00eb gjyqtar kushtetues nuk \u00ebsht\u00eb vendosur n\u00ebn hetim, sipas nj\u00eb shkrese nga \u201cBoldnews.al\u201d. Ky konfirmim vjen n\u00eb nj\u00eb moment kur z\u00ebra t\u00eb ndrysh\u00ebm publik\u00eb, p\u00ebrfshir\u00eb edhe ish-ministrin e Drejt\u00ebsis\u00eb, aktualisht avokati\u2026","rel":"","context":"In &quot;Blogu i Udh\u00ebtarit&quot;","block_context":{"text":"Blogu i Udh\u00ebtarit","link":"https:\/\/www.shqiperia.com\/blog\/category\/blogu-i-udhetarit\/"},"img":{"alt_text":"","src":"https:\/\/i0.wp.com\/www.shqiperia.com\/blog\/wp-content\/uploads\/2025\/03\/Screenshot_20250304_072431_Gallery-1536x1254-1.webp?fit=1200%2C980&ssl=1&resize=350%2C200","width":350,"height":200,"srcset":"https:\/\/i0.wp.com\/www.shqiperia.com\/blog\/wp-content\/uploads\/2025\/03\/Screenshot_20250304_072431_Gallery-1536x1254-1.webp?fit=1200%2C980&ssl=1&resize=350%2C200 1x, https:\/\/i0.wp.com\/www.shqiperia.com\/blog\/wp-content\/uploads\/2025\/03\/Screenshot_20250304_072431_Gallery-1536x1254-1.webp?fit=1200%2C980&ssl=1&resize=525%2C300 1.5x, https:\/\/i0.wp.com\/www.shqiperia.com\/blog\/wp-content\/uploads\/2025\/03\/Screenshot_20250304_072431_Gallery-1536x1254-1.webp?fit=1200%2C980&ssl=1&resize=700%2C400 2x, https:\/\/i0.wp.com\/www.shqiperia.com\/blog\/wp-content\/uploads\/2025\/03\/Screenshot_20250304_072431_Gallery-1536x1254-1.webp?fit=1200%2C980&ssl=1&resize=1050%2C600 3x"},"classes":[]},{"id":69997,"url":"https:\/\/www.shqiperia.com\/blog\/gjobevenesi-adriatik-doci-gjokutaj-thirrje-prokuroreve-hetoni-njeriun-qe-paguhet-edhe-si-gazetar-edhe-si-punonjes-i-klsh-se\/","url_meta":{"origin":32009,"position":3},"title":"Gjob\u00ebv\u00ebn\u00ebsi Adriatik Do\u00e7i, Gjokutaj thirrje prokuror\u00ebve: &#8211; Hetoni njeriun q\u00eb paguhet edhe si gazetar, edhe si punonj\u00ebs i KLSH-s\u00eb!","author":"Kurt Farka","date":"March 24, 2023","format":false,"excerpt":"24 Mars 2023 K\u00ebt\u00eb t\u00eb enjte n\u00eb media u publikua dhe m\u00eb pas u b\u00eb viral nj\u00eb audiop\u00ebrgjim i pseudo-gazetarit gjobaxhi Adriatik Do\u00e7i. N\u00eb p\u00ebrgjimin e publikuar nga portali PublikTV.Live, Do\u00e7i tregon m\u00ebnyr\u00ebn se si i vendos gjoba biznesmen\u00ebve, prokuror\u00ebve, gjyqtar\u00ebve, poltikan\u00ebve apo edhe ministrave t\u00eb ndrysh\u00ebm, t\u00eb qeveris\u00eb s\u00eb\u2026","rel":"","context":"In &quot;Blogu i Udh\u00ebtarit&quot;","block_context":{"text":"Blogu i Udh\u00ebtarit","link":"https:\/\/www.shqiperia.com\/blog\/category\/blogu-i-udhetarit\/"},"img":{"alt_text":"","src":"https:\/\/i0.wp.com\/www.shqiperia.com\/blog\/wp-content\/uploads\/2023\/03\/640-0-genci-1679605357.jpg?fit=640%2C389&ssl=1&resize=350%2C200","width":350,"height":200,"srcset":"https:\/\/i0.wp.com\/www.shqiperia.com\/blog\/wp-content\/uploads\/2023\/03\/640-0-genci-1679605357.jpg?fit=640%2C389&ssl=1&resize=350%2C200 1x, https:\/\/i0.wp.com\/www.shqiperia.com\/blog\/wp-content\/uploads\/2023\/03\/640-0-genci-1679605357.jpg?fit=640%2C389&ssl=1&resize=525%2C300 1.5x"},"classes":[]},{"id":52606,"url":"https:\/\/www.shqiperia.com\/blog\/avokati-gjokutaj-baton-haxhiu-spiuni-i-serbeve-qe-paguhet-18-mln-leke-ne-muaj\/","url_meta":{"origin":32009,"position":4},"title":"Avokati Gjokutaj: Baton Haxhiu, spiuni i serb\u00ebve q\u00eb paguhet 18 mln lek\u00eb n\u00eb muaj","author":"Kurt Farka","date":"December 22, 2021","format":false,"excerpt":"Avokati Gjokutaj: Baton Haxhiu, spiuni i serb\u00ebve q\u00eb paguhet 18 mln lek\u00eb n\u00eb muaj Nga Gazeta Telegraf - 22 Dhjetor 2021 Avokati i njohur Genc Gjokutaj deklaron duke iu refereuar databaz\u00ebs s\u00eb t\u00eb dh\u00ebnave t\u00eb pagave, se Baton Haxhiu paguhet 18 mln lek\u00eb n\u00eb muaj nga nj\u00eb spital privat. I\u2026","rel":"","context":"In &quot;Blogu i Udh\u00ebtarit&quot;","block_context":{"text":"Blogu i Udh\u00ebtarit","link":"https:\/\/www.shqiperia.com\/blog\/category\/blogu-i-udhetarit\/"},"img":{"alt_text":"","src":"https:\/\/i0.wp.com\/www.shqiperia.com\/blog\/wp-content\/uploads\/2021\/12\/Genc-Gjokutaj.jpg?fit=890%2C502&ssl=1&resize=350%2C200","width":350,"height":200,"srcset":"https:\/\/i0.wp.com\/www.shqiperia.com\/blog\/wp-content\/uploads\/2021\/12\/Genc-Gjokutaj.jpg?fit=890%2C502&ssl=1&resize=350%2C200 1x, https:\/\/i0.wp.com\/www.shqiperia.com\/blog\/wp-content\/uploads\/2021\/12\/Genc-Gjokutaj.jpg?fit=890%2C502&ssl=1&resize=525%2C300 1.5x, https:\/\/i0.wp.com\/www.shqiperia.com\/blog\/wp-content\/uploads\/2021\/12\/Genc-Gjokutaj.jpg?fit=890%2C502&ssl=1&resize=700%2C400 2x"},"classes":[]},{"id":66554,"url":"https:\/\/www.shqiperia.com\/blog\/genc-gjokutaj-ai-pergjim-i-artan-hoxhes-nuk-eshte-prove\/","url_meta":{"origin":32009,"position":5},"title":"Genc Gjokutaj: Ai p\u00ebrgjim (i Artan Hoxh\u00ebs) nuk \u00ebsht\u00eb prov\u00eb!","author":"Kurt Farka","date":"January 22, 2023","format":false,"excerpt":"22 Janar 2023 Avokati Genc Gjokutaj thot\u00eb se p\u00ebrgjimi i publikuar nga gazetari Artan Hoxha nuk \u00ebsht\u00eb prov\u00eb. N\u00eb nj\u00eb lidhje me Skype p\u00ebr edicionin e pasdites n\u00eb Syri Tv ai tha se 21 janari \u00ebsht\u00eb hetuar me pasion nga kryeprokurorja e at\u00ebhershme, Ina Rama e cila tentoi me \u00e7do\u2026","rel":"","context":"In &quot;Blogu i Udh\u00ebtarit&quot;","block_context":{"text":"Blogu i Udh\u00ebtarit","link":"https:\/\/www.shqiperia.com\/blog\/category\/blogu-i-udhetarit\/"},"img":{"alt_text":"","src":"https:\/\/i0.wp.com\/www.shqiperia.com\/blog\/wp-content\/uploads\/2023\/01\/Untitled-design-10-5.jpg?fit=1200%2C675&ssl=1&resize=350%2C200","width":350,"height":200,"srcset":"https:\/\/i0.wp.com\/www.shqiperia.com\/blog\/wp-content\/uploads\/2023\/01\/Untitled-design-10-5.jpg?fit=1200%2C675&ssl=1&resize=350%2C200 1x, https:\/\/i0.wp.com\/www.shqiperia.com\/blog\/wp-content\/uploads\/2023\/01\/Untitled-design-10-5.jpg?fit=1200%2C675&ssl=1&resize=525%2C300 1.5x, https:\/\/i0.wp.com\/www.shqiperia.com\/blog\/wp-content\/uploads\/2023\/01\/Untitled-design-10-5.jpg?fit=1200%2C675&ssl=1&resize=700%2C400 2x, https:\/\/i0.wp.com\/www.shqiperia.com\/blog\/wp-content\/uploads\/2023\/01\/Untitled-design-10-5.jpg?fit=1200%2C675&ssl=1&resize=1050%2C600 3x"},"classes":[]}],"_links":{"self":[{"href":"https:\/\/www.shqiperia.com\/blog\/wp-json\/wp\/v2\/posts\/32009","targetHints":{"allow":["GET"]}}],"collection":[{"href":"https:\/\/www.shqiperia.com\/blog\/wp-json\/wp\/v2\/posts"}],"about":[{"href":"https:\/\/www.shqiperia.com\/blog\/wp-json\/wp\/v2\/types\/post"}],"author":[{"embeddable":true,"href":"https:\/\/www.shqiperia.com\/blog\/wp-json\/wp\/v2\/users\/9"}],"replies":[{"embeddable":true,"href":"https:\/\/www.shqiperia.com\/blog\/wp-json\/wp\/v2\/comments?post=32009"}],"version-history":[{"count":1,"href":"https:\/\/www.shqiperia.com\/blog\/wp-json\/wp\/v2\/posts\/32009\/revisions"}],"predecessor-version":[{"id":32012,"href":"https:\/\/www.shqiperia.com\/blog\/wp-json\/wp\/v2\/posts\/32009\/revisions\/32012"}],"wp:featuredmedia":[{"embeddable":true,"href":"https:\/\/www.shqiperia.com\/blog\/wp-json\/wp\/v2\/media\/32010"}],"wp:attachment":[{"href":"https:\/\/www.shqiperia.com\/blog\/wp-json\/wp\/v2\/media?parent=32009"}],"wp:term":[{"taxonomy":"category","embeddable":true,"href":"https:\/\/www.shqiperia.com\/blog\/wp-json\/wp\/v2\/categories?post=32009"},{"taxonomy":"post_tag","embeddable":true,"href":"https:\/\/www.shqiperia.com\/blog\/wp-json\/wp\/v2\/tags?post=32009"}],"curies":[{"name":"wp","href":"https:\/\/api.w.org\/{rel}","templated":true}]}}