{"id":32006,"date":"2020-03-03T06:46:07","date_gmt":"2020-03-03T06:46:07","guid":{"rendered":"https:\/\/www.shqiperia.com\/blog\/?p=32006"},"modified":"2020-03-03T06:46:07","modified_gmt":"2020-03-03T06:46:07","slug":"ylli-rakipi-nuk-doli-ne-shesh-presidenti-i-republikes-por-nje-politikan-rrace-qe-dha-nje-mesazh-te-qarte","status":"publish","type":"post","link":"https:\/\/www.shqiperia.com\/blog\/ylli-rakipi-nuk-doli-ne-shesh-presidenti-i-republikes-por-nje-politikan-rrace-qe-dha-nje-mesazh-te-qarte\/","title":{"rendered":"Ylli Rakipi: &#8211; Nuk doli n\u00eb shesh Presidenti i Republik\u00ebs, por nj\u00eb politikan rrace q\u00eb dha nj\u00eb mesazh t\u00eb qart\u00eb"},"content":{"rendered":"<p><img data-recalc-dims=\"1\" loading=\"lazy\" decoding=\"async\" data-attachment-id=\"32007\" data-permalink=\"https:\/\/www.shqiperia.com\/blog\/ylli-rakipi-nuk-doli-ne-shesh-presidenti-i-republikes-por-nje-politikan-rrace-qe-dha-nje-mesazh-te-qarte\/screenshot-2020-03-02-at-19-09-44\/\" data-orig-file=\"https:\/\/i0.wp.com\/www.shqiperia.com\/blog\/wp-content\/uploads\/2020\/03\/Screenshot-2020-03-02-at-19.09.44.png?fit=2002%2C1092&amp;ssl=1\" data-orig-size=\"2002,1092\" data-comments-opened=\"1\" data-image-meta=\"{&quot;aperture&quot;:&quot;0&quot;,&quot;credit&quot;:&quot;&quot;,&quot;camera&quot;:&quot;&quot;,&quot;caption&quot;:&quot;&quot;,&quot;created_timestamp&quot;:&quot;0&quot;,&quot;copyright&quot;:&quot;&quot;,&quot;focal_length&quot;:&quot;0&quot;,&quot;iso&quot;:&quot;0&quot;,&quot;shutter_speed&quot;:&quot;0&quot;,&quot;title&quot;:&quot;&quot;,&quot;orientation&quot;:&quot;0&quot;}\" data-image-title=\"Ylli Rakipi\" data-image-description=\"\" data-image-caption=\"\" data-medium-file=\"https:\/\/i0.wp.com\/www.shqiperia.com\/blog\/wp-content\/uploads\/2020\/03\/Screenshot-2020-03-02-at-19.09.44.png?fit=300%2C164&amp;ssl=1\" data-large-file=\"https:\/\/i0.wp.com\/www.shqiperia.com\/blog\/wp-content\/uploads\/2020\/03\/Screenshot-2020-03-02-at-19.09.44.png?fit=1024%2C559&amp;ssl=1\" class=\"alignnone  wp-image-32007\" alt=\"\" src=\"https:\/\/i0.wp.com\/www.shqiperia.com\/blog\/wp-content\/uploads\/2020\/03\/Screenshot-2020-03-02-at-19.09.44.png?resize=609%2C333&#038;ssl=1\" width=\"609\" height=\"333\" srcset=\"https:\/\/i0.wp.com\/www.shqiperia.com\/blog\/wp-content\/uploads\/2020\/03\/Screenshot-2020-03-02-at-19.09.44.png?resize=300%2C164&amp;ssl=1 300w, https:\/\/i0.wp.com\/www.shqiperia.com\/blog\/wp-content\/uploads\/2020\/03\/Screenshot-2020-03-02-at-19.09.44.png?resize=1024%2C559&amp;ssl=1 1024w, https:\/\/i0.wp.com\/www.shqiperia.com\/blog\/wp-content\/uploads\/2020\/03\/Screenshot-2020-03-02-at-19.09.44.png?resize=768%2C419&amp;ssl=1 768w, https:\/\/i0.wp.com\/www.shqiperia.com\/blog\/wp-content\/uploads\/2020\/03\/Screenshot-2020-03-02-at-19.09.44.png?resize=1536%2C838&amp;ssl=1 1536w, https:\/\/i0.wp.com\/www.shqiperia.com\/blog\/wp-content\/uploads\/2020\/03\/Screenshot-2020-03-02-at-19.09.44.png?resize=2000%2C1091&amp;ssl=1 2000w, https:\/\/i0.wp.com\/www.shqiperia.com\/blog\/wp-content\/uploads\/2020\/03\/Screenshot-2020-03-02-at-19.09.44.png?resize=450%2C245&amp;ssl=1 450w, https:\/\/i0.wp.com\/www.shqiperia.com\/blog\/wp-content\/uploads\/2020\/03\/Screenshot-2020-03-02-at-19.09.44.png?resize=600%2C327&amp;ssl=1 600w, https:\/\/i0.wp.com\/www.shqiperia.com\/blog\/wp-content\/uploads\/2020\/03\/Screenshot-2020-03-02-at-19.09.44.png?resize=1500%2C818&amp;ssl=1 1500w, https:\/\/i0.wp.com\/www.shqiperia.com\/blog\/wp-content\/uploads\/2020\/03\/Screenshot-2020-03-02-at-19.09.44.png?resize=1300%2C709&amp;ssl=1 1300w, https:\/\/i0.wp.com\/www.shqiperia.com\/blog\/wp-content\/uploads\/2020\/03\/Screenshot-2020-03-02-at-19.09.44.png?resize=400%2C218&amp;ssl=1 400w, https:\/\/i0.wp.com\/www.shqiperia.com\/blog\/wp-content\/uploads\/2020\/03\/Screenshot-2020-03-02-at-19.09.44.png?w=2002&amp;ssl=1 2002w\" sizes=\"auto, (max-width: 609px) 100vw, 609px\" \/><\/p>\n<p><strong>Ylli Rakipi: &#8211; Nuk doli n\u00eb shesh Presidenti i Republik\u00ebs, por nj\u00eb politikan rrace q\u00eb dha nj\u00eb mesazh t\u00eb qart\u00eb<\/strong><\/p>\n<p><strong>2 Mars, 2020 <\/strong><\/p>\n<p>Gazetari Ylli Rakipi ka qen\u00eb i ftuar n\u00eb studion e Abc News, me gazetaren Mirela Milori, p\u00ebr t\u00eb diskutuar aktualitetin politik n\u00eb vend dhe tubimin e sot\u00ebm t\u00eb organizuar nga Presidenti, Ilir Meta.<\/p>\n<p>Rakipi tha se tubimi i Presidentit ishte i mbushur me simbolika, t\u00eb cilat ai i ka llogaritur si nj\u00eb politikan rrace, p\u00ebr t\u2019i dh\u00ebn\u00eb gjith\u00ebkujt nj\u00eb mesazh t\u00eb qart\u00eb, p\u00ebr mbrojtjen e Kushtetut\u00ebs.<\/p>\n<p>\u201cN\u00eb fakt \u00ebsht\u00eb metaforike, nj\u00eb simbol interesant, q\u00eb buron nga 2500 vjet m\u00eb par\u00eb n\u00eb demokracin\u00eb athinase, ku Perikliu i zgjidhte t\u00eb gjitha problemet tek sheshi. \u00cbsht\u00eb e domosdoshme, sepse ka r\u00ebn\u00eb sistemi, m\u00eb sakt\u00eb, \u00ebsht\u00eb nd\u00ebrtuar sistemi sipas d\u00ebshirave t\u00eb nj\u00ebrit apo tjetrit. Shqip\u00ebria \u00ebsht\u00eb nj\u00eb sistem vlerash, t\u00eb cil\u00ebn nuk e kupton askush, as t\u00eb huajt, por e l\u00ebn\u00eb k\u00ebt\u00eb vend t\u00eb vijoj\u00eb n\u00eb k\u00ebt\u00eb m\u00ebnyr\u00eb t\u00eb \u00e7uditshme.<br \/>\nPresidenti i Republik\u00ebs doli n\u00eb shesh, sepse askush nuk e lejon t\u00eb b\u00ebj\u00eb aq pak detyra sa ai ka. Nuk duhet t\u00eb \u00e7uditemi, p\u00ebrse nj\u00eb njeri si Ilir Meta b\u00ebn k\u00ebto veprime.<br \/>\nMeta \u00ebsht\u00eb nj\u00eb politikan rrace dhe di t\u2019i b\u00ebj\u00eb k\u00ebto shenjat, i ka studiuar, si\u00e7 studion Rama strategjit\u00eb e tij me poturet.<\/p>\n<p>Sot nuk \u00ebsht\u00eb kryetari i shtetit ai q\u00eb doli nga selia, por nj\u00eb politikan rrace.\u00a0 Meta i\u2019u tregoi njer\u00ebzve, q\u00eb un\u00eb jam Ilir Meta, k\u00ebt\u00eb vend q\u00eb kam k\u00ebtu do ta mbroj, bashk\u00eb me ju\u201d, u shpreh Rakipi.<\/p>\n<p>\/TPZ.al\/<\/p>\n","protected":false},"excerpt":{"rendered":"<p>Ylli Rakipi: &#8211; Nuk doli n\u00eb shesh Presidenti i Republik\u00ebs, por nj\u00eb politikan rrace q\u00eb dha nj\u00eb mesazh t\u00eb qart\u00eb 2 Mars, 2020 Gazetari Ylli Rakipi ka qen\u00eb i ftuar n\u00eb studion e Abc News, me gazetaren Mirela Milori, p\u00ebr t\u00eb diskutuar aktualitetin politik n\u00eb vend dhe tubimin e sot\u00ebm t\u00eb organizuar nga Presidenti, Ilir [&hellip;]<\/p>\n","protected":false},"author":9,"featured_media":32007,"comment_status":"open","ping_status":"open","sticky":false,"template":"","format":"standard","meta":{"jetpack_post_was_ever_published":false,"_jetpack_newsletter_access":"","_jetpack_dont_email_post_to_subs":false,"_jetpack_newsletter_tier_id":0,"_jetpack_memberships_contains_paywalled_content":false,"_jetpack_memberships_contains_paid_content":false,"footnotes":"","jetpack_publicize_message":"","jetpack_publicize_feature_enabled":true,"jetpack_social_post_already_shared":true,"jetpack_social_options":{"image_generator_settings":{"template":"highway","default_image_id":0,"font":"","enabled":false},"version":2}},"categories":[27,2,35],"tags":[],"class_list":["post-32006","post","type-post","status-publish","format-standard","has-post-thumbnail","hentry","category-blogu-i-udhetarit","category-politika","category-shoqerore"],"jetpack_publicize_connections":[],"jetpack_featured_media_url":"https:\/\/i0.wp.com\/www.shqiperia.com\/blog\/wp-content\/uploads\/2020\/03\/Screenshot-2020-03-02-at-19.09.44.png?fit=2002%2C1092&ssl=1","jetpack_sharing_enabled":true,"jetpack_shortlink":"https:\/\/wp.me\/p5Z6wp-8ke","jetpack-related-posts":[{"id":28428,"url":"https:\/\/www.shqiperia.com\/blog\/shperthen-ylli-rakipi-ambasadori-soreca-nje-keqberes-ne-shqiperi-borchardt-nje-ambasador-qesharak\/","url_meta":{"origin":32006,"position":0},"title":"Shp\u00ebrthen Ylli Rakipi: &#8211; Ambasadori Soreca, nj\u00eb keqb\u00ebr\u00ebs n\u00eb Shqip\u00ebri. Borchardt, nj\u00eb ambasador qesharak. &#8211;","author":"Kurt Farka","date":"November 22, 2019","format":false,"excerpt":"Shp\u00ebrthen Ylli Rakipi: - Ambasadori Soreca, nj\u00eb keqb\u00ebr\u00ebs n\u00eb Shqip\u00ebri. Borchardt, nj\u00eb ambasador qesharak 21 nentor 2019 Gazetari Ylli Rakipi, i ftuar n\u00eb studion e ABC News, me Mirela Milorin, ka folur p\u00ebr zhvillimet e fundit politike n\u00eb vend. Rakipi tha se institucioni i fundit q\u00eb ka mbetur pa marr\u00eb\u2026","rel":"","context":"In &quot;Blogu i Udh\u00ebtarit&quot;","block_context":{"text":"Blogu i Udh\u00ebtarit","link":"https:\/\/www.shqiperia.com\/blog\/category\/blogu-i-udhetarit\/"},"img":{"alt_text":"","src":"https:\/\/i0.wp.com\/www.shqiperia.com\/blog\/wp-content\/uploads\/2019\/11\/ylli-rakipi.jpg?fit=696%2C368&ssl=1&resize=350%2C200","width":350,"height":200,"srcset":"https:\/\/i0.wp.com\/www.shqiperia.com\/blog\/wp-content\/uploads\/2019\/11\/ylli-rakipi.jpg?fit=696%2C368&ssl=1&resize=350%2C200 1x, https:\/\/i0.wp.com\/www.shqiperia.com\/blog\/wp-content\/uploads\/2019\/11\/ylli-rakipi.jpg?fit=696%2C368&ssl=1&resize=525%2C300 1.5x"},"classes":[]},{"id":64224,"url":"https:\/\/www.shqiperia.com\/blog\/ishte-nje-proteste-e-stermadhe-ylli-rakipi-pse-duhet-te-shqetesohet-qeveria\/","url_meta":{"origin":32006,"position":1},"title":"\u201cIshte nj\u00eb protest\u00eb e st\u00ebrmadhe\u201d\/ Ylli Rakipi: &#8211; Pse duhet t\u00eb shqet\u00ebsohet qeveria","author":"Kurt Farka","date":"November 12, 2022","format":false,"excerpt":"12 Nentor 2022 Gazetari Ylli Rakipi \u00ebsht\u00eb shprehur se ka mbetur i habitur nga pjes\u00ebmarrja n\u00eb protest\u00ebn e sotme t\u00eb organizuar nga opozita. Ai \u00ebsht\u00eb shprehur se kjo ishte nj\u00eb protest\u00eb e st\u00ebrmadhe ku lexohej qart\u00eb se pjes\u00ebmarr\u00ebsit nuk ishin vet\u00ebm militant\u00ebt, por edhe nga njer\u00ebz q\u00eb i kishte zbritur\u2026","rel":"","context":"In &quot;Blogu i Udh\u00ebtarit&quot;","block_context":{"text":"Blogu i Udh\u00ebtarit","link":"https:\/\/www.shqiperia.com\/blog\/category\/blogu-i-udhetarit\/"},"img":{"alt_text":"","src":"https:\/\/i0.wp.com\/www.shqiperia.com\/blog\/wp-content\/uploads\/2022\/11\/protesta-4.png?fit=686%2C431&ssl=1&resize=350%2C200","width":350,"height":200,"srcset":"https:\/\/i0.wp.com\/www.shqiperia.com\/blog\/wp-content\/uploads\/2022\/11\/protesta-4.png?fit=686%2C431&ssl=1&resize=350%2C200 1x, https:\/\/i0.wp.com\/www.shqiperia.com\/blog\/wp-content\/uploads\/2022\/11\/protesta-4.png?fit=686%2C431&ssl=1&resize=525%2C300 1.5x"},"classes":[]},{"id":75203,"url":"https:\/\/www.shqiperia.com\/blog\/ylli-rakipi-i-thote-endri-shabanit-ti-je-askushi-nuk-po-thua-asgje-qe-te-te-votojne-shqiptaret-endri-shabanie-dua-ta-shpetoj-shqiperine\/","url_meta":{"origin":32006,"position":2},"title":"Ylli Rakipi i thot\u00eb Endri Shabanit: &#8211; Ti je askushi, nuk po thua asgj\u00eb q\u00eb t\u00eb t\u00eb votojn\u00eb shqiptar\u00ebt.  Endri Shabani\u00cb &#8211; \u201cDua ta shp\u00ebtoj Shqip\u00ebrin\u00eb&#8230;","author":"Kurt Farka","date":"November 3, 2023","format":false,"excerpt":"3 Nentor 2023 N\u00eb studion e emisionit \u201cT\u00eb Paekspozuarit\u201d, kreu i l\u00ebvizjes \u201cThurje\u201d, Endri Shabani, tha se n\u00eb Shqip\u00ebri ka ardhur koha q\u00eb politika e vjet\u00ebr t\u2019i l\u00ebr\u00eb vendin t\u00eb res\u00eb. Shabani tha se e nj\u00ebjta gj\u00eb vlen edhe p\u00ebr median, \u00e7'ka u b\u00eb shkak p\u00ebr nj\u00eb debat me gazetarin\u2026","rel":"","context":"In &quot;Blogu i Udh\u00ebtarit&quot;","block_context":{"text":"Blogu i Udh\u00ebtarit","link":"https:\/\/www.shqiperia.com\/blog\/category\/blogu-i-udhetarit\/"},"img":{"alt_text":"","src":"https:\/\/i0.wp.com\/www.shqiperia.com\/blog\/wp-content\/uploads\/2023\/11\/800-0-shabani.jpg?fit=800%2C481&ssl=1&resize=350%2C200","width":350,"height":200,"srcset":"https:\/\/i0.wp.com\/www.shqiperia.com\/blog\/wp-content\/uploads\/2023\/11\/800-0-shabani.jpg?fit=800%2C481&ssl=1&resize=350%2C200 1x, https:\/\/i0.wp.com\/www.shqiperia.com\/blog\/wp-content\/uploads\/2023\/11\/800-0-shabani.jpg?fit=800%2C481&ssl=1&resize=525%2C300 1.5x, https:\/\/i0.wp.com\/www.shqiperia.com\/blog\/wp-content\/uploads\/2023\/11\/800-0-shabani.jpg?fit=800%2C481&ssl=1&resize=700%2C400 2x"},"classes":[]},{"id":14952,"url":"https:\/\/www.shqiperia.com\/blog\/ylli-rakipi-ka-marre-mesazhe-kercenuese-per-jeten\/","url_meta":{"origin":32006,"position":3},"title":"Ylli Rakipi ka marr\u00eb mesazhe k\u00ebrc\u00ebnuese p\u00ebr jet\u00ebn. &#8211;","author":"Kurt Farka","date":"December 18, 2018","format":false,"excerpt":"Ylli Rakipi ka marr\u00eb mesazhe k\u00ebrc\u00ebnuese p\u00ebr jet\u00ebn. - 18\/12\/2018, Pas lajmit t\u00eb publikuar dit\u00ebn e sotme n\u00eb lidhje me faktin se drejtuesi i emisionit \u201cT\u00eb Paekspozuarit\u201d, Ylli Rakipi ka marr\u00eb mesazhe k\u00ebrc\u00ebnuese p\u00ebr jet\u00ebn, vjen nj\u00eb reagim nga Partia Demokratike. P\u00ebrmes nj\u00eb deklarate PD ka d\u00ebnuar k\u00ebrc\u00ebnimet e b\u00ebra\u2026","rel":"","context":"In &quot;Blogu i Udh\u00ebtarit&quot;","block_context":{"text":"Blogu i Udh\u00ebtarit","link":"https:\/\/www.shqiperia.com\/blog\/category\/blogu-i-udhetarit\/"},"img":{"alt_text":"","src":"https:\/\/i0.wp.com\/www.shqiperia.com\/blog\/wp-content\/uploads\/2018\/12\/Ylli-Rakipi-.jpg?fit=596%2C339&ssl=1&resize=350%2C200","width":350,"height":200,"srcset":"https:\/\/i0.wp.com\/www.shqiperia.com\/blog\/wp-content\/uploads\/2018\/12\/Ylli-Rakipi-.jpg?fit=596%2C339&ssl=1&resize=350%2C200 1x, https:\/\/i0.wp.com\/www.shqiperia.com\/blog\/wp-content\/uploads\/2018\/12\/Ylli-Rakipi-.jpg?fit=596%2C339&ssl=1&resize=525%2C300 1.5x"},"classes":[]},{"id":36738,"url":"https:\/\/www.shqiperia.com\/blog\/reagon-ashper-ylli-rakipi-lulzim-basha-eshte-kenaqur-me-nje-kocke-kete-radhe-nese-e-ka-bere-kete-nuk-eshte-ne-rregull\/","url_meta":{"origin":32006,"position":4},"title":"Reagon ashp\u00ebr Ylli Rakipi: &#8211; Lulzim Basha \u00ebsht\u00eb k\u00ebnaqur me nj\u00eb kock\u00eb k\u00ebt\u00eb radh\u00eb. N\u00ebse e ka b\u00ebr\u00eb k\u00ebt\u00eb nuk \u00ebsht\u00eb n\u00eb rregull!","author":"Kurt Farka","date":"July 31, 2020","format":false,"excerpt":"Reagon ashp\u00ebr Ylli Rakipi: - Lulzim Basha \u00ebsht\u00eb k\u00ebnaqur me nj\u00eb kock\u00eb k\u00ebt\u00eb radh\u00eb. N\u00ebse e ka b\u00ebr\u00eb k\u00ebt\u00eb nuk \u00ebsht\u00eb n\u00eb rregull! 30 KORRIK 2020 F Gazetari Ylli Rakipi u shpreh se opozita nuk \u00ebsht\u00eb prer\u00eb n\u00eb bes\u00eb, pasi sipas tij nuk mund t\u00eb pritet q\u00eb Rama t\u00eb jet\u00eb\u2026","rel":"","context":"In &quot;Blogu i Udh\u00ebtarit&quot;","block_context":{"text":"Blogu i Udh\u00ebtarit","link":"https:\/\/www.shqiperia.com\/blog\/category\/blogu-i-udhetarit\/"},"img":{"alt_text":"","src":"https:\/\/i0.wp.com\/www.shqiperia.com\/blog\/wp-content\/uploads\/2020\/07\/800-0-5f2320f236738.jpg?fit=800%2C451&ssl=1&resize=350%2C200","width":350,"height":200,"srcset":"https:\/\/i0.wp.com\/www.shqiperia.com\/blog\/wp-content\/uploads\/2020\/07\/800-0-5f2320f236738.jpg?fit=800%2C451&ssl=1&resize=350%2C200 1x, https:\/\/i0.wp.com\/www.shqiperia.com\/blog\/wp-content\/uploads\/2020\/07\/800-0-5f2320f236738.jpg?fit=800%2C451&ssl=1&resize=525%2C300 1.5x, https:\/\/i0.wp.com\/www.shqiperia.com\/blog\/wp-content\/uploads\/2020\/07\/800-0-5f2320f236738.jpg?fit=800%2C451&ssl=1&resize=700%2C400 2x"},"classes":[]},{"id":15900,"url":"https:\/\/www.shqiperia.com\/blog\/ligji-per-mediat-ylli-rakipi-rama-ekzibicionisti-qe-na-tregoi-organet-gjenitale-tashme-rojtar-i-moralit-publik\/","url_meta":{"origin":32006,"position":5},"title":"Ligji p\u00ebr mediat\/ Ylli Rakipi: &#8211; Rama, ekzibicionisti q\u00eb na tregoi organet gjenitale, tashm\u00eb rojtar i moralit publik. &#8211;","author":"Kurt Farka","date":"January 12, 2019","format":false,"excerpt":"Ligji p\u00ebr mediat\/ Ylli Rakipi: - Rama, ekzibicionisti q\u00eb na tregoi organet gjenitale, tashm\u00eb rojtar i moralit publik. - 11 Janar, 2019 . Ylli Rakipi, n\u00eb nj\u00eb tryez\u00eb t\u00eb organizuar p\u00ebr lirin\u00eb e medias, e ka quajtur projektligjin e propozuar nga Edi Rama, nj\u00eb atentat ndaj fjal\u00ebs s\u00eb lir\u00eb, nj\u00eb\u2026","rel":"","context":"In &quot;Blogu i Udh\u00ebtarit&quot;","block_context":{"text":"Blogu i Udh\u00ebtarit","link":"https:\/\/www.shqiperia.com\/blog\/category\/blogu-i-udhetarit\/"},"img":{"alt_text":"","src":"https:\/\/i0.wp.com\/www.shqiperia.com\/blog\/wp-content\/uploads\/2019\/01\/ylli-rama-.jpg?fit=869%2C492&ssl=1&resize=350%2C200","width":350,"height":200,"srcset":"https:\/\/i0.wp.com\/www.shqiperia.com\/blog\/wp-content\/uploads\/2019\/01\/ylli-rama-.jpg?fit=869%2C492&ssl=1&resize=350%2C200 1x, https:\/\/i0.wp.com\/www.shqiperia.com\/blog\/wp-content\/uploads\/2019\/01\/ylli-rama-.jpg?fit=869%2C492&ssl=1&resize=525%2C300 1.5x, https:\/\/i0.wp.com\/www.shqiperia.com\/blog\/wp-content\/uploads\/2019\/01\/ylli-rama-.jpg?fit=869%2C492&ssl=1&resize=700%2C400 2x"},"classes":[]}],"_links":{"self":[{"href":"https:\/\/www.shqiperia.com\/blog\/wp-json\/wp\/v2\/posts\/32006","targetHints":{"allow":["GET"]}}],"collection":[{"href":"https:\/\/www.shqiperia.com\/blog\/wp-json\/wp\/v2\/posts"}],"about":[{"href":"https:\/\/www.shqiperia.com\/blog\/wp-json\/wp\/v2\/types\/post"}],"author":[{"embeddable":true,"href":"https:\/\/www.shqiperia.com\/blog\/wp-json\/wp\/v2\/users\/9"}],"replies":[{"embeddable":true,"href":"https:\/\/www.shqiperia.com\/blog\/wp-json\/wp\/v2\/comments?post=32006"}],"version-history":[{"count":1,"href":"https:\/\/www.shqiperia.com\/blog\/wp-json\/wp\/v2\/posts\/32006\/revisions"}],"predecessor-version":[{"id":32008,"href":"https:\/\/www.shqiperia.com\/blog\/wp-json\/wp\/v2\/posts\/32006\/revisions\/32008"}],"wp:featuredmedia":[{"embeddable":true,"href":"https:\/\/www.shqiperia.com\/blog\/wp-json\/wp\/v2\/media\/32007"}],"wp:attachment":[{"href":"https:\/\/www.shqiperia.com\/blog\/wp-json\/wp\/v2\/media?parent=32006"}],"wp:term":[{"taxonomy":"category","embeddable":true,"href":"https:\/\/www.shqiperia.com\/blog\/wp-json\/wp\/v2\/categories?post=32006"},{"taxonomy":"post_tag","embeddable":true,"href":"https:\/\/www.shqiperia.com\/blog\/wp-json\/wp\/v2\/tags?post=32006"}],"curies":[{"name":"wp","href":"https:\/\/api.w.org\/{rel}","templated":true}]}}