{"id":32002,"date":"2020-03-03T06:34:50","date_gmt":"2020-03-03T06:34:50","guid":{"rendered":"https:\/\/www.shqiperia.com\/blog\/?p=32002"},"modified":"2020-03-03T06:35:32","modified_gmt":"2020-03-03T06:35:32","slug":"32002-2","status":"publish","type":"post","link":"https:\/\/www.shqiperia.com\/blog\/32002-2\/","title":{"rendered":"S\u2019t\u00eb kam quajtur \u2018tin\u00ebzak\u2019\u201d, Rama i p\u00ebrgjigjet \u2018flak\u00eb p\u00ebr flak\u00eb\u2019 Isa Mustaf\u00ebs dhe nxjerr prapaskenat e takimit mes tyre: Ta b\u00ebjm\u00eb dhe pik\u00eb!"},"content":{"rendered":"<p><img data-recalc-dims=\"1\" loading=\"lazy\" decoding=\"async\" data-attachment-id=\"32003\" data-permalink=\"https:\/\/www.shqiperia.com\/blog\/32002-2\/800-0-5e5df56a3d7b7\/\" data-orig-file=\"https:\/\/i0.wp.com\/www.shqiperia.com\/blog\/wp-content\/uploads\/2020\/03\/800-0-5e5df56a3d7b7.jpg?fit=800%2C600&amp;ssl=1\" data-orig-size=\"800,600\" data-comments-opened=\"1\" data-image-meta=\"{&quot;aperture&quot;:&quot;0&quot;,&quot;credit&quot;:&quot;&quot;,&quot;camera&quot;:&quot;&quot;,&quot;caption&quot;:&quot;&quot;,&quot;created_timestamp&quot;:&quot;0&quot;,&quot;copyright&quot;:&quot;&quot;,&quot;focal_length&quot;:&quot;0&quot;,&quot;iso&quot;:&quot;0&quot;,&quot;shutter_speed&quot;:&quot;0&quot;,&quot;title&quot;:&quot;&quot;,&quot;orientation&quot;:&quot;0&quot;}\" data-image-title=\"-800-0-5e5df56a3d7b7\" data-image-description=\"\" data-image-caption=\"\" data-medium-file=\"https:\/\/i0.wp.com\/www.shqiperia.com\/blog\/wp-content\/uploads\/2020\/03\/800-0-5e5df56a3d7b7.jpg?fit=300%2C225&amp;ssl=1\" data-large-file=\"https:\/\/i0.wp.com\/www.shqiperia.com\/blog\/wp-content\/uploads\/2020\/03\/800-0-5e5df56a3d7b7.jpg?fit=800%2C600&amp;ssl=1\" class=\"alignnone wp-image-32003\" alt=\"\" src=\"https:\/\/i0.wp.com\/www.shqiperia.com\/blog\/wp-content\/uploads\/2020\/03\/800-0-5e5df56a3d7b7.jpg?resize=589%2C442&#038;ssl=1\" width=\"589\" height=\"442\" srcset=\"https:\/\/i0.wp.com\/www.shqiperia.com\/blog\/wp-content\/uploads\/2020\/03\/800-0-5e5df56a3d7b7.jpg?resize=300%2C225&amp;ssl=1 300w, https:\/\/i0.wp.com\/www.shqiperia.com\/blog\/wp-content\/uploads\/2020\/03\/800-0-5e5df56a3d7b7.jpg?resize=768%2C576&amp;ssl=1 768w, https:\/\/i0.wp.com\/www.shqiperia.com\/blog\/wp-content\/uploads\/2020\/03\/800-0-5e5df56a3d7b7.jpg?resize=450%2C338&amp;ssl=1 450w, https:\/\/i0.wp.com\/www.shqiperia.com\/blog\/wp-content\/uploads\/2020\/03\/800-0-5e5df56a3d7b7.jpg?resize=600%2C450&amp;ssl=1 600w, https:\/\/i0.wp.com\/www.shqiperia.com\/blog\/wp-content\/uploads\/2020\/03\/800-0-5e5df56a3d7b7.jpg?resize=400%2C300&amp;ssl=1 400w, https:\/\/i0.wp.com\/www.shqiperia.com\/blog\/wp-content\/uploads\/2020\/03\/800-0-5e5df56a3d7b7.jpg?w=800&amp;ssl=1 800w\" sizes=\"auto, (max-width: 589px) 100vw, 589px\" \/><\/p>\n<p>\u201cS\u2019t\u00eb kam quajtur \u2018tin\u00ebzak\u2019\u201d, Rama i p\u00ebrgjigjet \u2018flak\u00eb p\u00ebr flak\u00eb\u2019 Isa Mustaf\u00ebs dhe nxjerr prapaskenat e takimit mes tyre: Ta b\u00ebjm\u00eb dhe pik\u00eb!<\/p>\n<p>3 MARS 2020<\/p>\n<p>Kryeministri Edi Rama ka reaguar pas statusit t\u00eb kreut t\u00eb LDK, Isa Mustafa.<\/p>\n<p>Rama ka th\u00ebn\u00eb se asnj\u00ebher\u00eb nuk e ka quajtur Mustaf\u00ebn si \u2018tin\u00ebzak\u2019, por kreu i LDK ka r\u00ebn\u00eb pre e titujve t\u00eb deformuar.<\/p>\n<p>Mbr\u00ebmjen e djeshme, ish kryeministri i Kosov\u00ebs Isa Mustafa, n\u00eb nj\u00eb reagim n\u00eb rrjetet sociale akuzonte Ram\u00ebn se e kishte quajtur tin\u00ebzar dhe se kishte deklaruar q\u00eb Mustafa ishte pro \u2018Minishengenit Ballkani\u2019.<\/p>\n<p>Mustafa e mohoi t\u00eb kishte biseduar ndonj\u00ebher\u00eb p\u00ebr \u2018minishengenin\u2019 me Ram\u00ebn, por kishte folur vet\u00ebm p\u00ebr Unionin doganor t\u00eb Vendeve t\u00eb Ballkanit per\u00ebndimor.<\/p>\n<p>K\u00ebt\u00eb e ka konfirmuar edhe Rama, q\u00eb ka th\u00ebn\u00eb se me Mustaf\u00ebn nuk \u00ebsht\u00eb biseduar asnj\u00ebher\u00eb p\u00ebr \u2018Minishengenin Ballkanik\u2019.<\/p>\n<p>\u201cIsaMustafaKS, ja k\u00ebshtu \u00ebsht\u00eb kur njeriu bie pre e titujve t\u00eb deformuar, sepse un\u00eb s\u2019e kam th\u00ebn\u00eb e as kam menduar t\u00eb t\u00eb quaj \u201ctin\u00ebzak\u201d! Ashtu sikund\u00ebr nuk kam th\u00ebn\u00eb q\u00eb \u00ebsht\u00eb folur p\u00ebr \u201cminiShengenin\u201d n\u00eb tryezat e procesit t\u00eb Berlinit, p\u00ebrkundrazi e kam shpjeguar qart\u00eb edhe k\u00ebt\u00eb\u201d, shkruan Rama n\u00eb Twitter.<\/p>\n<p>\u201cJe i sakt\u00eb, je pajtuar p\u00ebr \u201chap\u00ebsir\u00ebn e p\u00ebrbashk\u00ebt ekonomike t\u00eb vendeve t\u00eb Ballkanit Per\u00ebndimor\u201d! Fiks k\u00ebt\u00eb thash\u00eb edhe un\u00eb dhe Shengeni Rajonal \u00ebsht\u00eb fiks kjo, hap\u00ebsira e p\u00ebrbashk\u00ebt ekonomike plus l\u00ebvizja e lir\u00eb e njer\u00ebzve, k\u00ebshtu q\u00eb jemi krejt dakord prandaj ta b\u00ebjm\u00eb dhe pik\u00eb\u201d, shton Rama n\u00eb statusin e tij.<\/p>\n<p>Gazeta Sot<\/p>\n","protected":false},"excerpt":{"rendered":"<p>\u201cS\u2019t\u00eb kam quajtur \u2018tin\u00ebzak\u2019\u201d, Rama i p\u00ebrgjigjet \u2018flak\u00eb p\u00ebr flak\u00eb\u2019 Isa Mustaf\u00ebs dhe nxjerr prapaskenat e takimit mes tyre: Ta b\u00ebjm\u00eb dhe pik\u00eb! 3 MARS 2020 Kryeministri Edi Rama ka reaguar pas statusit t\u00eb kreut t\u00eb LDK, Isa Mustafa. Rama ka th\u00ebn\u00eb se asnj\u00ebher\u00eb nuk e ka quajtur Mustaf\u00ebn si \u2018tin\u00ebzak\u2019, por kreu i LDK [&hellip;]<\/p>\n","protected":false},"author":9,"featured_media":32003,"comment_status":"open","ping_status":"open","sticky":false,"template":"","format":"standard","meta":{"jetpack_post_was_ever_published":false,"_jetpack_newsletter_access":"","_jetpack_dont_email_post_to_subs":false,"_jetpack_newsletter_tier_id":0,"_jetpack_memberships_contains_paywalled_content":false,"_jetpack_memberships_contains_paid_content":false,"footnotes":"","jetpack_publicize_message":"","jetpack_publicize_feature_enabled":true,"jetpack_social_post_already_shared":true,"jetpack_social_options":{"image_generator_settings":{"template":"highway","default_image_id":0,"font":"","enabled":false},"version":2}},"categories":[27,2],"tags":[],"class_list":["post-32002","post","type-post","status-publish","format-standard","has-post-thumbnail","hentry","category-blogu-i-udhetarit","category-politika"],"jetpack_publicize_connections":[],"jetpack_featured_media_url":"https:\/\/i0.wp.com\/www.shqiperia.com\/blog\/wp-content\/uploads\/2020\/03\/800-0-5e5df56a3d7b7.jpg?fit=800%2C600&ssl=1","jetpack_sharing_enabled":true,"jetpack_shortlink":"https:\/\/wp.me\/p5Z6wp-8ka","jetpack-related-posts":[{"id":44265,"url":"https:\/\/www.shqiperia.com\/blog\/shkrihet-kupola-e-ldk-isa-mustafa-flet-pas-doreheqjes-lutfi-haziri-edhe-kryesia-e-larguar\/","url_meta":{"origin":32002,"position":0},"title":"Shkrihet kupola e LDK. &#8211; Isa Mustafa flet pas dor\u00ebheqjes, Lutfi Haziri: Edhe Kryesia e larguar","author":"Kurt Farka","date":"February 15, 2021","format":false,"excerpt":"Shkrihet kupola e LDK. - Isa Mustafa flet pas dor\u00ebheqjes, Lutfi Haziri: Edhe Kryesia e larguar 15 SHKURT 2021 Isa Mustafa e ka konfirmuar largimin e tij nga pozita e kryetarit t\u00eb Lidhjes Demokratike t\u00eb Kosov\u00ebs. Pas mbledhjes s\u00eb Kryesis\u00eb, Isa Mustafa para gazetar\u00ebve ka th\u00ebn\u00eb se ka b\u00ebr\u00eb thirrje\u2026","rel":"","context":"In &quot;Blogu i Udh\u00ebtarit&quot;","block_context":{"text":"Blogu i Udh\u00ebtarit","link":"https:\/\/www.shqiperia.com\/blog\/category\/blogu-i-udhetarit\/"},"img":{"alt_text":"","src":"https:\/\/i0.wp.com\/www.shqiperia.com\/blog\/wp-content\/uploads\/2021\/02\/640-0-602a82b2c2053.jpg?fit=640%2C349&ssl=1&resize=350%2C200","width":350,"height":200,"srcset":"https:\/\/i0.wp.com\/www.shqiperia.com\/blog\/wp-content\/uploads\/2021\/02\/640-0-602a82b2c2053.jpg?fit=640%2C349&ssl=1&resize=350%2C200 1x, https:\/\/i0.wp.com\/www.shqiperia.com\/blog\/wp-content\/uploads\/2021\/02\/640-0-602a82b2c2053.jpg?fit=640%2C349&ssl=1&resize=525%2C300 1.5x"},"classes":[]},{"id":28905,"url":"https:\/\/www.shqiperia.com\/blog\/kimete-berisha-sulmon-isa-mustafen-a-po-do-edhe-nje-nuse-me-ta-gjet\/","url_meta":{"origin":32002,"position":1},"title":"Kimete Berisha sulmon Isa Mustaf\u00ebn: &#8211; A po do edhe nj\u00eb \u2018nuse\u2019 me ta gjet!","author":"Kurt Farka","date":"December 4, 2019","format":false,"excerpt":"Kimete Berisha sulmon Isa Mustaf\u00ebn: - A po do edhe nj\u00eb \u2018nuse\u2019 me ta gjet! Nga Kimete Berisha 03\/12\/2019 Publicistja Kimete Berisha ka thumbuar ashp\u00ebr kryetarin e Lidhjes Demokratike t\u00eb Kosov\u00ebs, Isa Mustafa, p\u00ebr zvarritjen e arritjes s\u00eb marr\u00ebveshjes p\u00ebr koalicion me Vet\u00ebvendosjen, shkruan veriu.info Ajo i \u00ebsht\u00eb drejtuar Mustaf\u00ebs\u2026","rel":"","context":"In &quot;Blogu i Udh\u00ebtarit&quot;","block_context":{"text":"Blogu i Udh\u00ebtarit","link":"https:\/\/www.shqiperia.com\/blog\/category\/blogu-i-udhetarit\/"},"img":{"alt_text":"","src":"https:\/\/i0.wp.com\/www.shqiperia.com\/blog\/wp-content\/uploads\/2019\/12\/kimete-berisha-.jpg?fit=676%2C395&ssl=1&resize=350%2C200","width":350,"height":200,"srcset":"https:\/\/i0.wp.com\/www.shqiperia.com\/blog\/wp-content\/uploads\/2019\/12\/kimete-berisha-.jpg?fit=676%2C395&ssl=1&resize=350%2C200 1x, https:\/\/i0.wp.com\/www.shqiperia.com\/blog\/wp-content\/uploads\/2019\/12\/kimete-berisha-.jpg?fit=676%2C395&ssl=1&resize=525%2C300 1.5x"},"classes":[]},{"id":16029,"url":"https:\/\/www.shqiperia.com\/blog\/deklarata-e-mustafa-nanos-rama-eshte-i-lodhur-skuptoj-pse-rri-akoma-me-vjen-turp-prej-tij\/","url_meta":{"origin":32002,"position":2},"title":"Deklarata e Mustafa Nanos: &#8211; Rama \u00ebsht\u00eb i lodhur, s\u2019kuptoj pse rri akoma? M\u00eb vjen turp prej tij. &#8211;","author":"Kurt Farka","date":"January 14, 2019","format":false,"excerpt":"Deklarata e Mustafa Nanos: - Rama \u00ebsht\u00eb i lodhur, s\u2019kuptoj pse rri akoma? M\u00eb vjen turp prej tij. - Mustafa Nano gjat\u00eb emisionit \u201cOpinion\u201d\u00a0 ka b\u00ebr\u00eb nj\u00eb deklarat\u00eb t\u00eb fort\u00eb ku ka kritikuar hapur dhe ashp\u00ebr Edi Ram\u00ebn. \u201cUn\u00eb k\u00ebt\u00eb protest\u00eb e kam par\u00eb si nj\u00eb protest\u00eb kund\u00ebr qeveris\u00eb, deri\u2026","rel":"","context":"In &quot;Blogu i Udh\u00ebtarit&quot;","block_context":{"text":"Blogu i Udh\u00ebtarit","link":"https:\/\/www.shqiperia.com\/blog\/category\/blogu-i-udhetarit\/"},"img":{"alt_text":"","src":"https:\/\/i0.wp.com\/www.shqiperia.com\/blog\/wp-content\/uploads\/2019\/01\/nanao.jpg?fit=874%2C523&ssl=1&resize=350%2C200","width":350,"height":200,"srcset":"https:\/\/i0.wp.com\/www.shqiperia.com\/blog\/wp-content\/uploads\/2019\/01\/nanao.jpg?fit=874%2C523&ssl=1&resize=350%2C200 1x, https:\/\/i0.wp.com\/www.shqiperia.com\/blog\/wp-content\/uploads\/2019\/01\/nanao.jpg?fit=874%2C523&ssl=1&resize=525%2C300 1.5x, https:\/\/i0.wp.com\/www.shqiperia.com\/blog\/wp-content\/uploads\/2019\/01\/nanao.jpg?fit=874%2C523&ssl=1&resize=700%2C400 2x"},"classes":[]},{"id":45155,"url":"https:\/\/www.shqiperia.com\/blog\/rama-e-quajti-desdemone-mesila-doda-i-pergjigjet-flake-per-flake-kryeministrit-dhe-e-kercenon-do-te-te-dergoje\/","url_meta":{"origin":32002,"position":3},"title":"Rama e quajti Desdemon\u00eb, Mesila Doda i p\u00ebrgjigjet \u2018flak\u00eb p\u00ebr flak\u00eb\u2019 kryeministrit dhe e k\u00ebrc\u00ebnon: &#8211; Do t\u00eb t\u00eb d\u00ebrgoj\u00eb&#8230;","author":"Kurt Farka","date":"March 10, 2021","format":false,"excerpt":"Rama e quajti Desdemon\u00eb, Mesila Doda i p\u00ebrgjigjet \u2018flak\u00eb p\u00ebr flak\u00eb\u2019 kryeministrit dhe e k\u00ebrc\u00ebnon: - Do t\u00eb t\u00eb d\u00ebrgoj\u00eb... 9 MARS 2021 Ish-deputetja Mesila Doda i \u00ebsht\u00eb p\u00ebrgjigjur \u2018flak\u00eb p\u00ebr flak\u00eb\u2019 kryeministrit Rama pasi e quajti Desdemon\u00eb. \u201cUn\u00eb nuk marr p\u00ebrsip\u00ebr t\u00eb lidh ty me zinxhir\u00eb\u2026\u00ebsht\u00eb nj\u00eb pun\u00eb q\u00eb\u2026","rel":"","context":"In &quot;Blogu i Udh\u00ebtarit&quot;","block_context":{"text":"Blogu i Udh\u00ebtarit","link":"https:\/\/www.shqiperia.com\/blog\/category\/blogu-i-udhetarit\/"},"img":{"alt_text":"","src":"https:\/\/i0.wp.com\/www.shqiperia.com\/blog\/wp-content\/uploads\/2021\/03\/800-0-6047848bcb366.png?fit=800%2C433&ssl=1&resize=350%2C200","width":350,"height":200,"srcset":"https:\/\/i0.wp.com\/www.shqiperia.com\/blog\/wp-content\/uploads\/2021\/03\/800-0-6047848bcb366.png?fit=800%2C433&ssl=1&resize=350%2C200 1x, https:\/\/i0.wp.com\/www.shqiperia.com\/blog\/wp-content\/uploads\/2021\/03\/800-0-6047848bcb366.png?fit=800%2C433&ssl=1&resize=525%2C300 1.5x, https:\/\/i0.wp.com\/www.shqiperia.com\/blog\/wp-content\/uploads\/2021\/03\/800-0-6047848bcb366.png?fit=800%2C433&ssl=1&resize=700%2C400 2x"},"classes":[]},{"id":30273,"url":"https:\/\/www.shqiperia.com\/blog\/ja-pse-e-debuan-mesuesin-turk-mustafa-nano-rama-ska-fuqi-ti-thote-erdoganit-i-dashur-rexhep-te-kam-xhan-e-shpirt-por\/","url_meta":{"origin":32002,"position":4},"title":"\u201cJa pse e d\u00ebbuan m\u00ebsuesin turk\u201d, Mustafa Nano: Rama s\u2019ka fuqi t\u2019i thot\u00eb Erdoganit \u201cI dashur Rexhep, t\u00eb kam xhan e shpirt, por\u2026\u201d","author":"Kurt Farka","date":"January 12, 2020","format":false,"excerpt":"\u201cJa pse e d\u00ebbuan m\u00ebsuesin turk\u201d, Mustafa Nano: Rama s\u2019ka fuqi t\u2019i thot\u00eb Erdoganit \u201cI dashur Rexhep, t\u00eb kam xhan e shpirt, por\u2026\u201d 11janar 2020 Mustafa Nano n\u00eb monologun e tij n\u00eb \u201cProvokacija\u201d \u00ebsht\u00eb ndalur te \u00e7\u00ebshtja e d\u00ebbimit t\u00eb n\u00ebsuesit turk, Harun \u00c7elik nga Shqip\u00ebria. Mes t\u00eb tjerash, Nano\u2026","rel":"","context":"In &quot;Blogu i Udh\u00ebtarit&quot;","block_context":{"text":"Blogu i Udh\u00ebtarit","link":"https:\/\/www.shqiperia.com\/blog\/category\/blogu-i-udhetarit\/"},"img":{"alt_text":"","src":"https:\/\/i0.wp.com\/www.shqiperia.com\/blog\/wp-content\/uploads\/2020\/01\/Mustafa-Nano.jpg?fit=688%2C385&ssl=1&resize=350%2C200","width":350,"height":200,"srcset":"https:\/\/i0.wp.com\/www.shqiperia.com\/blog\/wp-content\/uploads\/2020\/01\/Mustafa-Nano.jpg?fit=688%2C385&ssl=1&resize=350%2C200 1x, https:\/\/i0.wp.com\/www.shqiperia.com\/blog\/wp-content\/uploads\/2020\/01\/Mustafa-Nano.jpg?fit=688%2C385&ssl=1&resize=525%2C300 1.5x"},"classes":[]},{"id":96870,"url":"https:\/\/www.shqiperia.com\/blog\/vjosa-osmani-zbardh-arsyen-pse-e-perzune-edi-ramen-nga-nenshkrimi-i-bordit-te-paqes-ne-davos-prapaskenat\/","url_meta":{"origin":32002,"position":5},"title":"Vjosa Osmani zbardh arsyen pse e p\u00ebrzun\u00eb Edi Ram\u00ebn nga n\u00ebnshkrimi i Bordit t\u00eb Paqes n\u00eb Davos, prapaskenat\u2026","author":"Kurt Farka","date":"January 24, 2026","format":false,"excerpt":"25 Janar 2026 Ceremonia n\u00eb Davos t\u00eb Zvicr\u00ebs, ku Presidenti i Shteteve t\u00eb Bashkuara, Donald Trump, n\u00ebnshkroi marr\u00ebveshjen p\u00ebr krijimin e Bordit t\u00eb Paqes, shfaqi nj\u00eb kontrast t\u00eb thell\u00eb diplomatik mes Prishtin\u00ebs dhe Tiran\u00ebs. Nd\u00ebrsa Presidentja e Kosov\u00ebs, Vjosa Osmani, u thirr me nj\u00eb ftes\u00eb urgjente dhe personale p\u00ebr t\u00eb\u2026","rel":"","context":"In &quot;Blogu i Udh\u00ebtarit&quot;","block_context":{"text":"Blogu i Udh\u00ebtarit","link":"https:\/\/www.shqiperia.com\/blog\/category\/blogu-i-udhetarit\/"},"img":{"alt_text":"","src":"https:\/\/i0.wp.com\/www.shqiperia.com\/blog\/wp-content\/uploads\/2026\/01\/politike-kryesore-2.jpg?fit=560%2C349&ssl=1&resize=350%2C200","width":350,"height":200,"srcset":"https:\/\/i0.wp.com\/www.shqiperia.com\/blog\/wp-content\/uploads\/2026\/01\/politike-kryesore-2.jpg?fit=560%2C349&ssl=1&resize=350%2C200 1x, https:\/\/i0.wp.com\/www.shqiperia.com\/blog\/wp-content\/uploads\/2026\/01\/politike-kryesore-2.jpg?fit=560%2C349&ssl=1&resize=525%2C300 1.5x"},"classes":[]}],"_links":{"self":[{"href":"https:\/\/www.shqiperia.com\/blog\/wp-json\/wp\/v2\/posts\/32002","targetHints":{"allow":["GET"]}}],"collection":[{"href":"https:\/\/www.shqiperia.com\/blog\/wp-json\/wp\/v2\/posts"}],"about":[{"href":"https:\/\/www.shqiperia.com\/blog\/wp-json\/wp\/v2\/types\/post"}],"author":[{"embeddable":true,"href":"https:\/\/www.shqiperia.com\/blog\/wp-json\/wp\/v2\/users\/9"}],"replies":[{"embeddable":true,"href":"https:\/\/www.shqiperia.com\/blog\/wp-json\/wp\/v2\/comments?post=32002"}],"version-history":[{"count":2,"href":"https:\/\/www.shqiperia.com\/blog\/wp-json\/wp\/v2\/posts\/32002\/revisions"}],"predecessor-version":[{"id":32005,"href":"https:\/\/www.shqiperia.com\/blog\/wp-json\/wp\/v2\/posts\/32002\/revisions\/32005"}],"wp:featuredmedia":[{"embeddable":true,"href":"https:\/\/www.shqiperia.com\/blog\/wp-json\/wp\/v2\/media\/32003"}],"wp:attachment":[{"href":"https:\/\/www.shqiperia.com\/blog\/wp-json\/wp\/v2\/media?parent=32002"}],"wp:term":[{"taxonomy":"category","embeddable":true,"href":"https:\/\/www.shqiperia.com\/blog\/wp-json\/wp\/v2\/categories?post=32002"},{"taxonomy":"post_tag","embeddable":true,"href":"https:\/\/www.shqiperia.com\/blog\/wp-json\/wp\/v2\/tags?post=32002"}],"curies":[{"name":"wp","href":"https:\/\/api.w.org\/{rel}","templated":true}]}}