{"id":31998,"date":"2020-03-02T18:55:29","date_gmt":"2020-03-02T18:55:29","guid":{"rendered":"https:\/\/www.shqiperia.com\/blog\/?p=31998"},"modified":"2020-03-02T18:55:29","modified_gmt":"2020-03-02T18:55:29","slug":"presidenti-meta-betohet-para-100-mije-vetave-se-pas-15-marsit-do-shperndaje-parlamentin-e-turpit","status":"publish","type":"post","link":"https:\/\/www.shqiperia.com\/blog\/presidenti-meta-betohet-para-100-mije-vetave-se-pas-15-marsit-do-shperndaje-parlamentin-e-turpit\/","title":{"rendered":"Presidenti Meta betohet para 100 mij\u00eb vetave se pas 15 marsit do shp\u00ebrndaj\u00eb parlamentin e turpit"},"content":{"rendered":"<p><img data-recalc-dims=\"1\" loading=\"lazy\" decoding=\"async\" data-attachment-id=\"31999\" data-permalink=\"https:\/\/www.shqiperia.com\/blog\/presidenti-meta-betohet-para-100-mije-vetave-se-pas-15-marsit-do-shperndaje-parlamentin-e-turpit\/manifestimi-meta-7-750x375\/\" data-orig-file=\"https:\/\/i0.wp.com\/www.shqiperia.com\/blog\/wp-content\/uploads\/2020\/03\/Manifestimi-Meta-7-750x375-1.jpeg?fit=750%2C375&amp;ssl=1\" data-orig-size=\"750,375\" data-comments-opened=\"1\" data-image-meta=\"{&quot;aperture&quot;:&quot;0&quot;,&quot;credit&quot;:&quot;&quot;,&quot;camera&quot;:&quot;&quot;,&quot;caption&quot;:&quot;&quot;,&quot;created_timestamp&quot;:&quot;0&quot;,&quot;copyright&quot;:&quot;&quot;,&quot;focal_length&quot;:&quot;0&quot;,&quot;iso&quot;:&quot;0&quot;,&quot;shutter_speed&quot;:&quot;0&quot;,&quot;title&quot;:&quot;&quot;,&quot;orientation&quot;:&quot;0&quot;}\" data-image-title=\"Manifestimi-Meta-7-750&#215;375\" data-image-description=\"\" data-image-caption=\"\" data-medium-file=\"https:\/\/i0.wp.com\/www.shqiperia.com\/blog\/wp-content\/uploads\/2020\/03\/Manifestimi-Meta-7-750x375-1.jpeg?fit=300%2C150&amp;ssl=1\" data-large-file=\"https:\/\/i0.wp.com\/www.shqiperia.com\/blog\/wp-content\/uploads\/2020\/03\/Manifestimi-Meta-7-750x375-1.jpeg?fit=750%2C375&amp;ssl=1\" class=\"alignnone  wp-image-31999\" alt=\"\" src=\"https:\/\/i0.wp.com\/www.shqiperia.com\/blog\/wp-content\/uploads\/2020\/03\/Manifestimi-Meta-7-750x375-1.jpeg?resize=682%2C341&#038;ssl=1\" width=\"682\" height=\"341\" srcset=\"https:\/\/i0.wp.com\/www.shqiperia.com\/blog\/wp-content\/uploads\/2020\/03\/Manifestimi-Meta-7-750x375-1.jpeg?resize=300%2C150&amp;ssl=1 300w, https:\/\/i0.wp.com\/www.shqiperia.com\/blog\/wp-content\/uploads\/2020\/03\/Manifestimi-Meta-7-750x375-1.jpeg?resize=450%2C225&amp;ssl=1 450w, https:\/\/i0.wp.com\/www.shqiperia.com\/blog\/wp-content\/uploads\/2020\/03\/Manifestimi-Meta-7-750x375-1.jpeg?resize=600%2C300&amp;ssl=1 600w, https:\/\/i0.wp.com\/www.shqiperia.com\/blog\/wp-content\/uploads\/2020\/03\/Manifestimi-Meta-7-750x375-1.jpeg?resize=400%2C200&amp;ssl=1 400w, https:\/\/i0.wp.com\/www.shqiperia.com\/blog\/wp-content\/uploads\/2020\/03\/Manifestimi-Meta-7-750x375-1.jpeg?w=750&amp;ssl=1 750w\" sizes=\"auto, (max-width: 682px) 100vw, 682px\" \/><\/p>\n<p>Presidenti Meta betohet para 100 mij\u00eb vetave se pas 15 marsit do shp\u00ebrndaj\u00eb parlamentin e turpit<\/p>\n<p><a href=\"https:\/\/kohajone.com\/presidenti-meta-betohet-para-popullit-se-pas-15-marsit-do-shperndaje-parlamentin-e-turpit\/\">02\/03\/2020 <\/a><\/p>\n<p>Miting madh\u00ebshtor sot n\u00eb Tiran\u00eb.\u00a0N\u00eb fjal\u00ebn e mbajtur para me shum\u00eb se 100 mij\u00eb qytetar\u00ebve q\u00eb mor\u00ebn pjes\u00eb\u00a0 n\u00eb manifestim, Presidentit Meta deklaroi se her\u00ebn tjet\u00ebr do t\u00eb firmoste dekretin e shp\u00ebrndarjes s\u00eb parlamentit pu\u00e7ist, n\u00ebse pas miratimit t\u00eb reform\u00ebs zgjedhore nuk do t\u00eb kishte reflektim nga ana e mazhoranc\u00ebs.<\/p>\n<p>Reforma zgjedhore \u00ebsht\u00eb planifikuar t\u00eb miratohet m\u00eb 15 mars dhe pas k\u00ebsaj date pritet q\u00eb t\u00eb shpallen zgjedhjet e parakohshme nga ana e Kryetarit t\u00eb Shtetit. Pjesmarrja ishte e jasht\u00ebzakonshme dhe fjala e Presidentit Meta ishte madh\u00ebshtore, \u00e7ka ndezi krejt Bulevardin kryesor n\u00eb Tiran\u00eb. \u201cKur rr\u00ebzohen institucionet, ngrihet populli!-ishte thelbi i fjalimit t\u00eb Presidentit.<\/p>\n<p>Teksa firmosi firmos dekretin e par\u00eb, para qytetar\u00ebve t\u00eb mbledhur n\u00eb tubimin e thirrur prej tij, kund\u00ebr \u201cligjit p\u00ebr betimin te lana dhe p\u00ebr an\u00ebtar\u00ebt e Gjykat\u00ebs Kushtetuese\u201d, kreu i shtetit tha se \u00ebsht\u00eb detyra e tij q\u00eb t\u00eb mbroj\u00eb kushtetut\u00ebn dhe t\u00eb jet\u00eb i pari n\u00eb at\u00eb q\u00eb e konsideroi \u201cluft\u00ebn kund\u00ebr grushtit t\u00eb shtetit\u201d.<\/p>\n<p><img data-recalc-dims=\"1\" loading=\"lazy\" decoding=\"async\" data-attachment-id=\"32000\" data-permalink=\"https:\/\/www.shqiperia.com\/blog\/presidenti-meta-betohet-para-100-mije-vetave-se-pas-15-marsit-do-shperndaje-parlamentin-e-turpit\/manifestimi-meta-6-750x375\/\" data-orig-file=\"https:\/\/i0.wp.com\/www.shqiperia.com\/blog\/wp-content\/uploads\/2020\/03\/Manifestimi-Meta-6-750x375-1.jpeg?fit=750%2C375&amp;ssl=1\" data-orig-size=\"750,375\" data-comments-opened=\"1\" data-image-meta=\"{&quot;aperture&quot;:&quot;0&quot;,&quot;credit&quot;:&quot;&quot;,&quot;camera&quot;:&quot;&quot;,&quot;caption&quot;:&quot;&quot;,&quot;created_timestamp&quot;:&quot;0&quot;,&quot;copyright&quot;:&quot;&quot;,&quot;focal_length&quot;:&quot;0&quot;,&quot;iso&quot;:&quot;0&quot;,&quot;shutter_speed&quot;:&quot;0&quot;,&quot;title&quot;:&quot;&quot;,&quot;orientation&quot;:&quot;0&quot;}\" data-image-title=\"Manifestimi-Meta-6-750&#215;375\" data-image-description=\"\" data-image-caption=\"\" data-medium-file=\"https:\/\/i0.wp.com\/www.shqiperia.com\/blog\/wp-content\/uploads\/2020\/03\/Manifestimi-Meta-6-750x375-1.jpeg?fit=300%2C150&amp;ssl=1\" data-large-file=\"https:\/\/i0.wp.com\/www.shqiperia.com\/blog\/wp-content\/uploads\/2020\/03\/Manifestimi-Meta-6-750x375-1.jpeg?fit=750%2C375&amp;ssl=1\" class=\"alignnone  wp-image-32000\" alt=\"\" src=\"https:\/\/i0.wp.com\/www.shqiperia.com\/blog\/wp-content\/uploads\/2020\/03\/Manifestimi-Meta-6-750x375-1.jpeg?resize=814%2C407&#038;ssl=1\" width=\"814\" height=\"407\" srcset=\"https:\/\/i0.wp.com\/www.shqiperia.com\/blog\/wp-content\/uploads\/2020\/03\/Manifestimi-Meta-6-750x375-1.jpeg?resize=300%2C150&amp;ssl=1 300w, https:\/\/i0.wp.com\/www.shqiperia.com\/blog\/wp-content\/uploads\/2020\/03\/Manifestimi-Meta-6-750x375-1.jpeg?resize=450%2C225&amp;ssl=1 450w, https:\/\/i0.wp.com\/www.shqiperia.com\/blog\/wp-content\/uploads\/2020\/03\/Manifestimi-Meta-6-750x375-1.jpeg?resize=600%2C300&amp;ssl=1 600w, https:\/\/i0.wp.com\/www.shqiperia.com\/blog\/wp-content\/uploads\/2020\/03\/Manifestimi-Meta-6-750x375-1.jpeg?resize=400%2C200&amp;ssl=1 400w, https:\/\/i0.wp.com\/www.shqiperia.com\/blog\/wp-content\/uploads\/2020\/03\/Manifestimi-Meta-6-750x375-1.jpeg?w=750&amp;ssl=1 750w\" sizes=\"auto, (max-width: 814px) 100vw, 814px\" \/><\/p>\n<p>\u201c<strong>Edhe Hitleri n\u00ebp\u00ebrmjet ligjeve antikushtetuese, e instaloi diktatur\u00ebn e tij. Kur populli ka frik\u00eb nga qeveria, aty ka tirani, kur qeveria ka frik\u00eb nga populli, aty ka liri, ka drejt\u00ebsi. Diktaturat mund t\u00eb nd\u00ebrrojn\u00eb fytyr\u00eb, por ato mbeten t\u00eb nj\u00ebjta, armike t\u00eb drejt\u00ebsis\u00eb, armike t\u00eb liris\u00eb. \u00cbsht\u00eb detyra ime t\u00eb mbroj kushtetut\u00ebn, shtetin e s\u00eb drejt\u00ebs, t\u00eb garantoj shtetin laik, ku edhe gruaja t\u00eb jet\u00eb e barabart\u00eb me burrin, si n\u00eb jet\u00ebn publike dhe at\u00eb profesionale dhe t\u00eb mos i marrim grat\u00eb n\u00eb qeveri p\u00ebr t\u2019i p\u00ebrdorur p\u00ebr falsifikim. \u00cbsht\u00eb detyra ime si kryetari shtetit t\u00eb jemi ia pari n\u00eb luft\u00ebn kund\u00ebr Grushtit t\u00eb Shtetit. Jam i lumtur q\u00eb z\u00ebri juaj po d\u00ebgjohet n\u00eb t\u00eb gjith\u00eb bot\u00ebn demokratike. Jam i lumtur q\u00eb populli ka n\u00eb k\u00ebt\u00eb shesh popullin e kushtetut\u00ebs. Para se t\u00eb firmos dekretin kund\u00ebr ligjit antikushtetu\u00ebs p\u00ebr betimin te lana, p\u00ebr an\u00ebtar\u00ebt e Gjykat\u00ebs Kushtetuese, k\u00ebrkoj\u00eb vullnetin tuaj, kush \u00ebsht\u00eb pro t\u00eb ngrej\u00eb dor\u00ebn, vdekje grushtit \u00ebt shtetit. \u00a0Rroft\u00eb Republika, rroft\u00eb shteti i republik\u00ebs. K\u00ebtu ka nj\u00eb k\u00ebrkes\u00eb tjet\u00ebr, nuk k\u00ebnaqen me kaq. Duan q\u00eb sot shp\u00ebrndarjen e parlamentit pu\u00e7ist. Liri, demokraci. M\u00eb duhet t\u00eb firmos k\u00ebt\u00eb dekret dhe do t\u00eb kthehem p\u00ebrs\u00ebri k\u00ebtu p\u00ebr at\u00eb dekretin tjet\u00ebr q\u00eb e brohorit\u00ebt me shum\u00eb se ky<\/strong>\u201d, tha Meta.<\/p>\n<p>Gazeta Koha e Jone<\/p>\n","protected":false},"excerpt":{"rendered":"<p>Presidenti Meta betohet para 100 mij\u00eb vetave se pas 15 marsit do shp\u00ebrndaj\u00eb parlamentin e turpit 02\/03\/2020 Miting madh\u00ebshtor sot n\u00eb Tiran\u00eb.\u00a0N\u00eb fjal\u00ebn e mbajtur para me shum\u00eb se 100 mij\u00eb qytetar\u00ebve q\u00eb mor\u00ebn pjes\u00eb\u00a0 n\u00eb manifestim, Presidentit Meta deklaroi se her\u00ebn tjet\u00ebr do t\u00eb firmoste dekretin e shp\u00ebrndarjes s\u00eb parlamentit pu\u00e7ist, n\u00ebse pas miratimit [&hellip;]<\/p>\n","protected":false},"author":9,"featured_media":31999,"comment_status":"open","ping_status":"open","sticky":false,"template":"","format":"standard","meta":{"jetpack_post_was_ever_published":false,"_jetpack_newsletter_access":"","_jetpack_dont_email_post_to_subs":false,"_jetpack_newsletter_tier_id":0,"_jetpack_memberships_contains_paywalled_content":false,"_jetpack_memberships_contains_paid_content":false,"footnotes":"","jetpack_publicize_message":"","jetpack_publicize_feature_enabled":true,"jetpack_social_post_already_shared":true,"jetpack_social_options":{"image_generator_settings":{"template":"highway","default_image_id":0,"font":"","enabled":false},"version":2}},"categories":[27,2,35],"tags":[],"class_list":["post-31998","post","type-post","status-publish","format-standard","has-post-thumbnail","hentry","category-blogu-i-udhetarit","category-politika","category-shoqerore"],"jetpack_publicize_connections":[],"jetpack_featured_media_url":"https:\/\/i0.wp.com\/www.shqiperia.com\/blog\/wp-content\/uploads\/2020\/03\/Manifestimi-Meta-7-750x375-1.jpeg?fit=750%2C375&ssl=1","jetpack_sharing_enabled":true,"jetpack_shortlink":"https:\/\/wp.me\/p5Z6wp-8k6","jetpack-related-posts":[{"id":31788,"url":"https:\/\/www.shqiperia.com\/blog\/meta-kercenon-te-shperndaje-parlamentin-ne-2-mars-juristja-e-njohur-zbulon-rrugen-qe-mund-te-ndjeke-presidenti-kete-nuk-e-ka-permendur-asnjeri\/","url_meta":{"origin":31998,"position":0},"title":"Meta k\u00ebrc\u00ebnon t\u00eb shp\u00ebrndaj\u00eb Parlamentin n\u00eb 2 mars, juristja e njohur zbulon rrug\u00ebn q\u00eb mund t\u00eb ndjek\u00eb Presidenti: K\u00ebt\u00eb nuk e ka p\u00ebrmendur asnjeri!","author":"Kurt Farka","date":"February 25, 2020","format":false,"excerpt":"Meta k\u00ebrc\u00ebnon t\u00eb shp\u00ebrndaj\u00eb Parlamentin n\u00eb 2 mars, juristja e njohur zbulon rrug\u00ebn q\u00eb mund t\u00eb ndjek\u00eb Presidenti: K\u00ebt\u00eb nuk e ka p\u00ebrmendur asnjeri! 25 SHKURT 2020 Presidenti Ilir Meta prej dit\u00ebsh po k\u00ebrc\u00ebnon me shp\u00ebrndarjen e Parlamentit n\u00eb 2 mars. Mir\u00ebpo juristja e njohur, Margarita Kola shpjegon se presidenti\u2026","rel":"","context":"In &quot;Blogu i Udh\u00ebtarit&quot;","block_context":{"text":"Blogu i Udh\u00ebtarit","link":"https:\/\/www.shqiperia.com\/blog\/category\/blogu-i-udhetarit\/"},"img":{"alt_text":"","src":"https:\/\/i0.wp.com\/www.shqiperia.com\/blog\/wp-content\/uploads\/2020\/02\/640-0-5e54bfbb7fc20.jpg?fit=640%2C358&ssl=1&resize=350%2C200","width":350,"height":200,"srcset":"https:\/\/i0.wp.com\/www.shqiperia.com\/blog\/wp-content\/uploads\/2020\/02\/640-0-5e54bfbb7fc20.jpg?fit=640%2C358&ssl=1&resize=350%2C200 1x, https:\/\/i0.wp.com\/www.shqiperia.com\/blog\/wp-content\/uploads\/2020\/02\/640-0-5e54bfbb7fc20.jpg?fit=640%2C358&ssl=1&resize=525%2C300 1.5x"},"classes":[]},{"id":32027,"url":"https:\/\/www.shqiperia.com\/blog\/mbi-100-mije-ne-bulevard-ilir-meta-fjalim-madheshtor\/","url_meta":{"origin":31998,"position":1},"title":"Mbi 100 mij\u00eb n\u00eb bulevard, Ilir Meta fjalim madh\u00ebshtor","author":"Kurt Farka","date":"March 4, 2020","format":false,"excerpt":"Mbi 100 mij\u00eb n\u00eb bulevard, Ilir Meta fjalim madh\u00ebshtor Thjesht me nj\u00eb fjal\u00eb, dje ishte dit\u00eb madh\u00ebshtore p\u00ebr Republik\u00ebn 03\/03\/2020 Nga Mili Xhani Presidenti premtoi publikisht dhe solemnisht se pas 15 marsit do t\u00eb shp\u00ebrndaj\u00eb parlamentin e turpit, parlament q\u00eb mbetet nj\u00eb nd\u00ebr njollat m\u00eb t\u00eb zez\u00eb t\u00eb historis\u00eb politike\u2026","rel":"","context":"In &quot;Blogu i Udh\u00ebtarit&quot;","block_context":{"text":"Blogu i Udh\u00ebtarit","link":"https:\/\/www.shqiperia.com\/blog\/category\/blogu-i-udhetarit\/"},"img":{"alt_text":"","src":"https:\/\/i0.wp.com\/www.shqiperia.com\/blog\/wp-content\/uploads\/2020\/03\/Manifestimi-Meta-9.jpeg?fit=1200%2C800&ssl=1&resize=350%2C200","width":350,"height":200,"srcset":"https:\/\/i0.wp.com\/www.shqiperia.com\/blog\/wp-content\/uploads\/2020\/03\/Manifestimi-Meta-9.jpeg?fit=1200%2C800&ssl=1&resize=350%2C200 1x, https:\/\/i0.wp.com\/www.shqiperia.com\/blog\/wp-content\/uploads\/2020\/03\/Manifestimi-Meta-9.jpeg?fit=1200%2C800&ssl=1&resize=525%2C300 1.5x, https:\/\/i0.wp.com\/www.shqiperia.com\/blog\/wp-content\/uploads\/2020\/03\/Manifestimi-Meta-9.jpeg?fit=1200%2C800&ssl=1&resize=700%2C400 2x, https:\/\/i0.wp.com\/www.shqiperia.com\/blog\/wp-content\/uploads\/2020\/03\/Manifestimi-Meta-9.jpeg?fit=1200%2C800&ssl=1&resize=1050%2C600 3x"},"classes":[]},{"id":31995,"url":"https:\/\/www.shqiperia.com\/blog\/e-papritur-meta-paralajmeron-ramen-dhe-zbulon-daten-kur-do-shperndaje-parlamentin\/","url_meta":{"origin":31998,"position":2},"title":"E papritur! Meta paralajm\u00ebron Ram\u00ebn dhe zbulon dat\u00ebn kur do shp\u00ebrndaj\u00eb Parlamentin","author":"Kurt Farka","date":"March 2, 2020","format":false,"excerpt":"E papritur! Meta paralajm\u00ebron Ram\u00ebn dhe zbulon dat\u00ebn kur do shp\u00ebrndaj\u00eb Parlamentin 2 MARS 2020 Presidenti Ilir Meta ka paralajm\u00ebruar kryeministrin Edi Rama se do t\u00eb shp\u00ebrndaj\u00eb parlamentin pas dat\u00ebs 15 mars, n\u00ebse me miratimin e Reform\u00ebs Zgjedhore, mzhoranca nuk pranoj t\u00eb zgjidhoj\u00eb zgjedhjet e parakohshme. \u201cA kemi parlament apo\u2026","rel":"","context":"In &quot;Blogu i Udh\u00ebtarit&quot;","block_context":{"text":"Blogu i Udh\u00ebtarit","link":"https:\/\/www.shqiperia.com\/blog\/category\/blogu-i-udhetarit\/"},"img":{"alt_text":"","src":"https:\/\/i0.wp.com\/www.shqiperia.com\/blog\/wp-content\/uploads\/2020\/03\/Ilir-Meta-1.jpg?fit=800%2C463&ssl=1&resize=350%2C200","width":350,"height":200,"srcset":"https:\/\/i0.wp.com\/www.shqiperia.com\/blog\/wp-content\/uploads\/2020\/03\/Ilir-Meta-1.jpg?fit=800%2C463&ssl=1&resize=350%2C200 1x, https:\/\/i0.wp.com\/www.shqiperia.com\/blog\/wp-content\/uploads\/2020\/03\/Ilir-Meta-1.jpg?fit=800%2C463&ssl=1&resize=525%2C300 1.5x, https:\/\/i0.wp.com\/www.shqiperia.com\/blog\/wp-content\/uploads\/2020\/03\/Ilir-Meta-1.jpg?fit=800%2C463&ssl=1&resize=700%2C400 2x"},"classes":[]},{"id":28062,"url":"https:\/\/www.shqiperia.com\/blog\/pyetet-presidenti-kur-do-ta-shperndaje-parlamentin-cfare-thote-ilir-meta\/","url_meta":{"origin":31998,"position":3},"title":"Pyetet Presidenti, &#8211; Kur do ta shp\u00ebrndaj\u00eb Parlamentin? \u00c7far\u00eb thot\u00eb Ilir Meta. &#8211;","author":"Kurt Farka","date":"November 14, 2019","format":false,"excerpt":"Pyetet Presidenti, - Kur do ta shp\u00ebrndaj\u00eb Parlamentin? \u00c7far\u00eb thot\u00eb Ilir Meta. - 13 nentor 2019 Gjat\u00eb konferenc\u00ebs p\u00ebr shtyp ku n\u00eb fokus ishte em\u00ebrimi i an\u00ebtar\u00ebve t\u00eb rinj t\u00eb Gjykat\u00ebs Kushtetuese, Presidenti i Republik\u00ebs, Ilir Meta u pyet se kur do t\u00eb shp\u00ebrndante Parlamentin. Meta nuk dha nj\u00eb p\u00ebrgjigje\u2026","rel":"","context":"In &quot;Blogu i Udh\u00ebtarit&quot;","block_context":{"text":"Blogu i Udh\u00ebtarit","link":"https:\/\/www.shqiperia.com\/blog\/category\/blogu-i-udhetarit\/"},"img":{"alt_text":"","src":"https:\/\/i0.wp.com\/www.shqiperia.com\/blog\/wp-content\/uploads\/2019\/11\/70e869ad-92bc-4abb-b5ee-815494aeb32a.jpg?fit=1200%2C710&ssl=1&resize=350%2C200","width":350,"height":200,"srcset":"https:\/\/i0.wp.com\/www.shqiperia.com\/blog\/wp-content\/uploads\/2019\/11\/70e869ad-92bc-4abb-b5ee-815494aeb32a.jpg?fit=1200%2C710&ssl=1&resize=350%2C200 1x, https:\/\/i0.wp.com\/www.shqiperia.com\/blog\/wp-content\/uploads\/2019\/11\/70e869ad-92bc-4abb-b5ee-815494aeb32a.jpg?fit=1200%2C710&ssl=1&resize=525%2C300 1.5x, https:\/\/i0.wp.com\/www.shqiperia.com\/blog\/wp-content\/uploads\/2019\/11\/70e869ad-92bc-4abb-b5ee-815494aeb32a.jpg?fit=1200%2C710&ssl=1&resize=700%2C400 2x, https:\/\/i0.wp.com\/www.shqiperia.com\/blog\/wp-content\/uploads\/2019\/11\/70e869ad-92bc-4abb-b5ee-815494aeb32a.jpg?fit=1200%2C710&ssl=1&resize=1050%2C600 3x"},"classes":[]},{"id":34919,"url":"https:\/\/www.shqiperia.com\/blog\/presidenti-do-e-shperndaje-parlamentin-nese-populli-regjisori-edmond-budina-thirrje-nga-durresi-qytetareve-mos-kini-frike-ngrijeni-koken\/","url_meta":{"origin":31998,"position":4},"title":"\u201cPresidenti do e shp\u00ebrndaj\u00eb parlamentin n\u00ebse populli\u2026\u201d, regjisori Edmond Budina thirrje nga Durr\u00ebsi qytetar\u00ebve: Mos kini frik\u00eb, ngrijeni kok\u00ebn","author":"Kurt Farka","date":"May 22, 2020","format":false,"excerpt":"\u201cPresidenti do e shp\u00ebrndaj\u00eb parlamentin n\u00ebse populli\u2026\u201d, regjisori Edmond Budina thirrje nga Durr\u00ebsi qytetar\u00ebve: Mos kini frik\u00eb, ngrijeni kok\u00ebn 22 maji 2020 Regjisori dhe aktori Edmond Budina nga Durr\u00ebsi ku Aleanca p\u00ebr Mbrojtjen e Teatrit zhvendosi sot protest\u00ebn, i \u00ebsht\u00eb referuar fjal\u00ebs s\u00eb kreut t\u00eb shtetit Ilir Meta q\u00eb tha\u2026","rel":"","context":"In &quot;Njoftime Shtypi&quot;","block_context":{"text":"Njoftime Shtypi","link":"https:\/\/www.shqiperia.com\/blog\/category\/njoftime-shtypi\/"},"img":{"alt_text":"","src":"https:\/\/i0.wp.com\/www.shqiperia.com\/blog\/wp-content\/uploads\/2020\/05\/budina-3-770x425-1.png?fit=770%2C425&ssl=1&resize=350%2C200","width":350,"height":200,"srcset":"https:\/\/i0.wp.com\/www.shqiperia.com\/blog\/wp-content\/uploads\/2020\/05\/budina-3-770x425-1.png?fit=770%2C425&ssl=1&resize=350%2C200 1x, https:\/\/i0.wp.com\/www.shqiperia.com\/blog\/wp-content\/uploads\/2020\/05\/budina-3-770x425-1.png?fit=770%2C425&ssl=1&resize=525%2C300 1.5x, https:\/\/i0.wp.com\/www.shqiperia.com\/blog\/wp-content\/uploads\/2020\/05\/budina-3-770x425-1.png?fit=770%2C425&ssl=1&resize=700%2C400 2x"},"classes":[]},{"id":21940,"url":"https:\/\/www.shqiperia.com\/blog\/aleanca-qytetare-vlore-thirrje-presidentit-shperndaje-parlamentin-nuk-perfaqeson-elektoratin\/","url_meta":{"origin":31998,"position":5},"title":"Aleanca qytetare Vlor\u00eb, thirrje Presidentit: &#8211; Shp\u00ebrndaje Parlamentin, nuk p\u00ebrfaq\u00ebson elektoratin. &#8211;","author":"Kurt Farka","date":"June 19, 2019","format":false,"excerpt":"Aleanca qytetare Vlor\u00eb, thirrje Presidentit: - Shp\u00ebrndaje Parlamentin, nuk p\u00ebrfaq\u00ebson elektoratin. - \u00a019 qershor 2019 Aleanca Qytetare p\u00ebr Mbrojtjen e Demokracis\u00eb p\u00ebr Vlor\u00ebn permes nje deklarate publike i ka kerkuar Presidentit te vendit qe te shperndaje parlamentin. \u201cAleanca Qytetare p\u00ebr Mbrojtjen e Demokracis\u00eb p\u00ebr Vlor\u00ebn, vler\u00ebson me shqet\u00ebsim t\u00eb thell\u00eb\u2026","rel":"","context":"In &quot;Blogu i Udh\u00ebtarit&quot;","block_context":{"text":"Blogu i Udh\u00ebtarit","link":"https:\/\/www.shqiperia.com\/blog\/category\/blogu-i-udhetarit\/"},"img":{"alt_text":"","src":"https:\/\/i0.wp.com\/www.shqiperia.com\/blog\/wp-content\/uploads\/2019\/06\/VL_URB_MONUMENTI-I-PAVARESISE_01-e1521564254417.jpg?fit=1200%2C553&ssl=1&resize=350%2C200","width":350,"height":200,"srcset":"https:\/\/i0.wp.com\/www.shqiperia.com\/blog\/wp-content\/uploads\/2019\/06\/VL_URB_MONUMENTI-I-PAVARESISE_01-e1521564254417.jpg?fit=1200%2C553&ssl=1&resize=350%2C200 1x, https:\/\/i0.wp.com\/www.shqiperia.com\/blog\/wp-content\/uploads\/2019\/06\/VL_URB_MONUMENTI-I-PAVARESISE_01-e1521564254417.jpg?fit=1200%2C553&ssl=1&resize=525%2C300 1.5x, https:\/\/i0.wp.com\/www.shqiperia.com\/blog\/wp-content\/uploads\/2019\/06\/VL_URB_MONUMENTI-I-PAVARESISE_01-e1521564254417.jpg?fit=1200%2C553&ssl=1&resize=700%2C400 2x, https:\/\/i0.wp.com\/www.shqiperia.com\/blog\/wp-content\/uploads\/2019\/06\/VL_URB_MONUMENTI-I-PAVARESISE_01-e1521564254417.jpg?fit=1200%2C553&ssl=1&resize=1050%2C600 3x"},"classes":[]}],"_links":{"self":[{"href":"https:\/\/www.shqiperia.com\/blog\/wp-json\/wp\/v2\/posts\/31998","targetHints":{"allow":["GET"]}}],"collection":[{"href":"https:\/\/www.shqiperia.com\/blog\/wp-json\/wp\/v2\/posts"}],"about":[{"href":"https:\/\/www.shqiperia.com\/blog\/wp-json\/wp\/v2\/types\/post"}],"author":[{"embeddable":true,"href":"https:\/\/www.shqiperia.com\/blog\/wp-json\/wp\/v2\/users\/9"}],"replies":[{"embeddable":true,"href":"https:\/\/www.shqiperia.com\/blog\/wp-json\/wp\/v2\/comments?post=31998"}],"version-history":[{"count":1,"href":"https:\/\/www.shqiperia.com\/blog\/wp-json\/wp\/v2\/posts\/31998\/revisions"}],"predecessor-version":[{"id":32001,"href":"https:\/\/www.shqiperia.com\/blog\/wp-json\/wp\/v2\/posts\/31998\/revisions\/32001"}],"wp:featuredmedia":[{"embeddable":true,"href":"https:\/\/www.shqiperia.com\/blog\/wp-json\/wp\/v2\/media\/31999"}],"wp:attachment":[{"href":"https:\/\/www.shqiperia.com\/blog\/wp-json\/wp\/v2\/media?parent=31998"}],"wp:term":[{"taxonomy":"category","embeddable":true,"href":"https:\/\/www.shqiperia.com\/blog\/wp-json\/wp\/v2\/categories?post=31998"},{"taxonomy":"post_tag","embeddable":true,"href":"https:\/\/www.shqiperia.com\/blog\/wp-json\/wp\/v2\/tags?post=31998"}],"curies":[{"name":"wp","href":"https:\/\/api.w.org\/{rel}","templated":true}]}}