{"id":31995,"date":"2020-03-02T18:42:29","date_gmt":"2020-03-02T18:42:29","guid":{"rendered":"https:\/\/www.shqiperia.com\/blog\/?p=31995"},"modified":"2020-03-02T18:42:29","modified_gmt":"2020-03-02T18:42:29","slug":"e-papritur-meta-paralajmeron-ramen-dhe-zbulon-daten-kur-do-shperndaje-parlamentin","status":"publish","type":"post","link":"https:\/\/www.shqiperia.com\/blog\/e-papritur-meta-paralajmeron-ramen-dhe-zbulon-daten-kur-do-shperndaje-parlamentin\/","title":{"rendered":"E papritur! Meta paralajm\u00ebron Ram\u00ebn dhe zbulon dat\u00ebn kur do shp\u00ebrndaj\u00eb Parlamentin"},"content":{"rendered":"<p><img data-recalc-dims=\"1\" loading=\"lazy\" decoding=\"async\" data-attachment-id=\"31996\" data-permalink=\"https:\/\/www.shqiperia.com\/blog\/e-papritur-meta-paralajmeron-ramen-dhe-zbulon-daten-kur-do-shperndaje-parlamentin\/ilir-meta-10\/\" data-orig-file=\"https:\/\/i0.wp.com\/www.shqiperia.com\/blog\/wp-content\/uploads\/2020\/03\/Ilir-Meta-1.jpg?fit=800%2C463&amp;ssl=1\" data-orig-size=\"800,463\" data-comments-opened=\"1\" data-image-meta=\"{&quot;aperture&quot;:&quot;0&quot;,&quot;credit&quot;:&quot;&quot;,&quot;camera&quot;:&quot;&quot;,&quot;caption&quot;:&quot;&quot;,&quot;created_timestamp&quot;:&quot;0&quot;,&quot;copyright&quot;:&quot;&quot;,&quot;focal_length&quot;:&quot;0&quot;,&quot;iso&quot;:&quot;0&quot;,&quot;shutter_speed&quot;:&quot;0&quot;,&quot;title&quot;:&quot;&quot;,&quot;orientation&quot;:&quot;0&quot;}\" data-image-title=\"Ilir Meta\" data-image-description=\"\" data-image-caption=\"\" data-medium-file=\"https:\/\/i0.wp.com\/www.shqiperia.com\/blog\/wp-content\/uploads\/2020\/03\/Ilir-Meta-1.jpg?fit=300%2C174&amp;ssl=1\" data-large-file=\"https:\/\/i0.wp.com\/www.shqiperia.com\/blog\/wp-content\/uploads\/2020\/03\/Ilir-Meta-1.jpg?fit=800%2C463&amp;ssl=1\" class=\"alignnone  wp-image-31996\" alt=\"\" src=\"https:\/\/i0.wp.com\/www.shqiperia.com\/blog\/wp-content\/uploads\/2020\/03\/Ilir-Meta-1.jpg?resize=666%2C386&#038;ssl=1\" width=\"666\" height=\"386\" srcset=\"https:\/\/i0.wp.com\/www.shqiperia.com\/blog\/wp-content\/uploads\/2020\/03\/Ilir-Meta-1.jpg?resize=300%2C174&amp;ssl=1 300w, https:\/\/i0.wp.com\/www.shqiperia.com\/blog\/wp-content\/uploads\/2020\/03\/Ilir-Meta-1.jpg?resize=768%2C444&amp;ssl=1 768w, https:\/\/i0.wp.com\/www.shqiperia.com\/blog\/wp-content\/uploads\/2020\/03\/Ilir-Meta-1.jpg?resize=450%2C260&amp;ssl=1 450w, https:\/\/i0.wp.com\/www.shqiperia.com\/blog\/wp-content\/uploads\/2020\/03\/Ilir-Meta-1.jpg?resize=600%2C347&amp;ssl=1 600w, https:\/\/i0.wp.com\/www.shqiperia.com\/blog\/wp-content\/uploads\/2020\/03\/Ilir-Meta-1.jpg?resize=400%2C232&amp;ssl=1 400w, https:\/\/i0.wp.com\/www.shqiperia.com\/blog\/wp-content\/uploads\/2020\/03\/Ilir-Meta-1.jpg?w=800&amp;ssl=1 800w\" sizes=\"auto, (max-width: 666px) 100vw, 666px\" \/><\/p>\n<p>E papritur! Meta paralajm\u00ebron Ram\u00ebn dhe zbulon dat\u00ebn kur do shp\u00ebrndaj\u00eb Parlamentin<\/p>\n<p>2 MARS 2020<\/p>\n<p>Presidenti Ilir Meta ka paralajm\u00ebruar kryeministrin Edi Rama se do t\u00eb shp\u00ebrndaj\u00eb parlamentin pas dat\u00ebs 15 mars, n\u00ebse me miratimin e Reform\u00ebs Zgjedhore, mzhoranca nuk pranoj t\u00eb zgjidhoj\u00eb zgjedhjet e parakohshme.<\/p>\n<p>\u201cA kemi parlament apo nuk kemi? Ishte pyetja e Met\u00ebs drejtuar popullit, t\u00eb cil\u00ebt u p\u00ebrgjigj\u00ebn n\u00eb kor: \u201cJo\u201d.<\/p>\n<p>Pas dat\u00ebs 15 mars, kur t\u00eb p\u00ebrfundoj\u00eb reforma zgjedhore, n\u00ebse ata nuk do ta marrin seriozisht, popullin kuqezi q\u00eb votoi sot p\u00ebr vdekjen e grushtit t\u00eb shtetit., un\u00eb Ilir Meta betohem se at\u00eb dekret nuk do ta firmos k\u00ebtu por n\u00eb mes\u00eb t\u00eb Parlamentit, atje n\u00eb mes t\u00eb krimit. I b\u00ebj thirrje t\u00eb gjith\u00eb popullit shqiptar un\u00eb i pari dhe t\u00eb gjith\u00eb popullit kuqezi. Jemi populli q\u00eb vuajti m\u00eb shum\u00eb se kushdo komunizmin\u201d.<\/p>\n<p>Gazeta Sot<\/p>\n","protected":false},"excerpt":{"rendered":"<p>E papritur! Meta paralajm\u00ebron Ram\u00ebn dhe zbulon dat\u00ebn kur do shp\u00ebrndaj\u00eb Parlamentin 2 MARS 2020 Presidenti Ilir Meta ka paralajm\u00ebruar kryeministrin Edi Rama se do t\u00eb shp\u00ebrndaj\u00eb parlamentin pas dat\u00ebs 15 mars, n\u00ebse me miratimin e Reform\u00ebs Zgjedhore, mzhoranca nuk pranoj t\u00eb zgjidhoj\u00eb zgjedhjet e parakohshme. \u201cA kemi parlament apo nuk kemi? Ishte pyetja e [&hellip;]<\/p>\n","protected":false},"author":9,"featured_media":31996,"comment_status":"open","ping_status":"open","sticky":false,"template":"","format":"standard","meta":{"jetpack_post_was_ever_published":false,"_jetpack_newsletter_access":"","_jetpack_dont_email_post_to_subs":false,"_jetpack_newsletter_tier_id":0,"_jetpack_memberships_contains_paywalled_content":false,"_jetpack_memberships_contains_paid_content":false,"footnotes":"","jetpack_publicize_message":"","jetpack_publicize_feature_enabled":true,"jetpack_social_post_already_shared":true,"jetpack_social_options":{"image_generator_settings":{"template":"highway","default_image_id":0,"font":"","enabled":false},"version":2}},"categories":[27,2,35],"tags":[],"class_list":["post-31995","post","type-post","status-publish","format-standard","has-post-thumbnail","hentry","category-blogu-i-udhetarit","category-politika","category-shoqerore"],"jetpack_publicize_connections":[],"jetpack_featured_media_url":"https:\/\/i0.wp.com\/www.shqiperia.com\/blog\/wp-content\/uploads\/2020\/03\/Ilir-Meta-1.jpg?fit=800%2C463&ssl=1","jetpack_sharing_enabled":true,"jetpack_shortlink":"https:\/\/wp.me\/p5Z6wp-8k3","jetpack-related-posts":[{"id":31788,"url":"https:\/\/www.shqiperia.com\/blog\/meta-kercenon-te-shperndaje-parlamentin-ne-2-mars-juristja-e-njohur-zbulon-rrugen-qe-mund-te-ndjeke-presidenti-kete-nuk-e-ka-permendur-asnjeri\/","url_meta":{"origin":31995,"position":0},"title":"Meta k\u00ebrc\u00ebnon t\u00eb shp\u00ebrndaj\u00eb Parlamentin n\u00eb 2 mars, juristja e njohur zbulon rrug\u00ebn q\u00eb mund t\u00eb ndjek\u00eb Presidenti: K\u00ebt\u00eb nuk e ka p\u00ebrmendur asnjeri!","author":"Kurt Farka","date":"February 25, 2020","format":false,"excerpt":"Meta k\u00ebrc\u00ebnon t\u00eb shp\u00ebrndaj\u00eb Parlamentin n\u00eb 2 mars, juristja e njohur zbulon rrug\u00ebn q\u00eb mund t\u00eb ndjek\u00eb Presidenti: K\u00ebt\u00eb nuk e ka p\u00ebrmendur asnjeri! 25 SHKURT 2020 Presidenti Ilir Meta prej dit\u00ebsh po k\u00ebrc\u00ebnon me shp\u00ebrndarjen e Parlamentit n\u00eb 2 mars. Mir\u00ebpo juristja e njohur, Margarita Kola shpjegon se presidenti\u2026","rel":"","context":"In &quot;Blogu i Udh\u00ebtarit&quot;","block_context":{"text":"Blogu i Udh\u00ebtarit","link":"https:\/\/www.shqiperia.com\/blog\/category\/blogu-i-udhetarit\/"},"img":{"alt_text":"","src":"https:\/\/i0.wp.com\/www.shqiperia.com\/blog\/wp-content\/uploads\/2020\/02\/640-0-5e54bfbb7fc20.jpg?fit=640%2C358&ssl=1&resize=350%2C200","width":350,"height":200,"srcset":"https:\/\/i0.wp.com\/www.shqiperia.com\/blog\/wp-content\/uploads\/2020\/02\/640-0-5e54bfbb7fc20.jpg?fit=640%2C358&ssl=1&resize=350%2C200 1x, https:\/\/i0.wp.com\/www.shqiperia.com\/blog\/wp-content\/uploads\/2020\/02\/640-0-5e54bfbb7fc20.jpg?fit=640%2C358&ssl=1&resize=525%2C300 1.5x"},"classes":[]},{"id":28062,"url":"https:\/\/www.shqiperia.com\/blog\/pyetet-presidenti-kur-do-ta-shperndaje-parlamentin-cfare-thote-ilir-meta\/","url_meta":{"origin":31995,"position":1},"title":"Pyetet Presidenti, &#8211; Kur do ta shp\u00ebrndaj\u00eb Parlamentin? \u00c7far\u00eb thot\u00eb Ilir Meta. &#8211;","author":"Kurt Farka","date":"November 14, 2019","format":false,"excerpt":"Pyetet Presidenti, - Kur do ta shp\u00ebrndaj\u00eb Parlamentin? \u00c7far\u00eb thot\u00eb Ilir Meta. - 13 nentor 2019 Gjat\u00eb konferenc\u00ebs p\u00ebr shtyp ku n\u00eb fokus ishte em\u00ebrimi i an\u00ebtar\u00ebve t\u00eb rinj t\u00eb Gjykat\u00ebs Kushtetuese, Presidenti i Republik\u00ebs, Ilir Meta u pyet se kur do t\u00eb shp\u00ebrndante Parlamentin. Meta nuk dha nj\u00eb p\u00ebrgjigje\u2026","rel":"","context":"In &quot;Blogu i Udh\u00ebtarit&quot;","block_context":{"text":"Blogu i Udh\u00ebtarit","link":"https:\/\/www.shqiperia.com\/blog\/category\/blogu-i-udhetarit\/"},"img":{"alt_text":"","src":"https:\/\/i0.wp.com\/www.shqiperia.com\/blog\/wp-content\/uploads\/2019\/11\/70e869ad-92bc-4abb-b5ee-815494aeb32a.jpg?fit=1200%2C710&ssl=1&resize=350%2C200","width":350,"height":200,"srcset":"https:\/\/i0.wp.com\/www.shqiperia.com\/blog\/wp-content\/uploads\/2019\/11\/70e869ad-92bc-4abb-b5ee-815494aeb32a.jpg?fit=1200%2C710&ssl=1&resize=350%2C200 1x, https:\/\/i0.wp.com\/www.shqiperia.com\/blog\/wp-content\/uploads\/2019\/11\/70e869ad-92bc-4abb-b5ee-815494aeb32a.jpg?fit=1200%2C710&ssl=1&resize=525%2C300 1.5x, https:\/\/i0.wp.com\/www.shqiperia.com\/blog\/wp-content\/uploads\/2019\/11\/70e869ad-92bc-4abb-b5ee-815494aeb32a.jpg?fit=1200%2C710&ssl=1&resize=700%2C400 2x, https:\/\/i0.wp.com\/www.shqiperia.com\/blog\/wp-content\/uploads\/2019\/11\/70e869ad-92bc-4abb-b5ee-815494aeb32a.jpg?fit=1200%2C710&ssl=1&resize=1050%2C600 3x"},"classes":[]},{"id":32027,"url":"https:\/\/www.shqiperia.com\/blog\/mbi-100-mije-ne-bulevard-ilir-meta-fjalim-madheshtor\/","url_meta":{"origin":31995,"position":2},"title":"Mbi 100 mij\u00eb n\u00eb bulevard, Ilir Meta fjalim madh\u00ebshtor","author":"Kurt Farka","date":"March 4, 2020","format":false,"excerpt":"Mbi 100 mij\u00eb n\u00eb bulevard, Ilir Meta fjalim madh\u00ebshtor Thjesht me nj\u00eb fjal\u00eb, dje ishte dit\u00eb madh\u00ebshtore p\u00ebr Republik\u00ebn 03\/03\/2020 Nga Mili Xhani Presidenti premtoi publikisht dhe solemnisht se pas 15 marsit do t\u00eb shp\u00ebrndaj\u00eb parlamentin e turpit, parlament q\u00eb mbetet nj\u00eb nd\u00ebr njollat m\u00eb t\u00eb zez\u00eb t\u00eb historis\u00eb politike\u2026","rel":"","context":"In &quot;Blogu i Udh\u00ebtarit&quot;","block_context":{"text":"Blogu i Udh\u00ebtarit","link":"https:\/\/www.shqiperia.com\/blog\/category\/blogu-i-udhetarit\/"},"img":{"alt_text":"","src":"https:\/\/i0.wp.com\/www.shqiperia.com\/blog\/wp-content\/uploads\/2020\/03\/Manifestimi-Meta-9.jpeg?fit=1200%2C800&ssl=1&resize=350%2C200","width":350,"height":200,"srcset":"https:\/\/i0.wp.com\/www.shqiperia.com\/blog\/wp-content\/uploads\/2020\/03\/Manifestimi-Meta-9.jpeg?fit=1200%2C800&ssl=1&resize=350%2C200 1x, https:\/\/i0.wp.com\/www.shqiperia.com\/blog\/wp-content\/uploads\/2020\/03\/Manifestimi-Meta-9.jpeg?fit=1200%2C800&ssl=1&resize=525%2C300 1.5x, https:\/\/i0.wp.com\/www.shqiperia.com\/blog\/wp-content\/uploads\/2020\/03\/Manifestimi-Meta-9.jpeg?fit=1200%2C800&ssl=1&resize=700%2C400 2x, https:\/\/i0.wp.com\/www.shqiperia.com\/blog\/wp-content\/uploads\/2020\/03\/Manifestimi-Meta-9.jpeg?fit=1200%2C800&ssl=1&resize=1050%2C600 3x"},"classes":[]},{"id":31998,"url":"https:\/\/www.shqiperia.com\/blog\/presidenti-meta-betohet-para-100-mije-vetave-se-pas-15-marsit-do-shperndaje-parlamentin-e-turpit\/","url_meta":{"origin":31995,"position":3},"title":"Presidenti Meta betohet para 100 mij\u00eb vetave se pas 15 marsit do shp\u00ebrndaj\u00eb parlamentin e turpit","author":"Kurt Farka","date":"March 2, 2020","format":false,"excerpt":"Presidenti Meta betohet para 100 mij\u00eb vetave se pas 15 marsit do shp\u00ebrndaj\u00eb parlamentin e turpit 02\/03\/2020 Miting madh\u00ebshtor sot n\u00eb Tiran\u00eb.\u00a0N\u00eb fjal\u00ebn e mbajtur para me shum\u00eb se 100 mij\u00eb qytetar\u00ebve q\u00eb mor\u00ebn pjes\u00eb\u00a0 n\u00eb manifestim, Presidentit Meta deklaroi se her\u00ebn tjet\u00ebr do t\u00eb firmoste dekretin e shp\u00ebrndarjes s\u00eb\u2026","rel":"","context":"In &quot;Blogu i Udh\u00ebtarit&quot;","block_context":{"text":"Blogu i Udh\u00ebtarit","link":"https:\/\/www.shqiperia.com\/blog\/category\/blogu-i-udhetarit\/"},"img":{"alt_text":"","src":"https:\/\/i0.wp.com\/www.shqiperia.com\/blog\/wp-content\/uploads\/2020\/03\/Manifestimi-Meta-7-750x375-1.jpeg?fit=750%2C375&ssl=1&resize=350%2C200","width":350,"height":200,"srcset":"https:\/\/i0.wp.com\/www.shqiperia.com\/blog\/wp-content\/uploads\/2020\/03\/Manifestimi-Meta-7-750x375-1.jpeg?fit=750%2C375&ssl=1&resize=350%2C200 1x, https:\/\/i0.wp.com\/www.shqiperia.com\/blog\/wp-content\/uploads\/2020\/03\/Manifestimi-Meta-7-750x375-1.jpeg?fit=750%2C375&ssl=1&resize=525%2C300 1.5x, https:\/\/i0.wp.com\/www.shqiperia.com\/blog\/wp-content\/uploads\/2020\/03\/Manifestimi-Meta-7-750x375-1.jpeg?fit=750%2C375&ssl=1&resize=700%2C400 2x"},"classes":[]},{"id":34919,"url":"https:\/\/www.shqiperia.com\/blog\/presidenti-do-e-shperndaje-parlamentin-nese-populli-regjisori-edmond-budina-thirrje-nga-durresi-qytetareve-mos-kini-frike-ngrijeni-koken\/","url_meta":{"origin":31995,"position":4},"title":"\u201cPresidenti do e shp\u00ebrndaj\u00eb parlamentin n\u00ebse populli\u2026\u201d, regjisori Edmond Budina thirrje nga Durr\u00ebsi qytetar\u00ebve: Mos kini frik\u00eb, ngrijeni kok\u00ebn","author":"Kurt Farka","date":"May 22, 2020","format":false,"excerpt":"\u201cPresidenti do e shp\u00ebrndaj\u00eb parlamentin n\u00ebse populli\u2026\u201d, regjisori Edmond Budina thirrje nga Durr\u00ebsi qytetar\u00ebve: Mos kini frik\u00eb, ngrijeni kok\u00ebn 22 maji 2020 Regjisori dhe aktori Edmond Budina nga Durr\u00ebsi ku Aleanca p\u00ebr Mbrojtjen e Teatrit zhvendosi sot protest\u00ebn, i \u00ebsht\u00eb referuar fjal\u00ebs s\u00eb kreut t\u00eb shtetit Ilir Meta q\u00eb tha\u2026","rel":"","context":"In &quot;Njoftime Shtypi&quot;","block_context":{"text":"Njoftime Shtypi","link":"https:\/\/www.shqiperia.com\/blog\/category\/njoftime-shtypi\/"},"img":{"alt_text":"","src":"https:\/\/i0.wp.com\/www.shqiperia.com\/blog\/wp-content\/uploads\/2020\/05\/budina-3-770x425-1.png?fit=770%2C425&ssl=1&resize=350%2C200","width":350,"height":200,"srcset":"https:\/\/i0.wp.com\/www.shqiperia.com\/blog\/wp-content\/uploads\/2020\/05\/budina-3-770x425-1.png?fit=770%2C425&ssl=1&resize=350%2C200 1x, https:\/\/i0.wp.com\/www.shqiperia.com\/blog\/wp-content\/uploads\/2020\/05\/budina-3-770x425-1.png?fit=770%2C425&ssl=1&resize=525%2C300 1.5x, https:\/\/i0.wp.com\/www.shqiperia.com\/blog\/wp-content\/uploads\/2020\/05\/budina-3-770x425-1.png?fit=770%2C425&ssl=1&resize=700%2C400 2x"},"classes":[]},{"id":32016,"url":"https:\/\/www.shqiperia.com\/blog\/dw-ultimatumi-prej-dy-javesh-per-shperndarje-parlamenti-manifestimi-ne-tirane-dhe-cfare-kerkojne-qytetaret\/","url_meta":{"origin":31995,"position":5},"title":"DW: Ultimatumi prej dy jav\u00ebsh p\u00ebr shp\u00ebrndarje Parlamenti. Manifestimi n\u00eb Tiran\u00eb dhe \u00e7far\u00eb k\u00ebrkojn\u00eb qytetar\u00ebt,","author":"Kurt Farka","date":"March 3, 2020","format":false,"excerpt":"DW: Ultimatumi prej dy jav\u00ebsh p\u00ebr shp\u00ebrndarje Parlamenti. Manifestimi n\u00eb Tiran\u00eb dhe \u00e7far\u00eb k\u00ebrkojn\u00eb qytetar\u00ebt, 3 mars 2020 Mbyllet pa incidente manifestimi n\u00eb Tiran\u00eb p\u00ebr mbrojtjen e Kushtetut\u00ebs. Presidenti Meta dhe opozita hodh\u00ebn akuza t\u00eb r\u00ebnda ndaj qeveris\u00eb n\u00eb Shqip\u00ebri. Presidenti i Shqip\u00ebris\u00eb, Ilir Meta k\u00ebrc\u00ebnon me shp\u00ebrndarje t\u00eb Parlamentit.\u2026","rel":"","context":"In &quot;Blogu i Udh\u00ebtarit&quot;","block_context":{"text":"Blogu i Udh\u00ebtarit","link":"https:\/\/www.shqiperia.com\/blog\/category\/blogu-i-udhetarit\/"},"img":{"alt_text":"","src":"https:\/\/i0.wp.com\/www.shqiperia.com\/blog\/wp-content\/uploads\/2020\/03\/Ilir-Mata.jpg?fit=700%2C394&ssl=1&resize=350%2C200","width":350,"height":200,"srcset":"https:\/\/i0.wp.com\/www.shqiperia.com\/blog\/wp-content\/uploads\/2020\/03\/Ilir-Mata.jpg?fit=700%2C394&ssl=1&resize=350%2C200 1x, https:\/\/i0.wp.com\/www.shqiperia.com\/blog\/wp-content\/uploads\/2020\/03\/Ilir-Mata.jpg?fit=700%2C394&ssl=1&resize=525%2C300 1.5x, https:\/\/i0.wp.com\/www.shqiperia.com\/blog\/wp-content\/uploads\/2020\/03\/Ilir-Mata.jpg?fit=700%2C394&ssl=1&resize=700%2C400 2x"},"classes":[]}],"_links":{"self":[{"href":"https:\/\/www.shqiperia.com\/blog\/wp-json\/wp\/v2\/posts\/31995","targetHints":{"allow":["GET"]}}],"collection":[{"href":"https:\/\/www.shqiperia.com\/blog\/wp-json\/wp\/v2\/posts"}],"about":[{"href":"https:\/\/www.shqiperia.com\/blog\/wp-json\/wp\/v2\/types\/post"}],"author":[{"embeddable":true,"href":"https:\/\/www.shqiperia.com\/blog\/wp-json\/wp\/v2\/users\/9"}],"replies":[{"embeddable":true,"href":"https:\/\/www.shqiperia.com\/blog\/wp-json\/wp\/v2\/comments?post=31995"}],"version-history":[{"count":1,"href":"https:\/\/www.shqiperia.com\/blog\/wp-json\/wp\/v2\/posts\/31995\/revisions"}],"predecessor-version":[{"id":31997,"href":"https:\/\/www.shqiperia.com\/blog\/wp-json\/wp\/v2\/posts\/31995\/revisions\/31997"}],"wp:featuredmedia":[{"embeddable":true,"href":"https:\/\/www.shqiperia.com\/blog\/wp-json\/wp\/v2\/media\/31996"}],"wp:attachment":[{"href":"https:\/\/www.shqiperia.com\/blog\/wp-json\/wp\/v2\/media?parent=31995"}],"wp:term":[{"taxonomy":"category","embeddable":true,"href":"https:\/\/www.shqiperia.com\/blog\/wp-json\/wp\/v2\/categories?post=31995"},{"taxonomy":"post_tag","embeddable":true,"href":"https:\/\/www.shqiperia.com\/blog\/wp-json\/wp\/v2\/tags?post=31995"}],"curies":[{"name":"wp","href":"https:\/\/api.w.org\/{rel}","templated":true}]}}