{"id":31992,"date":"2020-03-02T15:08:40","date_gmt":"2020-03-02T15:08:40","guid":{"rendered":"https:\/\/www.shqiperia.com\/blog\/?p=31992"},"modified":"2020-03-02T15:08:40","modified_gmt":"2020-03-02T15:08:40","slug":"dreke-pune-dy-ore-me-ambasadoren-amerikane-reagon-kreu-i-pd-se-pas-takimit-me-zyrtaren-e-larte","status":"publish","type":"post","link":"https:\/\/www.shqiperia.com\/blog\/dreke-pune-dy-ore-me-ambasadoren-amerikane-reagon-kreu-i-pd-se-pas-takimit-me-zyrtaren-e-larte\/","title":{"rendered":"Drek\u00eb pune dy or\u00eb me ambasadoren amerikane, reagon kreu i PD-s\u00eb pas takimit me zyrtaren e lart\u00eb"},"content":{"rendered":"<p><img data-recalc-dims=\"1\" loading=\"lazy\" decoding=\"async\" data-attachment-id=\"31993\" data-permalink=\"https:\/\/www.shqiperia.com\/blog\/dreke-pune-dy-ore-me-ambasadoren-amerikane-reagon-kreu-i-pd-se-pas-takimit-me-zyrtaren-e-larte\/640-0-5e5d118e545c4\/\" data-orig-file=\"https:\/\/i0.wp.com\/www.shqiperia.com\/blog\/wp-content\/uploads\/2020\/03\/640-0-5e5d118e545c4.jpg?fit=640%2C376&amp;ssl=1\" data-orig-size=\"640,376\" data-comments-opened=\"1\" data-image-meta=\"{&quot;aperture&quot;:&quot;0&quot;,&quot;credit&quot;:&quot;&quot;,&quot;camera&quot;:&quot;&quot;,&quot;caption&quot;:&quot;&quot;,&quot;created_timestamp&quot;:&quot;0&quot;,&quot;copyright&quot;:&quot;&quot;,&quot;focal_length&quot;:&quot;0&quot;,&quot;iso&quot;:&quot;0&quot;,&quot;shutter_speed&quot;:&quot;0&quot;,&quot;title&quot;:&quot;&quot;,&quot;orientation&quot;:&quot;0&quot;}\" data-image-title=\"-640-0-5e5d118e545c4\" data-image-description=\"\" data-image-caption=\"\" data-medium-file=\"https:\/\/i0.wp.com\/www.shqiperia.com\/blog\/wp-content\/uploads\/2020\/03\/640-0-5e5d118e545c4.jpg?fit=300%2C176&amp;ssl=1\" data-large-file=\"https:\/\/i0.wp.com\/www.shqiperia.com\/blog\/wp-content\/uploads\/2020\/03\/640-0-5e5d118e545c4.jpg?fit=640%2C376&amp;ssl=1\" class=\"alignnone  wp-image-31993\" alt=\"\" src=\"https:\/\/i0.wp.com\/www.shqiperia.com\/blog\/wp-content\/uploads\/2020\/03\/640-0-5e5d118e545c4.jpg?resize=745%2C437&#038;ssl=1\" width=\"745\" height=\"437\" srcset=\"https:\/\/i0.wp.com\/www.shqiperia.com\/blog\/wp-content\/uploads\/2020\/03\/640-0-5e5d118e545c4.jpg?resize=300%2C176&amp;ssl=1 300w, https:\/\/i0.wp.com\/www.shqiperia.com\/blog\/wp-content\/uploads\/2020\/03\/640-0-5e5d118e545c4.jpg?resize=450%2C264&amp;ssl=1 450w, https:\/\/i0.wp.com\/www.shqiperia.com\/blog\/wp-content\/uploads\/2020\/03\/640-0-5e5d118e545c4.jpg?resize=600%2C353&amp;ssl=1 600w, https:\/\/i0.wp.com\/www.shqiperia.com\/blog\/wp-content\/uploads\/2020\/03\/640-0-5e5d118e545c4.jpg?resize=400%2C235&amp;ssl=1 400w, https:\/\/i0.wp.com\/www.shqiperia.com\/blog\/wp-content\/uploads\/2020\/03\/640-0-5e5d118e545c4.jpg?w=640&amp;ssl=1 640w\" sizes=\"auto, (max-width: 745px) 100vw, 745px\" \/><\/p>\n<p>Drek\u00eb pune dy or\u00eb me ambasadoren amerikane, reagon kreu i PD-s\u00eb pas takimit me zyrtaren e lart\u00eb<\/p>\n<p>2 MARS 2020<\/p>\n<p>Kryedemokrati Lulzim Basha ka pasur sot nj\u00eb drek\u00eb pun\u00eb me ambasadoren e SHBA n\u00eb Tiran\u00eb, Yuri Kim,\u00a0dy or\u00eb. Pasi p\u00ebrfundimit t\u00eb takimit, Basha nuk ka dh\u00ebn\u00eb detaje p\u00ebr gazetar\u00ebt e pranish\u00ebm, lidhur me temat e diskutuara me ambasadoren.<\/p>\n<p>Ai u shpreh vet\u00ebm se:<\/p>\n<p>\u201cPata nj\u00eb bis\u00ebed\u00eb shum\u00eb t\u00eb mir\u00eb me miken ton\u00eb e p\u00ebrfaq\u00ebsuesen e aleat\u00ebve tan\u00eb strategjik\u00eb, Shtetet e Bashkuara t\u00eb Amerik\u00ebs\u201d, tha kryedemokrati Basha.<\/p>\n<p>Takimi erdhi disa or\u00eb para manifestimit t\u00eb th\u00ebrritur nga kreu i shtetit, Ilir Meta dhe konfirmimit t\u00eb pjes\u00ebmarrjes nga opozita.<\/p>\n<p>Gazeta Sot<\/p>\n","protected":false},"excerpt":{"rendered":"<p>Drek\u00eb pune dy or\u00eb me ambasadoren amerikane, reagon kreu i PD-s\u00eb pas takimit me zyrtaren e lart\u00eb 2 MARS 2020 Kryedemokrati Lulzim Basha ka pasur sot nj\u00eb drek\u00eb pun\u00eb me ambasadoren e SHBA n\u00eb Tiran\u00eb, Yuri Kim,\u00a0dy or\u00eb. Pasi p\u00ebrfundimit t\u00eb takimit, Basha nuk ka dh\u00ebn\u00eb detaje p\u00ebr gazetar\u00ebt e pranish\u00ebm, lidhur me temat e [&hellip;]<\/p>\n","protected":false},"author":9,"featured_media":31993,"comment_status":"open","ping_status":"open","sticky":false,"template":"","format":"standard","meta":{"jetpack_post_was_ever_published":false,"_jetpack_newsletter_access":"","_jetpack_dont_email_post_to_subs":false,"_jetpack_newsletter_tier_id":0,"_jetpack_memberships_contains_paywalled_content":false,"_jetpack_memberships_contains_paid_content":false,"footnotes":"","jetpack_publicize_message":"","jetpack_publicize_feature_enabled":true,"jetpack_social_post_already_shared":true,"jetpack_social_options":{"image_generator_settings":{"template":"highway","default_image_id":0,"font":"","enabled":false},"version":2}},"categories":[27,2],"tags":[],"class_list":["post-31992","post","type-post","status-publish","format-standard","has-post-thumbnail","hentry","category-blogu-i-udhetarit","category-politika"],"jetpack_publicize_connections":[],"jetpack_featured_media_url":"https:\/\/i0.wp.com\/www.shqiperia.com\/blog\/wp-content\/uploads\/2020\/03\/640-0-5e5d118e545c4.jpg?fit=640%2C376&ssl=1","jetpack_sharing_enabled":true,"jetpack_shortlink":"https:\/\/wp.me\/p5Z6wp-8k0","jetpack-related-posts":[{"id":36540,"url":"https:\/\/www.shqiperia.com\/blog\/perplasjet-per-ndryshimet-kushtetuese-reagon-shba-dhe-be-ja-pas-takimit-te-yuri-kim-dhe-luigi-soreca-kjo-eshte-thelbesore\/","url_meta":{"origin":31992,"position":0},"title":"P\u00ebrplasjet p\u00ebr ndryshimet Kushtetuese\/ Reagon SHBA dhe BE-ja pas takimit t\u00eb Yuri Kim dhe Luigi Soreca: Kjo \u00ebsht\u00eb thelb\u00ebsore","author":"Kurt Farka","date":"July 27, 2020","format":false,"excerpt":"P\u00ebrplasjet p\u00ebr ndryshimet Kushtetuese\/ Reagon SHBA dhe BE-ja pas takimit t\u00eb Yuri Kim dhe Luigi Soreca: Kjo \u00ebsht\u00eb thelb\u00ebsore 27 KORRIK 2020 Ka p\u00ebrfunduar takimi i ambasadores s\u00eb SHBA Yuri Kim dhe ambasadorit t\u00eb BE Luigi Soreca, me kryeministrin Edi Rama,\u00a0t\u00eb cil\u00ebt i kan\u00eb shkuar n\u00eb zyr\u00eb dit\u00ebn e sotme.\u2026","rel":"","context":"In &quot;Blogu i Udh\u00ebtarit&quot;","block_context":{"text":"Blogu i Udh\u00ebtarit","link":"https:\/\/www.shqiperia.com\/blog\/category\/blogu-i-udhetarit\/"},"img":{"alt_text":"","src":"https:\/\/i0.wp.com\/www.shqiperia.com\/blog\/wp-content\/uploads\/2020\/07\/800-0-5f1e9fbbc2a2b.jpg?fit=765%2C374&ssl=1&resize=350%2C200","width":350,"height":200,"srcset":"https:\/\/i0.wp.com\/www.shqiperia.com\/blog\/wp-content\/uploads\/2020\/07\/800-0-5f1e9fbbc2a2b.jpg?fit=765%2C374&ssl=1&resize=350%2C200 1x, https:\/\/i0.wp.com\/www.shqiperia.com\/blog\/wp-content\/uploads\/2020\/07\/800-0-5f1e9fbbc2a2b.jpg?fit=765%2C374&ssl=1&resize=525%2C300 1.5x, https:\/\/i0.wp.com\/www.shqiperia.com\/blog\/wp-content\/uploads\/2020\/07\/800-0-5f1e9fbbc2a2b.jpg?fit=765%2C374&ssl=1&resize=700%2C400 2x"},"classes":[]},{"id":56511,"url":"https:\/\/www.shqiperia.com\/blog\/princ-leka-kandidat-per-president-zbulohet-takimi-surprize-me-zyrtarin-e-larte-amerikan-dhe-ambasadoren-yuri-kim\/","url_meta":{"origin":31992,"position":1},"title":"Princ Leka kandidat p\u00ebr President? &#8211; Zbulohet takimi surpriz\u00eb me zyrtarin e lart\u00eb amerikan dhe ambasadoren Yuri Kim","author":"Kurt Farka","date":"April 8, 2022","format":false,"excerpt":"Princ Leka kandidat p\u00ebr President? - Zbulohet takimi surpriz\u00eb me zyrtarin e lart\u00eb amerikan dhe ambasadoren Yuri Kim 8 Prill 2022 | Nga: Gazeta Panorama Princ Leka per president. Top Channel ka hedhur p\u00ebr diskutim nj\u00eb kandidat surpriz\u00eb p\u00ebr postin e presidentit t\u00eb ardhsh\u00ebm, por q\u00eb sipas televizionit ka mb\u00ebshtetjen\u2026","rel":"","context":"In &quot;Blogu i Udh\u00ebtarit&quot;","block_context":{"text":"Blogu i Udh\u00ebtarit","link":"https:\/\/www.shqiperia.com\/blog\/category\/blogu-i-udhetarit\/"},"img":{"alt_text":"","src":"https:\/\/i0.wp.com\/www.shqiperia.com\/blog\/wp-content\/uploads\/2022\/04\/princ-leka-per-president.jpg?fit=600%2C313&ssl=1&resize=350%2C200","width":350,"height":200,"srcset":"https:\/\/i0.wp.com\/www.shqiperia.com\/blog\/wp-content\/uploads\/2022\/04\/princ-leka-per-president.jpg?fit=600%2C313&ssl=1&resize=350%2C200 1x, https:\/\/i0.wp.com\/www.shqiperia.com\/blog\/wp-content\/uploads\/2022\/04\/princ-leka-per-president.jpg?fit=600%2C313&ssl=1&resize=525%2C300 1.5x"},"classes":[]},{"id":55955,"url":"https:\/\/www.shqiperia.com\/blog\/e-krahasoi-ambasadoren-kim-me-sekretaren-e-partise-thellohet-krisja-me-shba-blinken-injoron-ramen-mesazh-vetem-ministres-xhacka\/","url_meta":{"origin":31992,"position":2},"title":"E krahasoi ambasadoren Kim me Sekretaren e Partis\u00eb thellohet krisja me SHBA, Blinken injoron Ram\u00ebn, mesazh vet\u00ebm ministres Xha\u00e7ka","author":"Kurt Farka","date":"March 25, 2022","format":false,"excerpt":"E krahasoi ambasadoren Kim me Sekretaren e Partis\u00eb thellohet krisja me SHBA, Blinken injoron Ram\u00ebn, mesazh vet\u00ebm ministres Xha\u00e7ka 24 MARS 2022 Kryeministri Edi Rama po tregon nga dita n\u00eb dit\u00eb q\u00eb ka nj\u00eb luft\u00eb t\u00eb hapur me Shtetet e Bashkuara t\u00eb Amerik\u00ebs dhe ambasadoren amerikane n\u00eb Tiran\u00eb, Yuri Kim.\u2026","rel":"","context":"In &quot;Blogu i Udh\u00ebtarit&quot;","block_context":{"text":"Blogu i Udh\u00ebtarit","link":"https:\/\/www.shqiperia.com\/blog\/category\/blogu-i-udhetarit\/"},"img":{"alt_text":"","src":"https:\/\/i0.wp.com\/www.shqiperia.com\/blog\/wp-content\/uploads\/2022\/03\/Edi-Rama-7.jpg?fit=800%2C480&ssl=1&resize=350%2C200","width":350,"height":200,"srcset":"https:\/\/i0.wp.com\/www.shqiperia.com\/blog\/wp-content\/uploads\/2022\/03\/Edi-Rama-7.jpg?fit=800%2C480&ssl=1&resize=350%2C200 1x, https:\/\/i0.wp.com\/www.shqiperia.com\/blog\/wp-content\/uploads\/2022\/03\/Edi-Rama-7.jpg?fit=800%2C480&ssl=1&resize=525%2C300 1.5x, https:\/\/i0.wp.com\/www.shqiperia.com\/blog\/wp-content\/uploads\/2022\/03\/Edi-Rama-7.jpg?fit=800%2C480&ssl=1&resize=700%2C400 2x"},"classes":[]},{"id":72008,"url":"https:\/\/www.shqiperia.com\/blog\/pak-ore-pas-urdher-arrestit-te-spak-ndaj-vangjush-dakos-kryeministri-rama-darkon-me-ambasadoren-amerikane\/","url_meta":{"origin":31992,"position":3},"title":"Pak or\u00eb pas urdh\u00ebr arrestit t\u00eb SPAK ndaj Vangjush Dakos, kryeministri Rama darkon me ambasadoren amerikane","author":"Kurt Farka","date":"June 6, 2023","format":false,"excerpt":"6 Qershor 2023 Kryeministri Edi Rama ka darkuar mbr\u00ebmjen e sotme me ambasadoren e Shteteve t\u00eb Bashkuara t\u00eb Amerik\u00ebs n\u00eb vendin ton\u00eb, Yuri Kim. Sipas BW, ata jan\u00eb takuar n\u00eb kryeqytet por ende nuk dihet se p\u00ebr \u00e7far\u00eb \u00ebsht\u00eb diskutuar mes tyre. Takimi vjen pak or\u00eb pas urdh\u00ebr arrestit t\u00eb\u2026","rel":"","context":"In &quot;Blogu i Udh\u00ebtarit&quot;","block_context":{"text":"Blogu i Udh\u00ebtarit","link":"https:\/\/www.shqiperia.com\/blog\/category\/blogu-i-udhetarit\/"},"img":{"alt_text":"","src":"https:\/\/i0.wp.com\/www.shqiperia.com\/blog\/wp-content\/uploads\/2023\/06\/edi-rama-yuri-kim-663x450-1.jpg?fit=663%2C396&ssl=1&resize=350%2C200","width":350,"height":200,"srcset":"https:\/\/i0.wp.com\/www.shqiperia.com\/blog\/wp-content\/uploads\/2023\/06\/edi-rama-yuri-kim-663x450-1.jpg?fit=663%2C396&ssl=1&resize=350%2C200 1x, https:\/\/i0.wp.com\/www.shqiperia.com\/blog\/wp-content\/uploads\/2023\/06\/edi-rama-yuri-kim-663x450-1.jpg?fit=663%2C396&ssl=1&resize=525%2C300 1.5x"},"classes":[]},{"id":31989,"url":"https:\/\/www.shqiperia.com\/blog\/pak-ore-nga-tubimi-i-metes-yuri-kim-fton-ne-takim-bashen\/","url_meta":{"origin":31992,"position":4},"title":"Pak or\u00eb nga tubimi i Met\u00ebs, Yuri Kim fton n\u00eb takim Bash\u00ebn","author":"Kurt Farka","date":"March 2, 2020","format":false,"excerpt":"Pak or\u00eb nga tubimi i Met\u00ebs, Yuri Kim fton n\u00eb takim Bash\u00ebn Pak or\u00eb nga nisja e tubimit t\u00eb presidentit Ilir Meta, ambasadorja e SHBA n\u00eb vendin ton\u00eb Yuri Kim ka ftuar n\u00eb nj\u00eb drek\u00eb pune, kryedemokratin Lulzim Basha. 2 Mars 2020 Pak or\u00eb nga nisja e tubimit \"p\u00ebr Bes\u00eblidhje\"\u2026","rel":"","context":"In &quot;Blogu i Udh\u00ebtarit&quot;","block_context":{"text":"Blogu i Udh\u00ebtarit","link":"https:\/\/www.shqiperia.com\/blog\/category\/blogu-i-udhetarit\/"},"img":{"alt_text":"","src":"https:\/\/i0.wp.com\/www.shqiperia.com\/blog\/wp-content\/uploads\/2020\/03\/1583150404_bashakim.jpg?fit=780%2C353&ssl=1&resize=350%2C200","width":350,"height":200,"srcset":"https:\/\/i0.wp.com\/www.shqiperia.com\/blog\/wp-content\/uploads\/2020\/03\/1583150404_bashakim.jpg?fit=780%2C353&ssl=1&resize=350%2C200 1x, https:\/\/i0.wp.com\/www.shqiperia.com\/blog\/wp-content\/uploads\/2020\/03\/1583150404_bashakim.jpg?fit=780%2C353&ssl=1&resize=525%2C300 1.5x, https:\/\/i0.wp.com\/www.shqiperia.com\/blog\/wp-content\/uploads\/2020\/03\/1583150404_bashakim.jpg?fit=780%2C353&ssl=1&resize=700%2C400 2x"},"classes":[]},{"id":30792,"url":"https:\/\/www.shqiperia.com\/blog\/kreshnik-spahiu-i-nxjerr-skandalet-e-renda-ish-kryeministrit-dhe-paralajmeron-ambasadoren-e-re-amerikane-14-arsye-pse-sduhet-te-takohet-me-sali-berishen-pergatitu-per-nje-sulm\/","url_meta":{"origin":31992,"position":5},"title":"Kreshnik Spahiu i nxjerr skandalet e r\u00ebnda ish-kryeministrit dhe paralajm\u00ebron ambasadoren e re amerikane: 14 arsye, pse s\u2019duhet t\u00eb takohet me Sali Berish\u00ebn. P\u00ebrgatitu p\u00ebr nj\u00eb sulm&#8230;","author":"Kurt Farka","date":"January 29, 2020","format":false,"excerpt":"Kreshnik Spahiu i nxjerr skandalet e r\u00ebnda ish-kryeministrit dhe paralajm\u00ebron ambasadoren e re amerikane: 14 arsye, pse s\u2019duhet t\u00eb takohet me Sali Berish\u00ebn. P\u00ebrgatitu p\u00ebr nj\u00eb sulm... 28 JANAR 2020 Ambasadorja e re Amerikane p\u00ebr Shqip\u00ebrin\u00eb q\u00eb z\u00ebvend\u00ebson n\u00eb k\u00ebt\u00eb detyr\u00eb ambasadorin Doland Lu, ka nisur zyrtarisht pun\u00ebn si p\u00ebrfaq\u00ebsuese\u2026","rel":"","context":"In &quot;Blogu i Udh\u00ebtarit&quot;","block_context":{"text":"Blogu i Udh\u00ebtarit","link":"https:\/\/www.shqiperia.com\/blog\/category\/blogu-i-udhetarit\/"},"img":{"alt_text":"","src":"https:\/\/i0.wp.com\/www.shqiperia.com\/blog\/wp-content\/uploads\/2020\/01\/Kreshnik-Spahiu.jpg?fit=800%2C514&ssl=1&resize=350%2C200","width":350,"height":200,"srcset":"https:\/\/i0.wp.com\/www.shqiperia.com\/blog\/wp-content\/uploads\/2020\/01\/Kreshnik-Spahiu.jpg?fit=800%2C514&ssl=1&resize=350%2C200 1x, https:\/\/i0.wp.com\/www.shqiperia.com\/blog\/wp-content\/uploads\/2020\/01\/Kreshnik-Spahiu.jpg?fit=800%2C514&ssl=1&resize=525%2C300 1.5x, https:\/\/i0.wp.com\/www.shqiperia.com\/blog\/wp-content\/uploads\/2020\/01\/Kreshnik-Spahiu.jpg?fit=800%2C514&ssl=1&resize=700%2C400 2x"},"classes":[]}],"_links":{"self":[{"href":"https:\/\/www.shqiperia.com\/blog\/wp-json\/wp\/v2\/posts\/31992","targetHints":{"allow":["GET"]}}],"collection":[{"href":"https:\/\/www.shqiperia.com\/blog\/wp-json\/wp\/v2\/posts"}],"about":[{"href":"https:\/\/www.shqiperia.com\/blog\/wp-json\/wp\/v2\/types\/post"}],"author":[{"embeddable":true,"href":"https:\/\/www.shqiperia.com\/blog\/wp-json\/wp\/v2\/users\/9"}],"replies":[{"embeddable":true,"href":"https:\/\/www.shqiperia.com\/blog\/wp-json\/wp\/v2\/comments?post=31992"}],"version-history":[{"count":1,"href":"https:\/\/www.shqiperia.com\/blog\/wp-json\/wp\/v2\/posts\/31992\/revisions"}],"predecessor-version":[{"id":31994,"href":"https:\/\/www.shqiperia.com\/blog\/wp-json\/wp\/v2\/posts\/31992\/revisions\/31994"}],"wp:featuredmedia":[{"embeddable":true,"href":"https:\/\/www.shqiperia.com\/blog\/wp-json\/wp\/v2\/media\/31993"}],"wp:attachment":[{"href":"https:\/\/www.shqiperia.com\/blog\/wp-json\/wp\/v2\/media?parent=31992"}],"wp:term":[{"taxonomy":"category","embeddable":true,"href":"https:\/\/www.shqiperia.com\/blog\/wp-json\/wp\/v2\/categories?post=31992"},{"taxonomy":"post_tag","embeddable":true,"href":"https:\/\/www.shqiperia.com\/blog\/wp-json\/wp\/v2\/tags?post=31992"}],"curies":[{"name":"wp","href":"https:\/\/api.w.org\/{rel}","templated":true}]}}