{"id":31989,"date":"2020-03-02T12:11:35","date_gmt":"2020-03-02T12:11:35","guid":{"rendered":"https:\/\/www.shqiperia.com\/blog\/?p=31989"},"modified":"2020-03-02T12:11:35","modified_gmt":"2020-03-02T12:11:35","slug":"pak-ore-nga-tubimi-i-metes-yuri-kim-fton-ne-takim-bashen","status":"publish","type":"post","link":"https:\/\/www.shqiperia.com\/blog\/pak-ore-nga-tubimi-i-metes-yuri-kim-fton-ne-takim-bashen\/","title":{"rendered":"Pak or\u00eb nga tubimi i Met\u00ebs, Yuri Kim fton n\u00eb takim Bash\u00ebn"},"content":{"rendered":"<p><img data-recalc-dims=\"1\" loading=\"lazy\" decoding=\"async\" data-attachment-id=\"31990\" data-permalink=\"https:\/\/www.shqiperia.com\/blog\/pak-ore-nga-tubimi-i-metes-yuri-kim-fton-ne-takim-bashen\/1583150404_bashakim\/\" data-orig-file=\"https:\/\/i0.wp.com\/www.shqiperia.com\/blog\/wp-content\/uploads\/2020\/03\/1583150404_bashakim.jpg?fit=780%2C353&amp;ssl=1\" data-orig-size=\"780,353\" data-comments-opened=\"1\" data-image-meta=\"{&quot;aperture&quot;:&quot;0&quot;,&quot;credit&quot;:&quot;&quot;,&quot;camera&quot;:&quot;&quot;,&quot;caption&quot;:&quot;&quot;,&quot;created_timestamp&quot;:&quot;0&quot;,&quot;copyright&quot;:&quot;&quot;,&quot;focal_length&quot;:&quot;0&quot;,&quot;iso&quot;:&quot;0&quot;,&quot;shutter_speed&quot;:&quot;0&quot;,&quot;title&quot;:&quot;&quot;,&quot;orientation&quot;:&quot;0&quot;}\" data-image-title=\"1583150404_bashakim\" data-image-description=\"\" data-image-caption=\"\" data-medium-file=\"https:\/\/i0.wp.com\/www.shqiperia.com\/blog\/wp-content\/uploads\/2020\/03\/1583150404_bashakim.jpg?fit=300%2C136&amp;ssl=1\" data-large-file=\"https:\/\/i0.wp.com\/www.shqiperia.com\/blog\/wp-content\/uploads\/2020\/03\/1583150404_bashakim.jpg?fit=780%2C353&amp;ssl=1\" class=\"alignnone  wp-image-31990\" alt=\"\" src=\"https:\/\/i0.wp.com\/www.shqiperia.com\/blog\/wp-content\/uploads\/2020\/03\/1583150404_bashakim.jpg?resize=600%2C272&#038;ssl=1\" width=\"600\" height=\"272\" srcset=\"https:\/\/i0.wp.com\/www.shqiperia.com\/blog\/wp-content\/uploads\/2020\/03\/1583150404_bashakim.jpg?resize=300%2C136&amp;ssl=1 300w, https:\/\/i0.wp.com\/www.shqiperia.com\/blog\/wp-content\/uploads\/2020\/03\/1583150404_bashakim.jpg?resize=768%2C348&amp;ssl=1 768w, https:\/\/i0.wp.com\/www.shqiperia.com\/blog\/wp-content\/uploads\/2020\/03\/1583150404_bashakim.jpg?resize=450%2C204&amp;ssl=1 450w, https:\/\/i0.wp.com\/www.shqiperia.com\/blog\/wp-content\/uploads\/2020\/03\/1583150404_bashakim.jpg?resize=600%2C272&amp;ssl=1 600w, https:\/\/i0.wp.com\/www.shqiperia.com\/blog\/wp-content\/uploads\/2020\/03\/1583150404_bashakim.jpg?resize=400%2C181&amp;ssl=1 400w, https:\/\/i0.wp.com\/www.shqiperia.com\/blog\/wp-content\/uploads\/2020\/03\/1583150404_bashakim.jpg?w=780&amp;ssl=1 780w\" sizes=\"auto, (max-width: 600px) 100vw, 600px\" \/><\/p>\n<p><strong>Pak or\u00eb nga tubimi i Met\u00ebs, Yuri Kim fton n\u00eb takim Bash\u00ebn<\/strong><\/p>\n<p><em>Pak or\u00eb nga nisja e tubimit t\u00eb presidentit Ilir Meta, ambasadorja e SHBA n\u00eb vendin ton\u00eb Yuri Kim ka ftuar n\u00eb nj\u00eb drek\u00eb pune, kryedemokratin Lulzim Basha.<\/em><\/p>\n<p>2 Mars 2020<\/p>\n<p>Pak or\u00eb nga nisja e tubimit &#8220;p\u00ebr Bes\u00eblidhje&#8221; t\u00eb presidentit Ilir Meta, ambasadorja e SHBA n\u00eb vendin ton\u00eb Yuri Kim ka ftuar n\u00eb nj\u00eb drek\u00eb pune, kryedemokratin Lulzim Basha. Takimi vjen nj\u00eb dit\u00eb pasi Basha konfirmoi se do t\u00eb jet\u00eb n\u00eb shesh n\u00eb mb\u00ebshtetje t\u00eb Met\u00ebs, ndon\u00ebse pak dit\u00eb m\u00eb par\u00eb Report Tv m\u00ebsoi se n\u00eb rolin e tij si lider i opozit\u00ebs<strong><em><a href=\"https:\/\/shqiptarja.com\/lajm\/tubimi-i-metes-me-2-mars-basha-urdher-strukturave-tw-partisw-te-mbeshtesim-thirrjen-e-presidentit\">\u00a0ai urdh\u00ebroi organizimin<\/a><\/em><\/strong>\u00a0e strukturave p\u00ebr pjes\u00ebmarrje pasive n\u00eb mb\u00ebshtetje t\u00eb presidentit.<\/p>\n<p>Urdhri i Bash\u00ebs<strong><em><a href=\"https:\/\/shqiptarja.com\/lajm\/ekskluzive-takim-me-tone-te-ashpra-nw-presidencw-metabashes-dua-nga-ty-10-mije-njerez\">\u00a0pasoi takimin<\/a><\/em><\/strong>\u00a0q\u00eb ai pati n\u00eb presidenc\u00eb me Met\u00ebn, kur ky i fundit i k\u00ebrkoi t\u00eb mbledh\u00eb 10 mij\u00eb njer\u00ebz p\u00ebr tubimin e atij anti-qeveritar.<\/p>\n<p>Pak dit\u00eb m\u00eb par\u00eb,\u00a0<strong><em><a href=\"https:\/\/shqiptarja.com\/lajm\/protesta-e-metes-ne-2-mars-ambasada-e-shbase-mesazh-amerikaneve-ne-shqiperi\">ambasada e SHBA-s\u00eb<\/a><\/em><\/strong>\u00a0n\u00eb Shqip\u00ebri k\u00ebshilloi qytetar\u00ebt e saj q\u00eb t\u00eb shmangin zon\u00ebn ku do t\u00eb zhvillohet protesta e 2 marsit, e organizuar nga Presidenti Ilir Meta. Selia diplomatike u k\u00ebrkoi qytetar\u00ebve t\u00eb saj q\u00eb t\u00eb b\u00ebjn\u00eb kujdes dhe tw shmangin \u00e7do incident.<\/p>\n<p>m.v.\/Shqiptarja.com<\/p>\n","protected":false},"excerpt":{"rendered":"<p>Pak or\u00eb nga tubimi i Met\u00ebs, Yuri Kim fton n\u00eb takim Bash\u00ebn Pak or\u00eb nga nisja e tubimit t\u00eb presidentit Ilir Meta, ambasadorja e SHBA n\u00eb vendin ton\u00eb Yuri Kim ka ftuar n\u00eb nj\u00eb drek\u00eb pune, kryedemokratin Lulzim Basha. 2 Mars 2020 Pak or\u00eb nga nisja e tubimit &#8220;p\u00ebr Bes\u00eblidhje&#8221; t\u00eb presidentit Ilir Meta, ambasadorja [&hellip;]<\/p>\n","protected":false},"author":9,"featured_media":31990,"comment_status":"open","ping_status":"open","sticky":false,"template":"","format":"standard","meta":{"jetpack_post_was_ever_published":false,"_jetpack_newsletter_access":"","_jetpack_dont_email_post_to_subs":false,"_jetpack_newsletter_tier_id":0,"_jetpack_memberships_contains_paywalled_content":false,"_jetpack_memberships_contains_paid_content":false,"footnotes":"","jetpack_publicize_message":"","jetpack_publicize_feature_enabled":true,"jetpack_social_post_already_shared":true,"jetpack_social_options":{"image_generator_settings":{"template":"highway","default_image_id":0,"font":"","enabled":false},"version":2}},"categories":[27,1,2],"tags":[],"class_list":["post-31989","post","type-post","status-publish","format-standard","has-post-thumbnail","hentry","category-blogu-i-udhetarit","category-njoftime-shtypi","category-politika"],"jetpack_publicize_connections":[],"jetpack_featured_media_url":"https:\/\/i0.wp.com\/www.shqiperia.com\/blog\/wp-content\/uploads\/2020\/03\/1583150404_bashakim.jpg?fit=780%2C353&ssl=1","jetpack_sharing_enabled":true,"jetpack_shortlink":"https:\/\/wp.me\/p5Z6wp-8jX","jetpack-related-posts":[{"id":59673,"url":"https:\/\/www.shqiperia.com\/blog\/pritja-per-festen-e-pavaresise-se-shba-ambasadorja-yuri-kim-ne-krah-presidentit-ilir-meta\/","url_meta":{"origin":31989,"position":0},"title":"Pritja p\u00ebr fest\u00ebn e Pavar\u00ebsis\u00eb s\u00eb SHBA. &#8211; Ambasadorja Yuri Kim ne krah Presidentit Ilir Meta.","author":"Kurt Farka","date":"July 2, 2022","format":false,"excerpt":"2 Qershor 2022 Pershendet Presidenti Ilir Meta Ambasadorja amerikane n\u00eb Tiran\u00eb, Yuri Kim, publikoi n\u00eb rrjetet sociale disa foto nga pritja e organizuar mbr\u00ebmjen e t\u00eb premtes me rastin e festimeve p\u00ebr Dit\u00ebn e 246-t\u00eb t\u00eb Pavar\u00ebsis\u00eb s\u00eb Shteteve t\u00eb Bashkuara dhe 100 vjetorin e marr\u00ebdh\u00ebnieve midis SHBA dhe Shqip\u00ebris\u00eb.\u2026","rel":"","context":"In &quot;Blogu i Udh\u00ebtarit&quot;","block_context":{"text":"Blogu i Udh\u00ebtarit","link":"https:\/\/www.shqiperia.com\/blog\/category\/blogu-i-udhetarit\/"},"img":{"alt_text":"","src":"https:\/\/i0.wp.com\/www.shqiperia.com\/blog\/wp-content\/uploads\/2022\/07\/Pritja-per-festen-e-Pavaresise-se-SHBA.-Ambasadorja-Yuri-Kim-ne-krah-Presidentit-Ilir-Meta.-2.jpg?fit=943%2C574&ssl=1&resize=350%2C200","width":350,"height":200,"srcset":"https:\/\/i0.wp.com\/www.shqiperia.com\/blog\/wp-content\/uploads\/2022\/07\/Pritja-per-festen-e-Pavaresise-se-SHBA.-Ambasadorja-Yuri-Kim-ne-krah-Presidentit-Ilir-Meta.-2.jpg?fit=943%2C574&ssl=1&resize=350%2C200 1x, https:\/\/i0.wp.com\/www.shqiperia.com\/blog\/wp-content\/uploads\/2022\/07\/Pritja-per-festen-e-Pavaresise-se-SHBA.-Ambasadorja-Yuri-Kim-ne-krah-Presidentit-Ilir-Meta.-2.jpg?fit=943%2C574&ssl=1&resize=525%2C300 1.5x, https:\/\/i0.wp.com\/www.shqiperia.com\/blog\/wp-content\/uploads\/2022\/07\/Pritja-per-festen-e-Pavaresise-se-SHBA.-Ambasadorja-Yuri-Kim-ne-krah-Presidentit-Ilir-Meta.-2.jpg?fit=943%2C574&ssl=1&resize=700%2C400 2x"},"classes":[]},{"id":31992,"url":"https:\/\/www.shqiperia.com\/blog\/dreke-pune-dy-ore-me-ambasadoren-amerikane-reagon-kreu-i-pd-se-pas-takimit-me-zyrtaren-e-larte\/","url_meta":{"origin":31989,"position":1},"title":"Drek\u00eb pune dy or\u00eb me ambasadoren amerikane, reagon kreu i PD-s\u00eb pas takimit me zyrtaren e lart\u00eb","author":"Kurt Farka","date":"March 2, 2020","format":false,"excerpt":"Drek\u00eb pune dy or\u00eb me ambasadoren amerikane, reagon kreu i PD-s\u00eb pas takimit me zyrtaren e lart\u00eb 2 MARS 2020 Kryedemokrati Lulzim Basha ka pasur sot nj\u00eb drek\u00eb pun\u00eb me ambasadoren e SHBA n\u00eb Tiran\u00eb, Yuri Kim,\u00a0dy or\u00eb. Pasi p\u00ebrfundimit t\u00eb takimit, Basha nuk ka dh\u00ebn\u00eb detaje p\u00ebr gazetar\u00ebt e\u2026","rel":"","context":"In &quot;Blogu i Udh\u00ebtarit&quot;","block_context":{"text":"Blogu i Udh\u00ebtarit","link":"https:\/\/www.shqiperia.com\/blog\/category\/blogu-i-udhetarit\/"},"img":{"alt_text":"","src":"https:\/\/i0.wp.com\/www.shqiperia.com\/blog\/wp-content\/uploads\/2020\/03\/640-0-5e5d118e545c4.jpg?fit=640%2C376&ssl=1&resize=350%2C200","width":350,"height":200,"srcset":"https:\/\/i0.wp.com\/www.shqiperia.com\/blog\/wp-content\/uploads\/2020\/03\/640-0-5e5d118e545c4.jpg?fit=640%2C376&ssl=1&resize=350%2C200 1x, https:\/\/i0.wp.com\/www.shqiperia.com\/blog\/wp-content\/uploads\/2020\/03\/640-0-5e5d118e545c4.jpg?fit=640%2C376&ssl=1&resize=525%2C300 1.5x"},"classes":[]},{"id":36675,"url":"https:\/\/www.shqiperia.com\/blog\/ambasadoret-kim-dhe-soreca-i-shkuan-bashes-ne-zyre-pas-miratimit-te-ndryshimeve-kushtetuese\/","url_meta":{"origin":31989,"position":2},"title":"Ambasador\u00ebt Kim dhe Soreca i shkuan Bash\u00ebs n\u00eb zyr\u00eb pas miratimit t\u00eb ndryshimeve kushtetuese","author":"Kurt Farka","date":"July 30, 2020","format":false,"excerpt":"Ambasador\u00ebt Kim dhe Soreca i shkuan Bash\u00ebs n\u00eb zyr\u00eb pas miratimit t\u00eb ndryshimeve kushtetuese 30 korrik 2020 Ka zgjatur pak minuta takimi n\u00eb selin\u00eb blu mes kreut t\u00eb PD-s\u00eb, Lulzim Basha dhe ambasador\u00ebve Yuri Kim dhe Lugi Soreca. Ambasadorja e SHBA, Yuri Kim dhe ai i BE, Luigi Soreca, i\u2026","rel":"","context":"In &quot;Blogu i Udh\u00ebtarit&quot;","block_context":{"text":"Blogu i Udh\u00ebtarit","link":"https:\/\/www.shqiperia.com\/blog\/category\/blogu-i-udhetarit\/"},"img":{"alt_text":"","src":"https:\/\/i0.wp.com\/www.shqiperia.com\/blog\/wp-content\/uploads\/2020\/07\/InShot_20200503_123202452-1536x1536-433x300-1.jpg?fit=433%2C236&ssl=1&resize=350%2C200","width":350,"height":200},"classes":[]},{"id":62274,"url":"https:\/\/www.shqiperia.com\/blog\/fushata-me-parate-ruse-yuri-kim-leshon-bashen\/","url_meta":{"origin":31989,"position":3},"title":"Fushata me parat\u00eb ruse. &#8211; Yuri Kim l\u00ebshon Bash\u00ebn?","author":"Kurt Farka","date":"September 15, 2022","format":false,"excerpt":"15 Shtator 2022 Ambasadorja amerikane, Yuri Kim, q\u00eb n\u00eb or\u00ebt e para t\u00eb m\u00ebngjesit zbarkoi n\u00eb Komisionin Qendror t\u00eb Zgjedhjeve. Kjo l\u00ebvizje erdhi pas publikimit t\u00eb dokumenteve t\u00eb reja nga mediat amerikane p\u00ebr skandalin e lobimit rus, prej 500 000 dollar\u00ebsh p\u00ebr Partin\u00eb Demokratike gjar\u00eb koh\u00eb q\u00eb drejtohej nga Lulzim\u2026","rel":"","context":"In &quot;Blogu i Udh\u00ebtarit&quot;","block_context":{"text":"Blogu i Udh\u00ebtarit","link":"https:\/\/www.shqiperia.com\/blog\/category\/blogu-i-udhetarit\/"},"img":{"alt_text":"","src":"https:\/\/i0.wp.com\/www.shqiperia.com\/blog\/wp-content\/uploads\/2022\/09\/800-0-61519c2b6abbb-1.jpg?fit=800%2C380&ssl=1&resize=350%2C200","width":350,"height":200,"srcset":"https:\/\/i0.wp.com\/www.shqiperia.com\/blog\/wp-content\/uploads\/2022\/09\/800-0-61519c2b6abbb-1.jpg?fit=800%2C380&ssl=1&resize=350%2C200 1x, https:\/\/i0.wp.com\/www.shqiperia.com\/blog\/wp-content\/uploads\/2022\/09\/800-0-61519c2b6abbb-1.jpg?fit=800%2C380&ssl=1&resize=525%2C300 1.5x, https:\/\/i0.wp.com\/www.shqiperia.com\/blog\/wp-content\/uploads\/2022\/09\/800-0-61519c2b6abbb-1.jpg?fit=800%2C380&ssl=1&resize=700%2C400 2x"},"classes":[]},{"id":32693,"url":"https:\/\/www.shqiperia.com\/blog\/ka-lidhje-me-covid-19-ambasadorja-amerikane-ne-tirane-takim-sekret-me-presidentin-meta\/","url_meta":{"origin":31989,"position":4},"title":"Ka lidhje me Covid 19?!\/ Ambasadorja Amerikane n\u00eb Tiran\u00eb, takim sekret me Presidentin Meta","author":"Kurt Farka","date":"March 23, 2020","format":false,"excerpt":"Ka lidhje me Covid 19?!\/ Ambasadorja Amerikane n\u00eb Tiran\u00eb, takim sekret me Presidentin Meta 23 mars 2020 Ambasadorja Amerikane Yuri Kim zhvilloi nj\u00eb takim me presidentin Meta, thuajse n\u00eb kushte ekstreme t\u00eb siguris\u00eb, por edhe t\u00eb karakterit sekret, p\u00ebrderisa as Ambasada dhe as institucioni i Presidentit nuk kan\u00eb deklaruar asgj\u00eb\u2026","rel":"","context":"In &quot;Blogu i Udh\u00ebtarit&quot;","block_context":{"text":"Blogu i Udh\u00ebtarit","link":"https:\/\/www.shqiperia.com\/blog\/category\/blogu-i-udhetarit\/"},"img":{"alt_text":"","src":"https:\/\/i0.wp.com\/www.shqiperia.com\/blog\/wp-content\/uploads\/2020\/03\/Amb.-Amerikane-n%C3%AB-Tiran%C3%AB-takim-sekret-me-Meta.jpg?fit=805%2C482&ssl=1&resize=350%2C200","width":350,"height":200,"srcset":"https:\/\/i0.wp.com\/www.shqiperia.com\/blog\/wp-content\/uploads\/2020\/03\/Amb.-Amerikane-n%C3%AB-Tiran%C3%AB-takim-sekret-me-Meta.jpg?fit=805%2C482&ssl=1&resize=350%2C200 1x, https:\/\/i0.wp.com\/www.shqiperia.com\/blog\/wp-content\/uploads\/2020\/03\/Amb.-Amerikane-n%C3%AB-Tiran%C3%AB-takim-sekret-me-Meta.jpg?fit=805%2C482&ssl=1&resize=525%2C300 1.5x, https:\/\/i0.wp.com\/www.shqiperia.com\/blog\/wp-content\/uploads\/2020\/03\/Amb.-Amerikane-n%C3%AB-Tiran%C3%AB-takim-sekret-me-Meta.jpg?fit=805%2C482&ssl=1&resize=700%2C400 2x"},"classes":[]},{"id":56511,"url":"https:\/\/www.shqiperia.com\/blog\/princ-leka-kandidat-per-president-zbulohet-takimi-surprize-me-zyrtarin-e-larte-amerikan-dhe-ambasadoren-yuri-kim\/","url_meta":{"origin":31989,"position":5},"title":"Princ Leka kandidat p\u00ebr President? &#8211; Zbulohet takimi surpriz\u00eb me zyrtarin e lart\u00eb amerikan dhe ambasadoren Yuri Kim","author":"Kurt Farka","date":"April 8, 2022","format":false,"excerpt":"Princ Leka kandidat p\u00ebr President? - Zbulohet takimi surpriz\u00eb me zyrtarin e lart\u00eb amerikan dhe ambasadoren Yuri Kim 8 Prill 2022 | Nga: Gazeta Panorama Princ Leka per president. Top Channel ka hedhur p\u00ebr diskutim nj\u00eb kandidat surpriz\u00eb p\u00ebr postin e presidentit t\u00eb ardhsh\u00ebm, por q\u00eb sipas televizionit ka mb\u00ebshtetjen\u2026","rel":"","context":"In &quot;Blogu i Udh\u00ebtarit&quot;","block_context":{"text":"Blogu i Udh\u00ebtarit","link":"https:\/\/www.shqiperia.com\/blog\/category\/blogu-i-udhetarit\/"},"img":{"alt_text":"","src":"https:\/\/i0.wp.com\/www.shqiperia.com\/blog\/wp-content\/uploads\/2022\/04\/princ-leka-per-president.jpg?fit=600%2C313&ssl=1&resize=350%2C200","width":350,"height":200,"srcset":"https:\/\/i0.wp.com\/www.shqiperia.com\/blog\/wp-content\/uploads\/2022\/04\/princ-leka-per-president.jpg?fit=600%2C313&ssl=1&resize=350%2C200 1x, https:\/\/i0.wp.com\/www.shqiperia.com\/blog\/wp-content\/uploads\/2022\/04\/princ-leka-per-president.jpg?fit=600%2C313&ssl=1&resize=525%2C300 1.5x"},"classes":[]}],"_links":{"self":[{"href":"https:\/\/www.shqiperia.com\/blog\/wp-json\/wp\/v2\/posts\/31989","targetHints":{"allow":["GET"]}}],"collection":[{"href":"https:\/\/www.shqiperia.com\/blog\/wp-json\/wp\/v2\/posts"}],"about":[{"href":"https:\/\/www.shqiperia.com\/blog\/wp-json\/wp\/v2\/types\/post"}],"author":[{"embeddable":true,"href":"https:\/\/www.shqiperia.com\/blog\/wp-json\/wp\/v2\/users\/9"}],"replies":[{"embeddable":true,"href":"https:\/\/www.shqiperia.com\/blog\/wp-json\/wp\/v2\/comments?post=31989"}],"version-history":[{"count":1,"href":"https:\/\/www.shqiperia.com\/blog\/wp-json\/wp\/v2\/posts\/31989\/revisions"}],"predecessor-version":[{"id":31991,"href":"https:\/\/www.shqiperia.com\/blog\/wp-json\/wp\/v2\/posts\/31989\/revisions\/31991"}],"wp:featuredmedia":[{"embeddable":true,"href":"https:\/\/www.shqiperia.com\/blog\/wp-json\/wp\/v2\/media\/31990"}],"wp:attachment":[{"href":"https:\/\/www.shqiperia.com\/blog\/wp-json\/wp\/v2\/media?parent=31989"}],"wp:term":[{"taxonomy":"category","embeddable":true,"href":"https:\/\/www.shqiperia.com\/blog\/wp-json\/wp\/v2\/categories?post=31989"},{"taxonomy":"post_tag","embeddable":true,"href":"https:\/\/www.shqiperia.com\/blog\/wp-json\/wp\/v2\/tags?post=31989"}],"curies":[{"name":"wp","href":"https:\/\/api.w.org\/{rel}","templated":true}]}}