{"id":31984,"date":"2020-03-02T11:39:50","date_gmt":"2020-03-02T11:39:50","guid":{"rendered":"https:\/\/www.shqiperia.com\/blog\/?p=31984"},"modified":"2020-03-02T11:39:50","modified_gmt":"2020-03-02T11:39:50","slug":"tronditese-albin-kurtit-i-vendosin-arkivolin-para-zyres-foto","status":"publish","type":"post","link":"https:\/\/www.shqiperia.com\/blog\/tronditese-albin-kurtit-i-vendosin-arkivolin-para-zyres-foto\/","title":{"rendered":"Trondit\u00ebse\/ Albin Kurtit i vendosin arkivolin para zyr\u00ebs (FOTO)"},"content":{"rendered":"<p><img data-recalc-dims=\"1\" loading=\"lazy\" decoding=\"async\" data-attachment-id=\"31985\" data-permalink=\"https:\/\/www.shqiperia.com\/blog\/tronditese-albin-kurtit-i-vendosin-arkivolin-para-zyres-foto\/640-0-5e5cec14a600d\/\" data-orig-file=\"https:\/\/i0.wp.com\/www.shqiperia.com\/blog\/wp-content\/uploads\/2020\/03\/640-0-5e5cec14a600d.jpg?fit=640%2C387&amp;ssl=1\" data-orig-size=\"640,387\" data-comments-opened=\"1\" data-image-meta=\"{&quot;aperture&quot;:&quot;0&quot;,&quot;credit&quot;:&quot;&quot;,&quot;camera&quot;:&quot;&quot;,&quot;caption&quot;:&quot;&quot;,&quot;created_timestamp&quot;:&quot;0&quot;,&quot;copyright&quot;:&quot;&quot;,&quot;focal_length&quot;:&quot;0&quot;,&quot;iso&quot;:&quot;0&quot;,&quot;shutter_speed&quot;:&quot;0&quot;,&quot;title&quot;:&quot;&quot;,&quot;orientation&quot;:&quot;0&quot;}\" data-image-title=\"-640-0-5e5cec14a600d\" data-image-description=\"\" data-image-caption=\"\" data-medium-file=\"https:\/\/i0.wp.com\/www.shqiperia.com\/blog\/wp-content\/uploads\/2020\/03\/640-0-5e5cec14a600d.jpg?fit=300%2C181&amp;ssl=1\" data-large-file=\"https:\/\/i0.wp.com\/www.shqiperia.com\/blog\/wp-content\/uploads\/2020\/03\/640-0-5e5cec14a600d.jpg?fit=640%2C387&amp;ssl=1\" class=\"alignnone  wp-image-31985\" alt=\"\" src=\"https:\/\/i0.wp.com\/www.shqiperia.com\/blog\/wp-content\/uploads\/2020\/03\/640-0-5e5cec14a600d.jpg?resize=708%2C427&#038;ssl=1\" width=\"708\" height=\"427\" srcset=\"https:\/\/i0.wp.com\/www.shqiperia.com\/blog\/wp-content\/uploads\/2020\/03\/640-0-5e5cec14a600d.jpg?resize=300%2C181&amp;ssl=1 300w, https:\/\/i0.wp.com\/www.shqiperia.com\/blog\/wp-content\/uploads\/2020\/03\/640-0-5e5cec14a600d.jpg?resize=450%2C272&amp;ssl=1 450w, https:\/\/i0.wp.com\/www.shqiperia.com\/blog\/wp-content\/uploads\/2020\/03\/640-0-5e5cec14a600d.jpg?resize=600%2C363&amp;ssl=1 600w, https:\/\/i0.wp.com\/www.shqiperia.com\/blog\/wp-content\/uploads\/2020\/03\/640-0-5e5cec14a600d.jpg?resize=400%2C242&amp;ssl=1 400w, https:\/\/i0.wp.com\/www.shqiperia.com\/blog\/wp-content\/uploads\/2020\/03\/640-0-5e5cec14a600d.jpg?w=640&amp;ssl=1 640w\" sizes=\"auto, (max-width: 708px) 100vw, 708px\" \/><\/p>\n<p>Trondit\u00ebse\/ Albin Kurtit i vendosin arkivolin para zyr\u00ebs (FOTO)<\/p>\n<p>2 MARS 2020<\/p>\n<p>Nj\u00eb arkivol \u00ebsht\u00eb vendosur m\u00ebngjesin e sot\u00ebm para zyr\u00ebs s\u00eb kryeministrit t\u00eb Kosov\u00ebs, Albin Kurti n\u00eb Prishtin\u00eb.<\/p>\n<p>Sip\u00ebr arkivolit gjenden letra n\u00eb t\u00eb cilat \u00ebsht\u00eb shkruar \u201creciprocitet\u201d, \u00e7\u2019ka do t\u00eb thot\u00eb se ndaj tij po protestohet me fjal\u00ebt q\u00eb ka p\u00ebrdorur m\u00eb par\u00eb n\u00eb lidhje me raportin me Kosov\u00ebn.<\/p>\n<p>Pik\u00ebrisht arkivoli simbolizon varrosjen e premtimeve t\u00eb tij p\u00ebr reciprocitet me Serbin\u00eb.<\/p>\n<p>Kjo form\u00eb e protest\u00ebs po b\u00ebhet pak minuta para se t\u00eb filloj\u00eb seanca n\u00eb Kuvendin e Kosov\u00ebs e thirrur nga AAK-ja ku do t\u00eb diskutohet p\u00ebr taks\u00ebn 100% t\u00eb vendosur ndaj mallrave serbe.<\/p>\n<p><img data-recalc-dims=\"1\" loading=\"lazy\" decoding=\"async\" data-attachment-id=\"31986\" data-permalink=\"https:\/\/www.shqiperia.com\/blog\/tronditese-albin-kurtit-i-vendosin-arkivolin-para-zyres-foto\/640-0-5e5cec23c1b8b\/\" data-orig-file=\"https:\/\/i0.wp.com\/www.shqiperia.com\/blog\/wp-content\/uploads\/2020\/03\/640-0-5e5cec23c1b8b.jpg?fit=640%2C365&amp;ssl=1\" data-orig-size=\"640,365\" data-comments-opened=\"1\" data-image-meta=\"{&quot;aperture&quot;:&quot;0&quot;,&quot;credit&quot;:&quot;&quot;,&quot;camera&quot;:&quot;&quot;,&quot;caption&quot;:&quot;&quot;,&quot;created_timestamp&quot;:&quot;0&quot;,&quot;copyright&quot;:&quot;&quot;,&quot;focal_length&quot;:&quot;0&quot;,&quot;iso&quot;:&quot;0&quot;,&quot;shutter_speed&quot;:&quot;0&quot;,&quot;title&quot;:&quot;&quot;,&quot;orientation&quot;:&quot;0&quot;}\" data-image-title=\"-640-0-5e5cec23c1b8b\" data-image-description=\"\" data-image-caption=\"\" data-medium-file=\"https:\/\/i0.wp.com\/www.shqiperia.com\/blog\/wp-content\/uploads\/2020\/03\/640-0-5e5cec23c1b8b.jpg?fit=300%2C171&amp;ssl=1\" data-large-file=\"https:\/\/i0.wp.com\/www.shqiperia.com\/blog\/wp-content\/uploads\/2020\/03\/640-0-5e5cec23c1b8b.jpg?fit=640%2C365&amp;ssl=1\" class=\"alignnone  wp-image-31986\" alt=\"\" src=\"https:\/\/i0.wp.com\/www.shqiperia.com\/blog\/wp-content\/uploads\/2020\/03\/640-0-5e5cec23c1b8b.jpg?resize=784%2C447&#038;ssl=1\" width=\"784\" height=\"447\" srcset=\"https:\/\/i0.wp.com\/www.shqiperia.com\/blog\/wp-content\/uploads\/2020\/03\/640-0-5e5cec23c1b8b.jpg?resize=300%2C171&amp;ssl=1 300w, https:\/\/i0.wp.com\/www.shqiperia.com\/blog\/wp-content\/uploads\/2020\/03\/640-0-5e5cec23c1b8b.jpg?resize=450%2C257&amp;ssl=1 450w, https:\/\/i0.wp.com\/www.shqiperia.com\/blog\/wp-content\/uploads\/2020\/03\/640-0-5e5cec23c1b8b.jpg?resize=600%2C342&amp;ssl=1 600w, https:\/\/i0.wp.com\/www.shqiperia.com\/blog\/wp-content\/uploads\/2020\/03\/640-0-5e5cec23c1b8b.jpg?resize=400%2C228&amp;ssl=1 400w, https:\/\/i0.wp.com\/www.shqiperia.com\/blog\/wp-content\/uploads\/2020\/03\/640-0-5e5cec23c1b8b.jpg?w=640&amp;ssl=1 640w\" sizes=\"auto, (max-width: 784px) 100vw, 784px\" \/><\/p>\n<p>Kurti vendosi t\u00eb heq\u00eb taks\u00ebn ndaj mallrave serbe pak dit\u00eb m\u00eb par\u00eb duke e quajtur at\u00eb nj\u00eb mas\u00eb t\u00eb pjesshme si nj\u00eb veprim q\u00eb tregon gatishm\u00ebrin\u00eb p\u00ebr t\u00eb diskutuar.<\/p>\n<p>Gazeta Sot<\/p>\n","protected":false},"excerpt":{"rendered":"<p>Trondit\u00ebse\/ Albin Kurtit i vendosin arkivolin para zyr\u00ebs (FOTO) 2 MARS 2020 Nj\u00eb arkivol \u00ebsht\u00eb vendosur m\u00ebngjesin e sot\u00ebm para zyr\u00ebs s\u00eb kryeministrit t\u00eb Kosov\u00ebs, Albin Kurti n\u00eb Prishtin\u00eb. Sip\u00ebr arkivolit gjenden letra n\u00eb t\u00eb cilat \u00ebsht\u00eb shkruar \u201creciprocitet\u201d, \u00e7\u2019ka do t\u00eb thot\u00eb se ndaj tij po protestohet me fjal\u00ebt q\u00eb ka p\u00ebrdorur m\u00eb par\u00eb [&hellip;]<\/p>\n","protected":false},"author":9,"featured_media":31985,"comment_status":"open","ping_status":"open","sticky":false,"template":"","format":"standard","meta":{"jetpack_post_was_ever_published":false,"_jetpack_newsletter_access":"","_jetpack_dont_email_post_to_subs":false,"_jetpack_newsletter_tier_id":0,"_jetpack_memberships_contains_paywalled_content":false,"_jetpack_memberships_contains_paid_content":false,"footnotes":"","jetpack_publicize_message":"","jetpack_publicize_feature_enabled":true,"jetpack_social_post_already_shared":true,"jetpack_social_options":{"image_generator_settings":{"template":"highway","default_image_id":0,"font":"","enabled":false},"version":2}},"categories":[27,2,35],"tags":[],"class_list":["post-31984","post","type-post","status-publish","format-standard","has-post-thumbnail","hentry","category-blogu-i-udhetarit","category-politika","category-shoqerore"],"jetpack_publicize_connections":[],"jetpack_featured_media_url":"https:\/\/i0.wp.com\/www.shqiperia.com\/blog\/wp-content\/uploads\/2020\/03\/640-0-5e5cec14a600d.jpg?fit=640%2C387&ssl=1","jetpack_sharing_enabled":true,"jetpack_shortlink":"https:\/\/wp.me\/p5Z6wp-8jS","jetpack-related-posts":[{"id":67411,"url":"https:\/\/www.shqiperia.com\/blog\/albin-kurti-te-kerkosh-asociacionin-pa-e-njohur-kosoven-si-te-serviresh-kafe-pa-filxhan\/","url_meta":{"origin":31984,"position":0},"title":"Albin Kurti: &#8211; T\u00eb k\u00ebrkosh \u2018Asociacionin\u2019 pa e njohur Kosov\u00ebn, si t\u00eb serviresh kafe pa filxhan","author":"Kurt Farka","date":"February 5, 2023","format":false,"excerpt":"5 Shkurt 2023 Albin Kurti, kryeminist\u00ebr i Kosov\u00ebs, ka dh\u00ebn\u00eb nj\u00eb intervist\u00eb p\u00ebr televizionin pubulik TRT n\u00eb gjuh\u00ebn angleze, duke treguar q\u00ebndrimet e tij p\u00ebr \u00e7\u00ebshtjen aktuale mes Kosov\u00ebs dhe Serbis\u00eb. I pyetur rreth formimit t\u00eb Asociacionit t\u00eb komunave me shumic\u00eb serbe, Kurti e ka p\u00ebrs\u00ebritur nj\u00eb deklarat\u00eb t\u00eb th\u00ebn\u00eb\u2026","rel":"","context":"In &quot;Blogu i Udh\u00ebtarit&quot;","block_context":{"text":"Blogu i Udh\u00ebtarit","link":"https:\/\/www.shqiperia.com\/blog\/category\/blogu-i-udhetarit\/"},"img":{"alt_text":"","src":"https:\/\/i0.wp.com\/www.shqiperia.com\/blog\/wp-content\/uploads\/2023\/02\/1675532683_Screenshot5.jpg?fit=780%2C440&ssl=1&resize=350%2C200","width":350,"height":200,"srcset":"https:\/\/i0.wp.com\/www.shqiperia.com\/blog\/wp-content\/uploads\/2023\/02\/1675532683_Screenshot5.jpg?fit=780%2C440&ssl=1&resize=350%2C200 1x, https:\/\/i0.wp.com\/www.shqiperia.com\/blog\/wp-content\/uploads\/2023\/02\/1675532683_Screenshot5.jpg?fit=780%2C440&ssl=1&resize=525%2C300 1.5x, https:\/\/i0.wp.com\/www.shqiperia.com\/blog\/wp-content\/uploads\/2023\/02\/1675532683_Screenshot5.jpg?fit=780%2C440&ssl=1&resize=700%2C400 2x"},"classes":[]},{"id":62456,"url":"https:\/\/www.shqiperia.com\/blog\/plan-per-vrasjen-e-albin-kurtit-reagon-menjehere-zyra-e-kryeministrit-autoritetet-moren-masa-per-parandalim-nuk-eshte-bere-publik-per-te-mos-hapur-panik\/","url_meta":{"origin":31984,"position":1},"title":"Plan p\u00ebr vrasjen e Albin Kurtit, reagon menj\u00ebher\u00eb zyra e kryeministrit: &#8211; Autoritetet mor\u00ebn masa p\u00ebr parandalim, nuk \u00ebsht\u00eb b\u00ebr\u00eb publik p\u00ebr t\u00eb mos hapur panik","author":"Kurt Farka","date":"September 19, 2022","format":false,"excerpt":"19 Shtator 2022 Zyra e kryeministrit Albin Kurti sqaron p\u00ebr Euronews Albania se p\u00ebr atentatin e planifikuar ndaj tij nj\u00eb vit m\u00eb par\u00eb, kreu i qevervis\u00eb s\u00eb Kosov\u00ebs \u00ebsht\u00eb njoftuar nga autoritetet, t\u00eb cilat kan\u00eb marr\u00eb menj\u00ebher\u00eb masa. \u201cKryeministri i Republik\u00ebs s\u00eb Kosov\u00ebs, Albin Kurti ka qen\u00eb i njoftuar p\u00ebr\u2026","rel":"","context":"In &quot;Blogu i Udh\u00ebtarit&quot;","block_context":{"text":"Blogu i Udh\u00ebtarit","link":"https:\/\/www.shqiperia.com\/blog\/category\/blogu-i-udhetarit\/"},"img":{"alt_text":"","src":"https:\/\/i0.wp.com\/www.shqiperia.com\/blog\/wp-content\/uploads\/2022\/09\/albin-kurti-1.jpg?fit=940%2C528&ssl=1&resize=350%2C200","width":350,"height":200,"srcset":"https:\/\/i0.wp.com\/www.shqiperia.com\/blog\/wp-content\/uploads\/2022\/09\/albin-kurti-1.jpg?fit=940%2C528&ssl=1&resize=350%2C200 1x, https:\/\/i0.wp.com\/www.shqiperia.com\/blog\/wp-content\/uploads\/2022\/09\/albin-kurti-1.jpg?fit=940%2C528&ssl=1&resize=525%2C300 1.5x, https:\/\/i0.wp.com\/www.shqiperia.com\/blog\/wp-content\/uploads\/2022\/09\/albin-kurti-1.jpg?fit=940%2C528&ssl=1&resize=700%2C400 2x"},"classes":[]},{"id":49873,"url":"https:\/\/www.shqiperia.com\/blog\/serbia-eshte-problemi-kurti-mesazh-rames-detyre-e-shqiptarit-te-beje-presion-mbi-te-dhe-jo-mbi-kosoven\/","url_meta":{"origin":31984,"position":2},"title":"&#8220;Serbia \u00ebsht\u00eb problemi&#8221;. Kurti mesazh Ram\u00ebs: &#8211; Detyr\u00eb e shqiptarit t\u00eb b\u00ebj\u00eb presion mbi t\u00eb dhe jo mbi Kosov\u00ebn.","author":"Kurt Farka","date":"September 14, 2021","format":false,"excerpt":"\"Serbia \u00ebsht\u00eb problemi\". Kurti mesazh Ram\u00ebs: - Detyr\u00eb e shqiptarit t\u00eb b\u00ebj\u00eb presion mbi t\u00eb dhe jo mbi Kosov\u00ebn. 14 Shtator 2021 \"\u00cbsht\u00eb detyr\u00eb e shqiptarit t\u00eb b\u00ebj\u00eb presion mbi Serbin\u00eb dhe jo mbi Kosov\u00ebn\". Ky \u00ebsht\u00eb mesazhi q\u00eb Albin Kurti i p\u00ebrcolli p\u00ebrmes mediave homologut t\u00eb tij shqiptar Edi\u2026","rel":"","context":"In &quot;Blogu i Udh\u00ebtarit&quot;","block_context":{"text":"Blogu i Udh\u00ebtarit","link":"https:\/\/www.shqiperia.com\/blog\/category\/blogu-i-udhetarit\/"},"img":{"alt_text":"","src":"https:\/\/i0.wp.com\/www.shqiperia.com\/blog\/wp-content\/uploads\/2021\/09\/56961397_303.jpg?fit=700%2C394&ssl=1&resize=350%2C200","width":350,"height":200,"srcset":"https:\/\/i0.wp.com\/www.shqiperia.com\/blog\/wp-content\/uploads\/2021\/09\/56961397_303.jpg?fit=700%2C394&ssl=1&resize=350%2C200 1x, https:\/\/i0.wp.com\/www.shqiperia.com\/blog\/wp-content\/uploads\/2021\/09\/56961397_303.jpg?fit=700%2C394&ssl=1&resize=525%2C300 1.5x, https:\/\/i0.wp.com\/www.shqiperia.com\/blog\/wp-content\/uploads\/2021\/09\/56961397_303.jpg?fit=700%2C394&ssl=1&resize=700%2C400 2x"},"classes":[]},{"id":78122,"url":"https:\/\/www.shqiperia.com\/blog\/mediat-ngrene-alarmin-plan-per-atentat-ndaj-kryeministrit-te-kosoves-albin-kurti-ne-shkup\/","url_meta":{"origin":31984,"position":3},"title":"Mediat ngren\u00eb alarmin: &#8211; Plan p\u00ebr atentat ndaj kryeministrit t\u00eb Kosov\u00ebs Albin Kurti n\u00eb Shkup","author":"Kurt Farka","date":"February 10, 2024","format":false,"excerpt":"10 Shkurt 2024 Burime t\u00eb besueshme nga institucione t\u00eb siguris\u00eb n\u00eb Kosov\u00eb, kan\u00eb th\u00ebn\u00eb p\u00ebr RTK-n\u00eb, se, menj\u00ebher\u00eb pas mbledhjes s\u00eb KS t\u00eb OKB-s\u00eb, kan\u00eb siguruar t\u00eb dh\u00ebna se nga Serbia ka p\u00ebrpjekje p\u00ebr vrasjen e kryeministrit t\u00eb Republik\u00ebs s\u00eb Kosov\u00ebs, Albin Kurtit n\u00eb Shkup, ku ka q\u00ebndruar mbr\u00ebm\u00eb. Kryeministri\u2026","rel":"","context":"In &quot;Blogu i Udh\u00ebtarit&quot;","block_context":{"text":"Blogu i Udh\u00ebtarit","link":"https:\/\/www.shqiperia.com\/blog\/category\/blogu-i-udhetarit\/"},"img":{"alt_text":"","src":"https:\/\/i0.wp.com\/www.shqiperia.com\/blog\/wp-content\/uploads\/2024\/02\/800-0-5fc03523f634aeea0a1f15324be1effd.jpg?fit=800%2C453&ssl=1&resize=350%2C200","width":350,"height":200,"srcset":"https:\/\/i0.wp.com\/www.shqiperia.com\/blog\/wp-content\/uploads\/2024\/02\/800-0-5fc03523f634aeea0a1f15324be1effd.jpg?fit=800%2C453&ssl=1&resize=350%2C200 1x, https:\/\/i0.wp.com\/www.shqiperia.com\/blog\/wp-content\/uploads\/2024\/02\/800-0-5fc03523f634aeea0a1f15324be1effd.jpg?fit=800%2C453&ssl=1&resize=525%2C300 1.5x, https:\/\/i0.wp.com\/www.shqiperia.com\/blog\/wp-content\/uploads\/2024\/02\/800-0-5fc03523f634aeea0a1f15324be1effd.jpg?fit=800%2C453&ssl=1&resize=700%2C400 2x"},"classes":[]},{"id":78125,"url":"https:\/\/www.shqiperia.com\/blog\/u-kercenua-me-jete-reagon-kryeministri-albin-kurti-rrenjet-e-tyre-jane-ne-beograd-forca-te-shumta-policore\/","url_meta":{"origin":31984,"position":4},"title":"U k\u00ebrc\u00ebnua me jet\u00eb, reagon kryeministri Albin Kurti: &#8211; Rr\u00ebnj\u00ebt e tyre jan\u00eb n\u00eb Beograd. Forca t\u00eb shumta policore\u2026","author":"Kurt Farka","date":"February 10, 2024","format":false,"excerpt":"10 Shkurt 2024 Kryeministri i Kosov\u00ebs Albin Kurti ka reaguar n\u00eb lidhej me k\u00ebrc\u00ebnimin me jet\u00eb n\u00eb koh\u00ebn kur ishte n\u00eb Maqedonin\u00eb e Veriut. Kurti ka th\u00ebn\u00eb se gjat\u00eb q\u00ebndrimit n\u00eb Shkup, nuk \u00ebsht\u00eb ndier i rrezikuar, por e ka par\u00eb se ka pasur shum\u00eb forca policore q\u00eb u p\u00ebrkujdes\u00ebn\u2026","rel":"","context":"In &quot;Blogu i Udh\u00ebtarit&quot;","block_context":{"text":"Blogu i Udh\u00ebtarit","link":"https:\/\/www.shqiperia.com\/blog\/category\/blogu-i-udhetarit\/"},"img":{"alt_text":"","src":"https:\/\/i0.wp.com\/www.shqiperia.com\/blog\/wp-content\/uploads\/2024\/02\/7ea6f9d5e9ceffbfe3b64aacda9f07fa.jpg?fit=776%2C462&ssl=1&resize=350%2C200","width":350,"height":200,"srcset":"https:\/\/i0.wp.com\/www.shqiperia.com\/blog\/wp-content\/uploads\/2024\/02\/7ea6f9d5e9ceffbfe3b64aacda9f07fa.jpg?fit=776%2C462&ssl=1&resize=350%2C200 1x, https:\/\/i0.wp.com\/www.shqiperia.com\/blog\/wp-content\/uploads\/2024\/02\/7ea6f9d5e9ceffbfe3b64aacda9f07fa.jpg?fit=776%2C462&ssl=1&resize=525%2C300 1.5x, https:\/\/i0.wp.com\/www.shqiperia.com\/blog\/wp-content\/uploads\/2024\/02\/7ea6f9d5e9ceffbfe3b64aacda9f07fa.jpg?fit=776%2C462&ssl=1&resize=700%2C400 2x"},"classes":[]},{"id":62429,"url":"https:\/\/www.shqiperia.com\/blog\/deklarata-e-albin-kurtit-ne-kosove-mund-te-kete-lufte\/","url_meta":{"origin":31984,"position":5},"title":"Deklarata e Albin Kurtit: &#8211; N\u00eb Kosov\u00eb mund t\u00eb ket\u00eb luft\u00eb","author":"Kurt Farka","date":"September 18, 2022","format":false,"excerpt":"17 Shtator 2022 Kryeministri i Kosov\u00ebs, Albin Kurti, ka folur s\u00ebrish p\u00ebr mund\u00ebsin\u00eb e nj\u00eb lufte n\u00eb Kosov\u00eb, duke th\u00ebn\u00eb se Serbia aktualisht po armatos fuqish\u00ebm ushtrin\u00eb e saj me pajisje q\u00eb i merr nga Rusia dhe Kina. P\u00ebr gazet\u00ebn kroate \u201cVecernji list\u201d, Kurti ka th\u00ebn\u00eb se beson se do\u2026","rel":"","context":"In &quot;Blogu i Udh\u00ebtarit&quot;","block_context":{"text":"Blogu i Udh\u00ebtarit","link":"https:\/\/www.shqiperia.com\/blog\/category\/blogu-i-udhetarit\/"},"img":{"alt_text":"","src":"https:\/\/i0.wp.com\/www.shqiperia.com\/blog\/wp-content\/uploads\/2022\/09\/Albin-Kurti.jpg?fit=640%2C366&ssl=1&resize=350%2C200","width":350,"height":200,"srcset":"https:\/\/i0.wp.com\/www.shqiperia.com\/blog\/wp-content\/uploads\/2022\/09\/Albin-Kurti.jpg?fit=640%2C366&ssl=1&resize=350%2C200 1x, https:\/\/i0.wp.com\/www.shqiperia.com\/blog\/wp-content\/uploads\/2022\/09\/Albin-Kurti.jpg?fit=640%2C366&ssl=1&resize=525%2C300 1.5x"},"classes":[]}],"_links":{"self":[{"href":"https:\/\/www.shqiperia.com\/blog\/wp-json\/wp\/v2\/posts\/31984","targetHints":{"allow":["GET"]}}],"collection":[{"href":"https:\/\/www.shqiperia.com\/blog\/wp-json\/wp\/v2\/posts"}],"about":[{"href":"https:\/\/www.shqiperia.com\/blog\/wp-json\/wp\/v2\/types\/post"}],"author":[{"embeddable":true,"href":"https:\/\/www.shqiperia.com\/blog\/wp-json\/wp\/v2\/users\/9"}],"replies":[{"embeddable":true,"href":"https:\/\/www.shqiperia.com\/blog\/wp-json\/wp\/v2\/comments?post=31984"}],"version-history":[{"count":1,"href":"https:\/\/www.shqiperia.com\/blog\/wp-json\/wp\/v2\/posts\/31984\/revisions"}],"predecessor-version":[{"id":31987,"href":"https:\/\/www.shqiperia.com\/blog\/wp-json\/wp\/v2\/posts\/31984\/revisions\/31987"}],"wp:featuredmedia":[{"embeddable":true,"href":"https:\/\/www.shqiperia.com\/blog\/wp-json\/wp\/v2\/media\/31985"}],"wp:attachment":[{"href":"https:\/\/www.shqiperia.com\/blog\/wp-json\/wp\/v2\/media?parent=31984"}],"wp:term":[{"taxonomy":"category","embeddable":true,"href":"https:\/\/www.shqiperia.com\/blog\/wp-json\/wp\/v2\/categories?post=31984"},{"taxonomy":"post_tag","embeddable":true,"href":"https:\/\/www.shqiperia.com\/blog\/wp-json\/wp\/v2\/tags?post=31984"}],"curies":[{"name":"wp","href":"https:\/\/api.w.org\/{rel}","templated":true}]}}