{"id":31981,"date":"2020-03-02T10:44:19","date_gmt":"2020-03-02T10:44:19","guid":{"rendered":"https:\/\/www.shqiperia.com\/blog\/?p=31981"},"modified":"2020-03-02T10:44:19","modified_gmt":"2020-03-02T10:44:19","slug":"tubimi-i-presidentit-meta-pasditen-e-sotme-policia-kontrolle-te-rrepta-per-elemente-provokative-pika-kyce-nga-ku-po-kalojne-ne-skaner-te-gjithe-detaje","status":"publish","type":"post","link":"https:\/\/www.shqiperia.com\/blog\/tubimi-i-presidentit-meta-pasditen-e-sotme-policia-kontrolle-te-rrepta-per-elemente-provokative-pika-kyce-nga-ku-po-kalojne-ne-skaner-te-gjithe-detaje\/","title":{"rendered":"Tubimi i Presidentit Meta pasditen e sotme, policia kontrolle t\u00eb rrepta p\u00ebr element\u00eb \u2018provokativ\u00eb\u2019\/ Pika ky\u00e7e nga ku po kalojn\u00eb \u2018n\u00eb skaner\u2019 t\u00eb gjith\u00eb (DETAJE)"},"content":{"rendered":"<p><img data-recalc-dims=\"1\" loading=\"lazy\" decoding=\"async\" data-attachment-id=\"31982\" data-permalink=\"https:\/\/www.shqiperia.com\/blog\/tubimi-i-presidentit-meta-pasditen-e-sotme-policia-kontrolle-te-rrepta-per-elemente-provokative-pika-kyce-nga-ku-po-kalojne-ne-skaner-te-gjithe-detaje\/800-0-5e5cbcb77f40f\/\" data-orig-file=\"https:\/\/i0.wp.com\/www.shqiperia.com\/blog\/wp-content\/uploads\/2020\/03\/800-0-5e5cbcb77f40f.png?fit=800%2C480&amp;ssl=1\" data-orig-size=\"800,480\" data-comments-opened=\"1\" data-image-meta=\"{&quot;aperture&quot;:&quot;0&quot;,&quot;credit&quot;:&quot;&quot;,&quot;camera&quot;:&quot;&quot;,&quot;caption&quot;:&quot;&quot;,&quot;created_timestamp&quot;:&quot;0&quot;,&quot;copyright&quot;:&quot;&quot;,&quot;focal_length&quot;:&quot;0&quot;,&quot;iso&quot;:&quot;0&quot;,&quot;shutter_speed&quot;:&quot;0&quot;,&quot;title&quot;:&quot;&quot;,&quot;orientation&quot;:&quot;0&quot;}\" data-image-title=\"-800-0-5e5cbcb77f40f\" data-image-description=\"\" data-image-caption=\"\" data-medium-file=\"https:\/\/i0.wp.com\/www.shqiperia.com\/blog\/wp-content\/uploads\/2020\/03\/800-0-5e5cbcb77f40f.png?fit=300%2C180&amp;ssl=1\" data-large-file=\"https:\/\/i0.wp.com\/www.shqiperia.com\/blog\/wp-content\/uploads\/2020\/03\/800-0-5e5cbcb77f40f.png?fit=800%2C480&amp;ssl=1\" class=\"alignnone  wp-image-31982\" alt=\"\" src=\"https:\/\/i0.wp.com\/www.shqiperia.com\/blog\/wp-content\/uploads\/2020\/03\/800-0-5e5cbcb77f40f.png?resize=617%2C370&#038;ssl=1\" width=\"617\" height=\"370\" srcset=\"https:\/\/i0.wp.com\/www.shqiperia.com\/blog\/wp-content\/uploads\/2020\/03\/800-0-5e5cbcb77f40f.png?resize=300%2C180&amp;ssl=1 300w, https:\/\/i0.wp.com\/www.shqiperia.com\/blog\/wp-content\/uploads\/2020\/03\/800-0-5e5cbcb77f40f.png?resize=768%2C461&amp;ssl=1 768w, https:\/\/i0.wp.com\/www.shqiperia.com\/blog\/wp-content\/uploads\/2020\/03\/800-0-5e5cbcb77f40f.png?resize=450%2C270&amp;ssl=1 450w, https:\/\/i0.wp.com\/www.shqiperia.com\/blog\/wp-content\/uploads\/2020\/03\/800-0-5e5cbcb77f40f.png?resize=600%2C360&amp;ssl=1 600w, https:\/\/i0.wp.com\/www.shqiperia.com\/blog\/wp-content\/uploads\/2020\/03\/800-0-5e5cbcb77f40f.png?resize=400%2C240&amp;ssl=1 400w, https:\/\/i0.wp.com\/www.shqiperia.com\/blog\/wp-content\/uploads\/2020\/03\/800-0-5e5cbcb77f40f.png?w=800&amp;ssl=1 800w\" sizes=\"auto, (max-width: 617px) 100vw, 617px\" \/><\/p>\n<p>Tubimi i Presidentit Meta pasditen e sotme, policia kontrolle t\u00eb rrepta p\u00ebr element\u00eb \u2018provokativ\u00eb\u2019\/ Pika ky\u00e7e nga ku po kalojn\u00eb \u2018n\u00eb skaner\u2019 t\u00eb gjith\u00eb (DETAJE)<\/p>\n<p>2 MARS 2020<\/p>\n<p>Dit\u00ebn e sotme n\u00eb or\u00ebn 17:00 do t\u00eb mbahet tubimi i paralajm\u00ebruar i Presidentit Ilir Meta. Nd\u00ebrkoh\u00eb policia ka marr\u00eb masat duke nisur kontrollet e rrepta n\u00eb t\u00eb gjitha akset rrugore. Madje n\u00eb akset rrugore kryesore q\u00eb p\u00ebrshkojn\u00eb Qarkun e Elbasanit jan\u00eb ngritur postblloqe policie.<\/p>\n<p>N\u00eb kryq\u00ebzime ka kontroll t\u00eb dokumentacionit t\u00eb automjeteve dhe verifikim t\u00eb shtetasve. Kontrollet kryerjen me sh\u00ebrbime t\u00eb p\u00ebrforcuara t\u00eb policis\u00eb rrugore n\u00eb bashk\u00ebpunim me ato t\u00eb rendit.<\/p>\n<p>Kontrolle edhe bagazheve t\u00eb udh\u00ebtar\u00ebve si dhe kontrolle p\u00ebr arm\u00eb dhe l\u00ebnd\u00eb narkotike. Kontrollet n\u00eb baz\u00eb t\u00eb planit t\u00eb marrjes s\u00eb masave p\u00ebr evitimin e pjes\u00ebmarrjes s\u00eb element\u00ebve provokativ\u00eb dhe atyre me precedent\u00eb penal\u00eb n\u00eb Tubimin \u201cPresidencial\u201d t\u00eb pasdites q\u00eb do zhvillohet n\u00eb Kryeqytet.<\/p>\n<p>Rreth Rrotullimi i Bradasheshit \u00ebsht\u00eb nj\u00eb nga pikat m\u00eb t\u00eb r\u00ebnd\u00ebsishme t\u00eb kontrollit ku policia \u201cskanon\u201d t\u00eb gjith\u00eb shtetasit q\u00eb udh\u00ebtojn\u00eb drejt Tiran\u00ebs nga Juglindja e vendit dhe nga nj\u00eb pjes\u00eb e Shqip\u00ebris\u00eb s\u00eb Mesme.<\/p>\n<p>Burime zyrtare nga deg\u00ebt e PD dhe LSI n\u00eb Qarkun e Elbasanit parashikoj q\u00eb q\u00eb t\u00eb pakt\u00ebn nga Opozita e Bashkuar t\u00eb b\u00ebhen pjes\u00eb e tubimit \u201cPresidencial\u201d t\u00eb pakt\u00ebn 10 mij\u00eb qytetar\u00eb.<\/p>\n<p>Gazeta Sot<\/p>\n","protected":false},"excerpt":{"rendered":"<p>Tubimi i Presidentit Meta pasditen e sotme, policia kontrolle t\u00eb rrepta p\u00ebr element\u00eb \u2018provokativ\u00eb\u2019\/ Pika ky\u00e7e nga ku po kalojn\u00eb \u2018n\u00eb skaner\u2019 t\u00eb gjith\u00eb (DETAJE) 2 MARS 2020 Dit\u00ebn e sotme n\u00eb or\u00ebn 17:00 do t\u00eb mbahet tubimi i paralajm\u00ebruar i Presidentit Ilir Meta. Nd\u00ebrkoh\u00eb policia ka marr\u00eb masat duke nisur kontrollet e rrepta n\u00eb [&hellip;]<\/p>\n","protected":false},"author":9,"featured_media":31982,"comment_status":"open","ping_status":"open","sticky":false,"template":"","format":"standard","meta":{"jetpack_post_was_ever_published":false,"_jetpack_newsletter_access":"","_jetpack_dont_email_post_to_subs":false,"_jetpack_newsletter_tier_id":0,"_jetpack_memberships_contains_paywalled_content":false,"_jetpack_memberships_contains_paid_content":false,"footnotes":"","jetpack_publicize_message":"","jetpack_publicize_feature_enabled":true,"jetpack_social_post_already_shared":true,"jetpack_social_options":{"image_generator_settings":{"template":"highway","default_image_id":0,"font":"","enabled":false},"version":2}},"categories":[27,35],"tags":[],"class_list":["post-31981","post","type-post","status-publish","format-standard","has-post-thumbnail","hentry","category-blogu-i-udhetarit","category-shoqerore"],"jetpack_publicize_connections":[],"jetpack_featured_media_url":"https:\/\/i0.wp.com\/www.shqiperia.com\/blog\/wp-content\/uploads\/2020\/03\/800-0-5e5cbcb77f40f.png?fit=800%2C480&ssl=1","jetpack_sharing_enabled":true,"jetpack_shortlink":"https:\/\/wp.me\/p5Z6wp-8jP","jetpack-related-posts":[{"id":95383,"url":"https:\/\/www.shqiperia.com\/blog\/priten-reshje-bore-policia-apel-shofereve-tregoni-kujdes-ka-lageshti-dhe-ngrica-ne-rruge\/","url_meta":{"origin":31981,"position":0},"title":"Priten reshje bore, policia apel shofer\u00ebve: Tregoni kujdes, ka lag\u00ebshti dhe ngrica n\u00eb rrug\u00eb","author":"Kurt Farka","date":"December 3, 2025","format":false,"excerpt":"3 Nentor 2025 Policia Rrugore i ka b\u00ebr\u00eb apel shofer\u00ebve t\u00eb tregojn\u00eb kujdes t\u00eb shtuar, teksa vendi po p\u00ebrfshihet nga temperaturat e ul\u00ebta q\u00eb pritet t\u00eb sjellin bor\u00a1 dhe ngrica n\u00eb rrug\u00eb. Mesazhi i Policis\u00eb Rrugore: Apel p\u00ebr m\u00eb shum\u00eb kujdes nga p\u00ebrdoruesit e rrug\u00ebs, kryesisht n\u00eb zonat malore, p\u00ebr\u2026","rel":"","context":"In &quot;Blogu i Udh\u00ebtarit&quot;","block_context":{"text":"Blogu i Udh\u00ebtarit","link":"https:\/\/www.shqiperia.com\/blog\/category\/blogu-i-udhetarit\/"},"img":{"alt_text":"","src":"https:\/\/i0.wp.com\/www.shqiperia.com\/blog\/wp-content\/uploads\/2025\/12\/images-7.jpg?resize=350%2C200&ssl=1","width":350,"height":200},"classes":[]},{"id":89217,"url":"https:\/\/www.shqiperia.com\/blog\/opozita-zbret-ne-shesh-3-ore-proteste-ne-tirane\/","url_meta":{"origin":31981,"position":1},"title":"Opozita zbret n\u00eb shesh, 3 or\u00eb protest\u00eb n\u00eb Tiran\u00eb","author":"Kurt Farka","date":"February 8, 2025","format":false,"excerpt":"8 Shkurt 2025 Opozita ka njoftuar p\u00ebr zhvillimin e nj\u00eb proteste dit\u00ebn e sotme, duke bllokuar disa rrug\u00eb t\u00eb kryeqytetit. M\u00ebsohet se nga ora 10:00, nuk do t\u00eb lejohen t\u00eb parkohen automjetet n\u00eb bulevardin \u201dD\u00ebshmor\u00ebt e Kombit\u201d, n\u00eb sheshin \u201cN\u00ebn\u00eb Tereza, n\u00eb rrug\u00ebn \u201cIsmail Qemali\u201d, nga kryq\u00ebzimi i Rrug\u00ebs s\u00eb\u2026","rel":"","context":"In &quot;Blogu i Udh\u00ebtarit&quot;","block_context":{"text":"Blogu i Udh\u00ebtarit","link":"https:\/\/www.shqiperia.com\/blog\/category\/blogu-i-udhetarit\/"},"img":{"alt_text":"","src":"https:\/\/i0.wp.com\/www.shqiperia.com\/blog\/wp-content\/uploads\/2025\/02\/640-0-capturepng-1739000862.png?fit=640%2C345&ssl=1&resize=350%2C200","width":350,"height":200,"srcset":"https:\/\/i0.wp.com\/www.shqiperia.com\/blog\/wp-content\/uploads\/2025\/02\/640-0-capturepng-1739000862.png?fit=640%2C345&ssl=1&resize=350%2C200 1x, https:\/\/i0.wp.com\/www.shqiperia.com\/blog\/wp-content\/uploads\/2025\/02\/640-0-capturepng-1739000862.png?fit=640%2C345&ssl=1&resize=525%2C300 1.5x"},"classes":[]},{"id":49843,"url":"https:\/\/www.shqiperia.com\/blog\/vizita-e-merkel-ne-tirane-ja-rruget-qe-do-bllokohen-nga-ora-0900-deri-ne-1300-diten-e-neserme\/","url_meta":{"origin":31981,"position":2},"title":"Vizita e Merkel n\u00eb Tiran\u00eb. &#8211; Ja rrug\u00ebt q\u00eb do bllokohen nga ora 09:00 deri n\u00eb 13:00 dit\u00ebn e nes\u00ebrme","author":"Kurt Farka","date":"September 13, 2021","format":false,"excerpt":"Vizita e Merkel n\u00eb Tiran\u00eb. - Ja rrug\u00ebt q\u00eb do bllokohen nga ora 09:00 deri n\u00eb 13:00 dit\u00ebn e nes\u00ebrme N\u00eb kuad\u00ebr t\u00eb masave p\u00ebr sigurimin e rendit dhe siguris\u00eb publike gjat\u00eb vizit\u00ebs s\u00eb Kancelares gjermane Angela Merkel n\u00eb Tiran\u00eb n\u00eb disa segmente rrugore, p\u00ebr motive sigurie, do t\u00eb ket\u00eb\u2026","rel":"","context":"In &quot;Njoftime Shtypi&quot;","block_context":{"text":"Njoftime Shtypi","link":"https:\/\/www.shqiperia.com\/blog\/category\/njoftime-shtypi\/"},"img":{"alt_text":"","src":"https:\/\/i0.wp.com\/www.shqiperia.com\/blog\/wp-content\/uploads\/2021\/09\/1631556069_karatina2.jpg?fit=780%2C440&ssl=1&resize=350%2C200","width":350,"height":200,"srcset":"https:\/\/i0.wp.com\/www.shqiperia.com\/blog\/wp-content\/uploads\/2021\/09\/1631556069_karatina2.jpg?fit=780%2C440&ssl=1&resize=350%2C200 1x, https:\/\/i0.wp.com\/www.shqiperia.com\/blog\/wp-content\/uploads\/2021\/09\/1631556069_karatina2.jpg?fit=780%2C440&ssl=1&resize=525%2C300 1.5x, https:\/\/i0.wp.com\/www.shqiperia.com\/blog\/wp-content\/uploads\/2021\/09\/1631556069_karatina2.jpg?fit=780%2C440&ssl=1&resize=700%2C400 2x"},"classes":[]},{"id":77643,"url":"https:\/\/www.shqiperia.com\/blog\/kontrolle-ne-banesat-e-3-drejtoreve-te-veliajt-mes-tyre-zyrtarja-e-investimeve\/","url_meta":{"origin":31981,"position":3},"title":"Kontrolle n\u00eb banesat e 3 drejtor\u00ebve t\u00eb Veliajt, mes tyre zyrtarja e investimeve","author":"Kurt Farka","date":"January 26, 2024","format":false,"excerpt":"26 Janar 2024 Detaje t\u00eb reja kan\u00eb dal\u00eb nga kontrollet q\u00eb kan\u00eb zhvilluar s\u00eb fundmi oficer\u00ebt e Byros\u00eb Komb\u00ebtare t\u00eb Hetimit n\u00eb Bashkin\u00eb e Tiran\u00ebs, lajm i publikuar nga CNA. M\u00ebsohet se mbr\u00ebm\u00eb jan\u00eb kontrolluar tri banesa drejtor\u00ebsh t\u00eb k\u00ebsaj bashkie dhe dit\u00ebn e sotme jan\u00eb kontrolluar zyrat e tyre.\u2026","rel":"","context":"In &quot;Blogu i Udh\u00ebtarit&quot;","block_context":{"text":"Blogu i Udh\u00ebtarit","link":"https:\/\/www.shqiperia.com\/blog\/category\/blogu-i-udhetarit\/"},"img":{"alt_text":"","src":"https:\/\/i0.wp.com\/www.shqiperia.com\/blog\/wp-content\/uploads\/2024\/01\/640-0-1706272486xzzzzzzaaaaaa-835.jpg?fit=640%2C427&ssl=1&resize=350%2C200","width":350,"height":200,"srcset":"https:\/\/i0.wp.com\/www.shqiperia.com\/blog\/wp-content\/uploads\/2024\/01\/640-0-1706272486xzzzzzzaaaaaa-835.jpg?fit=640%2C427&ssl=1&resize=350%2C200 1x, https:\/\/i0.wp.com\/www.shqiperia.com\/blog\/wp-content\/uploads\/2024\/01\/640-0-1706272486xzzzzzzaaaaaa-835.jpg?fit=640%2C427&ssl=1&resize=525%2C300 1.5x"},"classes":[]},{"id":96093,"url":"https:\/\/www.shqiperia.com\/blog\/spak-perfundon-kontrollet-ne-banesat-dhe-zyrat-e-34-zyrtareve-dhe-biznesmeneve-te-perfshire-ne-dosjen-balluku-mes-tyre-shefja-e-kabinetit-sindi-dushku\/","url_meta":{"origin":31981,"position":4},"title":"SPAK p\u00ebrfundon kontrollet n\u00eb banesat dhe zyrat e 34 zyrtar\u00ebve dhe biznesmen\u00ebve t\u00eb p\u00ebrfshir\u00eb n\u00eb dosjen \u201cBalluku\u201d, mes tyre shefja e kabinetit Sindi Dushku","author":"Kurt Farka","date":"December 27, 2025","format":false,"excerpt":"27 Dhjetor 2025 Jan\u00eb t\u00eb pakt\u00ebn 54 kontrolle n\u00ebp\u00ebr banesa zyra dhe biznese q\u00eb po kryen nga agjent\u00ebt e Byros\u00eb Komb\u00ebtare t\u00eb Hetimit me urdh\u00ebr t\u00eb prokuroreve t\u00eb SPAK. Kontrollet po b\u00ebhen si pjes\u00eb t\u00eb hetimit p\u00ebr dosjen me akuzat ndaj zv.kryeministres Belinda Balluku dhe bashk\u00ebpun\u00ebtor\u00ebve t\u00eb saj, nj\u00eb pjes\u00eb\u2026","rel":"","context":"In &quot;Blogu i Udh\u00ebtarit&quot;","block_context":{"text":"Blogu i Udh\u00ebtarit","link":"https:\/\/www.shqiperia.com\/blog\/category\/blogu-i-udhetarit\/"},"img":{"alt_text":"","src":"https:\/\/i0.wp.com\/www.shqiperia.com\/blog\/wp-content\/uploads\/2025\/12\/balluku.webp?fit=1043%2C582&ssl=1&resize=350%2C200","width":350,"height":200,"srcset":"https:\/\/i0.wp.com\/www.shqiperia.com\/blog\/wp-content\/uploads\/2025\/12\/balluku.webp?fit=1043%2C582&ssl=1&resize=350%2C200 1x, https:\/\/i0.wp.com\/www.shqiperia.com\/blog\/wp-content\/uploads\/2025\/12\/balluku.webp?fit=1043%2C582&ssl=1&resize=525%2C300 1.5x, https:\/\/i0.wp.com\/www.shqiperia.com\/blog\/wp-content\/uploads\/2025\/12\/balluku.webp?fit=1043%2C582&ssl=1&resize=700%2C400 2x"},"classes":[]},{"id":31989,"url":"https:\/\/www.shqiperia.com\/blog\/pak-ore-nga-tubimi-i-metes-yuri-kim-fton-ne-takim-bashen\/","url_meta":{"origin":31981,"position":5},"title":"Pak or\u00eb nga tubimi i Met\u00ebs, Yuri Kim fton n\u00eb takim Bash\u00ebn","author":"Kurt Farka","date":"March 2, 2020","format":false,"excerpt":"Pak or\u00eb nga tubimi i Met\u00ebs, Yuri Kim fton n\u00eb takim Bash\u00ebn Pak or\u00eb nga nisja e tubimit t\u00eb presidentit Ilir Meta, ambasadorja e SHBA n\u00eb vendin ton\u00eb Yuri Kim ka ftuar n\u00eb nj\u00eb drek\u00eb pune, kryedemokratin Lulzim Basha. 2 Mars 2020 Pak or\u00eb nga nisja e tubimit \"p\u00ebr Bes\u00eblidhje\"\u2026","rel":"","context":"In &quot;Blogu i Udh\u00ebtarit&quot;","block_context":{"text":"Blogu i Udh\u00ebtarit","link":"https:\/\/www.shqiperia.com\/blog\/category\/blogu-i-udhetarit\/"},"img":{"alt_text":"","src":"https:\/\/i0.wp.com\/www.shqiperia.com\/blog\/wp-content\/uploads\/2020\/03\/1583150404_bashakim.jpg?fit=780%2C353&ssl=1&resize=350%2C200","width":350,"height":200,"srcset":"https:\/\/i0.wp.com\/www.shqiperia.com\/blog\/wp-content\/uploads\/2020\/03\/1583150404_bashakim.jpg?fit=780%2C353&ssl=1&resize=350%2C200 1x, https:\/\/i0.wp.com\/www.shqiperia.com\/blog\/wp-content\/uploads\/2020\/03\/1583150404_bashakim.jpg?fit=780%2C353&ssl=1&resize=525%2C300 1.5x, https:\/\/i0.wp.com\/www.shqiperia.com\/blog\/wp-content\/uploads\/2020\/03\/1583150404_bashakim.jpg?fit=780%2C353&ssl=1&resize=700%2C400 2x"},"classes":[]}],"_links":{"self":[{"href":"https:\/\/www.shqiperia.com\/blog\/wp-json\/wp\/v2\/posts\/31981","targetHints":{"allow":["GET"]}}],"collection":[{"href":"https:\/\/www.shqiperia.com\/blog\/wp-json\/wp\/v2\/posts"}],"about":[{"href":"https:\/\/www.shqiperia.com\/blog\/wp-json\/wp\/v2\/types\/post"}],"author":[{"embeddable":true,"href":"https:\/\/www.shqiperia.com\/blog\/wp-json\/wp\/v2\/users\/9"}],"replies":[{"embeddable":true,"href":"https:\/\/www.shqiperia.com\/blog\/wp-json\/wp\/v2\/comments?post=31981"}],"version-history":[{"count":1,"href":"https:\/\/www.shqiperia.com\/blog\/wp-json\/wp\/v2\/posts\/31981\/revisions"}],"predecessor-version":[{"id":31983,"href":"https:\/\/www.shqiperia.com\/blog\/wp-json\/wp\/v2\/posts\/31981\/revisions\/31983"}],"wp:featuredmedia":[{"embeddable":true,"href":"https:\/\/www.shqiperia.com\/blog\/wp-json\/wp\/v2\/media\/31982"}],"wp:attachment":[{"href":"https:\/\/www.shqiperia.com\/blog\/wp-json\/wp\/v2\/media?parent=31981"}],"wp:term":[{"taxonomy":"category","embeddable":true,"href":"https:\/\/www.shqiperia.com\/blog\/wp-json\/wp\/v2\/categories?post=31981"},{"taxonomy":"post_tag","embeddable":true,"href":"https:\/\/www.shqiperia.com\/blog\/wp-json\/wp\/v2\/tags?post=31981"}],"curies":[{"name":"wp","href":"https:\/\/api.w.org\/{rel}","templated":true}]}}