{"id":31968,"date":"2020-03-02T08:27:07","date_gmt":"2020-03-02T08:27:07","guid":{"rendered":"https:\/\/www.shqiperia.com\/blog\/?p=31968"},"modified":"2020-03-02T08:27:07","modified_gmt":"2020-03-02T08:27:07","slug":"pergjigjet-haradinaj-ju-tregoj-cfare-nuk-me-fal-dot-kurre-edi-rama","status":"publish","type":"post","link":"https:\/\/www.shqiperia.com\/blog\/pergjigjet-haradinaj-ju-tregoj-cfare-nuk-me-fal-dot-kurre-edi-rama\/","title":{"rendered":"P\u00ebrgjigjet Haradinaj: Ju tregoj \u00e7far\u00eb nuk m\u00eb fal dot kurr\u00eb Edi Rama"},"content":{"rendered":"<p><img data-recalc-dims=\"1\" loading=\"lazy\" decoding=\"async\" data-attachment-id=\"31969\" data-permalink=\"https:\/\/www.shqiperia.com\/blog\/pergjigjet-haradinaj-ju-tregoj-cfare-nuk-me-fal-dot-kurre-edi-rama\/dora-e-shtrire-edi-rama-copy-3\/\" data-orig-file=\"https:\/\/i0.wp.com\/www.shqiperia.com\/blog\/wp-content\/uploads\/2020\/03\/Dora-e-shtrire-Edi-Rama-Copy.jpg?fit=831%2C478&amp;ssl=1\" data-orig-size=\"831,478\" data-comments-opened=\"1\" data-image-meta=\"{&quot;aperture&quot;:&quot;0&quot;,&quot;credit&quot;:&quot;&quot;,&quot;camera&quot;:&quot;&quot;,&quot;caption&quot;:&quot;&quot;,&quot;created_timestamp&quot;:&quot;0&quot;,&quot;copyright&quot;:&quot;&quot;,&quot;focal_length&quot;:&quot;0&quot;,&quot;iso&quot;:&quot;0&quot;,&quot;shutter_speed&quot;:&quot;0&quot;,&quot;title&quot;:&quot;&quot;,&quot;orientation&quot;:&quot;0&quot;}\" data-image-title=\"Dora-e-shtrire Edi Rama &#8211; Copy\" data-image-description=\"\" data-image-caption=\"\" data-medium-file=\"https:\/\/i0.wp.com\/www.shqiperia.com\/blog\/wp-content\/uploads\/2020\/03\/Dora-e-shtrire-Edi-Rama-Copy.jpg?fit=300%2C173&amp;ssl=1\" data-large-file=\"https:\/\/i0.wp.com\/www.shqiperia.com\/blog\/wp-content\/uploads\/2020\/03\/Dora-e-shtrire-Edi-Rama-Copy.jpg?fit=831%2C478&amp;ssl=1\" class=\"alignnone  wp-image-31969\" alt=\"\" src=\"https:\/\/i0.wp.com\/www.shqiperia.com\/blog\/wp-content\/uploads\/2020\/03\/Dora-e-shtrire-Edi-Rama-Copy.jpg?resize=714%2C412&#038;ssl=1\" width=\"714\" height=\"412\" srcset=\"https:\/\/i0.wp.com\/www.shqiperia.com\/blog\/wp-content\/uploads\/2020\/03\/Dora-e-shtrire-Edi-Rama-Copy.jpg?resize=300%2C173&amp;ssl=1 300w, https:\/\/i0.wp.com\/www.shqiperia.com\/blog\/wp-content\/uploads\/2020\/03\/Dora-e-shtrire-Edi-Rama-Copy.jpg?resize=768%2C442&amp;ssl=1 768w, https:\/\/i0.wp.com\/www.shqiperia.com\/blog\/wp-content\/uploads\/2020\/03\/Dora-e-shtrire-Edi-Rama-Copy.jpg?resize=450%2C259&amp;ssl=1 450w, https:\/\/i0.wp.com\/www.shqiperia.com\/blog\/wp-content\/uploads\/2020\/03\/Dora-e-shtrire-Edi-Rama-Copy.jpg?resize=600%2C345&amp;ssl=1 600w, https:\/\/i0.wp.com\/www.shqiperia.com\/blog\/wp-content\/uploads\/2020\/03\/Dora-e-shtrire-Edi-Rama-Copy.jpg?resize=400%2C230&amp;ssl=1 400w, https:\/\/i0.wp.com\/www.shqiperia.com\/blog\/wp-content\/uploads\/2020\/03\/Dora-e-shtrire-Edi-Rama-Copy.jpg?w=831&amp;ssl=1 831w\" sizes=\"auto, (max-width: 714px) 100vw, 714px\" \/><\/p>\n<p><strong>P\u00ebrgjigjet Haradinaj: Ju tregoj \u00e7far\u00eb nuk m\u00eb fal dot kurr\u00eb Edi Rama<\/strong><\/p>\n<p>1 mars 2020<\/p>\n<p>Ish-kryeministri i Kosov\u00ebs, Ramush Haradinaj i \u00ebsht\u00eb kund\u00ebrp\u00ebrgjigjur kryeministrit Edi Rama,\u00a0 i cili tha se po baltos Albin Kurtin p\u00ebr heqjen e taks\u00ebs.<\/p>\n<p>N\u00eb nj\u00eb reagim n\u00eb Facebook, Haradinaj thot\u00eb se Rama po zbaton k\u00ebshillat e ministrit t\u00eb Jasht\u00ebm rus, Sergei Lavrov.<\/p>\n<p><strong>Reagimi i Ramush Haradinajt:<\/strong><\/p>\n<p><em>I kuptuesh\u00ebm frustrimi i Edi Ram\u00ebs ndaj meje. E di q\u00eb nuk ma fal dot q\u00eb ia prisha planin serbomadh.<\/em><\/p>\n<p><em>Edi Rama pas kthimit nga Moska, vepron pa humbur koh\u00eb n\u00eb zbatimin e k\u00ebshillave t\u00eb Lavrovit.<\/em><\/p>\n<p><em>Uroj q\u00eb Kryeministri Kurti t\u00eb vazhdoj\u00eb rrug\u00ebn time t\u00eb bllokimit t\u00eb shtegut t\u00eb Edi Ram\u00ebs e t\u00eb tjer\u00ebve p\u00ebr cop\u00ebtimin e Kosov\u00ebs dhe fuqizimin e Serbis\u00eb e Rusis\u00eb n\u00eb rajonin ton\u00eb, duke mbajtur taks\u00ebn deri n\u00eb kontrat\u00ebn finale p\u00ebr njohje. T\u00eb tjerat jan\u00eb tashm\u00eb histori.<\/em><\/p>\n<p><em>j.l.\/ dita<\/em><\/p>\n","protected":false},"excerpt":{"rendered":"<p>P\u00ebrgjigjet Haradinaj: Ju tregoj \u00e7far\u00eb nuk m\u00eb fal dot kurr\u00eb Edi Rama 1 mars 2020 Ish-kryeministri i Kosov\u00ebs, Ramush Haradinaj i \u00ebsht\u00eb kund\u00ebrp\u00ebrgjigjur kryeministrit Edi Rama,\u00a0 i cili tha se po baltos Albin Kurtin p\u00ebr heqjen e taks\u00ebs. N\u00eb nj\u00eb reagim n\u00eb Facebook, Haradinaj thot\u00eb se Rama po zbaton k\u00ebshillat e ministrit t\u00eb Jasht\u00ebm rus, [&hellip;]<\/p>\n","protected":false},"author":9,"featured_media":31969,"comment_status":"open","ping_status":"open","sticky":false,"template":"","format":"standard","meta":{"jetpack_post_was_ever_published":false,"_jetpack_newsletter_access":"","_jetpack_dont_email_post_to_subs":false,"_jetpack_newsletter_tier_id":0,"_jetpack_memberships_contains_paywalled_content":false,"_jetpack_memberships_contains_paid_content":false,"footnotes":"","jetpack_publicize_message":"","jetpack_publicize_feature_enabled":true,"jetpack_social_post_already_shared":true,"jetpack_social_options":{"image_generator_settings":{"template":"highway","default_image_id":0,"font":"","enabled":false},"version":2}},"categories":[27,2,35],"tags":[],"class_list":["post-31968","post","type-post","status-publish","format-standard","has-post-thumbnail","hentry","category-blogu-i-udhetarit","category-politika","category-shoqerore"],"jetpack_publicize_connections":[],"jetpack_featured_media_url":"https:\/\/i0.wp.com\/www.shqiperia.com\/blog\/wp-content\/uploads\/2020\/03\/Dora-e-shtrire-Edi-Rama-Copy.jpg?fit=831%2C478&ssl=1","jetpack_sharing_enabled":true,"jetpack_shortlink":"https:\/\/wp.me\/p5Z6wp-8jC","jetpack-related-posts":[{"id":3372,"url":"https:\/\/www.shqiperia.com\/blog\/haradinaj-pergjigjet-rames-mos-u-merr-kosoven-shqiperia-te-del-boll\/","url_meta":{"origin":31968,"position":0},"title":"Haradinaj i p\u00ebrgjigjet Ram\u00ebs: Mos u merr me Kosov\u00ebn, Shqip\u00ebria t\u00eb del boll! &#8211;","author":"Kurt Farka","date":"February 16, 2018","format":false,"excerpt":"Kryeministri i Kosov\u00ebs, Ramush Haradinaj ka reaguar menj\u00ebher\u00eb pas deklaratave t\u00eb b\u00ebra nga Edi Rama, n\u00eb lidhje m\u00eb at\u00eb se demarkacioni ishte debat i shpikur nga politika e brendshme e Kosov\u00ebs. Ai n\u00eb profilin e tij n\u00eb Facebook ka shkruar \u00a0se Edi Rama nuk ka \u00e7far\u00eb t\u00eb flas\u00eb p\u00ebr shpikjet\u2026","rel":"","context":"In &quot;Blogu i Udh\u00ebtarit&quot;","block_context":{"text":"Blogu i Udh\u00ebtarit","link":"https:\/\/www.shqiperia.com\/blog\/category\/blogu-i-udhetarit\/"},"img":{"alt_text":"","src":"https:\/\/i0.wp.com\/www.shqiperia.com\/blog\/wp-content\/uploads\/2018\/02\/faefgesgs-780x439.jpg?fit=780%2C439&ssl=1&resize=350%2C200","width":350,"height":200,"srcset":"https:\/\/i0.wp.com\/www.shqiperia.com\/blog\/wp-content\/uploads\/2018\/02\/faefgesgs-780x439.jpg?fit=780%2C439&ssl=1&resize=350%2C200 1x, https:\/\/i0.wp.com\/www.shqiperia.com\/blog\/wp-content\/uploads\/2018\/02\/faefgesgs-780x439.jpg?fit=780%2C439&ssl=1&resize=525%2C300 1.5x, https:\/\/i0.wp.com\/www.shqiperia.com\/blog\/wp-content\/uploads\/2018\/02\/faefgesgs-780x439.jpg?fit=780%2C439&ssl=1&resize=700%2C400 2x"},"classes":[]},{"id":30470,"url":"https:\/\/www.shqiperia.com\/blog\/majko-kerkon-paqe-ne-kosove-pas-padise-se-rames-per-haradinaj-vllau-edhe-te-merzit\/","url_meta":{"origin":31968,"position":1},"title":"Majko k\u00ebrkon paqe n\u00eb Kosov\u00eb pas padis\u00eb s\u00eb Ram\u00ebs p\u00ebr Haradinaj: &#8211; Vllau edhe t\u00eb m\u00ebrzit!","author":"Kurt Farka","date":"January 19, 2020","format":false,"excerpt":"Majko k\u00ebrkon paqe n\u00eb Kosov\u00eb pas padis\u00eb s\u00eb Ram\u00ebs p\u00ebr Haradinaj: - Vllau edhe t\u00eb m\u00ebrzit! 18\/01\/2020 Ish-kryeministri i Shqip\u00ebris\u00eb gjat\u00eb Luft\u00ebs s\u00eb Kosov\u00ebs dhe ministri aktual i Diaspor\u00ebs, Pandeli Majko ka marr\u00eb pjes\u00eb sot n\u00eb takimin fal\u00ebnderues t\u00eb Kosov\u00ebs ndaj kontributit t\u00eb Shqip\u00ebris\u00eb gjat\u00eb Luft\u00ebs s\u00eb viteve 1998-1999. Majko\u2026","rel":"","context":"In &quot;Kultura&quot;","block_context":{"text":"Kultura","link":"https:\/\/www.shqiperia.com\/blog\/category\/kultura\/"},"img":{"alt_text":"","src":"https:\/\/i0.wp.com\/www.shqiperia.com\/blog\/wp-content\/uploads\/2020\/01\/Meta-Kosove-3-750x375-1.jpeg?fit=750%2C375&ssl=1&resize=350%2C200","width":350,"height":200,"srcset":"https:\/\/i0.wp.com\/www.shqiperia.com\/blog\/wp-content\/uploads\/2020\/01\/Meta-Kosove-3-750x375-1.jpeg?fit=750%2C375&ssl=1&resize=350%2C200 1x, https:\/\/i0.wp.com\/www.shqiperia.com\/blog\/wp-content\/uploads\/2020\/01\/Meta-Kosove-3-750x375-1.jpeg?fit=750%2C375&ssl=1&resize=525%2C300 1.5x, https:\/\/i0.wp.com\/www.shqiperia.com\/blog\/wp-content\/uploads\/2020\/01\/Meta-Kosove-3-750x375-1.jpeg?fit=750%2C375&ssl=1&resize=700%2C400 2x"},"classes":[]},{"id":56459,"url":"https:\/\/www.shqiperia.com\/blog\/ish-kryeministri-kosovar-nje-kandidat-i-mundshem-per-president-te-shqiperise\/","url_meta":{"origin":31968,"position":2},"title":"Ish-kryeministri kosovar nj\u00eb kandidat i mundsh\u00ebm p\u00ebr president t\u00eb Shqip\u00ebris\u00eb (!?)","author":"Kurt Farka","date":"April 7, 2022","format":false,"excerpt":"Ish-kryeministri kosovar nj\u00eb kandidat i mundsh\u00ebm p\u00ebr president t\u00eb Shqip\u00ebris\u00eb (!?) 6 Prill 2022 \u2026 E megjithat\u00eb Edi Rama mund ti karikoj\u00eb t\u00eb gjith\u00eb p\u00ebr emrin e Presidentit dhe papritur u nxjerr nj\u00eb em\u00ebr tjet\u00ebr si kandidat dhe t\u00eb gjith\u00eb ikin n\u00eb sht\u00ebpi. \u2026 Nga Jonida Halili dhe Lindita Kokoli-\u2026","rel":"","context":"In &quot;Blogu i Udh\u00ebtarit&quot;","block_context":{"text":"Blogu i Udh\u00ebtarit","link":"https:\/\/www.shqiperia.com\/blog\/category\/blogu-i-udhetarit\/"},"img":{"alt_text":"","src":"https:\/\/i0.wp.com\/www.shqiperia.com\/blog\/wp-content\/uploads\/2022\/04\/Haredinaj-Rama.jpg?fit=855%2C391&ssl=1&resize=350%2C200","width":350,"height":200,"srcset":"https:\/\/i0.wp.com\/www.shqiperia.com\/blog\/wp-content\/uploads\/2022\/04\/Haredinaj-Rama.jpg?fit=855%2C391&ssl=1&resize=350%2C200 1x, https:\/\/i0.wp.com\/www.shqiperia.com\/blog\/wp-content\/uploads\/2022\/04\/Haredinaj-Rama.jpg?fit=855%2C391&ssl=1&resize=525%2C300 1.5x, https:\/\/i0.wp.com\/www.shqiperia.com\/blog\/wp-content\/uploads\/2022\/04\/Haredinaj-Rama.jpg?fit=855%2C391&ssl=1&resize=700%2C400 2x"},"classes":[]},{"id":30369,"url":"https:\/\/www.shqiperia.com\/blog\/vaj-vatani-e-mjere-mileti-akuzat-rreth-shkembimit-te-territoreve-rama-ngre-zyrtarisht-padi-ndaj-ramush-haradinajt\/","url_meta":{"origin":31968,"position":3},"title":"Vaj Vatani e Mjere mileti: &#8211; Akuzat rreth shk\u00ebmbimit t\u00eb territoreve, Rama ngre zyrtarisht padi ndaj Ramush Haradinajt","author":"Kurt Farka","date":"January 15, 2020","format":false,"excerpt":"Vaj Vatani e Mjere mileti: - Akuzat rreth shk\u00ebmbimit t\u00eb territoreve, Rama ngre zyrtarisht padi ndaj Ramush Haradinajt Jan 15 janar 2020 ga takimet zyrtare n\u00eb Prishtin\u00eb, apo n\u00eb Tiran\u00eb, Edi Rama dhe Ramush Haradinaj, nj\u00eb t\u00eb till\u00eb, pritet ta realizojn\u00eb n\u00eb nj\u00eb ambient krejt\u00ebsisht ndryshe prej her\u00ebve t\u00eb tjera.\u2026","rel":"","context":"In &quot;Blogu i Udh\u00ebtarit&quot;","block_context":{"text":"Blogu i Udh\u00ebtarit","link":"https:\/\/www.shqiperia.com\/blog\/category\/blogu-i-udhetarit\/"},"img":{"alt_text":"","src":"https:\/\/i0.wp.com\/www.shqiperia.com\/blog\/wp-content\/uploads\/2020\/01\/404994-CrxHCBo8cK.jpg?fit=780%2C403&ssl=1&resize=350%2C200","width":350,"height":200,"srcset":"https:\/\/i0.wp.com\/www.shqiperia.com\/blog\/wp-content\/uploads\/2020\/01\/404994-CrxHCBo8cK.jpg?fit=780%2C403&ssl=1&resize=350%2C200 1x, https:\/\/i0.wp.com\/www.shqiperia.com\/blog\/wp-content\/uploads\/2020\/01\/404994-CrxHCBo8cK.jpg?fit=780%2C403&ssl=1&resize=525%2C300 1.5x, https:\/\/i0.wp.com\/www.shqiperia.com\/blog\/wp-content\/uploads\/2020\/01\/404994-CrxHCBo8cK.jpg?fit=780%2C403&ssl=1&resize=700%2C400 2x"},"classes":[]},{"id":17083,"url":"https:\/\/www.shqiperia.com\/blog\/haradinaj-i-vendos-rames-kufirin-te-thana-mos-u-perzje-me-punet-tona\/","url_meta":{"origin":31968,"position":4},"title":"Haradinaj i vendos Ram\u00ebs \u201ckufirin te thana\u201d: &#8211; Mos u p\u00ebrzje me pun\u00ebt tona!","author":"Kurt Farka","date":"February 7, 2019","format":false,"excerpt":"Haradinaj i vendos Ram\u00ebs \u201ckufirin te thana\u201d: - Mos u p\u00ebrzje me pun\u00ebt tona! 7 Shkurt, 2019 Darka e shum\u00ebp\u00ebrfolur n\u00eb shtepin\u00eb e re t\u00eb Hashim Tha\u00e7it duket se nuk e ka l\u00ebkundur kryeministrin e Kosov\u00ebs, Ramush Haradinaj. Ai \u00ebsht\u00eb i prer\u00eb p\u00ebr t\u00eb mos ndryshuar kufijt\u00eb e Kosov\u00ebs pavar\u00ebsisht\u2026","rel":"","context":"In &quot;Blogu i Udh\u00ebtarit&quot;","block_context":{"text":"Blogu i Udh\u00ebtarit","link":"https:\/\/www.shqiperia.com\/blog\/category\/blogu-i-udhetarit\/"},"img":{"alt_text":"","src":"https:\/\/i0.wp.com\/www.shqiperia.com\/blog\/wp-content\/uploads\/2019\/02\/rama-haradinaj-e1511860713463-1024x571.jpg?fit=1024%2C522&ssl=1&resize=350%2C200","width":350,"height":200,"srcset":"https:\/\/i0.wp.com\/www.shqiperia.com\/blog\/wp-content\/uploads\/2019\/02\/rama-haradinaj-e1511860713463-1024x571.jpg?fit=1024%2C522&ssl=1&resize=350%2C200 1x, https:\/\/i0.wp.com\/www.shqiperia.com\/blog\/wp-content\/uploads\/2019\/02\/rama-haradinaj-e1511860713463-1024x571.jpg?fit=1024%2C522&ssl=1&resize=525%2C300 1.5x, https:\/\/i0.wp.com\/www.shqiperia.com\/blog\/wp-content\/uploads\/2019\/02\/rama-haradinaj-e1511860713463-1024x571.jpg?fit=1024%2C522&ssl=1&resize=700%2C400 2x"},"classes":[]},{"id":30645,"url":"https:\/\/www.shqiperia.com\/blog\/kam-qene-prezent-haradinaj-rama-ka-lobuar-per-ndarjen-e-kosoves\/","url_meta":{"origin":31968,"position":5},"title":"\u201cKam qen\u00eb prezent\u201d\/ Haradinaj: Rama ka lobuar p\u00ebr ndarjen e Kosov\u00ebs","author":"Kurt Farka","date":"January 24, 2020","format":false,"excerpt":"\u201cKam qen\u00eb prezent\u201d\/ Haradinaj: Rama ka lobuar p\u00ebr ndarjen e Kosov\u00ebs - 23\/01\/20 mapo.al Kryeministri n\u00eb largim i Kosov\u00ebs, Ramush Haradinaj, ka b\u00ebr\u00eb nj\u00eb akuz\u00eb t\u00eb fort\u00eb ndaj kryeministrit Edi Rama, teksa po fliste p\u00ebr padin\u00eb q\u00eb ka ngritur ky i fundit ndaj tij. Haradinaj deklaroi se Rama ka lobuar\u2026","rel":"","context":"In &quot;Blogu i Udh\u00ebtarit&quot;","block_context":{"text":"Blogu i Udh\u00ebtarit","link":"https:\/\/www.shqiperia.com\/blog\/category\/blogu-i-udhetarit\/"},"img":{"alt_text":"","src":"https:\/\/i0.wp.com\/www.shqiperia.com\/blog\/wp-content\/uploads\/2020\/01\/Ramush-Haradinaj-Edi-Rama-foto-REL-AP-e1542037537328.jpg?fit=720%2C405&ssl=1&resize=350%2C200","width":350,"height":200,"srcset":"https:\/\/i0.wp.com\/www.shqiperia.com\/blog\/wp-content\/uploads\/2020\/01\/Ramush-Haradinaj-Edi-Rama-foto-REL-AP-e1542037537328.jpg?fit=720%2C405&ssl=1&resize=350%2C200 1x, https:\/\/i0.wp.com\/www.shqiperia.com\/blog\/wp-content\/uploads\/2020\/01\/Ramush-Haradinaj-Edi-Rama-foto-REL-AP-e1542037537328.jpg?fit=720%2C405&ssl=1&resize=525%2C300 1.5x, https:\/\/i0.wp.com\/www.shqiperia.com\/blog\/wp-content\/uploads\/2020\/01\/Ramush-Haradinaj-Edi-Rama-foto-REL-AP-e1542037537328.jpg?fit=720%2C405&ssl=1&resize=700%2C400 2x"},"classes":[]}],"_links":{"self":[{"href":"https:\/\/www.shqiperia.com\/blog\/wp-json\/wp\/v2\/posts\/31968","targetHints":{"allow":["GET"]}}],"collection":[{"href":"https:\/\/www.shqiperia.com\/blog\/wp-json\/wp\/v2\/posts"}],"about":[{"href":"https:\/\/www.shqiperia.com\/blog\/wp-json\/wp\/v2\/types\/post"}],"author":[{"embeddable":true,"href":"https:\/\/www.shqiperia.com\/blog\/wp-json\/wp\/v2\/users\/9"}],"replies":[{"embeddable":true,"href":"https:\/\/www.shqiperia.com\/blog\/wp-json\/wp\/v2\/comments?post=31968"}],"version-history":[{"count":1,"href":"https:\/\/www.shqiperia.com\/blog\/wp-json\/wp\/v2\/posts\/31968\/revisions"}],"predecessor-version":[{"id":31970,"href":"https:\/\/www.shqiperia.com\/blog\/wp-json\/wp\/v2\/posts\/31968\/revisions\/31970"}],"wp:featuredmedia":[{"embeddable":true,"href":"https:\/\/www.shqiperia.com\/blog\/wp-json\/wp\/v2\/media\/31969"}],"wp:attachment":[{"href":"https:\/\/www.shqiperia.com\/blog\/wp-json\/wp\/v2\/media?parent=31968"}],"wp:term":[{"taxonomy":"category","embeddable":true,"href":"https:\/\/www.shqiperia.com\/blog\/wp-json\/wp\/v2\/categories?post=31968"},{"taxonomy":"post_tag","embeddable":true,"href":"https:\/\/www.shqiperia.com\/blog\/wp-json\/wp\/v2\/tags?post=31968"}],"curies":[{"name":"wp","href":"https:\/\/api.w.org\/{rel}","templated":true}]}}