{"id":31963,"date":"2020-03-02T08:11:21","date_gmt":"2020-03-02T08:11:21","guid":{"rendered":"https:\/\/www.shqiperia.com\/blog\/?p=31963"},"modified":"2020-03-02T08:11:21","modified_gmt":"2020-03-02T08:11:21","slug":"mjeshter-i-gdhendjes-se-drurit-ne-gjirokaster-anastas-petridhi","status":"publish","type":"post","link":"https:\/\/www.shqiperia.com\/blog\/mjeshter-i-gdhendjes-se-drurit-ne-gjirokaster-anastas-petridhi\/","title":{"rendered":"Mjesht\u00ebr i gdhendjes se drurit ne\u00a0 Gjirokaster, Anastas Petridhi."},"content":{"rendered":"<p><img data-recalc-dims=\"1\" loading=\"lazy\" decoding=\"async\" data-attachment-id=\"31964\" data-permalink=\"https:\/\/www.shqiperia.com\/blog\/mjeshter-i-gdhendjes-se-drurit-ne-gjirokaster-anastas-petridhi\/download-1-16\/\" data-orig-file=\"https:\/\/i0.wp.com\/www.shqiperia.com\/blog\/wp-content\/uploads\/2020\/03\/download-1.jpg?fit=280%2C180&amp;ssl=1\" data-orig-size=\"280,180\" data-comments-opened=\"1\" data-image-meta=\"{&quot;aperture&quot;:&quot;0&quot;,&quot;credit&quot;:&quot;&quot;,&quot;camera&quot;:&quot;&quot;,&quot;caption&quot;:&quot;&quot;,&quot;created_timestamp&quot;:&quot;0&quot;,&quot;copyright&quot;:&quot;&quot;,&quot;focal_length&quot;:&quot;0&quot;,&quot;iso&quot;:&quot;0&quot;,&quot;shutter_speed&quot;:&quot;0&quot;,&quot;title&quot;:&quot;&quot;,&quot;orientation&quot;:&quot;0&quot;}\" data-image-title=\"download (1)\" data-image-description=\"\" data-image-caption=\"\" data-medium-file=\"https:\/\/i0.wp.com\/www.shqiperia.com\/blog\/wp-content\/uploads\/2020\/03\/download-1.jpg?fit=280%2C180&amp;ssl=1\" data-large-file=\"https:\/\/i0.wp.com\/www.shqiperia.com\/blog\/wp-content\/uploads\/2020\/03\/download-1.jpg?fit=280%2C180&amp;ssl=1\" class=\"alignnone  wp-image-31964\" alt=\"\" src=\"https:\/\/i0.wp.com\/www.shqiperia.com\/blog\/wp-content\/uploads\/2020\/03\/download-1.jpg?resize=493%2C317&#038;ssl=1\" width=\"493\" height=\"317\" \/><\/p>\n<p>Mjesht\u00ebr i gdhendjes se drurit ne\u00a0 Gjirokaster, Anastas Petridhi.<\/p>\n<p>Anastas Petridhi ka mbi 30 vjet q\u00eb \u00ebsht\u00eb b\u00ebr\u00eb mjesht\u00ebr i gdhendjes n\u00eb dru, duke realizuar larmi punimesh. Ai e ka nisur k\u00ebt\u00eb zanat q\u00eb n\u00eb vitet \u201980.\u00a0N\u00eb fillim t\u00eb viteve \u201990 emigroi n\u00eb Greqi p\u00ebr nj\u00eb jet\u00eb m\u00eb t\u00eb mir\u00eb, nd\u00ebrkoh\u00eb q\u00eb aventura e tij prej gati 3 dekadash p\u00ebrfundoi para pak koh\u00ebsh, kur Anastasi vendosi t\u00eb rikthehej n\u00eb vendlindje. Vendimi i tij p\u00ebr t\u2019u kthyer n\u00eb Gjirokast\u00ebr nuk ishte i leht\u00eb p\u00ebr t\u00eb dhe familjen, por me besim e shpres\u00eb t\u00eb madhe p\u00ebr t\u00eb riv\u00ebn\u00eb n\u00eb pun\u00eb zanatin e tij.<\/p>\n<p><img data-recalc-dims=\"1\" loading=\"lazy\" decoding=\"async\" data-attachment-id=\"31965\" data-permalink=\"https:\/\/www.shqiperia.com\/blog\/mjeshter-i-gdhendjes-se-drurit-ne-gjirokaster-anastas-petridhi\/anastas-petridhi\/\" data-orig-file=\"https:\/\/i0.wp.com\/www.shqiperia.com\/blog\/wp-content\/uploads\/2020\/03\/anastas-petridhi.jpg?fit=800%2C600&amp;ssl=1\" data-orig-size=\"800,600\" data-comments-opened=\"1\" data-image-meta=\"{&quot;aperture&quot;:&quot;0&quot;,&quot;credit&quot;:&quot;&quot;,&quot;camera&quot;:&quot;&quot;,&quot;caption&quot;:&quot;&quot;,&quot;created_timestamp&quot;:&quot;0&quot;,&quot;copyright&quot;:&quot;&quot;,&quot;focal_length&quot;:&quot;0&quot;,&quot;iso&quot;:&quot;0&quot;,&quot;shutter_speed&quot;:&quot;0&quot;,&quot;title&quot;:&quot;&quot;,&quot;orientation&quot;:&quot;0&quot;}\" data-image-title=\"anastas-petridhi\" data-image-description=\"\" data-image-caption=\"\" data-medium-file=\"https:\/\/i0.wp.com\/www.shqiperia.com\/blog\/wp-content\/uploads\/2020\/03\/anastas-petridhi.jpg?fit=300%2C225&amp;ssl=1\" data-large-file=\"https:\/\/i0.wp.com\/www.shqiperia.com\/blog\/wp-content\/uploads\/2020\/03\/anastas-petridhi.jpg?fit=800%2C600&amp;ssl=1\" class=\"alignnone  wp-image-31965\" alt=\"\" src=\"https:\/\/i0.wp.com\/www.shqiperia.com\/blog\/wp-content\/uploads\/2020\/03\/anastas-petridhi.jpg?resize=581%2C436&#038;ssl=1\" width=\"581\" height=\"436\" srcset=\"https:\/\/i0.wp.com\/www.shqiperia.com\/blog\/wp-content\/uploads\/2020\/03\/anastas-petridhi.jpg?resize=300%2C225&amp;ssl=1 300w, https:\/\/i0.wp.com\/www.shqiperia.com\/blog\/wp-content\/uploads\/2020\/03\/anastas-petridhi.jpg?resize=768%2C576&amp;ssl=1 768w, https:\/\/i0.wp.com\/www.shqiperia.com\/blog\/wp-content\/uploads\/2020\/03\/anastas-petridhi.jpg?resize=450%2C338&amp;ssl=1 450w, https:\/\/i0.wp.com\/www.shqiperia.com\/blog\/wp-content\/uploads\/2020\/03\/anastas-petridhi.jpg?resize=600%2C450&amp;ssl=1 600w, https:\/\/i0.wp.com\/www.shqiperia.com\/blog\/wp-content\/uploads\/2020\/03\/anastas-petridhi.jpg?resize=400%2C300&amp;ssl=1 400w, https:\/\/i0.wp.com\/www.shqiperia.com\/blog\/wp-content\/uploads\/2020\/03\/anastas-petridhi.jpg?w=800&amp;ssl=1 800w\" sizes=\"auto, (max-width: 581px) 100vw, 581px\" \/><\/p>\n<p>\u201cP\u00ebrvoja ime n\u00eb profesionin e gdhend\u00ebsit t\u00eb drurit \u00ebsht\u00eb mbi 30 vjet. Pun\u00ebn e kam filluar me d\u00ebshir\u00eb e pasion dhe e kam m\u00ebsuar n\u00eb ishNd\u00ebrmarrjen Artistike Shtet\u00ebrore t\u00eb Gjirokastr\u00ebs. Me nd\u00ebrrimin e sistemeve kam punuar n\u00eb Greqi. Jam kthyer dhe mendova t\u00eb hap nj\u00eb biznesin tim n\u00eb k\u00ebt\u00eb pun\u00eb artizanale q\u00eb ju e shihni edhe sot. K\u00ebtu \u00ebsht\u00eb nj\u00eb zon\u00eb muzeale, vizitohet pothuajse nga e gjith\u00eb bota. Un\u00eb mundohem q\u00eb t\u00eb plot\u00ebsoj t\u00eb gjitha k\u00ebrkesat dhe d\u00ebshirat e tyre edhe n\u00eb momentin q\u00eb ata vizitojn\u00eb dyqanin, edhe me nj\u00eb sh\u00ebrbim tjet\u00ebr q\u00eb quhet pirografi. B\u00ebjm\u00eb disa dedikime dhe personifikime n\u00eb dhuratat q\u00eb marrin ata sipas d\u00ebshir\u00ebs\u201d, shprehet 55-vje\u00e7ari Petridhi.<\/p>\n<p><img data-recalc-dims=\"1\" loading=\"lazy\" decoding=\"async\" data-attachment-id=\"31966\" data-permalink=\"https:\/\/www.shqiperia.com\/blog\/mjeshter-i-gdhendjes-se-drurit-ne-gjirokaster-anastas-petridhi\/img_3639\/\" data-orig-file=\"https:\/\/i0.wp.com\/www.shqiperia.com\/blog\/wp-content\/uploads\/2020\/03\/img_3639-scaled.jpg?fit=2560%2C1920&amp;ssl=1\" data-orig-size=\"2560,1920\" data-comments-opened=\"1\" data-image-meta=\"{&quot;aperture&quot;:&quot;2.4&quot;,&quot;credit&quot;:&quot;&quot;,&quot;camera&quot;:&quot;iPhone 5&quot;,&quot;caption&quot;:&quot;&quot;,&quot;created_timestamp&quot;:&quot;1425899409&quot;,&quot;copyright&quot;:&quot;&quot;,&quot;focal_length&quot;:&quot;4.12&quot;,&quot;iso&quot;:&quot;50&quot;,&quot;shutter_speed&quot;:&quot;0.05&quot;,&quot;title&quot;:&quot;&quot;,&quot;orientation&quot;:&quot;1&quot;}\" data-image-title=\"img_3639\" data-image-description=\"\" data-image-caption=\"\" data-medium-file=\"https:\/\/i0.wp.com\/www.shqiperia.com\/blog\/wp-content\/uploads\/2020\/03\/img_3639-scaled.jpg?fit=300%2C225&amp;ssl=1\" data-large-file=\"https:\/\/i0.wp.com\/www.shqiperia.com\/blog\/wp-content\/uploads\/2020\/03\/img_3639-scaled.jpg?fit=1024%2C768&amp;ssl=1\" class=\"alignnone  wp-image-31966\" alt=\"\" src=\"https:\/\/i0.wp.com\/www.shqiperia.com\/blog\/wp-content\/uploads\/2020\/03\/img_3639.jpg?resize=517%2C388&#038;ssl=1\" width=\"517\" height=\"388\" srcset=\"https:\/\/i0.wp.com\/www.shqiperia.com\/blog\/wp-content\/uploads\/2020\/03\/img_3639-scaled.jpg?resize=300%2C225&amp;ssl=1 300w, https:\/\/i0.wp.com\/www.shqiperia.com\/blog\/wp-content\/uploads\/2020\/03\/img_3639-scaled.jpg?resize=1024%2C768&amp;ssl=1 1024w, https:\/\/i0.wp.com\/www.shqiperia.com\/blog\/wp-content\/uploads\/2020\/03\/img_3639-scaled.jpg?resize=768%2C576&amp;ssl=1 768w, https:\/\/i0.wp.com\/www.shqiperia.com\/blog\/wp-content\/uploads\/2020\/03\/img_3639-scaled.jpg?resize=1536%2C1152&amp;ssl=1 1536w, https:\/\/i0.wp.com\/www.shqiperia.com\/blog\/wp-content\/uploads\/2020\/03\/img_3639-scaled.jpg?resize=2048%2C1536&amp;ssl=1 2048w, https:\/\/i0.wp.com\/www.shqiperia.com\/blog\/wp-content\/uploads\/2020\/03\/img_3639-scaled.jpg?resize=2000%2C1500&amp;ssl=1 2000w, https:\/\/i0.wp.com\/www.shqiperia.com\/blog\/wp-content\/uploads\/2020\/03\/img_3639-scaled.jpg?resize=450%2C338&amp;ssl=1 450w, https:\/\/i0.wp.com\/www.shqiperia.com\/blog\/wp-content\/uploads\/2020\/03\/img_3639-scaled.jpg?resize=600%2C450&amp;ssl=1 600w, https:\/\/i0.wp.com\/www.shqiperia.com\/blog\/wp-content\/uploads\/2020\/03\/img_3639-scaled.jpg?resize=1500%2C1125&amp;ssl=1 1500w, https:\/\/i0.wp.com\/www.shqiperia.com\/blog\/wp-content\/uploads\/2020\/03\/img_3639-scaled.jpg?resize=1300%2C975&amp;ssl=1 1300w, https:\/\/i0.wp.com\/www.shqiperia.com\/blog\/wp-content\/uploads\/2020\/03\/img_3639-scaled.jpg?resize=400%2C300&amp;ssl=1 400w\" sizes=\"auto, (max-width: 517px) 100vw, 517px\" \/><\/p>\n<p>Pas kthimit n\u00eb vendlindje, ai vendosi t\u00eb marr\u00eb me qira nj\u00eb dyqan n\u00eb zon\u00ebn karakteristike t\u00eb Gjirokastr\u00ebs, n\u00eb Qaf\u00ebn e Pazarit. Aty punon me dalt\u00eb dhe instrumente t\u00eb tjera gdhendjeje, i bindur se vizitor\u00ebt, kryesisht turist\u00ebt e huaj, do t\u00eb t\u00ebrhiqen nga punimet \u201chandmade\u201d, si nd\u00ebr m\u00eb t\u00eb preferuarat e tyre. Ai zgjedh drurin, q\u00eb \u00ebsht\u00eb i q\u00ebndruesh\u00ebm, dhe m\u00eb pas i jep format e ndryshme, t\u00eb cilat u b\u00ebjn\u00eb mjaft p\u00ebrshtypje bler\u00ebsve vendas e t\u00eb huaj. K\u00ebta t\u00eb fundit nuk mungojn\u00eb gjat\u00eb gjith\u00eb dit\u00ebs, teksa kureshtjen q\u00eb kan\u00eb p\u00ebr k\u00ebto objekte e kulmojn\u00eb me blerjen e tyre me \u00e7mime t\u00eb arsyeshme p\u00ebr xhepin e tyre.<\/p>\n<p>\u201cKy dyqan ka objekte mjaft t\u00eb bukura t\u00eb punuara n\u00eb m\u00ebnyr\u00eb artizanale, karakteristike, q\u00eb jan\u00eb origjinale dhe identike, q\u00eb simbolizojn\u00eb Shqip\u00ebrin\u00eb. V\u00ebrtet m\u00eb p\u00eblqejn\u00eb\u201d, thot\u00eb nj\u00eb turist. \u201cNuk kam par\u00eb m\u00eb her\u00ebt di\u00e7ka t\u00eb till\u00eb dhe \u00ebsht\u00eb fantastike. Un\u00eb bleva di\u00e7ka t\u00eb bukur dhe dometh\u00ebn\u00ebse, nj\u00eb pal\u00eb g\u00ebrsh\u00ebr\u00eb n\u00eb miniatur\u00eb druri, q\u00eb jan\u00eb dhurat\u00eb p\u00ebr n\u00ebn\u00ebn time n\u00eb Holand\u00eb\u201d, shprehet nj\u00eb tjet\u00ebr. N\u00eb dyqanin e Anastasit ekzistojn\u00eb mbi 210 objekte t\u00eb ndryshme t\u00eb punuara nga dora e tij dhe q\u00eb jan\u00eb gati p\u00ebr t\u2019u shitur. Vet\u00eb ai \u00ebsht\u00eb i k\u00ebnaqur me biznesin e \u00e7elur n\u00eb Gjirokast\u00ebr dhe shpreson n\u00eb leht\u00ebsirat fiskale q\u00eb qeveria lokale ka premtuar p\u00ebr k\u00ebt\u00eb kategori biznesi n\u00eb zon\u00ebn historike.<\/p>\n<p><strong>Nga: PIRO NASE<\/strong><\/p>\n","protected":false},"excerpt":{"rendered":"<p>Mjesht\u00ebr i gdhendjes se drurit ne\u00a0 Gjirokaster, Anastas Petridhi. Anastas Petridhi ka mbi 30 vjet q\u00eb \u00ebsht\u00eb b\u00ebr\u00eb mjesht\u00ebr i gdhendjes n\u00eb dru, duke realizuar larmi punimesh. Ai e ka nisur k\u00ebt\u00eb zanat q\u00eb n\u00eb vitet \u201980.\u00a0N\u00eb fillim t\u00eb viteve \u201990 emigroi n\u00eb Greqi p\u00ebr nj\u00eb jet\u00eb m\u00eb t\u00eb mir\u00eb, nd\u00ebrkoh\u00eb q\u00eb aventura e tij [&hellip;]<\/p>\n","protected":false},"author":9,"featured_media":31964,"comment_status":"open","ping_status":"open","sticky":false,"template":"","format":"standard","meta":{"jetpack_post_was_ever_published":false,"_jetpack_newsletter_access":"","_jetpack_dont_email_post_to_subs":false,"_jetpack_newsletter_tier_id":0,"_jetpack_memberships_contains_paywalled_content":false,"_jetpack_memberships_contains_paid_content":false,"footnotes":"","jetpack_publicize_message":"","jetpack_publicize_feature_enabled":true,"jetpack_social_post_already_shared":true,"jetpack_social_options":{"image_generator_settings":{"template":"highway","default_image_id":0,"font":"","enabled":false},"version":2}},"categories":[27,35,86],"tags":[],"class_list":["post-31963","post","type-post","status-publish","format-standard","has-post-thumbnail","hentry","category-blogu-i-udhetarit","category-shoqerore","category-trashegimi-kulturore"],"jetpack_publicize_connections":[],"jetpack_featured_media_url":"https:\/\/i0.wp.com\/www.shqiperia.com\/blog\/wp-content\/uploads\/2020\/03\/download-1.jpg?fit=280%2C180&ssl=1","jetpack_sharing_enabled":true,"jetpack_shortlink":"https:\/\/wp.me\/p5Z6wp-8jx","jetpack-related-posts":[{"id":12902,"url":"https:\/\/www.shqiperia.com\/blog\/llazi-icka-portreti-i-mjeshtrit-te-gdhendjes-se-drurit\/","url_meta":{"origin":31963,"position":0},"title":"Llazi Icka, portreti i mjeshtrit t\u00eb gdhendjes s\u00eb drurit. &#8211;","author":"Kurt Farka","date":"October 24, 2018","format":false,"excerpt":"Llazi Icka, portreti i mjeshtrit t\u00eb gdhendjes s\u00eb drurit. - Llazi Icka, \u00ebsht\u00eb 80-vje\u00e7 edhe vazhdon t\u00eb punoj\u00eb me t\u00eb nj\u00ebjtin pasion q\u00eb kishte kur ishte i ri dhe t\u00eb krijoj\u00eb objekte t\u00eb mrekullueshme t\u00eb gdhendura n\u00eb dru. Menj\u00ebher\u00eb sapo futesh n\u00eb punishten e tij t\u00eb b\u00ebn p\u00ebrshtypje qet\u00ebsia dhe\u2026","rel":"","context":"In &quot;Arte&quot;","block_context":{"text":"Arte","link":"https:\/\/www.shqiperia.com\/blog\/category\/arte\/"},"img":{"alt_text":"","src":"https:\/\/i0.wp.com\/www.shqiperia.com\/blog\/wp-content\/uploads\/2018\/10\/246987d2-d793-42e6-8e8c-10233c519e53-original.png?fit=611%2C306&ssl=1&resize=350%2C200","width":350,"height":200,"srcset":"https:\/\/i0.wp.com\/www.shqiperia.com\/blog\/wp-content\/uploads\/2018\/10\/246987d2-d793-42e6-8e8c-10233c519e53-original.png?fit=611%2C306&ssl=1&resize=350%2C200 1x, https:\/\/i0.wp.com\/www.shqiperia.com\/blog\/wp-content\/uploads\/2018\/10\/246987d2-d793-42e6-8e8c-10233c519e53-original.png?fit=611%2C306&ssl=1&resize=525%2C300 1.5x"},"classes":[]},{"id":25737,"url":"https:\/\/www.shqiperia.com\/blog\/art-tradicional-tatmadhi-i-legjendes\/","url_meta":{"origin":31963,"position":1},"title":"Art tradicional -Tatmadhi i legjendes. &#8211; Nga Jaho Brahaj","author":"Kurt Farka","date":"September 10, 2019","format":false,"excerpt":"Art tradicional -Tatmadhi i legjendes. Ne Zhulat (Gjirokaster) ruhet nje legjende, se Tatmadhi nga lartesia e shpateve te lumit te ketij fshati hodhi nje parmende qe leron token ne breg te ketij lumi. Artisti Bejo Keraj ne rinine e tij \u00a0para 50 e ca viteve, \u00a0e gdhendi figuren e Tamadhit\u2026","rel":"","context":"In &quot;Arte&quot;","block_context":{"text":"Arte","link":"https:\/\/www.shqiperia.com\/blog\/category\/arte\/"},"img":{"alt_text":"","src":"https:\/\/i0.wp.com\/www.shqiperia.com\/blog\/wp-content\/uploads\/2019\/09\/TATMADHI-Gdhendje-e-artit-tradicional.jpg?fit=960%2C530&ssl=1&resize=350%2C200","width":350,"height":200,"srcset":"https:\/\/i0.wp.com\/www.shqiperia.com\/blog\/wp-content\/uploads\/2019\/09\/TATMADHI-Gdhendje-e-artit-tradicional.jpg?fit=960%2C530&ssl=1&resize=350%2C200 1x, https:\/\/i0.wp.com\/www.shqiperia.com\/blog\/wp-content\/uploads\/2019\/09\/TATMADHI-Gdhendje-e-artit-tradicional.jpg?fit=960%2C530&ssl=1&resize=525%2C300 1.5x, https:\/\/i0.wp.com\/www.shqiperia.com\/blog\/wp-content\/uploads\/2019\/09\/TATMADHI-Gdhendje-e-artit-tradicional.jpg?fit=960%2C530&ssl=1&resize=700%2C400 2x"},"classes":[]},{"id":29417,"url":"https:\/\/www.shqiperia.com\/blog\/me-mjeshtrin-e-gdhendjes-se-drurit-zhulatasin-bejo-kerraj\/","url_meta":{"origin":31963,"position":2},"title":"Me mjeshtrin e gdh\u00ebndjes s\u00eb drurit, zhulatasin Bejo K\u00ebrraj.-","author":"Kurt Farka","date":"December 17, 2019","format":false,"excerpt":"Me mjeshtrin e gdh\u00ebndjes s\u00eb drurit, zhulatasin Bejo K\u00ebrraj.- Nga: Sejmen Gjokoli N\u00eb mos gaboj ka qen\u00eb viti i fundit i fakultetit, aty nga pranvera e '78-t\u00ebs kur do ta prisja te stacioni i trenit n\u00eb Tiran\u00eb. N\u00eb nj\u00eb ark\u00eb t\u00eb madhe druri, sajuar vet\u00eb n\u00eb form\u00ebn e nj\u00eb valixheje,\u2026","rel":"","context":"In &quot;Blogu i Udh\u00ebtarit&quot;","block_context":{"text":"Blogu i Udh\u00ebtarit","link":"https:\/\/www.shqiperia.com\/blog\/category\/blogu-i-udhetarit\/"},"img":{"alt_text":"","src":"https:\/\/i0.wp.com\/www.shqiperia.com\/blog\/wp-content\/uploads\/2019\/12\/Bejo-Kerraj-nga-Zhulati.jpg?fit=763%2C505&ssl=1&resize=350%2C200","width":350,"height":200,"srcset":"https:\/\/i0.wp.com\/www.shqiperia.com\/blog\/wp-content\/uploads\/2019\/12\/Bejo-Kerraj-nga-Zhulati.jpg?fit=763%2C505&ssl=1&resize=350%2C200 1x, https:\/\/i0.wp.com\/www.shqiperia.com\/blog\/wp-content\/uploads\/2019\/12\/Bejo-Kerraj-nga-Zhulati.jpg?fit=763%2C505&ssl=1&resize=525%2C300 1.5x, https:\/\/i0.wp.com\/www.shqiperia.com\/blog\/wp-content\/uploads\/2019\/12\/Bejo-Kerraj-nga-Zhulati.jpg?fit=763%2C505&ssl=1&resize=700%2C400 2x"},"classes":[]},{"id":37500,"url":"https:\/\/www.shqiperia.com\/blog\/tradita-e-mjeshterise-se-gdhendjes-se-drurit-eshte-e-lashte-tek-populli-yne\/","url_meta":{"origin":31963,"position":3},"title":"Tradita e mjeshterise se gdhendjes se drurit eshte e lashte tek populli yne.","author":"Kurt Farka","date":"August 21, 2020","format":false,"excerpt":"Tradita e mjeshterise se gdhendjes se drurit eshte e lashte tek populli yne. Ato vepra artiti arkaike qe na jane ruajtur tregojne se mjeshteria ishte e bashkengjitun dhe me vlera erti. Ka studiues qe mjershterine e gdhendjes se drurit\u00a0 e mbivleresojne tek te Paret tone ne krahasim me gdhendjen dhe\u2026","rel":"","context":"In &quot;Arte&quot;","block_context":{"text":"Arte","link":"https:\/\/www.shqiperia.com\/blog\/category\/arte\/"},"img":{"alt_text":"","src":"https:\/\/i0.wp.com\/www.shqiperia.com\/blog\/wp-content\/uploads\/2020\/08\/Gdhendje-druri-nga-Kishat-Tona..jpg?fit=720%2C482&ssl=1&resize=350%2C200","width":350,"height":200,"srcset":"https:\/\/i0.wp.com\/www.shqiperia.com\/blog\/wp-content\/uploads\/2020\/08\/Gdhendje-druri-nga-Kishat-Tona..jpg?fit=720%2C482&ssl=1&resize=350%2C200 1x, https:\/\/i0.wp.com\/www.shqiperia.com\/blog\/wp-content\/uploads\/2020\/08\/Gdhendje-druri-nga-Kishat-Tona..jpg?fit=720%2C482&ssl=1&resize=525%2C300 1.5x, https:\/\/i0.wp.com\/www.shqiperia.com\/blog\/wp-content\/uploads\/2020\/08\/Gdhendje-druri-nga-Kishat-Tona..jpg?fit=720%2C482&ssl=1&resize=700%2C400 2x"},"classes":[]},{"id":10053,"url":"https:\/\/www.shqiperia.com\/blog\/a-kemi-nje-kujtese-arti-tradicional-te-amalteas-apo-dhija-e-shenkollit\/","url_meta":{"origin":31963,"position":4},"title":"A kemi nje kujtese arti tradicional te Amalteas (apo Dhija e Shenkollit).-","author":"Kurt Farka","date":"July 21, 2018","format":false,"excerpt":"A kemi nje kujtese arti tradicional te Amalteas (apo Dhija e Shenkollit).- Shenim nga: Jaho Brahaj.- Gjithmone kam nje dileme dhe pikpyetje: Pse motiv i pelqyer i artisteve popullor te gdhendjes se drurit dhe te gurit eshte Dhija. Skulptura eshte e vjeter ndoshta e fillim shek. XX. Fatkeqesishte eshte riparuar\u2026","rel":"","context":"In &quot;Arte&quot;","block_context":{"text":"Arte","link":"https:\/\/www.shqiperia.com\/blog\/category\/arte\/"},"img":{"alt_text":"","src":"https:\/\/i0.wp.com\/www.shqiperia.com\/blog\/wp-content\/uploads\/2018\/07\/Amalte-Dhija-e-Shenkollit.jpg?fit=654%2C401&ssl=1&resize=350%2C200","width":350,"height":200,"srcset":"https:\/\/i0.wp.com\/www.shqiperia.com\/blog\/wp-content\/uploads\/2018\/07\/Amalte-Dhija-e-Shenkollit.jpg?fit=654%2C401&ssl=1&resize=350%2C200 1x, https:\/\/i0.wp.com\/www.shqiperia.com\/blog\/wp-content\/uploads\/2018\/07\/Amalte-Dhija-e-Shenkollit.jpg?fit=654%2C401&ssl=1&resize=525%2C300 1.5x"},"classes":[]},{"id":28000,"url":"https:\/\/www.shqiperia.com\/blog\/cylja-dyjare-e-laberise\/","url_meta":{"origin":31963,"position":5},"title":"Cylja Dyjare e Laberise.","author":"Kurt Farka","date":"November 11, 2019","format":false,"excerpt":"Cylja Dyjare e Laberise. Cyle Dyjare e Laberise eshte te pakten me vjetersi 2400-2500 vjecare\u00a0 sipas deshmive te artefakteve arkeologjike. Ne foto: - Cyle Dyjare te punuara nga mjeshteri i gdhendjes se drurit Bejo Keraj nga Zhulati, Gjirokaster. Bejo eshte njohes i mire i Cyles Dyjare dhe nje interpertues i\u2026","rel":"","context":"In &quot;Histori&quot;","block_context":{"text":"Histori","link":"https:\/\/www.shqiperia.com\/blog\/category\/histori\/"},"img":{"alt_text":"","src":"https:\/\/i0.wp.com\/www.shqiperia.com\/blog\/wp-content\/uploads\/2019\/11\/77777.jpg?fit=960%2C814&ssl=1&resize=350%2C200","width":350,"height":200,"srcset":"https:\/\/i0.wp.com\/www.shqiperia.com\/blog\/wp-content\/uploads\/2019\/11\/77777.jpg?fit=960%2C814&ssl=1&resize=350%2C200 1x, https:\/\/i0.wp.com\/www.shqiperia.com\/blog\/wp-content\/uploads\/2019\/11\/77777.jpg?fit=960%2C814&ssl=1&resize=525%2C300 1.5x, https:\/\/i0.wp.com\/www.shqiperia.com\/blog\/wp-content\/uploads\/2019\/11\/77777.jpg?fit=960%2C814&ssl=1&resize=700%2C400 2x"},"classes":[]}],"_links":{"self":[{"href":"https:\/\/www.shqiperia.com\/blog\/wp-json\/wp\/v2\/posts\/31963","targetHints":{"allow":["GET"]}}],"collection":[{"href":"https:\/\/www.shqiperia.com\/blog\/wp-json\/wp\/v2\/posts"}],"about":[{"href":"https:\/\/www.shqiperia.com\/blog\/wp-json\/wp\/v2\/types\/post"}],"author":[{"embeddable":true,"href":"https:\/\/www.shqiperia.com\/blog\/wp-json\/wp\/v2\/users\/9"}],"replies":[{"embeddable":true,"href":"https:\/\/www.shqiperia.com\/blog\/wp-json\/wp\/v2\/comments?post=31963"}],"version-history":[{"count":1,"href":"https:\/\/www.shqiperia.com\/blog\/wp-json\/wp\/v2\/posts\/31963\/revisions"}],"predecessor-version":[{"id":31967,"href":"https:\/\/www.shqiperia.com\/blog\/wp-json\/wp\/v2\/posts\/31963\/revisions\/31967"}],"wp:featuredmedia":[{"embeddable":true,"href":"https:\/\/www.shqiperia.com\/blog\/wp-json\/wp\/v2\/media\/31964"}],"wp:attachment":[{"href":"https:\/\/www.shqiperia.com\/blog\/wp-json\/wp\/v2\/media?parent=31963"}],"wp:term":[{"taxonomy":"category","embeddable":true,"href":"https:\/\/www.shqiperia.com\/blog\/wp-json\/wp\/v2\/categories?post=31963"},{"taxonomy":"post_tag","embeddable":true,"href":"https:\/\/www.shqiperia.com\/blog\/wp-json\/wp\/v2\/tags?post=31963"}],"curies":[{"name":"wp","href":"https:\/\/api.w.org\/{rel}","templated":true}]}}