{"id":31959,"date":"2020-03-01T18:49:39","date_gmt":"2020-03-01T18:49:39","guid":{"rendered":"https:\/\/www.shqiperia.com\/blog\/?p=31959"},"modified":"2020-03-01T18:49:39","modified_gmt":"2020-03-01T18:49:39","slug":"kajmaku-shetit-i-lire-fotografohet-500-metra-nga-drejtoria-e-policise","status":"publish","type":"post","link":"https:\/\/www.shqiperia.com\/blog\/kajmaku-shetit-i-lire-fotografohet-500-metra-nga-drejtoria-e-policise\/","title":{"rendered":"Kajmaku sh\u00ebtit i lir\u00eb, fotografohet 500 metra nga Drejtoria e Policis\u00eb"},"content":{"rendered":"<p><img data-recalc-dims=\"1\" loading=\"lazy\" decoding=\"async\" data-attachment-id=\"31960\" data-permalink=\"https:\/\/www.shqiperia.com\/blog\/kajmaku-shetit-i-lire-fotografohet-500-metra-nga-drejtoria-e-policise\/1573476359_agimkajmakufoto-905x450\/\" data-orig-file=\"https:\/\/i0.wp.com\/www.shqiperia.com\/blog\/wp-content\/uploads\/2020\/03\/1573476359_agimkajmakufoto-905x450-1.jpg?fit=905%2C450&amp;ssl=1\" data-orig-size=\"905,450\" data-comments-opened=\"1\" data-image-meta=\"{&quot;aperture&quot;:&quot;0&quot;,&quot;credit&quot;:&quot;&quot;,&quot;camera&quot;:&quot;&quot;,&quot;caption&quot;:&quot;&quot;,&quot;created_timestamp&quot;:&quot;0&quot;,&quot;copyright&quot;:&quot;&quot;,&quot;focal_length&quot;:&quot;0&quot;,&quot;iso&quot;:&quot;0&quot;,&quot;shutter_speed&quot;:&quot;0&quot;,&quot;title&quot;:&quot;&quot;,&quot;orientation&quot;:&quot;0&quot;}\" data-image-title=\"1573476359_agimkajmakufoto-905&#215;450\" data-image-description=\"\" data-image-caption=\"\" data-medium-file=\"https:\/\/i0.wp.com\/www.shqiperia.com\/blog\/wp-content\/uploads\/2020\/03\/1573476359_agimkajmakufoto-905x450-1.jpg?fit=300%2C149&amp;ssl=1\" data-large-file=\"https:\/\/i0.wp.com\/www.shqiperia.com\/blog\/wp-content\/uploads\/2020\/03\/1573476359_agimkajmakufoto-905x450-1.jpg?fit=905%2C450&amp;ssl=1\" class=\"alignnone  wp-image-31960\" alt=\"\" src=\"https:\/\/i0.wp.com\/www.shqiperia.com\/blog\/wp-content\/uploads\/2020\/03\/1573476359_agimkajmakufoto-905x450-1.jpg?resize=566%2C281&#038;ssl=1\" width=\"566\" height=\"281\" srcset=\"https:\/\/i0.wp.com\/www.shqiperia.com\/blog\/wp-content\/uploads\/2020\/03\/1573476359_agimkajmakufoto-905x450-1.jpg?resize=300%2C149&amp;ssl=1 300w, https:\/\/i0.wp.com\/www.shqiperia.com\/blog\/wp-content\/uploads\/2020\/03\/1573476359_agimkajmakufoto-905x450-1.jpg?resize=768%2C382&amp;ssl=1 768w, https:\/\/i0.wp.com\/www.shqiperia.com\/blog\/wp-content\/uploads\/2020\/03\/1573476359_agimkajmakufoto-905x450-1.jpg?resize=450%2C224&amp;ssl=1 450w, https:\/\/i0.wp.com\/www.shqiperia.com\/blog\/wp-content\/uploads\/2020\/03\/1573476359_agimkajmakufoto-905x450-1.jpg?resize=600%2C298&amp;ssl=1 600w, https:\/\/i0.wp.com\/www.shqiperia.com\/blog\/wp-content\/uploads\/2020\/03\/1573476359_agimkajmakufoto-905x450-1.jpg?resize=400%2C199&amp;ssl=1 400w, https:\/\/i0.wp.com\/www.shqiperia.com\/blog\/wp-content\/uploads\/2020\/03\/1573476359_agimkajmakufoto-905x450-1.jpg?w=905&amp;ssl=1 905w\" sizes=\"auto, (max-width: 566px) 100vw, 566px\" \/><\/p>\n<p><strong>Kajmaku sh\u00ebtit i lir\u00eb, fotografohet 500 metra nga Drejtoria e Policis\u00eb<\/strong><\/p>\n<p>1 mars \u00a02020<\/p>\n<p>Ish-kryebashkiaku n\u00eb arrati i Vor\u00ebs, Agim Kajmaku l\u00ebviz lirsh\u00ebm n\u00eb Tiran\u00eb dhe n\u00eb Vor\u00eb.<\/p>\n<p>Sipas \u00a0\u201cExit News\u201d, ai \u00ebsht\u00eb par\u00eb disa her\u00eb duke pir\u00eb kafe n\u00eb Hotel Autostation n\u00eb Vor\u00eb.<\/p>\n<p><em>\u201cKajmaku \u00ebsht\u00eb par\u00eb gjithashtu nj\u00eb nga fundjavat e shkuara duke ecur n\u00eb nj\u00eb rrug\u00eb kryesore n\u00eb Tiran\u00eb, vet\u00ebm rreth 500 metra nga Drejtoria e Policis\u00eb s\u00eb Tiran\u00ebs, i shoq\u00ebruar me nj\u00eb person tjet\u00ebr. Ai kishte veshur nj\u00eb kapele bejsbolli blu t\u00eb err\u00ebt dhe nj\u00eb xhaket\u00eb blu, me jak\u00ebn e ngritur lart. Shoq\u00ebruesi i tij kishte veshur nj\u00eb xhup t\u00eb kuq, me nj\u00eb bluz\u00eb t\u00eb bardh\u00eb dhe pantallona t\u00eb zeza. Fotografit\u00eb e m\u00ebposhtme me rezolucion t\u00eb dob\u00ebt jan\u00eb b\u00ebr\u00eb n\u00eb k\u00ebt\u00eb rast. Pasi eci n\u00eb nj\u00eb rrug\u00eb t\u00eb populluar dhe t\u00eb njohur, Kajmaku u fut n\u00eb nj\u00eb bar-kafe\u201d,\u00a0<\/em>shkruan \u201cExit News\u201d.<\/p>\n<p><img data-recalc-dims=\"1\" loading=\"lazy\" decoding=\"async\" data-attachment-id=\"31961\" data-permalink=\"https:\/\/www.shqiperia.com\/blog\/kajmaku-shetit-i-lire-fotografohet-500-metra-nga-drejtoria-e-policise\/kajmaku-1\/\" data-orig-file=\"https:\/\/i0.wp.com\/www.shqiperia.com\/blog\/wp-content\/uploads\/2020\/03\/kajmaku-1.jpg?fit=724%2C535&amp;ssl=1\" data-orig-size=\"724,535\" data-comments-opened=\"1\" data-image-meta=\"{&quot;aperture&quot;:&quot;0&quot;,&quot;credit&quot;:&quot;&quot;,&quot;camera&quot;:&quot;&quot;,&quot;caption&quot;:&quot;&quot;,&quot;created_timestamp&quot;:&quot;0&quot;,&quot;copyright&quot;:&quot;&quot;,&quot;focal_length&quot;:&quot;0&quot;,&quot;iso&quot;:&quot;0&quot;,&quot;shutter_speed&quot;:&quot;0&quot;,&quot;title&quot;:&quot;&quot;,&quot;orientation&quot;:&quot;1&quot;}\" data-image-title=\"kajmaku-1\" data-image-description=\"\" data-image-caption=\"\" data-medium-file=\"https:\/\/i0.wp.com\/www.shqiperia.com\/blog\/wp-content\/uploads\/2020\/03\/kajmaku-1.jpg?fit=300%2C222&amp;ssl=1\" data-large-file=\"https:\/\/i0.wp.com\/www.shqiperia.com\/blog\/wp-content\/uploads\/2020\/03\/kajmaku-1.jpg?fit=724%2C535&amp;ssl=1\" class=\"alignnone  wp-image-31961\" alt=\"\" src=\"https:\/\/i0.wp.com\/www.shqiperia.com\/blog\/wp-content\/uploads\/2020\/03\/kajmaku-1.jpg?resize=690%2C513&#038;ssl=1\" width=\"690\" height=\"513\" srcset=\"https:\/\/i0.wp.com\/www.shqiperia.com\/blog\/wp-content\/uploads\/2020\/03\/kajmaku-1.jpg?resize=300%2C222&amp;ssl=1 300w, https:\/\/i0.wp.com\/www.shqiperia.com\/blog\/wp-content\/uploads\/2020\/03\/kajmaku-1.jpg?resize=400%2C296&amp;ssl=1 400w\" sizes=\"auto, (max-width: 690px) 100vw, 690px\" \/><\/p>\n<p>Ish-kreu i Bashkis\u00eb s\u00eb Vor\u00ebs, Agim Kajmaku \u00ebsht\u00eb n\u00eb k\u00ebrkim q\u00eb prej muajit n\u00ebntor, p\u00ebr em\u00ebrime t\u00eb paligjshme, pasi u zbulua se kishte g\u00ebnjyer n\u00eb formularin e dekriminalizimit.<\/p>\n<p>Ish-kryebashkiaku socialist nuk deklaroi d\u00ebnimin e tij n\u00eb Greqi kur kandidoi n\u00eb zgjedhjet vendore t\u00eb qershorit 2019.<\/p>\n<p>Ai \u00ebsht\u00eb akuzuar gjithashtu p\u00ebr falsifikim t\u00eb vul\u00ebs, falsifikim t\u00eb dokumenteve zyrtare pas dor\u00ebheqjes.<\/p>\n<p><em>j.l.\/ dita<\/em><\/p>\n","protected":false},"excerpt":{"rendered":"<p>Kajmaku sh\u00ebtit i lir\u00eb, fotografohet 500 metra nga Drejtoria e Policis\u00eb 1 mars \u00a02020 Ish-kryebashkiaku n\u00eb arrati i Vor\u00ebs, Agim Kajmaku l\u00ebviz lirsh\u00ebm n\u00eb Tiran\u00eb dhe n\u00eb Vor\u00eb. Sipas \u00a0\u201cExit News\u201d, ai \u00ebsht\u00eb par\u00eb disa her\u00eb duke pir\u00eb kafe n\u00eb Hotel Autostation n\u00eb Vor\u00eb. \u201cKajmaku \u00ebsht\u00eb par\u00eb gjithashtu nj\u00eb nga fundjavat e shkuara duke ecur [&hellip;]<\/p>\n","protected":false},"author":9,"featured_media":31960,"comment_status":"open","ping_status":"open","sticky":false,"template":"","format":"standard","meta":{"jetpack_post_was_ever_published":false,"_jetpack_newsletter_access":"","_jetpack_dont_email_post_to_subs":false,"_jetpack_newsletter_tier_id":0,"_jetpack_memberships_contains_paywalled_content":false,"_jetpack_memberships_contains_paid_content":false,"footnotes":"","jetpack_publicize_message":"","jetpack_publicize_feature_enabled":true,"jetpack_social_post_already_shared":true,"jetpack_social_options":{"image_generator_settings":{"template":"highway","default_image_id":0,"font":"","enabled":false},"version":2}},"categories":[27,14,35],"tags":[],"class_list":["post-31959","post","type-post","status-publish","format-standard","has-post-thumbnail","hentry","category-blogu-i-udhetarit","category-press-releases","category-shoqerore"],"jetpack_publicize_connections":[],"jetpack_featured_media_url":"https:\/\/i0.wp.com\/www.shqiperia.com\/blog\/wp-content\/uploads\/2020\/03\/1573476359_agimkajmakufoto-905x450-1.jpg?fit=905%2C450&ssl=1","jetpack_sharing_enabled":true,"jetpack_shortlink":"https:\/\/wp.me\/p5Z6wp-8jt","jetpack-related-posts":[{"id":58941,"url":"https:\/\/www.shqiperia.com\/blog\/kajmaku-trafikonte-kokaine-ne-itali-gruaja-e-tij-fitonte-tendera-ne-tirane\/","url_meta":{"origin":31959,"position":0},"title":"Kajmaku trafikonte kokain\u00eb n\u00eb Itali, gruaja e tij fitonte tendera n\u00eb Tiran\u00eb","author":"Kurt Farka","date":"June 13, 2022","format":false,"excerpt":"12 Qershor 2022 Ish-kryebashkiaku i Vor\u00ebs, Agim Kajmaku u arrestua n\u00eb Itali me 20 kilogram\u00eb kokain\u00eb. Ishte ky lajmi i bujsh\u00ebm q\u00eb pushtoi mediat k\u00ebt\u00eb fundjav\u00eb. Kajmaku u arrestua n\u00eb korrik t\u00eb 2020-\u00ebs pasi ishte shpallur n\u00eb k\u00ebrkim p\u00ebr falsifikim dokumentesh p\u00ebr shkak t\u00eb urdhrave q\u00eb kishte firmosur pasi u\u2026","rel":"","context":"In &quot;Blogu i Udh\u00ebtarit&quot;","block_context":{"text":"Blogu i Udh\u00ebtarit","link":"https:\/\/www.shqiperia.com\/blog\/category\/blogu-i-udhetarit\/"},"img":{"alt_text":"","src":"https:\/\/i0.wp.com\/www.shqiperia.com\/blog\/wp-content\/uploads\/2022\/06\/Artan-Hoxha-zbulon-kurthin-Si-ia-drodhen-Kajmakut-1.jpg?fit=693%2C387&ssl=1&resize=350%2C200","width":350,"height":200,"srcset":"https:\/\/i0.wp.com\/www.shqiperia.com\/blog\/wp-content\/uploads\/2022\/06\/Artan-Hoxha-zbulon-kurthin-Si-ia-drodhen-Kajmakut-1.jpg?fit=693%2C387&ssl=1&resize=350%2C200 1x, https:\/\/i0.wp.com\/www.shqiperia.com\/blog\/wp-content\/uploads\/2022\/06\/Artan-Hoxha-zbulon-kurthin-Si-ia-drodhen-Kajmakut-1.jpg?fit=693%2C387&ssl=1&resize=525%2C300 1.5x"},"classes":[]},{"id":58897,"url":"https:\/\/www.shqiperia.com\/blog\/arrestohet-ne-itali-ish-kryebashkiaku-i-vores-agim-kajmaku\/","url_meta":{"origin":31959,"position":1},"title":"Arrestohet n\u00eb Itali ish-kryebashkiaku i Vor\u00ebs, Agim Kajmaku","author":"Kurt Farka","date":"June 11, 2022","format":false,"excerpt":"11 Qershor 2022 Kryebashkiaku i Vor\u00ebs, Agim Kajmaku \u00ebsht\u00eb arrestuar nga policia italiane m\u00eb 27 maj t\u00eb 2022 me 20 kg kokain\u00eb. Burime p\u00ebr gazetarin Aldo Kozarja b\u00ebjn\u00eb me dije se Kajmaku \u00ebsht\u00eb arrestuar n\u00eb zon\u00ebn e San Benedeto del Tronto. Kajmaku u zgjodh n\u00eb krye t\u00eb Bashkis\u00eb Vor\u00eb n\u00eb\u2026","rel":"","context":"In &quot;Blogu i Udh\u00ebtarit&quot;","block_context":{"text":"Blogu i Udh\u00ebtarit","link":"https:\/\/www.shqiperia.com\/blog\/category\/blogu-i-udhetarit\/"},"img":{"alt_text":"","src":"https:\/\/i0.wp.com\/www.shqiperia.com\/blog\/wp-content\/uploads\/2022\/06\/Arrestohet-ne-Itali-ish-kryebashkiaku-i-Vores-Agim-Kajmaku.jpg?fit=736%2C417&ssl=1&resize=350%2C200","width":350,"height":200,"srcset":"https:\/\/i0.wp.com\/www.shqiperia.com\/blog\/wp-content\/uploads\/2022\/06\/Arrestohet-ne-Itali-ish-kryebashkiaku-i-Vores-Agim-Kajmaku.jpg?fit=736%2C417&ssl=1&resize=350%2C200 1x, https:\/\/i0.wp.com\/www.shqiperia.com\/blog\/wp-content\/uploads\/2022\/06\/Arrestohet-ne-Itali-ish-kryebashkiaku-i-Vores-Agim-Kajmaku.jpg?fit=736%2C417&ssl=1&resize=525%2C300 1.5x, https:\/\/i0.wp.com\/www.shqiperia.com\/blog\/wp-content\/uploads\/2022\/06\/Arrestohet-ne-Itali-ish-kryebashkiaku-i-Vores-Agim-Kajmaku.jpg?fit=736%2C417&ssl=1&resize=700%2C400 2x"},"classes":[]},{"id":36066,"url":"https:\/\/www.shqiperia.com\/blog\/arrestohet-agim-kajmaku-mjeket-lajmeruan-policine-pas-shtrimit-ne-spital\/","url_meta":{"origin":31959,"position":2},"title":"Arrestohet Agim Kajmaku, mjek\u00ebt lajm\u00ebruan policin\u00eb pas shtrimit n\u00eb spital","author":"Kurt Farka","date":"July 7, 2020","format":false,"excerpt":"Arrestohet Agim Kajmaku, mjek\u00ebt lajm\u00ebruan policin\u00eb pas shtrimit n\u00eb spital Julian Kasapi,\u00a0 07 Korrik 2020\u00a0 Agim Kajmaku, ish-kreu i Bashkis\u00eb s\u00eb Vor\u00ebs, i shpallur n\u00eb k\u00ebrkim q\u00eb prej n\u00ebntorit t\u00eb vitit 2019, u arrestua nga policia. 49-vje\u00e7ari u shtrua n\u00eb nj\u00eb spital privat mbr\u00ebmjen e s\u00eb h\u00ebn\u00ebs pas disa komplikacioneve\u2026","rel":"","context":"In &quot;Njoftime Shtypi&quot;","block_context":{"text":"Njoftime Shtypi","link":"https:\/\/www.shqiperia.com\/blog\/category\/njoftime-shtypi\/"},"img":{"alt_text":"","src":"https:\/\/i0.wp.com\/www.shqiperia.com\/blog\/wp-content\/uploads\/2020\/07\/unnamed.jpg?fit=512%2C289&ssl=1&resize=350%2C200","width":350,"height":200},"classes":[]},{"id":27525,"url":"https:\/\/www.shqiperia.com\/blog\/zeri-i-amerikes-vendimi-i-gjykates-se-janines-nuk-e-shpeton-dot-kryebashkiakun-agim-kajmaku-ligji-qe-e-con-ne-shkarkim-te-menjehershem\/","url_meta":{"origin":31959,"position":3},"title":"Z\u00ebri i Amerik\u00ebs: &#8211; Vendimi i Gjykat\u00ebs s\u00eb Janin\u00ebs nuk e shp\u00ebton dot kryebashkiakun Agim Kajmaku. Ligji q\u00eb e \u00e7on n\u00eb shkarkim t\u00eb menj\u00ebhersh\u00ebm. &#8211;","author":"Kurt Farka","date":"October 30, 2019","format":false,"excerpt":"Z\u00ebri i Amerik\u00ebs: - Vendimi i Gjykat\u00ebs s\u00eb Janin\u00ebs nuk e shp\u00ebton dot kryebashkiakun Agim Kajmaku. Ligji q\u00eb e \u00e7on n\u00eb shkarkim t\u00eb menj\u00ebhersh\u00ebm. - 30 tetor 2019 N\u00eb Shqip\u00ebri Kryetari i Komisionit Q\u00ebndror t\u00eb Zgjedhjeve Klement Zguri njoftoi sot thirrjen p\u00ebr dit\u00ebn e premte t\u00eb mbledhjes p\u00ebr t\u00eb shqyrtuar\u2026","rel":"","context":"In &quot;Njoftime Shtypi&quot;","block_context":{"text":"Njoftime Shtypi","link":"https:\/\/www.shqiperia.com\/blog\/category\/njoftime-shtypi\/"},"img":{"alt_text":"","src":"https:\/\/i0.wp.com\/www.shqiperia.com\/blog\/wp-content\/uploads\/2019\/10\/kajmaku.jpg?fit=775%2C371&ssl=1&resize=350%2C200","width":350,"height":200,"srcset":"https:\/\/i0.wp.com\/www.shqiperia.com\/blog\/wp-content\/uploads\/2019\/10\/kajmaku.jpg?fit=775%2C371&ssl=1&resize=350%2C200 1x, https:\/\/i0.wp.com\/www.shqiperia.com\/blog\/wp-content\/uploads\/2019\/10\/kajmaku.jpg?fit=775%2C371&ssl=1&resize=525%2C300 1.5x, https:\/\/i0.wp.com\/www.shqiperia.com\/blog\/wp-content\/uploads\/2019\/10\/kajmaku.jpg?fit=775%2C371&ssl=1&resize=700%2C400 2x"},"classes":[]},{"id":30518,"url":"https:\/\/www.shqiperia.com\/blog\/agim-kajmaku-ne-arrati-por-merr-tendera-nga-ministria-e-brendshme\/","url_meta":{"origin":31959,"position":4},"title":"Agim Kajmaku n\u00eb arrati, por merr tendera nga Ministria e Brendshme","author":"Kurt Farka","date":"January 20, 2020","format":false,"excerpt":"Agim Kajmaku n\u00eb arrati, por merr tendera nga Ministria e Brendshme 20\/01\/2020 mapo.al Ish-kryebashkiaku i Vor\u00ebs Agim Kamjaku \u00ebsht\u00eb n\u00eb k\u00ebrkim nga policia prej disa muajsh, megjithat\u00eb biznesi i tij familjar vijon t\u00eb funksionoj\u00eb normalisht. Madje ky biznes fiton tender\u00eb t\u00eb prokuruara nga i nj\u00ebjti institucion q\u00eb supozohet se po\u2026","rel":"","context":"In &quot;Blogu i Udh\u00ebtarit&quot;","block_context":{"text":"Blogu i Udh\u00ebtarit","link":"https:\/\/www.shqiperia.com\/blog\/category\/blogu-i-udhetarit\/"},"img":{"alt_text":"","src":"https:\/\/i0.wp.com\/www.shqiperia.com\/blog\/wp-content\/uploads\/2020\/01\/kajmaku-640x631-1.jpg?fit=640%2C317&ssl=1&resize=350%2C200","width":350,"height":200,"srcset":"https:\/\/i0.wp.com\/www.shqiperia.com\/blog\/wp-content\/uploads\/2020\/01\/kajmaku-640x631-1.jpg?fit=640%2C317&ssl=1&resize=350%2C200 1x, https:\/\/i0.wp.com\/www.shqiperia.com\/blog\/wp-content\/uploads\/2020\/01\/kajmaku-640x631-1.jpg?fit=640%2C317&ssl=1&resize=525%2C300 1.5x"},"classes":[]},{"id":58996,"url":"https:\/\/www.shqiperia.com\/blog\/gazetari-ben-deklaraten-ish-kryebashkiaku-i-vores-vjen-nga-klain-i-vangjush-dakos-tipa-qe-vijne-nga-bota-e-krimit-dhe\/","url_meta":{"origin":31959,"position":5},"title":"Gazetari b\u00ebn deklarat\u00ebn: &#8211; Ish-kryebashkiaku i Vor\u00ebs vjen nga klain i Vangjush Dakos, tipa q\u00eb vijn\u00eb nga bota e krimit dhe&#8230;","author":"Kurt Farka","date":"June 13, 2022","format":false,"excerpt":"13 Qershor 2022 \"...gjith\u00eb kjo histori e kryebashkiak\u00ebve me probleme, qoft\u00eb ish-deputet\u00eb me probleme penale, ka lidhje me zgjedhjet e 2013, kur ata q\u00eb jan\u00eb n\u00eb pushtet aktualisht, shkuan me sloganin \u201cAleanc\u00eb dhe me djallin, mjaft t\u00eb shembim Berish\u00ebn\u201d.\" Gazetari Ferdinand Dervishi ka b\u00ebr\u00eb nj\u00eb deklarat\u00eb t\u00eb fort\u00eb mbr\u00ebmjen e\u2026","rel":"","context":"In &quot;Blogu i Udh\u00ebtarit&quot;","block_context":{"text":"Blogu i Udh\u00ebtarit","link":"https:\/\/www.shqiperia.com\/blog\/category\/blogu-i-udhetarit\/"},"img":{"alt_text":"","src":"https:\/\/i0.wp.com\/www.shqiperia.com\/blog\/wp-content\/uploads\/2022\/06\/Ish-kryebashkiaku-i-Vores-vjen-nga-klain-i-Vangjush-Dakos-tipa-qe-vijne-nga-bota-e-krimit-dhe....jpg?fit=800%2C418&ssl=1&resize=350%2C200","width":350,"height":200,"srcset":"https:\/\/i0.wp.com\/www.shqiperia.com\/blog\/wp-content\/uploads\/2022\/06\/Ish-kryebashkiaku-i-Vores-vjen-nga-klain-i-Vangjush-Dakos-tipa-qe-vijne-nga-bota-e-krimit-dhe....jpg?fit=800%2C418&ssl=1&resize=350%2C200 1x, https:\/\/i0.wp.com\/www.shqiperia.com\/blog\/wp-content\/uploads\/2022\/06\/Ish-kryebashkiaku-i-Vores-vjen-nga-klain-i-Vangjush-Dakos-tipa-qe-vijne-nga-bota-e-krimit-dhe....jpg?fit=800%2C418&ssl=1&resize=525%2C300 1.5x, https:\/\/i0.wp.com\/www.shqiperia.com\/blog\/wp-content\/uploads\/2022\/06\/Ish-kryebashkiaku-i-Vores-vjen-nga-klain-i-Vangjush-Dakos-tipa-qe-vijne-nga-bota-e-krimit-dhe....jpg?fit=800%2C418&ssl=1&resize=700%2C400 2x"},"classes":[]}],"_links":{"self":[{"href":"https:\/\/www.shqiperia.com\/blog\/wp-json\/wp\/v2\/posts\/31959","targetHints":{"allow":["GET"]}}],"collection":[{"href":"https:\/\/www.shqiperia.com\/blog\/wp-json\/wp\/v2\/posts"}],"about":[{"href":"https:\/\/www.shqiperia.com\/blog\/wp-json\/wp\/v2\/types\/post"}],"author":[{"embeddable":true,"href":"https:\/\/www.shqiperia.com\/blog\/wp-json\/wp\/v2\/users\/9"}],"replies":[{"embeddable":true,"href":"https:\/\/www.shqiperia.com\/blog\/wp-json\/wp\/v2\/comments?post=31959"}],"version-history":[{"count":1,"href":"https:\/\/www.shqiperia.com\/blog\/wp-json\/wp\/v2\/posts\/31959\/revisions"}],"predecessor-version":[{"id":31962,"href":"https:\/\/www.shqiperia.com\/blog\/wp-json\/wp\/v2\/posts\/31959\/revisions\/31962"}],"wp:featuredmedia":[{"embeddable":true,"href":"https:\/\/www.shqiperia.com\/blog\/wp-json\/wp\/v2\/media\/31960"}],"wp:attachment":[{"href":"https:\/\/www.shqiperia.com\/blog\/wp-json\/wp\/v2\/media?parent=31959"}],"wp:term":[{"taxonomy":"category","embeddable":true,"href":"https:\/\/www.shqiperia.com\/blog\/wp-json\/wp\/v2\/categories?post=31959"},{"taxonomy":"post_tag","embeddable":true,"href":"https:\/\/www.shqiperia.com\/blog\/wp-json\/wp\/v2\/tags?post=31959"}],"curies":[{"name":"wp","href":"https:\/\/api.w.org\/{rel}","templated":true}]}}