{"id":31956,"date":"2020-03-01T14:58:15","date_gmt":"2020-03-01T14:58:15","guid":{"rendered":"https:\/\/www.shqiperia.com\/blog\/?p=31956"},"modified":"2020-03-01T14:58:15","modified_gmt":"2020-03-01T14:58:15","slug":"covid-19-jeton-9-dite-jashte-trupit-por-dezifektantet-dhe-temperaturat-e-larta-mund-ta-vrasin","status":"publish","type":"post","link":"https:\/\/www.shqiperia.com\/blog\/covid-19-jeton-9-dite-jashte-trupit-por-dezifektantet-dhe-temperaturat-e-larta-mund-ta-vrasin\/","title":{"rendered":"Covid-19 jeton 9 dit\u00eb jasht\u00eb trupit, por dezifektant\u00ebt dhe temperaturat e larta mund ta vrasin"},"content":{"rendered":"<p><img data-recalc-dims=\"1\" loading=\"lazy\" decoding=\"async\" data-attachment-id=\"31957\" data-permalink=\"https:\/\/www.shqiperia.com\/blog\/covid-19-jeton-9-dite-jashte-trupit-por-dezifektantet-dhe-temperaturat-e-larta-mund-ta-vrasin\/coronavirus-out-body-850x450-1-905x395\/\" data-orig-file=\"https:\/\/i0.wp.com\/www.shqiperia.com\/blog\/wp-content\/uploads\/2020\/03\/coronavirus-out-body-850x450-1-905x395-1.jpg?fit=905%2C395&amp;ssl=1\" data-orig-size=\"905,395\" data-comments-opened=\"1\" data-image-meta=\"{&quot;aperture&quot;:&quot;0&quot;,&quot;credit&quot;:&quot;&quot;,&quot;camera&quot;:&quot;&quot;,&quot;caption&quot;:&quot;&quot;,&quot;created_timestamp&quot;:&quot;0&quot;,&quot;copyright&quot;:&quot;&quot;,&quot;focal_length&quot;:&quot;0&quot;,&quot;iso&quot;:&quot;0&quot;,&quot;shutter_speed&quot;:&quot;0&quot;,&quot;title&quot;:&quot;&quot;,&quot;orientation&quot;:&quot;0&quot;}\" data-image-title=\"coronavirus-out-body-850&#215;450-1-905&#215;395\" data-image-description=\"\" data-image-caption=\"\" data-medium-file=\"https:\/\/i0.wp.com\/www.shqiperia.com\/blog\/wp-content\/uploads\/2020\/03\/coronavirus-out-body-850x450-1-905x395-1.jpg?fit=300%2C131&amp;ssl=1\" data-large-file=\"https:\/\/i0.wp.com\/www.shqiperia.com\/blog\/wp-content\/uploads\/2020\/03\/coronavirus-out-body-850x450-1-905x395-1.jpg?fit=905%2C395&amp;ssl=1\" class=\"alignnone  wp-image-31957\" alt=\"\" src=\"https:\/\/i0.wp.com\/www.shqiperia.com\/blog\/wp-content\/uploads\/2020\/03\/coronavirus-out-body-850x450-1-905x395-1.jpg?resize=719%2C314&#038;ssl=1\" width=\"719\" height=\"314\" srcset=\"https:\/\/i0.wp.com\/www.shqiperia.com\/blog\/wp-content\/uploads\/2020\/03\/coronavirus-out-body-850x450-1-905x395-1.jpg?resize=300%2C131&amp;ssl=1 300w, https:\/\/i0.wp.com\/www.shqiperia.com\/blog\/wp-content\/uploads\/2020\/03\/coronavirus-out-body-850x450-1-905x395-1.jpg?resize=768%2C335&amp;ssl=1 768w, https:\/\/i0.wp.com\/www.shqiperia.com\/blog\/wp-content\/uploads\/2020\/03\/coronavirus-out-body-850x450-1-905x395-1.jpg?resize=450%2C196&amp;ssl=1 450w, https:\/\/i0.wp.com\/www.shqiperia.com\/blog\/wp-content\/uploads\/2020\/03\/coronavirus-out-body-850x450-1-905x395-1.jpg?resize=600%2C262&amp;ssl=1 600w, https:\/\/i0.wp.com\/www.shqiperia.com\/blog\/wp-content\/uploads\/2020\/03\/coronavirus-out-body-850x450-1-905x395-1.jpg?resize=400%2C175&amp;ssl=1 400w, https:\/\/i0.wp.com\/www.shqiperia.com\/blog\/wp-content\/uploads\/2020\/03\/coronavirus-out-body-850x450-1-905x395-1.jpg?w=905&amp;ssl=1 905w\" sizes=\"auto, (max-width: 719px) 100vw, 719px\" \/><\/p>\n<p><strong>Covid-19 jeton 9 dit\u00eb jasht\u00eb trupit, por dezifektant\u00ebt dhe temperaturat e larta mund ta vrasin<\/strong><\/p>\n<p>1 mars 2020<\/p>\n<p>Koronavirusi Covid-19 mund t\u00eb mbijetoj\u00eb deri n\u00eb 9 dit\u00eb jasht\u00eb trupit.<\/p>\n<p>Nj\u00eb analiz\u00eb e 22 studimeve t\u00eb shkuara t\u00eb viruseve t\u00eb ngjashme me t\u00eb, duke p\u00ebrfshir\u00eb k\u00ebtu SARS-in dhe MERS-in, t\u00eb pubilkuara online k\u00ebt\u00eb muaj n\u00eb \u201cJournal of Hospital Infection\u201d, konkluduan se koronavirusi njer\u00ebzor mund t\u00eb rezistoj\u00eb n\u00eb sip\u00ebrfaqe mjedisore deri n\u00eb n\u00ebnt\u00eb dit\u00eb n\u00eb temperatura t\u00eb ambientit, shkruan Daily Mail.<\/p>\n<p>Sidoqoft\u00eb ai mund t\u00eb eliminohet n\u00eb temperatura t\u00eb larta si dhe duke p\u00ebrdorur dezifektant\u00eb t\u00eb zakonsh\u00ebm, shkruajn\u00eb autor\u00ebt e publikimit. Gjithsesi, nuk \u00ebsht\u00eb e qart\u00eb akoma n\u00ebse koronavirusi i ri ragon n\u00eb m\u00ebnyr\u00eb t\u00eb ngjashme.<\/p>\n<p><em>\u201cN\u00eb bak\u00ebr dhe hekur gjer n\u00eb dy or\u00eb mund t\u00eb rezistoj\u00eb\u201c, shprehet Dr. Robert Redfield, drejtor i Qendr\u00ebs s\u00eb ShBA-s\u00eb p\u00ebr Kontrollin dhe Parandalimin e S\u00ebmundjeve (CDC). \u201cNd\u00ebrsa n\u00eb sip\u00ebrfaqe t\u00eb tjera si plastike dhe karton, mund t\u00eb jetoj\u00eb m\u00eb shum\u00eb\u201d,<\/em>\u00a0shton ai.<\/p>\n<p>Bazuar n\u00eb \u00e7far\u00eb dihet mbi koronaviruset e zakonsh\u00ebm, ekspert\u00ebt e s\u00ebmundjeve thon\u00eb se p\u00ebrhapja e virusit COVID-19 p\u00ebrhapet p\u00ebrmes kollitjes apo teshtim\u00ebs si dhe kontaktit me jasht\u00ebqitjen e nj\u00eb individi t\u00eb infektuar.<\/p>\n<p>Gjer k\u00ebt\u00eb t\u00eb premte ka pasur 84,128 raste me koronavirus dhe 2,875 vdekje.<\/p>\n<p>Q\u00ebndra e ShBA-s\u00eb p\u00ebr Kontrollin dhe Parandalimin e S\u00ebmundjeve thot\u00eb se mund t\u00eb jet\u00eb e mundur p\u00ebr nj\u00eb person t\u00eb infektohet nga koronavirusi i ri n\u00ebse ai prek nj\u00eb sip\u00ebrfaqe apo objekt q\u00eb ka virusin e m\u00eb pas prek goj\u00ebn, hund\u00ebn apo syt\u00eb.<\/p>\n<p>CDC shprehet se ka risk t\u00eb ul\u00ebt t\u00eb p\u00ebrhapjes s\u00eb produkteve apo paketimeve q\u00eb transportohen p\u00ebrgjat\u00eb disa dit\u00ebve apo jav\u00ebve n\u00eb temperatura ambienti. Kjo agjenci po eksperimenton tashm\u00eb se sa ngjit\u00ebs mund t\u00eb jet\u00eb virusi kur depozitohet n\u00eb sip\u00ebrfaqe t\u00eb zakonshme.<\/p>\n<p>Administrata e Ushqimit dhe Ila\u00e7eve n\u00eb ShBA (Food and Drug Administration) k\u00ebt\u00eb jav\u00eb u shpreh se nuk ka evidenca q\u00eb Covid-19 \u00ebsht\u00eb transmetuar nga produktet e importuara, por situata q\u00ebndron dinamike dhe agjencia shprehet se do t\u00eb vler\u00ebsoj\u00eb e p\u00ebrdit\u00ebsoj\u00eb udh\u00ebzimet e saj.<\/p>\n<p><em>\u201cMesazhi i r\u00ebnd\u00ebsish\u00ebm \u00ebsht\u00eb se probabiliteti \u00ebsht\u00eb i ul\u00ebt q\u00eb ky virusi t\u00eb transmetohet p\u00ebrmes sip\u00ebrfaqeve mjedisore. Shumica e k\u00ebtyre viruseve nuk jetojn\u00eb p\u00ebr nj\u00eb koh\u00eb t\u00eb gjat\u00eb n\u00eb ambient t\u00eb hapur\u201d,<\/em>\u00a0shprehet Dr. Timothy Brewer, profesor i epidemologjis\u00eb dhe mjek\u00ebsis\u00eb n\u00eb Universitetin e Kalifornis\u00eb n\u00eb Los Angeles.<\/p>\n<p>Brewer shpjegon se viruse t\u00eb k\u00ebtilla rezistojn\u00eb m\u00eb s\u00eb shumti n\u00eb temperatura t\u00eb ulta dhe ambiente me lag\u00ebshti t\u00eb ul\u00ebt.<\/p>\n<p>E kjo \u00ebsht\u00eb arsyeja sipas tij se pse ne shohim shum\u00eb viruse t\u00eb p\u00ebrhapen n\u00eb dim\u00ebr.<\/p>\n<p><em>j.l.\/ dita<\/em><\/p>\n","protected":false},"excerpt":{"rendered":"<p>Covid-19 jeton 9 dit\u00eb jasht\u00eb trupit, por dezifektant\u00ebt dhe temperaturat e larta mund ta vrasin 1 mars 2020 Koronavirusi Covid-19 mund t\u00eb mbijetoj\u00eb deri n\u00eb 9 dit\u00eb jasht\u00eb trupit. Nj\u00eb analiz\u00eb e 22 studimeve t\u00eb shkuara t\u00eb viruseve t\u00eb ngjashme me t\u00eb, duke p\u00ebrfshir\u00eb k\u00ebtu SARS-in dhe MERS-in, t\u00eb pubilkuara online k\u00ebt\u00eb muaj n\u00eb \u201cJournal [&hellip;]<\/p>\n","protected":false},"author":9,"featured_media":31957,"comment_status":"open","ping_status":"open","sticky":false,"template":"","format":"standard","meta":{"jetpack_post_was_ever_published":false,"_jetpack_newsletter_access":"","_jetpack_dont_email_post_to_subs":false,"_jetpack_newsletter_tier_id":0,"_jetpack_memberships_contains_paywalled_content":false,"_jetpack_memberships_contains_paid_content":false,"footnotes":"","jetpack_publicize_message":"","jetpack_publicize_feature_enabled":true,"jetpack_social_post_already_shared":true,"jetpack_social_options":{"image_generator_settings":{"template":"highway","default_image_id":0,"font":"","enabled":false},"version":2}},"categories":[27,35],"tags":[],"class_list":["post-31956","post","type-post","status-publish","format-standard","has-post-thumbnail","hentry","category-blogu-i-udhetarit","category-shoqerore"],"jetpack_publicize_connections":[],"jetpack_featured_media_url":"https:\/\/i0.wp.com\/www.shqiperia.com\/blog\/wp-content\/uploads\/2020\/03\/coronavirus-out-body-850x450-1-905x395-1.jpg?fit=905%2C395&ssl=1","jetpack_sharing_enabled":true,"jetpack_shortlink":"https:\/\/wp.me\/p5Z6wp-8jq","jetpack-related-posts":[{"id":81947,"url":"https:\/\/www.shqiperia.com\/blog\/nga-sot-temperatura-perveluese-ne-shqiperi-ekspertet-ngrene-alarmin\/","url_meta":{"origin":31956,"position":0},"title":"Nga sot, temperatura p\u00ebrv\u00ebluese n\u00eb Shqip\u00ebri, ekspert\u00ebt ngren\u00eb alarmin","author":"Kurt Farka","date":"June 18, 2024","format":false,"excerpt":"18 Qershor 2024 Jemi n\u00eb muajin Qershor dhe temperaturat n\u00eb Shqip\u00ebri dhe n\u00eb shum\u00eb vende t\u00eb bot\u00ebs kan\u00eb sh\u00ebnuar rritje ekstreme. Me temperaturat n\u00eb rritje t\u00eb ver\u00ebs, \u00e7far\u00eb duhet t\u00eb din\u00eb njer\u00ebzit p\u00ebr gjendjen e rrezikshme t\u00eb goditjes nga nxeht\u00ebsia? Cilat jan\u00eb simptomat dhe si mund t\u00eb dallojn\u00eb t\u00eb tjer\u00ebt\u2026","rel":"","context":"In &quot;Blogu i Udh\u00ebtarit&quot;","block_context":{"text":"Blogu i Udh\u00ebtarit","link":"https:\/\/www.shqiperia.com\/blog\/category\/blogu-i-udhetarit\/"},"img":{"alt_text":"","src":"https:\/\/i0.wp.com\/www.shqiperia.com\/blog\/wp-content\/uploads\/2024\/06\/800-0-c578c5fff882c160a3a66c0f10878d9b-1.jpg?fit=800%2C487&ssl=1&resize=350%2C200","width":350,"height":200,"srcset":"https:\/\/i0.wp.com\/www.shqiperia.com\/blog\/wp-content\/uploads\/2024\/06\/800-0-c578c5fff882c160a3a66c0f10878d9b-1.jpg?fit=800%2C487&ssl=1&resize=350%2C200 1x, https:\/\/i0.wp.com\/www.shqiperia.com\/blog\/wp-content\/uploads\/2024\/06\/800-0-c578c5fff882c160a3a66c0f10878d9b-1.jpg?fit=800%2C487&ssl=1&resize=525%2C300 1.5x, https:\/\/i0.wp.com\/www.shqiperia.com\/blog\/wp-content\/uploads\/2024\/06\/800-0-c578c5fff882c160a3a66c0f10878d9b-1.jpg?fit=800%2C487&ssl=1&resize=700%2C400 2x"},"classes":[]},{"id":36364,"url":"https:\/\/www.shqiperia.com\/blog\/kerkuesit-izraelite-ilaci-kunder-kolesterolit-neutralizon-per-pese-dite-covid-19\/","url_meta":{"origin":31956,"position":1},"title":"K\u00ebrkuesit izraelit\u00eb: &#8211; Ila\u00e7i kund\u00ebr kolesterolit, neutralizon p\u00ebr pes\u00eb dit\u00eb CoVid-19","author":"Kurt Farka","date":"July 16, 2020","format":false,"excerpt":"K\u00ebrkuesit izraelit\u00eb: - Ila\u00e7i kund\u00ebr kolesterolit, neutralizon p\u00ebr pes\u00eb dit\u00eb CoVid-19 16 korrik 2020 Nj\u00eb tjet\u00ebr medikament ekzistues raportohet se jep efekte shum\u00eb pozitive n\u00eb luft\u00ebn ndaj CoVid-19. K\u00ebrkues t\u00eb universitetit hebraik n\u00eb Jeruzalem dhe Qendr\u00ebs Mjek\u00ebsore Mali i Sinait n\u00eb Izrael deklarojn\u00eb se nj\u00eb barn\u00eb q\u00eb p\u00ebrdoret kund\u00ebr niveleve\u2026","rel":"","context":"In &quot;Blogu i Udh\u00ebtarit&quot;","block_context":{"text":"Blogu i Udh\u00ebtarit","link":"https:\/\/www.shqiperia.com\/blog\/category\/blogu-i-udhetarit\/"},"img":{"alt_text":"","src":"https:\/\/i0.wp.com\/www.shqiperia.com\/blog\/wp-content\/uploads\/2020\/07\/vaksine-905x450-1.jpg?fit=905%2C450&ssl=1&resize=350%2C200","width":350,"height":200,"srcset":"https:\/\/i0.wp.com\/www.shqiperia.com\/blog\/wp-content\/uploads\/2020\/07\/vaksine-905x450-1.jpg?fit=905%2C450&ssl=1&resize=350%2C200 1x, https:\/\/i0.wp.com\/www.shqiperia.com\/blog\/wp-content\/uploads\/2020\/07\/vaksine-905x450-1.jpg?fit=905%2C450&ssl=1&resize=525%2C300 1.5x, https:\/\/i0.wp.com\/www.shqiperia.com\/blog\/wp-content\/uploads\/2020\/07\/vaksine-905x450-1.jpg?fit=905%2C450&ssl=1&resize=700%2C400 2x"},"classes":[]},{"id":98459,"url":"https:\/\/www.shqiperia.com\/blog\/vala-ekstreme-e-te-nxehtit-godet-vendin-temperatura-rekord-ne-mes-te-marsit\/","url_meta":{"origin":31956,"position":2},"title":"Vala ekstreme e t\u00eb nxehtit godet vendin\/ Temperatura rekord, n\u00eb mes t\u00eb marsit","author":"Kurt Farka","date":"March 17, 2026","format":false,"excerpt":"17 Mars 2026 Nj\u00eb val\u00eb e pazakont\u00eb dhe e fort\u00eb t\u00eb nxehti ka p\u00ebrfshir\u00eb jugper\u00ebndimin e Shtetet e Bashkuara t\u00eb Amerik\u00ebs, duke sjell\u00eb temperatura tipike p\u00ebr fillimin e ver\u00ebs n\u00eb nj\u00eb periudh\u00eb kur vendi ndodhet ende n\u00eb mes t\u00eb marsit. Sipas Sh\u00ebrbimit Komb\u00ebtar t\u00eb Motit, n\u00eb Phoenix temperaturat mund t\u00eb\u2026","rel":"","context":"In &quot;Blogu i Udh\u00ebtarit&quot;","block_context":{"text":"Blogu i Udh\u00ebtarit","link":"https:\/\/www.shqiperia.com\/blog\/category\/blogu-i-udhetarit\/"},"img":{"alt_text":"","src":"https:\/\/i0.wp.com\/www.shqiperia.com\/blog\/wp-content\/uploads\/2026\/03\/nxehte.jpg?fit=780%2C439&ssl=1&resize=350%2C200","width":350,"height":200,"srcset":"https:\/\/i0.wp.com\/www.shqiperia.com\/blog\/wp-content\/uploads\/2026\/03\/nxehte.jpg?fit=780%2C439&ssl=1&resize=350%2C200 1x, https:\/\/i0.wp.com\/www.shqiperia.com\/blog\/wp-content\/uploads\/2026\/03\/nxehte.jpg?fit=780%2C439&ssl=1&resize=525%2C300 1.5x, https:\/\/i0.wp.com\/www.shqiperia.com\/blog\/wp-content\/uploads\/2026\/03\/nxehte.jpg?fit=780%2C439&ssl=1&resize=700%2C400 2x"},"classes":[]},{"id":82874,"url":"https:\/\/www.shqiperia.com\/blog\/temperaturat-e-larta-pasoja-ne-shendetin-mendor-mjeket-rritet-agresiviteti-dhe-sjelljet-vetevrasese\/","url_meta":{"origin":31956,"position":3},"title":"Temperaturat e larta, pasoja n\u00eb sh\u00ebndetin mendor, mjek\u00ebt: &#8211; Rritet agresiviteti dhe sjelljet vet\u00ebvras\u00ebse","author":"Kurt Farka","date":"July 18, 2024","format":false,"excerpt":"18 Korrik 2024 Askush nuk \u00ebsht\u00eb imun, t\u00eb gjith\u00eb jan\u00eb t\u00eb rrezikuar nga problemet e sh\u00ebndetit p\u00ebr shkak t\u00eb temperaturave t\u00eb larta. K\u00ebshtu u shpreh neurologia Ereida Raklli, sipas t\u00eb cil\u00ebs, temperaturat e larta \u00e7orientojn\u00eb neurotransmetuesit n\u00eb sistemin nervor dhe p\u00ebr pasojn\u00eb rrisin nivelin e ankthit dhe depresionit. \u201cTemperaturat si\u2026","rel":"","context":"In &quot;Blogu i Udh\u00ebtarit&quot;","block_context":{"text":"Blogu i Udh\u00ebtarit","link":"https:\/\/www.shqiperia.com\/blog\/category\/blogu-i-udhetarit\/"},"img":{"alt_text":"","src":"https:\/\/i0.wp.com\/www.shqiperia.com\/blog\/wp-content\/uploads\/2024\/07\/IMG-20240621-WA0025-1.jpg?fit=1200%2C702&ssl=1&resize=350%2C200","width":350,"height":200,"srcset":"https:\/\/i0.wp.com\/www.shqiperia.com\/blog\/wp-content\/uploads\/2024\/07\/IMG-20240621-WA0025-1.jpg?fit=1200%2C702&ssl=1&resize=350%2C200 1x, https:\/\/i0.wp.com\/www.shqiperia.com\/blog\/wp-content\/uploads\/2024\/07\/IMG-20240621-WA0025-1.jpg?fit=1200%2C702&ssl=1&resize=525%2C300 1.5x, https:\/\/i0.wp.com\/www.shqiperia.com\/blog\/wp-content\/uploads\/2024\/07\/IMG-20240621-WA0025-1.jpg?fit=1200%2C702&ssl=1&resize=700%2C400 2x, https:\/\/i0.wp.com\/www.shqiperia.com\/blog\/wp-content\/uploads\/2024\/07\/IMG-20240621-WA0025-1.jpg?fit=1200%2C702&ssl=1&resize=1050%2C600 3x"},"classes":[]},{"id":37285,"url":"https:\/\/www.shqiperia.com\/blog\/zbulohet-origjina-e-virusit-ja-ku-u-shfaq-per-here-te-pare-koronavirusi-ne-vitin-2012\/","url_meta":{"origin":31956,"position":4},"title":"Zbulohet origjina e virusit? &#8211; Ja ku u shfaq p\u00ebr her\u00eb t\u00eb par\u00eb koronavirusi n\u00eb vitin 2012","author":"Kurt Farka","date":"August 17, 2020","format":false,"excerpt":"Zbulohet origjina e virusit? - Ja ku u shfaq p\u00ebr her\u00eb t\u00eb par\u00eb koronavirusi n\u00eb vitin 2012 16 gusht 2020 Koronavirusi i ri u shfaq p\u00ebr her\u00eb t\u00eb par\u00eb tek minator\u00ebt kinez\u00eb n\u00eb vitin 2012 dhe mund t\u00eb mos ket\u00eb ardhur nga tregu Wuhan, thon\u00eb shkenc\u00ebtar\u00ebt. Covid-19 mund ta ket\u00eb\u2026","rel":"","context":"In &quot;Blogu i Udh\u00ebtarit&quot;","block_context":{"text":"Blogu i Udh\u00ebtarit","link":"https:\/\/www.shqiperia.com\/blog\/category\/blogu-i-udhetarit\/"},"img":{"alt_text":"","src":"https:\/\/i0.wp.com\/www.shqiperia.com\/blog\/wp-content\/uploads\/2020\/08\/lakuriqi-780x439-1.jpg?fit=780%2C439&ssl=1&resize=350%2C200","width":350,"height":200,"srcset":"https:\/\/i0.wp.com\/www.shqiperia.com\/blog\/wp-content\/uploads\/2020\/08\/lakuriqi-780x439-1.jpg?fit=780%2C439&ssl=1&resize=350%2C200 1x, https:\/\/i0.wp.com\/www.shqiperia.com\/blog\/wp-content\/uploads\/2020\/08\/lakuriqi-780x439-1.jpg?fit=780%2C439&ssl=1&resize=525%2C300 1.5x, https:\/\/i0.wp.com\/www.shqiperia.com\/blog\/wp-content\/uploads\/2020\/08\/lakuriqi-780x439-1.jpg?fit=780%2C439&ssl=1&resize=700%2C400 2x"},"classes":[]},{"id":33432,"url":"https:\/\/www.shqiperia.com\/blog\/perhapja-dhe-infektimi-cfare-zbuluan-shkencetaret-amerikane-ne-vatren-ku-lindi-koronavirusi\/","url_meta":{"origin":31956,"position":5},"title":"P\u00ebrhapja dhe infektimi, \u00e7far\u00eb zbuluan shkenc\u00ebtar\u00ebt amerikan\u00eb n\u00eb vatr\u00ebn ku lindi koronavirusi?","author":"Kurt Farka","date":"April 14, 2020","format":false,"excerpt":"P\u00ebrhapja dhe infektimi, \u00e7far\u00eb zbuluan shkenc\u00ebtar\u00ebt amerikan\u00eb n\u00eb vatr\u00ebn ku lindi koronavirusi? 13 Prill 2020 Koronavirusi mund t\u00eb p\u00ebrhapet dy her\u00eb m\u00eb shpejt nga sa kishin besuar m\u00eb m\u00eb par\u00eb, kan\u00eb zbuluar studiuesit. Virusi u zbulua p\u00ebr her\u00eb t\u00eb par\u00eb n\u00eb Wuhan, Kin\u00eb, n\u00eb dhjetor 2019 p\u00ebrpara se t\u00eb p\u00ebrhapej\u2026","rel":"","context":"In &quot;Blogu i Udh\u00ebtarit&quot;","block_context":{"text":"Blogu i Udh\u00ebtarit","link":"https:\/\/www.shqiperia.com\/blog\/category\/blogu-i-udhetarit\/"},"img":{"alt_text":"","src":"https:\/\/i0.wp.com\/www.shqiperia.com\/blog\/wp-content\/uploads\/2020\/04\/GettyImages_1209479965.0-1024x683-1.jpg?fit=1024%2C683&ssl=1&resize=350%2C200","width":350,"height":200,"srcset":"https:\/\/i0.wp.com\/www.shqiperia.com\/blog\/wp-content\/uploads\/2020\/04\/GettyImages_1209479965.0-1024x683-1.jpg?fit=1024%2C683&ssl=1&resize=350%2C200 1x, https:\/\/i0.wp.com\/www.shqiperia.com\/blog\/wp-content\/uploads\/2020\/04\/GettyImages_1209479965.0-1024x683-1.jpg?fit=1024%2C683&ssl=1&resize=525%2C300 1.5x, https:\/\/i0.wp.com\/www.shqiperia.com\/blog\/wp-content\/uploads\/2020\/04\/GettyImages_1209479965.0-1024x683-1.jpg?fit=1024%2C683&ssl=1&resize=700%2C400 2x"},"classes":[]}],"_links":{"self":[{"href":"https:\/\/www.shqiperia.com\/blog\/wp-json\/wp\/v2\/posts\/31956","targetHints":{"allow":["GET"]}}],"collection":[{"href":"https:\/\/www.shqiperia.com\/blog\/wp-json\/wp\/v2\/posts"}],"about":[{"href":"https:\/\/www.shqiperia.com\/blog\/wp-json\/wp\/v2\/types\/post"}],"author":[{"embeddable":true,"href":"https:\/\/www.shqiperia.com\/blog\/wp-json\/wp\/v2\/users\/9"}],"replies":[{"embeddable":true,"href":"https:\/\/www.shqiperia.com\/blog\/wp-json\/wp\/v2\/comments?post=31956"}],"version-history":[{"count":1,"href":"https:\/\/www.shqiperia.com\/blog\/wp-json\/wp\/v2\/posts\/31956\/revisions"}],"predecessor-version":[{"id":31958,"href":"https:\/\/www.shqiperia.com\/blog\/wp-json\/wp\/v2\/posts\/31956\/revisions\/31958"}],"wp:featuredmedia":[{"embeddable":true,"href":"https:\/\/www.shqiperia.com\/blog\/wp-json\/wp\/v2\/media\/31957"}],"wp:attachment":[{"href":"https:\/\/www.shqiperia.com\/blog\/wp-json\/wp\/v2\/media?parent=31956"}],"wp:term":[{"taxonomy":"category","embeddable":true,"href":"https:\/\/www.shqiperia.com\/blog\/wp-json\/wp\/v2\/categories?post=31956"},{"taxonomy":"post_tag","embeddable":true,"href":"https:\/\/www.shqiperia.com\/blog\/wp-json\/wp\/v2\/tags?post=31956"}],"curies":[{"name":"wp","href":"https:\/\/api.w.org\/{rel}","templated":true}]}}