{"id":31953,"date":"2020-03-01T14:21:00","date_gmt":"2020-03-01T14:21:00","guid":{"rendered":"https:\/\/www.shqiperia.com\/blog\/?p=31953"},"modified":"2020-03-01T14:21:00","modified_gmt":"2020-03-01T14:21:00","slug":"pajtim-cfare-thote-nje-raport-i-okb-per-shqiptaret-dhe-serbet","status":"publish","type":"post","link":"https:\/\/www.shqiperia.com\/blog\/pajtim-cfare-thote-nje-raport-i-okb-per-shqiptaret-dhe-serbet\/","title":{"rendered":"Pajtim? \u00c7far\u00eb thot\u00eb nj\u00eb raport i OKB p\u00ebr shqiptar\u00ebt dhe serb\u00ebt"},"content":{"rendered":"<p><img data-recalc-dims=\"1\" loading=\"lazy\" decoding=\"async\" data-attachment-id=\"31954\" data-permalink=\"https:\/\/www.shqiperia.com\/blog\/pajtim-cfare-thote-nje-raport-i-okb-per-shqiptaret-dhe-serbet\/ogrk47pnb9o21-905x450\/\" data-orig-file=\"https:\/\/i0.wp.com\/www.shqiperia.com\/blog\/wp-content\/uploads\/2020\/03\/ogrk47pnb9o21-905x450-1.jpg?fit=905%2C450&amp;ssl=1\" data-orig-size=\"905,450\" data-comments-opened=\"1\" data-image-meta=\"{&quot;aperture&quot;:&quot;0&quot;,&quot;credit&quot;:&quot;&quot;,&quot;camera&quot;:&quot;&quot;,&quot;caption&quot;:&quot;&quot;,&quot;created_timestamp&quot;:&quot;0&quot;,&quot;copyright&quot;:&quot;&quot;,&quot;focal_length&quot;:&quot;0&quot;,&quot;iso&quot;:&quot;0&quot;,&quot;shutter_speed&quot;:&quot;0&quot;,&quot;title&quot;:&quot;&quot;,&quot;orientation&quot;:&quot;0&quot;}\" data-image-title=\"ogrk47pnb9o21-905&#215;450\" data-image-description=\"\" data-image-caption=\"\" data-medium-file=\"https:\/\/i0.wp.com\/www.shqiperia.com\/blog\/wp-content\/uploads\/2020\/03\/ogrk47pnb9o21-905x450-1.jpg?fit=300%2C149&amp;ssl=1\" data-large-file=\"https:\/\/i0.wp.com\/www.shqiperia.com\/blog\/wp-content\/uploads\/2020\/03\/ogrk47pnb9o21-905x450-1.jpg?fit=905%2C450&amp;ssl=1\" class=\"alignnone  wp-image-31954\" alt=\"\" src=\"https:\/\/i0.wp.com\/www.shqiperia.com\/blog\/wp-content\/uploads\/2020\/03\/ogrk47pnb9o21-905x450-1.jpg?resize=717%2C356&#038;ssl=1\" width=\"717\" height=\"356\" srcset=\"https:\/\/i0.wp.com\/www.shqiperia.com\/blog\/wp-content\/uploads\/2020\/03\/ogrk47pnb9o21-905x450-1.jpg?resize=300%2C149&amp;ssl=1 300w, https:\/\/i0.wp.com\/www.shqiperia.com\/blog\/wp-content\/uploads\/2020\/03\/ogrk47pnb9o21-905x450-1.jpg?resize=768%2C382&amp;ssl=1 768w, https:\/\/i0.wp.com\/www.shqiperia.com\/blog\/wp-content\/uploads\/2020\/03\/ogrk47pnb9o21-905x450-1.jpg?resize=450%2C224&amp;ssl=1 450w, https:\/\/i0.wp.com\/www.shqiperia.com\/blog\/wp-content\/uploads\/2020\/03\/ogrk47pnb9o21-905x450-1.jpg?resize=600%2C298&amp;ssl=1 600w, https:\/\/i0.wp.com\/www.shqiperia.com\/blog\/wp-content\/uploads\/2020\/03\/ogrk47pnb9o21-905x450-1.jpg?resize=400%2C199&amp;ssl=1 400w, https:\/\/i0.wp.com\/www.shqiperia.com\/blog\/wp-content\/uploads\/2020\/03\/ogrk47pnb9o21-905x450-1.jpg?w=905&amp;ssl=1 905w\" sizes=\"auto, (max-width: 717px) 100vw, 717px\" \/><\/p>\n<p><strong>Pajtim? \u00c7far\u00eb thot\u00eb nj\u00eb raport i OKB p\u00ebr shqiptar\u00ebt dhe serb\u00ebt<\/strong><\/p>\n<p>14 shkurt \u00a02020<\/p>\n<p>Nj\u00eb raport i Programit p\u00ebr Zhvillim t\u00eb Kombeve t\u00eb Bashkuara, v\u00eb n\u00eb pah q\u00eb 79 p\u00ebr qind e shqiptar\u00ebve t\u00eb anketuar besojn\u00eb deri diku se pajtimi nd\u00ebretnik \u00ebsht\u00eb i mundsh\u00ebm, nd\u00ebrsa vet\u00ebm 47 p\u00ebr qind e serb\u00ebve e besojn\u00eb nj\u00eb gj\u00eb t\u00eb till\u00eb.<\/p>\n<p>Sipas anketimit t\u00eb kryer p\u00ebrgjat\u00eb vitit 2019, mbi 60 p\u00ebr qind e shqiptar\u00ebve dhe serb\u00ebve n\u00eb Kosov\u00eb thon\u00eb se marr\u00ebdh\u00ebniet n\u00eb mes t\u00eb dy komuniteteve vazhdojn\u00eb t\u00eb jen\u00eb t\u00eb tensionuara edhe 20 vjet pas p\u00ebrfundimit t\u00eb luft\u00ebs, nd\u00ebrsa pajtimin e shohin si di\u00e7ka t\u00eb domosdoshme rreth 88 p\u00ebr qind prej tyre.<\/p>\n<p>Me t\u00eb vetmin p\u00ebrjashtim n\u00eb Mitrovic\u00ebn e Veriut ku 60 p\u00ebr qind e banor\u00ebve nuk e shohin pajtimin si t\u00eb nevojsh\u00ebm.<\/p>\n<p>Sipas rezultateve nga anketa me titull \u201cPajtimi dhe bashk\u00ebjetesa n\u00eb Kosov\u00eb, perceptimet e komuniteteve etnike\u201d, 41 p\u00ebr qind e serb\u00ebve besojn\u00eb se arsyeja kryesore e tensioneve \u00ebsht\u00eb mungesa e p\u00ebrpjekjeve nga shqiptar\u00ebt sa i p\u00ebrket integrimit t\u00eb tyre n\u00eb shoq\u00ebrin\u00eb e Kosov\u00ebs, nd\u00ebrsa vet\u00ebm 3 p\u00ebr qind e shqiptar\u00ebve e besojn\u00eb t\u00eb nj\u00ebjt\u00ebn.<\/p>\n<p>Shqiptar\u00ebt kan\u00eb m\u00eb shum\u00eb gjasa t\u00eb flasin p\u00ebr ndikimin e Beogradit, rreth 30 p\u00ebr qind, q\u00ebndrimin e lider\u00ebve serb\u00eb rreth 24 p\u00ebr qind ose mosgatishm\u00ebrin\u00eb e vet serb\u00ebve p\u00ebr t\u2019u integruar rreth 26 p\u00ebr qind, si shkaqet kryesore t\u00eb marr\u00ebdh\u00ebnieve t\u00eb tensionuara nd\u00ebretnike.<\/p>\n<p>P\u00ebrfaq\u00ebsuesja e p\u00ebrhershme e Programit t\u00eb Kombeve t\u00eb Bashkuara n\u00eb Kosov\u00eb, Maria Suoko, tha se k\u00ebrkohet komunikim m\u00eb i madh n\u00eb mes t\u00eb dy komuniteteve p\u00ebr ta kuptuar dhe pranuar nj\u00ebri tjetrin.<\/p>\n<p>\u201cNj\u00eb penges\u00eb t\u00eb cil\u00ebn ne duhet t\u00eb ndihmojm\u00eb q\u00eb t\u00eb tejkalohet \u00ebsht\u00eb pengesa e gjuh\u00ebs. T\u00eb rinjt\u00eb n\u00eb Kosov\u00eb nuk e flasin gjuh\u00ebn e nj\u00ebri tjetrit, dhe derisa gjuha angleze p\u00ebrdoret si gjuh\u00eb e p\u00ebrbashk\u00ebt, mos komunikimi n\u00eb gjuh\u00ebn e nj\u00ebri tjetrit \u00ebsht\u00eb nj\u00eb penges\u00eb\u201d, tha ajo.<\/p>\n<p>Sipas t\u00eb gjeturave t\u00eb k\u00ebtij raporti vet\u00ebm 5.2 p\u00ebr qind e shqiptar\u00ebve dhe vet\u00ebm 1.4 p\u00ebr qind e serb\u00ebve t\u00eb Kosov\u00ebs vler\u00ebsojn\u00eb se marr\u00ebdh\u00ebniet n\u00eb mes t\u00eb t\u00eb dyja pal\u00ebve nuk jan\u00eb aspak t\u00eb tensionuara.<\/p>\n<p>Nd\u00ebrsa rreth 70 p\u00ebr qind e tyre e shohin si t\u00eb r\u00ebnd\u00ebsish\u00ebm p\u00ebrfshirjen e komunitetit nd\u00ebrkomb\u00ebtar n\u00eb procesin e pajtimit n\u00eb mes tyre.<\/p>\n<p>Christina Davis, nga Agjencia p\u00ebr Zhvillim Nd\u00ebrkomb\u00ebtar\u00eb e Shteteve t\u00eb Bashkuara n\u00eb Kosov\u00eb, e vler\u00ebsoi si shqet\u00ebsuese nevoj\u00ebn p\u00ebr p\u00ebrfshirjen e faktorit nd\u00ebrkomb\u00ebtar.<\/p>\n<p>\u201cDerisa ndihma nd\u00ebrkomb\u00ebtare mund t\u00eb ndihmoj\u00eb n\u00eb krijimin e mund\u00ebsive p\u00ebr komunikim nd\u00ebretnik, m\u00eb duket mjaft shqet\u00ebsuese q\u00eb 78 p\u00ebr qind e t\u00eb anketuarve e shohin ende p\u00ebrfshirjen e komunitetit nd\u00ebrkomb\u00ebtar si shum\u00eb t\u00eb r\u00ebnd\u00ebsishme. Kjo mund t\u00eb tregoj\u00eb se Kosova \u00ebsht\u00eb ende shum\u00eb e varur nga komuniteti nd\u00ebrkomb\u00ebtar p\u00ebr t\u00eb arritur pajtimin. Pajtimi fillon me individ\u00ebt\u201d, tha ajo.<\/p>\n<p>Nd\u00ebrkaq m\u00eb shum\u00eb se 50 p\u00ebr qind e shqiptar\u00ebve besojn\u00eb se pajtimi n\u00ebnkupton edhe k\u00ebrkim faljen, derisa vet\u00ebm 14 p\u00ebr qind e serb\u00ebve pajtohen me nj\u00eb gj\u00eb t\u00eb till\u00eb.<\/p>\n<p>l.h\/ dita<\/p>\n","protected":false},"excerpt":{"rendered":"<p>Pajtim? \u00c7far\u00eb thot\u00eb nj\u00eb raport i OKB p\u00ebr shqiptar\u00ebt dhe serb\u00ebt 14 shkurt \u00a02020 Nj\u00eb raport i Programit p\u00ebr Zhvillim t\u00eb Kombeve t\u00eb Bashkuara, v\u00eb n\u00eb pah q\u00eb 79 p\u00ebr qind e shqiptar\u00ebve t\u00eb anketuar besojn\u00eb deri diku se pajtimi nd\u00ebretnik \u00ebsht\u00eb i mundsh\u00ebm, nd\u00ebrsa vet\u00ebm 47 p\u00ebr qind e serb\u00ebve e besojn\u00eb nj\u00eb gj\u00eb [&hellip;]<\/p>\n","protected":false},"author":9,"featured_media":31954,"comment_status":"open","ping_status":"open","sticky":false,"template":"","format":"standard","meta":{"jetpack_post_was_ever_published":false,"_jetpack_newsletter_access":"","_jetpack_dont_email_post_to_subs":false,"_jetpack_newsletter_tier_id":0,"_jetpack_memberships_contains_paywalled_content":false,"_jetpack_memberships_contains_paid_content":false,"footnotes":"","jetpack_publicize_message":"","jetpack_publicize_feature_enabled":true,"jetpack_social_post_already_shared":true,"jetpack_social_options":{"image_generator_settings":{"template":"highway","default_image_id":0,"font":"","enabled":false},"version":2}},"categories":[27,85,35],"tags":[],"class_list":["post-31953","post","type-post","status-publish","format-standard","has-post-thumbnail","hentry","category-blogu-i-udhetarit","category-histori","category-shoqerore"],"jetpack_publicize_connections":[],"jetpack_featured_media_url":"https:\/\/i0.wp.com\/www.shqiperia.com\/blog\/wp-content\/uploads\/2020\/03\/ogrk47pnb9o21-905x450-1.jpg?fit=905%2C450&ssl=1","jetpack_sharing_enabled":true,"jetpack_shortlink":"https:\/\/wp.me\/p5Z6wp-8jn","jetpack-related-posts":[{"id":87922,"url":"https:\/\/www.shqiperia.com\/blog\/ka-humbur-besimi-shqiptaret-nuk-i-besojne-njeri-tjetrit-as-shtetit\/","url_meta":{"origin":31953,"position":0},"title":"Ka humbur Besimi: &#8211; Shqiptar\u00ebt nuk i besojn\u00eb nj\u00ebri-tjetrit, as shtetit","author":"Kurt Farka","date":"December 31, 2024","format":false,"excerpt":"31 Dhjetor 2024 Shqiptar\u00ebt gjithnj\u00eb me shum\u00eb po b\u00ebhen dyshues n\u00eb marr\u00ebdh\u00ebniet me t\u00eb tjer\u00ebt. 89 p\u00ebr qind e tyre nuk i besojn\u00eb nj\u00ebri -tjetrit dhe tregohen shum\u00eb t\u00eb rezervuar n\u00eb marr\u00ebdh\u00ebnie me njer\u00ebzit. 65 % e t\u00eb anketuarve nuk besojn\u00eb tek administrata publike, niveli m\u00eb i lart\u00eb ne Rajon.\u2026","rel":"","context":"In &quot;Blogu i Udh\u00ebtarit&quot;","block_context":{"text":"Blogu i Udh\u00ebtarit","link":"https:\/\/www.shqiperia.com\/blog\/category\/blogu-i-udhetarit\/"},"img":{"alt_text":"","src":"https:\/\/i0.wp.com\/www.shqiperia.com\/blog\/wp-content\/uploads\/2024\/12\/3-kuaj-te-zinj-ne-dere-te-Kryeministrise.jpeg?fit=1200%2C900&ssl=1&resize=350%2C200","width":350,"height":200,"srcset":"https:\/\/i0.wp.com\/www.shqiperia.com\/blog\/wp-content\/uploads\/2024\/12\/3-kuaj-te-zinj-ne-dere-te-Kryeministrise.jpeg?fit=1200%2C900&ssl=1&resize=350%2C200 1x, https:\/\/i0.wp.com\/www.shqiperia.com\/blog\/wp-content\/uploads\/2024\/12\/3-kuaj-te-zinj-ne-dere-te-Kryeministrise.jpeg?fit=1200%2C900&ssl=1&resize=525%2C300 1.5x, https:\/\/i0.wp.com\/www.shqiperia.com\/blog\/wp-content\/uploads\/2024\/12\/3-kuaj-te-zinj-ne-dere-te-Kryeministrise.jpeg?fit=1200%2C900&ssl=1&resize=700%2C400 2x, https:\/\/i0.wp.com\/www.shqiperia.com\/blog\/wp-content\/uploads\/2024\/12\/3-kuaj-te-zinj-ne-dere-te-Kryeministrise.jpeg?fit=1200%2C900&ssl=1&resize=1050%2C600 3x"},"classes":[]},{"id":47787,"url":"https:\/\/www.shqiperia.com\/blog\/zeri-i-amerikes-besim-minimal-tek-partite-qeverisja-perceptohet-si-jotransparente-dhe-e-korruptuar\/","url_meta":{"origin":31953,"position":1},"title":"Z\u00ebri i Amerik\u00ebs: &#8211; Besim minimal tek partit\u00eb, qeverisja perceptohet si jotransparente dhe e korruptuar","author":"Kurt Farka","date":"June 10, 2021","format":false,"excerpt":"Z\u00ebri i Amerik\u00ebs: - Besim minimal tek partit\u00eb, qeverisja perceptohet si jotransparente dhe e korruptuar 09\/06\/2021 Nga Z\u00ebri Amerik\u00ebs- Instituti p\u00ebr Demokraci dhe Nd\u00ebrmjet\u00ebsim publikoi sot Sondazhin e p\u00ebrvitsh\u00ebm t\u00eb opinionit publik \u201cBesimi n\u00eb qeverisje 2020\u201d. Qytetar\u00ebt pohuan se besimin m\u00eb t\u00eb lart\u00eb, afro 70 p\u00ebr qind, e kan\u00eb tek\u2026","rel":"","context":"In &quot;Blogu i Udh\u00ebtarit&quot;","block_context":{"text":"Blogu i Udh\u00ebtarit","link":"https:\/\/www.shqiperia.com\/blog\/category\/blogu-i-udhetarit\/"},"img":{"alt_text":"","src":"https:\/\/i0.wp.com\/www.shqiperia.com\/blog\/wp-content\/uploads\/2021\/06\/no-corruption-sketch-260nw-420364795.jpg?fit=452%2C280&ssl=1&resize=350%2C200","width":350,"height":200},"classes":[]},{"id":30357,"url":"https:\/\/www.shqiperia.com\/blog\/okb-mosha-mesatare-ne-2100-arrin-61-vjec\/","url_meta":{"origin":31953,"position":2},"title":"OKB: &#8211; Mosha mesatare n\u00eb 2100 arrin 61 vje\u00e7.","author":"Kurt Farka","date":"January 15, 2020","format":false,"excerpt":"OKB: - Mosha mesatare n\u00eb 2100 arrin 61 vje\u00e7. 15 janar \u00a02020 Sipas nj\u00eb skenari normal, pa rritje t\u00eb emigracionit dhe r\u00ebnie t\u00eb lindjeve mosha mesatare e popullsis\u00eb Shqip\u00ebris\u00eb sipas projeksioneve t\u00eb OKB-s\u00eb shkon n\u00eb vitin 2050 n\u00eb 50.1 vje\u00e7 dhe n\u00eb vitin 2100 arrin 61 vje\u00e7. N\u00eb skenarin pesimist\u2026","rel":"","context":"In &quot;Blogu i Udh\u00ebtarit&quot;","block_context":{"text":"Blogu i Udh\u00ebtarit","link":"https:\/\/www.shqiperia.com\/blog\/category\/blogu-i-udhetarit\/"},"img":{"alt_text":"","src":"https:\/\/i0.wp.com\/www.shqiperia.com\/blog\/wp-content\/uploads\/2020\/01\/Te-moshuarit-905x450-1.jpg?fit=905%2C450&ssl=1&resize=350%2C200","width":350,"height":200,"srcset":"https:\/\/i0.wp.com\/www.shqiperia.com\/blog\/wp-content\/uploads\/2020\/01\/Te-moshuarit-905x450-1.jpg?fit=905%2C450&ssl=1&resize=350%2C200 1x, https:\/\/i0.wp.com\/www.shqiperia.com\/blog\/wp-content\/uploads\/2020\/01\/Te-moshuarit-905x450-1.jpg?fit=905%2C450&ssl=1&resize=525%2C300 1.5x, https:\/\/i0.wp.com\/www.shqiperia.com\/blog\/wp-content\/uploads\/2020\/01\/Te-moshuarit-905x450-1.jpg?fit=905%2C450&ssl=1&resize=700%2C400 2x"},"classes":[]},{"id":60438,"url":"https:\/\/www.shqiperia.com\/blog\/raporti-i-okb-gati-1-ne-3-shqiptare-vuajne-nga-pasiguria-per-ushqim-shifra-me-e-larte-ne-europe\/","url_meta":{"origin":31953,"position":3},"title":"Raporti i OKB: &#8211; Gati 1 n\u00eb 3 shqiptar\u00eb vuajn\u00eb nga pasiguria p\u00ebr ushqim, shifra m\u00eb e lart\u00eb n\u00eb Europ\u00eb","author":"Kurt Farka","date":"August 1, 2022","format":false,"excerpt":"1 Gusht 2022 Rreth 1 n\u00eb 3 shqiptar\u00eb vuan nga pasiguria p\u00ebr ushqim p\u00ebr shkak t\u00eb munges\u00ebs s\u00eb parave apo burimeve t\u00eb tjera. T\u00eb dh\u00ebnat e fundit n\u00eb raportin \u201cGjendja e Siguris\u00eb Ushqimore dhe Ushqyerit n\u00eb Bot\u00eb n\u00eb 2022\u201d publikuar nga Organizata p\u00ebr Ushqim dhe Bujq\u00ebsi n\u00eb Kombet e Bashkuara\u2026","rel":"","context":"In &quot;Blogu i Udh\u00ebtarit&quot;","block_context":{"text":"Blogu i Udh\u00ebtarit","link":"https:\/\/www.shqiperia.com\/blog\/category\/blogu-i-udhetarit\/"},"img":{"alt_text":"","src":"https:\/\/i0.wp.com\/www.shqiperia.com\/blog\/wp-content\/uploads\/2022\/08\/PASIGURIA-NE-USHQIM-675x450-1.jpg?fit=675%2C383&ssl=1&resize=350%2C200","width":350,"height":200,"srcset":"https:\/\/i0.wp.com\/www.shqiperia.com\/blog\/wp-content\/uploads\/2022\/08\/PASIGURIA-NE-USHQIM-675x450-1.jpg?fit=675%2C383&ssl=1&resize=350%2C200 1x, https:\/\/i0.wp.com\/www.shqiperia.com\/blog\/wp-content\/uploads\/2022\/08\/PASIGURIA-NE-USHQIM-675x450-1.jpg?fit=675%2C383&ssl=1&resize=525%2C300 1.5x"},"classes":[]},{"id":36168,"url":"https:\/\/www.shqiperia.com\/blog\/shqiperia-me-vetem-2-8-milione-banore-numeron-zyrtarisht-611-grupe-fetare-cfare-thote-kushtetuta-dhe-nje-raport-i-dash\/","url_meta":{"origin":31953,"position":4},"title":"Shqip\u00ebria me vet\u00ebm 2.8 milion\u00eb banor\u00eb, num\u00ebron zyrtarisht 611 grupe fetare! \u00c7far\u00eb thot\u00eb Kushtetuta dhe nj\u00eb raport i DASH","author":"Kurt Farka","date":"July 10, 2020","format":false,"excerpt":"Shqip\u00ebria me vet\u00ebm 2.8 milion\u00eb banor\u00eb, num\u00ebron zyrtarisht 611 grupe fetare! \u00c7far\u00eb thot\u00eb Kushtetuta dhe nj\u00eb raport i DASH 8 korrik \u00a02020 Me toleranc\u00ebn q\u00eb e karakterizon, Shqip\u00ebria i ka hapur dyert 611 grupeve fetare ku p\u00ebrfshihen 248 fondacione, 323 Organizata Joqeveritare dhe 40 qendra q\u00eb lidhen me besimet. T\u00eb\u2026","rel":"","context":"In &quot;Blogu i Udh\u00ebtarit&quot;","block_context":{"text":"Blogu i Udh\u00ebtarit","link":"https:\/\/www.shqiperia.com\/blog\/category\/blogu-i-udhetarit\/"},"img":{"alt_text":"","src":"https:\/\/i0.wp.com\/www.shqiperia.com\/blog\/wp-content\/uploads\/2020\/07\/DASH-933x445-1-905x450-1.jpg?fit=905%2C450&ssl=1&resize=350%2C200","width":350,"height":200,"srcset":"https:\/\/i0.wp.com\/www.shqiperia.com\/blog\/wp-content\/uploads\/2020\/07\/DASH-933x445-1-905x450-1.jpg?fit=905%2C450&ssl=1&resize=350%2C200 1x, https:\/\/i0.wp.com\/www.shqiperia.com\/blog\/wp-content\/uploads\/2020\/07\/DASH-933x445-1-905x450-1.jpg?fit=905%2C450&ssl=1&resize=525%2C300 1.5x, https:\/\/i0.wp.com\/www.shqiperia.com\/blog\/wp-content\/uploads\/2020\/07\/DASH-933x445-1-905x450-1.jpg?fit=905%2C450&ssl=1&resize=700%2C400 2x"},"classes":[]},{"id":60722,"url":"https:\/\/www.shqiperia.com\/blog\/shpopullimi-ekspertja-kroate-shqiperia-probleme-me-fuqine-punetore-ne-10-vitet-e-ardhshme\/","url_meta":{"origin":31953,"position":5},"title":"Shpopullimi, ekspertja kroate: &#8211; Shqip\u00ebria probleme me fuqin\u00eb pun\u00ebtore n\u00eb 10 vitet e ardhshme!","author":"Kurt Farka","date":"August 5, 2022","format":false,"excerpt":"5 Gusht 2022 Demografja kroate Monika Komusanac ka deklaruar p\u00ebr median vendase \u201cFactor\u201d se Ballkani do t\u00eb vazhdoj\u00eb t\u00eb zbrazet, numri i popullsis\u00eb do t\u00eb ulet dhe n\u00eb disa vende do t\u00eb ket\u00eb munges\u00eb t\u00eb fuqis\u00eb pun\u00ebtore. Ajo u shpreh se vendet e Ballkanit tashm\u00eb karakterizohen nga nj\u00eb p\u00ebrb\u00ebrje e\u2026","rel":"","context":"In &quot;Blogu i Udh\u00ebtarit&quot;","block_context":{"text":"Blogu i Udh\u00ebtarit","link":"https:\/\/www.shqiperia.com\/blog\/category\/blogu-i-udhetarit\/"},"img":{"alt_text":"","src":"https:\/\/i0.wp.com\/www.shqiperia.com\/blog\/wp-content\/uploads\/2022\/08\/20200401-construction-site-jpga4d189-image-770x433-1.jpg?fit=770%2C433&ssl=1&resize=350%2C200","width":350,"height":200,"srcset":"https:\/\/i0.wp.com\/www.shqiperia.com\/blog\/wp-content\/uploads\/2022\/08\/20200401-construction-site-jpga4d189-image-770x433-1.jpg?fit=770%2C433&ssl=1&resize=350%2C200 1x, https:\/\/i0.wp.com\/www.shqiperia.com\/blog\/wp-content\/uploads\/2022\/08\/20200401-construction-site-jpga4d189-image-770x433-1.jpg?fit=770%2C433&ssl=1&resize=525%2C300 1.5x, https:\/\/i0.wp.com\/www.shqiperia.com\/blog\/wp-content\/uploads\/2022\/08\/20200401-construction-site-jpga4d189-image-770x433-1.jpg?fit=770%2C433&ssl=1&resize=700%2C400 2x"},"classes":[]}],"_links":{"self":[{"href":"https:\/\/www.shqiperia.com\/blog\/wp-json\/wp\/v2\/posts\/31953","targetHints":{"allow":["GET"]}}],"collection":[{"href":"https:\/\/www.shqiperia.com\/blog\/wp-json\/wp\/v2\/posts"}],"about":[{"href":"https:\/\/www.shqiperia.com\/blog\/wp-json\/wp\/v2\/types\/post"}],"author":[{"embeddable":true,"href":"https:\/\/www.shqiperia.com\/blog\/wp-json\/wp\/v2\/users\/9"}],"replies":[{"embeddable":true,"href":"https:\/\/www.shqiperia.com\/blog\/wp-json\/wp\/v2\/comments?post=31953"}],"version-history":[{"count":1,"href":"https:\/\/www.shqiperia.com\/blog\/wp-json\/wp\/v2\/posts\/31953\/revisions"}],"predecessor-version":[{"id":31955,"href":"https:\/\/www.shqiperia.com\/blog\/wp-json\/wp\/v2\/posts\/31953\/revisions\/31955"}],"wp:featuredmedia":[{"embeddable":true,"href":"https:\/\/www.shqiperia.com\/blog\/wp-json\/wp\/v2\/media\/31954"}],"wp:attachment":[{"href":"https:\/\/www.shqiperia.com\/blog\/wp-json\/wp\/v2\/media?parent=31953"}],"wp:term":[{"taxonomy":"category","embeddable":true,"href":"https:\/\/www.shqiperia.com\/blog\/wp-json\/wp\/v2\/categories?post=31953"},{"taxonomy":"post_tag","embeddable":true,"href":"https:\/\/www.shqiperia.com\/blog\/wp-json\/wp\/v2\/tags?post=31953"}],"curies":[{"name":"wp","href":"https:\/\/api.w.org\/{rel}","templated":true}]}}