{"id":31948,"date":"2020-03-01T08:54:22","date_gmt":"2020-03-01T08:54:22","guid":{"rendered":"https:\/\/www.shqiperia.com\/blog\/?p=31948"},"modified":"2020-03-01T08:55:59","modified_gmt":"2020-03-01T08:55:59","slug":"ujkut-melcite-ne-qafe-do-doja-te-mos-kisha-te-drejte-kete-here","status":"publish","type":"post","link":"https:\/\/www.shqiperia.com\/blog\/ujkut-melcite-ne-qafe-do-doja-te-mos-kisha-te-drejte-kete-here\/","title":{"rendered":"Ujkut m\u00ebl\u00e7it\u00eb n\u00eb qaf\u00eb? Do doja t\u00eb mos kisha t\u00eb drejt\u00eb k\u00ebt\u00eb her\u00eb"},"content":{"rendered":"<p><img data-recalc-dims=\"1\" loading=\"lazy\" decoding=\"async\" data-attachment-id=\"31949\" data-permalink=\"https:\/\/www.shqiperia.com\/blog\/ujkut-melcite-ne-qafe-do-doja-te-mos-kisha-te-drejte-kete-here\/terremoto-albania-scaled-750x375-1-905x395\/\" data-orig-file=\"https:\/\/i0.wp.com\/www.shqiperia.com\/blog\/wp-content\/uploads\/2020\/03\/terremoto-albania-scaled-750x375-1-905x395-1.jpg?fit=905%2C395&amp;ssl=1\" data-orig-size=\"905,395\" data-comments-opened=\"1\" data-image-meta=\"{&quot;aperture&quot;:&quot;0&quot;,&quot;credit&quot;:&quot;&quot;,&quot;camera&quot;:&quot;&quot;,&quot;caption&quot;:&quot;&quot;,&quot;created_timestamp&quot;:&quot;0&quot;,&quot;copyright&quot;:&quot;&quot;,&quot;focal_length&quot;:&quot;0&quot;,&quot;iso&quot;:&quot;0&quot;,&quot;shutter_speed&quot;:&quot;0&quot;,&quot;title&quot;:&quot;&quot;,&quot;orientation&quot;:&quot;0&quot;}\" data-image-title=\"terremoto-albania-scaled-750&#215;375-1-905&#215;395\" data-image-description=\"\" data-image-caption=\"\" data-medium-file=\"https:\/\/i0.wp.com\/www.shqiperia.com\/blog\/wp-content\/uploads\/2020\/03\/terremoto-albania-scaled-750x375-1-905x395-1.jpg?fit=300%2C131&amp;ssl=1\" data-large-file=\"https:\/\/i0.wp.com\/www.shqiperia.com\/blog\/wp-content\/uploads\/2020\/03\/terremoto-albania-scaled-750x375-1-905x395-1.jpg?fit=905%2C395&amp;ssl=1\" class=\"alignnone wp-image-31949\" alt=\"\" src=\"https:\/\/i0.wp.com\/www.shqiperia.com\/blog\/wp-content\/uploads\/2020\/03\/terremoto-albania-scaled-750x375-1-905x395-1.jpg?resize=602%2C263&#038;ssl=1\" width=\"602\" height=\"263\" srcset=\"https:\/\/i0.wp.com\/www.shqiperia.com\/blog\/wp-content\/uploads\/2020\/03\/terremoto-albania-scaled-750x375-1-905x395-1.jpg?resize=300%2C131&amp;ssl=1 300w, https:\/\/i0.wp.com\/www.shqiperia.com\/blog\/wp-content\/uploads\/2020\/03\/terremoto-albania-scaled-750x375-1-905x395-1.jpg?resize=768%2C335&amp;ssl=1 768w, https:\/\/i0.wp.com\/www.shqiperia.com\/blog\/wp-content\/uploads\/2020\/03\/terremoto-albania-scaled-750x375-1-905x395-1.jpg?resize=450%2C196&amp;ssl=1 450w, https:\/\/i0.wp.com\/www.shqiperia.com\/blog\/wp-content\/uploads\/2020\/03\/terremoto-albania-scaled-750x375-1-905x395-1.jpg?resize=600%2C262&amp;ssl=1 600w, https:\/\/i0.wp.com\/www.shqiperia.com\/blog\/wp-content\/uploads\/2020\/03\/terremoto-albania-scaled-750x375-1-905x395-1.jpg?resize=400%2C175&amp;ssl=1 400w, https:\/\/i0.wp.com\/www.shqiperia.com\/blog\/wp-content\/uploads\/2020\/03\/terremoto-albania-scaled-750x375-1-905x395-1.jpg?w=905&amp;ssl=1 905w\" sizes=\"auto, (max-width: 602px) 100vw, 602px\" \/><\/p>\n<p><strong>Ujkut m\u00ebl\u00e7it\u00eb n\u00eb qaf\u00eb? Do doja t\u00eb mos kisha t\u00eb drejt\u00eb k\u00ebt\u00eb her\u00eb<\/strong><\/p>\n<p>18 shkurt 2020<\/p>\n<p>Nga <strong>Partizan Cene<\/strong><\/p>\n<p>1.15 miliard\u00eb euro ofroi Konferenca e Donator\u00ebve evropian\u00eb e bot\u00ebror\u00eb p\u00ebr procesin e rind\u00ebrtimit t\u00eb d\u00ebmeve t\u00eb shkaktuara nga t\u00ebrmeti i 26 n\u00ebntorit 2019 n\u00eb Shqip\u00ebri.<\/p>\n<p>Kjo duket si mrekulli. Urojm\u00eb q\u00eb jo vet\u00ebm t\u00eb duket, por edhe t\u00eb preket me dor\u00eb nga shqiptar\u00ebt.<\/p>\n<p>Nj\u00eb shum\u00eb e till\u00eb \u00ebsht\u00eb me t\u00eb v\u00ebrtet\u00eb e madhe, por t\u00eb kihet parasysh se GDP i Shqip\u00ebris\u00eb.<\/p>\n<p>Si nd\u00ebrtues d\u00ebshiroj t\u00eb b\u00ebj nj\u00eb llogari:<\/p>\n<p>N\u00eb baz\u00eb t\u00eb raportit p\u00ebrfundimtar t\u00eb Komisionit t\u00eb Vler\u00ebsimit dim\u00eb q\u00eb ishin t\u00eb d\u00ebmtuara 187 nd\u00ebrtesa publike dhe private n\u00eb t\u00eb gjith\u00eb vendin. Gjithashtu jan\u00eb d\u00ebmtuar krejt\u00ebsisht 1180 apartamente apo sht\u00ebpi banimi (pra jo pallate) si dhe t\u00eb d\u00ebmtuara pjes\u00ebrisht ishin 2120 banesa.<\/p>\n<p>Po t\u00eb b\u00ebjm\u00eb nj\u00eb llogari me \u00e7mimin e tregut (duke llogaritur kosto p\u00ebr nj\u00eb apartament normal diku tek 50 apo 55 mij\u00eb euro) sikur ti nd\u00ebrtonim t\u00eb gjitha ato q\u00eb u d\u00ebmtuan, pra t\u00eb 3487 objektet q\u00eb thot\u00eb raporti do t\u00eb duhen diku tek 175 \u2013 190 milion\u00eb euro.<\/p>\n<p>Po t\u00eb heq\u00ebsh fitimin q\u00eb ka \u00e7mimi i tregut brenda q\u00eb esht\u00eb diku tek 35%, kjo do ta zvog\u00eblonte deri n\u00eb 120 milion\u00eb euro shifr\u00ebn p\u00ebr t\u00eb nd\u00ebrtuar sht\u00ebpit\u00eb e shqiptar\u00ebve t\u00eb varf\u00ebr.<\/p>\n<p>Po shifra 1.15 miliard\u00eb euro, 10 fish m\u00eb e lart\u00eb, \u00e7\u2019mund t\u00eb b\u00ebj\u00eb? Kuptohet. Shum\u00eb m\u00eb tep\u00ebr.<\/p>\n<p>Por ne shqiptar\u00ebt jemi t\u00eb tmerruar dhe t\u00eb keqp\u00ebrdorur deri tani nga korrupsioni, nga vjedhja e aseteve dhe shp\u00ebrdorimi i financave publike. Jemi me t\u00eb drejt\u00eb dyshues.<\/p>\n<p><img data-recalc-dims=\"1\" loading=\"lazy\" decoding=\"async\" data-attachment-id=\"31950\" data-permalink=\"https:\/\/www.shqiperia.com\/blog\/ujkut-melcite-ne-qafe-do-doja-te-mos-kisha-te-drejte-kete-here\/termeti-1-905x395\/\" data-orig-file=\"https:\/\/i0.wp.com\/www.shqiperia.com\/blog\/wp-content\/uploads\/2020\/03\/termeti-1-905x395-1.jpg?fit=746%2C395&amp;ssl=1\" data-orig-size=\"746,395\" data-comments-opened=\"1\" data-image-meta=\"{&quot;aperture&quot;:&quot;0&quot;,&quot;credit&quot;:&quot;&quot;,&quot;camera&quot;:&quot;&quot;,&quot;caption&quot;:&quot;&quot;,&quot;created_timestamp&quot;:&quot;0&quot;,&quot;copyright&quot;:&quot;&quot;,&quot;focal_length&quot;:&quot;0&quot;,&quot;iso&quot;:&quot;0&quot;,&quot;shutter_speed&quot;:&quot;0&quot;,&quot;title&quot;:&quot;&quot;,&quot;orientation&quot;:&quot;0&quot;}\" data-image-title=\"termeti-1-905&#215;395\" data-image-description=\"\" data-image-caption=\"\" data-medium-file=\"https:\/\/i0.wp.com\/www.shqiperia.com\/blog\/wp-content\/uploads\/2020\/03\/termeti-1-905x395-1.jpg?fit=300%2C159&amp;ssl=1\" data-large-file=\"https:\/\/i0.wp.com\/www.shqiperia.com\/blog\/wp-content\/uploads\/2020\/03\/termeti-1-905x395-1.jpg?fit=746%2C395&amp;ssl=1\" class=\"alignnone wp-image-31950\" alt=\"\" src=\"https:\/\/i0.wp.com\/www.shqiperia.com\/blog\/wp-content\/uploads\/2020\/03\/termeti-1-905x395-1.jpg?resize=642%2C340&#038;ssl=1\" width=\"642\" height=\"340\" srcset=\"https:\/\/i0.wp.com\/www.shqiperia.com\/blog\/wp-content\/uploads\/2020\/03\/termeti-1-905x395-1.jpg?resize=300%2C159&amp;ssl=1 300w, https:\/\/i0.wp.com\/www.shqiperia.com\/blog\/wp-content\/uploads\/2020\/03\/termeti-1-905x395-1.jpg?resize=450%2C238&amp;ssl=1 450w, https:\/\/i0.wp.com\/www.shqiperia.com\/blog\/wp-content\/uploads\/2020\/03\/termeti-1-905x395-1.jpg?resize=600%2C318&amp;ssl=1 600w, https:\/\/i0.wp.com\/www.shqiperia.com\/blog\/wp-content\/uploads\/2020\/03\/termeti-1-905x395-1.jpg?resize=400%2C212&amp;ssl=1 400w, https:\/\/i0.wp.com\/www.shqiperia.com\/blog\/wp-content\/uploads\/2020\/03\/termeti-1-905x395-1.jpg?w=746&amp;ssl=1 746w\" sizes=\"auto, (max-width: 642px) 100vw, 642px\" \/><\/p>\n<p>Sepse kemi d\u00ebgjuar shifra marramend\u00ebse p\u00ebr nd\u00ebrtimin e nj\u00eb kilometri rrug\u00eb n\u00eb Tiran\u00eb, gati 21 milion\u00eb euro ndaj na kapin t\u00eb dridhurat\u00a0 kur shikojn\u00eb se jan\u00eb po ata njer\u00ebz q\u00eb do t\u2019i administrojn\u00eb keto para, ose koleg\u00ebt e tyre tashm\u00eb t\u00eb kamur me pasurin\u00eb e popullit dhe parat\u00eb publike.<\/p>\n<p>Urojm\u00eb t\u00eb mos ndodh\u00eb k\u00ebshtu!<\/p>\n<p>Shprehja popullore \u201ci var\u00ebn m\u00ebl\u00e7it\u00eb ujkut n\u00eb qaf\u00eb\u201d urojm\u00eb t\u00eb mos shkoj\u00eb n\u00eb k\u00ebt\u00eb rast.<\/p>\n<p>Gazeta Dita<\/p>\n","protected":false},"excerpt":{"rendered":"<p>Ujkut m\u00ebl\u00e7it\u00eb n\u00eb qaf\u00eb? Do doja t\u00eb mos kisha t\u00eb drejt\u00eb k\u00ebt\u00eb her\u00eb 18 shkurt 2020 Nga Partizan Cene 1.15 miliard\u00eb euro ofroi Konferenca e Donator\u00ebve evropian\u00eb e bot\u00ebror\u00eb p\u00ebr procesin e rind\u00ebrtimit t\u00eb d\u00ebmeve t\u00eb shkaktuara nga t\u00ebrmeti i 26 n\u00ebntorit 2019 n\u00eb Shqip\u00ebri. Kjo duket si mrekulli. Urojm\u00eb q\u00eb jo vet\u00ebm t\u00eb duket, [&hellip;]<\/p>\n","protected":false},"author":9,"featured_media":31949,"comment_status":"open","ping_status":"open","sticky":false,"template":"","format":"standard","meta":{"jetpack_post_was_ever_published":false,"_jetpack_newsletter_access":"","_jetpack_dont_email_post_to_subs":false,"_jetpack_newsletter_tier_id":0,"_jetpack_memberships_contains_paywalled_content":false,"_jetpack_memberships_contains_paid_content":false,"footnotes":"","jetpack_publicize_message":"","jetpack_publicize_feature_enabled":true,"jetpack_social_post_already_shared":true,"jetpack_social_options":{"image_generator_settings":{"template":"highway","default_image_id":0,"font":"","enabled":false},"version":2}},"categories":[27,35],"tags":[],"class_list":["post-31948","post","type-post","status-publish","format-standard","has-post-thumbnail","hentry","category-blogu-i-udhetarit","category-shoqerore"],"jetpack_publicize_connections":[],"jetpack_featured_media_url":"https:\/\/i0.wp.com\/www.shqiperia.com\/blog\/wp-content\/uploads\/2020\/03\/terremoto-albania-scaled-750x375-1-905x395-1.jpg?fit=905%2C395&ssl=1","jetpack_sharing_enabled":true,"jetpack_shortlink":"https:\/\/wp.me\/p5Z6wp-8ji","jetpack-related-posts":[{"id":19714,"url":"https:\/\/www.shqiperia.com\/blog\/veshi-i-partise-ne-burg-visar-zhiti-pergjigjja-ime-per-kryepolicin-shpifes-e-kercenues-te-qafe-barit\/","url_meta":{"origin":31948,"position":0},"title":"\u201cVeshi i partis\u00eb n\u00eb burg\u201d, Visar Zhiti: P\u00ebrgjigjja ime p\u00ebr kryepolicin shpif\u00ebs e k\u00ebrc\u00ebnues t\u00eb Qaf\u00eb-Barit. &#8211;","author":"Kurt Farka","date":"April 16, 2019","format":false,"excerpt":"\u201cVeshi i partis\u00eb n\u00eb burg\u201d, Visar Zhiti: P\u00ebrgjigjja ime p\u00ebr kryepolicin shpif\u00ebs e k\u00ebrc\u00ebnues t\u00eb Qaf\u00eb-Barit. - \u00a016 prill 2019 Kur p\u00ebrshkroi vitet e ferrit, Visar Zhiti d\u00ebshironte t\u00eb tregonte vet\u00ebm t\u00eb v\u00ebrtet\u00ebn e tij, at\u00eb q\u00eb si\u00e7 thot\u00eb vet\u00eb, \u00ebsht\u00eb shkruar n\u00eb l\u00ebkur\u00ebn e tij. Asnj\u00ebher\u00eb nuk ka dashur\u2026","rel":"","context":"In &quot;Blogu i Udh\u00ebtarit&quot;","block_context":{"text":"Blogu i Udh\u00ebtarit","link":"https:\/\/www.shqiperia.com\/blog\/category\/blogu-i-udhetarit\/"},"img":{"alt_text":"","src":"https:\/\/i0.wp.com\/www.shqiperia.com\/blog\/wp-content\/uploads\/2019\/04\/qafe-bari-7-Copy.jpg?fit=960%2C457&ssl=1&resize=350%2C200","width":350,"height":200,"srcset":"https:\/\/i0.wp.com\/www.shqiperia.com\/blog\/wp-content\/uploads\/2019\/04\/qafe-bari-7-Copy.jpg?fit=960%2C457&ssl=1&resize=350%2C200 1x, https:\/\/i0.wp.com\/www.shqiperia.com\/blog\/wp-content\/uploads\/2019\/04\/qafe-bari-7-Copy.jpg?fit=960%2C457&ssl=1&resize=525%2C300 1.5x, https:\/\/i0.wp.com\/www.shqiperia.com\/blog\/wp-content\/uploads\/2019\/04\/qafe-bari-7-Copy.jpg?fit=960%2C457&ssl=1&resize=700%2C400 2x"},"classes":[]},{"id":21669,"url":"https:\/\/www.shqiperia.com\/blog\/fevziu-ben-per-uje-te-ftohte-vangjush-dakon-ska-bthe-njeri-te-me-thote-mua-mos-bej-kete-gje\/","url_meta":{"origin":31948,"position":1},"title":"Fevziu b\u00ebn p\u00ebr \u201cuj\u00eb t\u00eb ftoht\u00eb\u201d Vangjush Dakon: S\u2019ka b*th\u00eb njeri t\u00eb m\u00eb thot\u00eb mua mos b\u00ebj k\u00ebt\u00eb gj\u00eb\u2026","author":"Kurt Farka","date":"June 6, 2019","format":false,"excerpt":"Fevziu b\u00ebn p\u00ebr \u201cuj\u00eb t\u00eb ftoht\u00eb\u201d Vangjush Dakon: S\u2019ka b*th\u00eb njeri t\u00eb m\u00eb thot\u00eb mua mos b\u00ebj k\u00ebt\u00eb gj\u00eb\u2026 6 qershor 2019 Teksa p\u00ebrpiqej t\u00eb tregonte se gjithkush mund t\u00eb flas\u00eb n\u00eb telefon, kryebashkiaku i Durr\u00ebsit, Vangjush Dako iu kthye drejtuesit t\u00eb Opinion Blendi Fevziu se edhe at\u00eb e merrnin\u2026","rel":"","context":"In &quot;Blogu i Udh\u00ebtarit&quot;","block_context":{"text":"Blogu i Udh\u00ebtarit","link":"https:\/\/www.shqiperia.com\/blog\/category\/blogu-i-udhetarit\/"},"img":{"alt_text":"","src":"https:\/\/i0.wp.com\/www.shqiperia.com\/blog\/wp-content\/uploads\/2019\/06\/d3-1-Copy.png?fit=459%2C255&ssl=1&resize=350%2C200","width":350,"height":200},"classes":[]},{"id":45919,"url":"https:\/\/www.shqiperia.com\/blog\/te-terhiqen-menjehere-presidenti-meta-nuk-ndalet-denoncon-qeverine-dhe-bashkine-iu-dergon-ultimatum-te-prere-ja-cfare-po-ndodh-ne-kete-zone-te-tiranes\/","url_meta":{"origin":31948,"position":2},"title":"\u201cT\u00eb t\u00ebrhiqen menj\u00ebher\u00eb!\u201d. Presidenti Meta nuk ndalet, denoncon qeverin\u00eb dhe bashkin\u00eb, iu d\u00ebrgon ultimatum t\u00eb prer\u00eb: Ja \u00e7far\u00eb po ndodh n\u00eb k\u00ebt\u00eb zon\u00eb t\u00eb Tiran\u00ebs","author":"Kurt Farka","date":"March 30, 2021","format":false,"excerpt":"\u201cT\u00eb t\u00ebrhiqen menj\u00ebher\u00eb!\u201d. Presidenti Meta nuk ndalet, denoncon qeverin\u00eb dhe bashkin\u00eb, iu d\u00ebrgon ultimatum t\u00eb prer\u00eb: Ja \u00e7far\u00eb po ndodh n\u00eb k\u00ebt\u00eb zon\u00eb t\u00eb Tiran\u00ebs 30 MARS 2021 Qeveria ende n\u00eb detyr\u00eb dhe Bashkia Tiran\u00eb\u00a0 synon zaptimin e pronave private t\u00eb qytetar\u00ebve p\u00ebr nd\u00ebrtimin e kullave shum\u00ebkat\u00ebshe edhe n\u00eb k\u00ebt\u00eb\u2026","rel":"","context":"In &quot;Blogu i Udh\u00ebtarit&quot;","block_context":{"text":"Blogu i Udh\u00ebtarit","link":"https:\/\/www.shqiperia.com\/blog\/category\/blogu-i-udhetarit\/"},"img":{"alt_text":"","src":"https:\/\/i0.wp.com\/www.shqiperia.com\/blog\/wp-content\/uploads\/2021\/03\/800-0-4fbc1d321c8e67eb325d45bc49930867.jpg?fit=650%2C351&ssl=1&resize=350%2C200","width":350,"height":200,"srcset":"https:\/\/i0.wp.com\/www.shqiperia.com\/blog\/wp-content\/uploads\/2021\/03\/800-0-4fbc1d321c8e67eb325d45bc49930867.jpg?fit=650%2C351&ssl=1&resize=350%2C200 1x, https:\/\/i0.wp.com\/www.shqiperia.com\/blog\/wp-content\/uploads\/2021\/03\/800-0-4fbc1d321c8e67eb325d45bc49930867.jpg?fit=650%2C351&ssl=1&resize=525%2C300 1.5x"},"classes":[]},{"id":1045,"url":"https:\/\/www.shqiperia.com\/blog\/di-skica-poetike-nga-sofie-doko-arapaj\/","url_meta":{"origin":31948,"position":3},"title":"Dy skica poetike nga Sofia Doko Arapaj.","author":"Kurt Farka","date":"January 11, 2018","format":false,"excerpt":"Nga: Sofia Doko Arapaj Pantollonat Kishim nj\u00eb pal\u00eb pantallona doku,p\u00ebr t\u00eb dal\u00eb, q\u00eb un\u00eb futesha dy her\u00eb n\u00eb to, se ishin n\u00eb fakt, t\u00eb motr\u00ebs s\u00eb madhe. Se ku do shkoja dhe doja t\u00eb m\u00eb jepte pantallonat,un\u00eb vish ajo hiq, un\u00eb vish ajo ...zgjati kjo pun\u00eb...Fillova un\u00eb t\u00eb qaja dhe\u2026","rel":"","context":"In &quot;Arte&quot;","block_context":{"text":"Arte","link":"https:\/\/www.shqiperia.com\/blog\/category\/arte\/"},"img":{"alt_text":"","src":"https:\/\/i0.wp.com\/www.shqiperia.com\/blog\/wp-content\/uploads\/2018\/01\/Sofia-Doko-Arapaj.jpg?fit=529%2C529&ssl=1&resize=350%2C200","width":350,"height":200,"srcset":"https:\/\/i0.wp.com\/www.shqiperia.com\/blog\/wp-content\/uploads\/2018\/01\/Sofia-Doko-Arapaj.jpg?fit=529%2C529&ssl=1&resize=350%2C200 1x, https:\/\/i0.wp.com\/www.shqiperia.com\/blog\/wp-content\/uploads\/2018\/01\/Sofia-Doko-Arapaj.jpg?fit=529%2C529&ssl=1&resize=525%2C300 1.5x"},"classes":[]},{"id":31530,"url":"https:\/\/www.shqiperia.com\/blog\/ambasada-amerikane-paralajmeron-ahmetajn-mos-vidh-fondet-e-termetit\/","url_meta":{"origin":31948,"position":4},"title":"Ambasada Amerikane paralajm\u00ebron Ahmetajn: &#8211; Mos vidh fondet e t\u00ebrmetit!","author":"Kurt Farka","date":"February 15, 2020","format":false,"excerpt":"Ambasada Amerikane paralajm\u00ebron Ahmetajn: - Mos vidh fondet e t\u00ebrmetit! 14 Shkurt 2020 Arben Ahmetaj, nj\u00eb prej ministrave m\u00eb t\u00eb akuzuar p\u00ebr korrupsion dhe shpenzime luksi, \u00ebsht\u00eb takuar sot me ambasadoren e SHBA, Yuri Kim. P\u00ebrmes nj\u00eb deklarate, ambasada ka dh\u00ebn\u00eb detaje nga takimi, ku n\u00ebnvizohet se i ka k\u00ebrkuar\u2026","rel":"","context":"In &quot;Blogu i Udh\u00ebtarit&quot;","block_context":{"text":"Blogu i Udh\u00ebtarit","link":"https:\/\/www.shqiperia.com\/blog\/category\/blogu-i-udhetarit\/"},"img":{"alt_text":"","src":"https:\/\/i0.wp.com\/www.shqiperia.com\/blog\/wp-content\/uploads\/2020\/02\/Ambasadoria-e-SHBA-Yuri-Kim-dhe-Arben-Ahmetaj..png?fit=637%2C331&ssl=1&resize=350%2C200","width":350,"height":200,"srcset":"https:\/\/i0.wp.com\/www.shqiperia.com\/blog\/wp-content\/uploads\/2020\/02\/Ambasadoria-e-SHBA-Yuri-Kim-dhe-Arben-Ahmetaj..png?fit=637%2C331&ssl=1&resize=350%2C200 1x, https:\/\/i0.wp.com\/www.shqiperia.com\/blog\/wp-content\/uploads\/2020\/02\/Ambasadoria-e-SHBA-Yuri-Kim-dhe-Arben-Ahmetaj..png?fit=637%2C331&ssl=1&resize=525%2C300 1.5x"},"classes":[]},{"id":21066,"url":"https:\/\/www.shqiperia.com\/blog\/mehdi-malkaj-rrefen-jeten-ne-skene-me-nxori-vellai-me-nje-shkelm\/","url_meta":{"origin":31948,"position":5},"title":"Mehdi Malkaj rr\u00ebfen jet\u00ebn: &#8211; N\u00eb sken\u00eb m\u00eb nxori v\u00ebllai me nj\u00eb shkelm\u2026 &#8211;","author":"Kurt Farka","date":"May 13, 2019","format":false,"excerpt":"Mehdi Malkaj rr\u00ebfen jet\u00ebn: - N\u00eb sken\u00eb m\u00eb nxori v\u00ebllai me nj\u00eb shkelm\u2026 - Kur flet me aktorin e mir\u00ebnjohur, Mehdi Malkaj, p\u00ebr karrier\u00ebn dhe jet\u00ebn e tij, duhet ta kesh parasysh se do t\u00eb prekesh disa her\u00eb, ti vet\u00eb. Si gazetar e si njeri. Flet me t\u00eb e t\u00eb\u2026","rel":"","context":"In &quot;Arte&quot;","block_context":{"text":"Arte","link":"https:\/\/www.shqiperia.com\/blog\/category\/arte\/"},"img":{"alt_text":"","src":"https:\/\/i0.wp.com\/www.shqiperia.com\/blog\/wp-content\/uploads\/2019\/05\/download-2-300x168.jpg?resize=350%2C200","width":350,"height":200},"classes":[]}],"_links":{"self":[{"href":"https:\/\/www.shqiperia.com\/blog\/wp-json\/wp\/v2\/posts\/31948","targetHints":{"allow":["GET"]}}],"collection":[{"href":"https:\/\/www.shqiperia.com\/blog\/wp-json\/wp\/v2\/posts"}],"about":[{"href":"https:\/\/www.shqiperia.com\/blog\/wp-json\/wp\/v2\/types\/post"}],"author":[{"embeddable":true,"href":"https:\/\/www.shqiperia.com\/blog\/wp-json\/wp\/v2\/users\/9"}],"replies":[{"embeddable":true,"href":"https:\/\/www.shqiperia.com\/blog\/wp-json\/wp\/v2\/comments?post=31948"}],"version-history":[{"count":2,"href":"https:\/\/www.shqiperia.com\/blog\/wp-json\/wp\/v2\/posts\/31948\/revisions"}],"predecessor-version":[{"id":31952,"href":"https:\/\/www.shqiperia.com\/blog\/wp-json\/wp\/v2\/posts\/31948\/revisions\/31952"}],"wp:featuredmedia":[{"embeddable":true,"href":"https:\/\/www.shqiperia.com\/blog\/wp-json\/wp\/v2\/media\/31949"}],"wp:attachment":[{"href":"https:\/\/www.shqiperia.com\/blog\/wp-json\/wp\/v2\/media?parent=31948"}],"wp:term":[{"taxonomy":"category","embeddable":true,"href":"https:\/\/www.shqiperia.com\/blog\/wp-json\/wp\/v2\/categories?post=31948"},{"taxonomy":"post_tag","embeddable":true,"href":"https:\/\/www.shqiperia.com\/blog\/wp-json\/wp\/v2\/tags?post=31948"}],"curies":[{"name":"wp","href":"https:\/\/api.w.org\/{rel}","templated":true}]}}