{"id":31941,"date":"2020-03-01T07:23:54","date_gmt":"2020-03-01T07:23:54","guid":{"rendered":"https:\/\/www.shqiperia.com\/blog\/?p=31941"},"modified":"2020-03-01T07:23:54","modified_gmt":"2020-03-01T07:23:54","slug":"kuriozitet-pemet-qe-duken-si-njerez-apo-dragonj-misteri-i-madh-qe-fshehin-foto-2","status":"publish","type":"post","link":"https:\/\/www.shqiperia.com\/blog\/kuriozitet-pemet-qe-duken-si-njerez-apo-dragonj-misteri-i-madh-qe-fshehin-foto-2\/","title":{"rendered":"Kuriozitet: &#8211; Pem\u00ebt q\u00eb duken si njer\u00ebz apo dragonj, misteri i madh q\u00eb fshehin (Foto)"},"content":{"rendered":"<p><img data-recalc-dims=\"1\" loading=\"lazy\" decoding=\"async\" data-attachment-id=\"31942\" data-permalink=\"https:\/\/www.shqiperia.com\/blog\/kuriozitet-pemet-qe-duken-si-njerez-apo-dragonj-misteri-i-madh-qe-fshehin-foto-2\/1-pemet-qe-duken-si-njerez-apo-dragonj-3\/\" data-orig-file=\"https:\/\/i0.wp.com\/www.shqiperia.com\/blog\/wp-content\/uploads\/2020\/03\/1-Pem%C3%ABt-q%C3%AB-duken-si-njer%C3%ABz-apo-dragonj-2.jpg?fit=632%2C400&amp;ssl=1\" data-orig-size=\"632,400\" data-comments-opened=\"1\" data-image-meta=\"{&quot;aperture&quot;:&quot;0&quot;,&quot;credit&quot;:&quot;&quot;,&quot;camera&quot;:&quot;&quot;,&quot;caption&quot;:&quot;&quot;,&quot;created_timestamp&quot;:&quot;0&quot;,&quot;copyright&quot;:&quot;&quot;,&quot;focal_length&quot;:&quot;0&quot;,&quot;iso&quot;:&quot;0&quot;,&quot;shutter_speed&quot;:&quot;0&quot;,&quot;title&quot;:&quot;&quot;,&quot;orientation&quot;:&quot;0&quot;}\" data-image-title=\"1 Pem\u00ebt q\u00eb duken si njer\u00ebz apo dragonj,\" data-image-description=\"\" data-image-caption=\"\" data-medium-file=\"https:\/\/i0.wp.com\/www.shqiperia.com\/blog\/wp-content\/uploads\/2020\/03\/1-Pem%C3%ABt-q%C3%AB-duken-si-njer%C3%ABz-apo-dragonj-2.jpg?fit=300%2C190&amp;ssl=1\" data-large-file=\"https:\/\/i0.wp.com\/www.shqiperia.com\/blog\/wp-content\/uploads\/2020\/03\/1-Pem%C3%ABt-q%C3%AB-duken-si-njer%C3%ABz-apo-dragonj-2.jpg?fit=632%2C400&amp;ssl=1\" class=\"alignnone  wp-image-31942\" alt=\"\" src=\"https:\/\/i0.wp.com\/www.shqiperia.com\/blog\/wp-content\/uploads\/2020\/03\/1-Pem%C3%ABt-q%C3%AB-duken-si-njer%C3%ABz-apo-dragonj-2.jpg?resize=600%2C380&#038;ssl=1\" width=\"600\" height=\"380\" srcset=\"https:\/\/i0.wp.com\/www.shqiperia.com\/blog\/wp-content\/uploads\/2020\/03\/1-Pem%C3%ABt-q%C3%AB-duken-si-njer%C3%ABz-apo-dragonj-2.jpg?resize=300%2C190&amp;ssl=1 300w, https:\/\/i0.wp.com\/www.shqiperia.com\/blog\/wp-content\/uploads\/2020\/03\/1-Pem%C3%ABt-q%C3%AB-duken-si-njer%C3%ABz-apo-dragonj-2.jpg?resize=450%2C285&amp;ssl=1 450w, https:\/\/i0.wp.com\/www.shqiperia.com\/blog\/wp-content\/uploads\/2020\/03\/1-Pem%C3%ABt-q%C3%AB-duken-si-njer%C3%ABz-apo-dragonj-2.jpg?resize=600%2C380&amp;ssl=1 600w, https:\/\/i0.wp.com\/www.shqiperia.com\/blog\/wp-content\/uploads\/2020\/03\/1-Pem%C3%ABt-q%C3%AB-duken-si-njer%C3%ABz-apo-dragonj-2.jpg?resize=400%2C253&amp;ssl=1 400w, https:\/\/i0.wp.com\/www.shqiperia.com\/blog\/wp-content\/uploads\/2020\/03\/1-Pem%C3%ABt-q%C3%AB-duken-si-njer%C3%ABz-apo-dragonj-2.jpg?w=632&amp;ssl=1 632w\" sizes=\"auto, (max-width: 600px) 100vw, 600px\" \/><\/p>\n<p><strong>Kuriozitet: &#8211; Pem\u00ebt q\u00eb duken si njer\u00ebz apo dragonj, misteri i madh q\u00eb fshehin (Foto)<\/strong><\/p>\n<p>Natyra \u00ebsht\u00eb nj\u00eb mrekulli e v\u00ebrtet\u00eb. T\u00eb ndihmuara nga fantazia, nga nj\u00eb drit\u00ebhije e ve\u00e7ant\u00eb, nga frika ose besimet tona, konturet e disa pem\u00ebve mund t\u00eb shnd\u00ebrrohen n\u00eb qenie mitologjike, figura njer\u00ebzish ose kafsh\u00ebsh, me nj\u00eb ngjashm\u00ebri mbres\u00ebl\u00ebn\u00ebse.<\/p>\n<p><img data-recalc-dims=\"1\" loading=\"lazy\" decoding=\"async\" data-attachment-id=\"31926\" data-permalink=\"https:\/\/www.shqiperia.com\/blog\/kuriozitet-pemet-qe-duken-si-njerez-apo-dragonj-misteri-i-madh-qe-fshehin-foto\/pemet-qe-duken-si-njerez-apo-dragonj-2\/\" data-orig-file=\"https:\/\/i0.wp.com\/www.shqiperia.com\/blog\/wp-content\/uploads\/2020\/03\/Pem%C3%ABt-q%C3%AB-duken-si-njer%C3%ABz-apo-dragonj-2.jpg?fit=632%2C399&amp;ssl=1\" data-orig-size=\"632,399\" data-comments-opened=\"1\" data-image-meta=\"{&quot;aperture&quot;:&quot;0&quot;,&quot;credit&quot;:&quot;&quot;,&quot;camera&quot;:&quot;&quot;,&quot;caption&quot;:&quot;&quot;,&quot;created_timestamp&quot;:&quot;0&quot;,&quot;copyright&quot;:&quot;&quot;,&quot;focal_length&quot;:&quot;0&quot;,&quot;iso&quot;:&quot;0&quot;,&quot;shutter_speed&quot;:&quot;0&quot;,&quot;title&quot;:&quot;&quot;,&quot;orientation&quot;:&quot;0&quot;}\" data-image-title=\"Pem\u00ebt q\u00eb duken si njer\u00ebz apo dragonj, (2)\" data-image-description=\"\" data-image-caption=\"\" data-medium-file=\"https:\/\/i0.wp.com\/www.shqiperia.com\/blog\/wp-content\/uploads\/2020\/03\/Pem%C3%ABt-q%C3%AB-duken-si-njer%C3%ABz-apo-dragonj-2.jpg?fit=300%2C189&amp;ssl=1\" data-large-file=\"https:\/\/i0.wp.com\/www.shqiperia.com\/blog\/wp-content\/uploads\/2020\/03\/Pem%C3%ABt-q%C3%AB-duken-si-njer%C3%ABz-apo-dragonj-2.jpg?fit=632%2C399&amp;ssl=1\" class=\"alignnone  wp-image-31926\" alt=\"\" src=\"https:\/\/i0.wp.com\/www.shqiperia.com\/blog\/wp-content\/uploads\/2020\/03\/Pem%C3%ABt-q%C3%AB-duken-si-njer%C3%ABz-apo-dragonj-2.jpg?resize=762%2C480&#038;ssl=1\" width=\"762\" height=\"480\" srcset=\"https:\/\/i0.wp.com\/www.shqiperia.com\/blog\/wp-content\/uploads\/2020\/03\/Pem%C3%ABt-q%C3%AB-duken-si-njer%C3%ABz-apo-dragonj-2.jpg?resize=300%2C189&amp;ssl=1 300w, https:\/\/i0.wp.com\/www.shqiperia.com\/blog\/wp-content\/uploads\/2020\/03\/Pem%C3%ABt-q%C3%AB-duken-si-njer%C3%ABz-apo-dragonj-2.jpg?resize=450%2C284&amp;ssl=1 450w, https:\/\/i0.wp.com\/www.shqiperia.com\/blog\/wp-content\/uploads\/2020\/03\/Pem%C3%ABt-q%C3%AB-duken-si-njer%C3%ABz-apo-dragonj-2.jpg?resize=600%2C379&amp;ssl=1 600w, https:\/\/i0.wp.com\/www.shqiperia.com\/blog\/wp-content\/uploads\/2020\/03\/Pem%C3%ABt-q%C3%AB-duken-si-njer%C3%ABz-apo-dragonj-2.jpg?resize=400%2C253&amp;ssl=1 400w, https:\/\/i0.wp.com\/www.shqiperia.com\/blog\/wp-content\/uploads\/2020\/03\/Pem%C3%ABt-q%C3%AB-duken-si-njer%C3%ABz-apo-dragonj-2.jpg?w=632&amp;ssl=1 632w\" sizes=\"auto, (max-width: 762px) 100vw, 762px\" \/> <img data-recalc-dims=\"1\" loading=\"lazy\" decoding=\"async\" data-attachment-id=\"31927\" data-permalink=\"https:\/\/www.shqiperia.com\/blog\/kuriozitet-pemet-qe-duken-si-njerez-apo-dragonj-misteri-i-madh-qe-fshehin-foto\/pemet-qe-duken-si-njerez-apo-dragonj-3\/\" data-orig-file=\"https:\/\/i0.wp.com\/www.shqiperia.com\/blog\/wp-content\/uploads\/2020\/03\/Pem%C3%ABt-q%C3%AB-duken-si-njer%C3%ABz-apo-dragonj-3.jpg?fit=625%2C728&amp;ssl=1\" data-orig-size=\"625,728\" data-comments-opened=\"1\" data-image-meta=\"{&quot;aperture&quot;:&quot;0&quot;,&quot;credit&quot;:&quot;&quot;,&quot;camera&quot;:&quot;&quot;,&quot;caption&quot;:&quot;&quot;,&quot;created_timestamp&quot;:&quot;0&quot;,&quot;copyright&quot;:&quot;&quot;,&quot;focal_length&quot;:&quot;0&quot;,&quot;iso&quot;:&quot;0&quot;,&quot;shutter_speed&quot;:&quot;0&quot;,&quot;title&quot;:&quot;&quot;,&quot;orientation&quot;:&quot;0&quot;}\" data-image-title=\"Pem\u00ebt q\u00eb duken si njer\u00ebz apo dragonj, (3)\" data-image-description=\"\" data-image-caption=\"\" data-medium-file=\"https:\/\/i0.wp.com\/www.shqiperia.com\/blog\/wp-content\/uploads\/2020\/03\/Pem%C3%ABt-q%C3%AB-duken-si-njer%C3%ABz-apo-dragonj-3.jpg?fit=258%2C300&amp;ssl=1\" data-large-file=\"https:\/\/i0.wp.com\/www.shqiperia.com\/blog\/wp-content\/uploads\/2020\/03\/Pem%C3%ABt-q%C3%AB-duken-si-njer%C3%ABz-apo-dragonj-3.jpg?fit=625%2C728&amp;ssl=1\" class=\"alignnone  wp-image-31927\" alt=\"\" src=\"https:\/\/i0.wp.com\/www.shqiperia.com\/blog\/wp-content\/uploads\/2020\/03\/Pem%C3%ABt-q%C3%AB-duken-si-njer%C3%ABz-apo-dragonj-3.jpg?resize=534%2C621&#038;ssl=1\" width=\"534\" height=\"621\" srcset=\"https:\/\/i0.wp.com\/www.shqiperia.com\/blog\/wp-content\/uploads\/2020\/03\/Pem%C3%ABt-q%C3%AB-duken-si-njer%C3%ABz-apo-dragonj-3.jpg?resize=258%2C300&amp;ssl=1 258w, https:\/\/i0.wp.com\/www.shqiperia.com\/blog\/wp-content\/uploads\/2020\/03\/Pem%C3%ABt-q%C3%AB-duken-si-njer%C3%ABz-apo-dragonj-3.jpg?resize=450%2C524&amp;ssl=1 450w, https:\/\/i0.wp.com\/www.shqiperia.com\/blog\/wp-content\/uploads\/2020\/03\/Pem%C3%ABt-q%C3%AB-duken-si-njer%C3%ABz-apo-dragonj-3.jpg?resize=600%2C699&amp;ssl=1 600w, https:\/\/i0.wp.com\/www.shqiperia.com\/blog\/wp-content\/uploads\/2020\/03\/Pem%C3%ABt-q%C3%AB-duken-si-njer%C3%ABz-apo-dragonj-3.jpg?resize=400%2C466&amp;ssl=1 400w, https:\/\/i0.wp.com\/www.shqiperia.com\/blog\/wp-content\/uploads\/2020\/03\/Pem%C3%ABt-q%C3%AB-duken-si-njer%C3%ABz-apo-dragonj-3.jpg?w=625&amp;ssl=1 625w\" sizes=\"auto, (max-width: 534px) 100vw, 534px\" \/> <img data-recalc-dims=\"1\" loading=\"lazy\" decoding=\"async\" data-attachment-id=\"31928\" data-permalink=\"https:\/\/www.shqiperia.com\/blog\/kuriozitet-pemet-qe-duken-si-njerez-apo-dragonj-misteri-i-madh-qe-fshehin-foto\/pemet-qe-duken-si-njerez-apo-dragonj-4\/\" data-orig-file=\"https:\/\/i0.wp.com\/www.shqiperia.com\/blog\/wp-content\/uploads\/2020\/03\/Pem%C3%ABt-q%C3%AB-duken-si-njer%C3%ABz-apo-dragonj-4.jpg?fit=631%2C615&amp;ssl=1\" data-orig-size=\"631,615\" data-comments-opened=\"1\" data-image-meta=\"{&quot;aperture&quot;:&quot;0&quot;,&quot;credit&quot;:&quot;&quot;,&quot;camera&quot;:&quot;&quot;,&quot;caption&quot;:&quot;&quot;,&quot;created_timestamp&quot;:&quot;0&quot;,&quot;copyright&quot;:&quot;&quot;,&quot;focal_length&quot;:&quot;0&quot;,&quot;iso&quot;:&quot;0&quot;,&quot;shutter_speed&quot;:&quot;0&quot;,&quot;title&quot;:&quot;&quot;,&quot;orientation&quot;:&quot;0&quot;}\" data-image-title=\"Pem\u00ebt q\u00eb duken si njer\u00ebz apo dragonj, (4)\" data-image-description=\"\" data-image-caption=\"\" data-medium-file=\"https:\/\/i0.wp.com\/www.shqiperia.com\/blog\/wp-content\/uploads\/2020\/03\/Pem%C3%ABt-q%C3%AB-duken-si-njer%C3%ABz-apo-dragonj-4.jpg?fit=300%2C292&amp;ssl=1\" data-large-file=\"https:\/\/i0.wp.com\/www.shqiperia.com\/blog\/wp-content\/uploads\/2020\/03\/Pem%C3%ABt-q%C3%AB-duken-si-njer%C3%ABz-apo-dragonj-4.jpg?fit=631%2C615&amp;ssl=1\" class=\"alignnone  wp-image-31928\" alt=\"\" src=\"https:\/\/i0.wp.com\/www.shqiperia.com\/blog\/wp-content\/uploads\/2020\/03\/Pem%C3%ABt-q%C3%AB-duken-si-njer%C3%ABz-apo-dragonj-4.jpg?resize=658%2C643&#038;ssl=1\" width=\"658\" height=\"643\" srcset=\"https:\/\/i0.wp.com\/www.shqiperia.com\/blog\/wp-content\/uploads\/2020\/03\/Pem%C3%ABt-q%C3%AB-duken-si-njer%C3%ABz-apo-dragonj-4.jpg?resize=300%2C292&amp;ssl=1 300w, https:\/\/i0.wp.com\/www.shqiperia.com\/blog\/wp-content\/uploads\/2020\/03\/Pem%C3%ABt-q%C3%AB-duken-si-njer%C3%ABz-apo-dragonj-4.jpg?resize=450%2C439&amp;ssl=1 450w, https:\/\/i0.wp.com\/www.shqiperia.com\/blog\/wp-content\/uploads\/2020\/03\/Pem%C3%ABt-q%C3%AB-duken-si-njer%C3%ABz-apo-dragonj-4.jpg?resize=600%2C585&amp;ssl=1 600w, https:\/\/i0.wp.com\/www.shqiperia.com\/blog\/wp-content\/uploads\/2020\/03\/Pem%C3%ABt-q%C3%AB-duken-si-njer%C3%ABz-apo-dragonj-4.jpg?resize=65%2C65&amp;ssl=1 65w, https:\/\/i0.wp.com\/www.shqiperia.com\/blog\/wp-content\/uploads\/2020\/03\/Pem%C3%ABt-q%C3%AB-duken-si-njer%C3%ABz-apo-dragonj-4.jpg?resize=50%2C50&amp;ssl=1 50w, https:\/\/i0.wp.com\/www.shqiperia.com\/blog\/wp-content\/uploads\/2020\/03\/Pem%C3%ABt-q%C3%AB-duken-si-njer%C3%ABz-apo-dragonj-4.jpg?resize=400%2C390&amp;ssl=1 400w\" sizes=\"auto, (max-width: 658px) 100vw, 658px\" \/><\/p>\n<p>Pamjet nga e gjith\u00eb bota tregojn\u00eb nj\u00eb pem\u00eb ulliri q\u00eb ngjan me statuj\u00ebn e njeriut q\u00eb mendon, nj\u00eb trung i shnd\u00ebrruar n\u00eb nj\u00eb f\u00ebmij\u00eb q\u00eb p\u00ebrqafon t\u00eb \u00ebm\u00ebn, madje edhe prerja e nj\u00eb peme kthehet n\u00eb mistike nga forma e nj\u00eb engj\u00eblli shpres\u00ebdh\u00ebn\u00ebs.<\/p>\n<p><img data-recalc-dims=\"1\" loading=\"lazy\" decoding=\"async\" data-attachment-id=\"31944\" data-permalink=\"https:\/\/www.shqiperia.com\/blog\/kuriozitet-pemet-qe-duken-si-njerez-apo-dragonj-misteri-i-madh-qe-fshehin-foto-2\/pemet-qe-duken-si-njerez-apo-dragonj-5-2\/\" data-orig-file=\"https:\/\/i0.wp.com\/www.shqiperia.com\/blog\/wp-content\/uploads\/2020\/03\/Pem%C3%ABt-q%C3%AB-duken-si-njer%C3%ABz-apo-dragonj-5-1.jpg?fit=631%2C821&amp;ssl=1\" data-orig-size=\"631,821\" data-comments-opened=\"1\" data-image-meta=\"{&quot;aperture&quot;:&quot;0&quot;,&quot;credit&quot;:&quot;&quot;,&quot;camera&quot;:&quot;&quot;,&quot;caption&quot;:&quot;&quot;,&quot;created_timestamp&quot;:&quot;0&quot;,&quot;copyright&quot;:&quot;&quot;,&quot;focal_length&quot;:&quot;0&quot;,&quot;iso&quot;:&quot;0&quot;,&quot;shutter_speed&quot;:&quot;0&quot;,&quot;title&quot;:&quot;&quot;,&quot;orientation&quot;:&quot;0&quot;}\" data-image-title=\"Pem\u00ebt q\u00eb duken si njer\u00ebz apo dragonj, (5)\" data-image-description=\"\" data-image-caption=\"\" data-medium-file=\"https:\/\/i0.wp.com\/www.shqiperia.com\/blog\/wp-content\/uploads\/2020\/03\/Pem%C3%ABt-q%C3%AB-duken-si-njer%C3%ABz-apo-dragonj-5-1.jpg?fit=231%2C300&amp;ssl=1\" data-large-file=\"https:\/\/i0.wp.com\/www.shqiperia.com\/blog\/wp-content\/uploads\/2020\/03\/Pem%C3%ABt-q%C3%AB-duken-si-njer%C3%ABz-apo-dragonj-5-1.jpg?fit=631%2C821&amp;ssl=1\" class=\"alignnone  wp-image-31944\" alt=\"\" src=\"https:\/\/i0.wp.com\/www.shqiperia.com\/blog\/wp-content\/uploads\/2020\/03\/Pem%C3%ABt-q%C3%AB-duken-si-njer%C3%ABz-apo-dragonj-5-1.jpg?resize=579%2C752&#038;ssl=1\" width=\"579\" height=\"752\" srcset=\"https:\/\/i0.wp.com\/www.shqiperia.com\/blog\/wp-content\/uploads\/2020\/03\/Pem%C3%ABt-q%C3%AB-duken-si-njer%C3%ABz-apo-dragonj-5-1.jpg?resize=231%2C300&amp;ssl=1 231w, https:\/\/i0.wp.com\/www.shqiperia.com\/blog\/wp-content\/uploads\/2020\/03\/Pem%C3%ABt-q%C3%AB-duken-si-njer%C3%ABz-apo-dragonj-5-1.jpg?resize=450%2C585&amp;ssl=1 450w, https:\/\/i0.wp.com\/www.shqiperia.com\/blog\/wp-content\/uploads\/2020\/03\/Pem%C3%ABt-q%C3%AB-duken-si-njer%C3%ABz-apo-dragonj-5-1.jpg?resize=400%2C520&amp;ssl=1 400w, https:\/\/i0.wp.com\/www.shqiperia.com\/blog\/wp-content\/uploads\/2020\/03\/Pem%C3%ABt-q%C3%AB-duken-si-njer%C3%ABz-apo-dragonj-5-1.jpg?w=631&amp;ssl=1 631w\" sizes=\"auto, (max-width: 579px) 100vw, 579px\" \/> <img data-recalc-dims=\"1\" loading=\"lazy\" decoding=\"async\" data-attachment-id=\"31945\" data-permalink=\"https:\/\/www.shqiperia.com\/blog\/kuriozitet-pemet-qe-duken-si-njerez-apo-dragonj-misteri-i-madh-qe-fshehin-foto-2\/pemet-qe-duken-si-njerez-apo-dragonj-6-2\/\" data-orig-file=\"https:\/\/i0.wp.com\/www.shqiperia.com\/blog\/wp-content\/uploads\/2020\/03\/Pem%C3%ABt-q%C3%AB-duken-si-njer%C3%ABz-apo-dragonj-6-1.jpg?fit=631%2C961&amp;ssl=1\" data-orig-size=\"631,961\" data-comments-opened=\"1\" data-image-meta=\"{&quot;aperture&quot;:&quot;0&quot;,&quot;credit&quot;:&quot;&quot;,&quot;camera&quot;:&quot;&quot;,&quot;caption&quot;:&quot;&quot;,&quot;created_timestamp&quot;:&quot;0&quot;,&quot;copyright&quot;:&quot;&quot;,&quot;focal_length&quot;:&quot;0&quot;,&quot;iso&quot;:&quot;0&quot;,&quot;shutter_speed&quot;:&quot;0&quot;,&quot;title&quot;:&quot;&quot;,&quot;orientation&quot;:&quot;0&quot;}\" data-image-title=\"Pem\u00ebt q\u00eb duken si njer\u00ebz apo dragonj, (6)\" data-image-description=\"\" data-image-caption=\"\" data-medium-file=\"https:\/\/i0.wp.com\/www.shqiperia.com\/blog\/wp-content\/uploads\/2020\/03\/Pem%C3%ABt-q%C3%AB-duken-si-njer%C3%ABz-apo-dragonj-6-1.jpg?fit=197%2C300&amp;ssl=1\" data-large-file=\"https:\/\/i0.wp.com\/www.shqiperia.com\/blog\/wp-content\/uploads\/2020\/03\/Pem%C3%ABt-q%C3%AB-duken-si-njer%C3%ABz-apo-dragonj-6-1.jpg?fit=631%2C961&amp;ssl=1\" class=\"alignnone  wp-image-31945\" alt=\"\" src=\"https:\/\/i0.wp.com\/www.shqiperia.com\/blog\/wp-content\/uploads\/2020\/03\/Pem%C3%ABt-q%C3%AB-duken-si-njer%C3%ABz-apo-dragonj-6-1.jpg?resize=525%2C795&#038;ssl=1\" width=\"525\" height=\"795\" \/> <img data-recalc-dims=\"1\" loading=\"lazy\" decoding=\"async\" data-attachment-id=\"31946\" data-permalink=\"https:\/\/www.shqiperia.com\/blog\/kuriozitet-pemet-qe-duken-si-njerez-apo-dragonj-misteri-i-madh-qe-fshehin-foto-2\/pemet-qe-duken-si-njerez-apo-dragonj-7-2\/\" data-orig-file=\"https:\/\/i0.wp.com\/www.shqiperia.com\/blog\/wp-content\/uploads\/2020\/03\/Pem%C3%ABt-q%C3%AB-duken-si-njer%C3%ABz-apo-dragonj-7-1.jpg?fit=631%2C812&amp;ssl=1\" data-orig-size=\"631,812\" data-comments-opened=\"1\" data-image-meta=\"{&quot;aperture&quot;:&quot;0&quot;,&quot;credit&quot;:&quot;&quot;,&quot;camera&quot;:&quot;&quot;,&quot;caption&quot;:&quot;&quot;,&quot;created_timestamp&quot;:&quot;0&quot;,&quot;copyright&quot;:&quot;&quot;,&quot;focal_length&quot;:&quot;0&quot;,&quot;iso&quot;:&quot;0&quot;,&quot;shutter_speed&quot;:&quot;0&quot;,&quot;title&quot;:&quot;&quot;,&quot;orientation&quot;:&quot;0&quot;}\" data-image-title=\"Pem\u00ebt q\u00eb duken si njer\u00ebz apo dragonj, (7)\" data-image-description=\"\" data-image-caption=\"\" data-medium-file=\"https:\/\/i0.wp.com\/www.shqiperia.com\/blog\/wp-content\/uploads\/2020\/03\/Pem%C3%ABt-q%C3%AB-duken-si-njer%C3%ABz-apo-dragonj-7-1.jpg?fit=233%2C300&amp;ssl=1\" data-large-file=\"https:\/\/i0.wp.com\/www.shqiperia.com\/blog\/wp-content\/uploads\/2020\/03\/Pem%C3%ABt-q%C3%AB-duken-si-njer%C3%ABz-apo-dragonj-7-1.jpg?fit=631%2C812&amp;ssl=1\" class=\"alignnone  wp-image-31946\" alt=\"\" src=\"https:\/\/i0.wp.com\/www.shqiperia.com\/blog\/wp-content\/uploads\/2020\/03\/Pem%C3%ABt-q%C3%AB-duken-si-njer%C3%ABz-apo-dragonj-7-1.jpg?resize=581%2C748&#038;ssl=1\" width=\"581\" height=\"748\" srcset=\"https:\/\/i0.wp.com\/www.shqiperia.com\/blog\/wp-content\/uploads\/2020\/03\/Pem%C3%ABt-q%C3%AB-duken-si-njer%C3%ABz-apo-dragonj-7-1.jpg?resize=233%2C300&amp;ssl=1 233w, https:\/\/i0.wp.com\/www.shqiperia.com\/blog\/wp-content\/uploads\/2020\/03\/Pem%C3%ABt-q%C3%AB-duken-si-njer%C3%ABz-apo-dragonj-7-1.jpg?resize=450%2C579&amp;ssl=1 450w, https:\/\/i0.wp.com\/www.shqiperia.com\/blog\/wp-content\/uploads\/2020\/03\/Pem%C3%ABt-q%C3%AB-duken-si-njer%C3%ABz-apo-dragonj-7-1.jpg?resize=600%2C772&amp;ssl=1 600w, https:\/\/i0.wp.com\/www.shqiperia.com\/blog\/wp-content\/uploads\/2020\/03\/Pem%C3%ABt-q%C3%AB-duken-si-njer%C3%ABz-apo-dragonj-7-1.jpg?resize=400%2C515&amp;ssl=1 400w, https:\/\/i0.wp.com\/www.shqiperia.com\/blog\/wp-content\/uploads\/2020\/03\/Pem%C3%ABt-q%C3%AB-duken-si-njer%C3%ABz-apo-dragonj-7-1.jpg?w=631&amp;ssl=1 631w\" sizes=\"auto, (max-width: 581px) 100vw, 581px\" \/><\/p>\n<p><img data-recalc-dims=\"1\" loading=\"lazy\" decoding=\"async\" data-attachment-id=\"31943\" data-permalink=\"https:\/\/www.shqiperia.com\/blog\/kuriozitet-pemet-qe-duken-si-njerez-apo-dragonj-misteri-i-madh-qe-fshehin-foto-2\/1-pemet-qe-duken-si-njerez-apo-dragonj-4\/\" data-orig-file=\"https:\/\/i0.wp.com\/www.shqiperia.com\/blog\/wp-content\/uploads\/2020\/03\/1-Pem%C3%ABt-q%C3%AB-duken-si-njer%C3%ABz-apo-dragonj-3.jpg?fit=632%2C400&amp;ssl=1\" data-orig-size=\"632,400\" data-comments-opened=\"1\" data-image-meta=\"{&quot;aperture&quot;:&quot;0&quot;,&quot;credit&quot;:&quot;&quot;,&quot;camera&quot;:&quot;&quot;,&quot;caption&quot;:&quot;&quot;,&quot;created_timestamp&quot;:&quot;0&quot;,&quot;copyright&quot;:&quot;&quot;,&quot;focal_length&quot;:&quot;0&quot;,&quot;iso&quot;:&quot;0&quot;,&quot;shutter_speed&quot;:&quot;0&quot;,&quot;title&quot;:&quot;&quot;,&quot;orientation&quot;:&quot;0&quot;}\" data-image-title=\"1 Pem\u00ebt q\u00eb duken si njer\u00ebz apo dragonj,\" data-image-description=\"\" data-image-caption=\"\" data-medium-file=\"https:\/\/i0.wp.com\/www.shqiperia.com\/blog\/wp-content\/uploads\/2020\/03\/1-Pem%C3%ABt-q%C3%AB-duken-si-njer%C3%ABz-apo-dragonj-3.jpg?fit=300%2C190&amp;ssl=1\" data-large-file=\"https:\/\/i0.wp.com\/www.shqiperia.com\/blog\/wp-content\/uploads\/2020\/03\/1-Pem%C3%ABt-q%C3%AB-duken-si-njer%C3%ABz-apo-dragonj-3.jpg?fit=632%2C400&amp;ssl=1\" class=\"alignnone  wp-image-31943\" alt=\"\" src=\"https:\/\/i0.wp.com\/www.shqiperia.com\/blog\/wp-content\/uploads\/2020\/03\/1-Pem%C3%ABt-q%C3%AB-duken-si-njer%C3%ABz-apo-dragonj-3.jpg?resize=883%2C559&#038;ssl=1\" width=\"883\" height=\"559\" srcset=\"https:\/\/i0.wp.com\/www.shqiperia.com\/blog\/wp-content\/uploads\/2020\/03\/1-Pem%C3%ABt-q%C3%AB-duken-si-njer%C3%ABz-apo-dragonj-3.jpg?resize=300%2C190&amp;ssl=1 300w, https:\/\/i0.wp.com\/www.shqiperia.com\/blog\/wp-content\/uploads\/2020\/03\/1-Pem%C3%ABt-q%C3%AB-duken-si-njer%C3%ABz-apo-dragonj-3.jpg?resize=450%2C285&amp;ssl=1 450w, https:\/\/i0.wp.com\/www.shqiperia.com\/blog\/wp-content\/uploads\/2020\/03\/1-Pem%C3%ABt-q%C3%AB-duken-si-njer%C3%ABz-apo-dragonj-3.jpg?resize=600%2C380&amp;ssl=1 600w, https:\/\/i0.wp.com\/www.shqiperia.com\/blog\/wp-content\/uploads\/2020\/03\/1-Pem%C3%ABt-q%C3%AB-duken-si-njer%C3%ABz-apo-dragonj-3.jpg?resize=400%2C253&amp;ssl=1 400w, https:\/\/i0.wp.com\/www.shqiperia.com\/blog\/wp-content\/uploads\/2020\/03\/1-Pem%C3%ABt-q%C3%AB-duken-si-njer%C3%ABz-apo-dragonj-3.jpg?w=632&amp;ssl=1 632w\" sizes=\"auto, (max-width: 883px) 100vw, 883px\" \/><\/p>\n<p><strong>\u00a9Copyright Gazeta SHQIP<\/strong><\/p>\n","protected":false},"excerpt":{"rendered":"<p>Kuriozitet: &#8211; Pem\u00ebt q\u00eb duken si njer\u00ebz apo dragonj, misteri i madh q\u00eb fshehin (Foto) Natyra \u00ebsht\u00eb nj\u00eb mrekulli e v\u00ebrtet\u00eb. T\u00eb ndihmuara nga fantazia, nga nj\u00eb drit\u00ebhije e ve\u00e7ant\u00eb, nga frika ose besimet tona, konturet e disa pem\u00ebve mund t\u00eb shnd\u00ebrrohen n\u00eb qenie mitologjike, figura njer\u00ebzish ose kafsh\u00ebsh, me nj\u00eb ngjashm\u00ebri mbres\u00ebl\u00ebn\u00ebse. Pamjet nga [&hellip;]<\/p>\n","protected":false},"author":9,"featured_media":31942,"comment_status":"open","ping_status":"open","sticky":false,"template":"","format":"standard","meta":{"jetpack_post_was_ever_published":false,"_jetpack_newsletter_access":"","_jetpack_dont_email_post_to_subs":false,"_jetpack_newsletter_tier_id":0,"_jetpack_memberships_contains_paywalled_content":false,"_jetpack_memberships_contains_paid_content":false,"footnotes":"","jetpack_publicize_message":"","jetpack_publicize_feature_enabled":true,"jetpack_social_post_already_shared":true,"jetpack_social_options":{"image_generator_settings":{"template":"highway","default_image_id":0,"font":"","enabled":false},"version":2}},"categories":[27,14],"tags":[],"class_list":["post-31941","post","type-post","status-publish","format-standard","has-post-thumbnail","hentry","category-blogu-i-udhetarit","category-press-releases"],"jetpack_publicize_connections":[],"jetpack_featured_media_url":"https:\/\/i0.wp.com\/www.shqiperia.com\/blog\/wp-content\/uploads\/2020\/03\/1-Pem%C3%ABt-q%C3%AB-duken-si-njer%C3%ABz-apo-dragonj-2.jpg?fit=632%2C400&ssl=1","jetpack_sharing_enabled":true,"jetpack_shortlink":"https:\/\/wp.me\/p5Z6wp-8jb","jetpack-related-posts":[{"id":31924,"url":"https:\/\/www.shqiperia.com\/blog\/kuriozitet-pemet-qe-duken-si-njerez-apo-dragonj-misteri-i-madh-qe-fshehin-foto\/","url_meta":{"origin":31941,"position":0},"title":"Kuriozitet: &#8211; Pem\u00ebt q\u00eb duken si njer\u00ebz apo dragonj, misteri i madh q\u00eb fshehin (FOTO)","author":"Kurt Farka","date":"March 1, 2020","format":false,"excerpt":"Kuriozitet: - Pem\u00ebt q\u00eb duken si njer\u00ebz apo dragonj, misteri i madh q\u00eb fshehin (FOTO) Natyra \u00ebsht\u00eb nj\u00eb mrekulli e v\u00ebrtet\u00eb. T\u00eb ndihmuara nga fantazia, nga nj\u00eb drit\u00ebhije e ve\u00e7ant\u00eb, nga frika ose besimet tona, konturet e disa pem\u00ebve mund t\u00eb shnd\u00ebrrohen n\u00eb qenie mitologjike, figura njer\u00ebzish ose kafsh\u00ebsh, me\u2026","rel":"","context":"In &quot;Blogu i Udh\u00ebtarit&quot;","block_context":{"text":"Blogu i Udh\u00ebtarit","link":"https:\/\/www.shqiperia.com\/blog\/category\/blogu-i-udhetarit\/"},"img":{"alt_text":"","src":"https:\/\/i0.wp.com\/www.shqiperia.com\/blog\/wp-content\/uploads\/2020\/03\/1-Pem%C3%ABt-q%C3%AB-duken-si-njer%C3%ABz-apo-dragonj.jpg?fit=632%2C400&ssl=1&resize=350%2C200","width":350,"height":200,"srcset":"https:\/\/i0.wp.com\/www.shqiperia.com\/blog\/wp-content\/uploads\/2020\/03\/1-Pem%C3%ABt-q%C3%AB-duken-si-njer%C3%ABz-apo-dragonj.jpg?fit=632%2C400&ssl=1&resize=350%2C200 1x, https:\/\/i0.wp.com\/www.shqiperia.com\/blog\/wp-content\/uploads\/2020\/03\/1-Pem%C3%ABt-q%C3%AB-duken-si-njer%C3%ABz-apo-dragonj.jpg?fit=632%2C400&ssl=1&resize=525%2C300 1.5x"},"classes":[]},{"id":67983,"url":"https:\/\/www.shqiperia.com\/blog\/misteri-qe-po-shokon-boten-gjendet-i-qeshur-dhe-i-shendetshem-foshnja-pas-128-oresh-foto\/","url_meta":{"origin":31941,"position":1},"title":"Misteri q\u00eb po shokon bot\u00ebn! &#8211; Gjendet i qeshur dhe i sh\u00ebndetsh\u00ebm foshnja pas 128 or\u00ebsh. Foto.","author":"Kurt Farka","date":"February 14, 2023","format":false,"excerpt":"14 Shkurt 2023 K\u00ebrkimet p\u00ebr t\u00eb nxjerr\u00eb njer\u00ebz t\u00eb gjall\u00eb nga rr\u00ebnojat n\u00eb Turqi, vazhdojn\u00eb edhe pse shpresat jan\u00eb t\u00eb pakta. Nd\u00ebrkoh\u00eb 128 or\u00ebsh n\u00ebn rr\u00ebnoja, ekipet e shp\u00ebtimit kan\u00eb arritur t\u00eb nxjerrin t\u00eb gjall\u00eb nj\u00eb foshnje. Vog\u00eblushi jo vet\u00ebm q\u00eb nuk \u00ebsht\u00eb i trembur, po si\u00e7 shihet n\u00eb videon\u2026","rel":"","context":"In &quot;Blogu i Udh\u00ebtarit&quot;","block_context":{"text":"Blogu i Udh\u00ebtarit","link":"https:\/\/www.shqiperia.com\/blog\/category\/blogu-i-udhetarit\/"},"img":{"alt_text":"","src":"https:\/\/i0.wp.com\/www.shqiperia.com\/blog\/wp-content\/uploads\/2023\/02\/640-0-63eb53d587435.jpg?fit=640%2C326&ssl=1&resize=350%2C200","width":350,"height":200,"srcset":"https:\/\/i0.wp.com\/www.shqiperia.com\/blog\/wp-content\/uploads\/2023\/02\/640-0-63eb53d587435.jpg?fit=640%2C326&ssl=1&resize=350%2C200 1x, https:\/\/i0.wp.com\/www.shqiperia.com\/blog\/wp-content\/uploads\/2023\/02\/640-0-63eb53d587435.jpg?fit=640%2C326&ssl=1&resize=525%2C300 1.5x"},"classes":[]},{"id":42580,"url":"https:\/\/www.shqiperia.com\/blog\/kuriozitet-veprat-njerezore-peshojne-me-shume-se-te-gjitha-gjallesat-ne-toke\/","url_meta":{"origin":31941,"position":2},"title":"Kuriozitet: &#8211; Veprat njer\u00ebzore peshojn\u00eb m\u00eb shum\u00eb se t\u00eb gjitha gjallesat n\u00eb Tok\u00eb","author":"Kurt Farka","date":"January 4, 2021","format":false,"excerpt":"Kuriozitet: - Veprat njer\u00ebzore peshojn\u00eb m\u00eb shum\u00eb se t\u00eb gjitha gjallesat n\u00eb Tok\u00eb Njer\u00ebzimi p\u00ebrfaq\u00ebson nj\u00eb th\u00ebrrime t\u00eb totalit t\u00eb krijesave t\u00eb Tok\u00ebs, megjithat\u00eb ai ka arritur t\u00eb prodhoj\u00eb nj\u00eb sasi materiali m\u00eb t\u00eb bollsh\u00ebm se e gjith\u00eb biomasa (dometh\u00ebn\u00eb, grupi i organizmave t\u00eb gjall\u00eb), t\u00eb planetit. Sipas nj\u00eb studimi\u2026","rel":"","context":"In &quot;Blogu i Udh\u00ebtarit&quot;","block_context":{"text":"Blogu i Udh\u00ebtarit","link":"https:\/\/www.shqiperia.com\/blog\/category\/blogu-i-udhetarit\/"},"img":{"alt_text":"","src":"https:\/\/i0.wp.com\/www.shqiperia.com\/blog\/wp-content\/uploads\/2021\/01\/auto_antropogjen-1024x5761608155211-1.jpg?fit=900%2C506&ssl=1&resize=350%2C200","width":350,"height":200,"srcset":"https:\/\/i0.wp.com\/www.shqiperia.com\/blog\/wp-content\/uploads\/2021\/01\/auto_antropogjen-1024x5761608155211-1.jpg?fit=900%2C506&ssl=1&resize=350%2C200 1x, https:\/\/i0.wp.com\/www.shqiperia.com\/blog\/wp-content\/uploads\/2021\/01\/auto_antropogjen-1024x5761608155211-1.jpg?fit=900%2C506&ssl=1&resize=525%2C300 1.5x, https:\/\/i0.wp.com\/www.shqiperia.com\/blog\/wp-content\/uploads\/2021\/01\/auto_antropogjen-1024x5761608155211-1.jpg?fit=900%2C506&ssl=1&resize=700%2C400 2x"},"classes":[]},{"id":7869,"url":"https:\/\/www.shqiperia.com\/blog\/iliro-shqiptaret-ne-mitologji\/","url_meta":{"origin":31941,"position":3},"title":"Iliro-shqiptar\u00ebt n\u00eb mitologji. &#8211;","author":"Kurt Farka","date":"May 23, 2018","format":false,"excerpt":"Iliro-shqiptar\u00ebt n\u00eb mitologji. - Nga Tonin \u00c7obani. \u00cbsht\u00eb fjala p\u00ebr Mitin e Kadmit, q\u00eb \u201cilir\u00ebt i ka v\u00ebn\u00eb n\u00eb mitologjin\u00eb e grek\u00ebve t\u00eb lasht\u00eb\u201d, duke i radhitur p\u00ebrkrah kombeve m\u00eb t\u00eb hersh\u00ebm t\u00eb Europ\u00ebs\u201d. Ky p\u00ebrcaktim q\u00eb bashkon mitologjin\u00eb me t\u00eb sotmen \u00ebsht\u00eb nj\u00eb th\u00ebnie e akademikut t\u00eb shquar shqiptaro-kroat,\u2026","rel":"","context":"In &quot;Blogu i Udh\u00ebtarit&quot;","block_context":{"text":"Blogu i Udh\u00ebtarit","link":"https:\/\/www.shqiperia.com\/blog\/category\/blogu-i-udhetarit\/"},"img":{"alt_text":"","src":"https:\/\/i0.wp.com\/www.shqiperia.com\/blog\/wp-content\/uploads\/2018\/05\/tonin-cobani.jpg?fit=633%2C440&ssl=1&resize=350%2C200","width":350,"height":200,"srcset":"https:\/\/i0.wp.com\/www.shqiperia.com\/blog\/wp-content\/uploads\/2018\/05\/tonin-cobani.jpg?fit=633%2C440&ssl=1&resize=350%2C200 1x, https:\/\/i0.wp.com\/www.shqiperia.com\/blog\/wp-content\/uploads\/2018\/05\/tonin-cobani.jpg?fit=633%2C440&ssl=1&resize=525%2C300 1.5x"},"classes":[]},{"id":70973,"url":"https:\/\/www.shqiperia.com\/blog\/njihuni-me-peshkun-gorilla-qe-ka-bere-lemsh-rrjetin\/","url_meta":{"origin":31941,"position":4},"title":"Njihuni me peshkun gorilla q\u00eb ka b\u00ebr\u00eb &#8220;l\u00ebmsh&#8221; rrjetin","author":"Kurt Farka","date":"April 22, 2023","format":false,"excerpt":"22 Prill 2023 Disa pretendojn\u00eb se ky peshk \u00ebsht\u00eb nj\u00eb specie e v\u00ebrtet\u00eb dhe e ve\u00e7ant\u00eb, nd\u00ebrsa t\u00eb tjer\u00eb besojn\u00eb se \u00ebsht\u00eb nj\u00eb krijim photoshop. Ka pasur disa debate dhe polemika rreth ekzistenc\u00ebs s\u00eb nj\u00eb lloji peshku t\u00eb quajtur\u00a0peshku gorilla\u00a0.\u00a0Disa pretendojn\u00eb se ky peshk \u00ebsht\u00eb nj\u00eb specie e v\u00ebrtet\u00eb dhe\u2026","rel":"","context":"In &quot;Blogu i Udh\u00ebtarit&quot;","block_context":{"text":"Blogu i Udh\u00ebtarit","link":"https:\/\/www.shqiperia.com\/blog\/category\/blogu-i-udhetarit\/"},"img":{"alt_text":"","src":"https:\/\/i0.wp.com\/www.shqiperia.com\/blog\/wp-content\/uploads\/2023\/04\/640-0-r5uyjpg-1682105088.jpg?fit=640%2C361&ssl=1&resize=350%2C200","width":350,"height":200,"srcset":"https:\/\/i0.wp.com\/www.shqiperia.com\/blog\/wp-content\/uploads\/2023\/04\/640-0-r5uyjpg-1682105088.jpg?fit=640%2C361&ssl=1&resize=350%2C200 1x, https:\/\/i0.wp.com\/www.shqiperia.com\/blog\/wp-content\/uploads\/2023\/04\/640-0-r5uyjpg-1682105088.jpg?fit=640%2C361&ssl=1&resize=525%2C300 1.5x"},"classes":[]},{"id":19958,"url":"https:\/\/www.shqiperia.com\/blog\/traditat-e-panjohura-europiane-te-pashkeve-nga-zjarret-tek-pikniku-ne-varreza\/","url_meta":{"origin":31941,"position":5},"title":"Traditat e panjohura Europiane t\u00eb Pashk\u00ebve: &#8211; Nga zjarret tek pikniku n\u00eb varreza. \u2013","author":"Kurt Farka","date":"April 22, 2019","format":false,"excerpt":"Traditat e panjohura Europiane t\u00eb Pashk\u00ebve: - Nga zjarret tek pikniku n\u00eb varreza. \u2013 21 prill 2019 N\u00eb qoft\u00eb se mendoni se tradita e Pashk\u00ebve kufizohet me mesh\u00ebn tradicionale dhe vez\u00ebt e lyera, gaboheni r\u00ebnd\u00eb. Evropa ka tradita nga m\u00eb t\u00eb ndryshmet p\u00ebr t\u00eb festuar nj\u00eb nga festat e saj\u2026","rel":"","context":"In &quot;Blogu i Udh\u00ebtarit&quot;","block_context":{"text":"Blogu i Udh\u00ebtarit","link":"https:\/\/www.shqiperia.com\/blog\/category\/blogu-i-udhetarit\/"},"img":{"alt_text":"","src":"https:\/\/i0.wp.com\/www.shqiperia.com\/blog\/wp-content\/uploads\/2019\/04\/Cikk11_Husvetanagyvilagban_Borito-1024x576-905x395.jpg?fit=905%2C395&ssl=1&resize=350%2C200","width":350,"height":200,"srcset":"https:\/\/i0.wp.com\/www.shqiperia.com\/blog\/wp-content\/uploads\/2019\/04\/Cikk11_Husvetanagyvilagban_Borito-1024x576-905x395.jpg?fit=905%2C395&ssl=1&resize=350%2C200 1x, https:\/\/i0.wp.com\/www.shqiperia.com\/blog\/wp-content\/uploads\/2019\/04\/Cikk11_Husvetanagyvilagban_Borito-1024x576-905x395.jpg?fit=905%2C395&ssl=1&resize=525%2C300 1.5x, https:\/\/i0.wp.com\/www.shqiperia.com\/blog\/wp-content\/uploads\/2019\/04\/Cikk11_Husvetanagyvilagban_Borito-1024x576-905x395.jpg?fit=905%2C395&ssl=1&resize=700%2C400 2x"},"classes":[]}],"_links":{"self":[{"href":"https:\/\/www.shqiperia.com\/blog\/wp-json\/wp\/v2\/posts\/31941","targetHints":{"allow":["GET"]}}],"collection":[{"href":"https:\/\/www.shqiperia.com\/blog\/wp-json\/wp\/v2\/posts"}],"about":[{"href":"https:\/\/www.shqiperia.com\/blog\/wp-json\/wp\/v2\/types\/post"}],"author":[{"embeddable":true,"href":"https:\/\/www.shqiperia.com\/blog\/wp-json\/wp\/v2\/users\/9"}],"replies":[{"embeddable":true,"href":"https:\/\/www.shqiperia.com\/blog\/wp-json\/wp\/v2\/comments?post=31941"}],"version-history":[{"count":1,"href":"https:\/\/www.shqiperia.com\/blog\/wp-json\/wp\/v2\/posts\/31941\/revisions"}],"predecessor-version":[{"id":31947,"href":"https:\/\/www.shqiperia.com\/blog\/wp-json\/wp\/v2\/posts\/31941\/revisions\/31947"}],"wp:featuredmedia":[{"embeddable":true,"href":"https:\/\/www.shqiperia.com\/blog\/wp-json\/wp\/v2\/media\/31942"}],"wp:attachment":[{"href":"https:\/\/www.shqiperia.com\/blog\/wp-json\/wp\/v2\/media?parent=31941"}],"wp:term":[{"taxonomy":"category","embeddable":true,"href":"https:\/\/www.shqiperia.com\/blog\/wp-json\/wp\/v2\/categories?post=31941"},{"taxonomy":"post_tag","embeddable":true,"href":"https:\/\/www.shqiperia.com\/blog\/wp-json\/wp\/v2\/tags?post=31941"}],"curies":[{"name":"wp","href":"https:\/\/api.w.org\/{rel}","templated":true}]}}