{"id":31788,"date":"2020-02-25T08:52:55","date_gmt":"2020-02-25T08:52:55","guid":{"rendered":"https:\/\/www.shqiperia.com\/blog\/?p=31788"},"modified":"2020-02-25T08:52:55","modified_gmt":"2020-02-25T08:52:55","slug":"meta-kercenon-te-shperndaje-parlamentin-ne-2-mars-juristja-e-njohur-zbulon-rrugen-qe-mund-te-ndjeke-presidenti-kete-nuk-e-ka-permendur-asnjeri","status":"publish","type":"post","link":"https:\/\/www.shqiperia.com\/blog\/meta-kercenon-te-shperndaje-parlamentin-ne-2-mars-juristja-e-njohur-zbulon-rrugen-qe-mund-te-ndjeke-presidenti-kete-nuk-e-ka-permendur-asnjeri\/","title":{"rendered":"Meta k\u00ebrc\u00ebnon t\u00eb shp\u00ebrndaj\u00eb Parlamentin n\u00eb 2 mars, juristja e njohur zbulon rrug\u00ebn q\u00eb mund t\u00eb ndjek\u00eb Presidenti: K\u00ebt\u00eb nuk e ka p\u00ebrmendur asnjeri!"},"content":{"rendered":"<p><img data-recalc-dims=\"1\" loading=\"lazy\" decoding=\"async\" data-attachment-id=\"31789\" data-permalink=\"https:\/\/www.shqiperia.com\/blog\/meta-kercenon-te-shperndaje-parlamentin-ne-2-mars-juristja-e-njohur-zbulon-rrugen-qe-mund-te-ndjeke-presidenti-kete-nuk-e-ka-permendur-asnjeri\/640-0-5e54bfbb7fc20\/\" data-orig-file=\"https:\/\/i0.wp.com\/www.shqiperia.com\/blog\/wp-content\/uploads\/2020\/02\/640-0-5e54bfbb7fc20.jpg?fit=640%2C358&amp;ssl=1\" data-orig-size=\"640,358\" data-comments-opened=\"1\" data-image-meta=\"{&quot;aperture&quot;:&quot;0&quot;,&quot;credit&quot;:&quot;&quot;,&quot;camera&quot;:&quot;&quot;,&quot;caption&quot;:&quot;&quot;,&quot;created_timestamp&quot;:&quot;0&quot;,&quot;copyright&quot;:&quot;&quot;,&quot;focal_length&quot;:&quot;0&quot;,&quot;iso&quot;:&quot;0&quot;,&quot;shutter_speed&quot;:&quot;0&quot;,&quot;title&quot;:&quot;&quot;,&quot;orientation&quot;:&quot;0&quot;}\" data-image-title=\"-640-0-5e54bfbb7fc20\" data-image-description=\"\" data-image-caption=\"\" data-medium-file=\"https:\/\/i0.wp.com\/www.shqiperia.com\/blog\/wp-content\/uploads\/2020\/02\/640-0-5e54bfbb7fc20.jpg?fit=300%2C168&amp;ssl=1\" data-large-file=\"https:\/\/i0.wp.com\/www.shqiperia.com\/blog\/wp-content\/uploads\/2020\/02\/640-0-5e54bfbb7fc20.jpg?fit=640%2C358&amp;ssl=1\" class=\"alignnone  wp-image-31789\" alt=\"\" src=\"https:\/\/i0.wp.com\/www.shqiperia.com\/blog\/wp-content\/uploads\/2020\/02\/640-0-5e54bfbb7fc20.jpg?resize=582%2C326&#038;ssl=1\" width=\"582\" height=\"326\" srcset=\"https:\/\/i0.wp.com\/www.shqiperia.com\/blog\/wp-content\/uploads\/2020\/02\/640-0-5e54bfbb7fc20.jpg?resize=300%2C168&amp;ssl=1 300w, https:\/\/i0.wp.com\/www.shqiperia.com\/blog\/wp-content\/uploads\/2020\/02\/640-0-5e54bfbb7fc20.jpg?resize=450%2C252&amp;ssl=1 450w, https:\/\/i0.wp.com\/www.shqiperia.com\/blog\/wp-content\/uploads\/2020\/02\/640-0-5e54bfbb7fc20.jpg?resize=600%2C336&amp;ssl=1 600w, https:\/\/i0.wp.com\/www.shqiperia.com\/blog\/wp-content\/uploads\/2020\/02\/640-0-5e54bfbb7fc20.jpg?resize=400%2C224&amp;ssl=1 400w, https:\/\/i0.wp.com\/www.shqiperia.com\/blog\/wp-content\/uploads\/2020\/02\/640-0-5e54bfbb7fc20.jpg?w=640&amp;ssl=1 640w\" sizes=\"auto, (max-width: 582px) 100vw, 582px\" \/><\/p>\n<p>Meta k\u00ebrc\u00ebnon t\u00eb shp\u00ebrndaj\u00eb Parlamentin n\u00eb 2 mars, juristja e njohur zbulon rrug\u00ebn q\u00eb mund t\u00eb ndjek\u00eb Presidenti: K\u00ebt\u00eb nuk e ka p\u00ebrmendur asnjeri!<\/p>\n<p>25 SHKURT 2020<\/p>\n<p>Presidenti Ilir Meta prej dit\u00ebsh po k\u00ebrc\u00ebnon me shp\u00ebrndarjen e Parlamentit n\u00eb 2 mars. Mir\u00ebpo juristja e njohur, Margarita Kola shpjegon se presidenti mund ta shp\u00ebrndaj\u00eb Parlamentin vet\u00ebm n\u00ebse mbledh firmat e 50 mij\u00eb qytetar\u00ebve, t\u00eb cil\u00ebt i k\u00ebrkojn\u00eb kreut t\u00eb shteti t\u00eb b\u00ebj\u00eb k\u00ebt\u00eb akt.<\/p>\n<p>\u201cKa nj\u00eb kanal tjet\u00ebr ligjor, n\u00ebse mund ta them k\u00ebshtu, se si presidenti mund ta shp\u00ebrndaj\u00eb parlamentin. N\u00eb qoft\u00eb se mblidhen 50 000 firma nga qytetar\u00ebt shqiptar\u00eb dhe ata i k\u00ebrkojn\u00eb presidentit t\u00eb shpallin referendum, presidentit ja njeh t\u00eb drejt\u00ebn e referendumi kushtetuta. Edhe sikur e drejta e referendumit t\u00eb jet\u00eb shp\u00ebrndarja e parlamentit, 50 000 qytetar\u00eb t\u2019i thon\u00eb presidentit; ne duam t\u00eb b\u00ebjm\u00eb referendum, duam ta shp\u00ebrndajm\u00eb k\u00ebt\u00eb parlament. Mund t\u00eb jet\u00eb kjo nj\u00eb m\u00ebnyr\u00eb q\u00eb presidenti ta shfryt\u00ebzoj\u00eb q\u00eb t\u00eb shp\u00ebrndaj\u00eb parlamentin. Dhe k\u00ebt\u00eb nuk e ka p\u00ebrmendur asnjeri dhe kjo \u00ebsht\u00eb institucionaliste.\u201d, u shpreh juristja.<\/p>\n<p>Gazeta Sot<\/p>\n","protected":false},"excerpt":{"rendered":"<p>Meta k\u00ebrc\u00ebnon t\u00eb shp\u00ebrndaj\u00eb Parlamentin n\u00eb 2 mars, juristja e njohur zbulon rrug\u00ebn q\u00eb mund t\u00eb ndjek\u00eb Presidenti: K\u00ebt\u00eb nuk e ka p\u00ebrmendur asnjeri! 25 SHKURT 2020 Presidenti Ilir Meta prej dit\u00ebsh po k\u00ebrc\u00ebnon me shp\u00ebrndarjen e Parlamentit n\u00eb 2 mars. Mir\u00ebpo juristja e njohur, Margarita Kola shpjegon se presidenti mund ta shp\u00ebrndaj\u00eb Parlamentin vet\u00ebm [&hellip;]<\/p>\n","protected":false},"author":9,"featured_media":31789,"comment_status":"open","ping_status":"open","sticky":false,"template":"","format":"standard","meta":{"jetpack_post_was_ever_published":false,"_jetpack_newsletter_access":"","_jetpack_dont_email_post_to_subs":false,"_jetpack_newsletter_tier_id":0,"_jetpack_memberships_contains_paywalled_content":false,"_jetpack_memberships_contains_paid_content":false,"footnotes":"","jetpack_publicize_message":"","jetpack_publicize_feature_enabled":true,"jetpack_social_post_already_shared":true,"jetpack_social_options":{"image_generator_settings":{"template":"highway","default_image_id":0,"font":"","enabled":false},"version":2}},"categories":[27,1],"tags":[],"class_list":["post-31788","post","type-post","status-publish","format-standard","has-post-thumbnail","hentry","category-blogu-i-udhetarit","category-njoftime-shtypi"],"jetpack_publicize_connections":[],"jetpack_featured_media_url":"https:\/\/i0.wp.com\/www.shqiperia.com\/blog\/wp-content\/uploads\/2020\/02\/640-0-5e54bfbb7fc20.jpg?fit=640%2C358&ssl=1","jetpack_sharing_enabled":true,"jetpack_shortlink":"https:\/\/wp.me\/p5Z6wp-8gI","jetpack-related-posts":[{"id":31995,"url":"https:\/\/www.shqiperia.com\/blog\/e-papritur-meta-paralajmeron-ramen-dhe-zbulon-daten-kur-do-shperndaje-parlamentin\/","url_meta":{"origin":31788,"position":0},"title":"E papritur! Meta paralajm\u00ebron Ram\u00ebn dhe zbulon dat\u00ebn kur do shp\u00ebrndaj\u00eb Parlamentin","author":"Kurt Farka","date":"March 2, 2020","format":false,"excerpt":"E papritur! Meta paralajm\u00ebron Ram\u00ebn dhe zbulon dat\u00ebn kur do shp\u00ebrndaj\u00eb Parlamentin 2 MARS 2020 Presidenti Ilir Meta ka paralajm\u00ebruar kryeministrin Edi Rama se do t\u00eb shp\u00ebrndaj\u00eb parlamentin pas dat\u00ebs 15 mars, n\u00ebse me miratimin e Reform\u00ebs Zgjedhore, mzhoranca nuk pranoj t\u00eb zgjidhoj\u00eb zgjedhjet e parakohshme. \u201cA kemi parlament apo\u2026","rel":"","context":"In &quot;Blogu i Udh\u00ebtarit&quot;","block_context":{"text":"Blogu i Udh\u00ebtarit","link":"https:\/\/www.shqiperia.com\/blog\/category\/blogu-i-udhetarit\/"},"img":{"alt_text":"","src":"https:\/\/i0.wp.com\/www.shqiperia.com\/blog\/wp-content\/uploads\/2020\/03\/Ilir-Meta-1.jpg?fit=800%2C463&ssl=1&resize=350%2C200","width":350,"height":200,"srcset":"https:\/\/i0.wp.com\/www.shqiperia.com\/blog\/wp-content\/uploads\/2020\/03\/Ilir-Meta-1.jpg?fit=800%2C463&ssl=1&resize=350%2C200 1x, https:\/\/i0.wp.com\/www.shqiperia.com\/blog\/wp-content\/uploads\/2020\/03\/Ilir-Meta-1.jpg?fit=800%2C463&ssl=1&resize=525%2C300 1.5x, https:\/\/i0.wp.com\/www.shqiperia.com\/blog\/wp-content\/uploads\/2020\/03\/Ilir-Meta-1.jpg?fit=800%2C463&ssl=1&resize=700%2C400 2x"},"classes":[]},{"id":31998,"url":"https:\/\/www.shqiperia.com\/blog\/presidenti-meta-betohet-para-100-mije-vetave-se-pas-15-marsit-do-shperndaje-parlamentin-e-turpit\/","url_meta":{"origin":31788,"position":1},"title":"Presidenti Meta betohet para 100 mij\u00eb vetave se pas 15 marsit do shp\u00ebrndaj\u00eb parlamentin e turpit","author":"Kurt Farka","date":"March 2, 2020","format":false,"excerpt":"Presidenti Meta betohet para 100 mij\u00eb vetave se pas 15 marsit do shp\u00ebrndaj\u00eb parlamentin e turpit 02\/03\/2020 Miting madh\u00ebshtor sot n\u00eb Tiran\u00eb.\u00a0N\u00eb fjal\u00ebn e mbajtur para me shum\u00eb se 100 mij\u00eb qytetar\u00ebve q\u00eb mor\u00ebn pjes\u00eb\u00a0 n\u00eb manifestim, Presidentit Meta deklaroi se her\u00ebn tjet\u00ebr do t\u00eb firmoste dekretin e shp\u00ebrndarjes s\u00eb\u2026","rel":"","context":"In &quot;Blogu i Udh\u00ebtarit&quot;","block_context":{"text":"Blogu i Udh\u00ebtarit","link":"https:\/\/www.shqiperia.com\/blog\/category\/blogu-i-udhetarit\/"},"img":{"alt_text":"","src":"https:\/\/i0.wp.com\/www.shqiperia.com\/blog\/wp-content\/uploads\/2020\/03\/Manifestimi-Meta-7-750x375-1.jpeg?fit=750%2C375&ssl=1&resize=350%2C200","width":350,"height":200,"srcset":"https:\/\/i0.wp.com\/www.shqiperia.com\/blog\/wp-content\/uploads\/2020\/03\/Manifestimi-Meta-7-750x375-1.jpeg?fit=750%2C375&ssl=1&resize=350%2C200 1x, https:\/\/i0.wp.com\/www.shqiperia.com\/blog\/wp-content\/uploads\/2020\/03\/Manifestimi-Meta-7-750x375-1.jpeg?fit=750%2C375&ssl=1&resize=525%2C300 1.5x, https:\/\/i0.wp.com\/www.shqiperia.com\/blog\/wp-content\/uploads\/2020\/03\/Manifestimi-Meta-7-750x375-1.jpeg?fit=750%2C375&ssl=1&resize=700%2C400 2x"},"classes":[]},{"id":34919,"url":"https:\/\/www.shqiperia.com\/blog\/presidenti-do-e-shperndaje-parlamentin-nese-populli-regjisori-edmond-budina-thirrje-nga-durresi-qytetareve-mos-kini-frike-ngrijeni-koken\/","url_meta":{"origin":31788,"position":2},"title":"\u201cPresidenti do e shp\u00ebrndaj\u00eb parlamentin n\u00ebse populli\u2026\u201d, regjisori Edmond Budina thirrje nga Durr\u00ebsi qytetar\u00ebve: Mos kini frik\u00eb, ngrijeni kok\u00ebn","author":"Kurt Farka","date":"May 22, 2020","format":false,"excerpt":"\u201cPresidenti do e shp\u00ebrndaj\u00eb parlamentin n\u00ebse populli\u2026\u201d, regjisori Edmond Budina thirrje nga Durr\u00ebsi qytetar\u00ebve: Mos kini frik\u00eb, ngrijeni kok\u00ebn 22 maji 2020 Regjisori dhe aktori Edmond Budina nga Durr\u00ebsi ku Aleanca p\u00ebr Mbrojtjen e Teatrit zhvendosi sot protest\u00ebn, i \u00ebsht\u00eb referuar fjal\u00ebs s\u00eb kreut t\u00eb shtetit Ilir Meta q\u00eb tha\u2026","rel":"","context":"In &quot;Njoftime Shtypi&quot;","block_context":{"text":"Njoftime Shtypi","link":"https:\/\/www.shqiperia.com\/blog\/category\/njoftime-shtypi\/"},"img":{"alt_text":"","src":"https:\/\/i0.wp.com\/www.shqiperia.com\/blog\/wp-content\/uploads\/2020\/05\/budina-3-770x425-1.png?fit=770%2C425&ssl=1&resize=350%2C200","width":350,"height":200,"srcset":"https:\/\/i0.wp.com\/www.shqiperia.com\/blog\/wp-content\/uploads\/2020\/05\/budina-3-770x425-1.png?fit=770%2C425&ssl=1&resize=350%2C200 1x, https:\/\/i0.wp.com\/www.shqiperia.com\/blog\/wp-content\/uploads\/2020\/05\/budina-3-770x425-1.png?fit=770%2C425&ssl=1&resize=525%2C300 1.5x, https:\/\/i0.wp.com\/www.shqiperia.com\/blog\/wp-content\/uploads\/2020\/05\/budina-3-770x425-1.png?fit=770%2C425&ssl=1&resize=700%2C400 2x"},"classes":[]},{"id":36632,"url":"https:\/\/www.shqiperia.com\/blog\/lefter-maliqi-do-kete-perplasje-te-forta-ne-vjeshte\/","url_meta":{"origin":31788,"position":3},"title":"Lefter Maliqi: &#8211; Do ket\u00eb p\u00ebrplasje t\u00eb forta n\u00eb vjesht\u00eb","author":"Kurt Farka","date":"July 29, 2020","format":false,"excerpt":"Lefter Maliqi: - Do ket\u00eb p\u00ebrplasje t\u00eb forta n\u00eb vjesht\u00eb 29 KORRIK 2020 Deputeti i opozit\u00ebs parlamentare, Lefter Maliqi i k\u00ebrkon presidentit Ilir Meta t\u00eb shp\u00ebrndaj\u00eb parlamentin. \u201cShikoj nj\u00eb vjesht\u00eb \u00a0ku nuk do t\u00eb ket\u00eb as gaz lotsjell\u00ebs dhe as presion q\u00eb mund t\u00eb ndal\u00eb zem\u00ebrimin tashm\u00eb popullor. Kur turma\u2026","rel":"","context":"In &quot;Blogu i Udh\u00ebtarit&quot;","block_context":{"text":"Blogu i Udh\u00ebtarit","link":"https:\/\/www.shqiperia.com\/blog\/category\/blogu-i-udhetarit\/"},"img":{"alt_text":"","src":"https:\/\/i0.wp.com\/www.shqiperia.com\/blog\/wp-content\/uploads\/2020\/07\/800-0-5f21aa5fd5cab.jpg?fit=800%2C421&ssl=1&resize=350%2C200","width":350,"height":200,"srcset":"https:\/\/i0.wp.com\/www.shqiperia.com\/blog\/wp-content\/uploads\/2020\/07\/800-0-5f21aa5fd5cab.jpg?fit=800%2C421&ssl=1&resize=350%2C200 1x, https:\/\/i0.wp.com\/www.shqiperia.com\/blog\/wp-content\/uploads\/2020\/07\/800-0-5f21aa5fd5cab.jpg?fit=800%2C421&ssl=1&resize=525%2C300 1.5x, https:\/\/i0.wp.com\/www.shqiperia.com\/blog\/wp-content\/uploads\/2020\/07\/800-0-5f21aa5fd5cab.jpg?fit=800%2C421&ssl=1&resize=700%2C400 2x"},"classes":[]},{"id":28062,"url":"https:\/\/www.shqiperia.com\/blog\/pyetet-presidenti-kur-do-ta-shperndaje-parlamentin-cfare-thote-ilir-meta\/","url_meta":{"origin":31788,"position":4},"title":"Pyetet Presidenti, &#8211; Kur do ta shp\u00ebrndaj\u00eb Parlamentin? \u00c7far\u00eb thot\u00eb Ilir Meta. &#8211;","author":"Kurt Farka","date":"November 14, 2019","format":false,"excerpt":"Pyetet Presidenti, - Kur do ta shp\u00ebrndaj\u00eb Parlamentin? \u00c7far\u00eb thot\u00eb Ilir Meta. - 13 nentor 2019 Gjat\u00eb konferenc\u00ebs p\u00ebr shtyp ku n\u00eb fokus ishte em\u00ebrimi i an\u00ebtar\u00ebve t\u00eb rinj t\u00eb Gjykat\u00ebs Kushtetuese, Presidenti i Republik\u00ebs, Ilir Meta u pyet se kur do t\u00eb shp\u00ebrndante Parlamentin. Meta nuk dha nj\u00eb p\u00ebrgjigje\u2026","rel":"","context":"In &quot;Blogu i Udh\u00ebtarit&quot;","block_context":{"text":"Blogu i Udh\u00ebtarit","link":"https:\/\/www.shqiperia.com\/blog\/category\/blogu-i-udhetarit\/"},"img":{"alt_text":"","src":"https:\/\/i0.wp.com\/www.shqiperia.com\/blog\/wp-content\/uploads\/2019\/11\/70e869ad-92bc-4abb-b5ee-815494aeb32a.jpg?fit=1200%2C710&ssl=1&resize=350%2C200","width":350,"height":200,"srcset":"https:\/\/i0.wp.com\/www.shqiperia.com\/blog\/wp-content\/uploads\/2019\/11\/70e869ad-92bc-4abb-b5ee-815494aeb32a.jpg?fit=1200%2C710&ssl=1&resize=350%2C200 1x, https:\/\/i0.wp.com\/www.shqiperia.com\/blog\/wp-content\/uploads\/2019\/11\/70e869ad-92bc-4abb-b5ee-815494aeb32a.jpg?fit=1200%2C710&ssl=1&resize=525%2C300 1.5x, https:\/\/i0.wp.com\/www.shqiperia.com\/blog\/wp-content\/uploads\/2019\/11\/70e869ad-92bc-4abb-b5ee-815494aeb32a.jpg?fit=1200%2C710&ssl=1&resize=700%2C400 2x, https:\/\/i0.wp.com\/www.shqiperia.com\/blog\/wp-content\/uploads\/2019\/11\/70e869ad-92bc-4abb-b5ee-815494aeb32a.jpg?fit=1200%2C710&ssl=1&resize=1050%2C600 3x"},"classes":[]},{"id":22262,"url":"https:\/\/www.shqiperia.com\/blog\/shkresat-ndaj-kqz-per-numrin-e-deputeteve-presidenti-meta-flet-per-shperndarjen-e-parlamentit\/","url_meta":{"origin":31788,"position":5},"title":"Shkresat ndaj KQZ p\u00ebr numrin e deputet\u00ebve, Presidenti Meta flet p\u00ebr shp\u00ebrndarjen e Parlamentit. &#8211;","author":"Kurt Farka","date":"June 25, 2019","format":false,"excerpt":"Shkresat ndaj KQZ p\u00ebr numrin e deputet\u00ebve, Presidenti Meta flet p\u00ebr shp\u00ebrndarjen e Parlamentit. - 25 qershor \u00a02019 Kreu i Shtetit ka folur sot p\u00ebr vendimin e p\u00ebrfolur se do t\u00eb shp\u00ebrndaj\u00eb parlamentin p\u00ebr shkak se nga z\u00ebvend\u00ebsimi i deputet\u00ebve, institucioni i Legjislativit ka mbetur pa 140 mandate. Por Meta\u2026","rel":"","context":"In &quot;Blogu i Udh\u00ebtarit&quot;","block_context":{"text":"Blogu i Udh\u00ebtarit","link":"https:\/\/www.shqiperia.com\/blog\/category\/blogu-i-udhetarit\/"},"img":{"alt_text":"","src":"https:\/\/i0.wp.com\/www.shqiperia.com\/blog\/wp-content\/uploads\/2019\/06\/Meta-qesh-shperndarja.jpg?fit=1188%2C606&ssl=1&resize=350%2C200","width":350,"height":200,"srcset":"https:\/\/i0.wp.com\/www.shqiperia.com\/blog\/wp-content\/uploads\/2019\/06\/Meta-qesh-shperndarja.jpg?fit=1188%2C606&ssl=1&resize=350%2C200 1x, https:\/\/i0.wp.com\/www.shqiperia.com\/blog\/wp-content\/uploads\/2019\/06\/Meta-qesh-shperndarja.jpg?fit=1188%2C606&ssl=1&resize=525%2C300 1.5x, https:\/\/i0.wp.com\/www.shqiperia.com\/blog\/wp-content\/uploads\/2019\/06\/Meta-qesh-shperndarja.jpg?fit=1188%2C606&ssl=1&resize=700%2C400 2x, https:\/\/i0.wp.com\/www.shqiperia.com\/blog\/wp-content\/uploads\/2019\/06\/Meta-qesh-shperndarja.jpg?fit=1188%2C606&ssl=1&resize=1050%2C600 3x"},"classes":[]}],"_links":{"self":[{"href":"https:\/\/www.shqiperia.com\/blog\/wp-json\/wp\/v2\/posts\/31788","targetHints":{"allow":["GET"]}}],"collection":[{"href":"https:\/\/www.shqiperia.com\/blog\/wp-json\/wp\/v2\/posts"}],"about":[{"href":"https:\/\/www.shqiperia.com\/blog\/wp-json\/wp\/v2\/types\/post"}],"author":[{"embeddable":true,"href":"https:\/\/www.shqiperia.com\/blog\/wp-json\/wp\/v2\/users\/9"}],"replies":[{"embeddable":true,"href":"https:\/\/www.shqiperia.com\/blog\/wp-json\/wp\/v2\/comments?post=31788"}],"version-history":[{"count":1,"href":"https:\/\/www.shqiperia.com\/blog\/wp-json\/wp\/v2\/posts\/31788\/revisions"}],"predecessor-version":[{"id":31790,"href":"https:\/\/www.shqiperia.com\/blog\/wp-json\/wp\/v2\/posts\/31788\/revisions\/31790"}],"wp:featuredmedia":[{"embeddable":true,"href":"https:\/\/www.shqiperia.com\/blog\/wp-json\/wp\/v2\/media\/31789"}],"wp:attachment":[{"href":"https:\/\/www.shqiperia.com\/blog\/wp-json\/wp\/v2\/media?parent=31788"}],"wp:term":[{"taxonomy":"category","embeddable":true,"href":"https:\/\/www.shqiperia.com\/blog\/wp-json\/wp\/v2\/categories?post=31788"},{"taxonomy":"post_tag","embeddable":true,"href":"https:\/\/www.shqiperia.com\/blog\/wp-json\/wp\/v2\/tags?post=31788"}],"curies":[{"name":"wp","href":"https:\/\/api.w.org\/{rel}","templated":true}]}}