{"id":31784,"date":"2020-02-25T06:35:56","date_gmt":"2020-02-25T06:35:56","guid":{"rendered":"https:\/\/www.shqiperia.com\/blog\/?p=31784"},"modified":"2020-02-25T06:35:56","modified_gmt":"2020-02-25T06:35:56","slug":"festivali-folklorik-kombetar-i-gjirokastres-ne-muajin-shtator","status":"publish","type":"post","link":"https:\/\/www.shqiperia.com\/blog\/festivali-folklorik-kombetar-i-gjirokastres-ne-muajin-shtator\/","title":{"rendered":"Festivali Folklorik Komb\u00ebtar i Gjirokastr\u00ebs, n\u00eb muajin shtator"},"content":{"rendered":"<p><img data-recalc-dims=\"1\" loading=\"lazy\" decoding=\"async\" data-attachment-id=\"31785\" data-permalink=\"https:\/\/www.shqiperia.com\/blog\/festivali-folklorik-kombetar-i-gjirokastres-ne-muajin-shtator\/800-0-5e54bcf718456\/\" data-orig-file=\"https:\/\/i0.wp.com\/www.shqiperia.com\/blog\/wp-content\/uploads\/2020\/02\/800-0-5e54bcf718456.jpg?fit=800%2C417&amp;ssl=1\" data-orig-size=\"800,417\" data-comments-opened=\"1\" data-image-meta=\"{&quot;aperture&quot;:&quot;0&quot;,&quot;credit&quot;:&quot;&quot;,&quot;camera&quot;:&quot;&quot;,&quot;caption&quot;:&quot;&quot;,&quot;created_timestamp&quot;:&quot;0&quot;,&quot;copyright&quot;:&quot;&quot;,&quot;focal_length&quot;:&quot;0&quot;,&quot;iso&quot;:&quot;0&quot;,&quot;shutter_speed&quot;:&quot;0&quot;,&quot;title&quot;:&quot;&quot;,&quot;orientation&quot;:&quot;0&quot;}\" data-image-title=\"-800-0-5e54bcf718456\" data-image-description=\"\" data-image-caption=\"\" data-medium-file=\"https:\/\/i0.wp.com\/www.shqiperia.com\/blog\/wp-content\/uploads\/2020\/02\/800-0-5e54bcf718456.jpg?fit=300%2C156&amp;ssl=1\" data-large-file=\"https:\/\/i0.wp.com\/www.shqiperia.com\/blog\/wp-content\/uploads\/2020\/02\/800-0-5e54bcf718456.jpg?fit=800%2C417&amp;ssl=1\" class=\"alignnone  wp-image-31785\" alt=\"\" src=\"https:\/\/i0.wp.com\/www.shqiperia.com\/blog\/wp-content\/uploads\/2020\/02\/800-0-5e54bcf718456.jpg?resize=658%2C342&#038;ssl=1\" width=\"658\" height=\"342\" srcset=\"https:\/\/i0.wp.com\/www.shqiperia.com\/blog\/wp-content\/uploads\/2020\/02\/800-0-5e54bcf718456.jpg?resize=300%2C156&amp;ssl=1 300w, https:\/\/i0.wp.com\/www.shqiperia.com\/blog\/wp-content\/uploads\/2020\/02\/800-0-5e54bcf718456.jpg?resize=768%2C400&amp;ssl=1 768w, https:\/\/i0.wp.com\/www.shqiperia.com\/blog\/wp-content\/uploads\/2020\/02\/800-0-5e54bcf718456.jpg?resize=450%2C235&amp;ssl=1 450w, https:\/\/i0.wp.com\/www.shqiperia.com\/blog\/wp-content\/uploads\/2020\/02\/800-0-5e54bcf718456.jpg?resize=600%2C313&amp;ssl=1 600w, https:\/\/i0.wp.com\/www.shqiperia.com\/blog\/wp-content\/uploads\/2020\/02\/800-0-5e54bcf718456.jpg?resize=400%2C209&amp;ssl=1 400w, https:\/\/i0.wp.com\/www.shqiperia.com\/blog\/wp-content\/uploads\/2020\/02\/800-0-5e54bcf718456.jpg?w=800&amp;ssl=1 800w\" sizes=\"auto, (max-width: 658px) 100vw, 658px\" \/><\/p>\n<p>Festivali Folklorik Komb\u00ebtar i Gjirokastr\u00ebs, n\u00eb muajin shtator<\/p>\n<p>25 SHKURT 2020<\/p>\n<p>Festivali Folklorik Komb\u00ebtar i Gjirokastr\u00ebs, manifestimi m\u00eb i r\u00ebnd\u00ebsish\u00ebm i trash\u00ebgimis\u00eb son\u00eb shpirt\u00ebrore, do t\u00eb zhvillohet n\u00eb muajin shtator 2020, n\u00eb kalan\u00eb e Gjirokastr\u00ebs. Ministria e Kultur\u00ebs njofton se pas t\u00ebrmetit t\u00eb 26 n\u00ebntorit 2019 vendi u p\u00ebrball me nj\u00eb situat\u00eb t\u00eb jasht\u00ebzakonshme, ku primare ishte akomodimi i menj\u00ebhersh\u00ebm 17 mij\u00eb banor\u00ebve dhe hartimi i projekteve t\u00eb rind\u00ebrtimit. N\u00eb k\u00ebt\u00eb situat\u00eb ministria b\u00ebn me dije se u vendos q\u00eb festivali t\u00eb organizohet n\u00eb muajin shtator. N\u00eb lidhje me festivalin q\u00eb do t\u00eb zhvillohet gjat\u00eb muajit shtator t\u00eb k\u00ebtij viti, Ministria e Kultur\u00ebs shprehet m\u00eb tej se po merren masat p\u00ebr t\u00eb qen\u00eb nj\u00eb aktivitet dinjitoz p\u00ebr vlerat e trash\u00ebgimis\u00eb son\u00eb. \u201cMinistria e Kultur\u00ebs ka marr\u00eb t\u00eb gjitha masat p\u00ebr t\u00eb siguruar financat e nevojshme, p\u00ebr organizimin e nj\u00eb festivali dinjitoz, ku t\u00eb mund t\u00eb parakalojn\u00eb vlerat m\u00eb t\u00eb spikatura t\u00eb trash\u00ebgimis\u00eb son\u00eb jomateriale, n\u00eb nj\u00eb stoli, si\u00e7 \u00ebsht\u00eb qyteti i Gjirokastr\u00ebs, \u201cPasuri kulturore e njer\u00ebzimit\u201d, n\u00ebn mbrojtjen e UNESCO-s\u201d, shprehet ministria. Festivali Folklorik Komb\u00ebtar i Gjirokastr\u00ebs zhvillohet \u00e7do pes\u00eb vjet n\u00eb kalan\u00eb e qytetit t\u00eb Gjirokastr\u00ebs, qendr\u00ebn historike dhe ambientet e tjera t\u00eb k\u00ebtij qyteti. Festivali u zhvillua s\u00eb pari n\u00eb vitin 1968 dhe konsiderohet si ngjarja m\u00eb e r\u00ebnd\u00ebsishme n\u00eb kultur\u00ebn shqiptare. Festivali shfaq muzik\u00eb tradicionale shqiptare, veshje dhe valle nga Shqip\u00ebria, diaspora dhe tokat e banuara shqiptare, n\u00eb t\u00eb gjith\u00eb Ballkanin dhe Italin\u00eb Jugore. Festivali Folklorik Komb\u00ebtar i Gjirokastr\u00ebs ka p\u00ebr q\u00ebllim ruajtjen, mbrojtjen dhe promovimin e vlerave m\u00eb t\u00eb mira t\u00eb trash\u00ebgimis\u00eb son\u00eb kulturore jomateriale, t\u00eb vlerave etnomuzikore, etnokoreografike, etnografike (t\u00eb kostumeve popullore, veglave muzikore, ritet dhe zejet etj.), t\u00eb krijuara prej shekujsh nga populli shqiptar, t\u00eb nd\u00ebrthurura me vlerat e trash\u00ebgimis\u00eb kulturore materiale, q\u00eb ndodhen n\u00eb qytetin dhe Qarkun e Gjirokastr\u00ebs. Festivali Folklorik Komb\u00ebtar i Gjirokastr\u00ebs (FFKGJ) synon gjall\u00ebrimin e jet\u00ebs kulturore t\u00eb vendit n\u00eb p\u00ebrgjith\u00ebsi dhe t\u00eb qytetit t\u00eb Gjirokastr\u00ebs dhe zonave rreth tij n\u00eb ve\u00e7anti.<\/p>\n<p>Gazeta Sot<\/p>\n","protected":false},"excerpt":{"rendered":"<p>Festivali Folklorik Komb\u00ebtar i Gjirokastr\u00ebs, n\u00eb muajin shtator 25 SHKURT 2020 Festivali Folklorik Komb\u00ebtar i Gjirokastr\u00ebs, manifestimi m\u00eb i r\u00ebnd\u00ebsish\u00ebm i trash\u00ebgimis\u00eb son\u00eb shpirt\u00ebrore, do t\u00eb zhvillohet n\u00eb muajin shtator 2020, n\u00eb kalan\u00eb e Gjirokastr\u00ebs. Ministria e Kultur\u00ebs njofton se pas t\u00ebrmetit t\u00eb 26 n\u00ebntorit 2019 vendi u p\u00ebrball me nj\u00eb situat\u00eb t\u00eb jasht\u00ebzakonshme, ku [&hellip;]<\/p>\n","protected":false},"author":9,"featured_media":31785,"comment_status":"open","ping_status":"open","sticky":false,"template":"","format":"standard","meta":{"jetpack_post_was_ever_published":false,"_jetpack_newsletter_access":"","_jetpack_dont_email_post_to_subs":false,"_jetpack_newsletter_tier_id":0,"_jetpack_memberships_contains_paywalled_content":false,"_jetpack_memberships_contains_paid_content":false,"footnotes":"","jetpack_publicize_message":"","jetpack_publicize_feature_enabled":true,"jetpack_social_post_already_shared":true,"jetpack_social_options":{"image_generator_settings":{"template":"highway","default_image_id":0,"font":"","enabled":false},"version":2}},"categories":[87,10,86],"tags":[],"class_list":["post-31784","post","type-post","status-publish","format-standard","has-post-thumbnail","hentry","category-arte","category-kultura","category-trashegimi-kulturore"],"jetpack_publicize_connections":[],"jetpack_featured_media_url":"https:\/\/i0.wp.com\/www.shqiperia.com\/blog\/wp-content\/uploads\/2020\/02\/800-0-5e54bcf718456.jpg?fit=800%2C417&ssl=1","jetpack_sharing_enabled":true,"jetpack_shortlink":"https:\/\/wp.me\/p5Z6wp-8gE","jetpack-related-posts":[{"id":35807,"url":"https:\/\/www.shqiperia.com\/blog\/festivali-folklorik-kombetar-i-gjirokastres-ne-pranveren-e-vitit-2021\/","url_meta":{"origin":31784,"position":0},"title":"Festivali Folklorik Komb\u00ebtar i Gjirokastr\u00ebs, n\u00eb pranver\u00ebn e vitit 2021","author":"Kurt Farka","date":"June 18, 2020","format":false,"excerpt":"Festivali Folklorik Komb\u00ebtar i Gjirokastr\u00ebs, n\u00eb pranver\u00ebn e vitit 2021 17 QERSHOR 2020 Festivali Folklorik Komb\u00ebtar i Gjirokastr\u00ebs do t\u00eb zhvillohet n\u00eb pranver\u00ebn e vitit 2021. Festivali folklorik n\u00eb edicionin e 11 ishte parashikuar k\u00ebt\u00eb vit gjat\u00eb muajit shtator, por zhvillimi i tij n\u00eb pranver\u00ebn e vitit 2021 \u00ebsht\u00eb p\u00ebr\u2026","rel":"","context":"In &quot;Kultura&quot;","block_context":{"text":"Kultura","link":"https:\/\/www.shqiperia.com\/blog\/category\/kultura\/"},"img":{"alt_text":"","src":"https:\/\/i0.wp.com\/www.shqiperia.com\/blog\/wp-content\/uploads\/2020\/06\/640-0-5ee9a9e3f18b3.jpg?fit=640%2C427&ssl=1&resize=350%2C200","width":350,"height":200,"srcset":"https:\/\/i0.wp.com\/www.shqiperia.com\/blog\/wp-content\/uploads\/2020\/06\/640-0-5ee9a9e3f18b3.jpg?fit=640%2C427&ssl=1&resize=350%2C200 1x, https:\/\/i0.wp.com\/www.shqiperia.com\/blog\/wp-content\/uploads\/2020\/06\/640-0-5ee9a9e3f18b3.jpg?fit=640%2C427&ssl=1&resize=525%2C300 1.5x"},"classes":[]},{"id":69133,"url":"https:\/\/www.shqiperia.com\/blog\/jaho-brahaj-nuk-ka-vemendje-per-veshjet-kombetare-te-festivalit-folklorik-kombetar-te-gjirokastres\/","url_meta":{"origin":31784,"position":1},"title":"Jaho Brahaj: &#8211; Nuk ka v\u00ebmendje p\u00ebr veshjet komb\u00ebtare t\u00eb Festivalit Folklorik Komb\u00ebtar t\u00eb Gjirokastr\u00ebs","author":"Kurt Farka","date":"March 7, 2023","format":false,"excerpt":"7 Mars 2023 Nga Juli Vrapi, Gazeta Sot. Festivali Folklorik Komb\u00ebtar i Gjirokastr\u00ebs rikthehet n\u00eb muajin qershor. Veprimtaria m\u00eb e r\u00ebnd\u00ebsishme n\u00eb fush\u00ebn e trash\u00ebgimis\u00eb kulturore jomateriale shqiptare do t\u00eb zhvillohet k\u00ebt\u00eb vit n\u00eb muajin qershor pas edicionit t\u00eb vitit 2015. Lajmin p\u00ebr zhvillimin e festivalit e b\u00ebri me dije\u2026","rel":"","context":"In &quot;Blogu i Udh\u00ebtarit&quot;","block_context":{"text":"Blogu i Udh\u00ebtarit","link":"https:\/\/www.shqiperia.com\/blog\/category\/blogu-i-udhetarit\/"},"img":{"alt_text":"","src":"https:\/\/i0.wp.com\/www.shqiperia.com\/blog\/wp-content\/uploads\/2023\/03\/334660399_942625500243649_5-1-300x162.jpg?resize=350%2C200&ssl=1","width":350,"height":200,"srcset":"https:\/\/i0.wp.com\/www.shqiperia.com\/blog\/wp-content\/uploads\/2023\/03\/334660399_942625500243649_5-1-300x162.jpg?resize=350%2C200&ssl=1 1x, https:\/\/i0.wp.com\/www.shqiperia.com\/blog\/wp-content\/uploads\/2023\/03\/334660399_942625500243649_5-1-300x162.jpg?resize=525%2C300&ssl=1 1.5x"},"classes":[]},{"id":71377,"url":"https:\/\/www.shqiperia.com\/blog\/pergatijet-per-festivalin-folklorik-i-gjirokastres-nje-foto-nga-grupi-i-pukes\/","url_meta":{"origin":31784,"position":2},"title":"Pergatijet per Festivalin Folklorik i Gjirokastr\u00ebs, nje foto nga Grupi i Pukes","author":"Kurt Farka","date":"May 13, 2023","format":false,"excerpt":"13 Maji 2023 Drejtoria Rajonale e Trash\u00ebgimis\u00eb Kulturore Shkod\u00ebr ka publikuar nj\u00eb album fotografik me momente nga p\u00ebrgatitjet e grupit te Pukes, p\u00ebrfaq\u00ebsuese t\u00eb Qarkut Shkod\u00ebr, q\u00eb do t\u00eb jet\u00eb pjes\u00eb e Festivalit Folklorik Komb\u00ebtar, Gjirokast\u00ebr 2023. Shkodra, Puka, Fush\u00eb-Arr\u00ebsi, Mal\u00ebsia e Madhe dhe Dukagjini do t\u2019i bashkohen parad\u00ebs s\u00eb\u2026","rel":"","context":"In &quot;Blogu i Udh\u00ebtarit&quot;","block_context":{"text":"Blogu i Udh\u00ebtarit","link":"https:\/\/www.shqiperia.com\/blog\/category\/blogu-i-udhetarit\/"},"img":{"alt_text":"","src":"https:\/\/i0.wp.com\/www.shqiperia.com\/blog\/wp-content\/uploads\/2023\/05\/346452896_826062125615323_7146229091822287932_n-600x430-1-2.jpg?fit=600%2C355&ssl=1&resize=350%2C200","width":350,"height":200,"srcset":"https:\/\/i0.wp.com\/www.shqiperia.com\/blog\/wp-content\/uploads\/2023\/05\/346452896_826062125615323_7146229091822287932_n-600x430-1-2.jpg?fit=600%2C355&ssl=1&resize=350%2C200 1x, https:\/\/i0.wp.com\/www.shqiperia.com\/blog\/wp-content\/uploads\/2023\/05\/346452896_826062125615323_7146229091822287932_n-600x430-1-2.jpg?fit=600%2C355&ssl=1&resize=525%2C300 1.5x"},"classes":[]},{"id":44624,"url":"https:\/\/www.shqiperia.com\/blog\/haklaj-unesco-e-ka-refuzuar-kerkesen-per-dosjen-festivalin-i-gjirokastres-ministria-e-kultures-nuk-jep-informacion\/","url_meta":{"origin":31784,"position":3},"title":"Haklaj: UNESCO e ka refuzuar k\u00ebrkes\u00ebn p\u00ebr Dosjen &#8220;Festivalin i Gjirokastr\u00ebs&#8221;, ministria e Kultur\u00ebs nuk jep informacion","author":"Kurt Farka","date":"February 24, 2021","format":false,"excerpt":"Haklaj: UNESCO e ka refuzuar k\u00ebrkes\u00ebn p\u00ebr Dosjen: \"Festivali i Gjirokastr\u00ebs\", ministria e Kultur\u00ebs nuk jep informacion 22\/02\/2021 I ftuar n\u00eb Ora News, Azgan Haklaj, ish-deputet i Tropoj\u00ebs sqaroi p\u00ebrplasjet q\u00eb ka pasur Unioni i Artist\u00ebve Shqiptar\u00eb me ministrin\u00eb e Kultur\u00ebs lidhur me festivalin folklorik t\u00eb Gjirokastr\u00ebs. Haklaj tha se\u2026","rel":"","context":"In &quot;Blogu i Udh\u00ebtarit&quot;","block_context":{"text":"Blogu i Udh\u00ebtarit","link":"https:\/\/www.shqiperia.com\/blog\/category\/blogu-i-udhetarit\/"},"img":{"alt_text":"","src":"https:\/\/i0.wp.com\/www.shqiperia.com\/blog\/wp-content\/uploads\/2021\/02\/haklaj-750x375-1.jpg?fit=750%2C375&ssl=1&resize=350%2C200","width":350,"height":200,"srcset":"https:\/\/i0.wp.com\/www.shqiperia.com\/blog\/wp-content\/uploads\/2021\/02\/haklaj-750x375-1.jpg?fit=750%2C375&ssl=1&resize=350%2C200 1x, https:\/\/i0.wp.com\/www.shqiperia.com\/blog\/wp-content\/uploads\/2021\/02\/haklaj-750x375-1.jpg?fit=750%2C375&ssl=1&resize=525%2C300 1.5x, https:\/\/i0.wp.com\/www.shqiperia.com\/blog\/wp-content\/uploads\/2021\/02\/haklaj-750x375-1.jpg?fit=750%2C375&ssl=1&resize=700%2C400 2x"},"classes":[]},{"id":25821,"url":"https:\/\/www.shqiperia.com\/blog\/yzeir-llanaj-ministrite-e-kultures-nder-vite-e-kane-injoruar-folklorin-kenga-polifonike-mbahet-gjalle-vetem-nga-bartesit\/","url_meta":{"origin":31784,"position":4},"title":"Yzeir Llanaj: Ministrit\u00eb e Kultur\u00ebs nd\u00ebr vite e kan\u00eb injoruar folklorin, k\u00ebnga polifonike mbahet gjall\u00eb vet\u00ebm nga bart\u00ebsit","author":"Kurt Farka","date":"September 13, 2019","format":false,"excerpt":"Yzeir Llanaj: Ministrit\u00eb e Kultur\u00ebs nd\u00ebr vite e kan\u00eb injoruar folklorin, k\u00ebnga polifonike mbahet gjall\u00eb vet\u00ebm nga bart\u00ebsit P\u00ebr folklorin n\u00eb vend sipas artist\u00ebve t\u00eb ndrysh\u00ebm b\u00ebhet shum\u00eb pak nga institucionet. Ata shprehen se kjo situat\u00eb ka vijuar prej vitesh, por sot problemet nuk jan\u00eb t\u00eb pakta. Mjeshtri i polifonis\u00eb\u2026","rel":"","context":"In &quot;Blogu i Udh\u00ebtarit&quot;","block_context":{"text":"Blogu i Udh\u00ebtarit","link":"https:\/\/www.shqiperia.com\/blog\/category\/blogu-i-udhetarit\/"},"img":{"alt_text":"","src":"https:\/\/i0.wp.com\/www.shqiperia.com\/blog\/wp-content\/uploads\/2019\/09\/Yzeir-Llanaj-2.jpg?fit=1200%2C630&ssl=1&resize=350%2C200","width":350,"height":200,"srcset":"https:\/\/i0.wp.com\/www.shqiperia.com\/blog\/wp-content\/uploads\/2019\/09\/Yzeir-Llanaj-2.jpg?fit=1200%2C630&ssl=1&resize=350%2C200 1x, https:\/\/i0.wp.com\/www.shqiperia.com\/blog\/wp-content\/uploads\/2019\/09\/Yzeir-Llanaj-2.jpg?fit=1200%2C630&ssl=1&resize=525%2C300 1.5x, https:\/\/i0.wp.com\/www.shqiperia.com\/blog\/wp-content\/uploads\/2019\/09\/Yzeir-Llanaj-2.jpg?fit=1200%2C630&ssl=1&resize=700%2C400 2x, https:\/\/i0.wp.com\/www.shqiperia.com\/blog\/wp-content\/uploads\/2019\/09\/Yzeir-Llanaj-2.jpg?fit=1200%2C630&ssl=1&resize=1050%2C600 3x"},"classes":[]},{"id":26578,"url":"https:\/\/www.shqiperia.com\/blog\/jaho-brahaj-mungon-interesimi-per-trashegimine-dhe-kulturen-vlerat-po-zhduken-dhe-amatoret-jane-kthyer-ne-profesioniste\/","url_meta":{"origin":31784,"position":5},"title":"Jaho Brahaj: &#8211; Mungon interesimi p\u00ebr trash\u00ebgimin\u00eb dhe kultur\u00ebn, vlerat po zhduken dhe amator\u00ebt jan\u00eb kthyer n\u00eb \u201cprofesionist\u00eb\u201d","author":"Kurt Farka","date":"October 3, 2019","format":false,"excerpt":"Jaho Brahaj: - Mungon interesimi p\u00ebr trash\u00ebgimin\u00eb dhe kultur\u00ebn, vlerat po zhduken dhe amator\u00ebt jan\u00eb kthyer n\u00eb \u201cprofesionist\u00eb\u201d \u00a003\/10\/2019 - Intervistoi: Julia Vrapi. Gjendja e objekteve t\u00eb trash\u00ebgimis\u00eb kulturore n\u00eb vend \u00ebsht\u00eb jo me pak probleme, por dhe p\u00ebr trash\u00ebgimin\u00eb shpirt\u00ebrore pak b\u00ebhet nga institucionet. - Studiuesi Jaho Brahaj shprehet\u2026","rel":"","context":"In &quot;Kultura&quot;","block_context":{"text":"Kultura","link":"https:\/\/www.shqiperia.com\/blog\/category\/kultura\/"},"img":{"alt_text":"","src":"https:\/\/i0.wp.com\/www.shqiperia.com\/blog\/wp-content\/uploads\/2019\/10\/Jaho-Brahaj..jpg?fit=407%2C206&ssl=1&resize=350%2C200","width":350,"height":200},"classes":[]}],"_links":{"self":[{"href":"https:\/\/www.shqiperia.com\/blog\/wp-json\/wp\/v2\/posts\/31784","targetHints":{"allow":["GET"]}}],"collection":[{"href":"https:\/\/www.shqiperia.com\/blog\/wp-json\/wp\/v2\/posts"}],"about":[{"href":"https:\/\/www.shqiperia.com\/blog\/wp-json\/wp\/v2\/types\/post"}],"author":[{"embeddable":true,"href":"https:\/\/www.shqiperia.com\/blog\/wp-json\/wp\/v2\/users\/9"}],"replies":[{"embeddable":true,"href":"https:\/\/www.shqiperia.com\/blog\/wp-json\/wp\/v2\/comments?post=31784"}],"version-history":[{"count":1,"href":"https:\/\/www.shqiperia.com\/blog\/wp-json\/wp\/v2\/posts\/31784\/revisions"}],"predecessor-version":[{"id":31786,"href":"https:\/\/www.shqiperia.com\/blog\/wp-json\/wp\/v2\/posts\/31784\/revisions\/31786"}],"wp:featuredmedia":[{"embeddable":true,"href":"https:\/\/www.shqiperia.com\/blog\/wp-json\/wp\/v2\/media\/31785"}],"wp:attachment":[{"href":"https:\/\/www.shqiperia.com\/blog\/wp-json\/wp\/v2\/media?parent=31784"}],"wp:term":[{"taxonomy":"category","embeddable":true,"href":"https:\/\/www.shqiperia.com\/blog\/wp-json\/wp\/v2\/categories?post=31784"},{"taxonomy":"post_tag","embeddable":true,"href":"https:\/\/www.shqiperia.com\/blog\/wp-json\/wp\/v2\/tags?post=31784"}],"curies":[{"name":"wp","href":"https:\/\/api.w.org\/{rel}","templated":true}]}}