{"id":31780,"date":"2020-02-25T05:04:42","date_gmt":"2020-02-25T05:04:42","guid":{"rendered":"https:\/\/www.shqiperia.com\/blog\/?p=31780"},"modified":"2020-02-25T05:04:42","modified_gmt":"2020-02-25T05:04:42","slug":"edi-rama-po-i-pergatite-kurthin-albin-kurtit","status":"publish","type":"post","link":"https:\/\/www.shqiperia.com\/blog\/edi-rama-po-i-pergatite-kurthin-albin-kurtit\/","title":{"rendered":"Edi Rama po i p\u00ebrgatit\u00eb \u201ckurthin\u201d Albin Kurtit?"},"content":{"rendered":"<p><img data-recalc-dims=\"1\" loading=\"lazy\" decoding=\"async\" data-attachment-id=\"31782\" data-permalink=\"https:\/\/www.shqiperia.com\/blog\/edi-rama-po-i-pergatite-kurthin-albin-kurtit\/albin-kurti-edi-rama-2\/\" data-orig-file=\"https:\/\/i0.wp.com\/www.shqiperia.com\/blog\/wp-content\/uploads\/2020\/02\/Albin-Kurti-Edi-Rama-1.jpg?fit=850%2C498&amp;ssl=1\" data-orig-size=\"850,498\" data-comments-opened=\"1\" data-image-meta=\"{&quot;aperture&quot;:&quot;0&quot;,&quot;credit&quot;:&quot;&quot;,&quot;camera&quot;:&quot;&quot;,&quot;caption&quot;:&quot;&quot;,&quot;created_timestamp&quot;:&quot;0&quot;,&quot;copyright&quot;:&quot;&quot;,&quot;focal_length&quot;:&quot;0&quot;,&quot;iso&quot;:&quot;0&quot;,&quot;shutter_speed&quot;:&quot;0&quot;,&quot;title&quot;:&quot;&quot;,&quot;orientation&quot;:&quot;0&quot;}\" data-image-title=\"Albin Kurti Edi Rama\" data-image-description=\"\" data-image-caption=\"\" data-medium-file=\"https:\/\/i0.wp.com\/www.shqiperia.com\/blog\/wp-content\/uploads\/2020\/02\/Albin-Kurti-Edi-Rama-1.jpg?fit=300%2C176&amp;ssl=1\" data-large-file=\"https:\/\/i0.wp.com\/www.shqiperia.com\/blog\/wp-content\/uploads\/2020\/02\/Albin-Kurti-Edi-Rama-1.jpg?fit=850%2C498&amp;ssl=1\" class=\"alignnone  wp-image-31782\" alt=\"\" src=\"https:\/\/i0.wp.com\/www.shqiperia.com\/blog\/wp-content\/uploads\/2020\/02\/Albin-Kurti-Edi-Rama-1.jpg?resize=666%2C391&#038;ssl=1\" width=\"666\" height=\"391\" srcset=\"https:\/\/i0.wp.com\/www.shqiperia.com\/blog\/wp-content\/uploads\/2020\/02\/Albin-Kurti-Edi-Rama-1.jpg?resize=300%2C176&amp;ssl=1 300w, https:\/\/i0.wp.com\/www.shqiperia.com\/blog\/wp-content\/uploads\/2020\/02\/Albin-Kurti-Edi-Rama-1.jpg?resize=768%2C450&amp;ssl=1 768w, https:\/\/i0.wp.com\/www.shqiperia.com\/blog\/wp-content\/uploads\/2020\/02\/Albin-Kurti-Edi-Rama-1.jpg?resize=450%2C264&amp;ssl=1 450w, https:\/\/i0.wp.com\/www.shqiperia.com\/blog\/wp-content\/uploads\/2020\/02\/Albin-Kurti-Edi-Rama-1.jpg?resize=600%2C352&amp;ssl=1 600w, https:\/\/i0.wp.com\/www.shqiperia.com\/blog\/wp-content\/uploads\/2020\/02\/Albin-Kurti-Edi-Rama-1.jpg?resize=400%2C234&amp;ssl=1 400w, https:\/\/i0.wp.com\/www.shqiperia.com\/blog\/wp-content\/uploads\/2020\/02\/Albin-Kurti-Edi-Rama-1.jpg?w=850&amp;ssl=1 850w\" sizes=\"auto, (max-width: 666px) 100vw, 666px\" \/><\/p>\n<p><strong>Edi Rama po i p\u00ebrgatit\u00eb \u201ckurthin\u201d Albin Kurtit?<\/strong><\/p>\n<p>NGA\u00a0<strong>ALBULEN\u00cb MUJI\u00a0<\/strong><\/p>\n<p>M\u00cb 24 SHKURT 2020<\/p>\n<p>Tendenca p\u00ebr ringjalljen e ides\u00eb p\u00ebr ndarjen e Kosov\u00ebs<\/p>\n<p>Edhe pse Kosova tashm\u00eb ka 21 vite q\u00eb \u00ebsht\u00eb liruar nga okupimi serb, ende Serbia punon q\u00eb t\u00eb vazhdoj\u00eb cop\u00ebtimin e saj. P\u00ebrkund\u00ebr q\u00eb vendi yn\u00eb m\u00eb 17 shkurt festoi 12 vjetorin e Pavar\u00ebsis\u00eb, ka individ\u00eb t\u00eb cil\u00ebt punojn\u00eb n\u00eb ndarjen e saj.<\/p>\n<p>Gjat\u00eb viteve t\u00eb fundit u publikua nj\u00eb ide e re p\u00ebr shk\u00ebmbimin e territorit t\u00eb Kosov\u00ebs, por nj\u00eb gj\u00eb e till\u00eb nuk u realizua. N\u00eb k\u00ebt\u00eb ide u tha q\u00eb pjesa veriore e Kosov\u00ebs ti kaloj\u00eb Serbis\u00eb, nd\u00ebrsa Kosova Lindore, si\u00e7 njihet si Lugina e Preshev\u00ebs t`i rikthehet shtetit t\u00eb saj am\u00eb. Por, nj\u00eb gj\u00eb e till\u00eb nuk u arrit, pasi q\u00eb kishte kund\u00ebrth\u00ebnie t\u00eb shumta rreth k\u00ebsaj teme.<\/p>\n<p>Nd\u00ebrkaq, kjo \u00e7\u00ebshtje u riaktualizua nga kryeministri i ri i Kosov\u00ebs, Albin Kurti, i cili dit\u00eb m\u00eb par\u00eb n\u00eb intervist\u00ebn p\u00ebr gazet\u00ebn gjermane, S\u00fcddeutsche Zeitung, deklaroi se \u201dProjekti d\u00ebshtoi, por ideja nuk ka vdekur. Ne duhet t\u00eb jemi t\u00eb kujdessh\u00ebm. Zgjidhje t\u00eb tilla p\u00ebr shk\u00ebmbimin e tok\u00ebs do t\u00eb hapnin kutin\u00eb e Pandor\u00ebs\u201d.<\/p>\n<p>P\u00ebr k\u00ebt\u00eb \u00e7\u00ebshtje, ekspert\u00ebt i japin t\u00eb drejt\u00eb kryeministrit Kurti, pasi q\u00eb kjo ide ende sillet n\u00ebp\u00ebr \u201csirtar\u00ebt e kuzhinave\u201d dhe se tem\u00eb \u00ebsht\u00eb shqet\u00ebsuese e cila paraqet k\u00ebrc\u00ebnim t\u00eb rreziksh\u00ebm.<\/p>\n<p><strong>Elezaj: Udh\u00ebheq\u00ebsit antishqiptar\u00eb asnj\u00ebher\u00eb nuk kan\u00eb hequr dor\u00eb nga projekti i Serbis\u00eb s\u00eb madhe<\/strong><\/p>\n<p>Rexhep Elezaj<\/p>\n<p><a href=\"https:\/\/www.botasot.info\/fotogaleria\/1241454\/edi-rama-po-i-pergatite-kurthin-albin-kurtit\/\">FOTO GALERI<\/a><\/p>\n<p>Lidhur me k\u00ebt\u00eb \u00e7\u00ebshtje, zyrtari i L\u00ebvizjes Vet\u00ebvendosje, Rexhep Elezaj, n\u00eb nj\u00eb prononcim p\u00ebr \u201cBota sot\u201d \u00ebsht\u00eb shprehur se kryeministri Kurti ka t\u00eb drejt\u00eb, dhe se fal Kancelar\u00ebs, Angela Merkel si dhe presidentit francez, Emmanuel Macron, ka d\u00ebshtuar me turp dhe p\u00ebrfundimisht.<\/p>\n<p>\u201cKryeministri, Albin Kurti, ka pasur plot\u00ebsisht t\u00eb drejt\u00eb kur ka th\u00ebn\u00eb se \u201cprojekti p\u00ebr shk\u00ebmbim t\u00eb territoreve ka d\u00ebshtuar, por ideja nuk ka vdekur..\u201d, sepse, \u00ebsht\u00eb e v\u00ebrtet\u00eb se projekti fam\u00ebkeq i Aleksandar Vu\u00e7i\u00e7it, Edi Ram\u00ebs, Baton Haxhiut dhe H. Tha\u00e7it p\u00ebr korrigjim t\u00eb kufijve midis Kosov\u00ebs dhe Serbis\u00eb, p\u00ebrkat\u00ebsisht dh\u00ebnien e Veriut t\u00eb Kosov\u00ebs Serbis\u00eb dhe bashk\u00ebngjitjen e Preshev\u00ebs me disa fshatra Kosov\u00ebs, projekt ky i kurdisur n\u00eb Nish para 2 viteve, fal\u00eb q\u00ebndrimit konsekuent dhe miq\u00ebsor t\u00eb Gjermanis\u00eb dhe Kanzelar\u00ebs, znj. Angela Merkel si dhe presidentit francez, Emmanuel Macron, ka d\u00ebshtuar me turp dhe p\u00ebrfundimisht\u201d, ka th\u00ebn\u00eb ai p\u00ebr \u201cBota sot\u201d.<\/p>\n<p>P\u00ebr m\u00eb tep\u00ebr, ai ka theksuar se duhet pasur kujdes pasi q\u00eb ideja e nj\u00eb projektit t\u00eb till\u00eb nuk ka vdekur pasi q\u00eb udh\u00ebheq\u00ebsit antishqiptar\u00eb, shovinist dhe hegjemonist t\u00eb Serbis\u00eb, asnj\u00ebher\u00eb nuk kan\u00eb hequr dor\u00eb nga projekti i Serbis\u00eb s\u00eb madhe.<\/p>\n<p>\u201cNd\u00ebrsa, se duhet t\u00eb jemi t\u00eb kujdessh\u00ebm, sepse ideja e nj\u00eb projekti t\u00eb till\u00eb nuk ka vdekur, po ashtu z. Albin Kurti, ka pasur t\u00eb drejt, ngase udh\u00ebheq\u00ebsit antishqiptar\u00eb, shovinist dhe hegjemonist t\u00eb Serbis\u00eb, asnj\u00ebher\u00eb nuk kan\u00eb hequr dor\u00eb nga projekti i Serbis\u00eb s\u00eb madhe, t\u00eb cil\u00ebt do b\u00ebjn\u00eb \u00e7mos me t\u00eb gjitha m\u00ebnyrat dhe mjetet e mundshme politike, diplomatike, madje edhe ushtarake, q\u00eb n\u00eb momentin e volitsh\u00ebm politik n\u00eb Ballkan, ta ripushtojn\u00eb Kosov\u00ebn, si\u00e7 kan\u00eb deklaruar n\u00eb vazhdim\u00ebsi shum\u00eb \u00e7etnik\u00eb n\u00eb Beograd; \u201cse edhe 1000 vjet do presim, dhe n\u00eb momentin q\u00eb amerikan\u00ebt do t\u00eb largohen nga Ballkani, ne do ta rikthejm\u00eb Kosov\u00ebn n\u00eb sovranitetin e Serbis\u00eb..\u201d..!?Pra, duke i ditur k\u00ebto synime hegjemoniste t\u00eb Serbis\u00eb ndaj shqiptar\u00ebve dhe Kosov\u00ebs, kryeministri Albin Kurti, edhe ka deklaruar se ideja e shk\u00ebmbimit t\u00eb territoreve nuk ka vdekur. Por, edhe p\u00ebr shkakun e q\u00ebndrimit antikomb\u00ebtar t\u00eb disa tradhtar\u00ebve t\u00eb kombit, t\u00eb cil\u00ebt me vite kan\u00eb lobuar fsheht\u00eb n\u00eb qarqe t\u00eb err\u00ebta, \u201cse pas k\u00ebmbimit t\u00eb territoreve me Serbin\u00eb, do ta b\u00ebjm\u00eb bashkimin ton\u00eb komb\u00ebtar..\u201d, dhe se gjoja shqiptar\u00eb, nj\u00ebher\u00eb e p\u00ebrgjithmon\u00eb do p\u00ebrkufizohen me Serbin\u00eb, duke harruar faktin, se territoret e sotme t\u00eb mbetura n\u00ebn Serbi deri n\u00eb Novi Pazar, Nish dhe Molla e Kuqe, jan\u00eb toka etnike shqiptare!\u201d, ka deklaruar Elezaj p\u00ebr \u201cBota sot\u201d.<\/p>\n<p>Po ashtu, ai ka shpjeguar se \u00e7far\u00eb do t\u00eb ndodhte n\u00eb qoft\u00eb se do t\u00eb hapej \u201cKutia e Pandor\u00ebs\u201d.<\/p>\n<p>\u201cNd\u00ebrsa, kur \u00ebsht\u00eb fjala p\u00ebr hapjen e \u201cKutis\u00eb s\u00eb pandor\u00ebs\u201d, \u00ebsht\u00eb e qart\u00eb se n\u00eb rastin e k\u00ebmbimit eventual t\u00eb territoreve midis Kosov\u00ebs dhe Serbis\u00eb, me automatiz\u00ebm do vinte tek luft\u00ebrat e reja n\u00eb Ballkan, ngase Maqedonia do cop\u00ebtohej midis Bullgaris\u00eb, Shqip\u00ebris\u00eb e Kosov\u00ebs, Sanxhaku boshnjak do i bashkohej Kosov\u00ebs dhe Bosnj\u00ebs, si dhe \u201cRepublika Srpska\u201d do i bashkohej Serbis\u00eb sipas efektit \u201cdomino\u201d, gj\u00eb q\u00eb n\u00eb rrethana t\u00eb tilla askush nuk do mund t\u2019i parashikonte pasojat si dhe p\u00ebrfundimin e ngjarjeve t\u00eb tilla. Me siguri se do ndodhnin shum\u00eb tragjedi, spastrime etnike dhe ekzoduse t\u00eb reja n\u00eb Ballkan, andaj duke i ditur t\u00eb gjitha k\u00ebto rreziqe t\u00eb m\u00ebdha, jo vet\u00ebm p\u00ebr Ballkanin, por p\u00ebr krejt Evrop\u00ebn, nd\u00ebrhyrja dhe kund\u00ebrshtimi i Gjermanis\u00eb dhe Franc\u00ebs p\u00ebr shk\u00ebmbim territoresh midis Kosov\u00ebs dhe Serbis\u00eb, ishte i domosdosh\u00ebm p\u00ebr t\u2019i penguar luft\u00ebrat e reja si dhe ndryshimin e kufijve n\u00eb Evrop\u00eb. Mbase, \u00e7do destabilizim i situat\u00ebs n\u00eb Ballkan dhe m\u00eb gjer\u00eb n\u00eb Evrop\u00eb, do i shkon gjithher\u00eb p\u00ebr shtati vet\u00ebm Serbis\u00eb dhe Rusis\u00eb hegjemoniste t\u00eb cilat kurr\u00eb nuk do heqin dor\u00eb nga synimet e tilla djall\u00ebzore p\u00ebr t\u00eb dal\u00eb n\u00eb detin Adriatik..!?\u201d, ka potencuar Elezaj p\u00ebr \u201cBota sot\u201d.<\/p>\n<p>Gazeta Bota Sot<\/p>\n","protected":false},"excerpt":{"rendered":"<p>Edi Rama po i p\u00ebrgatit\u00eb \u201ckurthin\u201d Albin Kurtit? NGA\u00a0ALBULEN\u00cb MUJI\u00a0 M\u00cb 24 SHKURT 2020 Tendenca p\u00ebr ringjalljen e ides\u00eb p\u00ebr ndarjen e Kosov\u00ebs Edhe pse Kosova tashm\u00eb ka 21 vite q\u00eb \u00ebsht\u00eb liruar nga okupimi serb, ende Serbia punon q\u00eb t\u00eb vazhdoj\u00eb cop\u00ebtimin e saj. P\u00ebrkund\u00ebr q\u00eb vendi yn\u00eb m\u00eb 17 shkurt festoi 12 vjetorin [&hellip;]<\/p>\n","protected":false},"author":9,"featured_media":31781,"comment_status":"open","ping_status":"open","sticky":false,"template":"","format":"standard","meta":{"jetpack_post_was_ever_published":false,"_jetpack_newsletter_access":"","_jetpack_dont_email_post_to_subs":false,"_jetpack_newsletter_tier_id":0,"_jetpack_memberships_contains_paywalled_content":false,"_jetpack_memberships_contains_paid_content":false,"footnotes":"","jetpack_publicize_message":"","jetpack_publicize_feature_enabled":true,"jetpack_social_post_already_shared":true,"jetpack_social_options":{"image_generator_settings":{"template":"highway","default_image_id":0,"font":"","enabled":false},"version":2}},"categories":[27,2],"tags":[],"class_list":["post-31780","post","type-post","status-publish","format-standard","has-post-thumbnail","hentry","category-blogu-i-udhetarit","category-politika"],"jetpack_publicize_connections":[],"jetpack_featured_media_url":"https:\/\/i0.wp.com\/www.shqiperia.com\/blog\/wp-content\/uploads\/2020\/02\/Albin-Kurti-Edi-Rama.jpg?fit=850%2C628&ssl=1","jetpack_sharing_enabled":true,"jetpack_shortlink":"https:\/\/wp.me\/p5Z6wp-8gA","jetpack-related-posts":[{"id":50431,"url":"https:\/\/www.shqiperia.com\/blog\/eshte-edi-rama-qe-hedh-benzine-ne-zjarr-dhe-i-jep-beogradit-e-moskes-municionin-e-panevojshem-per-te-kaluar-ne-pozicion-sulmi\/","url_meta":{"origin":31780,"position":0},"title":"Esht\u00eb Edi Rama q\u00eb hedh benzin\u00eb n\u00eb zjarr dhe i jep Beogradit e Mosk\u00ebs municionin e (pa)nevojsh\u00ebm p\u00ebr t\u00eb kaluar n\u00eb pozicion sulmi!","author":"Kurt Farka","date":"October 11, 2021","format":false,"excerpt":"Esht\u00eb Edi Rama q\u00eb hedh benzin\u00eb n\u00eb zjarr dhe i jep Beogradit e Mosk\u00ebs municionin e (pa)nevojsh\u00ebm p\u00ebr t\u00eb kaluar n\u00eb pozicion sulmi! Enver Bytyci 11 tetor 2021 Sa her\u00eb Kosova ngrihet s\u00eb paku n\u00eb nivel t\u00eb barabart\u00eb n\u00eb dialogun me Serbin\u00eb, \u00ebsht\u00eb Edi Rama q\u00eb hedh benzin\u00eb n\u00eb zjarr\u2026","rel":"","context":"In &quot;Blogu i Udh\u00ebtarit&quot;","block_context":{"text":"Blogu i Udh\u00ebtarit","link":"https:\/\/www.shqiperia.com\/blog\/category\/blogu-i-udhetarit\/"},"img":{"alt_text":"","src":"https:\/\/i0.wp.com\/www.shqiperia.com\/blog\/wp-content\/uploads\/2021\/10\/Edi-Rama.gif?fit=433%2C300&ssl=1&resize=350%2C200","width":350,"height":200},"classes":[]},{"id":31687,"url":"https:\/\/www.shqiperia.com\/blog\/edi-rama-i-kunderpergjigjet-albin-kurtit-paralajmeron-realizimin-e-shengenit-ballkanik-edhe-pa-miratimin-e-kryeministrit-kosovar-22-shkurt-2020\/","url_meta":{"origin":31780,"position":1},"title":"Edi Rama i kund\u00ebrp\u00ebrgjigjet Albin Kurtit, paralajm\u00ebron realizimin e Shengenit Ballkanik edhe pa miratimin e kryeministrit Kosovar.  22 SHKURT 2020","author":"Kurt Farka","date":"February 22, 2020","format":false,"excerpt":"Edi Rama i kund\u00ebrp\u00ebrgjigjet Albin Kurtit, paralajm\u00ebron realizimin e Shengenit Ballkanik edhe pa miratimin e kryeministrit Kosovar. 22 SHKURT 2020 Kryeministri Edi Rama ka paralajm\u00ebruar edhe nj\u00ebher\u00eb dje se \u00ebsht\u00eb i vendosur p\u00ebr t\u2019i shkuar deri n\u00eb fund Shengenit Ballkanik. Pak koh\u00eb m\u00eb par\u00eb presidenti serb, Aleksand\u00ebr Vu\u00e7i\u00e7 dhe kryeministri\u2026","rel":"","context":"In &quot;Blogu i Udh\u00ebtarit&quot;","block_context":{"text":"Blogu i Udh\u00ebtarit","link":"https:\/\/www.shqiperia.com\/blog\/category\/blogu-i-udhetarit\/"},"img":{"alt_text":"","src":"https:\/\/i0.wp.com\/www.shqiperia.com\/blog\/wp-content\/uploads\/2020\/02\/Edi-Rama.jpg?fit=800%2C533&ssl=1&resize=350%2C200","width":350,"height":200,"srcset":"https:\/\/i0.wp.com\/www.shqiperia.com\/blog\/wp-content\/uploads\/2020\/02\/Edi-Rama.jpg?fit=800%2C533&ssl=1&resize=350%2C200 1x, https:\/\/i0.wp.com\/www.shqiperia.com\/blog\/wp-content\/uploads\/2020\/02\/Edi-Rama.jpg?fit=800%2C533&ssl=1&resize=525%2C300 1.5x, https:\/\/i0.wp.com\/www.shqiperia.com\/blog\/wp-content\/uploads\/2020\/02\/Edi-Rama.jpg?fit=800%2C533&ssl=1&resize=700%2C400 2x"},"classes":[]},{"id":67411,"url":"https:\/\/www.shqiperia.com\/blog\/albin-kurti-te-kerkosh-asociacionin-pa-e-njohur-kosoven-si-te-serviresh-kafe-pa-filxhan\/","url_meta":{"origin":31780,"position":2},"title":"Albin Kurti: &#8211; T\u00eb k\u00ebrkosh \u2018Asociacionin\u2019 pa e njohur Kosov\u00ebn, si t\u00eb serviresh kafe pa filxhan","author":"Kurt Farka","date":"February 5, 2023","format":false,"excerpt":"5 Shkurt 2023 Albin Kurti, kryeminist\u00ebr i Kosov\u00ebs, ka dh\u00ebn\u00eb nj\u00eb intervist\u00eb p\u00ebr televizionin pubulik TRT n\u00eb gjuh\u00ebn angleze, duke treguar q\u00ebndrimet e tij p\u00ebr \u00e7\u00ebshtjen aktuale mes Kosov\u00ebs dhe Serbis\u00eb. I pyetur rreth formimit t\u00eb Asociacionit t\u00eb komunave me shumic\u00eb serbe, Kurti e ka p\u00ebrs\u00ebritur nj\u00eb deklarat\u00eb t\u00eb th\u00ebn\u00eb\u2026","rel":"","context":"In &quot;Blogu i Udh\u00ebtarit&quot;","block_context":{"text":"Blogu i Udh\u00ebtarit","link":"https:\/\/www.shqiperia.com\/blog\/category\/blogu-i-udhetarit\/"},"img":{"alt_text":"","src":"https:\/\/i0.wp.com\/www.shqiperia.com\/blog\/wp-content\/uploads\/2023\/02\/1675532683_Screenshot5.jpg?fit=780%2C440&ssl=1&resize=350%2C200","width":350,"height":200,"srcset":"https:\/\/i0.wp.com\/www.shqiperia.com\/blog\/wp-content\/uploads\/2023\/02\/1675532683_Screenshot5.jpg?fit=780%2C440&ssl=1&resize=350%2C200 1x, https:\/\/i0.wp.com\/www.shqiperia.com\/blog\/wp-content\/uploads\/2023\/02\/1675532683_Screenshot5.jpg?fit=780%2C440&ssl=1&resize=525%2C300 1.5x, https:\/\/i0.wp.com\/www.shqiperia.com\/blog\/wp-content\/uploads\/2023\/02\/1675532683_Screenshot5.jpg?fit=780%2C440&ssl=1&resize=700%2C400 2x"},"classes":[]},{"id":78125,"url":"https:\/\/www.shqiperia.com\/blog\/u-kercenua-me-jete-reagon-kryeministri-albin-kurti-rrenjet-e-tyre-jane-ne-beograd-forca-te-shumta-policore\/","url_meta":{"origin":31780,"position":3},"title":"U k\u00ebrc\u00ebnua me jet\u00eb, reagon kryeministri Albin Kurti: &#8211; Rr\u00ebnj\u00ebt e tyre jan\u00eb n\u00eb Beograd. Forca t\u00eb shumta policore\u2026","author":"Kurt Farka","date":"February 10, 2024","format":false,"excerpt":"10 Shkurt 2024 Kryeministri i Kosov\u00ebs Albin Kurti ka reaguar n\u00eb lidhej me k\u00ebrc\u00ebnimin me jet\u00eb n\u00eb koh\u00ebn kur ishte n\u00eb Maqedonin\u00eb e Veriut. Kurti ka th\u00ebn\u00eb se gjat\u00eb q\u00ebndrimit n\u00eb Shkup, nuk \u00ebsht\u00eb ndier i rrezikuar, por e ka par\u00eb se ka pasur shum\u00eb forca policore q\u00eb u p\u00ebrkujdes\u00ebn\u2026","rel":"","context":"In &quot;Blogu i Udh\u00ebtarit&quot;","block_context":{"text":"Blogu i Udh\u00ebtarit","link":"https:\/\/www.shqiperia.com\/blog\/category\/blogu-i-udhetarit\/"},"img":{"alt_text":"","src":"https:\/\/i0.wp.com\/www.shqiperia.com\/blog\/wp-content\/uploads\/2024\/02\/7ea6f9d5e9ceffbfe3b64aacda9f07fa.jpg?fit=776%2C462&ssl=1&resize=350%2C200","width":350,"height":200,"srcset":"https:\/\/i0.wp.com\/www.shqiperia.com\/blog\/wp-content\/uploads\/2024\/02\/7ea6f9d5e9ceffbfe3b64aacda9f07fa.jpg?fit=776%2C462&ssl=1&resize=350%2C200 1x, https:\/\/i0.wp.com\/www.shqiperia.com\/blog\/wp-content\/uploads\/2024\/02\/7ea6f9d5e9ceffbfe3b64aacda9f07fa.jpg?fit=776%2C462&ssl=1&resize=525%2C300 1.5x, https:\/\/i0.wp.com\/www.shqiperia.com\/blog\/wp-content\/uploads\/2024\/02\/7ea6f9d5e9ceffbfe3b64aacda9f07fa.jpg?fit=776%2C462&ssl=1&resize=700%2C400 2x"},"classes":[]},{"id":56416,"url":"https:\/\/www.shqiperia.com\/blog\/presidentja-e-kosoves-kritika-ndaj-edi-rames-nuk-e-di-pse-shqiperia-vazhdon-te-perkrahe-ballkanin-e-hapur-ku-vucici-ka\/","url_meta":{"origin":31780,"position":4},"title":"Presidentja e Kosov\u00ebs kritika ndaj Edi Ram\u00ebs: Nuk e di pse Shqip\u00ebria vazhdon t\u00eb p\u00ebrkrah\u00eb \u201cBallkanin e Hapur\u201d, ku Vu\u00e7i\u00e7i ka\u2026","author":"Kurt Farka","date":"April 6, 2022","format":false,"excerpt":"Presidentja e Kosov\u00ebs kritika ndaj Edi Ram\u00ebs: Nuk e di pse Shqip\u00ebria vazhdon t\u00eb p\u00ebrkrah\u00eb \u201cBallkanin e Hapur\u201d, ku Vu\u00e7i\u00e7i ka\u2026 5 Prill 2022 Presidentja e Kosov\u00ebs, Vjosa Osmani ka kritikuar kryeministrin shqiptar Edi Rama, duke u shpreh se nuk e di pse \u201cShqip\u00ebria vazhdon ta p\u00ebrkrah Ballkanin e Hapur\u201d.\u2026","rel":"","context":"In &quot;Blogu i Udh\u00ebtarit&quot;","block_context":{"text":"Blogu i Udh\u00ebtarit","link":"https:\/\/www.shqiperia.com\/blog\/category\/blogu-i-udhetarit\/"},"img":{"alt_text":"","src":"https:\/\/i0.wp.com\/www.shqiperia.com\/blog\/wp-content\/uploads\/2022\/04\/osmani-edi-rama.png?fit=600%2C335&ssl=1&resize=350%2C200","width":350,"height":200,"srcset":"https:\/\/i0.wp.com\/www.shqiperia.com\/blog\/wp-content\/uploads\/2022\/04\/osmani-edi-rama.png?fit=600%2C335&ssl=1&resize=350%2C200 1x, https:\/\/i0.wp.com\/www.shqiperia.com\/blog\/wp-content\/uploads\/2022\/04\/osmani-edi-rama.png?fit=600%2C335&ssl=1&resize=525%2C300 1.5x"},"classes":[]},{"id":62429,"url":"https:\/\/www.shqiperia.com\/blog\/deklarata-e-albin-kurtit-ne-kosove-mund-te-kete-lufte\/","url_meta":{"origin":31780,"position":5},"title":"Deklarata e Albin Kurtit: &#8211; N\u00eb Kosov\u00eb mund t\u00eb ket\u00eb luft\u00eb","author":"Kurt Farka","date":"September 18, 2022","format":false,"excerpt":"17 Shtator 2022 Kryeministri i Kosov\u00ebs, Albin Kurti, ka folur s\u00ebrish p\u00ebr mund\u00ebsin\u00eb e nj\u00eb lufte n\u00eb Kosov\u00eb, duke th\u00ebn\u00eb se Serbia aktualisht po armatos fuqish\u00ebm ushtrin\u00eb e saj me pajisje q\u00eb i merr nga Rusia dhe Kina. P\u00ebr gazet\u00ebn kroate \u201cVecernji list\u201d, Kurti ka th\u00ebn\u00eb se beson se do\u2026","rel":"","context":"In &quot;Blogu i Udh\u00ebtarit&quot;","block_context":{"text":"Blogu i Udh\u00ebtarit","link":"https:\/\/www.shqiperia.com\/blog\/category\/blogu-i-udhetarit\/"},"img":{"alt_text":"","src":"https:\/\/i0.wp.com\/www.shqiperia.com\/blog\/wp-content\/uploads\/2022\/09\/Albin-Kurti.jpg?fit=640%2C366&ssl=1&resize=350%2C200","width":350,"height":200,"srcset":"https:\/\/i0.wp.com\/www.shqiperia.com\/blog\/wp-content\/uploads\/2022\/09\/Albin-Kurti.jpg?fit=640%2C366&ssl=1&resize=350%2C200 1x, https:\/\/i0.wp.com\/www.shqiperia.com\/blog\/wp-content\/uploads\/2022\/09\/Albin-Kurti.jpg?fit=640%2C366&ssl=1&resize=525%2C300 1.5x"},"classes":[]}],"_links":{"self":[{"href":"https:\/\/www.shqiperia.com\/blog\/wp-json\/wp\/v2\/posts\/31780","targetHints":{"allow":["GET"]}}],"collection":[{"href":"https:\/\/www.shqiperia.com\/blog\/wp-json\/wp\/v2\/posts"}],"about":[{"href":"https:\/\/www.shqiperia.com\/blog\/wp-json\/wp\/v2\/types\/post"}],"author":[{"embeddable":true,"href":"https:\/\/www.shqiperia.com\/blog\/wp-json\/wp\/v2\/users\/9"}],"replies":[{"embeddable":true,"href":"https:\/\/www.shqiperia.com\/blog\/wp-json\/wp\/v2\/comments?post=31780"}],"version-history":[{"count":1,"href":"https:\/\/www.shqiperia.com\/blog\/wp-json\/wp\/v2\/posts\/31780\/revisions"}],"predecessor-version":[{"id":31783,"href":"https:\/\/www.shqiperia.com\/blog\/wp-json\/wp\/v2\/posts\/31780\/revisions\/31783"}],"wp:featuredmedia":[{"embeddable":true,"href":"https:\/\/www.shqiperia.com\/blog\/wp-json\/wp\/v2\/media\/31781"}],"wp:attachment":[{"href":"https:\/\/www.shqiperia.com\/blog\/wp-json\/wp\/v2\/media?parent=31780"}],"wp:term":[{"taxonomy":"category","embeddable":true,"href":"https:\/\/www.shqiperia.com\/blog\/wp-json\/wp\/v2\/categories?post=31780"},{"taxonomy":"post_tag","embeddable":true,"href":"https:\/\/www.shqiperia.com\/blog\/wp-json\/wp\/v2\/tags?post=31780"}],"curies":[{"name":"wp","href":"https:\/\/api.w.org\/{rel}","templated":true}]}}