{"id":31774,"date":"2020-02-25T03:27:51","date_gmt":"2020-02-25T03:27:51","guid":{"rendered":"https:\/\/www.shqiperia.com\/blog\/?p=31774"},"modified":"2020-02-25T06:42:27","modified_gmt":"2020-02-25T06:42:27","slug":"dosja-e-eposit-te-kreshnikeve-e-humb-shansin-per-tu-anetaresuar-ne-unesco-edhe-per-kete-vit","status":"publish","type":"post","link":"https:\/\/www.shqiperia.com\/blog\/dosja-e-eposit-te-kreshnikeve-e-humb-shansin-per-tu-anetaresuar-ne-unesco-edhe-per-kete-vit\/","title":{"rendered":"Dosja e Eposit t\u00eb Kreshnik\u00ebve e humb shansin p\u00ebr t\u2018u an\u00ebtar\u00ebsuar n\u00eb\u00a0 UNESCO\u00a0 edhe p\u00ebr k\u00ebt\u00eb vit,"},"content":{"rendered":"<p><img data-recalc-dims=\"1\" loading=\"lazy\" decoding=\"async\" data-attachment-id=\"31775\" data-permalink=\"https:\/\/www.shqiperia.com\/blog\/dosja-e-eposit-te-kreshnikeve-e-humb-shansin-per-tu-anetaresuar-ne-unesco-edhe-per-kete-vit\/figura-mitike-ne-lahute-foto-j-brahaj\/\" data-orig-file=\"https:\/\/i0.wp.com\/www.shqiperia.com\/blog\/wp-content\/uploads\/2020\/02\/Figura-mitike-ne-lahute.-Foto-J.-Brahaj.jpg?fit=1480%2C556&amp;ssl=1\" data-orig-size=\"1480,556\" data-comments-opened=\"1\" data-image-meta=\"{&quot;aperture&quot;:&quot;0&quot;,&quot;credit&quot;:&quot;&quot;,&quot;camera&quot;:&quot;&quot;,&quot;caption&quot;:&quot;&quot;,&quot;created_timestamp&quot;:&quot;0&quot;,&quot;copyright&quot;:&quot;&quot;,&quot;focal_length&quot;:&quot;0&quot;,&quot;iso&quot;:&quot;0&quot;,&quot;shutter_speed&quot;:&quot;0&quot;,&quot;title&quot;:&quot;&quot;,&quot;orientation&quot;:&quot;0&quot;}\" data-image-title=\"Figura mitike ne lahute. Foto Jaho Brahaj\" data-image-description=\"\" data-image-caption=\"\" data-medium-file=\"https:\/\/i0.wp.com\/www.shqiperia.com\/blog\/wp-content\/uploads\/2020\/02\/Figura-mitike-ne-lahute.-Foto-J.-Brahaj.jpg?fit=300%2C113&amp;ssl=1\" data-large-file=\"https:\/\/i0.wp.com\/www.shqiperia.com\/blog\/wp-content\/uploads\/2020\/02\/Figura-mitike-ne-lahute.-Foto-J.-Brahaj.jpg?fit=1024%2C385&amp;ssl=1\" class=\"alignnone wp-image-31775\" alt=\"\" src=\"https:\/\/i0.wp.com\/www.shqiperia.com\/blog\/wp-content\/uploads\/2020\/02\/Figura-mitike-ne-lahute.-Foto-J.-Brahaj.jpg?resize=682%2C257&#038;ssl=1\" width=\"682\" height=\"257\" srcset=\"https:\/\/i0.wp.com\/www.shqiperia.com\/blog\/wp-content\/uploads\/2020\/02\/Figura-mitike-ne-lahute.-Foto-J.-Brahaj.jpg?resize=300%2C113&amp;ssl=1 300w, https:\/\/i0.wp.com\/www.shqiperia.com\/blog\/wp-content\/uploads\/2020\/02\/Figura-mitike-ne-lahute.-Foto-J.-Brahaj.jpg?resize=1024%2C385&amp;ssl=1 1024w, https:\/\/i0.wp.com\/www.shqiperia.com\/blog\/wp-content\/uploads\/2020\/02\/Figura-mitike-ne-lahute.-Foto-J.-Brahaj.jpg?resize=768%2C289&amp;ssl=1 768w, https:\/\/i0.wp.com\/www.shqiperia.com\/blog\/wp-content\/uploads\/2020\/02\/Figura-mitike-ne-lahute.-Foto-J.-Brahaj.jpg?resize=450%2C169&amp;ssl=1 450w, https:\/\/i0.wp.com\/www.shqiperia.com\/blog\/wp-content\/uploads\/2020\/02\/Figura-mitike-ne-lahute.-Foto-J.-Brahaj.jpg?resize=600%2C225&amp;ssl=1 600w, https:\/\/i0.wp.com\/www.shqiperia.com\/blog\/wp-content\/uploads\/2020\/02\/Figura-mitike-ne-lahute.-Foto-J.-Brahaj.jpg?resize=1300%2C488&amp;ssl=1 1300w, https:\/\/i0.wp.com\/www.shqiperia.com\/blog\/wp-content\/uploads\/2020\/02\/Figura-mitike-ne-lahute.-Foto-J.-Brahaj.jpg?resize=400%2C150&amp;ssl=1 400w, https:\/\/i0.wp.com\/www.shqiperia.com\/blog\/wp-content\/uploads\/2020\/02\/Figura-mitike-ne-lahute.-Foto-J.-Brahaj.jpg?w=1480&amp;ssl=1 1480w\" sizes=\"auto, (max-width: 682px) 100vw, 682px\" \/><\/p>\n<p>Dosja e Eposit t\u00eb Kreshnik\u00ebve e humb shansin p\u00ebr t\u2018u an\u00ebtar\u00ebsuar n\u00eb\u00a0 UNESCO\u00a0 edhe p\u00ebr k\u00ebt\u00eb vit\u00a0 (2020),<\/p>\n<p>24\/02\/2020<\/p>\n<p>Dosja e Eposit t\u00eb Kreshnik\u00ebve e humb shansin p\u00ebr t\u2018u an\u00ebtar\u00ebsuar n\u00eb\u00a0 UNESCO\u00a0 edhe p\u00ebr k\u00ebt\u00eb vit, pasi kan\u00eb mbetur vetem pak dit\u00eb nga skadimi i afatit dhe dosja e cila duhet t\u00eb isht\u00eb dor\u00ebzuar nga Ministria e Kultur\u00ebs s\u00eb Kosov\u00ebs\u00a0 p\u00ebr n\u00eb ministrin\u00eb e Shqip\u00ebris\u00eb, nuk \u00ebsht\u00eb dor\u00ebzuar. Antari i grupit t\u00eb pun\u00ebs, studiuesi Shaban Sinani thot\u00eb se nger\u00e7i \u00ebsht\u00eb institucional.<\/p>\n<p><img data-recalc-dims=\"1\" loading=\"lazy\" decoding=\"async\" data-attachment-id=\"31776\" data-permalink=\"https:\/\/www.shqiperia.com\/blog\/dosja-e-eposit-te-kreshnikeve-e-humb-shansin-per-tu-anetaresuar-ne-unesco-edhe-per-kete-vit\/shaban-sinani-2\/\" data-orig-file=\"https:\/\/i0.wp.com\/www.shqiperia.com\/blog\/wp-content\/uploads\/2020\/02\/shaban-sinani.jpg?fit=999%2C587&amp;ssl=1\" data-orig-size=\"999,587\" data-comments-opened=\"1\" data-image-meta=\"{&quot;aperture&quot;:&quot;0&quot;,&quot;credit&quot;:&quot;Montazh web 3&quot;,&quot;camera&quot;:&quot;&quot;,&quot;caption&quot;:&quot;&quot;,&quot;created_timestamp&quot;:&quot;1582564613&quot;,&quot;copyright&quot;:&quot;&quot;,&quot;focal_length&quot;:&quot;0&quot;,&quot;iso&quot;:&quot;0&quot;,&quot;shutter_speed&quot;:&quot;0&quot;,&quot;title&quot;:&quot;&quot;,&quot;orientation&quot;:&quot;0&quot;}\" data-image-title=\"shaban-sinani\" data-image-description=\"\" data-image-caption=\"\" data-medium-file=\"https:\/\/i0.wp.com\/www.shqiperia.com\/blog\/wp-content\/uploads\/2020\/02\/shaban-sinani.jpg?fit=300%2C176&amp;ssl=1\" data-large-file=\"https:\/\/i0.wp.com\/www.shqiperia.com\/blog\/wp-content\/uploads\/2020\/02\/shaban-sinani.jpg?fit=999%2C587&amp;ssl=1\" class=\"alignnone wp-image-31776\" alt=\"\" src=\"https:\/\/i0.wp.com\/www.shqiperia.com\/blog\/wp-content\/uploads\/2020\/02\/shaban-sinani.jpg?resize=694%2C407&#038;ssl=1\" width=\"694\" height=\"407\" srcset=\"https:\/\/i0.wp.com\/www.shqiperia.com\/blog\/wp-content\/uploads\/2020\/02\/shaban-sinani.jpg?resize=300%2C176&amp;ssl=1 300w, https:\/\/i0.wp.com\/www.shqiperia.com\/blog\/wp-content\/uploads\/2020\/02\/shaban-sinani.jpg?resize=768%2C451&amp;ssl=1 768w, https:\/\/i0.wp.com\/www.shqiperia.com\/blog\/wp-content\/uploads\/2020\/02\/shaban-sinani.jpg?resize=450%2C264&amp;ssl=1 450w, https:\/\/i0.wp.com\/www.shqiperia.com\/blog\/wp-content\/uploads\/2020\/02\/shaban-sinani.jpg?resize=600%2C353&amp;ssl=1 600w, https:\/\/i0.wp.com\/www.shqiperia.com\/blog\/wp-content\/uploads\/2020\/02\/shaban-sinani.jpg?resize=400%2C235&amp;ssl=1 400w, https:\/\/i0.wp.com\/www.shqiperia.com\/blog\/wp-content\/uploads\/2020\/02\/shaban-sinani.jpg?w=999&amp;ssl=1 999w\" sizes=\"auto, (max-width: 694px) 100vw, 694px\" \/><\/p>\n<p>\u201c<em>jemi pa shpresa edhe p\u00ebr k\u00ebt\u00eb vit. P\u00ebr fat t\u00eb keq pas dor\u00ebzimit t\u00eb dosjes ka pasur nj\u00eb ndalim n\u00eb proces e sip\u00ebr q\u00eb lidhej me rrug\u00ebn e ndjekur p\u00ebr ta propozuar k\u00ebt\u00eb dosje p\u00ebr regjistrimin e Eposit n\u00eb nj\u00eb nga listat m\u00eb t\u00eb r\u00ebnd\u00ebsishme. Nuk fundksionoi mir\u00eb bashk\u00ebpunimi i intitucioneve q\u00eb p\u00ebrcjellin nj\u00eb dosje shkencore n\u00eb rrug\u00eb zyrtare n\u00eb Unesco. Jan\u00eb dy ministrit\u00eb e Kultur\u00ebs, e Shqipris\u00eb dhe Kosov\u00ebs, t\u00eb cilat kan\u00eb bashk\u00ebpunuar parimisht duke patur p\u00ebrfaq\u00ebsueist e vet p\u00ebr hartimin e dosjes. Pasi kjo dosje fitoi \u00e7mimin Europa Nostra, filluan negociatat q\u00eb iniciativa t\u00eb mbartej nga Prishtina n\u00eb Tiran<\/em>\u00eb\u201d, deklaron Sinani.<\/p>\n<p><img data-recalc-dims=\"1\" loading=\"lazy\" decoding=\"async\" data-attachment-id=\"31777\" data-permalink=\"https:\/\/www.shqiperia.com\/blog\/dosja-e-eposit-te-kreshnikeve-e-humb-shansin-per-tu-anetaresuar-ne-unesco-edhe-per-kete-vit\/download-61\/\" data-orig-file=\"https:\/\/i0.wp.com\/www.shqiperia.com\/blog\/wp-content\/uploads\/2020\/02\/download-9.jpg?fit=300%2C168&amp;ssl=1\" data-orig-size=\"300,168\" data-comments-opened=\"1\" data-image-meta=\"{&quot;aperture&quot;:&quot;0&quot;,&quot;credit&quot;:&quot;&quot;,&quot;camera&quot;:&quot;&quot;,&quot;caption&quot;:&quot;&quot;,&quot;created_timestamp&quot;:&quot;0&quot;,&quot;copyright&quot;:&quot;&quot;,&quot;focal_length&quot;:&quot;0&quot;,&quot;iso&quot;:&quot;0&quot;,&quot;shutter_speed&quot;:&quot;0&quot;,&quot;title&quot;:&quot;&quot;,&quot;orientation&quot;:&quot;0&quot;}\" data-image-title=\"download\" data-image-description=\"\" data-image-caption=\"\" data-medium-file=\"https:\/\/i0.wp.com\/www.shqiperia.com\/blog\/wp-content\/uploads\/2020\/02\/download-9.jpg?fit=300%2C168&amp;ssl=1\" data-large-file=\"https:\/\/i0.wp.com\/www.shqiperia.com\/blog\/wp-content\/uploads\/2020\/02\/download-9.jpg?fit=300%2C168&amp;ssl=1\" class=\"alignnone wp-image-31777\" alt=\"\" src=\"https:\/\/i0.wp.com\/www.shqiperia.com\/blog\/wp-content\/uploads\/2020\/02\/download-9.jpg?resize=721%2C404&#038;ssl=1\" width=\"721\" height=\"404\" \/><\/p>\n<p>Sinani thot\u00eb se pas antar\u00ebsimit t\u00eb gusol\u00ebs serbe gj\u00ebrat filluan t\u00eb l\u00ebviznin, por sic shihet edhe k\u00ebt\u00eb vit shpresat jan\u00eb t\u00eb pakta.<\/p>\n<p>\u201c<em>Shum\u00eb shpresa q\u00eb t\u00eb kapim kalendarin k\u00ebt\u00eb vit nuk kam. Kryetari i grupit t\u00eb pun\u00ebs Zymer Neziri, ka ardhur para nj\u00eb muaji e gjysm\u00eb dhe ka k\u00ebrkuar q\u00eb t\u00eb diskutoj\u00eb me p\u00ebrfaq\u00ebsues t\u00eb ministris\u00eb s\u00eb Kultur\u00ebs s\u00eb Shqip\u00ebris\u00eb. Grupi i pun\u00ebs q\u00eb e kishte mbaruar detyr\u00ebn e vet duhej t\u00eb ftohej dhe n\u00ebse dukej e nevojshme t\u00eb jepte rekomandimet e vet<\/em>a\u201d, shprehet ai.<\/p>\n<p>Shaban Sinani thot\u00eb se zvarritja prej 10 vitesh \u00ebsht\u00eb e tep\u00ebrt, ndaj do t\u00eb shohin nj\u00eb opsiopn t\u00eb ri vitin e ardhsh\u00ebm.<\/p>\n<div id=\"attachment_31778\" style=\"width: 891px\" class=\"wp-caption alignnone\"><img data-recalc-dims=\"1\" loading=\"lazy\" decoding=\"async\" aria-describedby=\"caption-attachment-31778\" data-attachment-id=\"31778\" data-permalink=\"https:\/\/www.shqiperia.com\/blog\/dosja-e-eposit-te-kreshnikeve-e-humb-shansin-per-tu-anetaresuar-ne-unesco-edhe-per-kete-vit\/figura-mitike-ne-lahute-foto-jaho-brahaj\/\" data-orig-file=\"https:\/\/i0.wp.com\/www.shqiperia.com\/blog\/wp-content\/uploads\/2020\/02\/Figura-mitike-ne-lahute.-Foto-Jaho-Brahaj.jpg?fit=1480%2C556&amp;ssl=1\" data-orig-size=\"1480,556\" data-comments-opened=\"1\" data-image-meta=\"{&quot;aperture&quot;:&quot;0&quot;,&quot;credit&quot;:&quot;&quot;,&quot;camera&quot;:&quot;&quot;,&quot;caption&quot;:&quot;&quot;,&quot;created_timestamp&quot;:&quot;0&quot;,&quot;copyright&quot;:&quot;&quot;,&quot;focal_length&quot;:&quot;0&quot;,&quot;iso&quot;:&quot;0&quot;,&quot;shutter_speed&quot;:&quot;0&quot;,&quot;title&quot;:&quot;&quot;,&quot;orientation&quot;:&quot;0&quot;}\" data-image-title=\"Figura mitike ne lahute. Foto Jaho Brahaj\" data-image-description=\"\" data-image-caption=\"&lt;p&gt;Figura mitike ne-lahute. Foto Jaho Brahaj&lt;\/p&gt;\n\" data-medium-file=\"https:\/\/i0.wp.com\/www.shqiperia.com\/blog\/wp-content\/uploads\/2020\/02\/Figura-mitike-ne-lahute.-Foto-Jaho-Brahaj.jpg?fit=300%2C113&amp;ssl=1\" data-large-file=\"https:\/\/i0.wp.com\/www.shqiperia.com\/blog\/wp-content\/uploads\/2020\/02\/Figura-mitike-ne-lahute.-Foto-Jaho-Brahaj.jpg?fit=1024%2C385&amp;ssl=1\" class=\" wp-image-31778\" alt=\"\" src=\"https:\/\/i0.wp.com\/www.shqiperia.com\/blog\/wp-content\/uploads\/2020\/02\/Figura-mitike-ne-lahute.-Foto-Jaho-Brahaj.jpg?resize=881%2C332&#038;ssl=1\" width=\"881\" height=\"332\" srcset=\"https:\/\/i0.wp.com\/www.shqiperia.com\/blog\/wp-content\/uploads\/2020\/02\/Figura-mitike-ne-lahute.-Foto-Jaho-Brahaj.jpg?resize=300%2C113&amp;ssl=1 300w, https:\/\/i0.wp.com\/www.shqiperia.com\/blog\/wp-content\/uploads\/2020\/02\/Figura-mitike-ne-lahute.-Foto-Jaho-Brahaj.jpg?resize=1024%2C385&amp;ssl=1 1024w, https:\/\/i0.wp.com\/www.shqiperia.com\/blog\/wp-content\/uploads\/2020\/02\/Figura-mitike-ne-lahute.-Foto-Jaho-Brahaj.jpg?resize=768%2C289&amp;ssl=1 768w, https:\/\/i0.wp.com\/www.shqiperia.com\/blog\/wp-content\/uploads\/2020\/02\/Figura-mitike-ne-lahute.-Foto-Jaho-Brahaj.jpg?resize=450%2C169&amp;ssl=1 450w, https:\/\/i0.wp.com\/www.shqiperia.com\/blog\/wp-content\/uploads\/2020\/02\/Figura-mitike-ne-lahute.-Foto-Jaho-Brahaj.jpg?resize=600%2C225&amp;ssl=1 600w, https:\/\/i0.wp.com\/www.shqiperia.com\/blog\/wp-content\/uploads\/2020\/02\/Figura-mitike-ne-lahute.-Foto-Jaho-Brahaj.jpg?resize=1300%2C488&amp;ssl=1 1300w, https:\/\/i0.wp.com\/www.shqiperia.com\/blog\/wp-content\/uploads\/2020\/02\/Figura-mitike-ne-lahute.-Foto-Jaho-Brahaj.jpg?resize=400%2C150&amp;ssl=1 400w, https:\/\/i0.wp.com\/www.shqiperia.com\/blog\/wp-content\/uploads\/2020\/02\/Figura-mitike-ne-lahute.-Foto-Jaho-Brahaj.jpg?w=1480&amp;ssl=1 1480w\" sizes=\"auto, (max-width: 881px) 100vw, 881px\" \/><p id=\"caption-attachment-31778\" class=\"wp-caption-text\">Figura mitike ne-lahute. Foto Jaho Brahaj<\/p><\/div>\n<p>N\u00eb vitin 2016 Eposi i Kreshnik\u00ebve u vler\u00ebsua edhe m\u00eb \u00e7mimin e Europa Nostra. \/abcnews.al<\/p>\n","protected":false},"excerpt":{"rendered":"<p>Dosja e Eposit t\u00eb Kreshnik\u00ebve e humb shansin p\u00ebr t\u2018u an\u00ebtar\u00ebsuar n\u00eb\u00a0 UNESCO\u00a0 edhe p\u00ebr k\u00ebt\u00eb vit\u00a0 (2020), 24\/02\/2020 Dosja e Eposit t\u00eb Kreshnik\u00ebve e humb shansin p\u00ebr t\u2018u an\u00ebtar\u00ebsuar n\u00eb\u00a0 UNESCO\u00a0 edhe p\u00ebr k\u00ebt\u00eb vit, pasi kan\u00eb mbetur vetem pak dit\u00eb nga skadimi i afatit dhe dosja e cila duhet t\u00eb isht\u00eb dor\u00ebzuar nga [&hellip;]<\/p>\n","protected":false},"author":9,"featured_media":31775,"comment_status":"open","ping_status":"open","sticky":false,"template":"","format":"standard","meta":{"jetpack_post_was_ever_published":false,"_jetpack_newsletter_access":"","_jetpack_dont_email_post_to_subs":false,"_jetpack_newsletter_tier_id":0,"_jetpack_memberships_contains_paywalled_content":false,"_jetpack_memberships_contains_paid_content":false,"footnotes":"","jetpack_publicize_message":"","jetpack_publicize_feature_enabled":true,"jetpack_social_post_already_shared":true,"jetpack_social_options":{"image_generator_settings":{"template":"highway","default_image_id":0,"font":"","enabled":false},"version":2}},"categories":[85,10,1,86],"tags":[],"class_list":["post-31774","post","type-post","status-publish","format-standard","has-post-thumbnail","hentry","category-histori","category-kultura","category-njoftime-shtypi","category-trashegimi-kulturore"],"jetpack_publicize_connections":[],"jetpack_featured_media_url":"https:\/\/i0.wp.com\/www.shqiperia.com\/blog\/wp-content\/uploads\/2020\/02\/Figura-mitike-ne-lahute.-Foto-J.-Brahaj.jpg?fit=1480%2C556&ssl=1","jetpack_sharing_enabled":true,"jetpack_shortlink":"https:\/\/wp.me\/p5Z6wp-8gu","jetpack-related-posts":[{"id":105179,"url":"https:\/\/www.shqiperia.com\/blog\/7-muaj-ne-krye-te-spak-braho-atrofizon-institucionin-asnje-arrestim-ne-politike\/","url_meta":{"origin":31774,"position":0},"title":"7 muaj n\u00eb krye t\u00eb SPAK, Braho atrofizon institucionin, asnj\u00eb arrestim n\u00eb politik\u00eb.","author":"Kurt Farka","date":"August 25, 2026","format":false,"excerpt":"25 Gusht 2026 Pritshm\u00ebrit\u00eb e m\u00ebdha q\u00eb shoq\u00ebruan marrjen e drejtimit t\u00eb Prokuroris\u00eb s\u00eb Posa\u00e7me (SPAK) nga Klodjan Braho n\u00eb dhjetor t\u00eb vitit 2025, t\u00eb mb\u00ebshtetura nga nj\u00eb proces p\u00ebrzgjedhjeje me bekimin e partner\u00ebve amerikan\u00eb dhe garancin\u00eb e Altin Dumanit, jan\u00eb shnd\u00ebrruar n\u00eb nj\u00eb zhg\u00ebnjim t\u00eb thell\u00eb publik. N\u00eb vend\u2026","rel":"","context":"In &quot;Blogu i Udh\u00ebtarit&quot;","block_context":{"text":"Blogu i Udh\u00ebtarit","link":"https:\/\/www.shqiperia.com\/blog\/category\/blogu-i-udhetarit\/"},"img":{"alt_text":"","src":"https:\/\/i0.wp.com\/www.shqiperia.com\/blog\/wp-content\/uploads\/2026\/08\/SPAKU.png?fit=658%2C364&ssl=1&resize=350%2C200","width":350,"height":200,"srcset":"https:\/\/i0.wp.com\/www.shqiperia.com\/blog\/wp-content\/uploads\/2026\/08\/SPAKU.png?fit=658%2C364&ssl=1&resize=350%2C200 1x, https:\/\/i0.wp.com\/www.shqiperia.com\/blog\/wp-content\/uploads\/2026\/08\/SPAKU.png?fit=658%2C364&ssl=1&resize=525%2C300 1.5x"},"classes":[]},{"id":1434,"url":"https:\/\/www.shqiperia.com\/blog\/zymer-neziri-eposi-kreshnikeve-teza-se-u-perket-serbeve-ka-rene\/","url_meta":{"origin":31774,"position":1},"title":"Zymer Neziri: Eposi i Kreshnik\u00ebve teza se u p\u00ebrket serb\u00ebve ka r\u00ebn\u00eb","author":"Kurt Farka","date":"January 15, 2018","format":false,"excerpt":"Profesor Zymer Neziri pohon se teza q\u00eb eposi u p\u00ebrket serb\u00ebve apo boshnjak\u00ebve shkenc\u00ebrisht ka r\u00ebn\u00eb. ''Ajo tez\u00eb nuk q\u00ebndron m\u00eb. Bota nuk merret m\u00eb me t\u00eb. Shkolla serbe nuk \u00ebsht\u00eb e dob\u00ebt por \u00ebsht\u00eb shum\u00eb e dob\u00ebt kur \u00ebsht\u00eb fjala p\u00ebr nacionalicmin. Nacionaliz\u00ebm ka edhe tek dijetar\u00ebt e m\u00ebdhenj\u2026","rel":"","context":"In &quot;Trashegimi Kulturore&quot;","block_context":{"text":"Trashegimi Kulturore","link":"https:\/\/www.shqiperia.com\/blog\/category\/trashegimi-kulturore\/"},"img":{"alt_text":"","src":"https:\/\/i0.wp.com\/www.shqiperia.com\/blog\/wp-content\/uploads\/2018\/01\/Eposi-i-Kreshnikeve.-Zymer-Neziri.jpg?resize=350%2C200","width":350,"height":200},"classes":[]},{"id":104714,"url":"https:\/\/www.shqiperia.com\/blog\/klodiana-lala-priten-zhvillime-nga-dosja-aruba\/","url_meta":{"origin":31774,"position":2},"title":"Klodiana Lala: &#8211; Priten zhvillime nga dosja \u201cAruba\u201d","author":"Kurt Farka","date":"August 18, 2026","format":false,"excerpt":"18 Gusht 2026 Gazetarja Klodiana Lala, e ftuar n\u00eb \u201cNews24\u201d, ka analizuar ecurin\u00eb e disa prej dosjeve m\u00eb t\u00eb r\u00ebnd\u00ebsishme q\u00eb po hetohen nga SPAK, duke nisur nga r\u00ebndimi i pozit\u00ebs ligjore t\u00eb ish-z\u00ebvend\u00ebskryeministres Belinda Balluku, hetimet mbi pasurin\u00eb e Erion Veliajt, e deri te aferat e AKSHI-t dhe dosja\u2026","rel":"","context":"In &quot;Blogu i Udh\u00ebtarit&quot;","block_context":{"text":"Blogu i Udh\u00ebtarit","link":"https:\/\/www.shqiperia.com\/blog\/category\/blogu-i-udhetarit\/"},"img":{"alt_text":"","src":"https:\/\/i0.wp.com\/www.shqiperia.com\/blog\/wp-content\/uploads\/2026\/08\/Klodiana-Lala.jpg?fit=1200%2C620&ssl=1&resize=350%2C200","width":350,"height":200,"srcset":"https:\/\/i0.wp.com\/www.shqiperia.com\/blog\/wp-content\/uploads\/2026\/08\/Klodiana-Lala.jpg?fit=1200%2C620&ssl=1&resize=350%2C200 1x, https:\/\/i0.wp.com\/www.shqiperia.com\/blog\/wp-content\/uploads\/2026\/08\/Klodiana-Lala.jpg?fit=1200%2C620&ssl=1&resize=525%2C300 1.5x, https:\/\/i0.wp.com\/www.shqiperia.com\/blog\/wp-content\/uploads\/2026\/08\/Klodiana-Lala.jpg?fit=1200%2C620&ssl=1&resize=700%2C400 2x, https:\/\/i0.wp.com\/www.shqiperia.com\/blog\/wp-content\/uploads\/2026\/08\/Klodiana-Lala.jpg?fit=1200%2C620&ssl=1&resize=1050%2C600 3x"},"classes":[]},{"id":1431,"url":"https:\/\/www.shqiperia.com\/blog\/shaban-sinani-per-eposin-padeformuar-nga-diktatura\/","url_meta":{"origin":31774,"position":3},"title":"Shaban Sinani p\u00ebr Eposin: I padeformuar nga diktatura","author":"Kurt Farka","date":"January 15, 2018","format":false,"excerpt":"Dosja shkencore p\u00ebr eposin shqiptar t\u00eb kreshnik\u00ebve nd\u00ebrsa pret vendimin p\u00ebr t\u2019u p\u00ebrfshir\u00eb n\u00eb programin e UNESCO-s si trash\u00ebgimi jomateriale, shpirt\u00ebrore e njer\u00ebzimit, brenda jav\u00ebs ka realizuar dy promovime n\u00eb Prishtin\u00eb dhe dje, Tiran\u00eb duke prezantuar 15 v\u00ebllime t\u00eb \u201cEposit t\u00eb kreshnik\u00ebve\u201d n\u00eb Akademin\u00eb e Shkencave, me pjes\u00ebmarrjen e Ministris\u00eb\u2026","rel":"","context":"In &quot;Trashegimi Kulturore&quot;","block_context":{"text":"Trashegimi Kulturore","link":"https:\/\/www.shqiperia.com\/blog\/category\/trashegimi-kulturore\/"},"img":{"alt_text":"","src":"https:\/\/i0.wp.com\/www.shqiperia.com\/blog\/wp-content\/uploads\/2018\/01\/Eposi-i-Kreshnikeve.jpg?fit=780%2C500&ssl=1&resize=350%2C200","width":350,"height":200,"srcset":"https:\/\/i0.wp.com\/www.shqiperia.com\/blog\/wp-content\/uploads\/2018\/01\/Eposi-i-Kreshnikeve.jpg?fit=780%2C500&ssl=1&resize=350%2C200 1x, https:\/\/i0.wp.com\/www.shqiperia.com\/blog\/wp-content\/uploads\/2018\/01\/Eposi-i-Kreshnikeve.jpg?fit=780%2C500&ssl=1&resize=525%2C300 1.5x, https:\/\/i0.wp.com\/www.shqiperia.com\/blog\/wp-content\/uploads\/2018\/01\/Eposi-i-Kreshnikeve.jpg?fit=780%2C500&ssl=1&resize=700%2C400 2x"},"classes":[]},{"id":26583,"url":"https:\/\/www.shqiperia.com\/blog\/lahutaret-jemi-te-vonuar-si-komb-nuk-shkohet-ne-unesco-me-duar-ne-xhepa\/","url_meta":{"origin":31774,"position":4},"title":"Lahutar\u00ebt: &#8211; Jemi t\u00eb vonuar si komb, nuk shkohet n\u00eb UNESCO me duar n\u00eb xhepa. &#8211;","author":"Kurt Farka","date":"October 3, 2019","format":false,"excerpt":"Lahutar\u00ebt: - Jemi t\u00eb vonuar si komb, nuk shkohet n\u00eb UNESCO me duar n\u00eb xhepa Studiuesi Zymer Neziri prezanton 40 vjet studime p\u00ebr Eposin e Kreshnik\u00ebve dhe lahut\u00ebn. Ai u b\u00ebn thirrje institucioneve shqiptare, q\u00eb t\u00eb punojn\u00eb q\u00eb kjo pasuri komb\u00ebtare t\u00eb futet n\u00eb UNESCO edhe t\u00eb futet n\u00eb shkolla.\u2026","rel":"","context":"In &quot;Arte&quot;","block_context":{"text":"Arte","link":"https:\/\/www.shqiperia.com\/blog\/category\/arte\/"},"img":{"alt_text":"","src":"https:\/\/i0.wp.com\/www.shqiperia.com\/blog\/wp-content\/uploads\/2019\/10\/Lahutar-nga-Kosova.jpg?fit=1200%2C655&ssl=1&resize=350%2C200","width":350,"height":200,"srcset":"https:\/\/i0.wp.com\/www.shqiperia.com\/blog\/wp-content\/uploads\/2019\/10\/Lahutar-nga-Kosova.jpg?fit=1200%2C655&ssl=1&resize=350%2C200 1x, https:\/\/i0.wp.com\/www.shqiperia.com\/blog\/wp-content\/uploads\/2019\/10\/Lahutar-nga-Kosova.jpg?fit=1200%2C655&ssl=1&resize=525%2C300 1.5x, https:\/\/i0.wp.com\/www.shqiperia.com\/blog\/wp-content\/uploads\/2019\/10\/Lahutar-nga-Kosova.jpg?fit=1200%2C655&ssl=1&resize=700%2C400 2x, https:\/\/i0.wp.com\/www.shqiperia.com\/blog\/wp-content\/uploads\/2019\/10\/Lahutar-nga-Kosova.jpg?fit=1200%2C655&ssl=1&resize=1050%2C600 3x"},"classes":[]},{"id":100566,"url":"https:\/\/www.shqiperia.com\/blog\/bullgaria-merr-pjese-per-here-te-pare-ne-karnavalin-e-kulturave-ne-berlin\/","url_meta":{"origin":31774,"position":5},"title":"Bullgaria merr pjes\u00eb p\u00ebr her\u00eb t\u00eb par\u00eb n\u00eb Karnavalin e Kulturave n\u00eb Berlin","author":"Kurt Farka","date":"May 22, 2026","format":false,"excerpt":"22 Maji 2026 Karnavali i Kulturave n\u00eb Berlin edhe k\u00ebt\u00eb vit do t\u00eb mbledh\u00eb mij\u00ebra banor\u00eb dhe vizitor\u00eb t\u00eb qytetit p\u00ebr t\u2019u k\u00ebnaqur me programin e larmish\u00ebm \u2013 nj\u00eb pasqyrim i m\u00eb t\u00ebrheq\u00ebses nga skena kulturore e secilit shtet pjes\u00ebmarr\u00ebs. Edicioni i sivjetsh\u00ebm \u00ebsht\u00eb i ve\u00e7ant\u00eb \u2013 mbushen 30 vjet\u2026","rel":"","context":"In &quot;Arte&quot;","block_context":{"text":"Arte","link":"https:\/\/www.shqiperia.com\/blog\/category\/arte\/"},"img":{"alt_text":"","src":"https:\/\/i0.wp.com\/www.shqiperia.com\/blog\/wp-content\/uploads\/2026\/05\/5a2649df-7dc6-40ce-9f95-2ae17eeb664a.jpg?fit=1154%2C648&ssl=1&resize=350%2C200","width":350,"height":200,"srcset":"https:\/\/i0.wp.com\/www.shqiperia.com\/blog\/wp-content\/uploads\/2026\/05\/5a2649df-7dc6-40ce-9f95-2ae17eeb664a.jpg?fit=1154%2C648&ssl=1&resize=350%2C200 1x, https:\/\/i0.wp.com\/www.shqiperia.com\/blog\/wp-content\/uploads\/2026\/05\/5a2649df-7dc6-40ce-9f95-2ae17eeb664a.jpg?fit=1154%2C648&ssl=1&resize=525%2C300 1.5x, https:\/\/i0.wp.com\/www.shqiperia.com\/blog\/wp-content\/uploads\/2026\/05\/5a2649df-7dc6-40ce-9f95-2ae17eeb664a.jpg?fit=1154%2C648&ssl=1&resize=700%2C400 2x, https:\/\/i0.wp.com\/www.shqiperia.com\/blog\/wp-content\/uploads\/2026\/05\/5a2649df-7dc6-40ce-9f95-2ae17eeb664a.jpg?fit=1154%2C648&ssl=1&resize=1050%2C600 3x"},"classes":[]}],"_links":{"self":[{"href":"https:\/\/www.shqiperia.com\/blog\/wp-json\/wp\/v2\/posts\/31774","targetHints":{"allow":["GET"]}}],"collection":[{"href":"https:\/\/www.shqiperia.com\/blog\/wp-json\/wp\/v2\/posts"}],"about":[{"href":"https:\/\/www.shqiperia.com\/blog\/wp-json\/wp\/v2\/types\/post"}],"author":[{"embeddable":true,"href":"https:\/\/www.shqiperia.com\/blog\/wp-json\/wp\/v2\/users\/9"}],"replies":[{"embeddable":true,"href":"https:\/\/www.shqiperia.com\/blog\/wp-json\/wp\/v2\/comments?post=31774"}],"version-history":[{"count":2,"href":"https:\/\/www.shqiperia.com\/blog\/wp-json\/wp\/v2\/posts\/31774\/revisions"}],"predecessor-version":[{"id":31787,"href":"https:\/\/www.shqiperia.com\/blog\/wp-json\/wp\/v2\/posts\/31774\/revisions\/31787"}],"wp:featuredmedia":[{"embeddable":true,"href":"https:\/\/www.shqiperia.com\/blog\/wp-json\/wp\/v2\/media\/31775"}],"wp:attachment":[{"href":"https:\/\/www.shqiperia.com\/blog\/wp-json\/wp\/v2\/media?parent=31774"}],"wp:term":[{"taxonomy":"category","embeddable":true,"href":"https:\/\/www.shqiperia.com\/blog\/wp-json\/wp\/v2\/categories?post=31774"},{"taxonomy":"post_tag","embeddable":true,"href":"https:\/\/www.shqiperia.com\/blog\/wp-json\/wp\/v2\/tags?post=31774"}],"curies":[{"name":"wp","href":"https:\/\/api.w.org\/{rel}","templated":true}]}}