{"id":31770,"date":"2020-02-24T18:09:45","date_gmt":"2020-02-24T18:09:45","guid":{"rendered":"https:\/\/www.shqiperia.com\/blog\/?p=31770"},"modified":"2020-02-24T18:09:45","modified_gmt":"2020-02-24T18:09:45","slug":"mblidhet-serish-task-forca-ministria-e-shendetesise-del-me-njoftimin-zyrtar-per-8-rastet-e-dyshuara-me-koronavirus-ne-shqiperi","status":"publish","type":"post","link":"https:\/\/www.shqiperia.com\/blog\/mblidhet-serish-task-forca-ministria-e-shendetesise-del-me-njoftimin-zyrtar-per-8-rastet-e-dyshuara-me-koronavirus-ne-shqiperi\/","title":{"rendered":"Mblidhet s\u00ebrish Task Forca, Ministria e Sh\u00ebndet\u00ebsis\u00eb del me njoftimin zyrtar p\u00ebr 8 rastet e dyshuara me koronavirus n\u00eb Shqip\u00ebri"},"content":{"rendered":"<p><img data-recalc-dims=\"1\" loading=\"lazy\" decoding=\"async\" data-attachment-id=\"31771\" data-permalink=\"https:\/\/www.shqiperia.com\/blog\/mblidhet-serish-task-forca-ministria-e-shendetesise-del-me-njoftimin-zyrtar-per-8-rastet-e-dyshuara-me-koronavirus-ne-shqiperi\/coronavirus_cover_colour_change_1024\/\" data-orig-file=\"https:\/\/i0.wp.com\/www.shqiperia.com\/blog\/wp-content\/uploads\/2020\/02\/coronavirus_cover_colour_change_1024.jpg?fit=1024%2C415&amp;ssl=1\" data-orig-size=\"1024,415\" data-comments-opened=\"1\" data-image-meta=\"{&quot;aperture&quot;:&quot;0&quot;,&quot;credit&quot;:&quot;&quot;,&quot;camera&quot;:&quot;&quot;,&quot;caption&quot;:&quot;&quot;,&quot;created_timestamp&quot;:&quot;0&quot;,&quot;copyright&quot;:&quot;&quot;,&quot;focal_length&quot;:&quot;0&quot;,&quot;iso&quot;:&quot;0&quot;,&quot;shutter_speed&quot;:&quot;0&quot;,&quot;title&quot;:&quot;&quot;,&quot;orientation&quot;:&quot;0&quot;}\" data-image-title=\"coronavirus_cover_colour_change_1024\" data-image-description=\"\" data-image-caption=\"\" data-medium-file=\"https:\/\/i0.wp.com\/www.shqiperia.com\/blog\/wp-content\/uploads\/2020\/02\/coronavirus_cover_colour_change_1024.jpg?fit=300%2C122&amp;ssl=1\" data-large-file=\"https:\/\/i0.wp.com\/www.shqiperia.com\/blog\/wp-content\/uploads\/2020\/02\/coronavirus_cover_colour_change_1024.jpg?fit=1024%2C415&amp;ssl=1\" class=\"alignnone  wp-image-31771\" alt=\"\" src=\"https:\/\/i0.wp.com\/www.shqiperia.com\/blog\/wp-content\/uploads\/2020\/02\/coronavirus_cover_colour_change_1024.jpg?resize=831%2C338&#038;ssl=1\" width=\"831\" height=\"338\" srcset=\"https:\/\/i0.wp.com\/www.shqiperia.com\/blog\/wp-content\/uploads\/2020\/02\/coronavirus_cover_colour_change_1024.jpg?resize=300%2C122&amp;ssl=1 300w, https:\/\/i0.wp.com\/www.shqiperia.com\/blog\/wp-content\/uploads\/2020\/02\/coronavirus_cover_colour_change_1024.jpg?resize=768%2C311&amp;ssl=1 768w, https:\/\/i0.wp.com\/www.shqiperia.com\/blog\/wp-content\/uploads\/2020\/02\/coronavirus_cover_colour_change_1024.jpg?resize=450%2C182&amp;ssl=1 450w, https:\/\/i0.wp.com\/www.shqiperia.com\/blog\/wp-content\/uploads\/2020\/02\/coronavirus_cover_colour_change_1024.jpg?resize=600%2C243&amp;ssl=1 600w, https:\/\/i0.wp.com\/www.shqiperia.com\/blog\/wp-content\/uploads\/2020\/02\/coronavirus_cover_colour_change_1024.jpg?resize=400%2C162&amp;ssl=1 400w, https:\/\/i0.wp.com\/www.shqiperia.com\/blog\/wp-content\/uploads\/2020\/02\/coronavirus_cover_colour_change_1024.jpg?w=1024&amp;ssl=1 1024w\" sizes=\"auto, (max-width: 831px) 100vw, 831px\" \/><\/p>\n<p>Mblidhet s\u00ebrish Task Forca, Ministria e Sh\u00ebndet\u00ebsis\u00eb del me njoftimin zyrtar p\u00ebr 8 rastet e dyshuara me koronavirus n\u00eb Shqip\u00ebri<\/p>\n<p>24 SHKURT 2020<\/p>\n<p>Ministrja e Sh\u00ebndet\u00ebsis\u00eb dhe Mbrojtjes Sociale ka mbledhur pasditen e sotme s\u00ebrish Task-Forc\u00ebn e ekspert\u00ebve dhe drejtuesve t\u00eb institucioneve sh\u00ebndet\u00ebsore p\u00ebr koronavirusin COVID-19, ku u raportua situata e deritanishme n\u00eb vendin ton\u00eb dhe masat e marra.<\/p>\n<p>Sipas t\u00eb dh\u00ebnave t\u00eb Institutit t\u00eb Sh\u00ebndetit Publik, ku ndodhet laboratori i \u00e7ertifikuar q\u00eb kryen analiz\u00ebn p\u00ebr koronavirus COVID-19, rezulton se jan\u00eb testuar deri tani 8 raste t\u00eb dyshuara, t\u00eb cilat kan\u00eb rezultuar negative.<\/p>\n<p>Njoftimi i plot\u00eb:<\/p>\n<p>Ministrja e Sh\u00ebndet\u00ebsis\u00eb dhe Mbrojtjes Sociale ka mbledhur pasditen e sotme s\u00ebrish Task-Forc\u00ebn e ekspert\u00ebve dhe drejtuesve t\u00eb institucioneve sh\u00ebndet\u00ebsore p\u00ebr koronavirusin COVID-19, ku u raportua situata e deritanishme n\u00eb vendin ton\u00eb dhe masat e marra.<\/p>\n<p>Sipas t\u00eb dh\u00ebnave t\u00eb Institutit t\u00eb Sh\u00ebndetit Publik, ku ndodhet laboratori i \u00e7ertifikuar q\u00eb kryen analiz\u00ebn p\u00ebr koronavirus COVID-19, rezulton se jan\u00eb testuar deri tani 8 raste t\u00eb dyshuara, t\u00eb cilat kan\u00eb rezultuar negative.<\/p>\n<p>Ekspert\u00ebt konfirmuan n\u00eb mbledhjen e Task-Forc\u00ebs se deri tani nuk ka asnj\u00eb rast t\u00eb konfirmuar t\u00eb koronavirusit n\u00eb vendin ton\u00eb.<\/p>\n<p>Pas evidentimit t\u00eb situat\u00ebs sh\u00ebndet\u00ebsore me prezenc\u00eb komunitare t\u00eb koronavirusit n\u00eb Itali po vijohet me p\u00ebrforcimi i masave n\u00eb pikat kufitare, sigurimi i sasis\u00eb s\u00eb shtuar t\u00eb mjeteve t\u00eb mbrojtjes personale, p\u00ebrforcimin e gjurmimit t\u00eb rasteve p\u00ebr t\u00eb rritur kontrollin p\u00ebr parandalimin e dep\u00ebrtimit t\u00eb koronavirusit COVID-19.<\/p>\n<p>U vendos q\u00eb ISHP, ISHSH, strukturat e nj\u00ebsive vendore t\u00eb sh\u00ebndetit\u00a0 t\u00eb ndjekin zbatimin e urdhrit t\u00eb ministres Manastirliu p\u00ebr masa t\u00eb shtuara higjieno-sanitare n\u00eb institucionet arsimore, si nj\u00eb mas\u00eb shum\u00eb e r\u00ebnd\u00ebsishme n\u00eb k\u00ebt\u00eb situat\u00eb. P\u00ebrfaq\u00ebsuesit e Task Forc\u00ebs kan\u00eb b\u00ebr\u00eb apel edhe p\u00ebr qytetar\u00ebt t\u00eb jen\u00eb t\u00eb v\u00ebmendsh\u00ebm p\u00ebr t\u00eb respektuar masat higjieno-sanitare.<\/p>\n<p>Task Forca raportoi se po vijohet me forcimin e masave p\u00ebr kontrollin dhe parandalimin e koronavirusit COVID-19 si m\u00eb posht\u00eb:<\/p>\n<p>Dyfishim t\u00eb personelit n\u00eb Nj\u00ebsit\u00eb Sh\u00ebndet\u00ebsore n\u00eb pikat kufitare, aeroport, porte dhe pika kufitare tok\u00ebsore, monitorimi i pasagjer\u00ebve nga ekipi sh\u00ebndet\u00ebsor edhe n\u00ebp\u00ebrmjet matjes s\u00eb temperatures.<\/p>\n<p>P\u00ebrforcim i kontrolleve n\u00eb pikat kufitare, p\u00ebr \u00e7do udh\u00ebtar p\u00ebr \u00e7do udh\u00ebtar q\u00eb vjen nga harta gjeografike e vendeve me shp\u00ebrthime komunitare, e p\u00ebrcaktuar nga OBSH.<\/p>\n<p>Shtimi i informacionit dhe rritja e vizibilitetit t\u00eb mesazheve n\u00eb pikat kufitare, p\u00ebr t\u00eb dh\u00ebn\u00eb m\u00eb shum\u00eb informacion p\u00ebr udh\u00ebtar\u00ebt mbi vet\u00ebdeklarimin n\u00eb strukturat sh\u00ebndet\u00ebsore, n\u00eb rast t\u00eb nj\u00eb shenj\u00eb klinike apo kontaktit me raste t\u00eb konfirmuar me koronavirus n\u00eb k\u00ebto vende.<\/p>\n<p>Rritja e sasis\u00eb s\u00eb mjeteve t\u00eb mbrojtjes personale p\u00ebr t\u00eb gjitha hallkat e sh\u00ebrbimit, nga pikat kufitare, n\u00eb strukturat sh\u00ebndet\u00ebsore spitalore e deri n\u00eb nivel t\u00eb diagnoz\u00ebs laboratorike.<\/p>\n<p><img data-recalc-dims=\"1\" loading=\"lazy\" decoding=\"async\" data-attachment-id=\"31772\" data-permalink=\"https:\/\/www.shqiperia.com\/blog\/mblidhet-serish-task-forca-ministria-e-shendetesise-del-me-njoftimin-zyrtar-per-8-rastet-e-dyshuara-me-koronavirus-ne-shqiperi\/640-0-5e540cc9963dd\/\" data-orig-file=\"https:\/\/i0.wp.com\/www.shqiperia.com\/blog\/wp-content\/uploads\/2020\/02\/640-0-5e540cc9963dd.jpg?fit=640%2C480&amp;ssl=1\" data-orig-size=\"640,480\" data-comments-opened=\"1\" data-image-meta=\"{&quot;aperture&quot;:&quot;0&quot;,&quot;credit&quot;:&quot;&quot;,&quot;camera&quot;:&quot;&quot;,&quot;caption&quot;:&quot;&quot;,&quot;created_timestamp&quot;:&quot;0&quot;,&quot;copyright&quot;:&quot;&quot;,&quot;focal_length&quot;:&quot;0&quot;,&quot;iso&quot;:&quot;0&quot;,&quot;shutter_speed&quot;:&quot;0&quot;,&quot;title&quot;:&quot;&quot;,&quot;orientation&quot;:&quot;0&quot;}\" data-image-title=\"-640-0-5e540cc9963dd\" data-image-description=\"\" data-image-caption=\"\" data-medium-file=\"https:\/\/i0.wp.com\/www.shqiperia.com\/blog\/wp-content\/uploads\/2020\/02\/640-0-5e540cc9963dd.jpg?fit=300%2C225&amp;ssl=1\" data-large-file=\"https:\/\/i0.wp.com\/www.shqiperia.com\/blog\/wp-content\/uploads\/2020\/02\/640-0-5e540cc9963dd.jpg?fit=640%2C480&amp;ssl=1\" class=\"alignnone  wp-image-31772\" alt=\"\" src=\"https:\/\/i0.wp.com\/www.shqiperia.com\/blog\/wp-content\/uploads\/2020\/02\/640-0-5e540cc9963dd.jpg?resize=739%2C554&#038;ssl=1\" width=\"739\" height=\"554\" srcset=\"https:\/\/i0.wp.com\/www.shqiperia.com\/blog\/wp-content\/uploads\/2020\/02\/640-0-5e540cc9963dd.jpg?resize=300%2C225&amp;ssl=1 300w, https:\/\/i0.wp.com\/www.shqiperia.com\/blog\/wp-content\/uploads\/2020\/02\/640-0-5e540cc9963dd.jpg?resize=450%2C338&amp;ssl=1 450w, https:\/\/i0.wp.com\/www.shqiperia.com\/blog\/wp-content\/uploads\/2020\/02\/640-0-5e540cc9963dd.jpg?resize=600%2C450&amp;ssl=1 600w, https:\/\/i0.wp.com\/www.shqiperia.com\/blog\/wp-content\/uploads\/2020\/02\/640-0-5e540cc9963dd.jpg?resize=400%2C300&amp;ssl=1 400w, https:\/\/i0.wp.com\/www.shqiperia.com\/blog\/wp-content\/uploads\/2020\/02\/640-0-5e540cc9963dd.jpg?w=640&amp;ssl=1 640w\" sizes=\"auto, (max-width: 739px) 100vw, 739px\" \/><\/p>\n<p>Task Forca theksoi se duhet t\u00eb vijoj\u00eb masa e paracaktuar p\u00ebr vet\u00ebkarantinim t\u00eb personave q\u00eb vijn\u00eb nga vende me shp\u00ebrthime komunitare t\u00eb virusit.<\/p>\n<p>Gjithashtu si\u00e7 \u00ebsht\u00eb b\u00ebr\u00eb me dije, nga komiteti teknik tashm\u00eb jan\u00eb vler\u00ebsuar disa vende p\u00ebr karantinim, n\u00eb rast se do t\u00eb jet\u00eb e nevojshme.<\/p>\n<p>Ministria e Sh\u00ebndet\u00ebsis\u00eb dhe Mbrojtjes Sociale dhe Task Forca p\u00ebr parandalimin e dep\u00ebrtimit dhe p\u00ebrhapjes s\u00eb koronavirusit t\u00eb ri rekomandon t\u00eb gjith\u00eb qytetar\u00ebt q\u00eb kan\u00eb udh\u00ebtuar nga vendet e prekura, t\u00eb telefonojn\u00eb n\u00eb numrin e Urgjenc\u00ebs Komb\u00ebtare 127 n\u00eb rast t\u00eb shfaqjes s\u00eb cdo shqet\u00ebsimi apo shenje klinike, pa u drejtuar menj\u00ebher\u00eb n\u00eb spital.<\/p>\n<p>Ministria e Sh\u00ebndet\u00ebsis\u00eb dhe Mbrojtjes Sociale n\u00eb frym\u00ebn e transparenc\u00ebs do t\u00eb ket\u00eb komunikim t\u00eb p\u00ebrditsh\u00ebm me publikun, duke ftuar dhe qytetar\u00ebt t\u2019i referohen informacioneve zyrtare.<\/p>\n<p>Gazeta Sot<\/p>\n","protected":false},"excerpt":{"rendered":"<p>Mblidhet s\u00ebrish Task Forca, Ministria e Sh\u00ebndet\u00ebsis\u00eb del me njoftimin zyrtar p\u00ebr 8 rastet e dyshuara me koronavirus n\u00eb Shqip\u00ebri 24 SHKURT 2020 Ministrja e Sh\u00ebndet\u00ebsis\u00eb dhe Mbrojtjes Sociale ka mbledhur pasditen e sotme s\u00ebrish Task-Forc\u00ebn e ekspert\u00ebve dhe drejtuesve t\u00eb institucioneve sh\u00ebndet\u00ebsore p\u00ebr koronavirusin COVID-19, ku u raportua situata e deritanishme n\u00eb vendin ton\u00eb [&hellip;]<\/p>\n","protected":false},"author":9,"featured_media":31771,"comment_status":"open","ping_status":"open","sticky":false,"template":"","format":"standard","meta":{"jetpack_post_was_ever_published":false,"_jetpack_newsletter_access":"","_jetpack_dont_email_post_to_subs":false,"_jetpack_newsletter_tier_id":0,"_jetpack_memberships_contains_paywalled_content":false,"_jetpack_memberships_contains_paid_content":false,"footnotes":"","jetpack_publicize_message":"","jetpack_publicize_feature_enabled":true,"jetpack_social_post_already_shared":true,"jetpack_social_options":{"image_generator_settings":{"template":"highway","default_image_id":0,"font":"","enabled":false},"version":2}},"categories":[27,1,35],"tags":[],"class_list":["post-31770","post","type-post","status-publish","format-standard","has-post-thumbnail","hentry","category-blogu-i-udhetarit","category-njoftime-shtypi","category-shoqerore"],"jetpack_publicize_connections":[],"jetpack_featured_media_url":"https:\/\/i0.wp.com\/www.shqiperia.com\/blog\/wp-content\/uploads\/2020\/02\/coronavirus_cover_colour_change_1024.jpg?fit=1024%2C415&ssl=1","jetpack_sharing_enabled":true,"jetpack_shortlink":"https:\/\/wp.me\/p5Z6wp-8gq","jetpack-related-posts":[{"id":32221,"url":"https:\/\/www.shqiperia.com\/blog\/5-persona-nga-e-njejta-familje-me-koronavirus-ne-shqiperi-infektohet-edhe-31-vjecari-nga-tirana\/","url_meta":{"origin":31770,"position":0},"title":"5 persona nga e nj\u00ebjta familje me koronavirus n\u00eb Shqip\u00ebri, infektohet edhe 31 vje\u00e7ari nga Tirana","author":"Kurt Farka","date":"March 10, 2020","format":false,"excerpt":"5 persona nga e nj\u00ebjta familje me koronavirus n\u00eb Shqip\u00ebri, infektohet edhe 31 vje\u00e7ari nga Tirana 9 Mars 2020 Kat\u00ebr raste te reja me koronavirus jan\u00eb identifikuar sot n\u00eb mbr\u00ebmje. Lajmi u be i ditur nga Ministria e Sh\u00ebndetesise n\u00eb p\u00ebrdit\u00ebsimin e saj p\u00ebr mediat. Sipas njoftimit zyrtar, tre prej\u2026","rel":"","context":"In &quot;Blogu i Udh\u00ebtarit&quot;","block_context":{"text":"Blogu i Udh\u00ebtarit","link":"https:\/\/www.shqiperia.com\/blog\/category\/blogu-i-udhetarit\/"},"img":{"alt_text":"","src":"https:\/\/i0.wp.com\/www.shqiperia.com\/blog\/wp-content\/uploads\/2020\/03\/MSH-675x450-1.jpeg?fit=675%2C398&ssl=1&resize=350%2C200","width":350,"height":200,"srcset":"https:\/\/i0.wp.com\/www.shqiperia.com\/blog\/wp-content\/uploads\/2020\/03\/MSH-675x450-1.jpeg?fit=675%2C398&ssl=1&resize=350%2C200 1x, https:\/\/i0.wp.com\/www.shqiperia.com\/blog\/wp-content\/uploads\/2020\/03\/MSH-675x450-1.jpeg?fit=675%2C398&ssl=1&resize=525%2C300 1.5x"},"classes":[]},{"id":32215,"url":"https:\/\/www.shqiperia.com\/blog\/edhe-kater-raste-te-reja-me-koronavirus-ministria-e-shendetesise-sqaron-pese-nga-e-njejta-familje-rasti-tjeter-nje-31-vjecar-qe-udhetoi-ne-milano\/","url_meta":{"origin":31770,"position":1},"title":"Edhe kat\u00ebr raste t\u00eb reja me koronavirus. Ministria e Sh\u00ebndet\u00ebsis\u00eb sqaron: Pes\u00eb nga e nj\u00ebjta familje, rasti tjet\u00ebr nj\u00eb 31 vje\u00e7ar q\u00eb udh\u00ebtoi n\u00eb Milano","author":"Kurt Farka","date":"March 10, 2020","format":false,"excerpt":"Edhe kat\u00ebr raste t\u00eb reja me koronavirus. Ministria e Sh\u00ebndet\u00ebsis\u00eb sqaron: Pes\u00eb nga e nj\u00ebjta familje, rasti tjet\u00ebr nj\u00eb 31 vje\u00e7ar q\u00eb udh\u00ebtoi n\u00eb Milano \u00a09 mars 2020 Gjat\u00eb dit\u00ebs s\u00eb sotme jan\u00eb regjistruar edhe kat\u00ebr raste t\u00eb reja me koronavirus, tre prej t\u00eb cil\u00ebve pjes\u00ebtar\u00ebve t\u00eb familjes s\u00eb dy\u2026","rel":"","context":"In &quot;Blogu i Udh\u00ebtarit&quot;","block_context":{"text":"Blogu i Udh\u00ebtarit","link":"https:\/\/www.shqiperia.com\/blog\/category\/blogu-i-udhetarit\/"},"img":{"alt_text":"","src":"https:\/\/i0.wp.com\/www.shqiperia.com\/blog\/wp-content\/uploads\/2020\/03\/1211.jpg?fit=1169%2C607&ssl=1&resize=350%2C200","width":350,"height":200,"srcset":"https:\/\/i0.wp.com\/www.shqiperia.com\/blog\/wp-content\/uploads\/2020\/03\/1211.jpg?fit=1169%2C607&ssl=1&resize=350%2C200 1x, https:\/\/i0.wp.com\/www.shqiperia.com\/blog\/wp-content\/uploads\/2020\/03\/1211.jpg?fit=1169%2C607&ssl=1&resize=525%2C300 1.5x, https:\/\/i0.wp.com\/www.shqiperia.com\/blog\/wp-content\/uploads\/2020\/03\/1211.jpg?fit=1169%2C607&ssl=1&resize=700%2C400 2x, https:\/\/i0.wp.com\/www.shqiperia.com\/blog\/wp-content\/uploads\/2020\/03\/1211.jpg?fit=1169%2C607&ssl=1&resize=1050%2C600 3x"},"classes":[]},{"id":35320,"url":"https:\/\/www.shqiperia.com\/blog\/rritet-serish-ndjeshem-numri-i-te-infektuarve-me-covid-19-ne-vend-ministria-e-shendetesise-zbulon-sa-raste-te-reja-u-shenuan-ne-24-oret-e-fundit\/","url_meta":{"origin":31770,"position":2},"title":"Rritet s\u00ebrish ndjesh\u00ebm numri i t\u00eb infektuarve me COVID-19 n\u00eb vend, Ministria e Sh\u00ebndet\u00ebsis\u00eb zbulon sa raste t\u00eb reja u sh\u00ebnuan n\u00eb 24 or\u00ebt e fundit","author":"Kurt Farka","date":"June 2, 2020","format":false,"excerpt":"Rritet s\u00ebrish ndjesh\u00ebm numri i t\u00eb infektuarve me COVID-19 n\u00eb vend, Ministria e Sh\u00ebndet\u00ebsis\u00eb zbulon sa raste t\u00eb reja u sh\u00ebnuan n\u00eb 24 or\u00ebt e fundit 2 QERSHOR 2020 N\u00eb p\u00ebrdit\u00ebsimin e t\u00eb dh\u00ebnave n\u00eb 24 or\u00ebt e fundit Ministria e Sh\u00ebndet\u00ebsis\u00eb njoftoi se jan\u00eb identifikuar 21 raste t\u00eb reja\u2026","rel":"","context":"In &quot;Blogu i Udh\u00ebtarit&quot;","block_context":{"text":"Blogu i Udh\u00ebtarit","link":"https:\/\/www.shqiperia.com\/blog\/category\/blogu-i-udhetarit\/"},"img":{"alt_text":"","src":"https:\/\/i0.wp.com\/www.shqiperia.com\/blog\/wp-content\/uploads\/2020\/06\/hospital-infection-1.jpg?fit=1200%2C675&ssl=1&resize=350%2C200","width":350,"height":200,"srcset":"https:\/\/i0.wp.com\/www.shqiperia.com\/blog\/wp-content\/uploads\/2020\/06\/hospital-infection-1.jpg?fit=1200%2C675&ssl=1&resize=350%2C200 1x, https:\/\/i0.wp.com\/www.shqiperia.com\/blog\/wp-content\/uploads\/2020\/06\/hospital-infection-1.jpg?fit=1200%2C675&ssl=1&resize=525%2C300 1.5x, https:\/\/i0.wp.com\/www.shqiperia.com\/blog\/wp-content\/uploads\/2020\/06\/hospital-infection-1.jpg?fit=1200%2C675&ssl=1&resize=700%2C400 2x, https:\/\/i0.wp.com\/www.shqiperia.com\/blog\/wp-content\/uploads\/2020\/06\/hospital-infection-1.jpg?fit=1200%2C675&ssl=1&resize=1050%2C600 3x"},"classes":[]},{"id":32302,"url":"https:\/\/www.shqiperia.com\/blog\/ministria-15-te-infektuar-deri-tani-por-parashikojme-do-jene-me-qindra\/","url_meta":{"origin":31770,"position":3},"title":"Ministria: &#8211; 15 t\u00eb infektuar deri tani, por parashikojm\u00eb do jen\u00eb me qindra","author":"Kurt Farka","date":"March 12, 2020","format":false,"excerpt":"Ministria: - 15 t\u00eb infektuar deri tani, por parashikojm\u00eb do jen\u00eb me qindra 11 mars \u00a02020 Ministrja e Sh\u00ebndet\u00ebsis\u00eb, Ogerta Manastirliu, njoftoi pasditen e s\u00eb m\u00ebrkur\u00ebs se n\u00eb vendin ton\u00eb jan\u00eb 15 raste me koronavirus. \u201cDeri tani jan\u00eb testuar 238 persona, 15 prej tyre kan\u00eb rezultuar pozitiv\u00eb\u201d, tha ministrja n\u00eb\u2026","rel":"","context":"In &quot;Blogu i Udh\u00ebtarit&quot;","block_context":{"text":"Blogu i Udh\u00ebtarit","link":"https:\/\/www.shqiperia.com\/blog\/category\/blogu-i-udhetarit\/"},"img":{"alt_text":"","src":"https:\/\/i0.wp.com\/www.shqiperia.com\/blog\/wp-content\/uploads\/2020\/03\/nnn.jpg?fit=905%2C450&ssl=1&resize=350%2C200","width":350,"height":200,"srcset":"https:\/\/i0.wp.com\/www.shqiperia.com\/blog\/wp-content\/uploads\/2020\/03\/nnn.jpg?fit=905%2C450&ssl=1&resize=350%2C200 1x, https:\/\/i0.wp.com\/www.shqiperia.com\/blog\/wp-content\/uploads\/2020\/03\/nnn.jpg?fit=905%2C450&ssl=1&resize=525%2C300 1.5x, https:\/\/i0.wp.com\/www.shqiperia.com\/blog\/wp-content\/uploads\/2020\/03\/nnn.jpg?fit=905%2C450&ssl=1&resize=700%2C400 2x"},"classes":[]},{"id":50943,"url":"https:\/\/www.shqiperia.com\/blog\/nente-persona-te-infektuar-me-koronavirus-kane-humbur-jeten-gjate-24-oreve-te-fundit-ne-shqiperi\/","url_meta":{"origin":31770,"position":4},"title":"N\u00ebnt\u00eb persona t\u00eb infektuar me koronavirus kan\u00eb humbur jet\u00ebn gjat\u00eb 24 or\u00ebve t\u00eb fundit n\u00eb Shqip\u00ebri,","author":"Kurt Farka","date":"October 28, 2021","format":false,"excerpt":"N\u00ebnt\u00eb persona t\u00eb infektuar me koronavirus kan\u00eb humbur jet\u00ebn gjat\u00eb 24 or\u00ebve t\u00eb fundit n\u00eb Shqip\u00ebri, \"Me gjith\u00eb p\u00ebrpjekjet e mjek\u00ebve, n\u00eb 24 or\u00ebt e fundit ka 9 humbje jete me Sars-Cov2 pozitiv: Shtat\u00eb qytetar nga Tirana 58-86 vje\u00e7, nj\u00eb qytetar 64 vje\u00e7ar nga Pogradeci dhe nj\u00eb qytetar 78 vje\u00e7\u2026","rel":"","context":"In &quot;Blogu i Udh\u00ebtarit&quot;","block_context":{"text":"Blogu i Udh\u00ebtarit","link":"https:\/\/www.shqiperia.com\/blog\/category\/blogu-i-udhetarit\/"},"img":{"alt_text":"","src":"https:\/\/i0.wp.com\/www.shqiperia.com\/blog\/wp-content\/uploads\/2021\/10\/640-0-617acdd7d86d1.jpg?fit=416%2C248&ssl=1&resize=350%2C200","width":350,"height":200},"classes":[]},{"id":32809,"url":"https:\/\/www.shqiperia.com\/blog\/shtohet-puka-shqiperia-deri-tani-186-te-infektuar-nga-1246-te-testuar\/","url_meta":{"origin":31770,"position":5},"title":"Shtohet Puka. &#8211; Shqip\u00ebria deri tani 186 t\u00eb infektuar nga 1246 t\u00eb testuar","author":"Kurt Farka","date":"March 27, 2020","format":false,"excerpt":"Shtohet Puka. - Shqip\u00ebria deri tani 186 t\u00eb infektuar nga 1246 t\u00eb testuar 27 mars \u00a02020 Ka shkuar n\u00eb 186 numri i personave t\u00eb prekur me koronavirus n\u00eb vendin ton\u00eb. Nga testimet e fundit jane konfirmuar, 12 raste t\u00eb reja, nderkohe qe harta eshte shtuar sot me Puken dhe eshte\u2026","rel":"","context":"In &quot;Blogu i Udh\u00ebtarit&quot;","block_context":{"text":"Blogu i Udh\u00ebtarit","link":"https:\/\/www.shqiperia.com\/blog\/category\/blogu-i-udhetarit\/"},"img":{"alt_text":"","src":"https:\/\/i0.wp.com\/www.shqiperia.com\/blog\/wp-content\/uploads\/2020\/03\/download-6.jpg?resize=350%2C200&ssl=1","width":350,"height":200,"srcset":"https:\/\/i0.wp.com\/www.shqiperia.com\/blog\/wp-content\/uploads\/2020\/03\/download-6.jpg?resize=350%2C200&ssl=1 1x, https:\/\/i0.wp.com\/www.shqiperia.com\/blog\/wp-content\/uploads\/2020\/03\/download-6.jpg?resize=525%2C300&ssl=1 1.5x"},"classes":[]}],"_links":{"self":[{"href":"https:\/\/www.shqiperia.com\/blog\/wp-json\/wp\/v2\/posts\/31770","targetHints":{"allow":["GET"]}}],"collection":[{"href":"https:\/\/www.shqiperia.com\/blog\/wp-json\/wp\/v2\/posts"}],"about":[{"href":"https:\/\/www.shqiperia.com\/blog\/wp-json\/wp\/v2\/types\/post"}],"author":[{"embeddable":true,"href":"https:\/\/www.shqiperia.com\/blog\/wp-json\/wp\/v2\/users\/9"}],"replies":[{"embeddable":true,"href":"https:\/\/www.shqiperia.com\/blog\/wp-json\/wp\/v2\/comments?post=31770"}],"version-history":[{"count":1,"href":"https:\/\/www.shqiperia.com\/blog\/wp-json\/wp\/v2\/posts\/31770\/revisions"}],"predecessor-version":[{"id":31773,"href":"https:\/\/www.shqiperia.com\/blog\/wp-json\/wp\/v2\/posts\/31770\/revisions\/31773"}],"wp:featuredmedia":[{"embeddable":true,"href":"https:\/\/www.shqiperia.com\/blog\/wp-json\/wp\/v2\/media\/31771"}],"wp:attachment":[{"href":"https:\/\/www.shqiperia.com\/blog\/wp-json\/wp\/v2\/media?parent=31770"}],"wp:term":[{"taxonomy":"category","embeddable":true,"href":"https:\/\/www.shqiperia.com\/blog\/wp-json\/wp\/v2\/categories?post=31770"},{"taxonomy":"post_tag","embeddable":true,"href":"https:\/\/www.shqiperia.com\/blog\/wp-json\/wp\/v2\/tags?post=31770"}],"curies":[{"name":"wp","href":"https:\/\/api.w.org\/{rel}","templated":true}]}}