{"id":31732,"date":"2020-02-23T08:55:08","date_gmt":"2020-02-23T08:55:08","guid":{"rendered":"https:\/\/www.shqiperia.com\/blog\/?p=31732"},"modified":"2020-02-23T08:55:08","modified_gmt":"2020-02-23T08:55:08","slug":"termet-me-magnitude-5-9-ne-kufirin-turqi-iran-7-te-vdekur-dhe-5-te-plagosur","status":"publish","type":"post","link":"https:\/\/www.shqiperia.com\/blog\/termet-me-magnitude-5-9-ne-kufirin-turqi-iran-7-te-vdekur-dhe-5-te-plagosur\/","title":{"rendered":"T\u00ebrmet me magnitud\u00eb 5.9 n\u00eb kufirin Turqi-Iran, 7 t\u00eb vdekur dhe 5 t\u00eb plagosur"},"content":{"rendered":"<p><img data-recalc-dims=\"1\" loading=\"lazy\" decoding=\"async\" data-attachment-id=\"31733\" data-permalink=\"https:\/\/www.shqiperia.com\/blog\/termet-me-magnitude-5-9-ne-kufirin-turqi-iran-7-te-vdekur-dhe-5-te-plagosur\/termet-me-magnitude-5-9-ne-kufirin-turqi-iran-7-te-vdekur-dhe-5-te-plagosur\/\" data-orig-file=\"https:\/\/i0.wp.com\/www.shqiperia.com\/blog\/wp-content\/uploads\/2020\/02\/T%C3%ABrmet-me-magnitud%C3%AB-5.9-n%C3%AB-kufirin-Turqi-Iran-7-t%C3%AB-vdekur-dhe-5-t%C3%AB-plagosur.jpg?fit=640%2C340&amp;ssl=1\" data-orig-size=\"640,340\" data-comments-opened=\"1\" data-image-meta=\"{&quot;aperture&quot;:&quot;0&quot;,&quot;credit&quot;:&quot;&quot;,&quot;camera&quot;:&quot;&quot;,&quot;caption&quot;:&quot;&quot;,&quot;created_timestamp&quot;:&quot;0&quot;,&quot;copyright&quot;:&quot;&quot;,&quot;focal_length&quot;:&quot;0&quot;,&quot;iso&quot;:&quot;0&quot;,&quot;shutter_speed&quot;:&quot;0&quot;,&quot;title&quot;:&quot;&quot;,&quot;orientation&quot;:&quot;0&quot;}\" data-image-title=\"T\u00ebrmet me magnitud\u00eb 5.9 n\u00eb kufirin Turqi-Iran, 7 t\u00eb vdekur dhe 5 t\u00eb plagosur\" data-image-description=\"\" data-image-caption=\"\" data-medium-file=\"https:\/\/i0.wp.com\/www.shqiperia.com\/blog\/wp-content\/uploads\/2020\/02\/T%C3%ABrmet-me-magnitud%C3%AB-5.9-n%C3%AB-kufirin-Turqi-Iran-7-t%C3%AB-vdekur-dhe-5-t%C3%AB-plagosur.jpg?fit=300%2C159&amp;ssl=1\" data-large-file=\"https:\/\/i0.wp.com\/www.shqiperia.com\/blog\/wp-content\/uploads\/2020\/02\/T%C3%ABrmet-me-magnitud%C3%AB-5.9-n%C3%AB-kufirin-Turqi-Iran-7-t%C3%AB-vdekur-dhe-5-t%C3%AB-plagosur.jpg?fit=640%2C340&amp;ssl=1\" class=\"alignnone  wp-image-31733\" alt=\"\" src=\"https:\/\/i0.wp.com\/www.shqiperia.com\/blog\/wp-content\/uploads\/2020\/02\/T%C3%ABrmet-me-magnitud%C3%AB-5.9-n%C3%AB-kufirin-Turqi-Iran-7-t%C3%AB-vdekur-dhe-5-t%C3%AB-plagosur.jpg?resize=619%2C328&#038;ssl=1\" width=\"619\" height=\"328\" srcset=\"https:\/\/i0.wp.com\/www.shqiperia.com\/blog\/wp-content\/uploads\/2020\/02\/T%C3%ABrmet-me-magnitud%C3%AB-5.9-n%C3%AB-kufirin-Turqi-Iran-7-t%C3%AB-vdekur-dhe-5-t%C3%AB-plagosur.jpg?resize=300%2C159&amp;ssl=1 300w, https:\/\/i0.wp.com\/www.shqiperia.com\/blog\/wp-content\/uploads\/2020\/02\/T%C3%ABrmet-me-magnitud%C3%AB-5.9-n%C3%AB-kufirin-Turqi-Iran-7-t%C3%AB-vdekur-dhe-5-t%C3%AB-plagosur.jpg?resize=450%2C239&amp;ssl=1 450w, https:\/\/i0.wp.com\/www.shqiperia.com\/blog\/wp-content\/uploads\/2020\/02\/T%C3%ABrmet-me-magnitud%C3%AB-5.9-n%C3%AB-kufirin-Turqi-Iran-7-t%C3%AB-vdekur-dhe-5-t%C3%AB-plagosur.jpg?resize=600%2C319&amp;ssl=1 600w, https:\/\/i0.wp.com\/www.shqiperia.com\/blog\/wp-content\/uploads\/2020\/02\/T%C3%ABrmet-me-magnitud%C3%AB-5.9-n%C3%AB-kufirin-Turqi-Iran-7-t%C3%AB-vdekur-dhe-5-t%C3%AB-plagosur.jpg?resize=400%2C213&amp;ssl=1 400w, https:\/\/i0.wp.com\/www.shqiperia.com\/blog\/wp-content\/uploads\/2020\/02\/T%C3%ABrmet-me-magnitud%C3%AB-5.9-n%C3%AB-kufirin-Turqi-Iran-7-t%C3%AB-vdekur-dhe-5-t%C3%AB-plagosur.jpg?w=640&amp;ssl=1 640w\" sizes=\"auto, (max-width: 619px) 100vw, 619px\" \/><\/p>\n<p><strong>T\u00ebrmet me magnitud\u00eb 5.9 n\u00eb kufirin Turqi-Iran, 7 t\u00eb vdekur dhe 5 t\u00eb plagosur<\/strong><\/p>\n<p>23\/02\/2020<\/p>\n<table style=\"width: 6px;height: 27px\">\n<tbody>\n<tr>\n<td><\/td>\n<\/tr>\n<\/tbody>\n<\/table>\n<p>Nj\u00eb t\u00ebrmet me magnitud\u00eb 5.9 i shkall\u00ebs Rihter goditi kufirin e Turqis\u00eb me Iranin her\u00ebt n\u00eb m\u00ebngjes.<\/p>\n<p>Ministri i brendsh\u00ebm turk Sulejman Soylu njoftoi se 7 persona, 4 t\u00eb rritur dhe 3 f\u00ebmij\u00eb, vdiq\u00ebn n\u00eb fshatrat e rrethit Ba\u015fkale t\u00eb Vanit si pasoj\u00eb e shembjes s\u00eb nd\u00ebrtesave.5 t\u00eb tjer\u00eb mbet\u00ebn t\u00eb plagosur.<\/p>\n<p>T\u00ebrmeti ndodhi rreth or\u00ebs 08.53 dhe epiqendra ishte qyteti Hoy i Iranit. T\u00ebrmeti, 5.22 kilometra i thell\u00eb, gjithashtu u ndje r\u00ebnd\u00eb n\u00eb rrethin Y\u00fcksekova t\u00eb Hakkarit, 4.75 kilometra nga epiqendra. T\u00ebrmeti u ndje n\u00eb provincat kufitare Id\u0131r, Kars dhe A\u011fr\u0131 dhe Van, si dhe Hakkari.<\/p>\n<p>N\u00eb Iran, askush nuk humbi jet\u00ebn.<\/p>\n<p>Pas t\u00ebrmetit 5.9, pati edhe 6 pasl\u00ebkundje t\u00eb tjera me madh\u00ebsi midis 2.3 dhe 3.9.<\/p>\n<p>&#8220;Ekipet e shp\u00ebtimit u d\u00ebrguan. Deri m\u00eb tani nuk kemi raporte p\u00ebr d\u00ebme apo viktima n\u00eb zon\u00eb, e cila ndodhet n\u00eb provinc\u00ebn iraniane t\u00eb Azerbajxhanit Per\u00ebndimor dhe nuk \u00ebsht\u00eb e banuar, &#8221; i tha nj\u00eb zyrtar iranian televizionit shtet\u00ebror.<\/p>\n<p>TRT raportoi se ekipet e inspektimit ishin d\u00ebrguar n\u00eb zon\u00eb p\u00ebr evidentimin e d\u00ebmeve.<\/p>\n<p>Kishte gjithashtu raporte p\u00ebr shembje t\u00eb nd\u00ebrtesave n\u00eb qytetin turk t\u00eb Van.<\/p>\n<p><a href=\"https:\/\/oranews.tv\/\">Ora News.tv<\/a><\/p>\n","protected":false},"excerpt":{"rendered":"<p>T\u00ebrmet me magnitud\u00eb 5.9 n\u00eb kufirin Turqi-Iran, 7 t\u00eb vdekur dhe 5 t\u00eb plagosur 23\/02\/2020 Nj\u00eb t\u00ebrmet me magnitud\u00eb 5.9 i shkall\u00ebs Rihter goditi kufirin e Turqis\u00eb me Iranin her\u00ebt n\u00eb m\u00ebngjes. Ministri i brendsh\u00ebm turk Sulejman Soylu njoftoi se 7 persona, 4 t\u00eb rritur dhe 3 f\u00ebmij\u00eb, vdiq\u00ebn n\u00eb fshatrat e rrethit Ba\u015fkale t\u00eb [&hellip;]<\/p>\n","protected":false},"author":9,"featured_media":31733,"comment_status":"open","ping_status":"open","sticky":false,"template":"","format":"standard","meta":{"jetpack_post_was_ever_published":false,"_jetpack_newsletter_access":"","_jetpack_dont_email_post_to_subs":false,"_jetpack_newsletter_tier_id":0,"_jetpack_memberships_contains_paywalled_content":false,"_jetpack_memberships_contains_paid_content":false,"footnotes":"","jetpack_publicize_message":"","jetpack_publicize_feature_enabled":true,"jetpack_social_post_already_shared":true,"jetpack_social_options":{"image_generator_settings":{"template":"highway","default_image_id":0,"font":"","enabled":false},"version":2}},"categories":[27,1],"tags":[],"class_list":["post-31732","post","type-post","status-publish","format-standard","has-post-thumbnail","hentry","category-blogu-i-udhetarit","category-njoftime-shtypi"],"jetpack_publicize_connections":[],"jetpack_featured_media_url":"https:\/\/i0.wp.com\/www.shqiperia.com\/blog\/wp-content\/uploads\/2020\/02\/T%C3%ABrmet-me-magnitud%C3%AB-5.9-n%C3%AB-kufirin-Turqi-Iran-7-t%C3%AB-vdekur-dhe-5-t%C3%AB-plagosur.jpg?fit=640%2C340&ssl=1","jetpack_sharing_enabled":true,"jetpack_shortlink":"https:\/\/wp.me\/p5Z6wp-8fO","jetpack-related-posts":[{"id":103786,"url":"https:\/\/www.shqiperia.com\/blog\/termet-4-3-balle-ne-itali-lekundjet-ndihen-prane-pizes-dhe-livornos\/","url_meta":{"origin":31732,"position":0},"title":"T\u00ebrmet 4.3 ball\u00eb n\u00eb Itali\/ L\u00ebkundjet ndihen pran\u00eb Piz\u00ebs dhe Livornos","author":"Kurt Farka","date":"August 4, 2026","format":false,"excerpt":"4 Gusht 2026 T\u00ebrmeti me magnitud\u00eb 4.3 ball\u00eb t\u00eb Rihterit ka goditur k\u00ebt\u00eb m\u00ebngjes rajonin e Toskan\u00ebs n\u00eb Itali, duke shkaktuar l\u00ebkundje t\u00eb ndjeshme n\u00eb disa zona. Sipas Institutit Komb\u00ebtar Italian p\u00ebr Gjeofizik\u00ebn dhe Vullkanologjin\u00eb, t\u00ebrmeti u regjistrua rreth or\u00ebs 10:15, me epiqend\u00ebr rreth 7 kilometra n\u00eb per\u00ebndim t\u00eb Piz\u00ebs,\u2026","rel":"","context":"In &quot;Blogu i Udh\u00ebtarit&quot;","block_context":{"text":"Blogu i Udh\u00ebtarit","link":"https:\/\/www.shqiperia.com\/blog\/category\/blogu-i-udhetarit\/"},"img":{"alt_text":"","src":"https:\/\/i0.wp.com\/www.shqiperia.com\/blog\/wp-content\/uploads\/2026\/08\/leaning-tower-of-pisa-with-cathedral-bruce-yuanyue-bi.jpg?fit=900%2C600&ssl=1&resize=350%2C200","width":350,"height":200,"srcset":"https:\/\/i0.wp.com\/www.shqiperia.com\/blog\/wp-content\/uploads\/2026\/08\/leaning-tower-of-pisa-with-cathedral-bruce-yuanyue-bi.jpg?fit=900%2C600&ssl=1&resize=350%2C200 1x, https:\/\/i0.wp.com\/www.shqiperia.com\/blog\/wp-content\/uploads\/2026\/08\/leaning-tower-of-pisa-with-cathedral-bruce-yuanyue-bi.jpg?fit=900%2C600&ssl=1&resize=525%2C300 1.5x, https:\/\/i0.wp.com\/www.shqiperia.com\/blog\/wp-content\/uploads\/2026\/08\/leaning-tower-of-pisa-with-cathedral-bruce-yuanyue-bi.jpg?fit=900%2C600&ssl=1&resize=700%2C400 2x"},"classes":[]},{"id":103542,"url":"https:\/\/www.shqiperia.com\/blog\/napoli-tronditet-nga-termeti-me-i-forte-ne-campi-flegrei-mijera-banore-braktisin-banesat\/","url_meta":{"origin":31732,"position":1},"title":"Napoli tronditet nga t\u00ebrmeti m\u00eb i fort\u00eb n\u00eb Campi Flegrei, mij\u00ebra banor\u00eb braktisin banesat","author":"Kurt Farka","date":"July 31, 2026","format":false,"excerpt":"31 Korrik 2026 Nj\u00eb t\u00ebrmet i fuqish\u00ebm ka tronditur mbr\u00ebmjen e s\u00eb premtes zon\u00ebn vullkanike t\u00eb Campi Flegrei n\u00eb jug t\u00eb Italis\u00eb, duke shkaktuar panik n\u00eb Napoli dhe qytetet p\u00ebrreth. L\u00ebkundja me magnitud\u00eb paraprake 4.7 u regjistrua rreth or\u00ebs 19:46 dhe, sipas Institutit Komb\u00ebtar t\u00eb Gjeofizik\u00ebs dhe Vullkanologjis\u00eb (INGV), \u00ebsht\u00eb\u2026","rel":"","context":"In &quot;Blogu i Udh\u00ebtarit&quot;","block_context":{"text":"Blogu i Udh\u00ebtarit","link":"https:\/\/www.shqiperia.com\/blog\/category\/blogu-i-udhetarit\/"},"img":{"alt_text":"","src":"https:\/\/i0.wp.com\/www.shqiperia.com\/blog\/wp-content\/uploads\/2026\/07\/640-0-b1490ff149c66d4a4df683712956ba39.jpg?fit=640%2C350&ssl=1&resize=350%2C200","width":350,"height":200,"srcset":"https:\/\/i0.wp.com\/www.shqiperia.com\/blog\/wp-content\/uploads\/2026\/07\/640-0-b1490ff149c66d4a4df683712956ba39.jpg?fit=640%2C350&ssl=1&resize=350%2C200 1x, https:\/\/i0.wp.com\/www.shqiperia.com\/blog\/wp-content\/uploads\/2026\/07\/640-0-b1490ff149c66d4a4df683712956ba39.jpg?fit=640%2C350&ssl=1&resize=525%2C300 1.5x"},"classes":[]},{"id":100604,"url":"https:\/\/www.shqiperia.com\/blog\/termet-ne-elbasan-lekundjet-ndjehen-deri-ne-qytetin-e-durresit-dhe-rrethina\/","url_meta":{"origin":31732,"position":2},"title":"T\u00ebrmet n\u00eb Elbasan, l\u00ebkundjet ndjehen deri n\u00eb qytetin e Durr\u00ebsit dhe rrethina","author":"Kurt Farka","date":"May 23, 2026","format":false,"excerpt":"23 Maji 2026 Frik\u00eb n\u00eb qytetet e Elbasanit dhe t\u00eb Durr\u00ebsit, ku m\u00ebsohet se nj\u00eb t\u00ebrmet \u00ebsht\u00eb ndier n\u00eb k\u00ebto dy qytete dhe n\u00eb qytezat p\u00ebrreth Sipas t\u00eb dh\u00ebnave t\u00eb para, m\u00ebsohet se magnituda ka qen\u00eb rreth 4.0, teksa si epiqendra m\u00ebsohet t\u00eb jet\u00eb pran\u00eb Peqinit, me thell\u00ebsi rreth 5\u2026","rel":"","context":"In &quot;Blogu i Udh\u00ebtarit&quot;","block_context":{"text":"Blogu i Udh\u00ebtarit","link":"https:\/\/www.shqiperia.com\/blog\/category\/blogu-i-udhetarit\/"},"img":{"alt_text":"","src":"https:\/\/i0.wp.com\/www.shqiperia.com\/blog\/wp-content\/uploads\/2026\/05\/termet_sd.webp?fit=1200%2C675&ssl=1&resize=350%2C200","width":350,"height":200,"srcset":"https:\/\/i0.wp.com\/www.shqiperia.com\/blog\/wp-content\/uploads\/2026\/05\/termet_sd.webp?fit=1200%2C675&ssl=1&resize=350%2C200 1x, https:\/\/i0.wp.com\/www.shqiperia.com\/blog\/wp-content\/uploads\/2026\/05\/termet_sd.webp?fit=1200%2C675&ssl=1&resize=525%2C300 1.5x, https:\/\/i0.wp.com\/www.shqiperia.com\/blog\/wp-content\/uploads\/2026\/05\/termet_sd.webp?fit=1200%2C675&ssl=1&resize=700%2C400 2x, https:\/\/i0.wp.com\/www.shqiperia.com\/blog\/wp-content\/uploads\/2026\/05\/termet_sd.webp?fit=1200%2C675&ssl=1&resize=1050%2C600 3x"},"classes":[]},{"id":103659,"url":"https:\/\/www.shqiperia.com\/blog\/termet-ne-elbasan-ja-sa-balle-ishte-magnituda-e-lekundjeve-sizmike\/","url_meta":{"origin":31732,"position":3},"title":"T\u00ebrmet n\u00eb Elbasan, ja sa ball\u00eb ishte magnituda e l\u00ebkundjeve sizmike","author":"Kurt Farka","date":"August 2, 2026","format":false,"excerpt":"2 Gusht 2026 Nj\u00eb t\u00ebrmet me magnitud\u00eb 3.5 i shkall\u00ebs Rihter ka tronditur zon\u00ebn e Elbasanit pasditen e sotme, duke shkaktuar panik te qytetar\u00ebt. L\u00ebkundja e fort\u00eb sizmike \u00ebsht\u00eb regjistruar n\u00eb or\u00ebn 16:28 dhe \u00ebsht\u00eb ndjer\u00eb e menj\u00ebhershme n\u00eb t\u00eb gjith\u00eb qytetin e Elbasanit. Sipas t\u00eb dh\u00ebnave sizmologjike, epiqendra e\u2026","rel":"","context":"In &quot;Blogu i Udh\u00ebtarit&quot;","block_context":{"text":"Blogu i Udh\u00ebtarit","link":"https:\/\/www.shqiperia.com\/blog\/category\/blogu-i-udhetarit\/"},"img":{"alt_text":"","src":"https:\/\/i0.wp.com\/www.shqiperia.com\/blog\/wp-content\/uploads\/2026\/08\/Nje-termet-me-magnitude.jpg?fit=850%2C478&ssl=1&resize=350%2C200","width":350,"height":200,"srcset":"https:\/\/i0.wp.com\/www.shqiperia.com\/blog\/wp-content\/uploads\/2026\/08\/Nje-termet-me-magnitude.jpg?fit=850%2C478&ssl=1&resize=350%2C200 1x, https:\/\/i0.wp.com\/www.shqiperia.com\/blog\/wp-content\/uploads\/2026\/08\/Nje-termet-me-magnitude.jpg?fit=850%2C478&ssl=1&resize=525%2C300 1.5x, https:\/\/i0.wp.com\/www.shqiperia.com\/blog\/wp-content\/uploads\/2026\/08\/Nje-termet-me-magnitude.jpg?fit=850%2C478&ssl=1&resize=700%2C400 2x"},"classes":[]},{"id":100259,"url":"https:\/\/www.shqiperia.com\/blog\/tornado-perfshin-disa-rajone-ne-turqi-te-pakten-kater-te-plagosur-deme-ne-banesa-dhe-probleme-me-energjine-elektrike\/","url_meta":{"origin":31732,"position":4},"title":"Tornado p\u00ebrfshin disa rajone n\u00eb Turqi, t\u00eb pakt\u00ebn kat\u00ebr t\u00eb plagosur! D\u00ebme n\u00eb banesa dhe probleme me energjin\u00eb elektrike","author":"Kurt Farka","date":"May 14, 2026","format":false,"excerpt":"14 Maji 2026 Disa zona n\u00eb Turqi jan\u00eb prekur nga tornadot. Nj\u00eb tornado u krijua n\u00eb rrethin Sungurlu t\u00eb \u00c7orumit dhe shkaktoi d\u00ebme n\u00eb fshatrat Oyaka dhe Kavsut, nd\u00ebrsa kat\u00ebr persona u plagos\u00ebn. \u00c7atit\u00eb e disa sht\u00ebpive n\u00eb fshatra ishin rr\u00ebzuar nga era, nd\u00ebrsa pem\u00ebt dhe shtyllat e energjis\u00eb elektrike\u2026","rel":"","context":"In &quot;Njoftime Shtypi&quot;","block_context":{"text":"Njoftime Shtypi","link":"https:\/\/www.shqiperia.com\/blog\/category\/njoftime-shtypi\/"},"img":{"alt_text":"","src":"https:\/\/i0.wp.com\/www.shqiperia.com\/blog\/wp-content\/uploads\/2026\/05\/maketa-tourkia-anemostrovilos.webp?fit=1168%2C656&ssl=1&resize=350%2C200","width":350,"height":200,"srcset":"https:\/\/i0.wp.com\/www.shqiperia.com\/blog\/wp-content\/uploads\/2026\/05\/maketa-tourkia-anemostrovilos.webp?fit=1168%2C656&ssl=1&resize=350%2C200 1x, https:\/\/i0.wp.com\/www.shqiperia.com\/blog\/wp-content\/uploads\/2026\/05\/maketa-tourkia-anemostrovilos.webp?fit=1168%2C656&ssl=1&resize=525%2C300 1.5x, https:\/\/i0.wp.com\/www.shqiperia.com\/blog\/wp-content\/uploads\/2026\/05\/maketa-tourkia-anemostrovilos.webp?fit=1168%2C656&ssl=1&resize=700%2C400 2x, https:\/\/i0.wp.com\/www.shqiperia.com\/blog\/wp-content\/uploads\/2026\/05\/maketa-tourkia-anemostrovilos.webp?fit=1168%2C656&ssl=1&resize=1050%2C600 3x"},"classes":[]},{"id":105373,"url":"https:\/\/www.shqiperia.com\/blog\/fatkeqesite-natyrore-me-vdekjeprurese-ne-histori\/","url_meta":{"origin":31732,"position":5},"title":"Fatkeq\u00ebsit\u00eb natyrore m\u00eb vdekjeprur\u00ebse n\u00eb histori","author":"Kurt Farka","date":"August 28, 2026","format":false,"excerpt":"28 Gusht 2026 Miliona njer\u00ebz kan\u00eb humbur jet\u00ebn nga p\u00ebrmbytje, t\u00ebrmete, shp\u00ebrthime vullkanike dhe stuhi shkat\u00ebrruese. Megjithat\u00eb, pasojat e nj\u00eb katastrofe nuk varen vet\u00ebm nga fuqia e natyr\u00ebs. Dend\u00ebsia e popullsis\u00eb, cil\u00ebsia e nd\u00ebrtimeve, infrastruktura dhe m\u00ebnyra se si autoritetet reagojn\u00eb mund ta shum\u00ebfishojn\u00eb numrin e viktimave. Ekspert\u00ebt madje shmangin\u2026","rel":"","context":"In &quot;Blogu i Udh\u00ebtarit&quot;","block_context":{"text":"Blogu i Udh\u00ebtarit","link":"https:\/\/www.shqiperia.com\/blog\/category\/blogu-i-udhetarit\/"},"img":{"alt_text":"","src":"https:\/\/i0.wp.com\/www.shqiperia.com\/blog\/wp-content\/uploads\/2026\/08\/auto_RQAsMzFtHEcmyZuw9ewMzaTgcOYiacEZ1787826687.png?fit=900%2C555&ssl=1&resize=350%2C200","width":350,"height":200,"srcset":"https:\/\/i0.wp.com\/www.shqiperia.com\/blog\/wp-content\/uploads\/2026\/08\/auto_RQAsMzFtHEcmyZuw9ewMzaTgcOYiacEZ1787826687.png?fit=900%2C555&ssl=1&resize=350%2C200 1x, https:\/\/i0.wp.com\/www.shqiperia.com\/blog\/wp-content\/uploads\/2026\/08\/auto_RQAsMzFtHEcmyZuw9ewMzaTgcOYiacEZ1787826687.png?fit=900%2C555&ssl=1&resize=525%2C300 1.5x, https:\/\/i0.wp.com\/www.shqiperia.com\/blog\/wp-content\/uploads\/2026\/08\/auto_RQAsMzFtHEcmyZuw9ewMzaTgcOYiacEZ1787826687.png?fit=900%2C555&ssl=1&resize=700%2C400 2x"},"classes":[]}],"_links":{"self":[{"href":"https:\/\/www.shqiperia.com\/blog\/wp-json\/wp\/v2\/posts\/31732","targetHints":{"allow":["GET"]}}],"collection":[{"href":"https:\/\/www.shqiperia.com\/blog\/wp-json\/wp\/v2\/posts"}],"about":[{"href":"https:\/\/www.shqiperia.com\/blog\/wp-json\/wp\/v2\/types\/post"}],"author":[{"embeddable":true,"href":"https:\/\/www.shqiperia.com\/blog\/wp-json\/wp\/v2\/users\/9"}],"replies":[{"embeddable":true,"href":"https:\/\/www.shqiperia.com\/blog\/wp-json\/wp\/v2\/comments?post=31732"}],"version-history":[{"count":1,"href":"https:\/\/www.shqiperia.com\/blog\/wp-json\/wp\/v2\/posts\/31732\/revisions"}],"predecessor-version":[{"id":31734,"href":"https:\/\/www.shqiperia.com\/blog\/wp-json\/wp\/v2\/posts\/31732\/revisions\/31734"}],"wp:featuredmedia":[{"embeddable":true,"href":"https:\/\/www.shqiperia.com\/blog\/wp-json\/wp\/v2\/media\/31733"}],"wp:attachment":[{"href":"https:\/\/www.shqiperia.com\/blog\/wp-json\/wp\/v2\/media?parent=31732"}],"wp:term":[{"taxonomy":"category","embeddable":true,"href":"https:\/\/www.shqiperia.com\/blog\/wp-json\/wp\/v2\/categories?post=31732"},{"taxonomy":"post_tag","embeddable":true,"href":"https:\/\/www.shqiperia.com\/blog\/wp-json\/wp\/v2\/tags?post=31732"}],"curies":[{"name":"wp","href":"https:\/\/api.w.org\/{rel}","templated":true}]}}