{"id":31703,"date":"2020-02-22T13:09:42","date_gmt":"2020-02-22T13:09:42","guid":{"rendered":"https:\/\/www.shqiperia.com\/blog\/?p=31703"},"modified":"2020-02-22T13:09:42","modified_gmt":"2020-02-22T13:09:42","slug":"zbulohen-fosilet-e-breshkes-gjigante-sa-nje-automobil","status":"publish","type":"post","link":"https:\/\/www.shqiperia.com\/blog\/zbulohen-fosilet-e-breshkes-gjigante-sa-nje-automobil\/","title":{"rendered":"Zbulohen fosilet e breshk\u00ebs gjigante sa nj\u00eb automobil."},"content":{"rendered":"<p><img data-recalc-dims=\"1\" loading=\"lazy\" decoding=\"async\" data-attachment-id=\"31704\" data-permalink=\"https:\/\/www.shqiperia.com\/blog\/zbulohen-fosilet-e-breshkes-gjigante-sa-nje-automobil\/download-60\/\" data-orig-file=\"https:\/\/i0.wp.com\/www.shqiperia.com\/blog\/wp-content\/uploads\/2020\/02\/download-8.jpg?fit=299%2C168&amp;ssl=1\" data-orig-size=\"299,168\" data-comments-opened=\"1\" data-image-meta=\"{&quot;aperture&quot;:&quot;0&quot;,&quot;credit&quot;:&quot;&quot;,&quot;camera&quot;:&quot;&quot;,&quot;caption&quot;:&quot;&quot;,&quot;created_timestamp&quot;:&quot;0&quot;,&quot;copyright&quot;:&quot;&quot;,&quot;focal_length&quot;:&quot;0&quot;,&quot;iso&quot;:&quot;0&quot;,&quot;shutter_speed&quot;:&quot;0&quot;,&quot;title&quot;:&quot;&quot;,&quot;orientation&quot;:&quot;0&quot;}\" data-image-title=\"download\" data-image-description=\"\" data-image-caption=\"\" data-medium-file=\"https:\/\/i0.wp.com\/www.shqiperia.com\/blog\/wp-content\/uploads\/2020\/02\/download-8.jpg?fit=299%2C168&amp;ssl=1\" data-large-file=\"https:\/\/i0.wp.com\/www.shqiperia.com\/blog\/wp-content\/uploads\/2020\/02\/download-8.jpg?fit=299%2C168&amp;ssl=1\" class=\"alignnone size-full wp-image-31704\" alt=\"\" src=\"https:\/\/i0.wp.com\/www.shqiperia.com\/blog\/wp-content\/uploads\/2020\/02\/download-8.jpg?resize=299%2C168&#038;ssl=1\" width=\"299\" height=\"168\" \/><\/p>\n<p><strong>Zbulohen fosilet e breshk\u00ebs gjigante sa nj\u00eb automobil.<\/strong><\/p>\n<p>Fosilet e nj\u00eb breshke gjigante me p\u00ebrmasat e nj\u00eb automobili jan\u00eb gjetur n\u00eb Amerik\u00ebn Jugore.<\/p>\n<p>Fosilet e breshk\u00ebs, t\u00eb quajtur \u201cStupendemys geographicus\u201d, q\u00eb besohet t\u00eb ken\u00eb jetuar midis 7 deri 13 milion\u00eb vite m\u00eb par\u00eb, u gjet\u00ebn n\u00eb shkret\u00ebtir\u00ebn Tatacoa t\u00eb Kolumbis\u00eb dhe rajonin Urumaco t\u00eb Venezuel\u00ebs, raportoi BBC.<\/p>\n<p><img data-recalc-dims=\"1\" loading=\"lazy\" decoding=\"async\" data-attachment-id=\"31705\" data-permalink=\"https:\/\/www.shqiperia.com\/blog\/zbulohen-fosilet-e-breshkes-gjigante-sa-nje-automobil\/thumbs_b_c_f74b3afcd87fdde3cc451036c23852dd-768x432\/\" data-orig-file=\"https:\/\/i0.wp.com\/www.shqiperia.com\/blog\/wp-content\/uploads\/2020\/02\/thumbs_b_c_f74b3afcd87fdde3cc451036c23852dd-768x432-1.jpg?fit=768%2C432&amp;ssl=1\" data-orig-size=\"768,432\" data-comments-opened=\"1\" data-image-meta=\"{&quot;aperture&quot;:&quot;0&quot;,&quot;credit&quot;:&quot;&quot;,&quot;camera&quot;:&quot;&quot;,&quot;caption&quot;:&quot;&quot;,&quot;created_timestamp&quot;:&quot;0&quot;,&quot;copyright&quot;:&quot;&quot;,&quot;focal_length&quot;:&quot;0&quot;,&quot;iso&quot;:&quot;0&quot;,&quot;shutter_speed&quot;:&quot;0&quot;,&quot;title&quot;:&quot;&quot;,&quot;orientation&quot;:&quot;0&quot;}\" data-image-title=\"thumbs_b_c_f74b3afcd87fdde3cc451036c23852dd-768&#215;432\" data-image-description=\"\" data-image-caption=\"\" data-medium-file=\"https:\/\/i0.wp.com\/www.shqiperia.com\/blog\/wp-content\/uploads\/2020\/02\/thumbs_b_c_f74b3afcd87fdde3cc451036c23852dd-768x432-1.jpg?fit=300%2C169&amp;ssl=1\" data-large-file=\"https:\/\/i0.wp.com\/www.shqiperia.com\/blog\/wp-content\/uploads\/2020\/02\/thumbs_b_c_f74b3afcd87fdde3cc451036c23852dd-768x432-1.jpg?fit=768%2C432&amp;ssl=1\" class=\"alignnone  wp-image-31705\" alt=\"\" src=\"https:\/\/i0.wp.com\/www.shqiperia.com\/blog\/wp-content\/uploads\/2020\/02\/thumbs_b_c_f74b3afcd87fdde3cc451036c23852dd-768x432-1.jpg?resize=714%2C402&#038;ssl=1\" width=\"714\" height=\"402\" srcset=\"https:\/\/i0.wp.com\/www.shqiperia.com\/blog\/wp-content\/uploads\/2020\/02\/thumbs_b_c_f74b3afcd87fdde3cc451036c23852dd-768x432-1.jpg?resize=300%2C169&amp;ssl=1 300w, https:\/\/i0.wp.com\/www.shqiperia.com\/blog\/wp-content\/uploads\/2020\/02\/thumbs_b_c_f74b3afcd87fdde3cc451036c23852dd-768x432-1.jpg?resize=450%2C253&amp;ssl=1 450w, https:\/\/i0.wp.com\/www.shqiperia.com\/blog\/wp-content\/uploads\/2020\/02\/thumbs_b_c_f74b3afcd87fdde3cc451036c23852dd-768x432-1.jpg?resize=600%2C338&amp;ssl=1 600w, https:\/\/i0.wp.com\/www.shqiperia.com\/blog\/wp-content\/uploads\/2020\/02\/thumbs_b_c_f74b3afcd87fdde3cc451036c23852dd-768x432-1.jpg?resize=400%2C225&amp;ssl=1 400w, https:\/\/i0.wp.com\/www.shqiperia.com\/blog\/wp-content\/uploads\/2020\/02\/thumbs_b_c_f74b3afcd87fdde3cc451036c23852dd-768x432-1.jpg?w=768&amp;ssl=1 768w\" sizes=\"auto, (max-width: 714px) 100vw, 714px\" \/><\/p>\n<p>Fosilet e para t\u00eb k\u00ebtij lloji t\u00eb breshkave u gjet\u00ebn n\u00eb vitet 1970, por akoma mbet\u00ebn shum\u00eb mistere n\u00eb lidhje me k\u00ebt\u00eb kafsh\u00eb t\u00eb gjat\u00eb kat\u00ebr metra.<\/p>\n<p>Supozohet se k\u00ebto kafsh\u00eb, madh\u00ebsia dhe pesha e t\u00eb cilave arrinte p\u00ebrmasat e nj\u00eb automobili, kan\u00eb banuar n\u00eb k\u00ebneta t\u00eb m\u00ebdha n\u00eb t\u00eb gjith\u00eb veriun e Amerik\u00ebs Jugore, shum\u00eb p\u00ebrpara se t\u00eb ekzistonin lumenjt\u00eb Amazona dhe Orinoko.<\/p>\n<p>Shkenc\u00ebtar\u00ebt thon\u00eb se ata gjet\u00ebn nj\u00eb mburoj\u00eb tre metra t\u00eb gjat\u00eb dhe nj\u00eb kock\u00eb t\u00eb nofull\u00ebs s\u00eb poshtme, e cila jep informacione p\u00ebr m\u00ebnyr\u00ebn se si jan\u00eb ushqyer k\u00ebto kafsh\u00eb.<\/p>\n<p><img data-recalc-dims=\"1\" loading=\"lazy\" decoding=\"async\" data-attachment-id=\"31706\" data-permalink=\"https:\/\/www.shqiperia.com\/blog\/zbulohen-fosilet-e-breshkes-gjigante-sa-nje-automobil\/download-1-15\/\" data-orig-file=\"https:\/\/i0.wp.com\/www.shqiperia.com\/blog\/wp-content\/uploads\/2020\/02\/download-1-3.jpg?fit=284%2C177&amp;ssl=1\" data-orig-size=\"284,177\" data-comments-opened=\"1\" data-image-meta=\"{&quot;aperture&quot;:&quot;0&quot;,&quot;credit&quot;:&quot;&quot;,&quot;camera&quot;:&quot;&quot;,&quot;caption&quot;:&quot;&quot;,&quot;created_timestamp&quot;:&quot;0&quot;,&quot;copyright&quot;:&quot;&quot;,&quot;focal_length&quot;:&quot;0&quot;,&quot;iso&quot;:&quot;0&quot;,&quot;shutter_speed&quot;:&quot;0&quot;,&quot;title&quot;:&quot;&quot;,&quot;orientation&quot;:&quot;0&quot;}\" data-image-title=\"download (1)\" data-image-description=\"\" data-image-caption=\"\" data-medium-file=\"https:\/\/i0.wp.com\/www.shqiperia.com\/blog\/wp-content\/uploads\/2020\/02\/download-1-3.jpg?fit=284%2C177&amp;ssl=1\" data-large-file=\"https:\/\/i0.wp.com\/www.shqiperia.com\/blog\/wp-content\/uploads\/2020\/02\/download-1-3.jpg?fit=284%2C177&amp;ssl=1\" class=\"alignnone  wp-image-31706\" alt=\"\" src=\"https:\/\/i0.wp.com\/www.shqiperia.com\/blog\/wp-content\/uploads\/2020\/02\/download-1-3.jpg?resize=622%2C390&#038;ssl=1\" width=\"622\" height=\"390\" \/><\/p>\n<p>Ata besojn\u00eb se breshkat gjigante jetonin n\u00eb fund t\u00eb liqeneve dhe lumenjve, s\u00eb bashku me krokodilat gjigant\u00eb dhe ushqeheshin me kafsh\u00eb, bim\u00eb, fruta dhe far\u00ebra m\u00eb t\u00eb vogla.<\/p>\n<p>Studiuesit thon\u00eb se madh\u00ebsia e kafsh\u00ebs ishte e r\u00ebnd\u00ebsishme p\u00ebr t\u2019u mbrojtur nga grabitqar\u00ebt.<\/p>\n<p><img data-recalc-dims=\"1\" loading=\"lazy\" decoding=\"async\" data-attachment-id=\"31704\" data-permalink=\"https:\/\/www.shqiperia.com\/blog\/zbulohen-fosilet-e-breshkes-gjigante-sa-nje-automobil\/download-60\/\" data-orig-file=\"https:\/\/i0.wp.com\/www.shqiperia.com\/blog\/wp-content\/uploads\/2020\/02\/download-8.jpg?fit=299%2C168&amp;ssl=1\" data-orig-size=\"299,168\" data-comments-opened=\"1\" data-image-meta=\"{&quot;aperture&quot;:&quot;0&quot;,&quot;credit&quot;:&quot;&quot;,&quot;camera&quot;:&quot;&quot;,&quot;caption&quot;:&quot;&quot;,&quot;created_timestamp&quot;:&quot;0&quot;,&quot;copyright&quot;:&quot;&quot;,&quot;focal_length&quot;:&quot;0&quot;,&quot;iso&quot;:&quot;0&quot;,&quot;shutter_speed&quot;:&quot;0&quot;,&quot;title&quot;:&quot;&quot;,&quot;orientation&quot;:&quot;0&quot;}\" data-image-title=\"download\" data-image-description=\"\" data-image-caption=\"\" data-medium-file=\"https:\/\/i0.wp.com\/www.shqiperia.com\/blog\/wp-content\/uploads\/2020\/02\/download-8.jpg?fit=299%2C168&amp;ssl=1\" data-large-file=\"https:\/\/i0.wp.com\/www.shqiperia.com\/blog\/wp-content\/uploads\/2020\/02\/download-8.jpg?fit=299%2C168&amp;ssl=1\" class=\"alignnone  wp-image-31704\" alt=\"\" src=\"https:\/\/i0.wp.com\/www.shqiperia.com\/blog\/wp-content\/uploads\/2020\/02\/download-8.jpg?resize=790%2C444&#038;ssl=1\" width=\"790\" height=\"444\" \/><\/p>\n<p>BallkanWeb<\/p>\n","protected":false},"excerpt":{"rendered":"<p>Zbulohen fosilet e breshk\u00ebs gjigante sa nj\u00eb automobil. Fosilet e nj\u00eb breshke gjigante me p\u00ebrmasat e nj\u00eb automobili jan\u00eb gjetur n\u00eb Amerik\u00ebn Jugore. Fosilet e breshk\u00ebs, t\u00eb quajtur \u201cStupendemys geographicus\u201d, q\u00eb besohet t\u00eb ken\u00eb jetuar midis 7 deri 13 milion\u00eb vite m\u00eb par\u00eb, u gjet\u00ebn n\u00eb shkret\u00ebtir\u00ebn Tatacoa t\u00eb Kolumbis\u00eb dhe rajonin Urumaco t\u00eb Venezuel\u00ebs, [&hellip;]<\/p>\n","protected":false},"author":9,"featured_media":31704,"comment_status":"open","ping_status":"open","sticky":false,"template":"","format":"standard","meta":{"jetpack_post_was_ever_published":false,"_jetpack_newsletter_access":"","_jetpack_dont_email_post_to_subs":false,"_jetpack_newsletter_tier_id":0,"_jetpack_memberships_contains_paywalled_content":false,"_jetpack_memberships_contains_paid_content":false,"footnotes":"","jetpack_publicize_message":"","jetpack_publicize_feature_enabled":true,"jetpack_social_post_already_shared":true,"jetpack_social_options":{"image_generator_settings":{"template":"highway","default_image_id":0,"font":"","enabled":false},"version":2}},"categories":[27,1],"tags":[],"class_list":["post-31703","post","type-post","status-publish","format-standard","has-post-thumbnail","hentry","category-blogu-i-udhetarit","category-njoftime-shtypi"],"jetpack_publicize_connections":[],"jetpack_featured_media_url":"https:\/\/i0.wp.com\/www.shqiperia.com\/blog\/wp-content\/uploads\/2020\/02\/download-8.jpg?fit=299%2C168&ssl=1","jetpack_sharing_enabled":true,"jetpack_shortlink":"https:\/\/wp.me\/p5Z6wp-8fl","jetpack-related-posts":[{"id":103912,"url":"https:\/\/www.shqiperia.com\/blog\/u-perhapen-si-re-gjigante-miliona-karkaleca-pushtojne-qytetin-ne-dagestan\/","url_meta":{"origin":31703,"position":0},"title":"U p\u00ebrhap\u00ebn si re gjigante, miliona karkaleca \u201cpushtojn\u00eb\u201d qytetin n\u00eb Dagestan","author":"Kurt Farka","date":"August 6, 2026","format":false,"excerpt":"6 Gusht 2026 Miliona karkaleca kan\u00eb pushtuar rajonin Kizlyar t\u00eb Dagestanit, n\u00eb jug t\u00eb Rusis\u00eb, duke krijuar nj\u00eb pamje t\u00eb pazakont\u00eb q\u00eb ka habitur banor\u00ebt vendas. Sipas pamjeve t\u00eb regjistruara, insektet kan\u00eb mbushur hap\u00ebsir\u00ebn ajrore n\u00eb nj\u00eb num\u00ebr t\u00eb madh, duke formuar at\u00eb q\u00eb dukej si nj\u00eb \u201cre\u201d gjigante mbi\u2026","rel":"","context":"In &quot;Blogu i Udh\u00ebtarit&quot;","block_context":{"text":"Blogu i Udh\u00ebtarit","link":"https:\/\/www.shqiperia.com\/blog\/category\/blogu-i-udhetarit\/"},"img":{"alt_text":"","src":"https:\/\/i0.wp.com\/www.shqiperia.com\/blog\/wp-content\/uploads\/2026\/08\/640-0-3f743c81341fc4513376004e70354f75.jpg?fit=640%2C360&ssl=1&resize=350%2C200","width":350,"height":200,"srcset":"https:\/\/i0.wp.com\/www.shqiperia.com\/blog\/wp-content\/uploads\/2026\/08\/640-0-3f743c81341fc4513376004e70354f75.jpg?fit=640%2C360&ssl=1&resize=350%2C200 1x, https:\/\/i0.wp.com\/www.shqiperia.com\/blog\/wp-content\/uploads\/2026\/08\/640-0-3f743c81341fc4513376004e70354f75.jpg?fit=640%2C360&ssl=1&resize=525%2C300 1.5x"},"classes":[]},{"id":105256,"url":"https:\/\/www.shqiperia.com\/blog\/pas-96-vitesh-arkeologet-gjeten-pjesen-qe-mungonte-e-statujes-gjigante-te-ramsesit-ii\/","url_meta":{"origin":31703,"position":1},"title":"Pas 96 vitesh, arkeolog\u00ebt gjet\u00ebn pjes\u00ebn q\u00eb mungonte e statuj\u00ebs gjigante t\u00eb Ramsesit II","author":"Kurt Farka","date":"August 26, 2026","format":false,"excerpt":"26 Gusht 2026 P\u00ebr gati nj\u00eb shekull, nj\u00eb statuj\u00eb kolosale e faraonit egjiptian Ramses II kishte mbetur e paplot\u00eb. N\u00eb vitin 1930, arkeologu gjerman G\u00fcnther Roeder zbuloi pjes\u00ebn e poshtme t\u00eb nj\u00eb statuje rreth 23 k\u00ebmb\u00eb t\u00eb lart\u00eb pran\u00eb El Ashmunein n\u00eb Egjipt. Pjesa e sip\u00ebrme mbeti e humbur p\u00ebr\u2026","rel":"","context":"In &quot;Arte&quot;","block_context":{"text":"Arte","link":"https:\/\/www.shqiperia.com\/blog\/category\/arte\/"},"img":{"alt_text":"","src":"https:\/\/i0.wp.com\/www.shqiperia.com\/blog\/wp-content\/uploads\/2026\/08\/ramses_ii-1024x822-1.jpg?fit=1024%2C822&ssl=1&resize=350%2C200","width":350,"height":200,"srcset":"https:\/\/i0.wp.com\/www.shqiperia.com\/blog\/wp-content\/uploads\/2026\/08\/ramses_ii-1024x822-1.jpg?fit=1024%2C822&ssl=1&resize=350%2C200 1x, https:\/\/i0.wp.com\/www.shqiperia.com\/blog\/wp-content\/uploads\/2026\/08\/ramses_ii-1024x822-1.jpg?fit=1024%2C822&ssl=1&resize=525%2C300 1.5x, https:\/\/i0.wp.com\/www.shqiperia.com\/blog\/wp-content\/uploads\/2026\/08\/ramses_ii-1024x822-1.jpg?fit=1024%2C822&ssl=1&resize=700%2C400 2x"},"classes":[]},{"id":103751,"url":"https:\/\/www.shqiperia.com\/blog\/nje-vorbulle-gjigante-jeshile-rrotullohet-ne-liqenin-e-shkodres\/","url_meta":{"origin":31703,"position":2},"title":"Nj\u00eb vorbull\u00eb gjigante jeshile rrotullohet n\u00eb liqenin e Shkodr\u00ebs","author":"Kurt Farka","date":"August 4, 2026","format":false,"excerpt":"4 Gusht 2026 Fotoja e nj\u00eb astronauti nga viti 2020 tregon nj\u00eb vorbull t\u00eb madhe, jeshile t\u00eb hapur n\u00eb liqenin e Shkodr\u00ebs. Kjo foto mbres\u00ebl\u00ebn\u00ebse tregon nj\u00eb re sedimentesh q\u00eb rrotullohen duke formuar nj\u00eb vorbull t\u00eb madhe n\u00eb nj\u00eb nga liqenet m\u00eb t\u00eb m\u00ebdhenj t\u00eb Europ\u00ebs. Liqeni i Shkodr\u00ebs \u00ebsht\u00eb\u2026","rel":"","context":"In &quot;Blogu i Udh\u00ebtarit&quot;","block_context":{"text":"Blogu i Udh\u00ebtarit","link":"https:\/\/www.shqiperia.com\/blog\/category\/blogu-i-udhetarit\/"},"img":{"alt_text":"","src":"https:\/\/i0.wp.com\/www.shqiperia.com\/blog\/wp-content\/uploads\/2026\/08\/auto_Ms8Uoi2GdfsT4KxfAnocbi-1024-80.jpg1785157537.webp?fit=1024%2C576&ssl=1&resize=350%2C200","width":350,"height":200,"srcset":"https:\/\/i0.wp.com\/www.shqiperia.com\/blog\/wp-content\/uploads\/2026\/08\/auto_Ms8Uoi2GdfsT4KxfAnocbi-1024-80.jpg1785157537.webp?fit=1024%2C576&ssl=1&resize=350%2C200 1x, https:\/\/i0.wp.com\/www.shqiperia.com\/blog\/wp-content\/uploads\/2026\/08\/auto_Ms8Uoi2GdfsT4KxfAnocbi-1024-80.jpg1785157537.webp?fit=1024%2C576&ssl=1&resize=525%2C300 1.5x, https:\/\/i0.wp.com\/www.shqiperia.com\/blog\/wp-content\/uploads\/2026\/08\/auto_Ms8Uoi2GdfsT4KxfAnocbi-1024-80.jpg1785157537.webp?fit=1024%2C576&ssl=1&resize=700%2C400 2x"},"classes":[]},{"id":105401,"url":"https:\/\/www.shqiperia.com\/blog\/pamjet-satelitore-zbulojne-permasat-e-shembjes-se-akullnajes-qe-dyshohet-se-shkaktoi-permbytjet-katastrofike-ne-nepal\/","url_meta":{"origin":31703,"position":3},"title":"Pamjet satelitore zbulojn\u00eb p\u00ebrmasat e shembjes s\u00eb akullnaj\u00ebs q\u00eb dyshohet se shkaktoi p\u00ebrmbytjet katastrofike n\u00eb Nepal","author":"Kurt Farka","date":"August 28, 2026","format":false,"excerpt":"28 Gusht 2026 Pamjet e fundit satelitore kan\u00eb zbuluar p\u00ebrmasat e m\u00ebdha t\u00eb shembjes s\u00eb nj\u00eb akullnaje n\u00eb Himalaje, e cila dyshohet se mund t\u00eb ket\u00eb shkaktuar p\u00ebrmbytjet katastrofike n\u00eb Nepal. Sensor\u00ebt sizmik\u00eb n\u00eb Katmandu regjistruan nj\u00eb dridhje q\u00eb zgjati disa minuta, nd\u00ebrsa t\u00eb dh\u00ebnat satelitore sugjerojn\u00eb se l\u00ebkundja mund\u2026","rel":"","context":"In &quot;Blogu i Udh\u00ebtarit&quot;","block_context":{"text":"Blogu i Udh\u00ebtarit","link":"https:\/\/www.shqiperia.com\/blog\/category\/blogu-i-udhetarit\/"},"img":{"alt_text":"","src":"https:\/\/i0.wp.com\/www.shqiperia.com\/blog\/wp-content\/uploads\/2026\/08\/640-0-screenshot-2026-08-27-211108-1787857888.png?fit=640%2C373&ssl=1&resize=350%2C200","width":350,"height":200,"srcset":"https:\/\/i0.wp.com\/www.shqiperia.com\/blog\/wp-content\/uploads\/2026\/08\/640-0-screenshot-2026-08-27-211108-1787857888.png?fit=640%2C373&ssl=1&resize=350%2C200 1x, https:\/\/i0.wp.com\/www.shqiperia.com\/blog\/wp-content\/uploads\/2026\/08\/640-0-screenshot-2026-08-27-211108-1787857888.png?fit=640%2C373&ssl=1&resize=525%2C300 1.5x"},"classes":[]},{"id":93324,"url":"https:\/\/www.shqiperia.com\/blog\/zbulohen-na-marok-fosilet-e-nje-dinosauri-te-rralle-i-cili-kishte-gjemba-nje-meter-te-gjate-qe-dilnin-nga-qafa-e-tij\/","url_meta":{"origin":31703,"position":4},"title":"Zbulohen na Marok fosilet e nj\u00eb dinosauri t\u00eb rrall\u00eb, i cili kishte gjemba nj\u00eb met\u00ebr t\u00eb gjat\u00eb q\u00eb dilnin nga qafa e tij.","author":"Kurt Farka","date":"August 28, 2025","format":false,"excerpt":"28 Gusht 2025 Shkenc\u00ebtar\u00ebt kan\u00eb zbuluar n\u00eb Marok, fosilet e nj\u00eb dinosauri t\u00eb rrall\u00eb, i cili kishte gjemba nj\u00eb met\u00ebr t\u00eb gjat\u00eb q\u00eb dilnin nga qafa e tij. Studiesit me humor e kan\u00eb cil\u00ebsuar si \u201cPunk Rroker\u201d t\u00eb periudh\u00ebs xhurasike Shkenc\u00ebtar\u00ebt zbuluan nj\u00eb dinozaur t\u00eb ve\u00e7ant\u00eb n\u00eb Marok, me thumba\u2026","rel":"","context":"In &quot;Blogu i Udh\u00ebtarit&quot;","block_context":{"text":"Blogu i Udh\u00ebtarit","link":"https:\/\/www.shqiperia.com\/blog\/category\/blogu-i-udhetarit\/"},"img":{"alt_text":"","src":"https:\/\/i0.wp.com\/www.shqiperia.com\/blog\/wp-content\/uploads\/2025\/08\/640-0-spicomellus-1756384721.jpg?fit=640%2C360&ssl=1&resize=350%2C200","width":350,"height":200,"srcset":"https:\/\/i0.wp.com\/www.shqiperia.com\/blog\/wp-content\/uploads\/2025\/08\/640-0-spicomellus-1756384721.jpg?fit=640%2C360&ssl=1&resize=350%2C200 1x, https:\/\/i0.wp.com\/www.shqiperia.com\/blog\/wp-content\/uploads\/2025\/08\/640-0-spicomellus-1756384721.jpg?fit=640%2C360&ssl=1&resize=525%2C300 1.5x"},"classes":[]},{"id":100494,"url":"https:\/\/www.shqiperia.com\/blog\/zbulohen-gjurmet-e-nje-galaktike-te-lashte\/","url_meta":{"origin":31703,"position":5},"title":"Zbulohen gjurm\u00ebt e nj\u00eb galaktike t\u00eb lasht\u00eb","author":"Kurt Farka","date":"May 20, 2026","format":false,"excerpt":"20 Maji 2026 Vrojtohen ajo \u00e7ka ngelur nga nj\u00eb galaktik\u00eb e antike e g\u00eblltitur nga Rruga e Qum\u00ebshtit, galaktika pjes\u00eb e s\u00eb cil\u00ebs jemi ne. Ngjarja kozmike \u00ebsht\u00eb verfikiuar 10 miliard vite m\u00eb par\u00eb, kur universi ishte ende i ri, n\u00eb rreth 4 mld vitet e para t\u00eb jet\u00ebs. Galaktika\u2026","rel":"","context":"In &quot;Blogu i Udh\u00ebtarit&quot;","block_context":{"text":"Blogu i Udh\u00ebtarit","link":"https:\/\/www.shqiperia.com\/blog\/category\/blogu-i-udhetarit\/"},"img":{"alt_text":"","src":"https:\/\/i0.wp.com\/www.shqiperia.com\/blog\/wp-content\/uploads\/2026\/05\/galaksia-loki-1024x683-1.jpg?fit=1024%2C683&ssl=1&resize=350%2C200","width":350,"height":200,"srcset":"https:\/\/i0.wp.com\/www.shqiperia.com\/blog\/wp-content\/uploads\/2026\/05\/galaksia-loki-1024x683-1.jpg?fit=1024%2C683&ssl=1&resize=350%2C200 1x, https:\/\/i0.wp.com\/www.shqiperia.com\/blog\/wp-content\/uploads\/2026\/05\/galaksia-loki-1024x683-1.jpg?fit=1024%2C683&ssl=1&resize=525%2C300 1.5x, https:\/\/i0.wp.com\/www.shqiperia.com\/blog\/wp-content\/uploads\/2026\/05\/galaksia-loki-1024x683-1.jpg?fit=1024%2C683&ssl=1&resize=700%2C400 2x"},"classes":[]}],"_links":{"self":[{"href":"https:\/\/www.shqiperia.com\/blog\/wp-json\/wp\/v2\/posts\/31703","targetHints":{"allow":["GET"]}}],"collection":[{"href":"https:\/\/www.shqiperia.com\/blog\/wp-json\/wp\/v2\/posts"}],"about":[{"href":"https:\/\/www.shqiperia.com\/blog\/wp-json\/wp\/v2\/types\/post"}],"author":[{"embeddable":true,"href":"https:\/\/www.shqiperia.com\/blog\/wp-json\/wp\/v2\/users\/9"}],"replies":[{"embeddable":true,"href":"https:\/\/www.shqiperia.com\/blog\/wp-json\/wp\/v2\/comments?post=31703"}],"version-history":[{"count":1,"href":"https:\/\/www.shqiperia.com\/blog\/wp-json\/wp\/v2\/posts\/31703\/revisions"}],"predecessor-version":[{"id":31707,"href":"https:\/\/www.shqiperia.com\/blog\/wp-json\/wp\/v2\/posts\/31703\/revisions\/31707"}],"wp:featuredmedia":[{"embeddable":true,"href":"https:\/\/www.shqiperia.com\/blog\/wp-json\/wp\/v2\/media\/31704"}],"wp:attachment":[{"href":"https:\/\/www.shqiperia.com\/blog\/wp-json\/wp\/v2\/media?parent=31703"}],"wp:term":[{"taxonomy":"category","embeddable":true,"href":"https:\/\/www.shqiperia.com\/blog\/wp-json\/wp\/v2\/categories?post=31703"},{"taxonomy":"post_tag","embeddable":true,"href":"https:\/\/www.shqiperia.com\/blog\/wp-json\/wp\/v2\/tags?post=31703"}],"curies":[{"name":"wp","href":"https:\/\/api.w.org\/{rel}","templated":true}]}}