{"id":31700,"date":"2020-02-22T09:12:19","date_gmt":"2020-02-22T09:12:19","guid":{"rendered":"https:\/\/www.shqiperia.com\/blog\/?p=31700"},"modified":"2020-02-22T09:12:19","modified_gmt":"2020-02-22T09:12:19","slug":"coloseumi-i-romes-10-kuriozitete-per-monumentin-e-famshem","status":"publish","type":"post","link":"https:\/\/www.shqiperia.com\/blog\/coloseumi-i-romes-10-kuriozitete-per-monumentin-e-famshem\/","title":{"rendered":"Coloseumi i Rom\u00ebs, 10 kuriozitete p\u00ebr monumentin e famsh\u00ebm"},"content":{"rendered":"<p><img data-recalc-dims=\"1\" loading=\"lazy\" decoding=\"async\" data-attachment-id=\"31701\" data-permalink=\"https:\/\/www.shqiperia.com\/blog\/coloseumi-i-romes-10-kuriozitete-per-monumentin-e-famshem\/koloseu-rome\/\" data-orig-file=\"https:\/\/i0.wp.com\/www.shqiperia.com\/blog\/wp-content\/uploads\/2020\/02\/Koloseu-Rome.jpg?fit=905%2C450&amp;ssl=1\" data-orig-size=\"905,450\" data-comments-opened=\"1\" data-image-meta=\"{&quot;aperture&quot;:&quot;0&quot;,&quot;credit&quot;:&quot;&quot;,&quot;camera&quot;:&quot;&quot;,&quot;caption&quot;:&quot;&quot;,&quot;created_timestamp&quot;:&quot;0&quot;,&quot;copyright&quot;:&quot;&quot;,&quot;focal_length&quot;:&quot;0&quot;,&quot;iso&quot;:&quot;0&quot;,&quot;shutter_speed&quot;:&quot;0&quot;,&quot;title&quot;:&quot;&quot;,&quot;orientation&quot;:&quot;0&quot;}\" data-image-title=\"Koloseu Rome\" data-image-description=\"\" data-image-caption=\"\" data-medium-file=\"https:\/\/i0.wp.com\/www.shqiperia.com\/blog\/wp-content\/uploads\/2020\/02\/Koloseu-Rome.jpg?fit=300%2C149&amp;ssl=1\" data-large-file=\"https:\/\/i0.wp.com\/www.shqiperia.com\/blog\/wp-content\/uploads\/2020\/02\/Koloseu-Rome.jpg?fit=905%2C450&amp;ssl=1\" class=\"alignnone  wp-image-31701\" alt=\"\" src=\"https:\/\/i0.wp.com\/www.shqiperia.com\/blog\/wp-content\/uploads\/2020\/02\/Koloseu-Rome.jpg?resize=681%2C338&#038;ssl=1\" width=\"681\" height=\"338\" srcset=\"https:\/\/i0.wp.com\/www.shqiperia.com\/blog\/wp-content\/uploads\/2020\/02\/Koloseu-Rome.jpg?resize=300%2C149&amp;ssl=1 300w, https:\/\/i0.wp.com\/www.shqiperia.com\/blog\/wp-content\/uploads\/2020\/02\/Koloseu-Rome.jpg?resize=768%2C382&amp;ssl=1 768w, https:\/\/i0.wp.com\/www.shqiperia.com\/blog\/wp-content\/uploads\/2020\/02\/Koloseu-Rome.jpg?resize=450%2C224&amp;ssl=1 450w, https:\/\/i0.wp.com\/www.shqiperia.com\/blog\/wp-content\/uploads\/2020\/02\/Koloseu-Rome.jpg?resize=600%2C298&amp;ssl=1 600w, https:\/\/i0.wp.com\/www.shqiperia.com\/blog\/wp-content\/uploads\/2020\/02\/Koloseu-Rome.jpg?resize=400%2C199&amp;ssl=1 400w, https:\/\/i0.wp.com\/www.shqiperia.com\/blog\/wp-content\/uploads\/2020\/02\/Koloseu-Rome.jpg?w=905&amp;ssl=1 905w\" sizes=\"auto, (max-width: 681px) 100vw, 681px\" \/><\/p>\n<p><strong>Coloseumi i Rom\u00ebs, 10 kuriozitete p\u00ebr monumentin e famsh\u00ebm<\/strong><\/p>\n<p>Coloseum-i \u00ebsht\u00eb monumenti me i famsh\u00ebm n\u00eb Itali dhe nj\u00eb nga m\u00eb t\u00eb famshmet n\u00eb t\u00eb gjith\u00eb bot\u00ebn.<\/p>\n<ol>\n<li>Amfiteatri gjigand \u00ebsht\u00eb nd\u00ebrtuar p\u00ebrgjat\u00eb viteve 75 deri 80 Para Krishtit. P\u00ebr perimetrin e jasht\u00ebm te tij jan\u00eb p\u00ebrdorur me shume se 100 mije metra kub arkitrar\u00eb. Ai \u00ebsht\u00eb 189 metra i gjate, 156 i gjere dhe 48 metra i larte. Ai kishte nj\u00eb kapacitet nga 50 mije deri ne 70 mije qe uleshin ne nj\u00eb sip\u00ebrfaqe te p\u00ebrgjithshme prej 24 mije metra katrore. Arena kishte nj\u00eb forme eliptike dhe kishte 80 hyrje dhe me shume gjasa, dyshemen\u00eb prej druri<\/li>\n<li>Nj\u00eb dite n\u00eb k\u00ebt\u00eb amfiteat\u00ebr kishte nj\u00eb axhend\u00eb te p\u00ebrcaktuar. Fillimisht gladiator\u00ebve u shtrohej nj\u00eb darke publike dhe te nes\u00ebrmen ne m\u00ebngjes ata sfilonin n\u00eb aren\u00eb me arme dhe veshje parakalimi. Pas k\u00ebsaj fillonin duelet mes kafsh\u00ebve, ose mes kafsh\u00ebve dhe gladiator\u00ebve. Ne dreke kishte ekzekutime t\u00eb t\u00eb d\u00ebnuarve me vdekje, nd\u00ebrsa duelet mes gladiator\u00ebve fillonin pas dreke.<\/li>\n<li>Ne lidhje me emrin e tij ka disa legjenda. Fillimisht ai quhej Anfiteatro Flavio, pasi \u00ebsht\u00eb nd\u00ebrtuar ne kohen e mbret\u00ebrimit te dinastis\u00eb Flavia. Nj\u00eb tjet\u00ebr thot\u00eb se Coloseum \u00ebsht\u00eb quajtur k\u00ebshtu pasi \u00ebsht\u00eb nd\u00ebrtuar pran\u00eb statuj\u00ebs se \u201ccolosit\u201d Neron. Nj\u00eb tjet\u00ebr hipoteze ka lidhje me nderimin qe kishin njer\u00ebzit e asaj kohe p\u00ebr demon\u00ebt, kur ceremonit\u00eb e organizuara nga prift\u00ebrinjt\u00eb p\u00ebrfundoni me shprehjen Colis Eum, Adhurim atij.<\/li>\n<li>Mendohet se Coloseum-i kishte edhe nj\u00eb tende te madhe dielli. Ajo ishte e formuar nga 80 pjes\u00eb q\u00eb lidheshin mes tyre dhe konstruksionin mbajt\u00ebs me 320 litar\u00eb t\u00eb fuqish\u00ebm.<\/li>\n<li>Coloseum-i \u00ebsht\u00eb vendi i pare qe ka p\u00ebrdorur ashensor q\u00eb nevojiteshin p\u00ebr te sjelle n\u00eb aren\u00eb kafsh\u00ebt e egra dhe gladiator\u00ebt nga korridoret n\u00ebntok\u00ebsore, duke i dh\u00ebn\u00eb edhe m\u00eb shum\u00eb spektakolaritet pasi dukeshin sikur mbinin nga toka.<\/li>\n<li>Gjat\u00eb periudh\u00ebs s\u00eb abandonimit t\u00eb tij, me materiale te marra nga konstruksioni i tij jan\u00eb nd\u00ebrtuar dhe veshur shume godina te tjera historike ne Rome, sikurse bazilikat e Sh\u00ebn Pjetrit dhe Palazzo Barberini. Ai \u00ebsht\u00eb d\u00ebmtuar nga t\u00ebrmete, sikurse ai i vitit 851, por edhe nga disa nd\u00ebrtime abuzive ne brend\u00ebsi te tij.<\/li>\n<li>Arena e tij \u00ebsht\u00eb p\u00ebrdorur edhe si pishine gjigande ku inskenoheshin beteja detare mes gladiator\u00ebve.<\/li>\n<li>N\u00eb koh\u00ebn e gladiator\u00ebve, Coloseum-i fitoi nj\u00eb reputacion t\u00eb keq, duke u konsideruar si porta e shtat\u00eb e ferrit.<\/li>\n<li>Flora e Coloseum-it \u00ebsht\u00eb e shum\u00eb lloj\u00ebshme dhe aty jan\u00eb evidentuar madje edhe bime ekzotike, rritja e te cil\u00ebve \u00ebsht\u00eb favorizuar nga mikroklima e amfiteatrit.<\/li>\n<li>Arena e Coloseumit \u00ebsht\u00eb p\u00ebrdorur edhe n\u00eb shume filma, por ai q\u00eb i ka dh\u00ebn\u00eb nj\u00ebkoh\u00ebsisht fame n\u00eb t\u00eb gjith\u00eb boten nuk \u00ebsht\u00eb xhiruar aty, por n\u00eb nj\u00eb amfiteat\u00ebr tjet\u00ebr n\u00eb Tunisi, El Djem si dhe ne nj\u00eb tjet\u00ebr amfiteat\u00ebr i nd\u00ebrtuar enkas p\u00ebr filmin.<\/li>\n<\/ol>\n<p><em>v.l\/ Dita<\/em><\/p>\n","protected":false},"excerpt":{"rendered":"<p>Coloseumi i Rom\u00ebs, 10 kuriozitete p\u00ebr monumentin e famsh\u00ebm Coloseum-i \u00ebsht\u00eb monumenti me i famsh\u00ebm n\u00eb Itali dhe nj\u00eb nga m\u00eb t\u00eb famshmet n\u00eb t\u00eb gjith\u00eb bot\u00ebn. Amfiteatri gjigand \u00ebsht\u00eb nd\u00ebrtuar p\u00ebrgjat\u00eb viteve 75 deri 80 Para Krishtit. P\u00ebr perimetrin e jasht\u00ebm te tij jan\u00eb p\u00ebrdorur me shume se 100 mije metra kub arkitrar\u00eb. Ai [&hellip;]<\/p>\n","protected":false},"author":9,"featured_media":31701,"comment_status":"open","ping_status":"open","sticky":false,"template":"","format":"standard","meta":{"jetpack_post_was_ever_published":false,"_jetpack_newsletter_access":"","_jetpack_dont_email_post_to_subs":false,"_jetpack_newsletter_tier_id":0,"_jetpack_memberships_contains_paywalled_content":false,"_jetpack_memberships_contains_paid_content":false,"footnotes":"","jetpack_publicize_message":"","jetpack_publicize_feature_enabled":true,"jetpack_social_post_already_shared":true,"jetpack_social_options":{"image_generator_settings":{"template":"highway","default_image_id":0,"font":"","enabled":false},"version":2}},"categories":[27,86],"tags":[],"class_list":["post-31700","post","type-post","status-publish","format-standard","has-post-thumbnail","hentry","category-blogu-i-udhetarit","category-trashegimi-kulturore"],"jetpack_publicize_connections":[],"jetpack_featured_media_url":"https:\/\/i0.wp.com\/www.shqiperia.com\/blog\/wp-content\/uploads\/2020\/02\/Koloseu-Rome.jpg?fit=905%2C450&ssl=1","jetpack_sharing_enabled":true,"jetpack_shortlink":"https:\/\/wp.me\/p5Z6wp-8fi","jetpack-related-posts":[{"id":100579,"url":"https:\/\/www.shqiperia.com\/blog\/kuriozitet-ankand-rekord-ne-paris-segment-origjinal-i-kulles-eiffel-shkon-per-qindra-mijera-euro\/","url_meta":{"origin":31700,"position":0},"title":"Kuriozitet: &#8211; Ankand rekord n\u00eb Paris\/ Segment origjinal i Kull\u00ebs Eiffel shkon p\u00ebr qindra mij\u00ebra euro","author":"Kurt Farka","date":"May 22, 2026","format":false,"excerpt":"22 Maji 2026 Nj\u00eb pjes\u00eb origjinale e shkall\u00ebve t\u00eb Kull\u00ebs Eiffel n\u00eb Paris \u00ebsht\u00eb shitur n\u00eb ankand p\u00ebr 450 mij\u00eb e 160 euro, sipas Sht\u00ebpis\u00eb Franceze t\u00eb Ankandeve Artcurial. Segmenti i shkall\u00ebs ka nj\u00eb lart\u00ebsi prej 2.75 metrash dhe vjen nga shkalla spirale historike e \u201cZonj\u00ebs s\u00eb Hekurt\u201d, e nd\u00ebrtuar\u2026","rel":"","context":"In &quot;Histori&quot;","block_context":{"text":"Histori","link":"https:\/\/www.shqiperia.com\/blog\/category\/histori\/"},"img":{"alt_text":"","src":"https:\/\/i0.wp.com\/www.shqiperia.com\/blog\/wp-content\/uploads\/2026\/05\/640-0-fkjpg-1779385237.jpg?fit=640%2C381&ssl=1&resize=350%2C200","width":350,"height":200,"srcset":"https:\/\/i0.wp.com\/www.shqiperia.com\/blog\/wp-content\/uploads\/2026\/05\/640-0-fkjpg-1779385237.jpg?fit=640%2C381&ssl=1&resize=350%2C200 1x, https:\/\/i0.wp.com\/www.shqiperia.com\/blog\/wp-content\/uploads\/2026\/05\/640-0-fkjpg-1779385237.jpg?fit=640%2C381&ssl=1&resize=525%2C300 1.5x"},"classes":[]},{"id":102272,"url":"https:\/\/www.shqiperia.com\/blog\/the-albanian-files-edi-rama-tirana-eshte-kthyer-ne-nje-laborator-agresiv-ndertimi\/","url_meta":{"origin":31700,"position":1},"title":"\u201cThe Albanian Files\u201d, Edi Rama &#8211; Tirana \u00ebsht\u00eb kthyer n\u00eb nj\u00eb laborator agresiv nd\u00ebrtimi","author":"Kurt Farka","date":"July 6, 2026","format":false,"excerpt":"6 Korrik 2026 I prezantuar si nj\u00eb album i transformimit arkitekturor t\u00eb Shqip\u00ebris\u00eb, libri \u201cThe Albanian Files\u201d hedh drit\u00eb mbi rolin e kryeministrit Edi Rama dhe vart\u00ebsve t\u00eb tij n\u00eb p\u00ebrzgjedhjen e arkitekt\u00ebve me fam\u00eb bot\u00ebrore p\u00ebr projektet private t\u00eb kullave n\u00eb Tiran\u00eb dhe resorteve n\u00eb bregdet. N\u00eb or\u00ebn 10\u2026","rel":"","context":"In &quot;Blogu i Udh\u00ebtarit&quot;","block_context":{"text":"Blogu i Udh\u00ebtarit","link":"https:\/\/www.shqiperia.com\/blog\/category\/blogu-i-udhetarit\/"},"img":{"alt_text":"","src":"https:\/\/i0.wp.com\/www.shqiperia.com\/blog\/wp-content\/uploads\/2026\/07\/edi-rama-1140x570-1.jpeg?fit=1140%2C570&ssl=1&resize=350%2C200","width":350,"height":200,"srcset":"https:\/\/i0.wp.com\/www.shqiperia.com\/blog\/wp-content\/uploads\/2026\/07\/edi-rama-1140x570-1.jpeg?fit=1140%2C570&ssl=1&resize=350%2C200 1x, https:\/\/i0.wp.com\/www.shqiperia.com\/blog\/wp-content\/uploads\/2026\/07\/edi-rama-1140x570-1.jpeg?fit=1140%2C570&ssl=1&resize=525%2C300 1.5x, https:\/\/i0.wp.com\/www.shqiperia.com\/blog\/wp-content\/uploads\/2026\/07\/edi-rama-1140x570-1.jpeg?fit=1140%2C570&ssl=1&resize=700%2C400 2x, https:\/\/i0.wp.com\/www.shqiperia.com\/blog\/wp-content\/uploads\/2026\/07\/edi-rama-1140x570-1.jpeg?fit=1140%2C570&ssl=1&resize=1050%2C600 3x"},"classes":[]},{"id":105165,"url":"https:\/\/www.shqiperia.com\/blog\/plani-sekret-i-rames-gati-shtetesia-shqiptare-per-100-mije-cifute-kryeministri-kerkon-te-perserise-gazen-ne-shqiperi-thellohet-skenari-per-shkombetarizimin-e-vendit\/","url_meta":{"origin":31700,"position":2},"title":"Plani sekret i Ram\u00ebs, gati shtet\u00ebsia shqiptare p\u00ebr 100 mij\u00eb \u00e7ifut\u00eb, kryeministri k\u00ebrkon t\u00eb p\u00ebrs\u00ebris\u00eb Gaz\u00ebn n\u00eb Shqip\u00ebri, thellohet skenari p\u00ebr shkomb\u00ebtarizimin e vendit","author":"Kurt Farka","date":"August 25, 2026","format":false,"excerpt":"26 Gusht 2026 Nga Gazeta Sot Kryeministri Edi Rama, pasi p\u00ebrzuri rreth 1 milion shqiptar\u00eb qysh kur ka ardhur n\u00eb pushtet n\u00eb vitin 2013 p\u00ebr shkak t\u00eb varf\u00ebris\u00eb, krimit, korrupsionit dhe keqqeverisjes, duket se ka menduar t'i z\u00ebvend\u00ebsoj\u00eb ata me 100 mij\u00eb hebrenj (\u00e7ifut\u00eb).Burimet thon\u00eb se Rama, si nj\u00eb fans\u2026","rel":"","context":"In &quot;Blogu i Udh\u00ebtarit&quot;","block_context":{"text":"Blogu i Udh\u00ebtarit","link":"https:\/\/www.shqiperia.com\/blog\/category\/blogu-i-udhetarit\/"},"img":{"alt_text":"","src":"https:\/\/i0.wp.com\/www.shqiperia.com\/blog\/wp-content\/uploads\/2026\/08\/ijjhhj-6a8c00a349936.jpg?fit=618%2C352&ssl=1&resize=350%2C200","width":350,"height":200,"srcset":"https:\/\/i0.wp.com\/www.shqiperia.com\/blog\/wp-content\/uploads\/2026\/08\/ijjhhj-6a8c00a349936.jpg?fit=618%2C352&ssl=1&resize=350%2C200 1x, https:\/\/i0.wp.com\/www.shqiperia.com\/blog\/wp-content\/uploads\/2026\/08\/ijjhhj-6a8c00a349936.jpg?fit=618%2C352&ssl=1&resize=525%2C300 1.5x"},"classes":[]},{"id":100619,"url":"https:\/\/www.shqiperia.com\/blog\/masakra-e-nikes-30-mije-huligane-te-vdekur-para-1-500-vitesh\/","url_meta":{"origin":31700,"position":3},"title":"Masakra e Nik\u00ebs: &#8211; 30 mij\u00eb huligan\u00eb t\u00eb vdekur\u2026 para 1.500 vitesh","author":"Kurt Farka","date":"May 24, 2026","format":false,"excerpt":"24 Maji 2026 Zakonisht themi se fenomeni ultras n\u00eb sport arrin kulmin n\u00eb futboll, por kjo nuk \u00ebsht\u00eb krejt\u00ebsisht e sakt\u00eb. Futbolli \u00ebsht\u00eb popullor jo vet\u00ebm p\u00ebr vlerat sportive, por sepse \u00ebsht\u00eb kthyer n\u00eb nj\u00eb fenomen shoq\u00ebror, duke zgjuar nj\u00eb nga ndjenjat m\u00eb bazike t\u00eb njeriut: ndjenj\u00ebn e p\u00ebrkat\u00ebsis\u00eb. Kur\u2026","rel":"","context":"In &quot;Histori&quot;","block_context":{"text":"Histori","link":"https:\/\/www.shqiperia.com\/blog\/category\/histori\/"},"img":{"alt_text":"","src":"https:\/\/i0.wp.com\/www.shqiperia.com\/blog\/wp-content\/uploads\/2026\/05\/auto_6a0df083917e01779529317.webp?fit=660%2C440&ssl=1&resize=350%2C200","width":350,"height":200,"srcset":"https:\/\/i0.wp.com\/www.shqiperia.com\/blog\/wp-content\/uploads\/2026\/05\/auto_6a0df083917e01779529317.webp?fit=660%2C440&ssl=1&resize=350%2C200 1x, https:\/\/i0.wp.com\/www.shqiperia.com\/blog\/wp-content\/uploads\/2026\/05\/auto_6a0df083917e01779529317.webp?fit=660%2C440&ssl=1&resize=525%2C300 1.5x"},"classes":[]},{"id":101969,"url":"https:\/\/www.shqiperia.com\/blog\/ne-shtet-privat-apo-institucione-nderkombetare-punet-qe-kishin-pagat-me-te-larta-ne-2025-n\/","url_meta":{"origin":31700,"position":4},"title":"N\u00eb shtet, privat, apo institucione nd\u00ebrkomb\u00ebtare; &#8211; Pun\u00ebt q\u00eb kishin pagat m\u00eb t\u00eb larta n\u00eb 2025-n","author":"Kurt Farka","date":"June 29, 2026","format":false,"excerpt":"29 Qershor 2026 Paga mesatare mujore bruto n\u00eb vend ishte 84 mij\u00eb lek\u00eb n\u00eb vitin 2025, nga 77.4 mij\u00eb lek\u00eb nj\u00eb vit m\u00eb par\u00eb. Diferencat e pagave jan\u00eb shum\u00eb t\u00eb larta dhe ato varen nga vendi i pun\u00ebs ku punoni. A e dini cilat jan\u00eb ato pun\u00eb ku pagat jan\u00eb\u2026","rel":"","context":"In &quot;Blogu i Udh\u00ebtarit&quot;","block_context":{"text":"Blogu i Udh\u00ebtarit","link":"https:\/\/www.shqiperia.com\/blog\/category\/blogu-i-udhetarit\/"},"img":{"alt_text":"","src":"https:\/\/i0.wp.com\/www.shqiperia.com\/blog\/wp-content\/uploads\/2026\/06\/PUNET-ME-TE-PAGUARA.jpg?fit=1000%2C563&ssl=1&resize=350%2C200","width":350,"height":200,"srcset":"https:\/\/i0.wp.com\/www.shqiperia.com\/blog\/wp-content\/uploads\/2026\/06\/PUNET-ME-TE-PAGUARA.jpg?fit=1000%2C563&ssl=1&resize=350%2C200 1x, https:\/\/i0.wp.com\/www.shqiperia.com\/blog\/wp-content\/uploads\/2026\/06\/PUNET-ME-TE-PAGUARA.jpg?fit=1000%2C563&ssl=1&resize=525%2C300 1.5x, https:\/\/i0.wp.com\/www.shqiperia.com\/blog\/wp-content\/uploads\/2026\/06\/PUNET-ME-TE-PAGUARA.jpg?fit=1000%2C563&ssl=1&resize=700%2C400 2x"},"classes":[]},{"id":105601,"url":"https:\/\/www.shqiperia.com\/blog\/vjedhja-e-kryevepres-se-rilindjes-nga-muzeu-sicilian-po-i-le-hetuesit-pa-fjale\/","url_meta":{"origin":31700,"position":5},"title":"Vjedhja e kryevepr\u00ebs s\u00eb Rilindjes nga muzeu si\u00e7ilian po i l\u00eb hetuesit pa fjal\u00eb","author":"Kurt Farka","date":"August 31, 2026","format":false,"excerpt":"31 Gusht 2026 Nj\u00eb grabitje po sfidon hetuesit n\u00eb Messina t\u00eb Si\u00e7ilis\u00eb. Hajdut\u00ebt arrit\u00ebn t\u00eb hynin n\u00eb muze, t\u00eb \u00e7montonin nj\u00eb prej kryeveprave m\u00eb t\u00eb r\u00ebnd\u00ebsishme t\u00eb Rilindjes italiane dhe t\u00eb largoheshin brenda pak minutash. Por m\u00eb pas b\u00ebn\u00eb di\u00e7ka q\u00eb askush nuk arrin ta shpjegoj\u00eb: lan\u00eb dy pjes\u00eb t\u00eb\u2026","rel":"","context":"In &quot;Arte&quot;","block_context":{"text":"Arte","link":"https:\/\/www.shqiperia.com\/blog\/category\/arte\/"},"img":{"alt_text":"","src":"https:\/\/i0.wp.com\/www.shqiperia.com\/blog\/wp-content\/uploads\/2026\/08\/640-0-screenshot-2026-08-30-180544-1788124377.png?fit=611%2C428&ssl=1&resize=350%2C200","width":350,"height":200,"srcset":"https:\/\/i0.wp.com\/www.shqiperia.com\/blog\/wp-content\/uploads\/2026\/08\/640-0-screenshot-2026-08-30-180544-1788124377.png?fit=611%2C428&ssl=1&resize=350%2C200 1x, https:\/\/i0.wp.com\/www.shqiperia.com\/blog\/wp-content\/uploads\/2026\/08\/640-0-screenshot-2026-08-30-180544-1788124377.png?fit=611%2C428&ssl=1&resize=525%2C300 1.5x"},"classes":[]}],"_links":{"self":[{"href":"https:\/\/www.shqiperia.com\/blog\/wp-json\/wp\/v2\/posts\/31700","targetHints":{"allow":["GET"]}}],"collection":[{"href":"https:\/\/www.shqiperia.com\/blog\/wp-json\/wp\/v2\/posts"}],"about":[{"href":"https:\/\/www.shqiperia.com\/blog\/wp-json\/wp\/v2\/types\/post"}],"author":[{"embeddable":true,"href":"https:\/\/www.shqiperia.com\/blog\/wp-json\/wp\/v2\/users\/9"}],"replies":[{"embeddable":true,"href":"https:\/\/www.shqiperia.com\/blog\/wp-json\/wp\/v2\/comments?post=31700"}],"version-history":[{"count":1,"href":"https:\/\/www.shqiperia.com\/blog\/wp-json\/wp\/v2\/posts\/31700\/revisions"}],"predecessor-version":[{"id":31702,"href":"https:\/\/www.shqiperia.com\/blog\/wp-json\/wp\/v2\/posts\/31700\/revisions\/31702"}],"wp:featuredmedia":[{"embeddable":true,"href":"https:\/\/www.shqiperia.com\/blog\/wp-json\/wp\/v2\/media\/31701"}],"wp:attachment":[{"href":"https:\/\/www.shqiperia.com\/blog\/wp-json\/wp\/v2\/media?parent=31700"}],"wp:term":[{"taxonomy":"category","embeddable":true,"href":"https:\/\/www.shqiperia.com\/blog\/wp-json\/wp\/v2\/categories?post=31700"},{"taxonomy":"post_tag","embeddable":true,"href":"https:\/\/www.shqiperia.com\/blog\/wp-json\/wp\/v2\/tags?post=31700"}],"curies":[{"name":"wp","href":"https:\/\/api.w.org\/{rel}","templated":true}]}}