{"id":31642,"date":"2020-02-21T06:04:17","date_gmt":"2020-02-21T06:04:17","guid":{"rendered":"https:\/\/www.shqiperia.com\/blog\/?p=31642"},"modified":"2020-02-21T06:04:17","modified_gmt":"2020-02-21T06:04:17","slug":"spak-u-mund-te-beje-histori-me-dosjen-e-gjykates-kushtetuese","status":"publish","type":"post","link":"https:\/\/www.shqiperia.com\/blog\/spak-u-mund-te-beje-histori-me-dosjen-e-gjykates-kushtetuese\/","title":{"rendered":"SPAK-u mund t\u00eb b\u00ebj\u00eb histori me dosjen e Gjykat\u00ebs Kushtetuese."},"content":{"rendered":"<p><img data-recalc-dims=\"1\" loading=\"lazy\" decoding=\"async\" data-attachment-id=\"31643\" data-permalink=\"https:\/\/www.shqiperia.com\/blog\/spak-u-mund-te-beje-histori-me-dosjen-e-gjykates-kushtetuese\/unnamed-5\/\" data-orig-file=\"https:\/\/i0.wp.com\/www.shqiperia.com\/blog\/wp-content\/uploads\/2020\/02\/unnamed-5.jpg?fit=512%2C322&amp;ssl=1\" data-orig-size=\"512,322\" data-comments-opened=\"1\" data-image-meta=\"{&quot;aperture&quot;:&quot;0&quot;,&quot;credit&quot;:&quot;&quot;,&quot;camera&quot;:&quot;&quot;,&quot;caption&quot;:&quot;&quot;,&quot;created_timestamp&quot;:&quot;0&quot;,&quot;copyright&quot;:&quot;&quot;,&quot;focal_length&quot;:&quot;0&quot;,&quot;iso&quot;:&quot;0&quot;,&quot;shutter_speed&quot;:&quot;0&quot;,&quot;title&quot;:&quot;&quot;,&quot;orientation&quot;:&quot;0&quot;}\" data-image-title=\"unnamed-5\" data-image-description=\"\" data-image-caption=\"\" data-medium-file=\"https:\/\/i0.wp.com\/www.shqiperia.com\/blog\/wp-content\/uploads\/2020\/02\/unnamed-5.jpg?fit=300%2C189&amp;ssl=1\" data-large-file=\"https:\/\/i0.wp.com\/www.shqiperia.com\/blog\/wp-content\/uploads\/2020\/02\/unnamed-5.jpg?fit=512%2C322&amp;ssl=1\" class=\"alignnone  wp-image-31643\" alt=\"\" src=\"https:\/\/i0.wp.com\/www.shqiperia.com\/blog\/wp-content\/uploads\/2020\/02\/unnamed-5.jpg?resize=583%2C367&#038;ssl=1\" width=\"583\" height=\"367\" srcset=\"https:\/\/i0.wp.com\/www.shqiperia.com\/blog\/wp-content\/uploads\/2020\/02\/unnamed-5.jpg?resize=300%2C189&amp;ssl=1 300w, https:\/\/i0.wp.com\/www.shqiperia.com\/blog\/wp-content\/uploads\/2020\/02\/unnamed-5.jpg?resize=450%2C283&amp;ssl=1 450w, https:\/\/i0.wp.com\/www.shqiperia.com\/blog\/wp-content\/uploads\/2020\/02\/unnamed-5.jpg?resize=400%2C252&amp;ssl=1 400w, https:\/\/i0.wp.com\/www.shqiperia.com\/blog\/wp-content\/uploads\/2020\/02\/unnamed-5.jpg?w=512&amp;ssl=1 512w\" sizes=\"auto, (max-width: 583px) 100vw, 583px\" \/><\/p>\n<p>SPAK-u mund t\u00eb b\u00ebj\u00eb histori me dosjen e Gjykat\u00ebs Kushtetuese.<\/p>\n<p><a href=\"https:\/\/kohajone.com\/1021729-2\/\">20\/02\/2020 <\/a><\/p>\n<p>Akuza t\u00eb forta nga kreu i shtetit ndaj kryeministrit Rama se mbetet njeriu q\u00eb inicoi, frym\u00ebzoi dhe po zbaton aktin antikushtetues t\u00eb fallsifikimeve t\u00eb b\u00ebra nga dyshja kryetari i KED, Dvorani dhe ministrja e drejt\u00ebsis\u00eb, Gjonaj.<\/p>\n<p>Dokumentat zyrtare q\u00eb po publikon p\u00ebrdit\u00eb presidenca tregojn\u00eb se ka nevoj\u00eb urgjente q\u00eb SPAK-u t\u00eb hetoj\u00eb, duke th\u00ebrritur Presidentin e Republik\u00ebs, Kryeministrin, Kryetarin e KED, kryeparlamentarin Ru\u00e7i, ministren e drejt\u00ebsis\u00eb, sekretarin e p\u00ebrgjithsh\u00ebm t\u00eb parlamentit, etj. Hetimi duhet i shpejt\u00eb dhe profesional, duke marr\u00eb t\u00eb pandehur at\u00eb q\u00eb do rezultoj\u00eb fajtor n\u00eb k\u00ebt\u00eb histori t\u00eb madhe ku krejt shteti \u00ebsht\u00eb n\u00eb rr\u00ebmuj\u00eb e n\u00eb kapje nga nj\u00eb grup i strukturuar politiko-mafioz.<\/p>\n<p>SPAK-u ka shansin t\u00eb tregoj\u00eb se \u00ebsht\u00eb nj\u00eb organ dinjitoz dhe q\u00eb nuk pyet p\u00ebr asnjeri q\u00eb ka shkelur ligjin n\u00eb k\u00ebt\u00eb \u00e7\u00ebshtje p\u00ebr gjykat\u00ebn kushtetuese. Sepse SPAK-u hap udh\u00eb edhe krijimit t\u00eb gjykat\u00ebs kushtetuese, ndon\u00ebse duket si paradoks, por duke hetuar k\u00ebt\u00eb dosje, ku aktor\u00eb jan\u00eb t\u00eb gjith\u00eb emrat kryesor\u00eb t\u00eb shtetit, ka mund\u00ebsi t\u00eb vendos\u00eb para p\u00ebrgjegjsis\u00eb p\u00ebrgjegjsin apo p\u00ebrgjegjsit e k\u00ebsisoj problemi i Kushtetueses fillon zgjidhjen.<\/p>\n<p>M\u00eb pas do kemi gjykat\u00eb kushtetuese e cila vendos p\u00ebr t\u00eb gjith\u00eb n\u00eb Shqip\u00ebri.<\/p>\n<p>Gazea Koha e Jone<\/p>\n","protected":false},"excerpt":{"rendered":"<p>SPAK-u mund t\u00eb b\u00ebj\u00eb histori me dosjen e Gjykat\u00ebs Kushtetuese. 20\/02\/2020 Akuza t\u00eb forta nga kreu i shtetit ndaj kryeministrit Rama se mbetet njeriu q\u00eb inicoi, frym\u00ebzoi dhe po zbaton aktin antikushtetues t\u00eb fallsifikimeve t\u00eb b\u00ebra nga dyshja kryetari i KED, Dvorani dhe ministrja e drejt\u00ebsis\u00eb, Gjonaj. Dokumentat zyrtare q\u00eb po publikon p\u00ebrdit\u00eb presidenca tregojn\u00eb [&hellip;]<\/p>\n","protected":false},"author":9,"featured_media":31643,"comment_status":"open","ping_status":"open","sticky":false,"template":"","format":"standard","meta":{"jetpack_post_was_ever_published":false,"_jetpack_newsletter_access":"","_jetpack_dont_email_post_to_subs":false,"_jetpack_newsletter_tier_id":0,"_jetpack_memberships_contains_paywalled_content":false,"_jetpack_memberships_contains_paid_content":false,"footnotes":"","jetpack_publicize_message":"","jetpack_publicize_feature_enabled":true,"jetpack_social_post_already_shared":true,"jetpack_social_options":{"image_generator_settings":{"template":"highway","default_image_id":0,"font":"","enabled":false},"version":2}},"categories":[27,35],"tags":[],"class_list":["post-31642","post","type-post","status-publish","format-standard","has-post-thumbnail","hentry","category-blogu-i-udhetarit","category-shoqerore"],"jetpack_publicize_connections":[],"jetpack_featured_media_url":"https:\/\/i0.wp.com\/www.shqiperia.com\/blog\/wp-content\/uploads\/2020\/02\/unnamed-5.jpg?fit=512%2C322&ssl=1","jetpack_sharing_enabled":true,"jetpack_shortlink":"https:\/\/wp.me\/p5Z6wp-8em","jetpack-related-posts":[{"id":100753,"url":"https:\/\/www.shqiperia.com\/blog\/cfare-po-paralajmeron-edi-rama-per-belinda-ballukun-deklaron-se-nuk-do-nderhyjne-me-ne-sistemin-e-drejtesise-pas\/","url_meta":{"origin":31642,"position":0},"title":"\u00c7far\u00eb po paralajm\u00ebron Edi Rama p\u00ebr Belinda Ballukun, deklaron se nuk do nd\u00ebrhyjn\u00eb m\u00eb n\u00eb sistemin e drejt\u00ebsis\u00eb pas\u2026","author":"Kurt Farka","date":"May 30, 2026","format":false,"excerpt":"30 Maji 2026 N\u00eb kuad\u00ebr t\u00eb 35-vjetorit t\u00eb Partis\u00eb Socialiste, kryeministri Edi Rama gjat\u00eb nj\u00eb takimi n\u00eb Dib\u00ebr ka dh\u00ebn\u00eb dje sinjale se do t\u00eb \u201cl\u00ebshoj\u00eb\u201d ish-zv\/kryeministren Belinda Balluku dhe zyrtar\u00eb t\u00eb tjer\u00eb t\u00eb lart\u00eb socialist\u00eb q\u00eb po hetohen nga drejt\u00ebsia, kryesisht Prokuroria e Posa\u00e7me (SPAK) si t\u00eb p\u00ebrfshir\u00eb n\u00eb\u2026","rel":"","context":"In &quot;Blogu i Udh\u00ebtarit&quot;","block_context":{"text":"Blogu i Udh\u00ebtarit","link":"https:\/\/www.shqiperia.com\/blog\/category\/blogu-i-udhetarit\/"},"img":{"alt_text":"","src":"https:\/\/i0.wp.com\/www.shqiperia.com\/blog\/wp-content\/uploads\/2026\/05\/Balluku-Rama.jpg?resize=350%2C200&ssl=1","width":350,"height":200,"srcset":"https:\/\/i0.wp.com\/www.shqiperia.com\/blog\/wp-content\/uploads\/2026\/05\/Balluku-Rama.jpg?resize=350%2C200&ssl=1 1x, https:\/\/i0.wp.com\/www.shqiperia.com\/blog\/wp-content\/uploads\/2026\/05\/Balluku-Rama.jpg?resize=525%2C300&ssl=1 1.5x"},"classes":[]},{"id":100750,"url":"https:\/\/www.shqiperia.com\/blog\/mesazhet-e-be-fikin-shpresat-per-anetaresimin-e-shqiperise-pa-largimin-e-elites-politike-dyert-e-integrimit-do\/","url_meta":{"origin":31642,"position":1},"title":"Mesazhet e BE fikin shpresat p\u00ebr an\u00ebtar\u00ebsimin e Shqip\u00ebris\u00eb, pa largimin e elit\u00ebs politike dyert e integrimit do\u2026","author":"Kurt Farka","date":"May 30, 2026","format":false,"excerpt":"30 Maji 2026 Nga: Gazeta Sot Rruga e Shqip\u00ebris\u00eb drejt Bashkimit Europian ka hyr\u00eb n\u00eb nj\u00eb faz\u00eb p\u00ebrcaktuese, ku mesazhet q\u00eb vijn\u00eb nga Brukseli nuk jan\u00eb m\u00eb thjesht kritika, por d\u00ebshmi e faktit se dyert e integrimit do t\u00eb q\u00ebndrojn\u00eb t\u00eb mbyllura p\u00ebr aq koh\u00eb sa vendi mbetet n\u00ebn kontrollin\u2026","rel":"","context":"In &quot;Blogu i Udh\u00ebtarit&quot;","block_context":{"text":"Blogu i Udh\u00ebtarit","link":"https:\/\/www.shqiperia.com\/blog\/category\/blogu-i-udhetarit\/"},"img":{"alt_text":"","src":"https:\/\/i0.wp.com\/www.shqiperia.com\/blog\/wp-content\/uploads\/2026\/05\/IMG_9705-1011x570-1.jpeg?fit=1011%2C570&ssl=1&resize=350%2C200","width":350,"height":200,"srcset":"https:\/\/i0.wp.com\/www.shqiperia.com\/blog\/wp-content\/uploads\/2026\/05\/IMG_9705-1011x570-1.jpeg?fit=1011%2C570&ssl=1&resize=350%2C200 1x, https:\/\/i0.wp.com\/www.shqiperia.com\/blog\/wp-content\/uploads\/2026\/05\/IMG_9705-1011x570-1.jpeg?fit=1011%2C570&ssl=1&resize=525%2C300 1.5x, https:\/\/i0.wp.com\/www.shqiperia.com\/blog\/wp-content\/uploads\/2026\/05\/IMG_9705-1011x570-1.jpeg?fit=1011%2C570&ssl=1&resize=700%2C400 2x"},"classes":[]},{"id":103815,"url":"https:\/\/www.shqiperia.com\/blog\/mbi-100-udhetime-te-padeklaruara-dosja-e-re-e-spak-qe-mund-ti-sjelle-veliajt-akuza-te-tjera\/","url_meta":{"origin":31642,"position":2},"title":"Mbi 100 udh\u00ebtime t\u00eb padeklaruara? Dosja e re e SPAK q\u00eb mund t\u2019i sjell\u00eb Veliajt akuza t\u00eb tjera","author":"Kurt Farka","date":"August 5, 2026","format":false,"excerpt":"5 Gusht 2026 Nd\u00ebrsa p\u00ebrpiqet t\u00eb dal\u00eb nga paraburgimi dhe po p\u00ebrballet me gjykimin p\u00ebr 13 akuza penale n\u00eb GJKKO, nj\u00eb tjet\u00ebr front hetimor po ngushton rrethin ndaj Erion Veliajt. SPAK po thellon verifikimet p\u00ebr t\u00eb gjitha udh\u00ebtimet jasht\u00eb vendit t\u00eb kryebashkiakut t\u00eb Tiran\u00ebs gjat\u00eb viteve 2022-2023, si edhe p\u00ebr\u2026","rel":"","context":"In &quot;Njoftime Shtypi&quot;","block_context":{"text":"Njoftime Shtypi","link":"https:\/\/www.shqiperia.com\/blog\/category\/njoftime-shtypi\/"},"img":{"alt_text":"","src":"https:\/\/i0.wp.com\/www.shqiperia.com\/blog\/wp-content\/uploads\/2026\/08\/640-0-fc07e3b9c04416e9975863855ce9bba2.png?fit=640%2C336&ssl=1&resize=350%2C200","width":350,"height":200,"srcset":"https:\/\/i0.wp.com\/www.shqiperia.com\/blog\/wp-content\/uploads\/2026\/08\/640-0-fc07e3b9c04416e9975863855ce9bba2.png?fit=640%2C336&ssl=1&resize=350%2C200 1x, https:\/\/i0.wp.com\/www.shqiperia.com\/blog\/wp-content\/uploads\/2026\/08\/640-0-fc07e3b9c04416e9975863855ce9bba2.png?fit=640%2C336&ssl=1&resize=525%2C300 1.5x"},"classes":[]},{"id":101463,"url":"https:\/\/www.shqiperia.com\/blog\/toka-e-projektit-ne-zvernec-rezulton-e-vjedhur-kryeministri-thote-qe-megjithate-ajo-u-takon-arabeve-qe-e-kane-blere-a-eshte-kjo-normale\/","url_meta":{"origin":31642,"position":3},"title":"Toka e projektit n\u00eb Zvernec rezulton e vjedhur. Kryeministri thot\u00eb q\u00eb megjithat\u00eb ajo u takon arab\u00ebve q\u00eb e kan\u00eb bler\u00eb. A \u00ebsht\u00eb kjo normale?","author":"Kurt Farka","date":"June 13, 2026","format":false,"excerpt":"Nga Orgen Peci N\u00eb parim, n\u00eb asnj\u00eb sistem juridik t\u00eb nj\u00eb shteti t\u00eb s\u00eb drejt\u00ebs nuk mund t\u00eb konsiderohet \u201cnormale\u201d q\u00eb nj\u00eb pron\u00eb e vjedhur apo e tjet\u00ebrsuar p\u00ebrmes falsifikimit t\u00eb njihet si legjitime, pavar\u00ebsisht se sa her\u00eb \u00ebsht\u00eb shitur apo se kush \u00ebsht\u00eb bler\u00ebsi i fundit. \u200bNga pik\u00ebpamja e\u2026","rel":"","context":"In &quot;Blogu i Udh\u00ebtarit&quot;","block_context":{"text":"Blogu i Udh\u00ebtarit","link":"https:\/\/www.shqiperia.com\/blog\/category\/blogu-i-udhetarit\/"},"img":{"alt_text":"","src":"https:\/\/i0.wp.com\/www.shqiperia.com\/blog\/wp-content\/uploads\/2026\/06\/Screenshot_20260613_223020_Gallery.jpg?fit=720%2C607&ssl=1&resize=350%2C200","width":350,"height":200,"srcset":"https:\/\/i0.wp.com\/www.shqiperia.com\/blog\/wp-content\/uploads\/2026\/06\/Screenshot_20260613_223020_Gallery.jpg?fit=720%2C607&ssl=1&resize=350%2C200 1x, https:\/\/i0.wp.com\/www.shqiperia.com\/blog\/wp-content\/uploads\/2026\/06\/Screenshot_20260613_223020_Gallery.jpg?fit=720%2C607&ssl=1&resize=525%2C300 1.5x, https:\/\/i0.wp.com\/www.shqiperia.com\/blog\/wp-content\/uploads\/2026\/06\/Screenshot_20260613_223020_Gallery.jpg?fit=720%2C607&ssl=1&resize=700%2C400 2x"},"classes":[]},{"id":102734,"url":"https:\/\/www.shqiperia.com\/blog\/do-bejme-transparence-cilet-jane-zyrtaret-e-larte-qe-ne-aruba-takuan-eksponente-te-krimit-kreu-i-spak-po-hetohet\/","url_meta":{"origin":31642,"position":4},"title":"\u201cDo b\u00ebjm\u00eb transparenc\u00eb\u201d\/ Cil\u00ebt jan\u00eb zyrtar\u00ebt e lart\u00eb q\u00eb n\u00eb Aruba takuan eksponent\u00eb t\u00eb krimit? Kreu i SPAK: &#8211; Po hetohet","author":"Kurt Farka","date":"July 15, 2026","format":false,"excerpt":"15 Korrik 2026 Kreu i Prokuroris\u00eb s\u00eb Posa\u00e7me Antikorrupsion, Klodian Braho deklaroi se dosja do t\u00eb b\u00ebhet transparente kur t\u00eb p\u00ebrfundojn\u00eb hetimet. I pranish\u00ebm para Komisionit p\u00ebr Nismat Qytetare, Bashk\u00ebpunimin dhe Mbik\u00ebqyrjen Institucionale, Braho iu p\u00ebrgjigj pyetjeve t\u00eb deputetit Ivi Kaso, i cili k\u00ebrkoi q\u00eb t\u00eb SPAK t\u00eb b\u00ebnte publike\u2026","rel":"","context":"In &quot;Blogu i Udh\u00ebtarit&quot;","block_context":{"text":"Blogu i Udh\u00ebtarit","link":"https:\/\/www.shqiperia.com\/blog\/category\/blogu-i-udhetarit\/"},"img":{"alt_text":"","src":"https:\/\/i0.wp.com\/www.shqiperia.com\/blog\/wp-content\/uploads\/2026\/07\/1784105229_klodianbraho.jpg?fit=780%2C440&ssl=1&resize=350%2C200","width":350,"height":200,"srcset":"https:\/\/i0.wp.com\/www.shqiperia.com\/blog\/wp-content\/uploads\/2026\/07\/1784105229_klodianbraho.jpg?fit=780%2C440&ssl=1&resize=350%2C200 1x, https:\/\/i0.wp.com\/www.shqiperia.com\/blog\/wp-content\/uploads\/2026\/07\/1784105229_klodianbraho.jpg?fit=780%2C440&ssl=1&resize=525%2C300 1.5x, https:\/\/i0.wp.com\/www.shqiperia.com\/blog\/wp-content\/uploads\/2026\/07\/1784105229_klodianbraho.jpg?fit=780%2C440&ssl=1&resize=700%2C400 2x"},"classes":[]},{"id":100442,"url":"https:\/\/www.shqiperia.com\/blog\/gjkko-rrezon-prokurorine-e-posacme-rikthen-per-hetim-dosjen-e-irena-gjokes\/","url_meta":{"origin":31642,"position":5},"title":"GJKKO rr\u00ebzon Prokurorin\u00eb e Posa\u00e7me, rikthen p\u00ebr hetim dosjen e Irena Gjokes","author":"Kurt Farka","date":"May 19, 2026","format":false,"excerpt":"19 Maji 2026 Gjykata e Posa\u00e7me ka rikthyer p\u00ebr hetim n\u00eb SPAK \u00e7\u00ebshtjen e gjyqtares Irena Gjoka, p\u00ebr t\u00eb cil\u00ebn Prokuroria e Posa\u00e7ne kishte k\u00ebrkuar pushimin e \u00e7\u00ebshtjes, por Gjykata ka hedhur posht\u00eb k\u00ebrkes\u00ebn. Avokati Genc Gjokutaj n\u00eb nj\u00eb prononcim p\u00ebr mediat tha se ky \u00ebsht\u00eb nj\u00eb vendim serioz, pasi\u2026","rel":"","context":"In &quot;Njoftime Shtypi&quot;","block_context":{"text":"Njoftime Shtypi","link":"https:\/\/www.shqiperia.com\/blog\/category\/njoftime-shtypi\/"},"img":{"alt_text":"","src":"https:\/\/i0.wp.com\/www.shqiperia.com\/blog\/wp-content\/uploads\/2026\/05\/Irena-Gjoka.jpg?fit=770%2C558&ssl=1&resize=350%2C200","width":350,"height":200,"srcset":"https:\/\/i0.wp.com\/www.shqiperia.com\/blog\/wp-content\/uploads\/2026\/05\/Irena-Gjoka.jpg?fit=770%2C558&ssl=1&resize=350%2C200 1x, https:\/\/i0.wp.com\/www.shqiperia.com\/blog\/wp-content\/uploads\/2026\/05\/Irena-Gjoka.jpg?fit=770%2C558&ssl=1&resize=525%2C300 1.5x, https:\/\/i0.wp.com\/www.shqiperia.com\/blog\/wp-content\/uploads\/2026\/05\/Irena-Gjoka.jpg?fit=770%2C558&ssl=1&resize=700%2C400 2x"},"classes":[]}],"_links":{"self":[{"href":"https:\/\/www.shqiperia.com\/blog\/wp-json\/wp\/v2\/posts\/31642","targetHints":{"allow":["GET"]}}],"collection":[{"href":"https:\/\/www.shqiperia.com\/blog\/wp-json\/wp\/v2\/posts"}],"about":[{"href":"https:\/\/www.shqiperia.com\/blog\/wp-json\/wp\/v2\/types\/post"}],"author":[{"embeddable":true,"href":"https:\/\/www.shqiperia.com\/blog\/wp-json\/wp\/v2\/users\/9"}],"replies":[{"embeddable":true,"href":"https:\/\/www.shqiperia.com\/blog\/wp-json\/wp\/v2\/comments?post=31642"}],"version-history":[{"count":1,"href":"https:\/\/www.shqiperia.com\/blog\/wp-json\/wp\/v2\/posts\/31642\/revisions"}],"predecessor-version":[{"id":31644,"href":"https:\/\/www.shqiperia.com\/blog\/wp-json\/wp\/v2\/posts\/31642\/revisions\/31644"}],"wp:featuredmedia":[{"embeddable":true,"href":"https:\/\/www.shqiperia.com\/blog\/wp-json\/wp\/v2\/media\/31643"}],"wp:attachment":[{"href":"https:\/\/www.shqiperia.com\/blog\/wp-json\/wp\/v2\/media?parent=31642"}],"wp:term":[{"taxonomy":"category","embeddable":true,"href":"https:\/\/www.shqiperia.com\/blog\/wp-json\/wp\/v2\/categories?post=31642"},{"taxonomy":"post_tag","embeddable":true,"href":"https:\/\/www.shqiperia.com\/blog\/wp-json\/wp\/v2\/tags?post=31642"}],"curies":[{"name":"wp","href":"https:\/\/api.w.org\/{rel}","templated":true}]}}