{"id":31635,"date":"2020-02-20T20:52:46","date_gmt":"2020-02-20T20:52:46","guid":{"rendered":"https:\/\/www.shqiperia.com\/blog\/?p=31635"},"modified":"2020-02-20T20:52:46","modified_gmt":"2020-02-20T20:52:46","slug":"gent-cakaj-ky-eshte-lajm-fantastik-per-gjithe-shqiptaret","status":"publish","type":"post","link":"https:\/\/www.shqiperia.com\/blog\/gent-cakaj-ky-eshte-lajm-fantastik-per-gjithe-shqiptaret\/","title":{"rendered":"Gent Cakaj: Ky \u00ebsht\u00eb lajm fantastik p\u00ebr gjith\u00eb shqiptar\u00ebt"},"content":{"rendered":"<p><img data-recalc-dims=\"1\" loading=\"lazy\" decoding=\"async\" data-attachment-id=\"31636\" data-permalink=\"https:\/\/www.shqiperia.com\/blog\/gent-cakaj-ky-eshte-lajm-fantastik-per-gjithe-shqiptaret\/gent-cakaj-10\/\" data-orig-file=\"https:\/\/i0.wp.com\/www.shqiperia.com\/blog\/wp-content\/uploads\/2020\/02\/Gent-Cakaj.jpg?fit=800%2C357&amp;ssl=1\" data-orig-size=\"800,357\" data-comments-opened=\"1\" data-image-meta=\"{&quot;aperture&quot;:&quot;0&quot;,&quot;credit&quot;:&quot;&quot;,&quot;camera&quot;:&quot;&quot;,&quot;caption&quot;:&quot;&quot;,&quot;created_timestamp&quot;:&quot;0&quot;,&quot;copyright&quot;:&quot;&quot;,&quot;focal_length&quot;:&quot;0&quot;,&quot;iso&quot;:&quot;0&quot;,&quot;shutter_speed&quot;:&quot;0&quot;,&quot;title&quot;:&quot;&quot;,&quot;orientation&quot;:&quot;0&quot;}\" data-image-title=\"Gent Cakaj\" data-image-description=\"\" data-image-caption=\"\" data-medium-file=\"https:\/\/i0.wp.com\/www.shqiperia.com\/blog\/wp-content\/uploads\/2020\/02\/Gent-Cakaj.jpg?fit=300%2C134&amp;ssl=1\" data-large-file=\"https:\/\/i0.wp.com\/www.shqiperia.com\/blog\/wp-content\/uploads\/2020\/02\/Gent-Cakaj.jpg?fit=800%2C357&amp;ssl=1\" class=\"alignnone  wp-image-31636\" alt=\"\" src=\"https:\/\/i0.wp.com\/www.shqiperia.com\/blog\/wp-content\/uploads\/2020\/02\/Gent-Cakaj.jpg?resize=551%2C246&#038;ssl=1\" width=\"551\" height=\"246\" srcset=\"https:\/\/i0.wp.com\/www.shqiperia.com\/blog\/wp-content\/uploads\/2020\/02\/Gent-Cakaj.jpg?resize=300%2C134&amp;ssl=1 300w, https:\/\/i0.wp.com\/www.shqiperia.com\/blog\/wp-content\/uploads\/2020\/02\/Gent-Cakaj.jpg?resize=768%2C343&amp;ssl=1 768w, https:\/\/i0.wp.com\/www.shqiperia.com\/blog\/wp-content\/uploads\/2020\/02\/Gent-Cakaj.jpg?resize=450%2C201&amp;ssl=1 450w, https:\/\/i0.wp.com\/www.shqiperia.com\/blog\/wp-content\/uploads\/2020\/02\/Gent-Cakaj.jpg?resize=600%2C268&amp;ssl=1 600w, https:\/\/i0.wp.com\/www.shqiperia.com\/blog\/wp-content\/uploads\/2020\/02\/Gent-Cakaj.jpg?resize=400%2C179&amp;ssl=1 400w, https:\/\/i0.wp.com\/www.shqiperia.com\/blog\/wp-content\/uploads\/2020\/02\/Gent-Cakaj.jpg?w=800&amp;ssl=1 800w\" sizes=\"auto, (max-width: 551px) 100vw, 551px\" \/><\/p>\n<p>Gent Cakaj: Ky \u00ebsht\u00eb lajm fantastik p\u00ebr gjith\u00eb shqiptar\u00ebt<\/p>\n<p>20 SHKURT 2020<\/p>\n<p>Ministri p\u00ebr Evrop\u00ebn dhe Pun\u00ebt e Jashtme Gent Cakaj dha lajmin se Xhamaika ka njohur Kosov\u00ebn si shtet t\u00eb pavarur. Cakaj shprehet se ky \u00ebsht\u00eb lajm fantastik p\u00ebr gjith\u00eb shqiptar\u00ebt.<\/p>\n<p><strong>Cakaj shkruan:<\/strong><\/p>\n<p>\u201cNj\u00eb lajm fantastik p\u00ebr Kosov\u00ebn, Shqip\u00ebrin\u00eb e shqiptar\u00ebt n\u00eb p\u00ebrgjith\u00ebsi. Xhamaika tashm\u00eb ka njohur pavar\u00ebsin\u00eb e Republik\u00ebs s\u00eb Kosov\u00ebs! Ky veprim sh\u00ebnon jo vet\u00ebm nj\u00eb moment t\u00eb ri n\u00eb kapitullin e marr\u00ebdh\u00ebnieve mes Kosov\u00ebs e Xhamaik\u00ebs por edhe rikonfirmon se kauza e drejt\u00eb e shtetit t\u00eb Kosov\u00ebs vazhdon t\u00eb jet\u00eb shum\u00eb e fuqishme n\u00eb aren\u00ebn nd\u00ebrkomb\u00ebtare!\u201d.<\/p>\n<p>Gazeta Sot<\/p>\n","protected":false},"excerpt":{"rendered":"<p>Gent Cakaj: Ky \u00ebsht\u00eb lajm fantastik p\u00ebr gjith\u00eb shqiptar\u00ebt 20 SHKURT 2020 Ministri p\u00ebr Evrop\u00ebn dhe Pun\u00ebt e Jashtme Gent Cakaj dha lajmin se Xhamaika ka njohur Kosov\u00ebn si shtet t\u00eb pavarur. Cakaj shprehet se ky \u00ebsht\u00eb lajm fantastik p\u00ebr gjith\u00eb shqiptar\u00ebt. Cakaj shkruan: \u201cNj\u00eb lajm fantastik p\u00ebr Kosov\u00ebn, Shqip\u00ebrin\u00eb e shqiptar\u00ebt n\u00eb p\u00ebrgjith\u00ebsi. Xhamaika [&hellip;]<\/p>\n","protected":false},"author":9,"featured_media":31636,"comment_status":"open","ping_status":"open","sticky":false,"template":"","format":"standard","meta":{"jetpack_post_was_ever_published":false,"_jetpack_newsletter_access":"","_jetpack_dont_email_post_to_subs":false,"_jetpack_newsletter_tier_id":0,"_jetpack_memberships_contains_paywalled_content":false,"_jetpack_memberships_contains_paid_content":false,"footnotes":"","jetpack_publicize_message":"","jetpack_publicize_feature_enabled":true,"jetpack_social_post_already_shared":true,"jetpack_social_options":{"image_generator_settings":{"template":"highway","default_image_id":0,"font":"","enabled":false},"version":2}},"categories":[27,1],"tags":[],"class_list":["post-31635","post","type-post","status-publish","format-standard","has-post-thumbnail","hentry","category-blogu-i-udhetarit","category-njoftime-shtypi"],"jetpack_publicize_connections":[],"jetpack_featured_media_url":"https:\/\/i0.wp.com\/www.shqiperia.com\/blog\/wp-content\/uploads\/2020\/02\/Gent-Cakaj.jpg?fit=800%2C357&ssl=1","jetpack_sharing_enabled":true,"jetpack_shortlink":"https:\/\/wp.me\/p5Z6wp-8ef","jetpack-related-posts":[{"id":15505,"url":"https:\/\/www.shqiperia.com\/blog\/partizani-cakaj-ne-ceten-e-rames-thacit-e-haxhiut\/","url_meta":{"origin":31635,"position":0},"title":"Partizani Cakaj, n\u00eb \u00e7et\u00ebn e Ram\u00ebs, Tha\u00e7it e Haxhiut. &#8211;","author":"Kurt Farka","date":"January 2, 2019","format":false,"excerpt":"Partizani Cakaj, n\u00eb \u00e7et\u00ebn e Ram\u00ebs, Tha\u00e7it e Haxhiut. - Shqip\u00ebria, p\u00ebr her\u00eb t\u00eb par\u00eb ka nj\u00eb minist\u00ebr t\u00eb jasht\u00ebm kosovar dhe nj\u00eb kryeminist\u00ebr q\u00eb e mb\u00ebshtet ndarjen e Republik\u00ebs s\u00eb Kosov\u00ebs. Enigma thuajse \u00ebsht\u00eb e zgjidhur tashm\u00eb, pas largimit t\u00eb Ditmir Bushatit nga posti. Socialisti shkodran, me gjas\u00eb, nuk\u2026","rel":"","context":"In &quot;Blogu i Udh\u00ebtarit&quot;","block_context":{"text":"Blogu i Udh\u00ebtarit","link":"https:\/\/www.shqiperia.com\/blog\/category\/blogu-i-udhetarit\/"},"img":{"alt_text":"","src":"https:\/\/i0.wp.com\/www.shqiperia.com\/blog\/wp-content\/uploads\/2019\/01\/rama-Cakaj-696x534-Copy.jpg?fit=662%2C376&ssl=1&resize=350%2C200","width":350,"height":200,"srcset":"https:\/\/i0.wp.com\/www.shqiperia.com\/blog\/wp-content\/uploads\/2019\/01\/rama-Cakaj-696x534-Copy.jpg?fit=662%2C376&ssl=1&resize=350%2C200 1x, https:\/\/i0.wp.com\/www.shqiperia.com\/blog\/wp-content\/uploads\/2019\/01\/rama-Cakaj-696x534-Copy.jpg?fit=662%2C376&ssl=1&resize=525%2C300 1.5x"},"classes":[]},{"id":16981,"url":"https:\/\/www.shqiperia.com\/blog\/albin-kurti-pas-baton-haxhiut-qendron-sherbimi-sekret-serb-gent-cakaj-shpertheu-si-rrena\/","url_meta":{"origin":31635,"position":1},"title":"Albin Kurti: Pas Baton Haxhiut q\u00ebndron sh\u00ebrbimi sekret serb. Gent Cakaj shp\u00ebrtheu si rrena. =","author":"Kurt Farka","date":"February 4, 2019","format":false,"excerpt":"Albin Kurti: Pas Baton Haxhiut q\u00ebndron sh\u00ebrbimi sekret serb. Gent Cakaj shp\u00ebrtheu si rrena. = Lideri i L\u00ebvizjes Vet\u00ebvendosje, Albin Kurti komenton delegimin e kompetencave t\u00eb ministrit t\u00eb Jasht\u00ebm nga Kryeministri Edi Rama, te shqiptari i Kosov\u00ebs, Gent Cakaj. Teksa ishte dit\u00ebn e sotme i pranish\u00ebm n\u00eb protest\u00ebn e pedagog\u00ebve\u2026","rel":"","context":"In &quot;Kultura&quot;","block_context":{"text":"Kultura","link":"https:\/\/www.shqiperia.com\/blog\/category\/kultura\/"},"img":{"alt_text":"","src":"https:\/\/i0.wp.com\/www.shqiperia.com\/blog\/wp-content\/uploads\/2019\/02\/studenttet-770x433.jpg?fit=770%2C433&ssl=1&resize=350%2C200","width":350,"height":200,"srcset":"https:\/\/i0.wp.com\/www.shqiperia.com\/blog\/wp-content\/uploads\/2019\/02\/studenttet-770x433.jpg?fit=770%2C433&ssl=1&resize=350%2C200 1x, https:\/\/i0.wp.com\/www.shqiperia.com\/blog\/wp-content\/uploads\/2019\/02\/studenttet-770x433.jpg?fit=770%2C433&ssl=1&resize=525%2C300 1.5x, https:\/\/i0.wp.com\/www.shqiperia.com\/blog\/wp-content\/uploads\/2019\/02\/studenttet-770x433.jpg?fit=770%2C433&ssl=1&resize=700%2C400 2x"},"classes":[]},{"id":103628,"url":"https:\/\/www.shqiperia.com\/blog\/rama-ne-fund-te-ciklit-politik-spartak-ngjela-paralajmeron-zhvillime-te-forta-ja-roli-i-amerikaneve-dhe\/","url_meta":{"origin":31635,"position":2},"title":"Rama n\u00eb fund t\u00eb ciklit politik, Spartak Ngjela paralajm\u00ebron zhvillime t\u00eb forta, ja roli i amerikan\u00ebve dhe\u2026","author":"Kurt Farka","date":"August 1, 2026","format":false,"excerpt":"1 Gusht 2026 Rigels Seliman Avokati i njohur, Spartak Ngjela, ka hedhur akuza t\u00eb forta ndaj kryeministrit Edi Rama, nd\u00ebrsa shpreh bindjen se ai \u00ebsht\u00eb n\u00eb fund t\u00eb ciklit t\u00eb tij politik. P\u00ebrmes nj\u00eb reagimi n\u00eb rrjetet sociale, Ngjela analizon se pushteti i kryeministrit \u00ebsht\u00eb nd\u00ebrtuar mbi komplekse dhe frik\u00eb\u2026","rel":"","context":"In &quot;Blogu i Udh\u00ebtarit&quot;","block_context":{"text":"Blogu i Udh\u00ebtarit","link":"https:\/\/www.shqiperia.com\/blog\/category\/blogu-i-udhetarit\/"},"img":{"alt_text":"","src":"https:\/\/i0.wp.com\/www.shqiperia.com\/blog\/wp-content\/uploads\/2026\/08\/foto-2.jpg-1-1140x570-1.jpeg?fit=1140%2C570&ssl=1&resize=350%2C200","width":350,"height":200,"srcset":"https:\/\/i0.wp.com\/www.shqiperia.com\/blog\/wp-content\/uploads\/2026\/08\/foto-2.jpg-1-1140x570-1.jpeg?fit=1140%2C570&ssl=1&resize=350%2C200 1x, https:\/\/i0.wp.com\/www.shqiperia.com\/blog\/wp-content\/uploads\/2026\/08\/foto-2.jpg-1-1140x570-1.jpeg?fit=1140%2C570&ssl=1&resize=525%2C300 1.5x, https:\/\/i0.wp.com\/www.shqiperia.com\/blog\/wp-content\/uploads\/2026\/08\/foto-2.jpg-1-1140x570-1.jpeg?fit=1140%2C570&ssl=1&resize=700%2C400 2x, https:\/\/i0.wp.com\/www.shqiperia.com\/blog\/wp-content\/uploads\/2026\/08\/foto-2.jpg-1-1140x570-1.jpeg?fit=1140%2C570&ssl=1&resize=1050%2C600 3x"},"classes":[]},{"id":102777,"url":"https:\/\/www.shqiperia.com\/blog\/rama-si-enver-hoxha-nuk-flet-per-kosoven\/","url_meta":{"origin":31635,"position":3},"title":"\u201cRama si Enver Hoxha, nuk flet p\u00ebr Kosov\u00ebn\u201d","author":"Kurt Farka","date":"July 16, 2026","format":false,"excerpt":"16 Korrik 2026 Deputeti i \u201cMund\u00ebsia\u201d, Erald Kapri akuzoi kryeministrin Edi Rama p\u00ebr faktin se nuk ka b\u00ebr\u00eb asnj\u00eb reagim n\u00eb lidhje me deklarat\u00ebn skandaloze t\u00eb ministres serbe \u00a0Snezhana Paunovi\u00e7 se do t\u00eb b\u00ebnte spastrim etnik n\u00eb Kosov\u00eb. N\u00eb Kuvend, ai tha se kryeministri po sillet nj\u00ebsoj sikurse Enver Hoxha,\u2026","rel":"","context":"In &quot;Blogu i Udh\u00ebtarit&quot;","block_context":{"text":"Blogu i Udh\u00ebtarit","link":"https:\/\/www.shqiperia.com\/blog\/category\/blogu-i-udhetarit\/"},"img":{"alt_text":"","src":"https:\/\/i0.wp.com\/www.shqiperia.com\/blog\/wp-content\/uploads\/2026\/07\/490749578_4163715850518353_8749168321955968330_n.jpg?fit=640%2C487&ssl=1&resize=350%2C200","width":350,"height":200,"srcset":"https:\/\/i0.wp.com\/www.shqiperia.com\/blog\/wp-content\/uploads\/2026\/07\/490749578_4163715850518353_8749168321955968330_n.jpg?fit=640%2C487&ssl=1&resize=350%2C200 1x, https:\/\/i0.wp.com\/www.shqiperia.com\/blog\/wp-content\/uploads\/2026\/07\/490749578_4163715850518353_8749168321955968330_n.jpg?fit=640%2C487&ssl=1&resize=525%2C300 1.5x"},"classes":[]},{"id":27356,"url":"https:\/\/www.shqiperia.com\/blog\/gent-cakaj-ka-performancen-e-nje-mesuesi-fshati-maksimumi-duhej-te-ishte-portier-i-ndonje-hoteli\/","url_meta":{"origin":31635,"position":4},"title":"\u201cGent Cakaj? Ka performanc\u00ebn e nj\u00eb m\u00ebsuesi fshati! Maksimumi duhej t\u00eb ishte portier i ndonj\u00eb hoteli\u201d. &#8211;","author":"Kurt Farka","date":"October 27, 2019","format":false,"excerpt":"\u201cGent Cakaj? Ka performanc\u00ebn e nj\u00eb m\u00ebsuesi fshati! Maksimumi duhej t\u00eb ishte portier i ndonj\u00eb hoteli\u201d 26 Tetor, 2019 P\u00ebr politikanin Neritan Ceka, Shqip\u00ebria \u00ebsht\u00eb e barabart\u00eb me nj\u00eb fshat kinez, sa i p\u00ebrket numrit t\u00eb banor\u00ebve. I ftuar n\u00eb studion e lajmeve n\u00eb RTV Ora , Ceka tha se\u2026","rel":"","context":"In &quot;Blogu i Udh\u00ebtarit&quot;","block_context":{"text":"Blogu i Udh\u00ebtarit","link":"https:\/\/www.shqiperia.com\/blog\/category\/blogu-i-udhetarit\/"},"img":{"alt_text":"","src":"https:\/\/i0.wp.com\/www.shqiperia.com\/blog\/wp-content\/uploads\/2019\/10\/ceka-cakaj.jpg?fit=474%2C265&ssl=1&resize=350%2C200","width":350,"height":200},"classes":[]},{"id":23021,"url":"https:\/\/www.shqiperia.com\/blog\/lajm-ogurzi-per-kosoven-e-shqiperine-pd-reagon-pas-pergjimit-te-zaevit-ndryshe-nga-ce-ka-paraqitur-rama\/","url_meta":{"origin":31635,"position":5},"title":"\u2018Lajm ogurzi p\u00ebr Kosov\u00ebn e Shqip\u00ebrin\u00eb\u2019, PD reagon pas pergjimit t\u00eb Zaevit: Ndryshe nga \u00e7\u2019e ka paraqitur Rama\u2026","author":"Kurt Farka","date":"July 10, 2019","format":false,"excerpt":"\u2018Lajm ogurzi p\u00ebr Kosov\u00ebn e Shqip\u00ebrin\u00eb\u2019, PD reagon pas pergjimit t\u00eb Zaevit: Ndryshe nga \u00e7\u2019e ka paraqitur Rama\u2026 10 korrik \u00a02019 \u201cTradhti e lart\u00eb ndaj interesave komb\u00ebtare\u201d e ka quajtur PD, gjithe sa u zbulua pas telefonates se kryeministrit maqedonas Zaev, per ndarjen e Kosoves. Me nje deklarate per mediat,\u2026","rel":"","context":"In &quot;Blogu i Udh\u00ebtarit&quot;","block_context":{"text":"Blogu i Udh\u00ebtarit","link":"https:\/\/www.shqiperia.com\/blog\/category\/blogu-i-udhetarit\/"},"img":{"alt_text":"","src":"https:\/\/i0.wp.com\/www.shqiperia.com\/blog\/wp-content\/uploads\/2019\/07\/1438185316harta-e-kosoves.jpg?fit=442%2C265&ssl=1&resize=350%2C200","width":350,"height":200},"classes":[]}],"_links":{"self":[{"href":"https:\/\/www.shqiperia.com\/blog\/wp-json\/wp\/v2\/posts\/31635","targetHints":{"allow":["GET"]}}],"collection":[{"href":"https:\/\/www.shqiperia.com\/blog\/wp-json\/wp\/v2\/posts"}],"about":[{"href":"https:\/\/www.shqiperia.com\/blog\/wp-json\/wp\/v2\/types\/post"}],"author":[{"embeddable":true,"href":"https:\/\/www.shqiperia.com\/blog\/wp-json\/wp\/v2\/users\/9"}],"replies":[{"embeddable":true,"href":"https:\/\/www.shqiperia.com\/blog\/wp-json\/wp\/v2\/comments?post=31635"}],"version-history":[{"count":1,"href":"https:\/\/www.shqiperia.com\/blog\/wp-json\/wp\/v2\/posts\/31635\/revisions"}],"predecessor-version":[{"id":31637,"href":"https:\/\/www.shqiperia.com\/blog\/wp-json\/wp\/v2\/posts\/31635\/revisions\/31637"}],"wp:featuredmedia":[{"embeddable":true,"href":"https:\/\/www.shqiperia.com\/blog\/wp-json\/wp\/v2\/media\/31636"}],"wp:attachment":[{"href":"https:\/\/www.shqiperia.com\/blog\/wp-json\/wp\/v2\/media?parent=31635"}],"wp:term":[{"taxonomy":"category","embeddable":true,"href":"https:\/\/www.shqiperia.com\/blog\/wp-json\/wp\/v2\/categories?post=31635"},{"taxonomy":"post_tag","embeddable":true,"href":"https:\/\/www.shqiperia.com\/blog\/wp-json\/wp\/v2\/tags?post=31635"}],"curies":[{"name":"wp","href":"https:\/\/api.w.org\/{rel}","templated":true}]}}