{"id":31632,"date":"2020-02-20T20:44:55","date_gmt":"2020-02-20T20:44:55","guid":{"rendered":"https:\/\/www.shqiperia.com\/blog\/?p=31632"},"modified":"2020-02-20T20:44:55","modified_gmt":"2020-02-20T20:44:55","slug":"juristi-e-thote-hapur-ky-eshte-gabimi-i-nderkombetareve-me-kryeministrin-rama","status":"publish","type":"post","link":"https:\/\/www.shqiperia.com\/blog\/juristi-e-thote-hapur-ky-eshte-gabimi-i-nderkombetareve-me-kryeministrin-rama\/","title":{"rendered":"Juristi e thot\u00eb hapur: &#8211; Ky \u00ebsht\u00eb gabimi i nd\u00ebrkomb\u00ebtar\u00ebve me kryeministrin Rama"},"content":{"rendered":"<p><img data-recalc-dims=\"1\" loading=\"lazy\" decoding=\"async\" data-attachment-id=\"31633\" data-permalink=\"https:\/\/www.shqiperia.com\/blog\/juristi-e-thote-hapur-ky-eshte-gabimi-i-nderkombetareve-me-kryeministrin-rama\/800-0-5e4eee8c8b564\/\" data-orig-file=\"https:\/\/i0.wp.com\/www.shqiperia.com\/blog\/wp-content\/uploads\/2020\/02\/800-0-5e4eee8c8b564.jpg?fit=800%2C450&amp;ssl=1\" data-orig-size=\"800,450\" data-comments-opened=\"1\" data-image-meta=\"{&quot;aperture&quot;:&quot;0&quot;,&quot;credit&quot;:&quot;&quot;,&quot;camera&quot;:&quot;&quot;,&quot;caption&quot;:&quot;&quot;,&quot;created_timestamp&quot;:&quot;0&quot;,&quot;copyright&quot;:&quot;&quot;,&quot;focal_length&quot;:&quot;0&quot;,&quot;iso&quot;:&quot;0&quot;,&quot;shutter_speed&quot;:&quot;0&quot;,&quot;title&quot;:&quot;&quot;,&quot;orientation&quot;:&quot;0&quot;}\" data-image-title=\"Edi Rama\" data-image-description=\"\" data-image-caption=\"\" data-medium-file=\"https:\/\/i0.wp.com\/www.shqiperia.com\/blog\/wp-content\/uploads\/2020\/02\/800-0-5e4eee8c8b564.jpg?fit=300%2C169&amp;ssl=1\" data-large-file=\"https:\/\/i0.wp.com\/www.shqiperia.com\/blog\/wp-content\/uploads\/2020\/02\/800-0-5e4eee8c8b564.jpg?fit=800%2C450&amp;ssl=1\" class=\"alignnone  wp-image-31633\" alt=\"\" src=\"https:\/\/i0.wp.com\/www.shqiperia.com\/blog\/wp-content\/uploads\/2020\/02\/800-0-5e4eee8c8b564.jpg?resize=588%2C331&#038;ssl=1\" width=\"588\" height=\"331\" srcset=\"https:\/\/i0.wp.com\/www.shqiperia.com\/blog\/wp-content\/uploads\/2020\/02\/800-0-5e4eee8c8b564.jpg?resize=300%2C169&amp;ssl=1 300w, https:\/\/i0.wp.com\/www.shqiperia.com\/blog\/wp-content\/uploads\/2020\/02\/800-0-5e4eee8c8b564.jpg?resize=768%2C432&amp;ssl=1 768w, https:\/\/i0.wp.com\/www.shqiperia.com\/blog\/wp-content\/uploads\/2020\/02\/800-0-5e4eee8c8b564.jpg?resize=450%2C253&amp;ssl=1 450w, https:\/\/i0.wp.com\/www.shqiperia.com\/blog\/wp-content\/uploads\/2020\/02\/800-0-5e4eee8c8b564.jpg?resize=600%2C338&amp;ssl=1 600w, https:\/\/i0.wp.com\/www.shqiperia.com\/blog\/wp-content\/uploads\/2020\/02\/800-0-5e4eee8c8b564.jpg?resize=400%2C225&amp;ssl=1 400w, https:\/\/i0.wp.com\/www.shqiperia.com\/blog\/wp-content\/uploads\/2020\/02\/800-0-5e4eee8c8b564.jpg?w=800&amp;ssl=1 800w\" sizes=\"auto, (max-width: 588px) 100vw, 588px\" \/><\/p>\n<p>Juristi e thot\u00eb hapur: &#8211; Ky \u00ebsht\u00eb gabimi i nd\u00ebrkomb\u00ebtar\u00ebve me kryeministrin Rama<\/p>\n<p>20 SHKURT 2020<\/p>\n<p>Juristi \u00c7lirim Gjata thot\u00eb se ka ardhur koha q\u00eb nd\u00ebrkomb\u00ebtar\u00ebt t\u00eb rishikojn\u00eb metodat e pun\u00ebs s\u00eb tyre.<\/p>\n<p>\u201cP\u00ebr nd\u00ebrkomb\u00ebtar\u00ebt n\u00eb Tiran\u00eb kam th\u00ebn\u00eb faktori burokratik q\u00eb vepron n\u00eb Tiran\u00eb, parimi i tyre \u00ebsht\u00eb q\u00eb ne punojm\u00eb me qeverin\u00eb. K\u00ebta kan\u00eb \u00e7uar informacionet roz\u00eb kur Shqip\u00ebria mbytej me drog\u00eb.Papritur doli nj\u00eb Bundestag me 9 pika. P\u00ebr reform\u00ebn n\u00eb drejt\u00ebsi gabimi ishte se i besuan Edi Ram\u00ebs. N\u00eb gj\u00ebra t\u00eb vogla ballkanasit ta hedhin. Ka ardhur koha q\u00eb nd\u00ebrkomb\u00ebtar\u00ebt t\u00eb rishikojn\u00eb metodat e pun\u00ebs s\u00eb tyre\u201d, tha Gjata n\u00eb Ora News.<\/p>\n<p>Nga Gazeta Sot<\/p>\n","protected":false},"excerpt":{"rendered":"<p>Juristi e thot\u00eb hapur: &#8211; Ky \u00ebsht\u00eb gabimi i nd\u00ebrkomb\u00ebtar\u00ebve me kryeministrin Rama 20 SHKURT 2020 Juristi \u00c7lirim Gjata thot\u00eb se ka ardhur koha q\u00eb nd\u00ebrkomb\u00ebtar\u00ebt t\u00eb rishikojn\u00eb metodat e pun\u00ebs s\u00eb tyre. \u201cP\u00ebr nd\u00ebrkomb\u00ebtar\u00ebt n\u00eb Tiran\u00eb kam th\u00ebn\u00eb faktori burokratik q\u00eb vepron n\u00eb Tiran\u00eb, parimi i tyre \u00ebsht\u00eb q\u00eb ne punojm\u00eb me qeverin\u00eb. K\u00ebta [&hellip;]<\/p>\n","protected":false},"author":9,"featured_media":31633,"comment_status":"open","ping_status":"open","sticky":false,"template":"","format":"standard","meta":{"jetpack_post_was_ever_published":false,"_jetpack_newsletter_access":"","_jetpack_dont_email_post_to_subs":false,"_jetpack_newsletter_tier_id":0,"_jetpack_memberships_contains_paywalled_content":false,"_jetpack_memberships_contains_paid_content":false,"footnotes":"","jetpack_publicize_message":"","jetpack_publicize_feature_enabled":true,"jetpack_social_post_already_shared":true,"jetpack_social_options":{"image_generator_settings":{"template":"highway","default_image_id":0,"font":"","enabled":false},"version":2}},"categories":[27,2],"tags":[],"class_list":["post-31632","post","type-post","status-publish","format-standard","has-post-thumbnail","hentry","category-blogu-i-udhetarit","category-politika"],"jetpack_publicize_connections":[],"jetpack_featured_media_url":"https:\/\/i0.wp.com\/www.shqiperia.com\/blog\/wp-content\/uploads\/2020\/02\/800-0-5e4eee8c8b564.jpg?fit=800%2C450&ssl=1","jetpack_sharing_enabled":true,"jetpack_shortlink":"https:\/\/wp.me\/p5Z6wp-8ec","jetpack-related-posts":[{"id":103628,"url":"https:\/\/www.shqiperia.com\/blog\/rama-ne-fund-te-ciklit-politik-spartak-ngjela-paralajmeron-zhvillime-te-forta-ja-roli-i-amerikaneve-dhe\/","url_meta":{"origin":31632,"position":0},"title":"Rama n\u00eb fund t\u00eb ciklit politik, Spartak Ngjela paralajm\u00ebron zhvillime t\u00eb forta, ja roli i amerikan\u00ebve dhe\u2026","author":"Kurt Farka","date":"August 1, 2026","format":false,"excerpt":"1 Gusht 2026 Rigels Seliman Avokati i njohur, Spartak Ngjela, ka hedhur akuza t\u00eb forta ndaj kryeministrit Edi Rama, nd\u00ebrsa shpreh bindjen se ai \u00ebsht\u00eb n\u00eb fund t\u00eb ciklit t\u00eb tij politik. P\u00ebrmes nj\u00eb reagimi n\u00eb rrjetet sociale, Ngjela analizon se pushteti i kryeministrit \u00ebsht\u00eb nd\u00ebrtuar mbi komplekse dhe frik\u00eb\u2026","rel":"","context":"In &quot;Blogu i Udh\u00ebtarit&quot;","block_context":{"text":"Blogu i Udh\u00ebtarit","link":"https:\/\/www.shqiperia.com\/blog\/category\/blogu-i-udhetarit\/"},"img":{"alt_text":"","src":"https:\/\/i0.wp.com\/www.shqiperia.com\/blog\/wp-content\/uploads\/2026\/08\/foto-2.jpg-1-1140x570-1.jpeg?fit=1140%2C570&ssl=1&resize=350%2C200","width":350,"height":200,"srcset":"https:\/\/i0.wp.com\/www.shqiperia.com\/blog\/wp-content\/uploads\/2026\/08\/foto-2.jpg-1-1140x570-1.jpeg?fit=1140%2C570&ssl=1&resize=350%2C200 1x, https:\/\/i0.wp.com\/www.shqiperia.com\/blog\/wp-content\/uploads\/2026\/08\/foto-2.jpg-1-1140x570-1.jpeg?fit=1140%2C570&ssl=1&resize=525%2C300 1.5x, https:\/\/i0.wp.com\/www.shqiperia.com\/blog\/wp-content\/uploads\/2026\/08\/foto-2.jpg-1-1140x570-1.jpeg?fit=1140%2C570&ssl=1&resize=700%2C400 2x, https:\/\/i0.wp.com\/www.shqiperia.com\/blog\/wp-content\/uploads\/2026\/08\/foto-2.jpg-1-1140x570-1.jpeg?fit=1140%2C570&ssl=1&resize=1050%2C600 3x"},"classes":[]},{"id":101267,"url":"https:\/\/www.shqiperia.com\/blog\/leter-e-hapur-socialisteve-shqiptare-zgjohuni\/","url_meta":{"origin":31632,"position":1},"title":"Let\u00ebr e hapur socialist\u00ebve shqiptar\u00eb: &#8211; Zgjohuni!","author":"Kurt Farka","date":"June 8, 2026","format":false,"excerpt":"8 Qershor 2026 Socialist\u00eb shqiptar\u00eb! An\u00ebtar\u00eb t\u00eb Partis\u00eb Socialiste! Deputet\u00eb dhe mb\u00ebshtet\u00ebs t\u00eb k\u00ebsaj partie! Zgjohuni! N\u00eb krye t\u00eb partis\u00eb keni nj\u00eb njeri q\u00eb ju komandon, k\u00ebrkon bindje pa kushte p\u00ebr \u00e7do gj\u00eb, ju fyen me gjuh\u00ebn dhe sjelljet e tij, ju n\u00ebp\u00ebrk\u00ebmb dinjitetin n\u00eb vend q\u00eb t\u2019ju respektoj\u00eb, t\u00eb\u2026","rel":"","context":"In &quot;Blogu i Udh\u00ebtarit&quot;","block_context":{"text":"Blogu i Udh\u00ebtarit","link":"https:\/\/www.shqiperia.com\/blog\/category\/blogu-i-udhetarit\/"},"img":{"alt_text":"","src":"https:\/\/i0.wp.com\/www.shqiperia.com\/blog\/wp-content\/uploads\/2026\/06\/Screenshot_20260607_214742_Gallery-1.jpg?fit=720%2C552&ssl=1&resize=350%2C200","width":350,"height":200,"srcset":"https:\/\/i0.wp.com\/www.shqiperia.com\/blog\/wp-content\/uploads\/2026\/06\/Screenshot_20260607_214742_Gallery-1.jpg?fit=720%2C552&ssl=1&resize=350%2C200 1x, https:\/\/i0.wp.com\/www.shqiperia.com\/blog\/wp-content\/uploads\/2026\/06\/Screenshot_20260607_214742_Gallery-1.jpg?fit=720%2C552&ssl=1&resize=525%2C300 1.5x, https:\/\/i0.wp.com\/www.shqiperia.com\/blog\/wp-content\/uploads\/2026\/06\/Screenshot_20260607_214742_Gallery-1.jpg?fit=720%2C552&ssl=1&resize=700%2C400 2x"},"classes":[]},{"id":102777,"url":"https:\/\/www.shqiperia.com\/blog\/rama-si-enver-hoxha-nuk-flet-per-kosoven\/","url_meta":{"origin":31632,"position":2},"title":"\u201cRama si Enver Hoxha, nuk flet p\u00ebr Kosov\u00ebn\u201d","author":"Kurt Farka","date":"July 16, 2026","format":false,"excerpt":"16 Korrik 2026 Deputeti i \u201cMund\u00ebsia\u201d, Erald Kapri akuzoi kryeministrin Edi Rama p\u00ebr faktin se nuk ka b\u00ebr\u00eb asnj\u00eb reagim n\u00eb lidhje me deklarat\u00ebn skandaloze t\u00eb ministres serbe \u00a0Snezhana Paunovi\u00e7 se do t\u00eb b\u00ebnte spastrim etnik n\u00eb Kosov\u00eb. N\u00eb Kuvend, ai tha se kryeministri po sillet nj\u00ebsoj sikurse Enver Hoxha,\u2026","rel":"","context":"In &quot;Blogu i Udh\u00ebtarit&quot;","block_context":{"text":"Blogu i Udh\u00ebtarit","link":"https:\/\/www.shqiperia.com\/blog\/category\/blogu-i-udhetarit\/"},"img":{"alt_text":"","src":"https:\/\/i0.wp.com\/www.shqiperia.com\/blog\/wp-content\/uploads\/2026\/07\/490749578_4163715850518353_8749168321955968330_n.jpg?fit=640%2C487&ssl=1&resize=350%2C200","width":350,"height":200,"srcset":"https:\/\/i0.wp.com\/www.shqiperia.com\/blog\/wp-content\/uploads\/2026\/07\/490749578_4163715850518353_8749168321955968330_n.jpg?fit=640%2C487&ssl=1&resize=350%2C200 1x, https:\/\/i0.wp.com\/www.shqiperia.com\/blog\/wp-content\/uploads\/2026\/07\/490749578_4163715850518353_8749168321955968330_n.jpg?fit=640%2C487&ssl=1&resize=525%2C300 1.5x"},"classes":[]},{"id":102275,"url":"https:\/\/www.shqiperia.com\/blog\/edi-rama-ne-kerkim-te-opsioneve-te-daljes-nga-kriza-nga-ndryshimi-i-qeverise-dhe\/","url_meta":{"origin":31632,"position":3},"title":"Edi Rama n\u00eb k\u00ebrkim t\u00eb opsioneve t\u00eb daljes nga kriza, nga ndryshimi i qeveris\u00eb dhe &#8230;","author":"Kurt Farka","date":"July 6, 2026","format":false,"excerpt":"6 Korrik 2026 K\u00ebto dit\u00eb diskutohet se kryeministri Edi Rama po k\u00ebrkon n\u00eb m\u00ebnyr\u00eb t\u00eb ethshme t\u2019i jap\u00eb zgjidhje problemit, duke negociuar me nd\u00ebrkomb\u00ebtar\u00ebt p\u00ebr t\u00eb dal\u00eb nga kjo situat\u00eb eksplozive, ku qindra mij\u00ebra shqiptar\u00eb k\u00ebrkojn\u00eb kok\u00ebn e tij. Nj\u00eb nga variantet \u00ebsht\u00eb ndryshimi i qeveris\u00eb dhe spastrimi i saj\u2026","rel":"","context":"In &quot;Blogu i Udh\u00ebtarit&quot;","block_context":{"text":"Blogu i Udh\u00ebtarit","link":"https:\/\/www.shqiperia.com\/blog\/category\/blogu-i-udhetarit\/"},"img":{"alt_text":"","src":"https:\/\/i0.wp.com\/www.shqiperia.com\/blog\/wp-content\/uploads\/2026\/07\/auto_ramaballuku1773132979.jpg?fit=770%2C517&ssl=1&resize=350%2C200","width":350,"height":200,"srcset":"https:\/\/i0.wp.com\/www.shqiperia.com\/blog\/wp-content\/uploads\/2026\/07\/auto_ramaballuku1773132979.jpg?fit=770%2C517&ssl=1&resize=350%2C200 1x, https:\/\/i0.wp.com\/www.shqiperia.com\/blog\/wp-content\/uploads\/2026\/07\/auto_ramaballuku1773132979.jpg?fit=770%2C517&ssl=1&resize=525%2C300 1.5x, https:\/\/i0.wp.com\/www.shqiperia.com\/blog\/wp-content\/uploads\/2026\/07\/auto_ramaballuku1773132979.jpg?fit=770%2C517&ssl=1&resize=700%2C400 2x"},"classes":[]},{"id":102235,"url":"https:\/\/www.shqiperia.com\/blog\/bbc-jehone-protestave-masive-ne-tirane-shqiptaret-kerkojne-doreheqjen-e-edi-rames\/","url_meta":{"origin":31632,"position":4},"title":"BBC jehon\u00eb protestave masive n\u00eb Tiran\u00eb: Shqiptar\u00ebt k\u00ebrkojn\u00eb dor\u00ebheqjen e Edi Ram\u00ebs","author":"Kurt Farka","date":"July 5, 2026","format":false,"excerpt":"5 Korrok 2026 Media britanike prestigjioze BBC i ka kushtuar nj\u00eb artikull protestave masive n\u00eb Shqip\u00ebri, t\u00eb cilat k\u00ebrkojn\u00eb prej m\u00eb shum\u00eb se nj\u00eb muaji largimin e kryeministrit Edi Rama dhe qeveris\u00eb s\u00eb tij. Artikulli i plot\u00eb i BBC: Fillimisht protestuan kund\u00ebr flamingos, tani turma n\u00eb rrug\u00ebt posht\u00eb zyr\u00ebs s\u00eb\u2026","rel":"","context":"In &quot;Blogu i Udh\u00ebtarit&quot;","block_context":{"text":"Blogu i Udh\u00ebtarit","link":"https:\/\/www.shqiperia.com\/blog\/category\/blogu-i-udhetarit\/"},"img":{"alt_text":"","src":"https:\/\/i0.wp.com\/www.shqiperia.com\/blog\/wp-content\/uploads\/2026\/07\/Edi-Rama-2.webp?fit=1024%2C570&ssl=1&resize=350%2C200","width":350,"height":200,"srcset":"https:\/\/i0.wp.com\/www.shqiperia.com\/blog\/wp-content\/uploads\/2026\/07\/Edi-Rama-2.webp?fit=1024%2C570&ssl=1&resize=350%2C200 1x, https:\/\/i0.wp.com\/www.shqiperia.com\/blog\/wp-content\/uploads\/2026\/07\/Edi-Rama-2.webp?fit=1024%2C570&ssl=1&resize=525%2C300 1.5x, https:\/\/i0.wp.com\/www.shqiperia.com\/blog\/wp-content\/uploads\/2026\/07\/Edi-Rama-2.webp?fit=1024%2C570&ssl=1&resize=700%2C400 2x"},"classes":[]},{"id":104759,"url":"https:\/\/www.shqiperia.com\/blog\/nderkombetaret-po-vezhgojne-protesten-te-mos-kemi-me-dhune-policore-dhe-presion\/","url_meta":{"origin":31632,"position":5},"title":"Nd\u00ebrkomb\u00ebtar\u00ebt po v\u00ebzhgojn\u00eb Protest\u00ebn: &#8211; T\u00eb mos kemi m\u00eb dhun\u00eb policore dhe presion!","author":"Kurt Farka","date":"August 19, 2026","format":false,"excerpt":"19 Gusht 2026 Protesta kund\u00ebr kryeministrit Edi Rama ka hyr\u00eb n\u00eb dit\u00ebn e 81-t\u00eb, nd\u00ebrsa pjes\u00ebmarr\u00ebsit deklarojn\u00eb se do t\u00eb vijojn\u00eb q\u00ebndrimin e tyre n\u00eb shesh deri n\u00eb dor\u00ebheqjen e kreut t\u00eb qeveris\u00eb. Gjat\u00eb protest\u00ebs, nj\u00eb prej qytetar\u00ebve b\u00ebri t\u00eb ditur se grupi koordinues i l\u00ebvizjes, s\u00eb bashku me protestues\u2026","rel":"","context":"In &quot;Blogu i Udh\u00ebtarit&quot;","block_context":{"text":"Blogu i Udh\u00ebtarit","link":"https:\/\/www.shqiperia.com\/blog\/category\/blogu-i-udhetarit\/"},"img":{"alt_text":"","src":"https:\/\/i0.wp.com\/www.shqiperia.com\/blog\/wp-content\/uploads\/2026\/08\/nn-770x343-6a85f989cc28a.jpg?fit=770%2C343&ssl=1&resize=350%2C200","width":350,"height":200,"srcset":"https:\/\/i0.wp.com\/www.shqiperia.com\/blog\/wp-content\/uploads\/2026\/08\/nn-770x343-6a85f989cc28a.jpg?fit=770%2C343&ssl=1&resize=350%2C200 1x, https:\/\/i0.wp.com\/www.shqiperia.com\/blog\/wp-content\/uploads\/2026\/08\/nn-770x343-6a85f989cc28a.jpg?fit=770%2C343&ssl=1&resize=525%2C300 1.5x, https:\/\/i0.wp.com\/www.shqiperia.com\/blog\/wp-content\/uploads\/2026\/08\/nn-770x343-6a85f989cc28a.jpg?fit=770%2C343&ssl=1&resize=700%2C400 2x"},"classes":[]}],"_links":{"self":[{"href":"https:\/\/www.shqiperia.com\/blog\/wp-json\/wp\/v2\/posts\/31632","targetHints":{"allow":["GET"]}}],"collection":[{"href":"https:\/\/www.shqiperia.com\/blog\/wp-json\/wp\/v2\/posts"}],"about":[{"href":"https:\/\/www.shqiperia.com\/blog\/wp-json\/wp\/v2\/types\/post"}],"author":[{"embeddable":true,"href":"https:\/\/www.shqiperia.com\/blog\/wp-json\/wp\/v2\/users\/9"}],"replies":[{"embeddable":true,"href":"https:\/\/www.shqiperia.com\/blog\/wp-json\/wp\/v2\/comments?post=31632"}],"version-history":[{"count":1,"href":"https:\/\/www.shqiperia.com\/blog\/wp-json\/wp\/v2\/posts\/31632\/revisions"}],"predecessor-version":[{"id":31634,"href":"https:\/\/www.shqiperia.com\/blog\/wp-json\/wp\/v2\/posts\/31632\/revisions\/31634"}],"wp:featuredmedia":[{"embeddable":true,"href":"https:\/\/www.shqiperia.com\/blog\/wp-json\/wp\/v2\/media\/31633"}],"wp:attachment":[{"href":"https:\/\/www.shqiperia.com\/blog\/wp-json\/wp\/v2\/media?parent=31632"}],"wp:term":[{"taxonomy":"category","embeddable":true,"href":"https:\/\/www.shqiperia.com\/blog\/wp-json\/wp\/v2\/categories?post=31632"},{"taxonomy":"post_tag","embeddable":true,"href":"https:\/\/www.shqiperia.com\/blog\/wp-json\/wp\/v2\/tags?post=31632"}],"curies":[{"name":"wp","href":"https:\/\/api.w.org\/{rel}","templated":true}]}}