{"id":31629,"date":"2020-02-20T17:10:42","date_gmt":"2020-02-20T17:10:42","guid":{"rendered":"https:\/\/www.shqiperia.com\/blog\/?p=31629"},"modified":"2020-02-20T17:10:42","modified_gmt":"2020-02-20T17:10:42","slug":"sorrat-kurre-sdo-te-behen-shqiponja-presidenti-meta-mesazh-te-forte-shqiperia-nuk-do-te-jete-me-as-mavi-dhe-as-mavri-nga-2-marsi","status":"publish","type":"post","link":"https:\/\/www.shqiperia.com\/blog\/sorrat-kurre-sdo-te-behen-shqiponja-presidenti-meta-mesazh-te-forte-shqiperia-nuk-do-te-jete-me-as-mavi-dhe-as-mavri-nga-2-marsi\/","title":{"rendered":"\u201cSorrat kurr\u00eb s\u2019do t\u00eb b\u00ebhen shqiponja\u201d-Presidenti Meta mesazh t\u00eb fort\u00eb: Shqip\u00ebria nuk do t\u00eb jet\u00eb m\u00eb as mavi dhe as mavri, nga 2 marsi\u2026"},"content":{"rendered":"<p><img data-recalc-dims=\"1\" loading=\"lazy\" decoding=\"async\" data-attachment-id=\"31630\" data-permalink=\"https:\/\/www.shqiperia.com\/blog\/sorrat-kurre-sdo-te-behen-shqiponja-presidenti-meta-mesazh-te-forte-shqiperia-nuk-do-te-jete-me-as-mavi-dhe-as-mavri-nga-2-marsi\/presidenti-meta-3\/\" data-orig-file=\"https:\/\/i0.wp.com\/www.shqiperia.com\/blog\/wp-content\/uploads\/2020\/02\/presidenti-Meta.png?fit=846%2C437&amp;ssl=1\" data-orig-size=\"846,437\" data-comments-opened=\"1\" data-image-meta=\"{&quot;aperture&quot;:&quot;0&quot;,&quot;credit&quot;:&quot;&quot;,&quot;camera&quot;:&quot;&quot;,&quot;caption&quot;:&quot;&quot;,&quot;created_timestamp&quot;:&quot;0&quot;,&quot;copyright&quot;:&quot;&quot;,&quot;focal_length&quot;:&quot;0&quot;,&quot;iso&quot;:&quot;0&quot;,&quot;shutter_speed&quot;:&quot;0&quot;,&quot;title&quot;:&quot;&quot;,&quot;orientation&quot;:&quot;0&quot;}\" data-image-title=\"presidenti-Meta\" data-image-description=\"\" data-image-caption=\"\" data-medium-file=\"https:\/\/i0.wp.com\/www.shqiperia.com\/blog\/wp-content\/uploads\/2020\/02\/presidenti-Meta.png?fit=300%2C155&amp;ssl=1\" data-large-file=\"https:\/\/i0.wp.com\/www.shqiperia.com\/blog\/wp-content\/uploads\/2020\/02\/presidenti-Meta.png?fit=846%2C437&amp;ssl=1\" class=\"alignnone  wp-image-31630\" alt=\"\" src=\"https:\/\/i0.wp.com\/www.shqiperia.com\/blog\/wp-content\/uploads\/2020\/02\/presidenti-Meta.png?resize=612%2C316&#038;ssl=1\" width=\"612\" height=\"316\" srcset=\"https:\/\/i0.wp.com\/www.shqiperia.com\/blog\/wp-content\/uploads\/2020\/02\/presidenti-Meta.png?resize=300%2C155&amp;ssl=1 300w, https:\/\/i0.wp.com\/www.shqiperia.com\/blog\/wp-content\/uploads\/2020\/02\/presidenti-Meta.png?resize=768%2C397&amp;ssl=1 768w, https:\/\/i0.wp.com\/www.shqiperia.com\/blog\/wp-content\/uploads\/2020\/02\/presidenti-Meta.png?resize=450%2C232&amp;ssl=1 450w, https:\/\/i0.wp.com\/www.shqiperia.com\/blog\/wp-content\/uploads\/2020\/02\/presidenti-Meta.png?resize=600%2C310&amp;ssl=1 600w, https:\/\/i0.wp.com\/www.shqiperia.com\/blog\/wp-content\/uploads\/2020\/02\/presidenti-Meta.png?resize=400%2C207&amp;ssl=1 400w, https:\/\/i0.wp.com\/www.shqiperia.com\/blog\/wp-content\/uploads\/2020\/02\/presidenti-Meta.png?w=846&amp;ssl=1 846w\" sizes=\"auto, (max-width: 612px) 100vw, 612px\" \/><\/p>\n<p>\u201cSorrat kurr\u00eb s\u2019do t\u00eb b\u00ebhen shqiponja\u201d-Presidenti Meta mesazh t\u00eb fort\u00eb: Shqip\u00ebria nuk do t\u00eb jet\u00eb m\u00eb as mavi dhe as mavri, nga 2 marsi\u2026<\/p>\n<p><em>20 shkurt 2020<\/em><\/p>\n<p><strong>Presidenti Ilir Meta dha nj\u00eb mesazh t\u00eb fort\u00eb, ku tha se \u00a0\u201cSorrat kurr\u00eb s\u2019do t\u00eb b\u00ebhen shqiponja\u201d.<\/strong><\/p>\n<p>N\u00eb nj\u00eb konferenc\u00eb p\u00ebr shtyp, ku publikoi ato q\u00eb i quajti fakte t\u00eb \u201cpaligjshm\u00ebris\u00eb dhe kapjen e institucioneve nga mazhoranca\u201d, Presidenti Meta b\u00ebri edhe nj\u00ebher\u00eb thirrje p\u00ebr pjes\u00ebmarrje n\u00eb tubimin e 2 marsit, nd\u00ebrsa tha se \u201cShqip\u00ebria nuk do t\u00eb jet\u00eb m\u00eb as mavi dhe as mavri, por kuq e zi\u201d.<\/p>\n<p>\u201c<em>Shqip\u00ebria nuk do t\u00eb b\u00ebhet m\u00eb kurr\u00eb as mavi dhe as mavri, do t\u00eb b\u00ebhet kuq e zi. Ndaj n\u00eb 2 mars mos d\u00ebgjoni ato mashtrimet q\u00eb u ka hyr\u00eb tmerri nga populli. Njer\u00ebzit kan\u00eb ikur pse nuk kan\u00eb paguar nj\u00eb fatur\u00eb dritash nd\u00ebrsa k\u00ebtu rr\u00ebmbehet duke dhunuar kushtetut\u00ebn ku \u00ebsht\u00eb p\u00ebrfshir\u00eb gjith\u00eb parlamenti.<\/em><\/p>\n<p><em>\u00a0Ata kan\u00eb krijuar iden\u00eb q\u00eb shqiptaret sikur jan\u00eb dor\u00ebzuar, por nuk e din\u00eb akoma se ky \u00ebsht\u00eb nj\u00eb popull shqiponjash dhe sorrat kurr\u00eb nuk do t\u00eb b\u00ebhen shqiponja. Shqiponjat do t\u00eb mblidhen k\u00ebtu n\u00eb 2 mars p\u00ebr ta b\u00ebr\u00eb Shqip\u00ebrin\u00eb kuq e zi. Nuk i ftoj p\u00ebr t\u00eb ardhur p\u00ebr presidentin, por p\u00ebr f\u00ebmij\u00ebt e tyre<\/em>\u201d, tha Meta.<\/p>\n<p><strong>Pjes\u00eb nga fjala e Presidentit:<\/strong><\/p>\n<p>Po b\u00ebhem hetues vullnetar i SPAK, pa pages\u00eb pa shp\u00ebrblim. E nxora z.Dervishaj sepse ka qen\u00eb n\u00eb \u00e7do mbledhje t\u00eb KED. Ai flet edhe si jurist edhe shum\u00eb mir\u00eb. T\u00eb kalojm\u00eb te shkresa e 5 n\u00ebntorit q\u00eb Presidenti i d\u00ebrgon, Kuvendit, Avokatit t\u00eb Popullit, KED dhe t\u00eb gjith\u00eb ambasadave q\u00eb japin 200 milion euro p\u00ebr Drejt\u00ebsin\u00eb. Tani shikoni se si punon Presidenti.\u00a0 Se jan\u00eb b\u00ebr\u00eb ja 10 shkresa zyrtare q\u00eb n\u00eb gusht q\u00eb duhet respektuar ligji q\u00eb nuk duhet t\u00eb p\u00ebrplasemi, po presidenti i toleroi aman t\u00eb plot\u00ebsoj\u00eb kushtet Bundestagut dhe BE. Dhe ky ishte paralajm\u00ebrimi i fundit. Presidenti, pasi ka sqaruar se si \u00ebsht\u00eb Kushtetuta e shkruar dhe thot\u00eb p\u00ebr ta ruajtur Kushtetutshm\u00ebrin\u00eb e k\u00ebtij procesi, Presidenti nuk mund t\u00eb shkel\u00eb Kushtetut\u00ebn se Kushtetuta thot\u00eb q\u00eb t\u00eb dytin e zgjedh Kuvendi. Deri n\u00eb zgjedhjen e an\u00ebtarit t\u00eb dyt\u00eb nga Kuvendi, por edhe n\u00ebse nuk e zgjidhni thot\u00eb Presidenti, at\u00ebher\u00eb Presidentit i fillonte afati 30 ditor p\u00ebr zgjedhjen e an\u00ebtarit t\u00eb tij. Disa nga k\u00ebta Kandiat\u00ebe nuk kan\u00eb kaluar provimin e Magjistratur\u00ebs q\u00eb ishte te kushtet. Tani n\u00eb 8 n\u00ebntor, estrada. \u00a0T\u00eb nj\u00ebjt\u00ebn let\u00ebr ja d\u00ebrgova t\u00eb gjith\u00ebve, tani kryetari i Kuvendit ja d\u00ebrgon vet\u00ebm Ardian Dvoranit, po ky kur kishte merak se \u00e7far\u00eb do b\u00ebnte Presidenti, t\u2019i kthente p\u00ebrgjigje Presidentit. P\u00ebrgjigja q\u00eb i kthen Dvorani, edhe pse nuk ja k\u00ebrkon atij si person, se Dvorani \u00ebsht\u00eb zero n\u00eb raport me vendimmarrjen, ai \u00ebsht\u00eb vet\u00ebm nj\u00eb korrier, vendimin e \u00a0merr KED jo Dvorani. Ai i p\u00ebrgjigjet- duke qen\u00eb q\u00eb afati 30 ditor p\u00ebrfundon dit\u00ebn e sotme-, po ky \u00ebsht\u00eb afati i Dvoranit, kush\u00a0 e caktoi at\u00eb p\u00ebr Presidentin? Po tmerrohen edhe nd\u00ebrkomb\u00ebtar\u00ebt e ndersh\u00ebm tani q\u00eb po i kuptojn\u00eb k\u00ebto gj\u00ebra sepse nuk do kishin mund\u00ebsi tja vidhnin Presidentit n\u00eb m\u00ebnyr\u00eb mafioze dhe t\u00eb b\u00ebjn\u00eb leck\u00eb Kushtetut\u00ebn e vendit. Ky n\u00eb t\u00eb gjitha k\u00ebto mashtron dhe thot\u00eb nuk kam par\u00eb gj\u00eb n\u00eb faqen e \u00cbeb t\u00eb Presidentit edhe pse un\u00eb i d\u00ebrgoj letra. Kur nuk pasa r\u00ebnd\u00ebsi radha, ky q\u00eb komunikon kaq shum\u00eb me kreun e Kuvendit, Ru\u00e7in, pse Dvorani nuk ja \u00e7oi t\u00eb parin Parlamentit dhe pastaj tja sillte Presidentit? Po ata donin q\u00eb kur Presidenti t\u00eb shprehej p\u00ebr t\u00eb dytin para Presidentit do thoshin \u201cti shkele kushtetut\u00ebn\u201d. E konsideroka ky sipas qejfit t\u00eb tij q\u00eb u zgjidhka kjo si an\u00ebtare e Gjykat\u00ebs Kushtetuese sepse Presidenti nuk respektoi 30 dit\u00ebshin. Radha \u00ebsht\u00eb shum\u00eb e r\u00ebnd\u00ebsishme n\u00eb Kushtetut\u00eb, e ka shkruar Venecia, p\u00ebr arsye sepse mund t\u00eb q\u00eblloi q\u00eb Presidenti dhe Maxhoranca n\u00eb Parlament mund t\u00eb jen\u00eb n\u00eb nj\u00eb linj\u00eb politike. \u00cbsht\u00eb e r\u00ebnd\u00ebsish\u00ebm t\u00eb jet\u00eb e balancuar. Venecia dhe Kushtetuta, n\u00eb raportin Kuvend, President, i jep p\u00ebrpar\u00ebsi Presidentit sepse \u00ebsht\u00eb garanti i fundit i Kushtetut\u00ebs s\u00eb Shqip\u00ebris\u00eb. grupi Kriminal \u00ebsht\u00eb edhe m\u00eb i thell\u00eb se sa e kishim menduar ne, se do kemi fakte t\u00eb tjera. K\u00ebrkojn\u00eb tja marrin kompetencat kushtetuese Presidentit me akte anti-kushtetuese. Shqip\u00ebria nuk do t\u00eb b\u00ebhet m\u00eb kurr\u00eb as mavi dhe as mavri, do t\u00eb b\u00ebhet kuq e zi. Ndaj n\u00eb 2 mars mos d\u00ebgjoni ato mashtrimet q\u00eb u ka hyr\u00eb tmerri nga populli.<\/p>\n<p>Njer\u00ebzit kan\u00eb ikur pse nuk kan\u00eb paguar nj\u00eb fatur\u00eb dritash nd\u00ebrsa k\u00ebtu rr\u00ebmbehet duke dhunuar kushtetut\u00ebn ku \u00ebsht\u00eb p\u00ebrfshir\u00eb gjith\u00eb parlamenti. Ata kan\u00eb krijuar iden\u00eb q\u00eb shqiptaret sikur jan\u00eb dor\u00ebzuar, por nuk e din\u00eb akoma se ky \u00ebsht\u00eb nj\u00eb popull shqiponjash dhe sorrat kurr\u00eb nuk do t\u00eb b\u00ebhen shqiponja. Shqiponjat do t\u00eb mblidhen k\u00ebtu n\u00eb 2 mars p\u00ebr ta b\u00ebr\u00eb Shqip\u00ebrin\u00eb kuq e zi. Nuk i ftoj p\u00ebr t\u00eb ardhur p\u00ebr presidentin, por p\u00ebr f\u00ebmij\u00ebt e tyre.<\/p>\n<p>Gazeta Panorama<\/p>\n","protected":false},"excerpt":{"rendered":"<p>\u201cSorrat kurr\u00eb s\u2019do t\u00eb b\u00ebhen shqiponja\u201d-Presidenti Meta mesazh t\u00eb fort\u00eb: Shqip\u00ebria nuk do t\u00eb jet\u00eb m\u00eb as mavi dhe as mavri, nga 2 marsi\u2026 20 shkurt 2020 Presidenti Ilir Meta dha nj\u00eb mesazh t\u00eb fort\u00eb, ku tha se \u00a0\u201cSorrat kurr\u00eb s\u2019do t\u00eb b\u00ebhen shqiponja\u201d. N\u00eb nj\u00eb konferenc\u00eb p\u00ebr shtyp, ku publikoi ato q\u00eb i quajti [&hellip;]<\/p>\n","protected":false},"author":9,"featured_media":31630,"comment_status":"open","ping_status":"open","sticky":false,"template":"","format":"standard","meta":{"jetpack_post_was_ever_published":false,"_jetpack_newsletter_access":"","_jetpack_dont_email_post_to_subs":false,"_jetpack_newsletter_tier_id":0,"_jetpack_memberships_contains_paywalled_content":false,"_jetpack_memberships_contains_paid_content":false,"footnotes":"","jetpack_publicize_message":"","jetpack_publicize_feature_enabled":true,"jetpack_social_post_already_shared":true,"jetpack_social_options":{"image_generator_settings":{"template":"highway","default_image_id":0,"font":"","enabled":false},"version":2}},"categories":[27,2],"tags":[],"class_list":["post-31629","post","type-post","status-publish","format-standard","has-post-thumbnail","hentry","category-blogu-i-udhetarit","category-politika"],"jetpack_publicize_connections":[],"jetpack_featured_media_url":"https:\/\/i0.wp.com\/www.shqiperia.com\/blog\/wp-content\/uploads\/2020\/02\/presidenti-Meta.png?fit=846%2C437&ssl=1","jetpack_sharing_enabled":true,"jetpack_shortlink":"https:\/\/wp.me\/p5Z6wp-8e9","jetpack-related-posts":[{"id":39351,"url":"https:\/\/www.shqiperia.com\/blog\/o-me-demokracine-o-me-djalin-e-kristaqit-meta-paralajmerim-te-forte-presidenti-do-te-jete-ne-krye-te\/","url_meta":{"origin":31629,"position":0},"title":"\u201cO me demokracin\u00eb o me djalin e Kristaqit\u201d- Meta paralajm\u00ebrim t\u00eb fort\u00eb: Presidenti do t\u00eb jet\u00eb n\u00eb krye t\u00eb\u2026","author":"Kurt Farka","date":"October 7, 2020","format":false,"excerpt":"\u201cO me demokracin\u00eb o me djalin e Kristaqit\u201d- Meta paralajm\u00ebrim t\u00eb fort\u00eb: Presidenti do t\u00eb jet\u00eb n\u00eb krye t\u00eb\u2026 6 tetor 2020 Presidenti Ilir Meta thot\u00eb se zgjedhjet e 25 prillit do t\u00eb jen\u00eb nj\u00eb referendum si asnj\u00ebher\u00eb m\u00eb par\u00eb n\u00eb vendin ton\u00eb. Sipas tij, shqiptar\u00ebt jan\u00eb ngritur kur iu\u2026","rel":"","context":"In &quot;Blogu i Udh\u00ebtarit&quot;","block_context":{"text":"Blogu i Udh\u00ebtarit","link":"https:\/\/www.shqiperia.com\/blog\/category\/blogu-i-udhetarit\/"},"img":{"alt_text":"","src":"https:\/\/i0.wp.com\/www.shqiperia.com\/blog\/wp-content\/uploads\/2020\/10\/unnamed-1.jpg?fit=512%2C292&ssl=1&resize=350%2C200","width":350,"height":200},"classes":[]},{"id":53546,"url":"https:\/\/www.shqiperia.com\/blog\/meta-qeveria-fsheh-borxhin-publik-ti-leme-gallatat-me-ekonomine-se-do-falimentojme\/","url_meta":{"origin":31629,"position":1},"title":"Meta: -Qeveria fsheh borxhin publik! &#8211; T&#8217;i l\u00ebm\u00eb gallatat me ekonomin\u00eb se do falimentojm\u00eb","author":"Kurt Farka","date":"January 28, 2022","format":false,"excerpt":"Meta: -Qeveria fsheh borxhin publik! - T'i l\u00ebm\u00eb gallatat me ekonomin\u00eb se do falimentojm\u00eb 28 JANAR 2022 Presidenti Ilir Meta n\u00eb nj\u00eb konferenc\u00eb p\u00ebr median ngriti shqet\u00ebsimin p\u00ebr rritjen e nivelit t\u00eb borxhit publik, duke e akuzuar qeverin\u00eb Rama se po e fsheh at\u00eb. Meta paraqiti disa shifra t\u00eb borxhit\u2026","rel":"","context":"In &quot;Blogu i Udh\u00ebtarit&quot;","block_context":{"text":"Blogu i Udh\u00ebtarit","link":"https:\/\/www.shqiperia.com\/blog\/category\/blogu-i-udhetarit\/"},"img":{"alt_text":"","src":"https:\/\/i0.wp.com\/www.shqiperia.com\/blog\/wp-content\/uploads\/2022\/01\/borxhi-rama.jpg?fit=670%2C375&ssl=1&resize=350%2C200","width":350,"height":200,"srcset":"https:\/\/i0.wp.com\/www.shqiperia.com\/blog\/wp-content\/uploads\/2022\/01\/borxhi-rama.jpg?fit=670%2C375&ssl=1&resize=350%2C200 1x, https:\/\/i0.wp.com\/www.shqiperia.com\/blog\/wp-content\/uploads\/2022\/01\/borxhi-rama.jpg?fit=670%2C375&ssl=1&resize=525%2C300 1.5x"},"classes":[]},{"id":32006,"url":"https:\/\/www.shqiperia.com\/blog\/ylli-rakipi-nuk-doli-ne-shesh-presidenti-i-republikes-por-nje-politikan-rrace-qe-dha-nje-mesazh-te-qarte\/","url_meta":{"origin":31629,"position":2},"title":"Ylli Rakipi: &#8211; Nuk doli n\u00eb shesh Presidenti i Republik\u00ebs, por nj\u00eb politikan rrace q\u00eb dha nj\u00eb mesazh t\u00eb qart\u00eb","author":"Kurt Farka","date":"March 3, 2020","format":false,"excerpt":"Ylli Rakipi: - Nuk doli n\u00eb shesh Presidenti i Republik\u00ebs, por nj\u00eb politikan rrace q\u00eb dha nj\u00eb mesazh t\u00eb qart\u00eb 2 Mars, 2020 Gazetari Ylli Rakipi ka qen\u00eb i ftuar n\u00eb studion e Abc News, me gazetaren Mirela Milori, p\u00ebr t\u00eb diskutuar aktualitetin politik n\u00eb vend dhe tubimin e sot\u00ebm\u2026","rel":"","context":"In &quot;Blogu i Udh\u00ebtarit&quot;","block_context":{"text":"Blogu i Udh\u00ebtarit","link":"https:\/\/www.shqiperia.com\/blog\/category\/blogu-i-udhetarit\/"},"img":{"alt_text":"","src":"https:\/\/i0.wp.com\/www.shqiperia.com\/blog\/wp-content\/uploads\/2020\/03\/Screenshot-2020-03-02-at-19.09.44.png?fit=1200%2C655&ssl=1&resize=350%2C200","width":350,"height":200,"srcset":"https:\/\/i0.wp.com\/www.shqiperia.com\/blog\/wp-content\/uploads\/2020\/03\/Screenshot-2020-03-02-at-19.09.44.png?fit=1200%2C655&ssl=1&resize=350%2C200 1x, https:\/\/i0.wp.com\/www.shqiperia.com\/blog\/wp-content\/uploads\/2020\/03\/Screenshot-2020-03-02-at-19.09.44.png?fit=1200%2C655&ssl=1&resize=525%2C300 1.5x, https:\/\/i0.wp.com\/www.shqiperia.com\/blog\/wp-content\/uploads\/2020\/03\/Screenshot-2020-03-02-at-19.09.44.png?fit=1200%2C655&ssl=1&resize=700%2C400 2x, https:\/\/i0.wp.com\/www.shqiperia.com\/blog\/wp-content\/uploads\/2020\/03\/Screenshot-2020-03-02-at-19.09.44.png?fit=1200%2C655&ssl=1&resize=1050%2C600 3x"},"classes":[]},{"id":46502,"url":"https:\/\/www.shqiperia.com\/blog\/do-kete-veprime-te-paimagjinueshme-paralajmeron-meta-populli-te-behet-gati-presidenti-nuk-do\/","url_meta":{"origin":31629,"position":3},"title":"\u201cDo ket\u00eb veprime t\u00eb paimagjinueshme\u201d Paralajm\u00ebron Meta: &#8211; Populli t\u00eb b\u00ebhet gati, presidenti nuk do&#8230;","author":"Kurt Farka","date":"April 17, 2021","format":false,"excerpt":"\u201cDo ket\u00eb veprime t\u00eb paimagjinueshme\u201d Paralajm\u00ebron Meta: - Populli t\u00eb b\u00ebhet gati, presidenti nuk do... 15 MARS 2021 Me tone t\u00eb ashpra, Presidenti Ilir Meta deklaroi se do t\u00eb b\u00ebj\u00eb gjith\u00e7ka p\u00ebr t\u00eb mbrojtur zgjedhjet e 25 Prillit. Meta theksoi se \u201cdo t\u00eb ket\u00eb veprime t\u00eb paimagjinueshme p\u00ebr ata q\u00eb\u2026","rel":"","context":"In &quot;Blogu i Udh\u00ebtarit&quot;","block_context":{"text":"Blogu i Udh\u00ebtarit","link":"https:\/\/www.shqiperia.com\/blog\/category\/blogu-i-udhetarit\/"},"img":{"alt_text":"","src":"https:\/\/i0.wp.com\/www.shqiperia.com\/blog\/wp-content\/uploads\/2021\/04\/Ilir-Meta-1.jpg?fit=640%2C375&ssl=1&resize=350%2C200","width":350,"height":200,"srcset":"https:\/\/i0.wp.com\/www.shqiperia.com\/blog\/wp-content\/uploads\/2021\/04\/Ilir-Meta-1.jpg?fit=640%2C375&ssl=1&resize=350%2C200 1x, https:\/\/i0.wp.com\/www.shqiperia.com\/blog\/wp-content\/uploads\/2021\/04\/Ilir-Meta-1.jpg?fit=640%2C375&ssl=1&resize=525%2C300 1.5x"},"classes":[]},{"id":1242,"url":"https:\/\/www.shqiperia.com\/blog\/shqiponja-iliro-arberore-e-sapogjetur-ne-nekropolin-e-komanit-nga-etleva-nallbani\/","url_meta":{"origin":31629,"position":4},"title":"Shqiponja iliro-arb\u00ebrore e sapogjetur n\u00eb nekropolin e Komanit nga Etleva Nallbani.","author":"Kurt Farka","date":"January 13, 2018","format":false,"excerpt":"Zbulohet shqiponja iliro-arb\u00ebrore aty ku do t\u00eb kalonin shtyllat e Komanit \u201cShqiponja iliro-arb\u00ebrore e sapogjetur n\u00eb nekropolin e Komanit nga arkeologia Etleva Nallbani. Gjetje shum\u00eb e r\u00ebnd\u00ebsishme. (E t\u00eb mendosh q\u00eb aty do kalonin shtyllat e tensionit t\u00eb lart\u00eb\u2026 Sa keq q\u00eb mbet\u00ebm pa shtylla)\u201d. K\u00ebshtu e ka komentuar foton\u2026","rel":"","context":"In &quot;Trashegimi Kulturore&quot;","block_context":{"text":"Trashegimi Kulturore","link":"https:\/\/www.shqiperia.com\/blog\/category\/trashegimi-kulturore\/"},"img":{"alt_text":"","src":"https:\/\/i0.wp.com\/www.shqiperia.com\/blog\/wp-content\/uploads\/2018\/01\/Etleva-Nallbani-2.jpg?fit=480%2C361&ssl=1&resize=350%2C200","width":350,"height":200},"classes":[]},{"id":46693,"url":"https:\/\/www.shqiperia.com\/blog\/meta-nga-kavaja-mesazh-rames-thirri-mendjes-dhe-mblidhi-kriminelet-kavaja-dhe-shqiperia-nuk-poshterohen\/","url_meta":{"origin":31629,"position":5},"title":"Meta nga Kavaja, mesazh Ram\u00ebs: &#8211; Thirri mendjes dhe mblidhi kriminel\u00ebt. Kavaja dhe Shqip\u00ebria nuk posht\u00ebrohen","author":"Kurt Farka","date":"April 20, 2021","format":false,"excerpt":"Meta nga Kavaja, mesazh Ram\u00ebs: - Thirri mendjes dhe mblidhi kriminel\u00ebt. Kavaja dhe Shqip\u00ebria nuk posht\u00ebrohen 19\/04\/2021 Presidenti Ilir Meta u shpreh sot nga Kavaja se plagosja e t\u00eb riut n\u00eb zyrat e PD \u00ebsht\u00eb nj\u00eb ngjarje kriminale q\u00eb duhet t\u00eb hetohet sa m\u00eb par\u00eb nga drejt\u00ebsia. Kreu i shtetit\u2026","rel":"","context":"In &quot;Blogu i Udh\u00ebtarit&quot;","block_context":{"text":"Blogu i Udh\u00ebtarit","link":"https:\/\/www.shqiperia.com\/blog\/category\/blogu-i-udhetarit\/"},"img":{"alt_text":"","src":"https:\/\/i0.wp.com\/www.shqiperia.com\/blog\/wp-content\/uploads\/2021\/04\/Meta-ne-Kavaje.jpeg?fit=1200%2C652&ssl=1&resize=350%2C200","width":350,"height":200,"srcset":"https:\/\/i0.wp.com\/www.shqiperia.com\/blog\/wp-content\/uploads\/2021\/04\/Meta-ne-Kavaje.jpeg?fit=1200%2C652&ssl=1&resize=350%2C200 1x, https:\/\/i0.wp.com\/www.shqiperia.com\/blog\/wp-content\/uploads\/2021\/04\/Meta-ne-Kavaje.jpeg?fit=1200%2C652&ssl=1&resize=525%2C300 1.5x, https:\/\/i0.wp.com\/www.shqiperia.com\/blog\/wp-content\/uploads\/2021\/04\/Meta-ne-Kavaje.jpeg?fit=1200%2C652&ssl=1&resize=700%2C400 2x, https:\/\/i0.wp.com\/www.shqiperia.com\/blog\/wp-content\/uploads\/2021\/04\/Meta-ne-Kavaje.jpeg?fit=1200%2C652&ssl=1&resize=1050%2C600 3x"},"classes":[]}],"_links":{"self":[{"href":"https:\/\/www.shqiperia.com\/blog\/wp-json\/wp\/v2\/posts\/31629","targetHints":{"allow":["GET"]}}],"collection":[{"href":"https:\/\/www.shqiperia.com\/blog\/wp-json\/wp\/v2\/posts"}],"about":[{"href":"https:\/\/www.shqiperia.com\/blog\/wp-json\/wp\/v2\/types\/post"}],"author":[{"embeddable":true,"href":"https:\/\/www.shqiperia.com\/blog\/wp-json\/wp\/v2\/users\/9"}],"replies":[{"embeddable":true,"href":"https:\/\/www.shqiperia.com\/blog\/wp-json\/wp\/v2\/comments?post=31629"}],"version-history":[{"count":1,"href":"https:\/\/www.shqiperia.com\/blog\/wp-json\/wp\/v2\/posts\/31629\/revisions"}],"predecessor-version":[{"id":31631,"href":"https:\/\/www.shqiperia.com\/blog\/wp-json\/wp\/v2\/posts\/31629\/revisions\/31631"}],"wp:featuredmedia":[{"embeddable":true,"href":"https:\/\/www.shqiperia.com\/blog\/wp-json\/wp\/v2\/media\/31630"}],"wp:attachment":[{"href":"https:\/\/www.shqiperia.com\/blog\/wp-json\/wp\/v2\/media?parent=31629"}],"wp:term":[{"taxonomy":"category","embeddable":true,"href":"https:\/\/www.shqiperia.com\/blog\/wp-json\/wp\/v2\/categories?post=31629"},{"taxonomy":"post_tag","embeddable":true,"href":"https:\/\/www.shqiperia.com\/blog\/wp-json\/wp\/v2\/tags?post=31629"}],"curies":[{"name":"wp","href":"https:\/\/api.w.org\/{rel}","templated":true}]}}