{"id":31626,"date":"2020-02-20T13:46:34","date_gmt":"2020-02-20T13:46:34","guid":{"rendered":"https:\/\/www.shqiperia.com\/blog\/?p=31626"},"modified":"2020-02-20T13:46:34","modified_gmt":"2020-02-20T13:46:34","slug":"te-rinjte-e-frpd-se-rrethojne-kryeministrine-dalin-me-thirrjet-e-forta","status":"publish","type":"post","link":"https:\/\/www.shqiperia.com\/blog\/te-rinjte-e-frpd-se-rrethojne-kryeministrine-dalin-me-thirrjet-e-forta\/","title":{"rendered":"T\u00eb rinjt\u00eb e FRPD-s\u00eb rrethojn\u00eb Kryeministrin\u00eb, dalin me thirrjet e forta"},"content":{"rendered":"<p><img data-recalc-dims=\"1\" loading=\"lazy\" decoding=\"async\" data-attachment-id=\"31627\" data-permalink=\"https:\/\/www.shqiperia.com\/blog\/te-rinjte-e-frpd-se-rrethojne-kryeministrine-dalin-me-thirrjet-e-forta\/800-0-5e4e7c3287bb0-2\/\" data-orig-file=\"https:\/\/i0.wp.com\/www.shqiperia.com\/blog\/wp-content\/uploads\/2020\/02\/800-0-5e4e7c3287bb0-1.png?fit=800%2C533&amp;ssl=1\" data-orig-size=\"800,533\" data-comments-opened=\"1\" data-image-meta=\"{&quot;aperture&quot;:&quot;0&quot;,&quot;credit&quot;:&quot;&quot;,&quot;camera&quot;:&quot;&quot;,&quot;caption&quot;:&quot;&quot;,&quot;created_timestamp&quot;:&quot;0&quot;,&quot;copyright&quot;:&quot;&quot;,&quot;focal_length&quot;:&quot;0&quot;,&quot;iso&quot;:&quot;0&quot;,&quot;shutter_speed&quot;:&quot;0&quot;,&quot;title&quot;:&quot;&quot;,&quot;orientation&quot;:&quot;0&quot;}\" data-image-title=\"-800-0-5e4e7c3287bb0\" data-image-description=\"\" data-image-caption=\"\" data-medium-file=\"https:\/\/i0.wp.com\/www.shqiperia.com\/blog\/wp-content\/uploads\/2020\/02\/800-0-5e4e7c3287bb0-1.png?fit=300%2C200&amp;ssl=1\" data-large-file=\"https:\/\/i0.wp.com\/www.shqiperia.com\/blog\/wp-content\/uploads\/2020\/02\/800-0-5e4e7c3287bb0-1.png?fit=800%2C533&amp;ssl=1\" class=\"alignnone  wp-image-31627\" alt=\"\" src=\"https:\/\/i0.wp.com\/www.shqiperia.com\/blog\/wp-content\/uploads\/2020\/02\/800-0-5e4e7c3287bb0-1.png?resize=539%2C359&#038;ssl=1\" width=\"539\" height=\"359\" srcset=\"https:\/\/i0.wp.com\/www.shqiperia.com\/blog\/wp-content\/uploads\/2020\/02\/800-0-5e4e7c3287bb0-1.png?resize=300%2C200&amp;ssl=1 300w, https:\/\/i0.wp.com\/www.shqiperia.com\/blog\/wp-content\/uploads\/2020\/02\/800-0-5e4e7c3287bb0-1.png?resize=768%2C512&amp;ssl=1 768w, https:\/\/i0.wp.com\/www.shqiperia.com\/blog\/wp-content\/uploads\/2020\/02\/800-0-5e4e7c3287bb0-1.png?resize=600%2C400&amp;ssl=1 600w, https:\/\/i0.wp.com\/www.shqiperia.com\/blog\/wp-content\/uploads\/2020\/02\/800-0-5e4e7c3287bb0-1.png?resize=450%2C300&amp;ssl=1 450w, https:\/\/i0.wp.com\/www.shqiperia.com\/blog\/wp-content\/uploads\/2020\/02\/800-0-5e4e7c3287bb0-1.png?resize=400%2C267&amp;ssl=1 400w, https:\/\/i0.wp.com\/www.shqiperia.com\/blog\/wp-content\/uploads\/2020\/02\/800-0-5e4e7c3287bb0-1.png?w=800&amp;ssl=1 800w\" sizes=\"auto, (max-width: 539px) 100vw, 539px\" \/><\/p>\n<p>T\u00eb rinjt\u00eb e FRPD-s\u00eb rrethojn\u00eb Kryeministrin\u00eb, dalin me thirrjet e forta<\/p>\n<p>20 SHKURT 2020<\/p>\n<p>Sikurse e kishin paralajm\u00ebruar t\u00eb rinjt\u00eb e Forumit Rinor t\u00eb Partis\u00eb Demokratike kan\u00eb zhvilluar dit\u00ebn e sotme nj\u00eb protest\u00eb simbolike p\u00ebrpara kryeministris\u00eb n\u00eb kuad\u00ebr t\u00eb 29-vjetorit t\u00eb rr\u00ebzimit t\u00eb regjimit diktatorial.<\/p>\n<p>T\u00eb mbledhur p\u00ebrpara godin\u00ebs s\u00eb qeveris\u00eb dhe me pankarta n\u00eb duar ata kan\u00eb l\u00ebshuar nj\u00ebz\u00ebri thirrjen &#8220;Nga krimi, nga droga na iku Europa&#8221;, nd\u00ebrsa kan\u00eb akuzuar kryeministrin Edi Rama se po mban peng t\u00eb ardhmen e t\u00eb rinjve n\u00eb vend.<\/p>\n<p>Gazeta Sot<\/p>\n","protected":false},"excerpt":{"rendered":"<p>T\u00eb rinjt\u00eb e FRPD-s\u00eb rrethojn\u00eb Kryeministrin\u00eb, dalin me thirrjet e forta 20 SHKURT 2020 Sikurse e kishin paralajm\u00ebruar t\u00eb rinjt\u00eb e Forumit Rinor t\u00eb Partis\u00eb Demokratike kan\u00eb zhvilluar dit\u00ebn e sotme nj\u00eb protest\u00eb simbolike p\u00ebrpara kryeministris\u00eb n\u00eb kuad\u00ebr t\u00eb 29-vjetorit t\u00eb rr\u00ebzimit t\u00eb regjimit diktatorial. T\u00eb mbledhur p\u00ebrpara godin\u00ebs s\u00eb qeveris\u00eb dhe me pankarta n\u00eb [&hellip;]<\/p>\n","protected":false},"author":9,"featured_media":31627,"comment_status":"open","ping_status":"open","sticky":false,"template":"","format":"standard","meta":{"jetpack_post_was_ever_published":false,"_jetpack_newsletter_access":"","_jetpack_dont_email_post_to_subs":false,"_jetpack_newsletter_tier_id":0,"_jetpack_memberships_contains_paywalled_content":false,"_jetpack_memberships_contains_paid_content":false,"footnotes":"","jetpack_publicize_message":"","jetpack_publicize_feature_enabled":true,"jetpack_social_post_already_shared":true,"jetpack_social_options":{"image_generator_settings":{"template":"highway","default_image_id":0,"font":"","enabled":false},"version":2}},"categories":[27,2],"tags":[],"class_list":["post-31626","post","type-post","status-publish","format-standard","has-post-thumbnail","hentry","category-blogu-i-udhetarit","category-politika"],"jetpack_publicize_connections":[],"jetpack_featured_media_url":"https:\/\/i0.wp.com\/www.shqiperia.com\/blog\/wp-content\/uploads\/2020\/02\/800-0-5e4e7c3287bb0-1.png?fit=800%2C533&ssl=1","jetpack_sharing_enabled":true,"jetpack_shortlink":"https:\/\/wp.me\/p5Z6wp-8e6","jetpack-related-posts":[{"id":68934,"url":"https:\/\/www.shqiperia.com\/blog\/te-rinjte-e-frpd-nisin-marshimin-drejt-kryeministrise\/","url_meta":{"origin":31626,"position":0},"title":"T\u00eb rinjt\u00eb e FRPD nisin marshimin drejt kryeministris\u00eb","author":"Kurt Farka","date":"March 3, 2023","format":false,"excerpt":"3 Mars 2023 T\u00eb rinjt\u00eb e Forumit Rinor t\u00eb PD kan\u00eb nisur marshimin drejt Kryeministris\u00eb, p\u00ebr t\u2019iu bashkua m\u00eb pas protest\u00ebs s\u00eb opozit\u00ebs. Qytetar\u00eb, simpatizant\u00eb t\u00eb Partis\u00eb Demokratike jan\u00eb b\u00ebr\u00eb bashk\u00eb p\u00ebr t\u00eb protestuar sot, p\u00ebr keqqeverisjen, sic shprehen ata. Gjithashtu forca t\u00eb shumta policie jan\u00eb pozicionuar p\u00ebrpara Kryeministris\u00eb. P\u00ebrgatitjet\u2026","rel":"","context":"In &quot;Blogu i Udh\u00ebtarit&quot;","block_context":{"text":"Blogu i Udh\u00ebtarit","link":"https:\/\/www.shqiperia.com\/blog\/category\/blogu-i-udhetarit\/"},"img":{"alt_text":"","src":"https:\/\/i0.wp.com\/www.shqiperia.com\/blog\/wp-content\/uploads\/2023\/03\/protesta-1.jpeg?fit=1200%2C679&ssl=1&resize=350%2C200","width":350,"height":200,"srcset":"https:\/\/i0.wp.com\/www.shqiperia.com\/blog\/wp-content\/uploads\/2023\/03\/protesta-1.jpeg?fit=1200%2C679&ssl=1&resize=350%2C200 1x, https:\/\/i0.wp.com\/www.shqiperia.com\/blog\/wp-content\/uploads\/2023\/03\/protesta-1.jpeg?fit=1200%2C679&ssl=1&resize=525%2C300 1.5x, https:\/\/i0.wp.com\/www.shqiperia.com\/blog\/wp-content\/uploads\/2023\/03\/protesta-1.jpeg?fit=1200%2C679&ssl=1&resize=700%2C400 2x, https:\/\/i0.wp.com\/www.shqiperia.com\/blog\/wp-content\/uploads\/2023\/03\/protesta-1.jpeg?fit=1200%2C679&ssl=1&resize=1050%2C600 3x"},"classes":[]},{"id":87216,"url":"https:\/\/www.shqiperia.com\/blog\/lindem-ne-demokraci-jetojme-ne-diktature\/","url_meta":{"origin":31626,"position":1},"title":"\u201cLind\u00ebm n\u00eb Demokraci, jetojm\u00eb n\u00eb diktatur\u00eb\u201d","author":"Kurt Farka","date":"December 8, 2024","format":false,"excerpt":"8 Dhjetor 2024 T\u00eb rinjt\u00eb e FRPD, pas fjalimit t\u00eb mbajtur nga kryedemokrati Sali Berisha n\u00eb Qytet Studenti, kan\u00eb marshuar drejt Kryeministris\u00eb. Ata u vendos\u00ebn para godin\u00ebs ku t\u00eb rinjt\u00eb demokrat\u00eb po mbajn\u00eb fjalime t\u00eb rastit. Pjes\u00eb e manifestimit \u00ebsht\u00eb edhe kreu i PD, nd\u00ebrsa t\u00eb rinjt\u00eb mbajn\u00eb n\u00eb duar\u2026","rel":"","context":"In &quot;Blogu i Udh\u00ebtarit&quot;","block_context":{"text":"Blogu i Udh\u00ebtarit","link":"https:\/\/www.shqiperia.com\/blog\/category\/blogu-i-udhetarit\/"},"img":{"alt_text":"","src":"https:\/\/i0.wp.com\/www.shqiperia.com\/blog\/wp-content\/uploads\/2024\/12\/Protesta-FRPD-8.jpeg?fit=1200%2C800&ssl=1&resize=350%2C200","width":350,"height":200,"srcset":"https:\/\/i0.wp.com\/www.shqiperia.com\/blog\/wp-content\/uploads\/2024\/12\/Protesta-FRPD-8.jpeg?fit=1200%2C800&ssl=1&resize=350%2C200 1x, https:\/\/i0.wp.com\/www.shqiperia.com\/blog\/wp-content\/uploads\/2024\/12\/Protesta-FRPD-8.jpeg?fit=1200%2C800&ssl=1&resize=525%2C300 1.5x, https:\/\/i0.wp.com\/www.shqiperia.com\/blog\/wp-content\/uploads\/2024\/12\/Protesta-FRPD-8.jpeg?fit=1200%2C800&ssl=1&resize=700%2C400 2x, https:\/\/i0.wp.com\/www.shqiperia.com\/blog\/wp-content\/uploads\/2024\/12\/Protesta-FRPD-8.jpeg?fit=1200%2C800&ssl=1&resize=1050%2C600 3x"},"classes":[]},{"id":19092,"url":"https:\/\/www.shqiperia.com\/blog\/nis-protesta-para-parlamentit-mungon-basha-ja-cfare-pritet-te-ndodhe\/","url_meta":{"origin":31626,"position":2},"title":"Nis protesta para Parlamentit, mungon Basha, ja \u00e7far\u00eb pritet t\u00eb ndodh\u00eb. &#8211;","author":"Kurt Farka","date":"April 3, 2019","format":false,"excerpt":"Nis protesta para Parlamentit, mungon Basha, ja \u00e7far\u00eb pritet t\u00eb ndodh\u00eb. - \u00a03 prill 2019 Ora 10:10\/ Protestuesit e opozit\u00ebs jan\u00eb grumbulluar sot para godin\u00ebs s\u00eb Parlamentit me thirrjet: \u201cRama ik, Rama ik. Rama n\u00eb burg!\u201d.\u00a0 N\u00eb munges\u00eb t\u00eb kryetarit t\u00eb opozit\u00ebs, Lulzim Basha, i cili po zhvillon nj\u00eb vizit\u00eb\u2026","rel":"","context":"In &quot;Blogu i Udh\u00ebtarit&quot;","block_context":{"text":"Blogu i Udh\u00ebtarit","link":"https:\/\/www.shqiperia.com\/blog\/category\/blogu-i-udhetarit\/"},"img":{"alt_text":"","src":"https:\/\/i0.wp.com\/www.shqiperia.com\/blog\/wp-content\/uploads\/2019\/04\/protesta-ramaik-ik-1.jpg?fit=1200%2C718&ssl=1&resize=350%2C200","width":350,"height":200,"srcset":"https:\/\/i0.wp.com\/www.shqiperia.com\/blog\/wp-content\/uploads\/2019\/04\/protesta-ramaik-ik-1.jpg?fit=1200%2C718&ssl=1&resize=350%2C200 1x, https:\/\/i0.wp.com\/www.shqiperia.com\/blog\/wp-content\/uploads\/2019\/04\/protesta-ramaik-ik-1.jpg?fit=1200%2C718&ssl=1&resize=525%2C300 1.5x, https:\/\/i0.wp.com\/www.shqiperia.com\/blog\/wp-content\/uploads\/2019\/04\/protesta-ramaik-ik-1.jpg?fit=1200%2C718&ssl=1&resize=700%2C400 2x, https:\/\/i0.wp.com\/www.shqiperia.com\/blog\/wp-content\/uploads\/2019\/04\/protesta-ramaik-ik-1.jpg?fit=1200%2C718&ssl=1&resize=1050%2C600 3x"},"classes":[]},{"id":8998,"url":"https:\/\/www.shqiperia.com\/blog\/rama-pritet-me-protesta-ne-sarande\/","url_meta":{"origin":31626,"position":3},"title":"Rama pritet me protesta n\u00eb Sarand\u00eb, &#8211;","author":"Kurt Farka","date":"June 22, 2018","format":false,"excerpt":"Rama pritet me protesta n\u00eb Sarand\u00eb, - E q\u00ebllojn\u00eb me midhje, Rama pritet me protesta n\u00eb Sarand\u00eb, - Kryeministri Edi Rama dit\u00ebn e sotme \u00ebsht\u00eb pritur me protesta nga t\u00eb rinjt\u00eb e PD-s\u00eb dhe LSI-s\u00eb sot n\u00eb Sarand\u00eb. M\u00ebsohet se ata kan\u00eb q\u00eblluar me midhje drejt makines s\u00eb kryeministrit, nd\u00ebrkoh\u00eb\u2026","rel":"","context":"In &quot;Blogu i Udh\u00ebtarit&quot;","block_context":{"text":"Blogu i Udh\u00ebtarit","link":"https:\/\/www.shqiperia.com\/blog\/category\/blogu-i-udhetarit\/"},"img":{"alt_text":"","src":"https:\/\/i0.wp.com\/www.shqiperia.com\/blog\/wp-content\/uploads\/2018\/06\/170618-diber-protesta-15-8-300x194.jpg?resize=350%2C200","width":350,"height":200},"classes":[]},{"id":96115,"url":"https:\/\/www.shqiperia.com\/blog\/deputetet-e-pd-frpd-e-ldgsh-i-shkojne-rames-ne-surrel-dorehiqu-me-lubine-ke-vjedhur-parate-e-shqiptareve\/","url_meta":{"origin":31626,"position":4},"title":"Deputet\u00ebt e PD, FRPD e LDGSH i shkojn\u00eb Ram\u00ebs n\u00eb Surrel: &#8211; Dor\u00ebhiqu, me Lubin\u00eb ke vjedhur parat\u00eb e shqiptar\u00ebve","author":"Kurt Farka","date":"December 27, 2025","format":false,"excerpt":"27 Dhjetor 2025 Vila e Ram\u00ebs n\u00eb Surrel do t\u00eb kthehet n\u00eb muze\u00a0 korrupsioni si vila e Imelda Marcosit n\u00eb Filipine! Me pishtar\u00eb n\u00eb duar, n\u00eb shenj\u00eb simbolike \u2018flaka e shpres\u00ebs do t\u2019i v\u00eb zjarrin narkoshtetit,\u2019 deputet\u00ebt, an\u00ebtar\u00ebt e FRPD dhe Lidhjes Demokratike t\u00eb Gruas kan\u00eb b\u00ebr\u00eb thirrje p\u00ebr dor\u00ebheqjen\u2026","rel":"","context":"In &quot;Blogu i Udh\u00ebtarit&quot;","block_context":{"text":"Blogu i Udh\u00ebtarit","link":"https:\/\/www.shqiperia.com\/blog\/category\/blogu-i-udhetarit\/"},"img":{"alt_text":"","src":"https:\/\/i0.wp.com\/www.shqiperia.com\/blog\/wp-content\/uploads\/2025\/12\/balliu_sd-1.webp?fit=1200%2C675&ssl=1&resize=350%2C200","width":350,"height":200,"srcset":"https:\/\/i0.wp.com\/www.shqiperia.com\/blog\/wp-content\/uploads\/2025\/12\/balliu_sd-1.webp?fit=1200%2C675&ssl=1&resize=350%2C200 1x, https:\/\/i0.wp.com\/www.shqiperia.com\/blog\/wp-content\/uploads\/2025\/12\/balliu_sd-1.webp?fit=1200%2C675&ssl=1&resize=525%2C300 1.5x, https:\/\/i0.wp.com\/www.shqiperia.com\/blog\/wp-content\/uploads\/2025\/12\/balliu_sd-1.webp?fit=1200%2C675&ssl=1&resize=700%2C400 2x, https:\/\/i0.wp.com\/www.shqiperia.com\/blog\/wp-content\/uploads\/2025\/12\/balliu_sd-1.webp?fit=1200%2C675&ssl=1&resize=1050%2C600 3x"},"classes":[]},{"id":13248,"url":"https:\/\/www.shqiperia.com\/blog\/spartak-ngjela-bravo-kukesi-e-debuat-kryeministrin-rama\/","url_meta":{"origin":31626,"position":5},"title":"Spartak Ngjela: Bravo Kuk\u00ebsi! E d\u00ebbuat Kryeministrin Rama. &#8211;","author":"Kurt Farka","date":"November 1, 2018","format":false,"excerpt":"Spartak Ngjela: Bravo Kuk\u00ebsi! E d\u00ebbuat Kryeministrin Rama. - Kryeministri Edi Rama u\u00a0prit me protesta t\u00eb forta nga qytetar\u00ebt Hasit dhe Kuk\u00ebsit. Nd\u00ebrkoh\u00eb lidhur me k\u00ebt\u00eb ngjarje ka reaguar edhe avokat Spartak Ngjela. Ngjela p\u00ebrmes nj\u00eb postimi n\u00eb \u201cFacebook\u201d ka p\u00ebrg\u00ebzuar banor\u00ebt e Kuk\u00ebsit p\u00ebr veprimin e djesh\u00ebm, nd\u00ebrsa shton\u2026","rel":"","context":"In &quot;Blogu i Udh\u00ebtarit&quot;","block_context":{"text":"Blogu i Udh\u00ebtarit","link":"https:\/\/www.shqiperia.com\/blog\/category\/blogu-i-udhetarit\/"},"img":{"alt_text":"","src":"https:\/\/i0.wp.com\/www.shqiperia.com\/blog\/wp-content\/uploads\/2018\/11\/Spartak-Ngjela.jpg?fit=696%2C401&ssl=1&resize=350%2C200","width":350,"height":200,"srcset":"https:\/\/i0.wp.com\/www.shqiperia.com\/blog\/wp-content\/uploads\/2018\/11\/Spartak-Ngjela.jpg?fit=696%2C401&ssl=1&resize=350%2C200 1x, https:\/\/i0.wp.com\/www.shqiperia.com\/blog\/wp-content\/uploads\/2018\/11\/Spartak-Ngjela.jpg?fit=696%2C401&ssl=1&resize=525%2C300 1.5x"},"classes":[]}],"_links":{"self":[{"href":"https:\/\/www.shqiperia.com\/blog\/wp-json\/wp\/v2\/posts\/31626","targetHints":{"allow":["GET"]}}],"collection":[{"href":"https:\/\/www.shqiperia.com\/blog\/wp-json\/wp\/v2\/posts"}],"about":[{"href":"https:\/\/www.shqiperia.com\/blog\/wp-json\/wp\/v2\/types\/post"}],"author":[{"embeddable":true,"href":"https:\/\/www.shqiperia.com\/blog\/wp-json\/wp\/v2\/users\/9"}],"replies":[{"embeddable":true,"href":"https:\/\/www.shqiperia.com\/blog\/wp-json\/wp\/v2\/comments?post=31626"}],"version-history":[{"count":1,"href":"https:\/\/www.shqiperia.com\/blog\/wp-json\/wp\/v2\/posts\/31626\/revisions"}],"predecessor-version":[{"id":31628,"href":"https:\/\/www.shqiperia.com\/blog\/wp-json\/wp\/v2\/posts\/31626\/revisions\/31628"}],"wp:featuredmedia":[{"embeddable":true,"href":"https:\/\/www.shqiperia.com\/blog\/wp-json\/wp\/v2\/media\/31627"}],"wp:attachment":[{"href":"https:\/\/www.shqiperia.com\/blog\/wp-json\/wp\/v2\/media?parent=31626"}],"wp:term":[{"taxonomy":"category","embeddable":true,"href":"https:\/\/www.shqiperia.com\/blog\/wp-json\/wp\/v2\/categories?post=31626"},{"taxonomy":"post_tag","embeddable":true,"href":"https:\/\/www.shqiperia.com\/blog\/wp-json\/wp\/v2\/tags?post=31626"}],"curies":[{"name":"wp","href":"https:\/\/api.w.org\/{rel}","templated":true}]}}