{"id":31614,"date":"2020-02-20T10:23:53","date_gmt":"2020-02-20T10:23:53","guid":{"rendered":"https:\/\/www.shqiperia.com\/blog\/?p=31614"},"modified":"2020-02-20T10:23:53","modified_gmt":"2020-02-20T10:23:53","slug":"keshtjella-e-keqekolles-kosove-album-foto","status":"publish","type":"post","link":"https:\/\/www.shqiperia.com\/blog\/keshtjella-e-keqekolles-kosove-album-foto\/","title":{"rendered":"K\u00ebshtjella e Keqekoll\u00ebs &#8211; Kosove. (album foto)."},"content":{"rendered":"<p><img data-recalc-dims=\"1\" loading=\"lazy\" decoding=\"async\" data-attachment-id=\"31615\" data-permalink=\"https:\/\/www.shqiperia.com\/blog\/keshtjella-e-keqekolles-kosove-album-foto\/75419070_1000056797034284_5884832041425436672_n\/\" data-orig-file=\"https:\/\/i0.wp.com\/www.shqiperia.com\/blog\/wp-content\/uploads\/2020\/02\/75419070_1000056797034284_5884832041425436672_n.jpg?fit=546%2C410&amp;ssl=1\" data-orig-size=\"546,410\" data-comments-opened=\"1\" data-image-meta=\"{&quot;aperture&quot;:&quot;0&quot;,&quot;credit&quot;:&quot;&quot;,&quot;camera&quot;:&quot;&quot;,&quot;caption&quot;:&quot;&quot;,&quot;created_timestamp&quot;:&quot;0&quot;,&quot;copyright&quot;:&quot;&quot;,&quot;focal_length&quot;:&quot;0&quot;,&quot;iso&quot;:&quot;0&quot;,&quot;shutter_speed&quot;:&quot;0&quot;,&quot;title&quot;:&quot;&quot;,&quot;orientation&quot;:&quot;0&quot;}\" data-image-title=\"75419070_1000056797034284_5884832041425436672_n\" data-image-description=\"\" data-image-caption=\"\" data-medium-file=\"https:\/\/i0.wp.com\/www.shqiperia.com\/blog\/wp-content\/uploads\/2020\/02\/75419070_1000056797034284_5884832041425436672_n.jpg?fit=300%2C225&amp;ssl=1\" data-large-file=\"https:\/\/i0.wp.com\/www.shqiperia.com\/blog\/wp-content\/uploads\/2020\/02\/75419070_1000056797034284_5884832041425436672_n.jpg?fit=546%2C410&amp;ssl=1\" class=\"alignnone  wp-image-31615\" alt=\"\" src=\"https:\/\/i0.wp.com\/www.shqiperia.com\/blog\/wp-content\/uploads\/2020\/02\/75419070_1000056797034284_5884832041425436672_n.jpg?resize=527%2C395&#038;ssl=1\" width=\"527\" height=\"395\" srcset=\"https:\/\/i0.wp.com\/www.shqiperia.com\/blog\/wp-content\/uploads\/2020\/02\/75419070_1000056797034284_5884832041425436672_n.jpg?resize=300%2C225&amp;ssl=1 300w, https:\/\/i0.wp.com\/www.shqiperia.com\/blog\/wp-content\/uploads\/2020\/02\/75419070_1000056797034284_5884832041425436672_n.jpg?resize=450%2C338&amp;ssl=1 450w, https:\/\/i0.wp.com\/www.shqiperia.com\/blog\/wp-content\/uploads\/2020\/02\/75419070_1000056797034284_5884832041425436672_n.jpg?resize=400%2C300&amp;ssl=1 400w, https:\/\/i0.wp.com\/www.shqiperia.com\/blog\/wp-content\/uploads\/2020\/02\/75419070_1000056797034284_5884832041425436672_n.jpg?w=546&amp;ssl=1 546w\" sizes=\"auto, (max-width: 527px) 100vw, 527px\" \/><\/p>\n<p>K\u00ebshtjella e Keqekoll\u00ebs (album foto).<\/p>\n<p>K\u00ebshtjella Antike e Keqekoll\u00ebs ndodhet n\u00eb per\u00ebndim t\u00eb fshatit, n\u00eb vendin e njohur si Gjytet dhe Kala, e ngritur mbi nj\u00eb kod\u00ebr me pozit\u00eb t\u00eb jasht\u00ebzakonshme strategjike, 864 m mbi nivelin e detit. K\u00ebshtjella n\u00eb verilindje kufizohet me rrug\u00ebn malore q\u00eb lidh\u00eb terrenin malor e kodrinor me fshatin Keqekoll\u00eb. N\u00eb an\u00ebt jugore dhe lindore kufizohet me ledhet e jashtme t\u00eb mureve rrethuese. N\u00eb veri ledhi i tret\u00eb kufizohet me hendekun mbrojt\u00ebs. Kurse n\u00eb per\u00ebndim k\u00ebshtjella kufizohet m\u00eb trasen\u00eb e rrug\u00ebs antike. Ajo n\u00eb t\u00eb gjitha an\u00ebt \u00ebsht\u00eb fortifikuar me mure t\u00eb ngritura me gur\u00eb mesatar dhe t\u00eb vegj\u00ebl t\u00eb lidhur m\u00eb lla\u00e7 t\u00eb bardh\u00eb g\u00eblqereje. N\u00eb an\u00ebn veriore t\u00eb kull\u00ebs \u00ebsht\u00eb zbuluar hyrja e kull\u00ebs s\u00eb faz\u00ebs s\u00eb par\u00eb sikurse edhe nj\u00eb par\u00eb shkallare guri tet\u00ebshkall\u00ebsh. N\u00eb an\u00ebn per\u00ebndimore t\u00eb k\u00ebshtjell\u00ebs, p\u00ebraf\u00ebrsisht n\u00eb mesin e saj \u00ebsht\u00eb zbuluar hyrja kryesore dhe nj\u00eb hyrje an\u00ebsore n\u00eb an\u00ebn verilindore. Hyrja kryesore, hyrja p\u00ebr karroca \u00ebsht\u00eb e gjer\u00eb 3.20 m. K\u00ebshtjella n\u00eb an\u00ebn jugore mbrohej m\u00eb nj\u00eb kull\u00eb drejtk\u00ebndore e ngritur n\u00eb tri faza.<\/p>\n<p><img data-recalc-dims=\"1\" loading=\"lazy\" decoding=\"async\" data-attachment-id=\"31616\" data-permalink=\"https:\/\/www.shqiperia.com\/blog\/keshtjella-e-keqekolles-kosove-album-foto\/77228138_1000056607034303_8320563726482669568_n\/\" data-orig-file=\"https:\/\/i0.wp.com\/www.shqiperia.com\/blog\/wp-content\/uploads\/2020\/02\/77228138_1000056607034303_8320563726482669568_n.jpg?fit=566%2C424&amp;ssl=1\" data-orig-size=\"566,424\" data-comments-opened=\"1\" data-image-meta=\"{&quot;aperture&quot;:&quot;0&quot;,&quot;credit&quot;:&quot;&quot;,&quot;camera&quot;:&quot;&quot;,&quot;caption&quot;:&quot;&quot;,&quot;created_timestamp&quot;:&quot;0&quot;,&quot;copyright&quot;:&quot;&quot;,&quot;focal_length&quot;:&quot;0&quot;,&quot;iso&quot;:&quot;0&quot;,&quot;shutter_speed&quot;:&quot;0&quot;,&quot;title&quot;:&quot;&quot;,&quot;orientation&quot;:&quot;0&quot;}\" data-image-title=\"77228138_1000056607034303_8320563726482669568_n\" data-image-description=\"\" data-image-caption=\"\" data-medium-file=\"https:\/\/i0.wp.com\/www.shqiperia.com\/blog\/wp-content\/uploads\/2020\/02\/77228138_1000056607034303_8320563726482669568_n.jpg?fit=300%2C225&amp;ssl=1\" data-large-file=\"https:\/\/i0.wp.com\/www.shqiperia.com\/blog\/wp-content\/uploads\/2020\/02\/77228138_1000056607034303_8320563726482669568_n.jpg?fit=566%2C424&amp;ssl=1\" class=\"alignnone  wp-image-31616\" alt=\"\" src=\"https:\/\/i0.wp.com\/www.shqiperia.com\/blog\/wp-content\/uploads\/2020\/02\/77228138_1000056607034303_8320563726482669568_n.jpg?resize=523%2C392&#038;ssl=1\" width=\"523\" height=\"392\" srcset=\"https:\/\/i0.wp.com\/www.shqiperia.com\/blog\/wp-content\/uploads\/2020\/02\/77228138_1000056607034303_8320563726482669568_n.jpg?resize=300%2C225&amp;ssl=1 300w, https:\/\/i0.wp.com\/www.shqiperia.com\/blog\/wp-content\/uploads\/2020\/02\/77228138_1000056607034303_8320563726482669568_n.jpg?resize=450%2C337&amp;ssl=1 450w, https:\/\/i0.wp.com\/www.shqiperia.com\/blog\/wp-content\/uploads\/2020\/02\/77228138_1000056607034303_8320563726482669568_n.jpg?resize=400%2C300&amp;ssl=1 400w, https:\/\/i0.wp.com\/www.shqiperia.com\/blog\/wp-content\/uploads\/2020\/02\/77228138_1000056607034303_8320563726482669568_n.jpg?w=566&amp;ssl=1 566w\" sizes=\"auto, (max-width: 523px) 100vw, 523px\" \/><\/p>\n<p>Lart\u00ebsia e mureve t\u00eb kull\u00ebs s\u00eb faz\u00ebs s\u00eb par\u00eb t\u00eb nd\u00ebrtimit nga ana e brendshme \u00ebsht\u00eb 4.20 m pa arritur n\u00eb taban, nd\u00ebrsa nga ana e jashtme muret deri n\u00eb taban ruhen n\u00eb lart\u00ebsin\u00eb prej 4.70 m. K\u00ebshtjella \u00ebsht\u00eb nd\u00ebrtuar n\u00eb shek. IV &#8211; VI e.s, duke mos p\u00ebrjashtuar mund\u00ebsin\u00eb e p\u00ebrfaq\u00ebsimit t\u00eb fazave dardane t\u00eb epok\u00ebs parahistorike t\u00eb bronzit dhe t\u00eb hekurit, sikurse edhe fazat mesjetare t\u00eb shek. IX \u2013 XI e.s.<\/p>\n<p><img data-recalc-dims=\"1\" loading=\"lazy\" decoding=\"async\" data-attachment-id=\"31617\" data-permalink=\"https:\/\/www.shqiperia.com\/blog\/keshtjella-e-keqekolles-kosove-album-foto\/74214616_1000056627034301_1609944477743448064_n-1\/\" data-orig-file=\"https:\/\/i0.wp.com\/www.shqiperia.com\/blog\/wp-content\/uploads\/2020\/02\/74214616_1000056627034301_1609944477743448064_n-1.jpg?fit=577%2C432&amp;ssl=1\" data-orig-size=\"577,432\" data-comments-opened=\"1\" data-image-meta=\"{&quot;aperture&quot;:&quot;0&quot;,&quot;credit&quot;:&quot;&quot;,&quot;camera&quot;:&quot;&quot;,&quot;caption&quot;:&quot;&quot;,&quot;created_timestamp&quot;:&quot;0&quot;,&quot;copyright&quot;:&quot;&quot;,&quot;focal_length&quot;:&quot;0&quot;,&quot;iso&quot;:&quot;0&quot;,&quot;shutter_speed&quot;:&quot;0&quot;,&quot;title&quot;:&quot;&quot;,&quot;orientation&quot;:&quot;0&quot;}\" data-image-title=\"74214616_1000056627034301_1609944477743448064_n (1)\" data-image-description=\"\" data-image-caption=\"\" data-medium-file=\"https:\/\/i0.wp.com\/www.shqiperia.com\/blog\/wp-content\/uploads\/2020\/02\/74214616_1000056627034301_1609944477743448064_n-1.jpg?fit=300%2C225&amp;ssl=1\" data-large-file=\"https:\/\/i0.wp.com\/www.shqiperia.com\/blog\/wp-content\/uploads\/2020\/02\/74214616_1000056627034301_1609944477743448064_n-1.jpg?fit=577%2C432&amp;ssl=1\" class=\"alignnone  wp-image-31617\" alt=\"\" src=\"https:\/\/i0.wp.com\/www.shqiperia.com\/blog\/wp-content\/uploads\/2020\/02\/74214616_1000056627034301_1609944477743448064_n-1.jpg?resize=671%2C503&#038;ssl=1\" width=\"671\" height=\"503\" srcset=\"https:\/\/i0.wp.com\/www.shqiperia.com\/blog\/wp-content\/uploads\/2020\/02\/74214616_1000056627034301_1609944477743448064_n-1.jpg?resize=300%2C225&amp;ssl=1 300w, https:\/\/i0.wp.com\/www.shqiperia.com\/blog\/wp-content\/uploads\/2020\/02\/74214616_1000056627034301_1609944477743448064_n-1.jpg?resize=450%2C337&amp;ssl=1 450w, https:\/\/i0.wp.com\/www.shqiperia.com\/blog\/wp-content\/uploads\/2020\/02\/74214616_1000056627034301_1609944477743448064_n-1.jpg?resize=400%2C299&amp;ssl=1 400w, https:\/\/i0.wp.com\/www.shqiperia.com\/blog\/wp-content\/uploads\/2020\/02\/74214616_1000056627034301_1609944477743448064_n-1.jpg?w=577&amp;ssl=1 577w\" sizes=\"auto, (max-width: 671px) 100vw, 671px\" \/><\/p>\n<p>Mund t\u00eb identifikohet me k\u00ebshtjell\u00ebn Kekola, t\u00eb cil\u00ebn e p\u00ebrmend Prokopi i Cezares\u00eb, historiani i oborrit mbret\u00ebror t\u00eb mbretit m\u00eb origjin\u00eb dardane Justinianit, n\u00eb vepr\u00ebn \u201c Mbi nd\u00ebrtimet\u201d, n\u00eb shek. VI e.s. Bazuar n\u00eb vlerat arkeologjike, artistike, shoq\u00ebrore dhe shk\u00ebncore, aseti k\u00ebshtjella antike e Keqekoll\u00ebs n\u00eb vitin 2016 \u00ebsht\u00eb shpallur n\u00eb mbrojtje t\u00eb p\u00ebrhershme nga K\u00ebshilli i Kosov\u00ebs p\u00ebr Trash\u00ebgimi Kulturore.<\/p>\n<p><img data-recalc-dims=\"1\" loading=\"lazy\" decoding=\"async\" data-attachment-id=\"31618\" data-permalink=\"https:\/\/www.shqiperia.com\/blog\/keshtjella-e-keqekolles-kosove-album-foto\/75419070_1000056797034284_5884832041425436672_n-2\/\" data-orig-file=\"https:\/\/i0.wp.com\/www.shqiperia.com\/blog\/wp-content\/uploads\/2020\/02\/75419070_1000056797034284_5884832041425436672_n-1.jpg?fit=546%2C410&amp;ssl=1\" data-orig-size=\"546,410\" data-comments-opened=\"1\" data-image-meta=\"{&quot;aperture&quot;:&quot;0&quot;,&quot;credit&quot;:&quot;&quot;,&quot;camera&quot;:&quot;&quot;,&quot;caption&quot;:&quot;&quot;,&quot;created_timestamp&quot;:&quot;0&quot;,&quot;copyright&quot;:&quot;&quot;,&quot;focal_length&quot;:&quot;0&quot;,&quot;iso&quot;:&quot;0&quot;,&quot;shutter_speed&quot;:&quot;0&quot;,&quot;title&quot;:&quot;&quot;,&quot;orientation&quot;:&quot;0&quot;}\" data-image-title=\"Keshtjella e Keqekolles\" data-image-description=\"\" data-image-caption=\"\" data-medium-file=\"https:\/\/i0.wp.com\/www.shqiperia.com\/blog\/wp-content\/uploads\/2020\/02\/75419070_1000056797034284_5884832041425436672_n-1.jpg?fit=300%2C225&amp;ssl=1\" data-large-file=\"https:\/\/i0.wp.com\/www.shqiperia.com\/blog\/wp-content\/uploads\/2020\/02\/75419070_1000056797034284_5884832041425436672_n-1.jpg?fit=546%2C410&amp;ssl=1\" class=\"alignnone  wp-image-31618\" alt=\"\" src=\"https:\/\/i0.wp.com\/www.shqiperia.com\/blog\/wp-content\/uploads\/2020\/02\/75419070_1000056797034284_5884832041425436672_n-1.jpg?resize=543%2C407&#038;ssl=1\" width=\"543\" height=\"407\" srcset=\"https:\/\/i0.wp.com\/www.shqiperia.com\/blog\/wp-content\/uploads\/2020\/02\/75419070_1000056797034284_5884832041425436672_n-1.jpg?resize=300%2C225&amp;ssl=1 300w, https:\/\/i0.wp.com\/www.shqiperia.com\/blog\/wp-content\/uploads\/2020\/02\/75419070_1000056797034284_5884832041425436672_n-1.jpg?resize=450%2C338&amp;ssl=1 450w, https:\/\/i0.wp.com\/www.shqiperia.com\/blog\/wp-content\/uploads\/2020\/02\/75419070_1000056797034284_5884832041425436672_n-1.jpg?resize=400%2C300&amp;ssl=1 400w, https:\/\/i0.wp.com\/www.shqiperia.com\/blog\/wp-content\/uploads\/2020\/02\/75419070_1000056797034284_5884832041425436672_n-1.jpg?w=546&amp;ssl=1 546w\" sizes=\"auto, (max-width: 543px) 100vw, 543px\" \/> <img data-recalc-dims=\"1\" loading=\"lazy\" decoding=\"async\" data-attachment-id=\"31619\" data-permalink=\"https:\/\/www.shqiperia.com\/blog\/keshtjella-e-keqekolles-kosove-album-foto\/75586137_1000056720367625_6380462351031730176_n\/\" data-orig-file=\"https:\/\/i0.wp.com\/www.shqiperia.com\/blog\/wp-content\/uploads\/2020\/02\/75586137_1000056720367625_6380462351031730176_n.jpg?fit=588%2C441&amp;ssl=1\" data-orig-size=\"588,441\" data-comments-opened=\"1\" data-image-meta=\"{&quot;aperture&quot;:&quot;0&quot;,&quot;credit&quot;:&quot;&quot;,&quot;camera&quot;:&quot;&quot;,&quot;caption&quot;:&quot;&quot;,&quot;created_timestamp&quot;:&quot;0&quot;,&quot;copyright&quot;:&quot;&quot;,&quot;focal_length&quot;:&quot;0&quot;,&quot;iso&quot;:&quot;0&quot;,&quot;shutter_speed&quot;:&quot;0&quot;,&quot;title&quot;:&quot;&quot;,&quot;orientation&quot;:&quot;0&quot;}\" data-image-title=\"Keshtjella e Keqekolles\" data-image-description=\"\" data-image-caption=\"\" data-medium-file=\"https:\/\/i0.wp.com\/www.shqiperia.com\/blog\/wp-content\/uploads\/2020\/02\/75586137_1000056720367625_6380462351031730176_n.jpg?fit=300%2C225&amp;ssl=1\" data-large-file=\"https:\/\/i0.wp.com\/www.shqiperia.com\/blog\/wp-content\/uploads\/2020\/02\/75586137_1000056720367625_6380462351031730176_n.jpg?fit=588%2C441&amp;ssl=1\" class=\"alignnone  wp-image-31619\" alt=\"\" src=\"https:\/\/i0.wp.com\/www.shqiperia.com\/blog\/wp-content\/uploads\/2020\/02\/75586137_1000056720367625_6380462351031730176_n.jpg?resize=507%2C380&#038;ssl=1\" width=\"507\" height=\"380\" srcset=\"https:\/\/i0.wp.com\/www.shqiperia.com\/blog\/wp-content\/uploads\/2020\/02\/75586137_1000056720367625_6380462351031730176_n.jpg?resize=300%2C225&amp;ssl=1 300w, https:\/\/i0.wp.com\/www.shqiperia.com\/blog\/wp-content\/uploads\/2020\/02\/75586137_1000056720367625_6380462351031730176_n.jpg?resize=450%2C338&amp;ssl=1 450w, https:\/\/i0.wp.com\/www.shqiperia.com\/blog\/wp-content\/uploads\/2020\/02\/75586137_1000056720367625_6380462351031730176_n.jpg?resize=400%2C300&amp;ssl=1 400w, https:\/\/i0.wp.com\/www.shqiperia.com\/blog\/wp-content\/uploads\/2020\/02\/75586137_1000056720367625_6380462351031730176_n.jpg?w=588&amp;ssl=1 588w\" sizes=\"auto, (max-width: 507px) 100vw, 507px\" \/> <img data-recalc-dims=\"1\" loading=\"lazy\" decoding=\"async\" data-attachment-id=\"31620\" data-permalink=\"https:\/\/www.shqiperia.com\/blog\/keshtjella-e-keqekolles-kosove-album-foto\/76197049_1000056703700960_5675771476045725696_n\/\" data-orig-file=\"https:\/\/i0.wp.com\/www.shqiperia.com\/blog\/wp-content\/uploads\/2020\/02\/76197049_1000056703700960_5675771476045725696_n.jpg?fit=540%2C410&amp;ssl=1\" data-orig-size=\"540,410\" data-comments-opened=\"1\" data-image-meta=\"{&quot;aperture&quot;:&quot;0&quot;,&quot;credit&quot;:&quot;&quot;,&quot;camera&quot;:&quot;&quot;,&quot;caption&quot;:&quot;&quot;,&quot;created_timestamp&quot;:&quot;0&quot;,&quot;copyright&quot;:&quot;&quot;,&quot;focal_length&quot;:&quot;0&quot;,&quot;iso&quot;:&quot;0&quot;,&quot;shutter_speed&quot;:&quot;0&quot;,&quot;title&quot;:&quot;&quot;,&quot;orientation&quot;:&quot;0&quot;}\" data-image-title=\"Keshtjella e Keqekolles\" data-image-description=\"\" data-image-caption=\"\" data-medium-file=\"https:\/\/i0.wp.com\/www.shqiperia.com\/blog\/wp-content\/uploads\/2020\/02\/76197049_1000056703700960_5675771476045725696_n.jpg?fit=300%2C228&amp;ssl=1\" data-large-file=\"https:\/\/i0.wp.com\/www.shqiperia.com\/blog\/wp-content\/uploads\/2020\/02\/76197049_1000056703700960_5675771476045725696_n.jpg?fit=540%2C410&amp;ssl=1\" class=\"alignnone  wp-image-31620\" alt=\"\" src=\"https:\/\/i0.wp.com\/www.shqiperia.com\/blog\/wp-content\/uploads\/2020\/02\/76197049_1000056703700960_5675771476045725696_n.jpg?resize=477%2C364&#038;ssl=1\" width=\"477\" height=\"364\" srcset=\"https:\/\/i0.wp.com\/www.shqiperia.com\/blog\/wp-content\/uploads\/2020\/02\/76197049_1000056703700960_5675771476045725696_n.jpg?resize=300%2C228&amp;ssl=1 300w, https:\/\/i0.wp.com\/www.shqiperia.com\/blog\/wp-content\/uploads\/2020\/02\/76197049_1000056703700960_5675771476045725696_n.jpg?resize=450%2C342&amp;ssl=1 450w, https:\/\/i0.wp.com\/www.shqiperia.com\/blog\/wp-content\/uploads\/2020\/02\/76197049_1000056703700960_5675771476045725696_n.jpg?resize=400%2C304&amp;ssl=1 400w\" sizes=\"auto, (max-width: 477px) 100vw, 477px\" \/> <img data-recalc-dims=\"1\" loading=\"lazy\" decoding=\"async\" data-attachment-id=\"31621\" data-permalink=\"https:\/\/www.shqiperia.com\/blog\/keshtjella-e-keqekolles-kosove-album-foto\/77228138_1000056607034303_8320563726482669568_n-2\/\" data-orig-file=\"https:\/\/i0.wp.com\/www.shqiperia.com\/blog\/wp-content\/uploads\/2020\/02\/77228138_1000056607034303_8320563726482669568_n-1.jpg?fit=566%2C424&amp;ssl=1\" data-orig-size=\"566,424\" data-comments-opened=\"1\" data-image-meta=\"{&quot;aperture&quot;:&quot;0&quot;,&quot;credit&quot;:&quot;&quot;,&quot;camera&quot;:&quot;&quot;,&quot;caption&quot;:&quot;&quot;,&quot;created_timestamp&quot;:&quot;0&quot;,&quot;copyright&quot;:&quot;&quot;,&quot;focal_length&quot;:&quot;0&quot;,&quot;iso&quot;:&quot;0&quot;,&quot;shutter_speed&quot;:&quot;0&quot;,&quot;title&quot;:&quot;&quot;,&quot;orientation&quot;:&quot;0&quot;}\" data-image-title=\"Keshtjella e Keqekolles\" data-image-description=\"\" data-image-caption=\"\" data-medium-file=\"https:\/\/i0.wp.com\/www.shqiperia.com\/blog\/wp-content\/uploads\/2020\/02\/77228138_1000056607034303_8320563726482669568_n-1.jpg?fit=300%2C225&amp;ssl=1\" data-large-file=\"https:\/\/i0.wp.com\/www.shqiperia.com\/blog\/wp-content\/uploads\/2020\/02\/77228138_1000056607034303_8320563726482669568_n-1.jpg?fit=566%2C424&amp;ssl=1\" class=\"alignnone  wp-image-31621\" alt=\"\" src=\"https:\/\/i0.wp.com\/www.shqiperia.com\/blog\/wp-content\/uploads\/2020\/02\/77228138_1000056607034303_8320563726482669568_n-1.jpg?resize=453%2C340&#038;ssl=1\" width=\"453\" height=\"340\" srcset=\"https:\/\/i0.wp.com\/www.shqiperia.com\/blog\/wp-content\/uploads\/2020\/02\/77228138_1000056607034303_8320563726482669568_n-1.jpg?resize=300%2C225&amp;ssl=1 300w, https:\/\/i0.wp.com\/www.shqiperia.com\/blog\/wp-content\/uploads\/2020\/02\/77228138_1000056607034303_8320563726482669568_n-1.jpg?resize=450%2C337&amp;ssl=1 450w, https:\/\/i0.wp.com\/www.shqiperia.com\/blog\/wp-content\/uploads\/2020\/02\/77228138_1000056607034303_8320563726482669568_n-1.jpg?resize=400%2C300&amp;ssl=1 400w, https:\/\/i0.wp.com\/www.shqiperia.com\/blog\/wp-content\/uploads\/2020\/02\/77228138_1000056607034303_8320563726482669568_n-1.jpg?w=566&amp;ssl=1 566w\" sizes=\"auto, (max-width: 453px) 100vw, 453px\" \/> <img data-recalc-dims=\"1\" loading=\"lazy\" decoding=\"async\" data-attachment-id=\"31622\" data-permalink=\"https:\/\/www.shqiperia.com\/blog\/keshtjella-e-keqekolles-kosove-album-foto\/73267536_1000056707034293_5337265295058796544_n\/\" data-orig-file=\"https:\/\/i0.wp.com\/www.shqiperia.com\/blog\/wp-content\/uploads\/2020\/02\/73267536_1000056707034293_5337265295058796544_n.jpg?fit=357%2C477&amp;ssl=1\" data-orig-size=\"357,477\" data-comments-opened=\"1\" data-image-meta=\"{&quot;aperture&quot;:&quot;0&quot;,&quot;credit&quot;:&quot;&quot;,&quot;camera&quot;:&quot;&quot;,&quot;caption&quot;:&quot;&quot;,&quot;created_timestamp&quot;:&quot;0&quot;,&quot;copyright&quot;:&quot;&quot;,&quot;focal_length&quot;:&quot;0&quot;,&quot;iso&quot;:&quot;0&quot;,&quot;shutter_speed&quot;:&quot;0&quot;,&quot;title&quot;:&quot;&quot;,&quot;orientation&quot;:&quot;0&quot;}\" data-image-title=\"73267536_1000056707034293_5337265295058796544_n\" data-image-description=\"\" data-image-caption=\"\" data-medium-file=\"https:\/\/i0.wp.com\/www.shqiperia.com\/blog\/wp-content\/uploads\/2020\/02\/73267536_1000056707034293_5337265295058796544_n.jpg?fit=225%2C300&amp;ssl=1\" data-large-file=\"https:\/\/i0.wp.com\/www.shqiperia.com\/blog\/wp-content\/uploads\/2020\/02\/73267536_1000056707034293_5337265295058796544_n.jpg?fit=357%2C477&amp;ssl=1\" class=\"alignnone  wp-image-31622\" alt=\"\" src=\"https:\/\/i0.wp.com\/www.shqiperia.com\/blog\/wp-content\/uploads\/2020\/02\/73267536_1000056707034293_5337265295058796544_n.jpg?resize=289%2C385&#038;ssl=1\" width=\"289\" height=\"385\" srcset=\"https:\/\/i0.wp.com\/www.shqiperia.com\/blog\/wp-content\/uploads\/2020\/02\/73267536_1000056707034293_5337265295058796544_n.jpg?resize=225%2C300&amp;ssl=1 225w, https:\/\/i0.wp.com\/www.shqiperia.com\/blog\/wp-content\/uploads\/2020\/02\/73267536_1000056707034293_5337265295058796544_n.jpg?w=357&amp;ssl=1 357w\" sizes=\"auto, (max-width: 289px) 100vw, 289px\" \/><\/p>\n","protected":false},"excerpt":{"rendered":"<p>K\u00ebshtjella e Keqekoll\u00ebs (album foto). K\u00ebshtjella Antike e Keqekoll\u00ebs ndodhet n\u00eb per\u00ebndim t\u00eb fshatit, n\u00eb vendin e njohur si Gjytet dhe Kala, e ngritur mbi nj\u00eb kod\u00ebr me pozit\u00eb t\u00eb jasht\u00ebzakonshme strategjike, 864 m mbi nivelin e detit. K\u00ebshtjella n\u00eb verilindje kufizohet me rrug\u00ebn malore q\u00eb lidh\u00eb terrenin malor e kodrinor me fshatin Keqekoll\u00eb. N\u00eb [&hellip;]<\/p>\n","protected":false},"author":9,"featured_media":31615,"comment_status":"open","ping_status":"open","sticky":false,"template":"","format":"standard","meta":{"jetpack_post_was_ever_published":false,"_jetpack_newsletter_access":"","_jetpack_dont_email_post_to_subs":false,"_jetpack_newsletter_tier_id":0,"_jetpack_memberships_contains_paywalled_content":false,"_jetpack_memberships_contains_paid_content":false,"footnotes":"","jetpack_publicize_message":"","jetpack_publicize_feature_enabled":true,"jetpack_social_post_already_shared":true,"jetpack_social_options":{"image_generator_settings":{"template":"highway","default_image_id":0,"font":"","enabled":false},"version":2}},"categories":[85,10,86],"tags":[],"class_list":["post-31614","post","type-post","status-publish","format-standard","has-post-thumbnail","hentry","category-histori","category-kultura","category-trashegimi-kulturore"],"jetpack_publicize_connections":[],"jetpack_featured_media_url":"https:\/\/i0.wp.com\/www.shqiperia.com\/blog\/wp-content\/uploads\/2020\/02\/75419070_1000056797034284_5884832041425436672_n.jpg?fit=546%2C410&ssl=1","jetpack_sharing_enabled":true,"jetpack_shortlink":"https:\/\/wp.me\/p5Z6wp-8dU","jetpack-related-posts":[{"id":10509,"url":"https:\/\/www.shqiperia.com\/blog\/zbulohet-nje-vendbanim-dardan-i-periudhes-se-vone-te-bronzit-kosove\/","url_meta":{"origin":31614,"position":0},"title":"Zbulohet nje vendbanim dardan i periudhes se vone te bronzit, Kosove.  &#8211;","author":"Kurt Farka","date":"August 2, 2018","format":false,"excerpt":"Zbulohet nje vendbanim dardan i periudhes se vone te bronzit.Kosove.\u00a0 - . Vendbanimi parahistorik n\u00eb Mal\u00ebsin\u00eb e Gollakut ngrihej mbi nj\u00eb kod\u00ebr t\u00eb but\u00eb n\u00eb an\u00ebn e majt\u00eb t\u00eb bregut t\u00eb lagj\u00ebs s\u00eb Ka\u00e7ot\u00ebve, rreth 300 metra n\u00eb jug t\u00eb varrez\u00ebs dardane t\u00eb gjurmuar gjat\u00eb viteve 2000 \u2013 2005 po\u2026","rel":"","context":"In &quot;Histori&quot;","block_context":{"text":"Histori","link":"https:\/\/www.shqiperia.com\/blog\/category\/histori\/"},"img":{"alt_text":"","src":"https:\/\/i0.wp.com\/www.shqiperia.com\/blog\/wp-content\/uploads\/2018\/08\/37526137_631892560530167_9053700930079293440_n.jpg?fit=410%2C289&ssl=1&resize=350%2C200","width":350,"height":200},"classes":[]},{"id":34213,"url":"https:\/\/www.shqiperia.com\/blog\/sa-here-u-rindertua-keshtjella-e-shkodres\/","url_meta":{"origin":31614,"position":1},"title":"Sa her\u00eb u rind\u00ebrtua k\u00ebshtjella e Shkodr\u00ebs?","author":"Kurt Farka","date":"May 4, 2020","format":false,"excerpt":"Sa her\u00eb u rind\u00ebrtua k\u00ebshtjella e Shkodr\u00ebs? 2 maji 2020 N\u00eb muret e k\u00ebshtjell\u00ebs s\u00eb Shkodr\u00ebs dallohen nd\u00ebrtimet e kat\u00ebr periudhave kryesore: e Balshajve, e zot\u00ebrimit venecian, e pushtimit osman dhe e Bushatllinjve. Ajo \u00ebsht\u00eb ngritur mbi nj\u00eb kod\u00ebr shk\u00ebmbore n\u00eb per\u00ebndim t\u00eb qytetit dhe muret rrethuese t\u00eb saj z\u00ebn\u00eb\u2026","rel":"","context":"In &quot;Blogu i Udh\u00ebtarit&quot;","block_context":{"text":"Blogu i Udh\u00ebtarit","link":"https:\/\/www.shqiperia.com\/blog\/category\/blogu-i-udhetarit\/"},"img":{"alt_text":"","src":"https:\/\/i0.wp.com\/www.shqiperia.com\/blog\/wp-content\/uploads\/2020\/05\/SHK_ARC_KALAJA-E-ROZAFES_03-e1521559215703.jpg?fit=1200%2C675&ssl=1&resize=350%2C200","width":350,"height":200,"srcset":"https:\/\/i0.wp.com\/www.shqiperia.com\/blog\/wp-content\/uploads\/2020\/05\/SHK_ARC_KALAJA-E-ROZAFES_03-e1521559215703.jpg?fit=1200%2C675&ssl=1&resize=350%2C200 1x, https:\/\/i0.wp.com\/www.shqiperia.com\/blog\/wp-content\/uploads\/2020\/05\/SHK_ARC_KALAJA-E-ROZAFES_03-e1521559215703.jpg?fit=1200%2C675&ssl=1&resize=525%2C300 1.5x, https:\/\/i0.wp.com\/www.shqiperia.com\/blog\/wp-content\/uploads\/2020\/05\/SHK_ARC_KALAJA-E-ROZAFES_03-e1521559215703.jpg?fit=1200%2C675&ssl=1&resize=700%2C400 2x, https:\/\/i0.wp.com\/www.shqiperia.com\/blog\/wp-content\/uploads\/2020\/05\/SHK_ARC_KALAJA-E-ROZAFES_03-e1521559215703.jpg?fit=1200%2C675&ssl=1&resize=1050%2C600 3x"},"classes":[]},{"id":21488,"url":"https:\/\/www.shqiperia.com\/blog\/monumente-historike-kalaja-e-tetoves\/","url_meta":{"origin":31614,"position":2},"title":"Monumente Historike: &#8211; KALAJA E TETOV\u00cbS. &#8211;","author":"Kurt Farka","date":"May 22, 2019","format":false,"excerpt":"Monumente Historike: - KALAJA E TETOV\u00cbS. - KALAJA E TETOV\u00cbS Fortifikata e Tetov\u00ebs, ndodhet n\u00eb maje t\u00eb Baltepes, menj\u00ebher\u00eb mbi Tetov\u00eb. Ajo\u00a0gjendet 2 kilometra larg Tetov\u00ebs dhe \u00ebsht\u00eb lokalitet i r\u00ebnd\u00ebsish\u00ebm arkeologjik q\u00eb daton q\u00eb nga koh\u00ebrat antike. Dimensionet e saj jan\u00eb 180 \u0445 130 m dhe me sip\u00ebrfaqe rreth\u2026","rel":"","context":"In &quot;Histori&quot;","block_context":{"text":"Histori","link":"https:\/\/www.shqiperia.com\/blog\/category\/histori\/"},"img":{"alt_text":"","src":"https:\/\/i0.wp.com\/www.shqiperia.com\/blog\/wp-content\/uploads\/2019\/05\/Kalaja-e-Tetoves.jpeg?fit=768%2C512&ssl=1&resize=350%2C200","width":350,"height":200,"srcset":"https:\/\/i0.wp.com\/www.shqiperia.com\/blog\/wp-content\/uploads\/2019\/05\/Kalaja-e-Tetoves.jpeg?fit=768%2C512&ssl=1&resize=350%2C200 1x, https:\/\/i0.wp.com\/www.shqiperia.com\/blog\/wp-content\/uploads\/2019\/05\/Kalaja-e-Tetoves.jpeg?fit=768%2C512&ssl=1&resize=525%2C300 1.5x, https:\/\/i0.wp.com\/www.shqiperia.com\/blog\/wp-content\/uploads\/2019\/05\/Kalaja-e-Tetoves.jpeg?fit=768%2C512&ssl=1&resize=700%2C400 2x"},"classes":[]},{"id":3838,"url":"https:\/\/www.shqiperia.com\/blog\/kalaja-e-porto-palermos\/","url_meta":{"origin":31614,"position":3},"title":"Kalaja e Porto Palermos. &#8211;","author":"Kurt Farka","date":"February 24, 2018","format":false,"excerpt":"P\u00ebrshkrimi: Kalaja e Porto Palermos \u00ebsht\u00eb nd\u00ebrtuar mbi nj\u00eb rrip toke n\u00eb qend\u00ebr t\u00eb gjirit t\u00eb Palermos ne bashkine Himare, gji i p\u00ebrmendur q\u00eb n\u00eb periudh\u00ebn antike me emrin \u2018\u2019Panormus\u2019\u2019, liman i madh n\u00eb mesin e maleve Keraune (Malet e Vet\u00ebtim\u00ebs). N\u00eb fundin e shek. XVIII dhe fillimin e shek.\u2026","rel":"","context":"In &quot;Trashegimi Kulturore&quot;","block_context":{"text":"Trashegimi Kulturore","link":"https:\/\/www.shqiperia.com\/blog\/category\/trashegimi-kulturore\/"},"img":{"alt_text":"","src":"https:\/\/i0.wp.com\/www.shqiperia.com\/blog\/wp-content\/uploads\/2018\/02\/1-Kalaja-e-Palermos-9.jpg?fit=656%2C378&ssl=1&resize=350%2C200","width":350,"height":200,"srcset":"https:\/\/i0.wp.com\/www.shqiperia.com\/blog\/wp-content\/uploads\/2018\/02\/1-Kalaja-e-Palermos-9.jpg?fit=656%2C378&ssl=1&resize=350%2C200 1x, https:\/\/i0.wp.com\/www.shqiperia.com\/blog\/wp-content\/uploads\/2018\/02\/1-Kalaja-e-Palermos-9.jpg?fit=656%2C378&ssl=1&resize=525%2C300 1.5x"},"classes":[]},{"id":53399,"url":"https:\/\/www.shqiperia.com\/blog\/sa-e-vjeter-eshte-keshtjella-e-beratit\/","url_meta":{"origin":31614,"position":4},"title":"Sa e vjet\u00ebr \u00ebsht\u00eb K\u00ebshtjella e Beratit?","author":"Kurt Farka","date":"January 23, 2022","format":false,"excerpt":"Sa e vjet\u00ebr \u00ebsht\u00eb K\u00ebshtjella e Beratit? Janar 2022 K\u00ebshtjella e Beratit \u00ebsht\u00eb nj\u00eb nga k\u00ebshtjellat m\u00eb t\u00eb vjetra t\u00eb Shqip\u00ebris\u00eb, e ngritur mbi nj\u00eb kod\u00ebr 187 metra t\u00eb lart\u00eb, n\u00eb t\u00eb majt\u00eb t\u00eb gryk\u00ebs s\u00eb Osumit. Vendbanimi protourban i shek.VII-V p.e.r. n\u00eb trev\u00ebn e fisit ilir t\u00eb desaret\u00ebve, duke\u2026","rel":"","context":"In &quot;Histori&quot;","block_context":{"text":"Histori","link":"https:\/\/www.shqiperia.com\/blog\/category\/histori\/"},"img":{"alt_text":"","src":"https:\/\/i0.wp.com\/www.shqiperia.com\/blog\/wp-content\/uploads\/2022\/01\/Keshtjella-e-Beratit-300x169.jpg?resize=350%2C200&ssl=1","width":350,"height":200,"srcset":"https:\/\/i0.wp.com\/www.shqiperia.com\/blog\/wp-content\/uploads\/2022\/01\/Keshtjella-e-Beratit-300x169.jpg?resize=350%2C200&ssl=1 1x, https:\/\/i0.wp.com\/www.shqiperia.com\/blog\/wp-content\/uploads\/2022\/01\/Keshtjella-e-Beratit-300x169.jpg?resize=525%2C300&ssl=1 1.5x, https:\/\/i0.wp.com\/www.shqiperia.com\/blog\/wp-content\/uploads\/2022\/01\/Keshtjella-e-Beratit-300x169.jpg?resize=700%2C400&ssl=1 2x"},"classes":[]},{"id":8887,"url":"https:\/\/www.shqiperia.com\/blog\/eshte-me-e-bukura-ne-bote-por-e-kane-braktisur-foto\/","url_meta":{"origin":31614,"position":5},"title":"\u00cbsht\u00eb m\u00eb e bukura n\u00eb bot\u00eb, por\u2026 e kan\u00eb braktisur! (Foto). &#8211;","author":"Kurt Farka","date":"June 20, 2018","format":false,"excerpt":"\u00cbsht\u00eb m\u00eb e bukura n\u00eb bot\u00eb, por\u2026 e kan\u00eb braktisur! (Foto). - Jahz, \u00ebsht\u00eb nj\u00eb fotograf francez i cili realizon fotografi t\u00eb vendeve t\u00eb braktisura. Gjat\u00eb karrier\u00ebs, ai ka vizituar vende t\u00eb ndryshme t\u00eb bot\u00ebs. Nga t\u00eb gjitha vendet e braktisura, ai ka vizituar edhe K\u00ebshtjell\u00ebn Miranda. Duke i realizuar\u2026","rel":"","context":"In &quot;Blogu i Udh\u00ebtarit&quot;","block_context":{"text":"Blogu i Udh\u00ebtarit","link":"https:\/\/www.shqiperia.com\/blog\/category\/blogu-i-udhetarit\/"},"img":{"alt_text":"","src":"https:\/\/i0.wp.com\/www.shqiperia.com\/blog\/wp-content\/uploads\/2018\/06\/auto_VF6A9750-HD-5b2433ef1cde7__8801529313917.jpg?fit=900%2C600&ssl=1&resize=350%2C200","width":350,"height":200,"srcset":"https:\/\/i0.wp.com\/www.shqiperia.com\/blog\/wp-content\/uploads\/2018\/06\/auto_VF6A9750-HD-5b2433ef1cde7__8801529313917.jpg?fit=900%2C600&ssl=1&resize=350%2C200 1x, https:\/\/i0.wp.com\/www.shqiperia.com\/blog\/wp-content\/uploads\/2018\/06\/auto_VF6A9750-HD-5b2433ef1cde7__8801529313917.jpg?fit=900%2C600&ssl=1&resize=525%2C300 1.5x, https:\/\/i0.wp.com\/www.shqiperia.com\/blog\/wp-content\/uploads\/2018\/06\/auto_VF6A9750-HD-5b2433ef1cde7__8801529313917.jpg?fit=900%2C600&ssl=1&resize=700%2C400 2x"},"classes":[]}],"_links":{"self":[{"href":"https:\/\/www.shqiperia.com\/blog\/wp-json\/wp\/v2\/posts\/31614","targetHints":{"allow":["GET"]}}],"collection":[{"href":"https:\/\/www.shqiperia.com\/blog\/wp-json\/wp\/v2\/posts"}],"about":[{"href":"https:\/\/www.shqiperia.com\/blog\/wp-json\/wp\/v2\/types\/post"}],"author":[{"embeddable":true,"href":"https:\/\/www.shqiperia.com\/blog\/wp-json\/wp\/v2\/users\/9"}],"replies":[{"embeddable":true,"href":"https:\/\/www.shqiperia.com\/blog\/wp-json\/wp\/v2\/comments?post=31614"}],"version-history":[{"count":1,"href":"https:\/\/www.shqiperia.com\/blog\/wp-json\/wp\/v2\/posts\/31614\/revisions"}],"predecessor-version":[{"id":31623,"href":"https:\/\/www.shqiperia.com\/blog\/wp-json\/wp\/v2\/posts\/31614\/revisions\/31623"}],"wp:featuredmedia":[{"embeddable":true,"href":"https:\/\/www.shqiperia.com\/blog\/wp-json\/wp\/v2\/media\/31615"}],"wp:attachment":[{"href":"https:\/\/www.shqiperia.com\/blog\/wp-json\/wp\/v2\/media?parent=31614"}],"wp:term":[{"taxonomy":"category","embeddable":true,"href":"https:\/\/www.shqiperia.com\/blog\/wp-json\/wp\/v2\/categories?post=31614"},{"taxonomy":"post_tag","embeddable":true,"href":"https:\/\/www.shqiperia.com\/blog\/wp-json\/wp\/v2\/tags?post=31614"}],"curies":[{"name":"wp","href":"https:\/\/api.w.org\/{rel}","templated":true}]}}