{"id":31610,"date":"2020-02-20T09:45:22","date_gmt":"2020-02-20T09:45:22","guid":{"rendered":"https:\/\/www.shqiperia.com\/blog\/?p=31610"},"modified":"2020-02-20T09:45:22","modified_gmt":"2020-02-20T09:45:22","slug":"foto-dhe-te-mendosh-qe-ky-gjigand-i-cuditshem-ka-qene-nje-zog","status":"publish","type":"post","link":"https:\/\/www.shqiperia.com\/blog\/foto-dhe-te-mendosh-qe-ky-gjigand-i-cuditshem-ka-qene-nje-zog\/","title":{"rendered":"FOTO: &#8211; Dhe t\u00eb mendosh q\u00eb ky gjigand i \u00e7uditsh\u00ebm ka qen\u00eb nj\u00eb\u2026 zog!"},"content":{"rendered":"<p><img data-recalc-dims=\"1\" loading=\"lazy\" decoding=\"async\" data-attachment-id=\"31611\" data-permalink=\"https:\/\/www.shqiperia.com\/blog\/foto-dhe-te-mendosh-qe-ky-gjigand-i-cuditshem-ka-qene-nje-zog\/dino-1-905x450\/\" data-orig-file=\"https:\/\/i0.wp.com\/www.shqiperia.com\/blog\/wp-content\/uploads\/2020\/02\/dino-1-905x450-1.jpg?fit=905%2C450&amp;ssl=1\" data-orig-size=\"905,450\" data-comments-opened=\"1\" data-image-meta=\"{&quot;aperture&quot;:&quot;0&quot;,&quot;credit&quot;:&quot;&quot;,&quot;camera&quot;:&quot;&quot;,&quot;caption&quot;:&quot;&quot;,&quot;created_timestamp&quot;:&quot;0&quot;,&quot;copyright&quot;:&quot;&quot;,&quot;focal_length&quot;:&quot;0&quot;,&quot;iso&quot;:&quot;0&quot;,&quot;shutter_speed&quot;:&quot;0&quot;,&quot;title&quot;:&quot;&quot;,&quot;orientation&quot;:&quot;0&quot;}\" data-image-title=\"dino-1-905&#215;450\" data-image-description=\"\" data-image-caption=\"\" data-medium-file=\"https:\/\/i0.wp.com\/www.shqiperia.com\/blog\/wp-content\/uploads\/2020\/02\/dino-1-905x450-1.jpg?fit=300%2C149&amp;ssl=1\" data-large-file=\"https:\/\/i0.wp.com\/www.shqiperia.com\/blog\/wp-content\/uploads\/2020\/02\/dino-1-905x450-1.jpg?fit=905%2C450&amp;ssl=1\" class=\"alignnone  wp-image-31611\" alt=\"\" src=\"https:\/\/i0.wp.com\/www.shqiperia.com\/blog\/wp-content\/uploads\/2020\/02\/dino-1-905x450-1.jpg?resize=600%2C298&#038;ssl=1\" width=\"600\" height=\"298\" srcset=\"https:\/\/i0.wp.com\/www.shqiperia.com\/blog\/wp-content\/uploads\/2020\/02\/dino-1-905x450-1.jpg?resize=300%2C149&amp;ssl=1 300w, https:\/\/i0.wp.com\/www.shqiperia.com\/blog\/wp-content\/uploads\/2020\/02\/dino-1-905x450-1.jpg?resize=768%2C382&amp;ssl=1 768w, https:\/\/i0.wp.com\/www.shqiperia.com\/blog\/wp-content\/uploads\/2020\/02\/dino-1-905x450-1.jpg?resize=450%2C224&amp;ssl=1 450w, https:\/\/i0.wp.com\/www.shqiperia.com\/blog\/wp-content\/uploads\/2020\/02\/dino-1-905x450-1.jpg?resize=600%2C298&amp;ssl=1 600w, https:\/\/i0.wp.com\/www.shqiperia.com\/blog\/wp-content\/uploads\/2020\/02\/dino-1-905x450-1.jpg?resize=400%2C199&amp;ssl=1 400w, https:\/\/i0.wp.com\/www.shqiperia.com\/blog\/wp-content\/uploads\/2020\/02\/dino-1-905x450-1.jpg?w=905&amp;ssl=1 905w\" sizes=\"auto, (max-width: 600px) 100vw, 600px\" \/><\/p>\n<p><strong>FOTO: &#8211; Dhe t\u00eb mendosh q\u00eb ky gjigand i \u00e7uditsh\u00ebm ka qen\u00eb nj\u00eb\u2026 zog!<\/strong><\/p>\n<p>Ka qen\u00eb thuajse i gjat\u00eb sa nj\u00eb gjiraf\u00eb dhe krah\u00ebt i duken si ato t\u00eb nj\u00eb avioni luftarak F-16.<\/p>\n<p>Njihet me emrin Quetzalcoatlus Northropi.<\/p>\n<p>Ky dinosaur ka qen\u00eb nj\u00eb nga kafsh\u00ebt m\u00eb t\u00eb m\u00ebdha t\u00eb t\u00eb gjitha koh\u00ebrave q\u00eb ka ekzistuar n\u00eb tok\u00eb.<\/p>\n<p><img data-recalc-dims=\"1\" loading=\"lazy\" decoding=\"async\" data-attachment-id=\"31612\" data-permalink=\"https:\/\/www.shqiperia.com\/blog\/foto-dhe-te-mendosh-qe-ky-gjigand-i-cuditshem-ka-qene-nje-zog\/dino\/\" data-orig-file=\"https:\/\/i0.wp.com\/www.shqiperia.com\/blog\/wp-content\/uploads\/2020\/02\/dino.jpg?fit=1900%2C1737&amp;ssl=1\" data-orig-size=\"1900,1737\" data-comments-opened=\"1\" data-image-meta=\"{&quot;aperture&quot;:&quot;0&quot;,&quot;credit&quot;:&quot;&quot;,&quot;camera&quot;:&quot;&quot;,&quot;caption&quot;:&quot;&quot;,&quot;created_timestamp&quot;:&quot;0&quot;,&quot;copyright&quot;:&quot;&quot;,&quot;focal_length&quot;:&quot;0&quot;,&quot;iso&quot;:&quot;0&quot;,&quot;shutter_speed&quot;:&quot;0&quot;,&quot;title&quot;:&quot;&quot;,&quot;orientation&quot;:&quot;0&quot;}\" data-image-title=\"dino\" data-image-description=\"\" data-image-caption=\"\" data-medium-file=\"https:\/\/i0.wp.com\/www.shqiperia.com\/blog\/wp-content\/uploads\/2020\/02\/dino.jpg?fit=300%2C274&amp;ssl=1\" data-large-file=\"https:\/\/i0.wp.com\/www.shqiperia.com\/blog\/wp-content\/uploads\/2020\/02\/dino.jpg?fit=1024%2C936&amp;ssl=1\" class=\"alignnone  wp-image-31612\" alt=\"\" src=\"https:\/\/i0.wp.com\/www.shqiperia.com\/blog\/wp-content\/uploads\/2020\/02\/dino.jpg?resize=673%2C615&#038;ssl=1\" width=\"673\" height=\"615\" srcset=\"https:\/\/i0.wp.com\/www.shqiperia.com\/blog\/wp-content\/uploads\/2020\/02\/dino.jpg?resize=300%2C274&amp;ssl=1 300w, https:\/\/i0.wp.com\/www.shqiperia.com\/blog\/wp-content\/uploads\/2020\/02\/dino.jpg?resize=1024%2C936&amp;ssl=1 1024w, https:\/\/i0.wp.com\/www.shqiperia.com\/blog\/wp-content\/uploads\/2020\/02\/dino.jpg?resize=768%2C702&amp;ssl=1 768w, https:\/\/i0.wp.com\/www.shqiperia.com\/blog\/wp-content\/uploads\/2020\/02\/dino.jpg?resize=1536%2C1404&amp;ssl=1 1536w, https:\/\/i0.wp.com\/www.shqiperia.com\/blog\/wp-content\/uploads\/2020\/02\/dino.jpg?resize=450%2C411&amp;ssl=1 450w, https:\/\/i0.wp.com\/www.shqiperia.com\/blog\/wp-content\/uploads\/2020\/02\/dino.jpg?resize=600%2C549&amp;ssl=1 600w, https:\/\/i0.wp.com\/www.shqiperia.com\/blog\/wp-content\/uploads\/2020\/02\/dino.jpg?resize=1500%2C1371&amp;ssl=1 1500w, https:\/\/i0.wp.com\/www.shqiperia.com\/blog\/wp-content\/uploads\/2020\/02\/dino.jpg?resize=1300%2C1188&amp;ssl=1 1300w, https:\/\/i0.wp.com\/www.shqiperia.com\/blog\/wp-content\/uploads\/2020\/02\/dino.jpg?resize=400%2C366&amp;ssl=1 400w, https:\/\/i0.wp.com\/www.shqiperia.com\/blog\/wp-content\/uploads\/2020\/02\/dino.jpg?w=1900&amp;ssl=1 1900w\" sizes=\"auto, (max-width: 673px) 100vw, 673px\" \/><\/p>\n<p>Dhe t\u00eb mendosh q\u00eb ky gjigand ishte nj\u00eb\u2026 zog. Pra fluturonte!<\/p>\n<p>Shkenc\u00ebtar\u00ebt mendojn\u00eb se ishte vet\u00ebm nj\u00eb nga qindra speciet e tipit pterosaur q\u00eb kan\u00eb mbushur qiellin prehistorik t\u00eb planetit ton\u00eb.<\/p>\n<p>Kjo fotografi e Robert Clark, botuar n\u00eb National Geographic, cituar nga Dita tregon nj\u00eb artist duke riprodhuar n\u00eb p\u00ebrmasa reale nj\u00eb prej k\u00ebtyre dinosaur\u00ebve t\u00eb \u00e7uditsh\u00ebm fluturues.<\/p>\n<p><strong>n.s. \/ dita<\/strong><\/p>\n","protected":false},"excerpt":{"rendered":"<p>FOTO: &#8211; Dhe t\u00eb mendosh q\u00eb ky gjigand i \u00e7uditsh\u00ebm ka qen\u00eb nj\u00eb\u2026 zog! Ka qen\u00eb thuajse i gjat\u00eb sa nj\u00eb gjiraf\u00eb dhe krah\u00ebt i duken si ato t\u00eb nj\u00eb avioni luftarak F-16. Njihet me emrin Quetzalcoatlus Northropi. Ky dinosaur ka qen\u00eb nj\u00eb nga kafsh\u00ebt m\u00eb t\u00eb m\u00ebdha t\u00eb t\u00eb gjitha koh\u00ebrave q\u00eb ka ekzistuar [&hellip;]<\/p>\n","protected":false},"author":9,"featured_media":31611,"comment_status":"open","ping_status":"open","sticky":false,"template":"","format":"standard","meta":{"jetpack_post_was_ever_published":false,"_jetpack_newsletter_access":"","_jetpack_dont_email_post_to_subs":false,"_jetpack_newsletter_tier_id":0,"_jetpack_memberships_contains_paywalled_content":false,"_jetpack_memberships_contains_paid_content":false,"footnotes":"","jetpack_publicize_message":"","jetpack_publicize_feature_enabled":true,"jetpack_social_post_already_shared":true,"jetpack_social_options":{"image_generator_settings":{"template":"highway","default_image_id":0,"font":"","enabled":false},"version":2}},"categories":[27,14],"tags":[],"class_list":["post-31610","post","type-post","status-publish","format-standard","has-post-thumbnail","hentry","category-blogu-i-udhetarit","category-press-releases"],"jetpack_publicize_connections":[],"jetpack_featured_media_url":"https:\/\/i0.wp.com\/www.shqiperia.com\/blog\/wp-content\/uploads\/2020\/02\/dino-1-905x450-1.jpg?fit=905%2C450&ssl=1","jetpack_sharing_enabled":true,"jetpack_shortlink":"https:\/\/wp.me\/p5Z6wp-8dQ","jetpack-related-posts":[{"id":59731,"url":"https:\/\/www.shqiperia.com\/blog\/kermilli-gjigand-fut-ne-karantine-qytetin-ne-florida\/","url_meta":{"origin":31610,"position":0},"title":"K\u00ebrmilli gjigand fut n\u00eb karantin\u00eb qytetin n\u00eb Florida!","author":"Kurt Farka","date":"July 3, 2022","format":false,"excerpt":"3 Korrik, 2022 Nj\u00eb k\u00ebrmill gjigand, q\u00eb ka p\u00ebrmasat e nj\u00eb miu, ka detyruar nj\u00eb\u00a0qytet\u00a0t\u00eb t\u00ebr\u00eb n\u00eb Florida q\u00eb t\u00eb futet n\u00eb karantin\u00eb. Ky k\u00ebrmill, q\u00eb e ka origjin\u00ebn n\u00eb kontinentin afrikan mbart nj\u00eb parazit q\u00eb i shkakton meningjit njer\u00ebzve. Karantina do t\u00eb zgjas\u00eb dy vite, por ndryshe nga karantina\u2026","rel":"","context":"In &quot;Blogu i Udh\u00ebtarit&quot;","block_context":{"text":"Blogu i Udh\u00ebtarit","link":"https:\/\/www.shqiperia.com\/blog\/category\/blogu-i-udhetarit\/"},"img":{"alt_text":"","src":"https:\/\/i0.wp.com\/www.shqiperia.com\/blog\/wp-content\/uploads\/2022\/07\/Kermilli-gjigand-fut-ne-karantine-qytetin-ne-Florida.jpg?fit=1045%2C443&ssl=1&resize=350%2C200","width":350,"height":200,"srcset":"https:\/\/i0.wp.com\/www.shqiperia.com\/blog\/wp-content\/uploads\/2022\/07\/Kermilli-gjigand-fut-ne-karantine-qytetin-ne-Florida.jpg?fit=1045%2C443&ssl=1&resize=350%2C200 1x, https:\/\/i0.wp.com\/www.shqiperia.com\/blog\/wp-content\/uploads\/2022\/07\/Kermilli-gjigand-fut-ne-karantine-qytetin-ne-Florida.jpg?fit=1045%2C443&ssl=1&resize=525%2C300 1.5x, https:\/\/i0.wp.com\/www.shqiperia.com\/blog\/wp-content\/uploads\/2022\/07\/Kermilli-gjigand-fut-ne-karantine-qytetin-ne-Florida.jpg?fit=1045%2C443&ssl=1&resize=700%2C400 2x"},"classes":[]},{"id":88510,"url":"https:\/\/www.shqiperia.com\/blog\/ka-edhe-nje-emer-te-cuditshem-gazetari-zbardh-hetimet-per-veliajn-prova-te-reja-lidhin-kryebashkiakun-me\/","url_meta":{"origin":31610,"position":1},"title":"\u201cKa edhe nj\u00eb em\u00ebr t\u00eb \u00e7uditsh\u00ebm\u201d, gazetari zbardh hetimet p\u00ebr Veliajn: Prova t\u00eb reja lidhin kryebashkiakun me\u2026","author":"Kurt Farka","date":"January 18, 2025","format":false,"excerpt":"18 Janar 2025 N\u00eb nj\u00eb intervist\u00eb t\u00eb zhvilluar n\u00eb nj\u00eb emision televiziv gazetari Basir \u00c7ollaku ka dh\u00ebn\u00eb nj\u00eb pasqyr\u00eb t\u00eb thell\u00eb t\u00eb hetimeve q\u00eb po zhvillohen mbi veprimtarin\u00eb e kryetarit t\u00eb bashkis\u00eb s\u00eb Tiran\u00ebs, Erion Veliaj. Ai ka zbuluar informacione t\u00eb reja q\u00eb lidhin k\u00ebt\u00eb hetim me korrupsionin dhe pastrimin\u2026","rel":"","context":"In &quot;Blogu i Udh\u00ebtarit&quot;","block_context":{"text":"Blogu i Udh\u00ebtarit","link":"https:\/\/www.shqiperia.com\/blog\/category\/blogu-i-udhetarit\/"},"img":{"alt_text":"","src":"https:\/\/i0.wp.com\/www.shqiperia.com\/blog\/wp-content\/uploads\/2025\/01\/600-388-vel-1733556909-2.jpg?fit=600%2C388&ssl=1&resize=350%2C200","width":350,"height":200,"srcset":"https:\/\/i0.wp.com\/www.shqiperia.com\/blog\/wp-content\/uploads\/2025\/01\/600-388-vel-1733556909-2.jpg?fit=600%2C388&ssl=1&resize=350%2C200 1x, https:\/\/i0.wp.com\/www.shqiperia.com\/blog\/wp-content\/uploads\/2025\/01\/600-388-vel-1733556909-2.jpg?fit=600%2C388&ssl=1&resize=525%2C300 1.5x"},"classes":[]},{"id":57095,"url":"https:\/\/www.shqiperia.com\/blog\/bosnja-u-tund-nga-termeti-mesazhi-i-cuditshem-qe-u-erdhi-ne-telefon-qytetareve-para-lekundjeve\/","url_meta":{"origin":31610,"position":2},"title":"Bosnja u tund nga t\u00ebrmeti. &#8211; Mesazhi i \u00e7uditsh\u00ebm q\u00eb u erdhi n\u00eb telefon qytetar\u00ebve para l\u00ebkundjeve","author":"Kurt Farka","date":"April 22, 2022","format":false,"excerpt":"Bosnja u tund nga t\u00ebrmeti. - Mesazhi i \u00e7uditsh\u00ebm q\u00eb u erdhi n\u00eb telefon qytetar\u00ebve para l\u00ebkundjeve 23 PRILL 2022 Nj\u00eb t\u00ebrmet i fuqish\u00ebm tronditi Ballkanin mbr\u00ebmjen e s\u00eb premtes nd\u00ebrkoh\u00eb u raportua q\u00eb epiqendra ishte n\u00eb Bosnje Hercegovin\u00eb. Por ajo \u00e7far\u00eb i ka habitur t\u00eb gjith\u00eb ka qen\u00eb nj\u00eb\u2026","rel":"","context":"In &quot;Kultura&quot;","block_context":{"text":"Kultura","link":"https:\/\/www.shqiperia.com\/blog\/category\/kultura\/"},"img":{"alt_text":"","src":"https:\/\/i0.wp.com\/www.shqiperia.com\/blog\/wp-content\/uploads\/2022\/04\/Bosnja-u-tund-nga-termeti.-Mesazhi-i-cuditshem-qe-u-erdhi-ne-telefon-qytetareve-para-lekundjeve.png?fit=640%2C360&ssl=1&resize=350%2C200","width":350,"height":200,"srcset":"https:\/\/i0.wp.com\/www.shqiperia.com\/blog\/wp-content\/uploads\/2022\/04\/Bosnja-u-tund-nga-termeti.-Mesazhi-i-cuditshem-qe-u-erdhi-ne-telefon-qytetareve-para-lekundjeve.png?fit=640%2C360&ssl=1&resize=350%2C200 1x, https:\/\/i0.wp.com\/www.shqiperia.com\/blog\/wp-content\/uploads\/2022\/04\/Bosnja-u-tund-nga-termeti.-Mesazhi-i-cuditshem-qe-u-erdhi-ne-telefon-qytetareve-para-lekundjeve.png?fit=640%2C360&ssl=1&resize=525%2C300 1.5x"},"classes":[]},{"id":11737,"url":"https:\/\/www.shqiperia.com\/blog\/telegrami-nga-hollywood-i-mbretit-zog-iu-kerkua-qe-motrat-e-tij-te-luanin-ne-filmin-graustark\/","url_meta":{"origin":31610,"position":3},"title":"Telegrami nga Hollywood-i\u2026 mbretit Zog i\u2019u k\u00ebrkua q\u00eb motrat e tij t\u00eb luanin n\u00eb filmin \u2018Graustark\u2019. &#8211;","author":"Kurt Farka","date":"September 19, 2018","format":false,"excerpt":"Telegrami nga Hollywood-i\u2026 mbretit Zog i\u2019u k\u00ebrkua q\u00eb motrat e tij t\u00eb luanin n\u00eb filmin \u2018Graustark\u2019. - Gazeta franceze, \u201cParis-soir\u201d, ka botuar, t\u00eb m\u00ebrkur\u00ebn e 23 marsit 1938,\u00a0n\u00eb faqen n\u00b05, telegramin e producentit t\u00eb njohur n\u00eb Hollywood, z. Samuel Goldwin, i cili d\u00ebshironte asokohe q\u00eb motrat e Ahmet Zogut t\u00eb\u2026","rel":"","context":"In &quot;Arte&quot;","block_context":{"text":"Arte","link":"https:\/\/www.shqiperia.com\/blog\/category\/arte\/"},"img":{"alt_text":"","src":"https:\/\/i0.wp.com\/www.shqiperia.com\/blog\/wp-content\/uploads\/2018\/09\/zogu-me-motrat.jpg?fit=585%2C345&ssl=1&resize=350%2C200","width":350,"height":200,"srcset":"https:\/\/i0.wp.com\/www.shqiperia.com\/blog\/wp-content\/uploads\/2018\/09\/zogu-me-motrat.jpg?fit=585%2C345&ssl=1&resize=350%2C200 1x, https:\/\/i0.wp.com\/www.shqiperia.com\/blog\/wp-content\/uploads\/2018\/09\/zogu-me-motrat.jpg?fit=585%2C345&ssl=1&resize=525%2C300 1.5x"},"classes":[]},{"id":18570,"url":"https:\/\/www.shqiperia.com\/blog\/leart-vasili-kur-u-be-mbret-nje-kapter-nga-mati-pse-mos-behet-rama\/","url_meta":{"origin":31610,"position":4},"title":"Leart Vasili: &#8211; \u201cKur u b\u00eb mbret nj\u00eb kapter nga Mati pse mos b\u00ebhet Rama?\u201d.","author":"Kurt Farka","date":"March 18, 2019","format":false,"excerpt":"Leart Vasili: - \u201cKur u b\u00eb mbret nj\u00eb kapter nga Mati pse mos b\u00ebhet Rama?\u201d. Nga Ilir Demalia Vasili si or\u00eb poetike e Rilindjes n\u00eb sken\u00ebn e Spartakid\u00ebs s\u00eb Nd\u00ebrmarrjeve n\u00eb koh\u00eb t\u00eb komunizmit. N\u00eb emisionin e parafundit t\u00eb 360 grade n\u00eb Ora News, Laert Vasili, tashm\u00eb i shpallur haptas\u2026","rel":"","context":"In &quot;Blogu i Udh\u00ebtarit&quot;","block_context":{"text":"Blogu i Udh\u00ebtarit","link":"https:\/\/www.shqiperia.com\/blog\/category\/blogu-i-udhetarit\/"},"img":{"alt_text":"","src":"https:\/\/i0.wp.com\/www.shqiperia.com\/blog\/wp-content\/uploads\/2019\/03\/Demalia-laert-vasili.jpg?fit=600%2C299&ssl=1&resize=350%2C200","width":350,"height":200,"srcset":"https:\/\/i0.wp.com\/www.shqiperia.com\/blog\/wp-content\/uploads\/2019\/03\/Demalia-laert-vasili.jpg?fit=600%2C299&ssl=1&resize=350%2C200 1x, https:\/\/i0.wp.com\/www.shqiperia.com\/blog\/wp-content\/uploads\/2019\/03\/Demalia-laert-vasili.jpg?fit=600%2C299&ssl=1&resize=525%2C300 1.5x"},"classes":[]},{"id":37571,"url":"https:\/\/www.shqiperia.com\/blog\/per-vite-me-rradhe-ka-hutuar-shkencetaret-zbardhet-enigma-e-perbindeshit-te-detit-krijesa-e-cudishme-me-20-kembe\/","url_meta":{"origin":31610,"position":5},"title":"P\u00ebr vite me rradh\u00eb ka hutuar shkenc\u00ebtar\u00ebt, zbardhet enigma e &#8220;p\u00ebrbind\u00ebshit t\u00eb detit&#8221;, krijesa e \u00e7udishme me 20 k\u00ebmb\u00eb","author":"Kurt Farka","date":"August 23, 2020","format":false,"excerpt":"P\u00ebr vite me rradh\u00eb ka hutuar shkenc\u00ebtar\u00ebt, zbardhet enigma e \"p\u00ebrbind\u00ebshit t\u00eb detit\", krijesa e \u00e7udishme me 20 k\u00ebmb\u00eb Gusht 2020 Ky q\u00eb po shikoni n\u00eb foto i ngjan nj\u00eb zvarraniku t\u00eb \u00e7uditsh\u00ebm parahistorik t\u00eb kryq\u00ebzuar me nj\u00eb gjiraf\u00eb. P\u00ebr m\u00eb shum\u00eb se nj\u00ebqind vjet, fosili i Tanystropheus \u00a0ka hutuar\u2026","rel":"","context":"In &quot;Blogu i Udh\u00ebtarit&quot;","block_context":{"text":"Blogu i Udh\u00ebtarit","link":"https:\/\/www.shqiperia.com\/blog\/category\/blogu-i-udhetarit\/"},"img":{"alt_text":"","src":"https:\/\/i0.wp.com\/www.shqiperia.com\/blog\/wp-content\/uploads\/2020\/08\/800-0-4939ed4215d11f5712995266ccb6c083.jpg?fit=800%2C442&ssl=1&resize=350%2C200","width":350,"height":200,"srcset":"https:\/\/i0.wp.com\/www.shqiperia.com\/blog\/wp-content\/uploads\/2020\/08\/800-0-4939ed4215d11f5712995266ccb6c083.jpg?fit=800%2C442&ssl=1&resize=350%2C200 1x, https:\/\/i0.wp.com\/www.shqiperia.com\/blog\/wp-content\/uploads\/2020\/08\/800-0-4939ed4215d11f5712995266ccb6c083.jpg?fit=800%2C442&ssl=1&resize=525%2C300 1.5x, https:\/\/i0.wp.com\/www.shqiperia.com\/blog\/wp-content\/uploads\/2020\/08\/800-0-4939ed4215d11f5712995266ccb6c083.jpg?fit=800%2C442&ssl=1&resize=700%2C400 2x"},"classes":[]}],"_links":{"self":[{"href":"https:\/\/www.shqiperia.com\/blog\/wp-json\/wp\/v2\/posts\/31610","targetHints":{"allow":["GET"]}}],"collection":[{"href":"https:\/\/www.shqiperia.com\/blog\/wp-json\/wp\/v2\/posts"}],"about":[{"href":"https:\/\/www.shqiperia.com\/blog\/wp-json\/wp\/v2\/types\/post"}],"author":[{"embeddable":true,"href":"https:\/\/www.shqiperia.com\/blog\/wp-json\/wp\/v2\/users\/9"}],"replies":[{"embeddable":true,"href":"https:\/\/www.shqiperia.com\/blog\/wp-json\/wp\/v2\/comments?post=31610"}],"version-history":[{"count":1,"href":"https:\/\/www.shqiperia.com\/blog\/wp-json\/wp\/v2\/posts\/31610\/revisions"}],"predecessor-version":[{"id":31613,"href":"https:\/\/www.shqiperia.com\/blog\/wp-json\/wp\/v2\/posts\/31610\/revisions\/31613"}],"wp:featuredmedia":[{"embeddable":true,"href":"https:\/\/www.shqiperia.com\/blog\/wp-json\/wp\/v2\/media\/31611"}],"wp:attachment":[{"href":"https:\/\/www.shqiperia.com\/blog\/wp-json\/wp\/v2\/media?parent=31610"}],"wp:term":[{"taxonomy":"category","embeddable":true,"href":"https:\/\/www.shqiperia.com\/blog\/wp-json\/wp\/v2\/categories?post=31610"},{"taxonomy":"post_tag","embeddable":true,"href":"https:\/\/www.shqiperia.com\/blog\/wp-json\/wp\/v2\/tags?post=31610"}],"curies":[{"name":"wp","href":"https:\/\/api.w.org\/{rel}","templated":true}]}}