{"id":31604,"date":"2020-02-20T09:38:50","date_gmt":"2020-02-20T09:38:50","guid":{"rendered":"https:\/\/www.shqiperia.com\/blog\/?p=31604"},"modified":"2020-02-20T09:38:50","modified_gmt":"2020-02-20T09:38:50","slug":"foto-nga-hotelet-ne-rrenoja","status":"publish","type":"post","link":"https:\/\/www.shqiperia.com\/blog\/foto-nga-hotelet-ne-rrenoja\/","title":{"rendered":"FOTO: Nga hotelet, n\u00eb rr\u00ebnoja"},"content":{"rendered":"<p><img data-recalc-dims=\"1\" loading=\"lazy\" decoding=\"async\" data-attachment-id=\"31605\" data-permalink=\"https:\/\/www.shqiperia.com\/blog\/foto-nga-hotelet-ne-rrenoja\/jodina-kajana-duke-folur-per-birn-600x338\/\" data-orig-file=\"https:\/\/i0.wp.com\/www.shqiperia.com\/blog\/wp-content\/uploads\/2020\/02\/Jodina-Kajana-duke-folur-p%C3%ABr-BIRN-600x338-1.jpg?fit=600%2C338&amp;ssl=1\" data-orig-size=\"600,338\" data-comments-opened=\"1\" data-image-meta=\"{&quot;aperture&quot;:&quot;0&quot;,&quot;credit&quot;:&quot;&quot;,&quot;camera&quot;:&quot;&quot;,&quot;caption&quot;:&quot;&quot;,&quot;created_timestamp&quot;:&quot;0&quot;,&quot;copyright&quot;:&quot;&quot;,&quot;focal_length&quot;:&quot;0&quot;,&quot;iso&quot;:&quot;0&quot;,&quot;shutter_speed&quot;:&quot;0&quot;,&quot;title&quot;:&quot;&quot;,&quot;orientation&quot;:&quot;0&quot;}\" data-image-title=\"Jodina-Kajana-duke-folur-p\u00ebr-BIRN-600&#215;338\" data-image-description=\"\" data-image-caption=\"\" data-medium-file=\"https:\/\/i0.wp.com\/www.shqiperia.com\/blog\/wp-content\/uploads\/2020\/02\/Jodina-Kajana-duke-folur-p%C3%ABr-BIRN-600x338-1.jpg?fit=300%2C169&amp;ssl=1\" data-large-file=\"https:\/\/i0.wp.com\/www.shqiperia.com\/blog\/wp-content\/uploads\/2020\/02\/Jodina-Kajana-duke-folur-p%C3%ABr-BIRN-600x338-1.jpg?fit=600%2C338&amp;ssl=1\" class=\"alignnone  wp-image-31605\" alt=\"\" src=\"https:\/\/i0.wp.com\/www.shqiperia.com\/blog\/wp-content\/uploads\/2020\/02\/Jodina-Kajana-duke-folur-p%C3%ABr-BIRN-600x338-1.jpg?resize=543%2C306&#038;ssl=1\" width=\"543\" height=\"306\" srcset=\"https:\/\/i0.wp.com\/www.shqiperia.com\/blog\/wp-content\/uploads\/2020\/02\/Jodina-Kajana-duke-folur-p%C3%ABr-BIRN-600x338-1.jpg?resize=300%2C169&amp;ssl=1 300w, https:\/\/i0.wp.com\/www.shqiperia.com\/blog\/wp-content\/uploads\/2020\/02\/Jodina-Kajana-duke-folur-p%C3%ABr-BIRN-600x338-1.jpg?resize=450%2C254&amp;ssl=1 450w, https:\/\/i0.wp.com\/www.shqiperia.com\/blog\/wp-content\/uploads\/2020\/02\/Jodina-Kajana-duke-folur-p%C3%ABr-BIRN-600x338-1.jpg?resize=400%2C225&amp;ssl=1 400w, https:\/\/i0.wp.com\/www.shqiperia.com\/blog\/wp-content\/uploads\/2020\/02\/Jodina-Kajana-duke-folur-p%C3%ABr-BIRN-600x338-1.jpg?w=600&amp;ssl=1 600w\" sizes=\"auto, (max-width: 543px) 100vw, 543px\" \/><\/p>\n<p><strong>FOTO: Nga hotelet, n\u00eb rr\u00ebnoja<\/strong><\/p>\n<p>18 shkurt \u00a02020<\/p>\n<p><strong>Nga Eriola Azizolli<\/strong><\/p>\n<p><strong>Dhjetra banor\u00eb t\u00eb qytetit t\u00eb Durr\u00ebsit jan\u00eb kthyer n\u00eb pallatet e pabanueshme, nd\u00ebrsa varf\u00ebria dhe burokracit\u00eb ua kan\u00eb pamund\u00ebsuar gjetjen e banesave me qira.<\/strong><\/p>\n<p>Dera e apartamentit t\u00eb Rakip dhe Dile Rek\u00ebs q\u00ebndron gjithmon\u00eb hapur. \u00c7ifti jeton n\u00eb katin e dyt\u00eb t\u00eb nj\u00eb pallati pes\u00ebkat\u00ebsh n\u00eb lagjen 7 t\u00eb qytetit t\u00eb Durr\u00ebsit, i cili \u00ebsht\u00eb sh\u00ebnuar me t\u00eb verdh\u00eb si i pabanuesh\u00ebm deri pas riparimit.<\/p>\n<p>Burr\u00eb e grua, respektivisht 75 dhe 62 vje\u00e7, megjith\u00ebse kan\u00eb aplikuar p\u00ebr bonus qiraje dhe kan\u00eb arritur t\u00eb b\u00ebjn\u00eb nj\u00eb kontrat\u00eb, jetojn\u00eb q\u00eb prej t\u00ebrmetit t\u00eb 26 n\u00ebntorit n\u00ebn suvat\u00eb e r\u00ebna dhe muret e plasaritura, pasi askush nuk u ka kthyer p\u00ebrgjigje. Dera e hapur dhe lutjet jan\u00eb e vetmja mas\u00eb sigurie q\u00eb ata mund t\u00eb marrin p\u00ebr momentin.<\/p>\n<p>\u201cKu t\u00eb shkojm\u00eb tjet\u00ebr? B\u00ebra ato dokumentat q\u00eb duheshin, b\u00ebra nj\u00eb kontrat\u00eb qiraje, i dor\u00ebzova t\u00eb gjitha, por pa paguar 20 000 mij\u00eb lek\u00eb, nuk na i japin \u00e7el\u00ebsat e sht\u00ebpis\u00eb, ndaj dhe ne ngel\u00ebm k\u00ebtu,\u201d thot\u00eb gruaja.<\/p>\n<p>Vonesa e bonusit, pamund\u00ebsia p\u00ebr t\u00eb gjetur sht\u00ebpi me qira dhe shtrenjtimi i \u00e7mimeve kan\u00eb detyruar dhjetra familje n\u00eb Durr\u00ebs q\u00eb t\u00eb kthehen n\u00eb godinat gjysm\u00eb t\u00eb rr\u00ebnuara q\u00eb mbet\u00ebn t\u00eb shkreta pas t\u00ebrmetit t\u00eb 26 n\u00ebntorit, q\u00eb detyroi zhvendosjen e 17 mij\u00eb personave.<\/p>\n<p><img data-recalc-dims=\"1\" loading=\"lazy\" decoding=\"async\" data-attachment-id=\"31606\" data-permalink=\"https:\/\/www.shqiperia.com\/blog\/foto-nga-hotelet-ne-rrenoja\/pallati-me-num-837-ne-lagjien-7-te-qytetit-te-durresit-600x338\/\" data-orig-file=\"https:\/\/i0.wp.com\/www.shqiperia.com\/blog\/wp-content\/uploads\/2020\/02\/Pallati-me-num-837-n%C3%AB-lagjien-7-t%C3%AB-qytetit-t%C3%AB-Durr%C3%ABsit-600x338-1.jpg?fit=600%2C338&amp;ssl=1\" data-orig-size=\"600,338\" data-comments-opened=\"1\" data-image-meta=\"{&quot;aperture&quot;:&quot;0&quot;,&quot;credit&quot;:&quot;&quot;,&quot;camera&quot;:&quot;&quot;,&quot;caption&quot;:&quot;&quot;,&quot;created_timestamp&quot;:&quot;0&quot;,&quot;copyright&quot;:&quot;&quot;,&quot;focal_length&quot;:&quot;0&quot;,&quot;iso&quot;:&quot;0&quot;,&quot;shutter_speed&quot;:&quot;0&quot;,&quot;title&quot;:&quot;&quot;,&quot;orientation&quot;:&quot;0&quot;}\" data-image-title=\"Pallati-me-num-837-n\u00eb-lagjien-7-t\u00eb-qytetit-t\u00eb-Durr\u00ebsit-600&#215;338\" data-image-description=\"\" data-image-caption=\"\" data-medium-file=\"https:\/\/i0.wp.com\/www.shqiperia.com\/blog\/wp-content\/uploads\/2020\/02\/Pallati-me-num-837-n%C3%AB-lagjien-7-t%C3%AB-qytetit-t%C3%AB-Durr%C3%ABsit-600x338-1.jpg?fit=300%2C169&amp;ssl=1\" data-large-file=\"https:\/\/i0.wp.com\/www.shqiperia.com\/blog\/wp-content\/uploads\/2020\/02\/Pallati-me-num-837-n%C3%AB-lagjien-7-t%C3%AB-qytetit-t%C3%AB-Durr%C3%ABsit-600x338-1.jpg?fit=600%2C338&amp;ssl=1\" class=\"alignnone  wp-image-31606\" alt=\"\" src=\"https:\/\/i0.wp.com\/www.shqiperia.com\/blog\/wp-content\/uploads\/2020\/02\/Pallati-me-num-837-n%C3%AB-lagjien-7-t%C3%AB-qytetit-t%C3%AB-Durr%C3%ABsit-600x338-1.jpg?resize=517%2C291&#038;ssl=1\" width=\"517\" height=\"291\" srcset=\"https:\/\/i0.wp.com\/www.shqiperia.com\/blog\/wp-content\/uploads\/2020\/02\/Pallati-me-num-837-n%C3%AB-lagjien-7-t%C3%AB-qytetit-t%C3%AB-Durr%C3%ABsit-600x338-1.jpg?resize=300%2C169&amp;ssl=1 300w, https:\/\/i0.wp.com\/www.shqiperia.com\/blog\/wp-content\/uploads\/2020\/02\/Pallati-me-num-837-n%C3%AB-lagjien-7-t%C3%AB-qytetit-t%C3%AB-Durr%C3%ABsit-600x338-1.jpg?resize=450%2C254&amp;ssl=1 450w, https:\/\/i0.wp.com\/www.shqiperia.com\/blog\/wp-content\/uploads\/2020\/02\/Pallati-me-num-837-n%C3%AB-lagjien-7-t%C3%AB-qytetit-t%C3%AB-Durr%C3%ABsit-600x338-1.jpg?resize=400%2C225&amp;ssl=1 400w, https:\/\/i0.wp.com\/www.shqiperia.com\/blog\/wp-content\/uploads\/2020\/02\/Pallati-me-num-837-n%C3%AB-lagjien-7-t%C3%AB-qytetit-t%C3%AB-Durr%C3%ABsit-600x338-1.jpg?w=600&amp;ssl=1 600w\" sizes=\"auto, (max-width: 517px) 100vw, 517px\" \/><\/p>\n<p>Megjith\u00eb rrezikun dhe dyshimet se gati gjysma e viktimave t\u00eb t\u00ebrmetit t\u00eb fundit (n\u00eb Thuman\u00eb) erdh\u00ebn p\u00ebr shkak t\u00eb pallateve t\u00eb d\u00ebmtuara nga l\u00ebkundje m\u00eb t\u00eb hershme sizmike, dhjetra familje jan\u00eb detyruar t\u00eb kthehen edhe n\u00eb godina t\u00eb klasifikuara me d\u00ebmtime t\u00eb shkall\u00ebs 4 e 5, t\u00eb cilat konsiderohen t\u00eb pariparueshme.<\/p>\n<p>Bashkia e Durr\u00ebsit tha se kishte b\u00ebr\u00eb lajm\u00ebrime t\u00eb her\u00ebpashershme p\u00ebr rrezikun q\u00eb kishin k\u00ebto godina dhe se ishin vendosur shenja, por n\u00eb nj\u00eb njoftim p\u00ebr shtyp t\u00eb b\u00ebr\u00eb publik s\u00eb fundmi, ajo pranoi t\u00ebrthorazi se procesi i dh\u00ebnies s\u00eb bonusit ishte i ngadalt\u00eb dhe se jan\u00eb 3,800 familje t\u00eb cilave u\u00a0\u00ebsht\u00eb miratuar bonusi n\u00eb dy lista paraprake por vet\u00ebm p\u00ebr 2,800 familje ka kaluar fondi nd\u00ebrsa ka edhe\u00a01,300 aplikime t\u00eb reja. Bashkia thot\u00eb se kishte hasur n\u00eb nj\u00eb mori problemesh, por po p\u00ebrpiqej t\u2019i zgjidhte ato, nd\u00ebrsa apeloi q\u00eb qytetar\u00ebt t\u00eb aplikonin p\u00ebr bonuse.<\/p>\n<p><strong>Nga hotelet n\u00eb rr\u00ebnoja<\/strong><\/p>\n<p>Qeveria u premtoi fillimisht familjeve t\u00eb prekura strehim n\u00eb hotele me 5 yje deri n\u00eb zgjidhjen e problemeve t\u00eb banesave, por prej fundit t\u00eb janarit, mjaft nga banor\u00ebt q\u00eb po l\u00ebn\u00eb hotelet jan\u00eb detyruar t\u00eb kthehen n\u00eb sht\u00ebpit\u00eb e rr\u00ebnuara.<\/p>\n<p>N\u00eb pallatin 5-kat\u00ebsh ku jeton familja Reka, pavar\u00ebsisht d\u00ebmtimeve q\u00eb jan\u00eb prezente n\u00eb \u00e7do kat dhe apartament, kat\u00ebr familje jan\u00eb rikthyer p\u00ebr t\u00eb jetuar dhe disa t\u00eb tjera po p\u00ebrgatiten, pasi nuk kan\u00eb gjetur streh\u00eb tjet\u00ebr.<\/p>\n<p>Jonida Kajana, e cila jeton n\u00eb katin e par\u00eb t\u00eb k\u00ebtij pallati, thot\u00eb se megjith\u00ebse kan\u00eb p\u00ebrfituar bonusin, ata nuk mund t\u00eb largohen nga sht\u00ebpia e rr\u00ebnuar. Ajo s\u00eb bashku me v\u00ebllan\u00eb mbajn\u00eb mbi supe problemet q\u00eb i ka l\u00ebn\u00eb pas t\u00ebrmeti, nd\u00ebrsa n\u00eb sht\u00ebpi kan\u00eb dy prind\u00ebrit e s\u00ebmur\u00eb.<\/p>\n<p>Kajana tregon se pas t\u00ebrmetit shkoi n\u00eb dy hotele, pasi i vendos\u00ebn sa tek nj\u00ebri, tek tjetri. Gjat\u00eb k\u00ebtyre muajve, e \u00ebma p\u00ebsoi nj\u00eb paraliz\u00eb dhe ndodhet n\u00eb shtrat, nd\u00ebrsa v\u00ebllai q\u00eb punon ku t\u00eb mundet, nuk arriti q\u00eb t\u00eb siguroj\u00eb parat\u00eb e r\u00ebna dakort p\u00ebr nj\u00eb banes\u00eb me qira.<\/p>\n<p>\u201cPasi u larguam nga hoteli, n\u00eb mes t\u00eb muajit janar siguruam nj\u00eb kontrat\u00eb qiraje, por mamaja u s\u00ebmur dhe lek\u00ebt nuk na mjaftuan q\u00eb ta paguanim vet\u00eb, ndaj u rikthyem n\u00eb banes\u00ebn ton\u00eb me gjith\u00eb frik\u00ebn dhe d\u00ebmtimet q\u00eb sht\u00ebpia ka nga t\u00eb gjitha an\u00ebt,\u201d thot\u00eb vajza.<\/p>\n<p><img data-recalc-dims=\"1\" loading=\"lazy\" decoding=\"async\" data-attachment-id=\"31607\" data-permalink=\"https:\/\/www.shqiperia.com\/blog\/foto-nga-hotelet-ne-rrenoja\/dile-reka-duke-folur-per-birn-600x338\/\" data-orig-file=\"https:\/\/i0.wp.com\/www.shqiperia.com\/blog\/wp-content\/uploads\/2020\/02\/Dile-Reka-duke-folur-p%C3%ABr-BIRN-600x338-1.jpg?fit=600%2C338&amp;ssl=1\" data-orig-size=\"600,338\" data-comments-opened=\"1\" data-image-meta=\"{&quot;aperture&quot;:&quot;0&quot;,&quot;credit&quot;:&quot;&quot;,&quot;camera&quot;:&quot;&quot;,&quot;caption&quot;:&quot;&quot;,&quot;created_timestamp&quot;:&quot;0&quot;,&quot;copyright&quot;:&quot;&quot;,&quot;focal_length&quot;:&quot;0&quot;,&quot;iso&quot;:&quot;0&quot;,&quot;shutter_speed&quot;:&quot;0&quot;,&quot;title&quot;:&quot;&quot;,&quot;orientation&quot;:&quot;0&quot;}\" data-image-title=\"Dile-Reka-duke-folur-p\u00ebr-BIRN-600&#215;338\" data-image-description=\"\" data-image-caption=\"\" data-medium-file=\"https:\/\/i0.wp.com\/www.shqiperia.com\/blog\/wp-content\/uploads\/2020\/02\/Dile-Reka-duke-folur-p%C3%ABr-BIRN-600x338-1.jpg?fit=300%2C169&amp;ssl=1\" data-large-file=\"https:\/\/i0.wp.com\/www.shqiperia.com\/blog\/wp-content\/uploads\/2020\/02\/Dile-Reka-duke-folur-p%C3%ABr-BIRN-600x338-1.jpg?fit=600%2C338&amp;ssl=1\" class=\"alignnone  wp-image-31607\" alt=\"\" src=\"https:\/\/i0.wp.com\/www.shqiperia.com\/blog\/wp-content\/uploads\/2020\/02\/Dile-Reka-duke-folur-p%C3%ABr-BIRN-600x338-1.jpg?resize=605%2C341&#038;ssl=1\" width=\"605\" height=\"341\" srcset=\"https:\/\/i0.wp.com\/www.shqiperia.com\/blog\/wp-content\/uploads\/2020\/02\/Dile-Reka-duke-folur-p%C3%ABr-BIRN-600x338-1.jpg?resize=300%2C169&amp;ssl=1 300w, https:\/\/i0.wp.com\/www.shqiperia.com\/blog\/wp-content\/uploads\/2020\/02\/Dile-Reka-duke-folur-p%C3%ABr-BIRN-600x338-1.jpg?resize=450%2C254&amp;ssl=1 450w, https:\/\/i0.wp.com\/www.shqiperia.com\/blog\/wp-content\/uploads\/2020\/02\/Dile-Reka-duke-folur-p%C3%ABr-BIRN-600x338-1.jpg?resize=400%2C225&amp;ssl=1 400w, https:\/\/i0.wp.com\/www.shqiperia.com\/blog\/wp-content\/uploads\/2020\/02\/Dile-Reka-duke-folur-p%C3%ABr-BIRN-600x338-1.jpg?w=600&amp;ssl=1 600w\" sizes=\"auto, (max-width: 605px) 100vw, 605px\" \/><\/p>\n<p>Vet\u00ebm n\u00eb jav\u00ebn e par\u00eb t\u00eb muajit shkurt, familja arriti q\u00eb t\u00eb marr\u00eb 20000 mij\u00eb lek\u00eb bonus, por thon\u00eb se ato jan\u00eb t\u00eb pamjaftueshme p\u00ebr t\u00eb marr\u00eb banes\u00ebn me qira dhe p\u00ebrballuar edhe shpenzimet e sh\u00ebndetit.<\/p>\n<p>\u201cT\u00eb pakt\u00ebn duhet q\u00eb t\u00eb paguajm\u00eb 500 mij\u00eb lek\u00eb p\u00ebr dy muaj parapagim, pastaj dhe nj\u00eb muaj pages\u00eb p\u00ebr muajin, sepse ndryshe askush nuk t\u00eb ofron sht\u00ebpi k\u00ebto dit\u00eb ku qiraja ka shkuar 20000-25000 mij\u00eb lek\u00eb,\u201d thot\u00eb Kajana.<\/p>\n<p>Ngjash\u00ebm ndodh edhe n\u00eb nj\u00eb bllok pallatesh n\u00eb zon\u00ebn e quajtur \u201cUj\u00ebsjell\u00ebsi\u201d n\u00eb lagjen Nr.4. Pallati me num\u00ebr 1046 n\u00eb k\u00ebt\u00eb lagje, u klasifikua si i pabanuesh\u00ebm p\u00ebr shkak t\u00eb d\u00ebmtimeve dhe nj\u00eb tabel\u00eb e vendosur nga Instituti i Nd\u00ebrtimit Teknik n\u00eb katin e par\u00eb, tregon se aty ndalohet rrept\u00ebsisht hyrja.<\/p>\n<p>Por nga rruga mund t\u00eb shikosh rroba t\u00eb hapura n\u00eb telat e ballkoneve, q\u00eb jan\u00eb shenja e par\u00eb q\u00eb n\u00eb k\u00ebt\u00eb pallat ka banor\u00eb q\u00eb jetojn\u00eb.\u00a0 T\u00eb pakt\u00ebn tre familje jan\u00eb rikthyer k\u00ebtu me gjith\u00eb rrezikun q\u00eb pallati ka.<\/p>\n<p>\u201cJan\u00eb tre-kat\u00ebr familje q\u00eb jan\u00eb rikthyer, se nuk kan\u00eb se ku t\u00eb shkojn\u00eb tjet\u00ebr,\u201d thot\u00eb nj\u00eb burr\u00eb rreth t\u00eb 70-ve q\u00eb e gjejm\u00eb, nd\u00ebrsa ndjek punimet p\u00ebr riparimin e d\u00ebmeve n\u00eb apartamentin e tij n\u00eb nj\u00eb pallat p\u00ebrball\u00eb.<\/p>\n<p>\u201cNj\u00eb familje \u00ebsht\u00eb n\u00eb katin e tret\u00eb, nj\u00eb n\u00eb t\u00eb gjashtin dhe nj\u00eb n\u00eb t\u00eb shtatin, aty po rrin\u00eb \u201d, shton burri nd\u00ebrsa heq disa mbetje inertesh nga sheshi i pallatit.<\/p>\n<p>Pallati duket i d\u00ebmtuar r\u00ebnd\u00eb, muret kan\u00eb r\u00ebn\u00eb n\u00eb disa vende, nd\u00ebrsa n\u00eb shkall\u00eb e sheshpushime ka suva dhe tulla. Bashkim e Lumturie Dema, dy pensionist\u00eb q\u00eb kan\u00eb zgjedhur t\u00eb kthehen aty, thon\u00eb se jetojn\u00eb \u00e7do dit\u00eb me frik\u00eb.<\/p>\n<p>\u201cSi nuk kemi frik\u00eb, kemi shkuar tek bashkia, na premtuan q\u00eb do rregullohet \u00e7do gj\u00eb shum\u00eb shpjet, ndaj dhe ne \u00e7do dit\u00eb rrim\u00eb me shpres\u00eb, sepse sht\u00ebpi me qira nuk gjejm\u00eb dot ne se jemi me pensione dhe ato s\u2019na mjaftojn\u00eb p\u00ebr t\u00eb jetuar\u201d, thot\u00eb Lumturie Dema.<\/p>\n<p>Ata q\u00eb rikthehen thon\u00eb se nuk kan\u00eb gjetur asnj\u00eb zgjidhje tjet\u00ebr. Elton Ferizi, i cili s\u00ebbashku me bashk\u00ebjetuesen e tij, Vioxheta, u rikthyen t\u00eb banojn\u00eb n\u00eb pallatin e tyre, pasi mbet\u00ebn pa asnj\u00eb mund\u00ebsi.<\/p>\n<p><img data-recalc-dims=\"1\" loading=\"lazy\" decoding=\"async\" data-attachment-id=\"31608\" data-permalink=\"https:\/\/www.shqiperia.com\/blog\/foto-nga-hotelet-ne-rrenoja\/jodina-kajana-duke-folur-per-birn-600x338-2\/\" data-orig-file=\"https:\/\/i0.wp.com\/www.shqiperia.com\/blog\/wp-content\/uploads\/2020\/02\/Jodina-Kajana-duke-folur-p%C3%ABr-BIRN-600x338-2.jpg?fit=600%2C338&amp;ssl=1\" data-orig-size=\"600,338\" data-comments-opened=\"1\" data-image-meta=\"{&quot;aperture&quot;:&quot;0&quot;,&quot;credit&quot;:&quot;&quot;,&quot;camera&quot;:&quot;&quot;,&quot;caption&quot;:&quot;&quot;,&quot;created_timestamp&quot;:&quot;0&quot;,&quot;copyright&quot;:&quot;&quot;,&quot;focal_length&quot;:&quot;0&quot;,&quot;iso&quot;:&quot;0&quot;,&quot;shutter_speed&quot;:&quot;0&quot;,&quot;title&quot;:&quot;&quot;,&quot;orientation&quot;:&quot;0&quot;}\" data-image-title=\"Jodina-Kajana-duke-folur-p\u00ebr-BIRN-600&#215;338\" data-image-description=\"\" data-image-caption=\"\" data-medium-file=\"https:\/\/i0.wp.com\/www.shqiperia.com\/blog\/wp-content\/uploads\/2020\/02\/Jodina-Kajana-duke-folur-p%C3%ABr-BIRN-600x338-2.jpg?fit=300%2C169&amp;ssl=1\" data-large-file=\"https:\/\/i0.wp.com\/www.shqiperia.com\/blog\/wp-content\/uploads\/2020\/02\/Jodina-Kajana-duke-folur-p%C3%ABr-BIRN-600x338-2.jpg?fit=600%2C338&amp;ssl=1\" class=\"alignnone  wp-image-31608\" alt=\"\" src=\"https:\/\/i0.wp.com\/www.shqiperia.com\/blog\/wp-content\/uploads\/2020\/02\/Jodina-Kajana-duke-folur-p%C3%ABr-BIRN-600x338-2.jpg?resize=607%2C342&#038;ssl=1\" width=\"607\" height=\"342\" srcset=\"https:\/\/i0.wp.com\/www.shqiperia.com\/blog\/wp-content\/uploads\/2020\/02\/Jodina-Kajana-duke-folur-p%C3%ABr-BIRN-600x338-2.jpg?resize=300%2C169&amp;ssl=1 300w, https:\/\/i0.wp.com\/www.shqiperia.com\/blog\/wp-content\/uploads\/2020\/02\/Jodina-Kajana-duke-folur-p%C3%ABr-BIRN-600x338-2.jpg?resize=450%2C254&amp;ssl=1 450w, https:\/\/i0.wp.com\/www.shqiperia.com\/blog\/wp-content\/uploads\/2020\/02\/Jodina-Kajana-duke-folur-p%C3%ABr-BIRN-600x338-2.jpg?resize=400%2C225&amp;ssl=1 400w, https:\/\/i0.wp.com\/www.shqiperia.com\/blog\/wp-content\/uploads\/2020\/02\/Jodina-Kajana-duke-folur-p%C3%ABr-BIRN-600x338-2.jpg?w=600&amp;ssl=1 600w\" sizes=\"auto, (max-width: 607px) 100vw, 607px\" \/><\/p>\n<p>\u201cShkuam tek miqt\u00eb tan\u00eb, pasi dhe familjar\u00ebt i kemi larg, disa dit\u00eb q\u00ebndruan n\u00eb hotel, sht\u00ebpi me qira nuk gjet\u00ebm dot se jan\u00eb shum\u00eb shtrenjt\u00eb dhe nuk b\u00ebjm\u00eb dot kontrat\u00eb dhe u rikthyem k\u00ebtu n\u00eb sht\u00ebpit\u00eb ton\u00eb, sepse nuk shohim asnj\u00eb zgjidhje\u201d, thot\u00eb Eltoni p\u00ebr BIRN.<\/p>\n<p>\u00c7ifti i ri menj\u00ebher\u00eb pas t\u00ebrmetit u vetofruan si vullnetar\u00eb, duke u ardhur n\u00eb ndihm\u00eb njer\u00ebzve t\u00eb s\u00ebmur\u00eb dhe t\u00eb moshuar. Ata tregojn\u00eb se gjat\u00eb k\u00ebsaj kohe jeton tek t\u00eb njohur, nd\u00ebrsa ishin n\u00eb pritje q\u00eb pronari i pallatit t\u00eb nis\u00eb riparimet, pasi pallati \u00ebsht\u00eb \u00a0i ri, por pam\u00eb se asgj\u00eb nuk po ndryshonte ndaj u rikthyen n\u00eb apartamentin e tyre dhe pse \u00ebsht\u00eb vler\u00ebsuar si i pabanuesh\u00ebm.<\/p>\n<p>\u201cT\u00ebrmeti na solidarizoi dhe ne t\u00eb rinjt\u00eb, pas pune si operator shitjesh un\u00eb s\u00eb bashku me Vioxhet\u00ebn shkonim dhe jepnim kontributin ton\u00eb si vullnetar\u00eb \u00e7do dit\u00eb, por sot gati tre muaj pas t\u00ebrmetit po jetojm\u00eb vet\u00eb mes rrezikut, pasi nuk kemi se ku t\u00eb shkojm\u00eb,\u201d thot\u00eb Eltoni. Ai tregon se nuk kan\u00eb asnj\u00eb informacion se kur do t\u00eb nis t\u00eb riparohet pallati. \u00a0N\u00eb t\u00eb nj\u00ebtin pallat, ka dhe tre famije t\u00eb tjera q\u00eb jan\u00eb rikthyer p\u00ebr t\u00eb jetuar, t\u00eb cilat ndajn\u00eb t\u00eb nj\u00ebjtat halle.<\/p>\n<p><strong>Mungesa e dokumenteve<\/strong><\/p>\n<p>Nd\u00ebrkoh\u00eb p\u00ebr t\u00eb tjer\u00eb banor\u00eb, t\u00ebrmeti ka nxjerr\u00eb n\u00eb sken\u00eb halle t\u00eb vjetra. Nj\u00eb pjes\u00eb e tyre kan\u00eb jetuar n\u00eb sht\u00ebpi pa pasur hipotek\u00eb dhe mungesa e dokumentacionit \u00ebsht\u00eb kthyer p\u00ebr t\u2019i penalizuar p\u00ebr s\u00eb dyti.<\/p>\n<p>N\u00eb qend\u00ebr t\u00eb qytetit t\u00eb Durr\u00ebsit, n\u00eb lagjen me num\u00ebr 3, vet\u00ebm pak metra larg institucioneve t\u00eb qeverisjes vendore, n\u00eb nj\u00eb zon\u00eb me banesa private dhe q\u00eb konsiderohet si lagje e vjet\u00ebr durrsake, nj\u00eb banes\u00eb nj\u00eb kat\u00ebshe \u00ebsht\u00eb konsideruar si e pabanueshme dhe e rrezikshme.<\/p>\n<p>\u00c7atia e banes\u00ebs ka p\u00ebsuar nj\u00eb \u00e7edim t\u00eb grad\u00ebs s\u00eb r\u00ebnd\u00eb dhe n\u00eb muret e jashtme t\u00eb sht\u00ebpis\u00eb, ndodhen dy tabela t\u00eb vendosura nga bashkia Durr\u00ebs dhe q\u00eb sipas Insitutit Teknik t\u00eb Nd\u00ebrtimit ndalohet rrept\u00ebsisht hyrja n\u00eb objekt, pasi \u00ebsht\u00eb n\u00eb rrezik shembje.<\/p>\n<p>Dall\u00ebndyshe Lila, rreth t\u00eb 30-ave, e cila jeton n\u00eb k\u00ebt\u00eb banes\u00eb s\u00eb bashku me t\u00eb atin dhe v\u00ebllan\u00eb, thot\u00eb se u rikthye t\u00eb jetonte n\u00eb k\u00ebt\u00eb sht\u00ebpi me gjith\u00eb rrezikun q\u00eb ajo mbart, pasi q\u00ebndroi deri n\u00eb 20 dhjetor n\u00eb hotel dhe nuk mundi t\u00eb siguroj\u00eb bonus p\u00ebr shkak t\u00eb problemeve t\u00eb pron\u00ebsis\u00eb mbi banes\u00ebn q\u00eb nuk figuron n\u00eb em\u00ebr t\u00eb kryefamiljarit, babait t\u00eb saj.<\/p>\n<p>\u201cPas t\u00ebrmetit na \u00e7uan n\u00eb hotel dhe nd\u00ebrsa q\u00ebndronin atje nis\u00ebm k\u00ebrkimet p\u00ebr nj\u00eb sht\u00ebpi me qira, por m\u00ebsuam se nuk fitonim bonus, banes\u00ebn nuk e paguajm\u00eb dot me t\u00eb ardhurat q\u00eb kemi sepse duheshin t\u00eb pakt\u00ebn 50 000 mij\u00eb lek\u00eb p\u00ebr dy muajt e par\u00eb dhe u rikthyem n\u00eb sht\u00ebpi,\u201d thot\u00eb Dall\u00ebndyshja nd\u00ebrsa p\u00ebrfundon nderjen e rrobave n\u00eb telat e vendosur pik\u00ebrisht n\u00eb murin ku paralajm\u00ebrohet rreziku.<\/p>\n<p>Dall\u00ebndyshja \u00ebsht\u00eb e frik\u00ebsuar, por nuk ka asnj\u00eb zgjidhje tjet\u00ebr. \u201cShkoj tek bashkia, na thon\u00eb q\u00eb do t\u2019ju shikohet banesa dhe mund\u00ebsia se \u00e7far\u00eb do t\u00eb vendoset p\u00ebr t\u00eb, lek\u00eb nuk kemi q\u00eb t\u00eb l\u00ebvizim, ndaj kemi ngelur k\u00ebtu me lutjet q\u00eb Zoti t\u00eb na ruaj\u00eb,\u201d thot\u00eb ajo.<\/p>\n<p>Nd\u00ebrkoh\u00eb, t\u00eb tjer\u00eb banor\u00eb q\u00eb kan\u00eb mundur t\u00eb gjejn\u00eb sht\u00ebpi me qira dhe kan\u00eb paguar deri n\u00eb 500 mij\u00eb lek\u00eb si garanci, thon\u00eb se shpejt do jen\u00eb t\u00eb detyruar t\u2019i braktisin e t\u00eb kthehen n\u00eb godinat e d\u00ebmtuara.<\/p>\n<p>Agim Berisha, pensionist arriti s\u00eb bashku me gruan q\u00eb t\u00eb siguroj\u00eb nj\u00eb banes\u00eb nj\u00eb kat\u00ebshe me qira, n\u00eb nj\u00eb lagje tjet\u00ebr t\u00eb qytetit dhe me kursimet e tyre dhe bonusin e p\u00ebrfituar p\u00ebr muajin dhjetor, ka arritur q\u00eb t\u00eb paguaj\u00eb dy muaj parapagim n\u00eb banes\u00ebn ku jeton. Megjithat\u00eb, ai thot\u00eb se nuk e di n\u00ebse do mund t\u00eb paguajn\u00eb p\u00ebr muajin shkurt, pasi p\u00ebrve\u00e7 vonesave t\u00eb bonusit, \u00ebsht\u00eb detyruar t\u00eb paguaj\u00eb fatura uji e dritash p\u00ebr t\u00eb dy sht\u00ebpit\u00eb at\u00eb t\u00eb prishur\u00ebn dhe at\u00eb me qira.<\/p>\n<p>\u201cAtje ku po jetojm\u00eb na k\u00ebrkojn\u00eb lek\u00ebt, bashkia me zor na l\u00ebvroi vet\u00ebm bonusin e nj\u00eb muaji, nd\u00ebrsa sot q\u00eb vij k\u00ebtu (te sht\u00ebpia e d\u00ebmtuar) shikoj se na kan\u00eb faturuar uj\u00eb dhe dritat, nd\u00ebrkoh\u00eb q\u00eb ne paguajm\u00eb atje ku jemi me qira, dhe nuk e kuptoj se sa her\u00eb duhet q\u00eb t\u00eb paguajn\u00eb\u201d,\u00a0 thot\u00eb Berisha p\u00ebr BIRN.<\/p>\n<p><strong>Riparime t\u00eb ngadalta<\/strong><\/p>\n<p>Leonora \u00c7oba, 76 vje\u00e7 jeton e vetme n\u00eb apartamentin e d\u00ebmtuar nga t\u00ebrmeti. Foto: Eriola Azizolli.<\/p>\n<p>Me probleme q\u00eb nuk u ngjajn\u00eb nj\u00ebra tjetr\u00ebs, banor\u00ebt e pallatit 5 kat\u00ebsh t\u00eb lagjes 7 n\u00eb Durr\u00ebs \u00a0kan\u00eb gjetur nj\u00eb m\u00ebnyr\u00eb p\u00ebr t\u2019u ngush\u00eblluar. Pavar\u00ebsisht n\u00ebse jan\u00eb kthyer t\u00eb jetojn\u00eb n\u00eb godin\u00eb apo jan\u00eb me qira diku pran\u00eb, ata kthehen \u00e7do dit\u00eb dhe bisedojn\u00eb n\u00eb sheshpushimin e nd\u00ebrtes\u00ebs, nd\u00ebrsa presin q\u00eb t\u00eb nis\u00eb puna p\u00ebr riparimin e pallatit.<\/p>\n<p>Pallati, si\u00e7 thon\u00eb ata, \u00ebsht\u00eb klasifikuar tek 500 objekte q\u00eb bashkia e Durr\u00ebsit premton se do t\u2019i riparoj\u00eb. Sipas bashkis\u00eb, b\u00ebhet fjal\u00eb pallate t\u00eb nd\u00ebrtuara para vitit 1993.<\/p>\n<p>N\u00eb t\u00eb nj\u00ebjt\u00ebn situat\u00eb jan\u00eb edhe Bashkim dhe Lumturie Dema q\u00eb jetojn\u00eb n\u00eb pallatin Nr.1046 n\u00eb lagjen Nr.4. \u201cAshtu si pallati jon\u00eb dhe sht\u00ebpit\u00eb e vajzave na jan\u00eb d\u00ebmtuar, jemi n\u00eb nj\u00eb hall t\u00eb madh, qyteti \u00ebsht\u00eb n\u00eb nj\u00eb hall t\u00eb madh sa vet\u00ebm Zoti do na shp\u00ebtoj\u00eb nga kjo q\u00eb na zuri,\u201d thot\u00eb Bashkimi p\u00ebr BIRN.<\/p>\n<p>Pas t\u00ebrmetit ata u sistemuan si mund\u00ebn, n\u00ebp\u00ebr t\u00eb af\u00ebrm, por tashm\u00eb kan\u00eb nj\u00eb muaj q\u00eb jan\u00eb rikthyer dhe syt\u00eb i kan\u00eb tek bashkia p\u00ebr nisjen e punimeve.\u201cKa gati dy muaj q\u00eb po punohet tek pallati ngjitur me k\u00ebt\u00eb tonin. Kur nisi puna atje, ne u g\u00ebzuam sepse menduan q\u00eb do na vinte radha dhe p\u00ebr pallatin ton\u00eb, por si\u00e7 po shohin, puna ka ngleur atje, nuk dim\u00eb se \u00e7\u2019b\u00ebhet\u201d, thot\u00eb burri.<\/p>\n<p>Fillimin e riparimeve pret edhe fiqinja e tyre, 76-vje\u00e7arja Leonora \u00c7oba, e cila u kthye pasi q\u00ebndroi tre muaj t\u00eb f\u00ebmij\u00ebt n\u00eb Itali dhe u kthye me shpres\u00eb se pun\u00ebt do t\u00eb viheshin n\u00eb vij\u00eb. Ajo tregon se ka muaj q\u00eb sheh riparimet n\u00eb pallatin fqinj, por puna ec\u00ebn shum\u00eb ngadal\u00eb.<\/p>\n<p>\u201cF\u00ebmij\u00ebt kan\u00eb len\u00eb djers\u00ebn k\u00ebtu me rregullime dhe me pla\u00e7k\u00eb, ndaj mendova q\u00eb do duhej t\u00eb vinin t\u00eb na riparonin d\u00ebmet, apo t\u00eb na b\u00ebnin verifikim p\u00ebr to. Por, kur pash\u00eb se pallati ishte si\u00e7 e kisha l\u00ebn\u00eb pas t\u00ebrmetit dhe akoma punohet tek pallati tjet\u00ebr q\u00eb ka nisur pun\u00ebn dy muaj m\u00eb par\u00eb, kam ngelur e zhg\u00ebnjyer,\u201d thot\u00eb Leonora.<\/p>\n<p>Pas kthimit nga Italia, ajo nuk arriti q\u00eb t\u00eb gjej\u00eb nj\u00eb banes\u00eb me qira, ndon\u00ebse e di q\u00eb mund t\u00eb aplikoj\u00eb ende p\u00ebr nj\u00eb bonus qiraje. \u201cE dini se sa kan\u00eb shkuar qirat\u00eb? 200-250 mij\u00eb lek\u00eb (t\u00eb vjetra) n\u00eb muaj dhe t\u00eb gjith\u00eb k\u00ebrkojn\u00eb dy- tre muaj parapagim, ndaj ngela k\u00ebtu\u201d, thot\u00eb ajo.<\/p>\n<p>76 vje\u00e7arja jeton e vetme n\u00eb apartametin e saj dhe ashtu si t\u00eb tjer\u00eb t\u00eb rikthyer, mban der\u00ebn hapur si t\u00eb vetmen mas\u00eb sigurie q\u00eb ka n\u00eb dor\u00eb. \u00a0\u201cSa her\u00eb q\u00eb ka l\u00ebkundje, un\u00eb dal menj\u00ebher\u00eb jasht\u00eb,\u201dp\u00ebrfundon ajo.<\/p>\n<p>*****<\/p>\n<p><em>Eriola Azizolli \u00ebsht\u00eb gazetare p\u00ebr Ora News TV n\u00eb Berat.<\/em><\/p>\n","protected":false},"excerpt":{"rendered":"<p>FOTO: Nga hotelet, n\u00eb rr\u00ebnoja 18 shkurt \u00a02020 Nga Eriola Azizolli Dhjetra banor\u00eb t\u00eb qytetit t\u00eb Durr\u00ebsit jan\u00eb kthyer n\u00eb pallatet e pabanueshme, nd\u00ebrsa varf\u00ebria dhe burokracit\u00eb ua kan\u00eb pamund\u00ebsuar gjetjen e banesave me qira. Dera e apartamentit t\u00eb Rakip dhe Dile Rek\u00ebs q\u00ebndron gjithmon\u00eb hapur. \u00c7ifti jeton n\u00eb katin e dyt\u00eb t\u00eb nj\u00eb pallati [&hellip;]<\/p>\n","protected":false},"author":9,"featured_media":31605,"comment_status":"open","ping_status":"open","sticky":false,"template":"","format":"standard","meta":{"jetpack_post_was_ever_published":false,"_jetpack_newsletter_access":"","_jetpack_dont_email_post_to_subs":false,"_jetpack_newsletter_tier_id":0,"_jetpack_memberships_contains_paywalled_content":false,"_jetpack_memberships_contains_paid_content":false,"footnotes":"","jetpack_publicize_message":"","jetpack_publicize_feature_enabled":true,"jetpack_social_post_already_shared":true,"jetpack_social_options":{"image_generator_settings":{"template":"highway","default_image_id":0,"font":"","enabled":false},"version":2}},"categories":[27,2,35],"tags":[],"class_list":["post-31604","post","type-post","status-publish","format-standard","has-post-thumbnail","hentry","category-blogu-i-udhetarit","category-politika","category-shoqerore"],"jetpack_publicize_connections":[],"jetpack_featured_media_url":"https:\/\/i0.wp.com\/www.shqiperia.com\/blog\/wp-content\/uploads\/2020\/02\/Jodina-Kajana-duke-folur-p%C3%ABr-BIRN-600x338-1.jpg?fit=600%2C338&ssl=1","jetpack_sharing_enabled":true,"jetpack_shortlink":"https:\/\/wp.me\/p5Z6wp-8dK","jetpack-related-posts":[{"id":77187,"url":"https:\/\/www.shqiperia.com\/blog\/rijetezohen-dyert-e-vjetra-te-durresit-12-foto\/","url_meta":{"origin":31604,"position":0},"title":"Rijet\u00ebzohen dyert e vjetra t\u00eb Durr\u00ebsit, 12 Foto.","author":"Kurt Farka","date":"January 12, 2024","format":false,"excerpt":"12 Janar 2024 Vizitoni Dyert e Vjetra t\u00eb Durresit Shtegu Kulturor i 12 dyerve t\u00eb vjetra t\u00eb qytetit t\u00eb Durr\u00ebsit, \u201cKur e kaluara takohet me t\u00eb ardhmen\u201d\u00a0mbetet nj\u00eb nga giudat mjaft interesante p\u00ebr vizitor\u00ebt dhe turist\u00ebt t\u00eb huaj. Nj\u00eb nism\u00eb e zbatuar nga qendra \u201cDurr\u00ebsi Aktiv\u201d n\u00eb bashk\u00ebpunim me \u201cMuZEH\u2026","rel":"","context":"In &quot;Blogu i Udh\u00ebtarit&quot;","block_context":{"text":"Blogu i Udh\u00ebtarit","link":"https:\/\/www.shqiperia.com\/blog\/category\/blogu-i-udhetarit\/"},"img":{"alt_text":"","src":"https:\/\/i0.wp.com\/www.shqiperia.com\/blog\/wp-content\/uploads\/2024\/01\/Familja-Nushi-1-577x1024-1.jpg?fit=543%2C376&ssl=1&resize=350%2C200","width":350,"height":200,"srcset":"https:\/\/i0.wp.com\/www.shqiperia.com\/blog\/wp-content\/uploads\/2024\/01\/Familja-Nushi-1-577x1024-1.jpg?fit=543%2C376&ssl=1&resize=350%2C200 1x, https:\/\/i0.wp.com\/www.shqiperia.com\/blog\/wp-content\/uploads\/2024\/01\/Familja-Nushi-1-577x1024-1.jpg?fit=543%2C376&ssl=1&resize=525%2C300 1.5x"},"classes":[]},{"id":57119,"url":"https:\/\/www.shqiperia.com\/blog\/ska-punetore-hotelet-dhe-restorantet-ne-durres-me-syte-nga-azia-te-punesojne-te-huaj\/","url_meta":{"origin":31604,"position":1},"title":"S&#8217;ka pun\u00ebtor\u00eb, hotelet dhe restorantet n\u00eb Durr\u00ebs me syt\u00eb nga Azia t\u00eb pun\u00ebsojn\u00eb t\u00eb huaj","author":"Kurt Farka","date":"April 24, 2022","format":false,"excerpt":"S'ka pun\u00ebtor\u00eb, hotelet dhe restorantet n\u00eb Durr\u00ebs me syt\u00eb nga Azia t\u00eb pun\u00ebsojn\u00eb t\u00eb huaj Nga OraNews 14 Prill 2022 Bizneset e hoteleri-turizmit n\u00eb vend po ndeshin v\u00ebshtir\u00ebsi n\u00eb gjetjen e punonj\u00ebsve. Ndaj ata detyrohen t\u00eb pun\u00ebsojn\u00eb punonj\u00ebs nga Azia, dhe ve\u00e7an\u00ebrisht nga Filipinet. N\u00eb Panairin e Pun\u00ebs q\u00eb u\u2026","rel":"","context":"In &quot;Blogu i Udh\u00ebtarit&quot;","block_context":{"text":"Blogu i Udh\u00ebtarit","link":"https:\/\/www.shqiperia.com\/blog\/category\/blogu-i-udhetarit\/"},"img":{"alt_text":"","src":"https:\/\/i0.wp.com\/www.shqiperia.com\/blog\/wp-content\/uploads\/2022\/04\/hotel-apollonia-zimmeraussicht.jpg?fit=550%2C303&ssl=1&resize=350%2C200","width":350,"height":200,"srcset":"https:\/\/i0.wp.com\/www.shqiperia.com\/blog\/wp-content\/uploads\/2022\/04\/hotel-apollonia-zimmeraussicht.jpg?fit=550%2C303&ssl=1&resize=350%2C200 1x, https:\/\/i0.wp.com\/www.shqiperia.com\/blog\/wp-content\/uploads\/2022\/04\/hotel-apollonia-zimmeraussicht.jpg?fit=550%2C303&ssl=1&resize=525%2C300 1.5x"},"classes":[]},{"id":56788,"url":"https:\/\/www.shqiperia.com\/blog\/mozaiket-antike-mbeten-thurja-e-munguar-e-turizmit-ne-durres\/","url_meta":{"origin":31604,"position":2},"title":"Mozaik\u00ebt antik\u00eb mbeten thurja e munguar e turizmit n\u00eb Durr\u00ebs","author":"Kurt Farka","date":"April 16, 2022","format":false,"excerpt":"Mozaik\u00ebt antik\u00eb mbeten thurja e munguar e turizmit n\u00eb Durr\u00ebs 11 Prill 2022 \u2026\u201cMozaiku me Meand\u00ebr\u201d, i njohur si mozaiku me kryqe, n\u00eb nj\u00eb pjes\u00eb t\u00eb vitit \u00ebsht\u00eb i mbuluar me uj\u00eb, kryesisht ai q\u00eb vjen nga kanalizimet e amortizuara. N\u00ebn themele pallatesh dhe bodrume t\u00eb p\u00ebrmbytura me uj\u00ebra t\u00eb\u2026","rel":"","context":"In &quot;Arte&quot;","block_context":{"text":"Arte","link":"https:\/\/www.shqiperia.com\/blog\/category\/arte\/"},"img":{"alt_text":"","src":"https:\/\/i0.wp.com\/www.shqiperia.com\/blog\/wp-content\/uploads\/2022\/04\/mozaiket-Copy.jpg?fit=1200%2C595&ssl=1&resize=350%2C200","width":350,"height":200,"srcset":"https:\/\/i0.wp.com\/www.shqiperia.com\/blog\/wp-content\/uploads\/2022\/04\/mozaiket-Copy.jpg?fit=1200%2C595&ssl=1&resize=350%2C200 1x, https:\/\/i0.wp.com\/www.shqiperia.com\/blog\/wp-content\/uploads\/2022\/04\/mozaiket-Copy.jpg?fit=1200%2C595&ssl=1&resize=525%2C300 1.5x, https:\/\/i0.wp.com\/www.shqiperia.com\/blog\/wp-content\/uploads\/2022\/04\/mozaiket-Copy.jpg?fit=1200%2C595&ssl=1&resize=700%2C400 2x, https:\/\/i0.wp.com\/www.shqiperia.com\/blog\/wp-content\/uploads\/2022\/04\/mozaiket-Copy.jpg?fit=1200%2C595&ssl=1&resize=1050%2C600 3x"},"classes":[]},{"id":72344,"url":"https:\/\/www.shqiperia.com\/blog\/mbetet-pezull-shembja-e-objekteve-mbi-amfiteatrin-antik-te-durresit\/","url_meta":{"origin":31604,"position":3},"title":"Mbetet pezull shembja e objekteve mbi amfiteatrin antik t\u00eb Durr\u00ebsit","author":"Kurt Farka","date":"June 22, 2023","format":false,"excerpt":"22 Qershor 2023 Tre vjet pas n\u00ebnshkrimit t\u00eb memorandumit q\u00eb synon menaxhimin e integruar t\u00eb zon\u00ebs arkeologjike A t\u00eb qytetit t\u00eb Durr\u00ebsit, amfiteatri antik ka t\u00eb njejt\u00ebn pamje me dit\u00ebn kur u zhvillua ceremonia tripal\u00ebshe. Nj\u00eb nga pikat e k\u00ebtij dokumenti t\u00eb firmosur nga titullar\u00ebt e Ministris\u00eb s\u00eb Kultur\u00ebs dhe\u2026","rel":"","context":"In &quot;Blogu i Udh\u00ebtarit&quot;","block_context":{"text":"Blogu i Udh\u00ebtarit","link":"https:\/\/www.shqiperia.com\/blog\/category\/blogu-i-udhetarit\/"},"img":{"alt_text":"","src":"https:\/\/i0.wp.com\/www.shqiperia.com\/blog\/wp-content\/uploads\/2023\/06\/640-0-ac13b4d56f03798a88e72bd1e2ba82ed.jpg?fit=640%2C427&ssl=1&resize=350%2C200","width":350,"height":200,"srcset":"https:\/\/i0.wp.com\/www.shqiperia.com\/blog\/wp-content\/uploads\/2023\/06\/640-0-ac13b4d56f03798a88e72bd1e2ba82ed.jpg?fit=640%2C427&ssl=1&resize=350%2C200 1x, https:\/\/i0.wp.com\/www.shqiperia.com\/blog\/wp-content\/uploads\/2023\/06\/640-0-ac13b4d56f03798a88e72bd1e2ba82ed.jpg?fit=640%2C427&ssl=1&resize=525%2C300 1.5x"},"classes":[]},{"id":83261,"url":"https:\/\/www.shqiperia.com\/blog\/britania-ne-kaos-protestuesit-shkaterrojne-hotelet-duke-hedhur-mjete-te-forta\/","url_meta":{"origin":31604,"position":4},"title":"Britania n\u00eb kaos, protestuesit shkat\u00ebrrojn\u00eb hotelet duke hedhur mjete t\u00eb forta","author":"Kurt Farka","date":"August 4, 2024","format":false,"excerpt":"4 Gusht 2024 Nj\u00eb raund i ri incidentesh shp\u00ebrtheu sot, n\u00eb qytete t\u00eb ndryshme britanike , si Liverpool dhe Rotherham, pas vrasjes s\u00eb tre vajzave t\u00eb vogla n\u00eb Southport. Videot n\u00eb mediat sociale tregojn\u00eb protestuesit n\u00eb Holiday Inn Express n\u00eb Rotherham q\u00eb hyjn\u00eb n\u00eb hotel dhe u v\u00ebn\u00eb flak\u00ebn sendeve\u2026","rel":"","context":"In &quot;Blogu i Udh\u00ebtarit&quot;","block_context":{"text":"Blogu i Udh\u00ebtarit","link":"https:\/\/www.shqiperia.com\/blog\/category\/blogu-i-udhetarit\/"},"img":{"alt_text":"","src":"https:\/\/i0.wp.com\/www.shqiperia.com\/blog\/wp-content\/uploads\/2024\/08\/rfgsedf.jpg?fit=632%2C357&ssl=1&resize=350%2C200","width":350,"height":200,"srcset":"https:\/\/i0.wp.com\/www.shqiperia.com\/blog\/wp-content\/uploads\/2024\/08\/rfgsedf.jpg?fit=632%2C357&ssl=1&resize=350%2C200 1x, https:\/\/i0.wp.com\/www.shqiperia.com\/blog\/wp-content\/uploads\/2024\/08\/rfgsedf.jpg?fit=632%2C357&ssl=1&resize=525%2C300 1.5x"},"classes":[]},{"id":63278,"url":"https:\/\/www.shqiperia.com\/blog\/projekti-i-amfiteatrit-te-durresit-bylykbashi-qytetaret-po-kercenohen-do-shembe-ne-menyre-selektive-205-banesa\/","url_meta":{"origin":31604,"position":5},"title":"Projekti i Amfiteatrit t\u00eb Durr\u00ebsit, Bylykbashi: &#8211; Qytetar\u00ebt po k\u00ebrc\u00ebnohen! &#8211; Do shemb\u00eb n\u00eb m\u00ebnyr\u00eb selektive 205 banesa","author":"Kurt Farka","date":"October 14, 2022","format":false,"excerpt":"14 Tetor 2022 Deputeti i Partis\u00eb Demokratike, Oerd Bylykbashi, denoncoi projektin e dh\u00ebnies s\u00eb Amfiteatrit t\u00eb Durr\u00ebs me koncesion pasi sipas tij ai \u00ebsht\u00eb abuziv, nd\u00ebrsa nga g\u00ebrmimet brenda zon\u00ebs arkeologjike do t\u00eb shemben 205 sht\u00ebpi. Gjat\u00eb fjal\u00ebs s\u00eb tij n\u00eb Kuvend, Bylykbashi e konsideroi si skandal procesin e shpron\u00ebsimeve\u2026","rel":"","context":"In &quot;Blogu i Udh\u00ebtarit&quot;","block_context":{"text":"Blogu i Udh\u00ebtarit","link":"https:\/\/www.shqiperia.com\/blog\/category\/blogu-i-udhetarit\/"},"img":{"alt_text":"","src":"https:\/\/i0.wp.com\/www.shqiperia.com\/blog\/wp-content\/uploads\/2022\/10\/amfiteatatri-i-durresit.jpg?fit=687%2C380&ssl=1&resize=350%2C200","width":350,"height":200,"srcset":"https:\/\/i0.wp.com\/www.shqiperia.com\/blog\/wp-content\/uploads\/2022\/10\/amfiteatatri-i-durresit.jpg?fit=687%2C380&ssl=1&resize=350%2C200 1x, https:\/\/i0.wp.com\/www.shqiperia.com\/blog\/wp-content\/uploads\/2022\/10\/amfiteatatri-i-durresit.jpg?fit=687%2C380&ssl=1&resize=525%2C300 1.5x"},"classes":[]}],"_links":{"self":[{"href":"https:\/\/www.shqiperia.com\/blog\/wp-json\/wp\/v2\/posts\/31604","targetHints":{"allow":["GET"]}}],"collection":[{"href":"https:\/\/www.shqiperia.com\/blog\/wp-json\/wp\/v2\/posts"}],"about":[{"href":"https:\/\/www.shqiperia.com\/blog\/wp-json\/wp\/v2\/types\/post"}],"author":[{"embeddable":true,"href":"https:\/\/www.shqiperia.com\/blog\/wp-json\/wp\/v2\/users\/9"}],"replies":[{"embeddable":true,"href":"https:\/\/www.shqiperia.com\/blog\/wp-json\/wp\/v2\/comments?post=31604"}],"version-history":[{"count":1,"href":"https:\/\/www.shqiperia.com\/blog\/wp-json\/wp\/v2\/posts\/31604\/revisions"}],"predecessor-version":[{"id":31609,"href":"https:\/\/www.shqiperia.com\/blog\/wp-json\/wp\/v2\/posts\/31604\/revisions\/31609"}],"wp:featuredmedia":[{"embeddable":true,"href":"https:\/\/www.shqiperia.com\/blog\/wp-json\/wp\/v2\/media\/31605"}],"wp:attachment":[{"href":"https:\/\/www.shqiperia.com\/blog\/wp-json\/wp\/v2\/media?parent=31604"}],"wp:term":[{"taxonomy":"category","embeddable":true,"href":"https:\/\/www.shqiperia.com\/blog\/wp-json\/wp\/v2\/categories?post=31604"},{"taxonomy":"post_tag","embeddable":true,"href":"https:\/\/www.shqiperia.com\/blog\/wp-json\/wp\/v2\/tags?post=31604"}],"curies":[{"name":"wp","href":"https:\/\/api.w.org\/{rel}","templated":true}]}}