{"id":31599,"date":"2020-02-20T09:12:20","date_gmt":"2020-02-20T09:12:20","guid":{"rendered":"https:\/\/www.shqiperia.com\/blog\/?p=31599"},"modified":"2020-02-20T09:12:20","modified_gmt":"2020-02-20T09:12:20","slug":"meta-publikon-posterin-thirrje-qytetareve-per-protesten-e-2-marsit-beselidhje-kunder","status":"publish","type":"post","link":"https:\/\/www.shqiperia.com\/blog\/meta-publikon-posterin-thirrje-qytetareve-per-protesten-e-2-marsit-beselidhje-kunder\/","title":{"rendered":"Meta publikon posterin, thirrje qytetar\u00ebve p\u00ebr protest\u00ebn e 2 marsit: Bes\u00eblidhje kund\u00ebr \u2026"},"content":{"rendered":"<p><img data-recalc-dims=\"1\" loading=\"lazy\" decoding=\"async\" data-attachment-id=\"31600\" data-permalink=\"https:\/\/www.shqiperia.com\/blog\/meta-publikon-posterin-thirrje-qytetareve-per-protesten-e-2-marsit-beselidhje-kunder\/ilir-meta8-2\/\" data-orig-file=\"https:\/\/i0.wp.com\/www.shqiperia.com\/blog\/wp-content\/uploads\/2020\/02\/ilir-meta8-1.jpg?fit=540%2C271&amp;ssl=1\" data-orig-size=\"540,271\" data-comments-opened=\"1\" data-image-meta=\"{&quot;aperture&quot;:&quot;0&quot;,&quot;credit&quot;:&quot;&quot;,&quot;camera&quot;:&quot;&quot;,&quot;caption&quot;:&quot;&quot;,&quot;created_timestamp&quot;:&quot;0&quot;,&quot;copyright&quot;:&quot;&quot;,&quot;focal_length&quot;:&quot;0&quot;,&quot;iso&quot;:&quot;0&quot;,&quot;shutter_speed&quot;:&quot;0&quot;,&quot;title&quot;:&quot;&quot;,&quot;orientation&quot;:&quot;0&quot;}\" data-image-title=\"ilir-meta8\" data-image-description=\"\" data-image-caption=\"\" data-medium-file=\"https:\/\/i0.wp.com\/www.shqiperia.com\/blog\/wp-content\/uploads\/2020\/02\/ilir-meta8-1.jpg?fit=300%2C151&amp;ssl=1\" data-large-file=\"https:\/\/i0.wp.com\/www.shqiperia.com\/blog\/wp-content\/uploads\/2020\/02\/ilir-meta8-1.jpg?fit=540%2C271&amp;ssl=1\" class=\"alignnone  wp-image-31600\" alt=\"\" src=\"https:\/\/i0.wp.com\/www.shqiperia.com\/blog\/wp-content\/uploads\/2020\/02\/ilir-meta8-1.jpg?resize=491%2C247&#038;ssl=1\" width=\"491\" height=\"247\" srcset=\"https:\/\/i0.wp.com\/www.shqiperia.com\/blog\/wp-content\/uploads\/2020\/02\/ilir-meta8-1.jpg?resize=300%2C151&amp;ssl=1 300w, https:\/\/i0.wp.com\/www.shqiperia.com\/blog\/wp-content\/uploads\/2020\/02\/ilir-meta8-1.jpg?resize=450%2C226&amp;ssl=1 450w, https:\/\/i0.wp.com\/www.shqiperia.com\/blog\/wp-content\/uploads\/2020\/02\/ilir-meta8-1.jpg?resize=400%2C201&amp;ssl=1 400w, https:\/\/i0.wp.com\/www.shqiperia.com\/blog\/wp-content\/uploads\/2020\/02\/ilir-meta8-1.jpg?w=540&amp;ssl=1 540w\" sizes=\"auto, (max-width: 491px) 100vw, 491px\" \/><\/p>\n<p>Meta publikon posterin, thirrje qytetar\u00ebve p\u00ebr protest\u00ebn e 2 marsit: Bes\u00eblidhje kund\u00ebr \u2026<\/p>\n<p><em>19 shkurt \u00a02020<\/em><\/p>\n<p><strong>Presidenti Ilir Meta ka lajm\u00ebruar se n\u00eb dat\u00ebn 2 mars,\u00a0n\u00eb bulevardin D\u00ebshmor\u00ebt e Kombit, p\u00ebrpara Kryeministris\u00eb, me popullin shqiptar tha ai do lidhet nj\u00eb bes\u00eblidhje \u201cp\u00ebr t\u00eb shpartalluar regjimin e oligark\u00ebve\u2019.<\/strong><\/p>\n<p>K\u00ebt\u00eb deklarat\u00eb t\u00eb tij, presidenti e ka konfirmuar edhe n\u00ebp\u00ebrmjet nj\u00eb postimi n\u00eb facebook, ku me flamurin shqiptar dhe pa koment publikon foton:\u00a0<em>\u201cM\u00eb 2 mars bes\u00eblidhje kund\u00ebr grushtit t\u00eb shtetit.\u201d<\/em><\/p>\n<p>Gjat\u00eb konferenc\u00ebs live Meta ka b\u00ebr\u00eb ironi kur tha se ata q\u00eb k\u00ebrkojn\u00eb popullin e Presidentit, \u201ct\u00eb porosisin poture t\u00eb gjera\u201d.<\/p>\n<p>K\u00ebto deklarata kreu i shtetit i b\u00ebri n\u00eb konferenc\u00ebn p\u00ebr media kur u pyet nga gazetar\u00ebt p\u00ebrse nuk e shp\u00ebrndan at\u00eb q\u00eb gjithnj\u00eb i referohet gjysm\u00eb parlamenti.<\/p>\n<p><img data-recalc-dims=\"1\" loading=\"lazy\" decoding=\"async\" data-attachment-id=\"31601\" data-permalink=\"https:\/\/www.shqiperia.com\/blog\/meta-publikon-posterin-thirrje-qytetareve-per-protesten-e-2-marsit-beselidhje-kunder\/ilir-meta5\/\" data-orig-file=\"https:\/\/i0.wp.com\/www.shqiperia.com\/blog\/wp-content\/uploads\/2020\/02\/ilir-meta5.jpg?fit=1280%2C940&amp;ssl=1\" data-orig-size=\"1280,940\" data-comments-opened=\"1\" data-image-meta=\"{&quot;aperture&quot;:&quot;0&quot;,&quot;credit&quot;:&quot;&quot;,&quot;camera&quot;:&quot;&quot;,&quot;caption&quot;:&quot;&quot;,&quot;created_timestamp&quot;:&quot;0&quot;,&quot;copyright&quot;:&quot;&quot;,&quot;focal_length&quot;:&quot;0&quot;,&quot;iso&quot;:&quot;0&quot;,&quot;shutter_speed&quot;:&quot;0&quot;,&quot;title&quot;:&quot;&quot;,&quot;orientation&quot;:&quot;0&quot;}\" data-image-title=\"ilir-meta5\" data-image-description=\"\" data-image-caption=\"\" data-medium-file=\"https:\/\/i0.wp.com\/www.shqiperia.com\/blog\/wp-content\/uploads\/2020\/02\/ilir-meta5.jpg?fit=300%2C220&amp;ssl=1\" data-large-file=\"https:\/\/i0.wp.com\/www.shqiperia.com\/blog\/wp-content\/uploads\/2020\/02\/ilir-meta5.jpg?fit=1024%2C752&amp;ssl=1\" class=\"alignnone  wp-image-31601\" alt=\"\" src=\"https:\/\/i0.wp.com\/www.shqiperia.com\/blog\/wp-content\/uploads\/2020\/02\/ilir-meta5.jpg?resize=455%2C334&#038;ssl=1\" width=\"455\" height=\"334\" srcset=\"https:\/\/i0.wp.com\/www.shqiperia.com\/blog\/wp-content\/uploads\/2020\/02\/ilir-meta5.jpg?resize=300%2C220&amp;ssl=1 300w, https:\/\/i0.wp.com\/www.shqiperia.com\/blog\/wp-content\/uploads\/2020\/02\/ilir-meta5.jpg?resize=1024%2C752&amp;ssl=1 1024w, https:\/\/i0.wp.com\/www.shqiperia.com\/blog\/wp-content\/uploads\/2020\/02\/ilir-meta5.jpg?resize=768%2C564&amp;ssl=1 768w, https:\/\/i0.wp.com\/www.shqiperia.com\/blog\/wp-content\/uploads\/2020\/02\/ilir-meta5.jpg?resize=450%2C330&amp;ssl=1 450w, https:\/\/i0.wp.com\/www.shqiperia.com\/blog\/wp-content\/uploads\/2020\/02\/ilir-meta5.jpg?resize=600%2C441&amp;ssl=1 600w, https:\/\/i0.wp.com\/www.shqiperia.com\/blog\/wp-content\/uploads\/2020\/02\/ilir-meta5.jpg?resize=400%2C294&amp;ssl=1 400w, https:\/\/i0.wp.com\/www.shqiperia.com\/blog\/wp-content\/uploads\/2020\/02\/ilir-meta5.jpg?w=1280&amp;ssl=1 1280w\" sizes=\"auto, (max-width: 455px) 100vw, 455px\" \/><\/p>\n<p><strong>DEKLARATA E PLOTE<\/strong><\/p>\n<p>\u201cDo e marrim me qet\u00ebsi \u00e7montimin e plot\u00eb t\u00eb grushtit t\u00eb shtetit. Veoprimet e Presidentit do jen\u00eb n\u00eb mbrojtje t\u00eb Kushtetut\u00ebs. Ju siguroj q\u00eb kjo godin\u00eb \u00ebsht\u00eb sot nj\u00eb k\u00ebshtjell\u00eb e vetme p\u00ebr fat t\u00eb keq, por e paepur dhe e pamposhtur p\u00ebr mbrotjen e Kushtetut\u00ebs dhe demokracis\u00eb, nga data 2 mars kur do firmoset dekreti i par\u00eb kund\u00ebr grushtit t\u00eb shtetit dhe n\u00eb shpartallim t\u00eb plot\u00eb t\u00eb grushtit t\u00eb shtetit p\u00ebrpara bulevardit me popullin shqiptar ku do lidhim nj\u00eb bes\u00eblidhje p\u00ebr t\u00eb shpartalluar regjimin e oligark\u00ebve me q\u00ebllim shpopullimin e k\u00ebtij vendi dhe shnd\u00ebrrimin e tij n\u00eb nj\u00eb qend\u00ebr t\u00eb pastrimit t\u00eb parave, dhe t\u00eb shum\u00eb problemeve t\u00eb tjera q\u00eb nuk i meriton.<\/p>\n<p>N\u00eb 2 mars ju presim t\u00eb gjith\u00ebve pasdite ne bulevardin D\u00ebshmor\u00ebt e Kombit e ju japim fjal\u00ebn se shum\u00eb shpejt fal\u00eb popullit shqiptar s\u2019do ket\u00eb vet\u00ebm nj\u00eb institucion q\u00eb \u00ebsht\u00eb n\u00eb mbrojtje t\u00eb kushtetut\u00ebs por gjith\u00eb institucionet q\u00eb jan\u00eb n\u00eb bulevardin D\u00ebshmor\u00ebt e Kombit do i kthehen popullit shqiptar. Ata q\u00eb k\u00ebrkojjn\u00eb popullin e presidentit n\u00eb Whatsapp t\u00eb porosisin poture t\u00eb gjera\u201d.<\/p>\n<p><img data-recalc-dims=\"1\" loading=\"lazy\" decoding=\"async\" data-attachment-id=\"31602\" data-permalink=\"https:\/\/www.shqiperia.com\/blog\/meta-publikon-posterin-thirrje-qytetareve-per-protesten-e-2-marsit-beselidhje-kunder\/ilir-meta8-copy-2\/\" data-orig-file=\"https:\/\/i0.wp.com\/www.shqiperia.com\/blog\/wp-content\/uploads\/2020\/02\/ilir-meta8-Copy-1.jpg?fit=540%2C960&amp;ssl=1\" data-orig-size=\"540,960\" data-comments-opened=\"1\" data-image-meta=\"{&quot;aperture&quot;:&quot;0&quot;,&quot;credit&quot;:&quot;&quot;,&quot;camera&quot;:&quot;&quot;,&quot;caption&quot;:&quot;&quot;,&quot;created_timestamp&quot;:&quot;0&quot;,&quot;copyright&quot;:&quot;&quot;,&quot;focal_length&quot;:&quot;0&quot;,&quot;iso&quot;:&quot;0&quot;,&quot;shutter_speed&quot;:&quot;0&quot;,&quot;title&quot;:&quot;&quot;,&quot;orientation&quot;:&quot;0&quot;}\" data-image-title=\"ilir-meta8 &#8211; Copy\" data-image-description=\"\" data-image-caption=\"\" data-medium-file=\"https:\/\/i0.wp.com\/www.shqiperia.com\/blog\/wp-content\/uploads\/2020\/02\/ilir-meta8-Copy-1.jpg?fit=169%2C300&amp;ssl=1\" data-large-file=\"https:\/\/i0.wp.com\/www.shqiperia.com\/blog\/wp-content\/uploads\/2020\/02\/ilir-meta8-Copy-1.jpg?fit=540%2C960&amp;ssl=1\" class=\"alignnone  wp-image-31602\" alt=\"\" src=\"https:\/\/i0.wp.com\/www.shqiperia.com\/blog\/wp-content\/uploads\/2020\/02\/ilir-meta8-Copy-1.jpg?resize=435%2C772&#038;ssl=1\" width=\"435\" height=\"772\" srcset=\"https:\/\/i0.wp.com\/www.shqiperia.com\/blog\/wp-content\/uploads\/2020\/02\/ilir-meta8-Copy-1.jpg?resize=169%2C300&amp;ssl=1 169w, https:\/\/i0.wp.com\/www.shqiperia.com\/blog\/wp-content\/uploads\/2020\/02\/ilir-meta8-Copy-1.jpg?resize=450%2C800&amp;ssl=1 450w, https:\/\/i0.wp.com\/www.shqiperia.com\/blog\/wp-content\/uploads\/2020\/02\/ilir-meta8-Copy-1.jpg?resize=400%2C711&amp;ssl=1 400w, https:\/\/i0.wp.com\/www.shqiperia.com\/blog\/wp-content\/uploads\/2020\/02\/ilir-meta8-Copy-1.jpg?w=540&amp;ssl=1 540w\" sizes=\"auto, (max-width: 435px) 100vw, 435px\" \/><\/p>\n<p>\u201cPjes\u00ebmarr\u00ebs ne grushtin e shtetit \u00ebsht\u00eb vet\u00eb qeveria dhe mazhoranca, ai q\u00eb un\u00eb e quaj gjyasm\u00eb parlament p\u00ebr aryse q\u00eb ju i dini ca p\u00ebrfaq\u00ebson edhe \u00ebsht\u00eb antikushtetues. Ka persona t\u00eb tjer\u00eb dhe do ket\u00eb padi t\u00eb reja n\u00eb dit\u00ebt n\u00eb vijim cdo dit\u00eb do ket\u00eb lajme p\u00ebr grushtin e shtetit\u201d.<\/p>\n","protected":false},"excerpt":{"rendered":"<p>Meta publikon posterin, thirrje qytetar\u00ebve p\u00ebr protest\u00ebn e 2 marsit: Bes\u00eblidhje kund\u00ebr \u2026 19 shkurt \u00a02020 Presidenti Ilir Meta ka lajm\u00ebruar se n\u00eb dat\u00ebn 2 mars,\u00a0n\u00eb bulevardin D\u00ebshmor\u00ebt e Kombit, p\u00ebrpara Kryeministris\u00eb, me popullin shqiptar tha ai do lidhet nj\u00eb bes\u00eblidhje \u201cp\u00ebr t\u00eb shpartalluar regjimin e oligark\u00ebve\u2019. K\u00ebt\u00eb deklarat\u00eb t\u00eb tij, presidenti e ka konfirmuar [&hellip;]<\/p>\n","protected":false},"author":9,"featured_media":31600,"comment_status":"open","ping_status":"open","sticky":false,"template":"","format":"standard","meta":{"jetpack_post_was_ever_published":false,"_jetpack_newsletter_access":"","_jetpack_dont_email_post_to_subs":false,"_jetpack_newsletter_tier_id":0,"_jetpack_memberships_contains_paywalled_content":false,"_jetpack_memberships_contains_paid_content":false,"footnotes":"","jetpack_publicize_message":"","jetpack_publicize_feature_enabled":true,"jetpack_social_post_already_shared":true,"jetpack_social_options":{"image_generator_settings":{"template":"highway","default_image_id":0,"font":"","enabled":false},"version":2}},"categories":[27,2],"tags":[],"class_list":["post-31599","post","type-post","status-publish","format-standard","has-post-thumbnail","hentry","category-blogu-i-udhetarit","category-politika"],"jetpack_publicize_connections":[],"jetpack_featured_media_url":"https:\/\/i0.wp.com\/www.shqiperia.com\/blog\/wp-content\/uploads\/2020\/02\/ilir-meta8-1.jpg?fit=540%2C271&ssl=1","jetpack_sharing_enabled":true,"jetpack_shortlink":"https:\/\/wp.me\/p5Z6wp-8dF","jetpack-related-posts":[{"id":31592,"url":"https:\/\/www.shqiperia.com\/blog\/me-2-mars-beselidhje-kunder-grushtit-te-shtetit\/","url_meta":{"origin":31599,"position":0},"title":"\u201cM\u00eb 2 mars bes\u00eblidhje kund\u00ebr grushtit t\u00eb shtetit.\u201d","author":"Kurt Farka","date":"February 19, 2020","format":false,"excerpt":"Ja edhe baneri (pllakati) i Presidenti Ilir Meta per 2 marsin: \u201cM\u00eb 2 mars bes\u00eblidhje kund\u00ebr grushtit t\u00eb shtetit.\u201d","rel":"","context":"In &quot;Blogu i Udh\u00ebtarit&quot;","block_context":{"text":"Blogu i Udh\u00ebtarit","link":"https:\/\/www.shqiperia.com\/blog\/category\/blogu-i-udhetarit\/"},"img":{"alt_text":"","src":"https:\/\/i0.wp.com\/www.shqiperia.com\/blog\/wp-content\/uploads\/2020\/02\/ilir-meta8.jpg?fit=540%2C271&ssl=1&resize=350%2C200","width":350,"height":200,"srcset":"https:\/\/i0.wp.com\/www.shqiperia.com\/blog\/wp-content\/uploads\/2020\/02\/ilir-meta8.jpg?fit=540%2C271&ssl=1&resize=350%2C200 1x, https:\/\/i0.wp.com\/www.shqiperia.com\/blog\/wp-content\/uploads\/2020\/02\/ilir-meta8.jpg?fit=540%2C271&ssl=1&resize=525%2C300 1.5x"},"classes":[]},{"id":32027,"url":"https:\/\/www.shqiperia.com\/blog\/mbi-100-mije-ne-bulevard-ilir-meta-fjalim-madheshtor\/","url_meta":{"origin":31599,"position":1},"title":"Mbi 100 mij\u00eb n\u00eb bulevard, Ilir Meta fjalim madh\u00ebshtor","author":"Kurt Farka","date":"March 4, 2020","format":false,"excerpt":"Mbi 100 mij\u00eb n\u00eb bulevard, Ilir Meta fjalim madh\u00ebshtor Thjesht me nj\u00eb fjal\u00eb, dje ishte dit\u00eb madh\u00ebshtore p\u00ebr Republik\u00ebn 03\/03\/2020 Nga Mili Xhani Presidenti premtoi publikisht dhe solemnisht se pas 15 marsit do t\u00eb shp\u00ebrndaj\u00eb parlamentin e turpit, parlament q\u00eb mbetet nj\u00eb nd\u00ebr njollat m\u00eb t\u00eb zez\u00eb t\u00eb historis\u00eb politike\u2026","rel":"","context":"In &quot;Blogu i Udh\u00ebtarit&quot;","block_context":{"text":"Blogu i Udh\u00ebtarit","link":"https:\/\/www.shqiperia.com\/blog\/category\/blogu-i-udhetarit\/"},"img":{"alt_text":"","src":"https:\/\/i0.wp.com\/www.shqiperia.com\/blog\/wp-content\/uploads\/2020\/03\/Manifestimi-Meta-9.jpeg?fit=1200%2C800&ssl=1&resize=350%2C200","width":350,"height":200,"srcset":"https:\/\/i0.wp.com\/www.shqiperia.com\/blog\/wp-content\/uploads\/2020\/03\/Manifestimi-Meta-9.jpeg?fit=1200%2C800&ssl=1&resize=350%2C200 1x, https:\/\/i0.wp.com\/www.shqiperia.com\/blog\/wp-content\/uploads\/2020\/03\/Manifestimi-Meta-9.jpeg?fit=1200%2C800&ssl=1&resize=525%2C300 1.5x, https:\/\/i0.wp.com\/www.shqiperia.com\/blog\/wp-content\/uploads\/2020\/03\/Manifestimi-Meta-9.jpeg?fit=1200%2C800&ssl=1&resize=700%2C400 2x, https:\/\/i0.wp.com\/www.shqiperia.com\/blog\/wp-content\/uploads\/2020\/03\/Manifestimi-Meta-9.jpeg?fit=1200%2C800&ssl=1&resize=1050%2C600 3x"},"classes":[]},{"id":31998,"url":"https:\/\/www.shqiperia.com\/blog\/presidenti-meta-betohet-para-100-mije-vetave-se-pas-15-marsit-do-shperndaje-parlamentin-e-turpit\/","url_meta":{"origin":31599,"position":2},"title":"Presidenti Meta betohet para 100 mij\u00eb vetave se pas 15 marsit do shp\u00ebrndaj\u00eb parlamentin e turpit","author":"Kurt Farka","date":"March 2, 2020","format":false,"excerpt":"Presidenti Meta betohet para 100 mij\u00eb vetave se pas 15 marsit do shp\u00ebrndaj\u00eb parlamentin e turpit 02\/03\/2020 Miting madh\u00ebshtor sot n\u00eb Tiran\u00eb.\u00a0N\u00eb fjal\u00ebn e mbajtur para me shum\u00eb se 100 mij\u00eb qytetar\u00ebve q\u00eb mor\u00ebn pjes\u00eb\u00a0 n\u00eb manifestim, Presidentit Meta deklaroi se her\u00ebn tjet\u00ebr do t\u00eb firmoste dekretin e shp\u00ebrndarjes s\u00eb\u2026","rel":"","context":"In &quot;Blogu i Udh\u00ebtarit&quot;","block_context":{"text":"Blogu i Udh\u00ebtarit","link":"https:\/\/www.shqiperia.com\/blog\/category\/blogu-i-udhetarit\/"},"img":{"alt_text":"","src":"https:\/\/i0.wp.com\/www.shqiperia.com\/blog\/wp-content\/uploads\/2020\/03\/Manifestimi-Meta-7-750x375-1.jpeg?fit=750%2C375&ssl=1&resize=350%2C200","width":350,"height":200,"srcset":"https:\/\/i0.wp.com\/www.shqiperia.com\/blog\/wp-content\/uploads\/2020\/03\/Manifestimi-Meta-7-750x375-1.jpeg?fit=750%2C375&ssl=1&resize=350%2C200 1x, https:\/\/i0.wp.com\/www.shqiperia.com\/blog\/wp-content\/uploads\/2020\/03\/Manifestimi-Meta-7-750x375-1.jpeg?fit=750%2C375&ssl=1&resize=525%2C300 1.5x, https:\/\/i0.wp.com\/www.shqiperia.com\/blog\/wp-content\/uploads\/2020\/03\/Manifestimi-Meta-7-750x375-1.jpeg?fit=750%2C375&ssl=1&resize=700%2C400 2x"},"classes":[]},{"id":31989,"url":"https:\/\/www.shqiperia.com\/blog\/pak-ore-nga-tubimi-i-metes-yuri-kim-fton-ne-takim-bashen\/","url_meta":{"origin":31599,"position":3},"title":"Pak or\u00eb nga tubimi i Met\u00ebs, Yuri Kim fton n\u00eb takim Bash\u00ebn","author":"Kurt Farka","date":"March 2, 2020","format":false,"excerpt":"Pak or\u00eb nga tubimi i Met\u00ebs, Yuri Kim fton n\u00eb takim Bash\u00ebn Pak or\u00eb nga nisja e tubimit t\u00eb presidentit Ilir Meta, ambasadorja e SHBA n\u00eb vendin ton\u00eb Yuri Kim ka ftuar n\u00eb nj\u00eb drek\u00eb pune, kryedemokratin Lulzim Basha. 2 Mars 2020 Pak or\u00eb nga nisja e tubimit \"p\u00ebr Bes\u00eblidhje\"\u2026","rel":"","context":"In &quot;Blogu i Udh\u00ebtarit&quot;","block_context":{"text":"Blogu i Udh\u00ebtarit","link":"https:\/\/www.shqiperia.com\/blog\/category\/blogu-i-udhetarit\/"},"img":{"alt_text":"","src":"https:\/\/i0.wp.com\/www.shqiperia.com\/blog\/wp-content\/uploads\/2020\/03\/1583150404_bashakim.jpg?fit=780%2C353&ssl=1&resize=350%2C200","width":350,"height":200,"srcset":"https:\/\/i0.wp.com\/www.shqiperia.com\/blog\/wp-content\/uploads\/2020\/03\/1583150404_bashakim.jpg?fit=780%2C353&ssl=1&resize=350%2C200 1x, https:\/\/i0.wp.com\/www.shqiperia.com\/blog\/wp-content\/uploads\/2020\/03\/1583150404_bashakim.jpg?fit=780%2C353&ssl=1&resize=525%2C300 1.5x, https:\/\/i0.wp.com\/www.shqiperia.com\/blog\/wp-content\/uploads\/2020\/03\/1583150404_bashakim.jpg?fit=780%2C353&ssl=1&resize=700%2C400 2x"},"classes":[]},{"id":34919,"url":"https:\/\/www.shqiperia.com\/blog\/presidenti-do-e-shperndaje-parlamentin-nese-populli-regjisori-edmond-budina-thirrje-nga-durresi-qytetareve-mos-kini-frike-ngrijeni-koken\/","url_meta":{"origin":31599,"position":4},"title":"\u201cPresidenti do e shp\u00ebrndaj\u00eb parlamentin n\u00ebse populli\u2026\u201d, regjisori Edmond Budina thirrje nga Durr\u00ebsi qytetar\u00ebve: Mos kini frik\u00eb, ngrijeni kok\u00ebn","author":"Kurt Farka","date":"May 22, 2020","format":false,"excerpt":"\u201cPresidenti do e shp\u00ebrndaj\u00eb parlamentin n\u00ebse populli\u2026\u201d, regjisori Edmond Budina thirrje nga Durr\u00ebsi qytetar\u00ebve: Mos kini frik\u00eb, ngrijeni kok\u00ebn 22 maji 2020 Regjisori dhe aktori Edmond Budina nga Durr\u00ebsi ku Aleanca p\u00ebr Mbrojtjen e Teatrit zhvendosi sot protest\u00ebn, i \u00ebsht\u00eb referuar fjal\u00ebs s\u00eb kreut t\u00eb shtetit Ilir Meta q\u00eb tha\u2026","rel":"","context":"In &quot;Njoftime Shtypi&quot;","block_context":{"text":"Njoftime Shtypi","link":"https:\/\/www.shqiperia.com\/blog\/category\/njoftime-shtypi\/"},"img":{"alt_text":"","src":"https:\/\/i0.wp.com\/www.shqiperia.com\/blog\/wp-content\/uploads\/2020\/05\/budina-3-770x425-1.png?fit=770%2C425&ssl=1&resize=350%2C200","width":350,"height":200,"srcset":"https:\/\/i0.wp.com\/www.shqiperia.com\/blog\/wp-content\/uploads\/2020\/05\/budina-3-770x425-1.png?fit=770%2C425&ssl=1&resize=350%2C200 1x, https:\/\/i0.wp.com\/www.shqiperia.com\/blog\/wp-content\/uploads\/2020\/05\/budina-3-770x425-1.png?fit=770%2C425&ssl=1&resize=525%2C300 1.5x, https:\/\/i0.wp.com\/www.shqiperia.com\/blog\/wp-content\/uploads\/2020\/05\/budina-3-770x425-1.png?fit=770%2C425&ssl=1&resize=700%2C400 2x"},"classes":[]},{"id":36661,"url":"https:\/\/www.shqiperia.com\/blog\/meta-reagon-ashper-bandat-bene-grusht-shteti-rama-u-mburr-si-djali-i-komunistit-qe-vari-poetet\/","url_meta":{"origin":31599,"position":5},"title":"Meta reagon ashp\u00ebr: &#8211; Bandat b\u00ebn\u00eb grusht shteti, Rama u mburr si djali i komunistit q\u00eb vari poet\u00ebt","author":"Kurt Farka","date":"July 30, 2020","format":false,"excerpt":"Meta reagon ashp\u00ebr: - Bandat b\u00ebn\u00eb grusht shteti, Rama u mburr si djali i komunistit q\u00eb vari poet\u00ebt. 30 KORRIK 2020 Gazeta SHQIP Presidenti Ilir Meta ka reaguar ashp\u00ebr ndaj ndryshimeve kushtetuese t\u00eb realizuara pa konsensusin e PD-s\u00eb dhe t\u00eb aleat\u00ebve t\u00eb saj. Meta me an\u00eb t\u00eb nj\u00eb reagimi publik\u2026","rel":"","context":"In &quot;Njoftime Shtypi&quot;","block_context":{"text":"Njoftime Shtypi","link":"https:\/\/www.shqiperia.com\/blog\/category\/njoftime-shtypi\/"},"img":{"alt_text":"","src":"https:\/\/i0.wp.com\/www.shqiperia.com\/blog\/wp-content\/uploads\/2020\/07\/640-0-5f22bfcf948ea.jpg?fit=640%2C413&ssl=1&resize=350%2C200","width":350,"height":200,"srcset":"https:\/\/i0.wp.com\/www.shqiperia.com\/blog\/wp-content\/uploads\/2020\/07\/640-0-5f22bfcf948ea.jpg?fit=640%2C413&ssl=1&resize=350%2C200 1x, https:\/\/i0.wp.com\/www.shqiperia.com\/blog\/wp-content\/uploads\/2020\/07\/640-0-5f22bfcf948ea.jpg?fit=640%2C413&ssl=1&resize=525%2C300 1.5x"},"classes":[]}],"_links":{"self":[{"href":"https:\/\/www.shqiperia.com\/blog\/wp-json\/wp\/v2\/posts\/31599","targetHints":{"allow":["GET"]}}],"collection":[{"href":"https:\/\/www.shqiperia.com\/blog\/wp-json\/wp\/v2\/posts"}],"about":[{"href":"https:\/\/www.shqiperia.com\/blog\/wp-json\/wp\/v2\/types\/post"}],"author":[{"embeddable":true,"href":"https:\/\/www.shqiperia.com\/blog\/wp-json\/wp\/v2\/users\/9"}],"replies":[{"embeddable":true,"href":"https:\/\/www.shqiperia.com\/blog\/wp-json\/wp\/v2\/comments?post=31599"}],"version-history":[{"count":1,"href":"https:\/\/www.shqiperia.com\/blog\/wp-json\/wp\/v2\/posts\/31599\/revisions"}],"predecessor-version":[{"id":31603,"href":"https:\/\/www.shqiperia.com\/blog\/wp-json\/wp\/v2\/posts\/31599\/revisions\/31603"}],"wp:featuredmedia":[{"embeddable":true,"href":"https:\/\/www.shqiperia.com\/blog\/wp-json\/wp\/v2\/media\/31600"}],"wp:attachment":[{"href":"https:\/\/www.shqiperia.com\/blog\/wp-json\/wp\/v2\/media?parent=31599"}],"wp:term":[{"taxonomy":"category","embeddable":true,"href":"https:\/\/www.shqiperia.com\/blog\/wp-json\/wp\/v2\/categories?post=31599"},{"taxonomy":"post_tag","embeddable":true,"href":"https:\/\/www.shqiperia.com\/blog\/wp-json\/wp\/v2\/tags?post=31599"}],"curies":[{"name":"wp","href":"https:\/\/api.w.org\/{rel}","templated":true}]}}