{"id":31596,"date":"2020-02-19T20:25:50","date_gmt":"2020-02-19T20:25:50","guid":{"rendered":"https:\/\/www.shqiperia.com\/blog\/?p=31596"},"modified":"2020-02-19T20:25:50","modified_gmt":"2020-02-19T20:25:50","slug":"pse-sekuestrimet-nuk-nisin-nga-vilat-tuaja-si-pergjigjet-rama","status":"publish","type":"post","link":"https:\/\/www.shqiperia.com\/blog\/pse-sekuestrimet-nuk-nisin-nga-vilat-tuaja-si-pergjigjet-rama\/","title":{"rendered":"Pse sekuestrimet nuk nisin nga vilat tuaja? Si p\u00ebrgjigjet Rama"},"content":{"rendered":"<p><img data-recalc-dims=\"1\" loading=\"lazy\" decoding=\"async\" data-attachment-id=\"31597\" data-permalink=\"https:\/\/www.shqiperia.com\/blog\/pse-sekuestrimet-nuk-nisin-nga-vilat-tuaja-si-pergjigjet-rama\/d55-770x433-1-905x450\/\" data-orig-file=\"https:\/\/i0.wp.com\/www.shqiperia.com\/blog\/wp-content\/uploads\/2020\/02\/d55-770x433-1-905x450-1.jpg?fit=905%2C450&amp;ssl=1\" data-orig-size=\"905,450\" data-comments-opened=\"1\" data-image-meta=\"{&quot;aperture&quot;:&quot;0&quot;,&quot;credit&quot;:&quot;&quot;,&quot;camera&quot;:&quot;&quot;,&quot;caption&quot;:&quot;&quot;,&quot;created_timestamp&quot;:&quot;0&quot;,&quot;copyright&quot;:&quot;&quot;,&quot;focal_length&quot;:&quot;0&quot;,&quot;iso&quot;:&quot;0&quot;,&quot;shutter_speed&quot;:&quot;0&quot;,&quot;title&quot;:&quot;&quot;,&quot;orientation&quot;:&quot;0&quot;}\" data-image-title=\"d55-770&#215;433-1-905&#215;450\" data-image-description=\"\" data-image-caption=\"\" data-medium-file=\"https:\/\/i0.wp.com\/www.shqiperia.com\/blog\/wp-content\/uploads\/2020\/02\/d55-770x433-1-905x450-1.jpg?fit=300%2C149&amp;ssl=1\" data-large-file=\"https:\/\/i0.wp.com\/www.shqiperia.com\/blog\/wp-content\/uploads\/2020\/02\/d55-770x433-1-905x450-1.jpg?fit=905%2C450&amp;ssl=1\" class=\"alignnone  wp-image-31597\" alt=\"\" src=\"https:\/\/i0.wp.com\/www.shqiperia.com\/blog\/wp-content\/uploads\/2020\/02\/d55-770x433-1-905x450-1.jpg?resize=636%2C316&#038;ssl=1\" width=\"636\" height=\"316\" srcset=\"https:\/\/i0.wp.com\/www.shqiperia.com\/blog\/wp-content\/uploads\/2020\/02\/d55-770x433-1-905x450-1.jpg?resize=300%2C149&amp;ssl=1 300w, https:\/\/i0.wp.com\/www.shqiperia.com\/blog\/wp-content\/uploads\/2020\/02\/d55-770x433-1-905x450-1.jpg?resize=768%2C382&amp;ssl=1 768w, https:\/\/i0.wp.com\/www.shqiperia.com\/blog\/wp-content\/uploads\/2020\/02\/d55-770x433-1-905x450-1.jpg?resize=450%2C224&amp;ssl=1 450w, https:\/\/i0.wp.com\/www.shqiperia.com\/blog\/wp-content\/uploads\/2020\/02\/d55-770x433-1-905x450-1.jpg?resize=600%2C298&amp;ssl=1 600w, https:\/\/i0.wp.com\/www.shqiperia.com\/blog\/wp-content\/uploads\/2020\/02\/d55-770x433-1-905x450-1.jpg?resize=400%2C199&amp;ssl=1 400w, https:\/\/i0.wp.com\/www.shqiperia.com\/blog\/wp-content\/uploads\/2020\/02\/d55-770x433-1-905x450-1.jpg?w=905&amp;ssl=1 905w\" sizes=\"auto, (max-width: 636px) 100vw, 636px\" \/><\/p>\n<p><strong>Pse sekuestrimet nuk nisin nga vilat tuaja? Si p\u00ebrgjigjet Rama<\/strong><\/p>\n<p>13 \u00a02020 22<\/p>\n<p>Kryeministri \u00ebsht\u00eb pyetur sonte n\u00eb Tv Klan p\u00ebrse aksioni i OFL-s\u00eb p\u00ebr justifikimin e pasuris\u00eb nuk ka nisur nga politikan\u00ebt me vila, dhe nga vet\u00eb Kryeministri.<\/p>\n<p>Rama \u00ebsht\u00eb p\u00ebrgjigjur duke th\u00ebn\u00eb se ai dhe t\u00eb gjith\u00eb politikan\u00ebt e deklarojn\u00eb pasurin\u00eb pran\u00eb Inspektoriatit t\u00eb Lart\u00eb t\u00eb Deklarimit t\u00eb Pasuris\u00eb.<\/p>\n<p><strong>Pyetje:<\/strong>\u00a0Pse nuk fillon nga ty p\u00ebr shembull? Pse s\u2019jep ti llogari p\u00ebr vil\u00ebn t\u00ebnde, p\u00ebr pasurin\u00eb?<\/p>\n<p><strong>Edi Rama:<\/strong>\u00a0P\u00ebr nj\u00eb arsye shum\u00eb t\u00eb thjesht\u00eb. Sepse n\u00eb k\u00ebt\u00eb moment ne kemi nj\u00eb rezervuar, nj\u00eb grup njer\u00ebzish t\u00eb cil\u00ebt jan\u00eb t\u00eb d\u00ebnuar. Pra i kemi list\u00eb t\u00eb mbyllur. I kemi t\u00eb akuzuar. Dhe policia n\u00eb k\u00ebt\u00eb rast nuk b\u00ebn asgj\u00eb tjet\u00ebr, ve\u00e7se merr nga regjistri dhe b\u00ebn t\u00eb gjitha verifikimet e pronave t\u00eb tyre dhe b\u00ebhet fjal\u00eb p\u00ebr pronat e tyre t\u00eb deklaruara. Se pastaj k\u00ebta kan\u00eb edhe plot q\u00eb s\u2019i kan\u00eb t\u00eb deklaruara. Dhe ja \u00e7on SPAK-ut. Kush do ta b\u00ebj\u00eb k\u00ebt\u00eb p\u00ebr mua? Do e b\u00ebj vet\u00eb un\u00eb? Do e b\u00ebj\u00eb policia? Ka nj\u00eb institucion ku ne kemi deklaruar pasurit\u00eb q\u00eb kur jemi b\u00ebr\u00eb subjekte t\u00eb deklarimit. Ashtu sikund\u00ebr thon\u00eb po nga gjykat\u00ebsit. Gjykat\u00ebsit, ata q\u00eb kan\u00eb dal\u00eb nga Vettingu, kjo drejt\u00ebsi e re do t\u2019i th\u00ebrrasi, por nuk do t\u2019i th\u00ebrrasi policia. Larg qoft\u00eb, se s\u2019jemi n\u00eb vitin \u201945. SPAK-u me Gjykat\u00ebn Speciale do filloj\u00eb t\u2019i th\u00ebrrasi.<\/p>\n<p><strong>d.a. \/ dita<\/strong><\/p>\n","protected":false},"excerpt":{"rendered":"<p>Pse sekuestrimet nuk nisin nga vilat tuaja? Si p\u00ebrgjigjet Rama 13 \u00a02020 22 Kryeministri \u00ebsht\u00eb pyetur sonte n\u00eb Tv Klan p\u00ebrse aksioni i OFL-s\u00eb p\u00ebr justifikimin e pasuris\u00eb nuk ka nisur nga politikan\u00ebt me vila, dhe nga vet\u00eb Kryeministri. Rama \u00ebsht\u00eb p\u00ebrgjigjur duke th\u00ebn\u00eb se ai dhe t\u00eb gjith\u00eb politikan\u00ebt e deklarojn\u00eb pasurin\u00eb pran\u00eb Inspektoriatit [&hellip;]<\/p>\n","protected":false},"author":9,"featured_media":31597,"comment_status":"open","ping_status":"open","sticky":false,"template":"","format":"standard","meta":{"jetpack_post_was_ever_published":false,"_jetpack_newsletter_access":"","_jetpack_dont_email_post_to_subs":false,"_jetpack_newsletter_tier_id":0,"_jetpack_memberships_contains_paywalled_content":false,"_jetpack_memberships_contains_paid_content":false,"footnotes":"","jetpack_publicize_message":"","jetpack_publicize_feature_enabled":true,"jetpack_social_post_already_shared":true,"jetpack_social_options":{"image_generator_settings":{"template":"highway","default_image_id":0,"font":"","enabled":false},"version":2}},"categories":[27,2],"tags":[],"class_list":["post-31596","post","type-post","status-publish","format-standard","has-post-thumbnail","hentry","category-blogu-i-udhetarit","category-politika"],"jetpack_publicize_connections":[],"jetpack_featured_media_url":"https:\/\/i0.wp.com\/www.shqiperia.com\/blog\/wp-content\/uploads\/2020\/02\/d55-770x433-1-905x450-1.jpg?fit=905%2C450&ssl=1","jetpack_sharing_enabled":true,"jetpack_shortlink":"https:\/\/wp.me\/p5Z6wp-8dC","jetpack-related-posts":[{"id":68912,"url":"https:\/\/www.shqiperia.com\/blog\/kane-marre-pus-nafte-rakipllari-rama-te-pergjigjet-pse-jane-paguar-deshmitare-per-lobistin-e-nje-partie-kundershtare\/","url_meta":{"origin":31596,"position":0},"title":"\u201cKan\u00eb marr\u00eb pus nafte\u201d, Rakipllari: &#8211; Rama t\u00eb p\u00ebrgjigjet pse jan\u00eb paguar d\u00ebshmitar\u00eb p\u00ebr lobistin e nj\u00eb partie kund\u00ebrshtare","author":"Kurt Farka","date":"March 2, 2023","format":false,"excerpt":"2 Mars 2023 Mocioni me debat p\u00ebr \u201cMcGonigal\u201d i zhvilluar sot n\u00eb nj\u00eb seanca maraton\u00eb n\u00eb Parlament, \u00ebsht\u00eb tema e diskutimit k\u00ebt\u00eb mbr\u00ebmje n\u00eb panelin e emisionit \u201cOpen\u201d. Robert Rakipllari, u shpreh nd\u00ebr t\u00eb tjera se kryeministri Edi Rama nuk u dha shpjegim t\u00eb plot\u00eb pyetjeve t\u00eb parashtruara nga opozita\u2026","rel":"","context":"In &quot;Blogu i Udh\u00ebtarit&quot;","block_context":{"text":"Blogu i Udh\u00ebtarit","link":"https:\/\/www.shqiperia.com\/blog\/category\/blogu-i-udhetarit\/"},"img":{"alt_text":"","src":"https:\/\/i0.wp.com\/www.shqiperia.com\/blog\/wp-content\/uploads\/2023\/03\/800-0-6401168455d64.png?fit=800%2C462&ssl=1&resize=350%2C200","width":350,"height":200,"srcset":"https:\/\/i0.wp.com\/www.shqiperia.com\/blog\/wp-content\/uploads\/2023\/03\/800-0-6401168455d64.png?fit=800%2C462&ssl=1&resize=350%2C200 1x, https:\/\/i0.wp.com\/www.shqiperia.com\/blog\/wp-content\/uploads\/2023\/03\/800-0-6401168455d64.png?fit=800%2C462&ssl=1&resize=525%2C300 1.5x, https:\/\/i0.wp.com\/www.shqiperia.com\/blog\/wp-content\/uploads\/2023\/03\/800-0-6401168455d64.png?fit=800%2C462&ssl=1&resize=700%2C400 2x"},"classes":[]},{"id":44292,"url":"https:\/\/www.shqiperia.com\/blog\/rama-ne-shkoder-qytetaret-te-revoltuar-miliona-leke-dem-nga-permbytjet-shteti-spo-na-pergjigjet\/","url_meta":{"origin":31596,"position":1},"title":"Rama n\u00eb Shkod\u00ebr\/ Qytetar\u00ebt t\u00eb revoltuar: Miliona lek\u00eb d\u00ebm nga p\u00ebrmbytjet, shteti s\u2019po na p\u00ebrgjigjet","author":"Kurt Farka","date":"February 16, 2021","format":false,"excerpt":"Rama n\u00eb Shkod\u00ebr\/ Qytetar\u00ebt t\u00eb revoltuar: Miliona lek\u00eb d\u00ebm nga p\u00ebrmbytjet, shteti s\u2019po na p\u00ebrgjigjet 16 SHKURT 2021 Me protesta \u00ebsht\u00eb pritur sot n\u00eb Shkod\u00ebr kryeministri Edi Rama, ku qytetar\u00eb nga zonat e p\u00ebrmbytura dol\u00ebn n\u00eb rrug\u00eb, n\u00eb hyrje t\u00eb Shkodr\u00ebs. Nj\u00eb prej qytetar\u00ebve tha se ka nj\u00eb varrez\u00eb makinash\u2026","rel":"","context":"In &quot;Blogu i Udh\u00ebtarit&quot;","block_context":{"text":"Blogu i Udh\u00ebtarit","link":"https:\/\/www.shqiperia.com\/blog\/category\/blogu-i-udhetarit\/"},"img":{"alt_text":"","src":"https:\/\/i0.wp.com\/www.shqiperia.com\/blog\/wp-content\/uploads\/2021\/02\/640-0-602b98fcc4625.jpg?fit=640%2C318&ssl=1&resize=350%2C200","width":350,"height":200,"srcset":"https:\/\/i0.wp.com\/www.shqiperia.com\/blog\/wp-content\/uploads\/2021\/02\/640-0-602b98fcc4625.jpg?fit=640%2C318&ssl=1&resize=350%2C200 1x, https:\/\/i0.wp.com\/www.shqiperia.com\/blog\/wp-content\/uploads\/2021\/02\/640-0-602b98fcc4625.jpg?fit=640%2C318&ssl=1&resize=525%2C300 1.5x"},"classes":[]},{"id":80965,"url":"https:\/\/www.shqiperia.com\/blog\/kryeministri-harron-ti-thote-arsyet-se-pse-shqiptaret-ikin-nga-vendi\/","url_meta":{"origin":31596,"position":2},"title":"Kryeministri harron t\u2019i thot\u00eb arsyet se pse shqiptar\u00ebt ikin nga vendi","author":"Kurt Farka","date":"May 12, 2024","format":false,"excerpt":"12 Maji 2024 Flamur Noka tha se kur d\u00ebgjon Ram\u00ebn n\u00eb Athin\u00eb, cdo shqiptar q\u00eb jeton n\u00eb realitetin e dhimbsh\u00ebm, i duket sikur Rama jeton n\u00eb bot\u00ebn e \u00e7udirave. Nuk ka rrezik m\u00eb t\u00eb madh p\u00ebr nj\u00eb shoq\u00ebri demokratike, sesa korrupsioni. Korrupsioni n\u00eb Shqip\u00ebri sot, nuk shihet si nj\u00eb s\u00ebmundje\u2026","rel":"","context":"In &quot;Blogu i Udh\u00ebtarit&quot;","block_context":{"text":"Blogu i Udh\u00ebtarit","link":"https:\/\/www.shqiperia.com\/blog\/category\/blogu-i-udhetarit\/"},"img":{"alt_text":"","src":"https:\/\/i0.wp.com\/www.shqiperia.com\/blog\/wp-content\/uploads\/2024\/05\/rama-2-752x440-1.png?fit=752%2C440&ssl=1&resize=350%2C200","width":350,"height":200,"srcset":"https:\/\/i0.wp.com\/www.shqiperia.com\/blog\/wp-content\/uploads\/2024\/05\/rama-2-752x440-1.png?fit=752%2C440&ssl=1&resize=350%2C200 1x, https:\/\/i0.wp.com\/www.shqiperia.com\/blog\/wp-content\/uploads\/2024\/05\/rama-2-752x440-1.png?fit=752%2C440&ssl=1&resize=525%2C300 1.5x, https:\/\/i0.wp.com\/www.shqiperia.com\/blog\/wp-content\/uploads\/2024\/05\/rama-2-752x440-1.png?fit=752%2C440&ssl=1&resize=700%2C400 2x"},"classes":[]},{"id":7720,"url":"https:\/\/www.shqiperia.com\/blog\/pse-gjirokastra-po-zbrazet-nga-te-rinjte-rama-qesh-dhe-pergjigjet-skam-faj-te-rinjte-sduan-te-punojne\/","url_meta":{"origin":31596,"position":3},"title":"\u201cPse Gjirokastra po zbrazet nga t\u00eb rinjt\u00eb?\u201d Rama qesh dhe p\u00ebrgjigjet: Skam faj, t\u00eb rinjt\u00eb s\u2019duan t\u00eb punojn\u00eb. &#8211;","author":"Kurt Farka","date":"May 21, 2018","format":false,"excerpt":"\u201cPse Gjirokastra po zbrazet nga t\u00eb rinjt\u00eb?\u201d Rama qesh dhe p\u00ebrgjigjet: Skam faj, t\u00eb rinjt\u00eb s\u2019duan t\u00eb punojn\u00eb.- Kryeministri Edi Rama n\u00eb nj\u00eb konferenc\u00eb p\u00ebr gazetar\u00ebt n\u00eb Gjirokast\u00ebr \u00ebsht\u00eb pyetur nga nj\u00eb prej gazetar\u00ebve t\u00eb pranish\u00ebm, sepse Gjirokastra po zbrazet. Gazetarja e pyeti Kryeministrin p\u00ebr arsyet se pse t\u00eb rinjt\u00eb\u2026","rel":"","context":"In &quot;Blogu i Udh\u00ebtarit&quot;","block_context":{"text":"Blogu i Udh\u00ebtarit","link":"https:\/\/www.shqiperia.com\/blog\/category\/blogu-i-udhetarit\/"},"img":{"alt_text":"","src":"https:\/\/i0.wp.com\/www.shqiperia.com\/blog\/wp-content\/uploads\/2018\/05\/ramagjir.png?fit=780%2C405&ssl=1&resize=350%2C200","width":350,"height":200,"srcset":"https:\/\/i0.wp.com\/www.shqiperia.com\/blog\/wp-content\/uploads\/2018\/05\/ramagjir.png?fit=780%2C405&ssl=1&resize=350%2C200 1x, https:\/\/i0.wp.com\/www.shqiperia.com\/blog\/wp-content\/uploads\/2018\/05\/ramagjir.png?fit=780%2C405&ssl=1&resize=525%2C300 1.5x, https:\/\/i0.wp.com\/www.shqiperia.com\/blog\/wp-content\/uploads\/2018\/05\/ramagjir.png?fit=780%2C405&ssl=1&resize=700%2C400 2x"},"classes":[]},{"id":7724,"url":"https:\/\/www.shqiperia.com\/blog\/pse-gjirokastra-po-zbrazet-nga-te-rinjte-rama-qesh-dhe-pergjigjet-skam-faj-te-rinjte-sduan-te-punojne-2\/","url_meta":{"origin":31596,"position":4},"title":"\u201cPse Gjirokastra po zbrazet nga t\u00eb rinjt\u00eb?\u201d Rama qesh dhe p\u00ebrgjigjet: Skam faj, t\u00eb rinjt\u00eb s\u2019duan t\u00eb punojn\u00eb.-","author":"Kurt Farka","date":"May 21, 2018","format":false,"excerpt":"\u201cPse Gjirokastra po zbrazet nga t\u00eb rinjt\u00eb?\u201d Rama qesh dhe p\u00ebrgjigjet: Skam faj, t\u00eb rinjt\u00eb s\u2019duan t\u00eb punojn\u00eb.- Kryeministri Edi Rama n\u00eb nj\u00eb konferenc\u00eb p\u00ebr gazetar\u00ebt n\u00eb Gjirokast\u00ebr \u00ebsht\u00eb pyetur nga nj\u00eb prej gazetar\u00ebve t\u00eb pranish\u00ebm, sepse Gjirokastra po zbrazet. Gazetarja e pyeti Kryeministrin p\u00ebr arsyet se pse t\u00eb rinjt\u00eb\u2026","rel":"","context":"In &quot;Blogu i Udh\u00ebtarit&quot;","block_context":{"text":"Blogu i Udh\u00ebtarit","link":"https:\/\/www.shqiperia.com\/blog\/category\/blogu-i-udhetarit\/"},"img":{"alt_text":"","src":"https:\/\/i0.wp.com\/www.shqiperia.com\/blog\/wp-content\/uploads\/2018\/05\/albanain-scum.jpg?fit=633%2C347&ssl=1&resize=350%2C200","width":350,"height":200,"srcset":"https:\/\/i0.wp.com\/www.shqiperia.com\/blog\/wp-content\/uploads\/2018\/05\/albanain-scum.jpg?fit=633%2C347&ssl=1&resize=350%2C200 1x, https:\/\/i0.wp.com\/www.shqiperia.com\/blog\/wp-content\/uploads\/2018\/05\/albanain-scum.jpg?fit=633%2C347&ssl=1&resize=525%2C300 1.5x"},"classes":[]},{"id":27127,"url":"https:\/\/www.shqiperia.com\/blog\/mocion-mosbesimi-rama-mund-tia-kerkoj-parlamentit-francez-parlamentit-shqiptar-nuk-kam-pse-ia-kerkoj-parlamentit-francez-nuk-ia-kerkoj-dot\/","url_meta":{"origin":31596,"position":5},"title":"Mocion Mosbesimi, Rama: -\u201cMund t\u2019ia k\u00ebrkoj parlamentit francez, parlamentit shqiptar nuk kam pse ia k\u00ebrkoj, Parlamentit francez nuk ia k\u00ebrkoj dot.","author":"Kurt Farka","date":"October 18, 2019","format":false,"excerpt":"Mocion Mosbesimi, Rama: -\u201cMund t\u2019ia k\u00ebrkoj parlamentit francez, parlamentit shqiptar nuk kam pse ia k\u00ebrkoj, Parlamentit francez nuk ia k\u00ebrkoj dot. Mocion besimi nga Parlamenti apo populli? P\u00ebrgjigjet kryeministri Rama: Mund t\u2019ia k\u00ebrkoj\u00eb Parlamentit francez, por\u2026 -18 tetor 2019 Kryeministri Edi Rama thot\u00eb se nuk ka arsye p\u00ebr t\u00eb k\u00ebrkuar\u2026","rel":"","context":"In &quot;Blogu i Udh\u00ebtarit&quot;","block_context":{"text":"Blogu i Udh\u00ebtarit","link":"https:\/\/www.shqiperia.com\/blog\/category\/blogu-i-udhetarit\/"},"img":{"alt_text":"","src":"https:\/\/i0.wp.com\/www.shqiperia.com\/blog\/wp-content\/uploads\/2019\/10\/68546969_1284209978406023_2616833666902392832_n-300x163.jpg?resize=350%2C200&ssl=1","width":350,"height":200,"srcset":"https:\/\/i0.wp.com\/www.shqiperia.com\/blog\/wp-content\/uploads\/2019\/10\/68546969_1284209978406023_2616833666902392832_n-300x163.jpg?resize=350%2C200&ssl=1 1x, https:\/\/i0.wp.com\/www.shqiperia.com\/blog\/wp-content\/uploads\/2019\/10\/68546969_1284209978406023_2616833666902392832_n-300x163.jpg?resize=525%2C300&ssl=1 1.5x"},"classes":[]}],"_links":{"self":[{"href":"https:\/\/www.shqiperia.com\/blog\/wp-json\/wp\/v2\/posts\/31596","targetHints":{"allow":["GET"]}}],"collection":[{"href":"https:\/\/www.shqiperia.com\/blog\/wp-json\/wp\/v2\/posts"}],"about":[{"href":"https:\/\/www.shqiperia.com\/blog\/wp-json\/wp\/v2\/types\/post"}],"author":[{"embeddable":true,"href":"https:\/\/www.shqiperia.com\/blog\/wp-json\/wp\/v2\/users\/9"}],"replies":[{"embeddable":true,"href":"https:\/\/www.shqiperia.com\/blog\/wp-json\/wp\/v2\/comments?post=31596"}],"version-history":[{"count":1,"href":"https:\/\/www.shqiperia.com\/blog\/wp-json\/wp\/v2\/posts\/31596\/revisions"}],"predecessor-version":[{"id":31598,"href":"https:\/\/www.shqiperia.com\/blog\/wp-json\/wp\/v2\/posts\/31596\/revisions\/31598"}],"wp:featuredmedia":[{"embeddable":true,"href":"https:\/\/www.shqiperia.com\/blog\/wp-json\/wp\/v2\/media\/31597"}],"wp:attachment":[{"href":"https:\/\/www.shqiperia.com\/blog\/wp-json\/wp\/v2\/media?parent=31596"}],"wp:term":[{"taxonomy":"category","embeddable":true,"href":"https:\/\/www.shqiperia.com\/blog\/wp-json\/wp\/v2\/categories?post=31596"},{"taxonomy":"post_tag","embeddable":true,"href":"https:\/\/www.shqiperia.com\/blog\/wp-json\/wp\/v2\/tags?post=31596"}],"curies":[{"name":"wp","href":"https:\/\/api.w.org\/{rel}","templated":true}]}}