{"id":31592,"date":"2020-02-19T18:19:15","date_gmt":"2020-02-19T18:19:15","guid":{"rendered":"https:\/\/www.shqiperia.com\/blog\/?p=31592"},"modified":"2020-02-19T18:19:15","modified_gmt":"2020-02-19T18:19:15","slug":"me-2-mars-beselidhje-kunder-grushtit-te-shtetit","status":"publish","type":"post","link":"https:\/\/www.shqiperia.com\/blog\/me-2-mars-beselidhje-kunder-grushtit-te-shtetit\/","title":{"rendered":"\u201cM\u00eb 2 mars bes\u00eblidhje kund\u00ebr grushtit t\u00eb shtetit.\u201d"},"content":{"rendered":"<p><img data-recalc-dims=\"1\" loading=\"lazy\" decoding=\"async\" data-attachment-id=\"31593\" data-permalink=\"https:\/\/www.shqiperia.com\/blog\/me-2-mars-beselidhje-kunder-grushtit-te-shtetit\/ilir-meta8\/\" data-orig-file=\"https:\/\/i0.wp.com\/www.shqiperia.com\/blog\/wp-content\/uploads\/2020\/02\/ilir-meta8.jpg?fit=540%2C271&amp;ssl=1\" data-orig-size=\"540,271\" data-comments-opened=\"1\" data-image-meta=\"{&quot;aperture&quot;:&quot;0&quot;,&quot;credit&quot;:&quot;&quot;,&quot;camera&quot;:&quot;&quot;,&quot;caption&quot;:&quot;&quot;,&quot;created_timestamp&quot;:&quot;0&quot;,&quot;copyright&quot;:&quot;&quot;,&quot;focal_length&quot;:&quot;0&quot;,&quot;iso&quot;:&quot;0&quot;,&quot;shutter_speed&quot;:&quot;0&quot;,&quot;title&quot;:&quot;&quot;,&quot;orientation&quot;:&quot;0&quot;}\" data-image-title=\"ilir-meta8\" data-image-description=\"\" data-image-caption=\"\" data-medium-file=\"https:\/\/i0.wp.com\/www.shqiperia.com\/blog\/wp-content\/uploads\/2020\/02\/ilir-meta8.jpg?fit=300%2C151&amp;ssl=1\" data-large-file=\"https:\/\/i0.wp.com\/www.shqiperia.com\/blog\/wp-content\/uploads\/2020\/02\/ilir-meta8.jpg?fit=540%2C271&amp;ssl=1\" class=\"alignnone  wp-image-31593\" alt=\"\" src=\"https:\/\/i0.wp.com\/www.shqiperia.com\/blog\/wp-content\/uploads\/2020\/02\/ilir-meta8.jpg?resize=622%2C313&#038;ssl=1\" width=\"622\" height=\"313\" srcset=\"https:\/\/i0.wp.com\/www.shqiperia.com\/blog\/wp-content\/uploads\/2020\/02\/ilir-meta8.jpg?resize=300%2C151&amp;ssl=1 300w, https:\/\/i0.wp.com\/www.shqiperia.com\/blog\/wp-content\/uploads\/2020\/02\/ilir-meta8.jpg?resize=450%2C226&amp;ssl=1 450w, https:\/\/i0.wp.com\/www.shqiperia.com\/blog\/wp-content\/uploads\/2020\/02\/ilir-meta8.jpg?resize=400%2C201&amp;ssl=1 400w, https:\/\/i0.wp.com\/www.shqiperia.com\/blog\/wp-content\/uploads\/2020\/02\/ilir-meta8.jpg?w=540&amp;ssl=1 540w\" sizes=\"auto, (max-width: 622px) 100vw, 622px\" \/><\/p>\n<p><em>Ja edhe baneri (pllakati) i Presidenti Ilir Meta per 2 marsin: \u201cM\u00eb 2 mars bes\u00eblidhje kund\u00ebr grushtit t\u00eb shtetit.\u201d<\/em><\/p>\n<p><img data-recalc-dims=\"1\" loading=\"lazy\" decoding=\"async\" data-attachment-id=\"31594\" data-permalink=\"https:\/\/www.shqiperia.com\/blog\/me-2-mars-beselidhje-kunder-grushtit-te-shtetit\/ilir-meta8-copy\/\" data-orig-file=\"https:\/\/i0.wp.com\/www.shqiperia.com\/blog\/wp-content\/uploads\/2020\/02\/ilir-meta8-Copy.jpg?fit=540%2C960&amp;ssl=1\" data-orig-size=\"540,960\" data-comments-opened=\"1\" data-image-meta=\"{&quot;aperture&quot;:&quot;0&quot;,&quot;credit&quot;:&quot;&quot;,&quot;camera&quot;:&quot;&quot;,&quot;caption&quot;:&quot;&quot;,&quot;created_timestamp&quot;:&quot;0&quot;,&quot;copyright&quot;:&quot;&quot;,&quot;focal_length&quot;:&quot;0&quot;,&quot;iso&quot;:&quot;0&quot;,&quot;shutter_speed&quot;:&quot;0&quot;,&quot;title&quot;:&quot;&quot;,&quot;orientation&quot;:&quot;0&quot;}\" data-image-title=\"ilir-meta8 &#8211; Copy\" data-image-description=\"\" data-image-caption=\"\" data-medium-file=\"https:\/\/i0.wp.com\/www.shqiperia.com\/blog\/wp-content\/uploads\/2020\/02\/ilir-meta8-Copy.jpg?fit=169%2C300&amp;ssl=1\" data-large-file=\"https:\/\/i0.wp.com\/www.shqiperia.com\/blog\/wp-content\/uploads\/2020\/02\/ilir-meta8-Copy.jpg?fit=540%2C960&amp;ssl=1\" class=\"alignnone  wp-image-31594\" alt=\"\" src=\"https:\/\/i0.wp.com\/www.shqiperia.com\/blog\/wp-content\/uploads\/2020\/02\/ilir-meta8-Copy.jpg?resize=721%2C1280&#038;ssl=1\" width=\"721\" height=\"1280\" srcset=\"https:\/\/i0.wp.com\/www.shqiperia.com\/blog\/wp-content\/uploads\/2020\/02\/ilir-meta8-Copy.jpg?resize=169%2C300&amp;ssl=1 169w, https:\/\/i0.wp.com\/www.shqiperia.com\/blog\/wp-content\/uploads\/2020\/02\/ilir-meta8-Copy.jpg?resize=450%2C800&amp;ssl=1 450w, https:\/\/i0.wp.com\/www.shqiperia.com\/blog\/wp-content\/uploads\/2020\/02\/ilir-meta8-Copy.jpg?resize=400%2C711&amp;ssl=1 400w, https:\/\/i0.wp.com\/www.shqiperia.com\/blog\/wp-content\/uploads\/2020\/02\/ilir-meta8-Copy.jpg?w=540&amp;ssl=1 540w\" sizes=\"auto, (max-width: 721px) 100vw, 721px\" \/><\/p>\n","protected":false},"excerpt":{"rendered":"<p>Ja edhe baneri (pllakati) i Presidenti Ilir Meta per 2 marsin: \u201cM\u00eb 2 mars bes\u00eblidhje kund\u00ebr grushtit t\u00eb shtetit.\u201d<\/p>\n","protected":false},"author":9,"featured_media":31593,"comment_status":"open","ping_status":"open","sticky":false,"template":"","format":"standard","meta":{"jetpack_post_was_ever_published":false,"_jetpack_newsletter_access":"","_jetpack_dont_email_post_to_subs":false,"_jetpack_newsletter_tier_id":0,"_jetpack_memberships_contains_paywalled_content":false,"_jetpack_memberships_contains_paid_content":false,"footnotes":"","jetpack_publicize_message":"","jetpack_publicize_feature_enabled":true,"jetpack_social_post_already_shared":true,"jetpack_social_options":{"image_generator_settings":{"template":"highway","default_image_id":0,"font":"","enabled":false},"version":2}},"categories":[27,10,2],"tags":[],"class_list":["post-31592","post","type-post","status-publish","format-standard","has-post-thumbnail","hentry","category-blogu-i-udhetarit","category-kultura","category-politika"],"jetpack_publicize_connections":[],"jetpack_featured_media_url":"https:\/\/i0.wp.com\/www.shqiperia.com\/blog\/wp-content\/uploads\/2020\/02\/ilir-meta8.jpg?fit=540%2C271&ssl=1","jetpack_sharing_enabled":true,"jetpack_shortlink":"https:\/\/wp.me\/p5Z6wp-8dy","jetpack-related-posts":[{"id":31599,"url":"https:\/\/www.shqiperia.com\/blog\/meta-publikon-posterin-thirrje-qytetareve-per-protesten-e-2-marsit-beselidhje-kunder\/","url_meta":{"origin":31592,"position":0},"title":"Meta publikon posterin, thirrje qytetar\u00ebve p\u00ebr protest\u00ebn e 2 marsit: Bes\u00eblidhje kund\u00ebr \u2026","author":"Kurt Farka","date":"February 20, 2020","format":false,"excerpt":"Meta publikon posterin, thirrje qytetar\u00ebve p\u00ebr protest\u00ebn e 2 marsit: Bes\u00eblidhje kund\u00ebr \u2026 19 shkurt \u00a02020 Presidenti Ilir Meta ka lajm\u00ebruar se n\u00eb dat\u00ebn 2 mars,\u00a0n\u00eb bulevardin D\u00ebshmor\u00ebt e Kombit, p\u00ebrpara Kryeministris\u00eb, me popullin shqiptar tha ai do lidhet nj\u00eb bes\u00eblidhje \u201cp\u00ebr t\u00eb shpartalluar regjimin e oligark\u00ebve\u2019. K\u00ebt\u00eb deklarat\u00eb t\u00eb\u2026","rel":"","context":"In &quot;Blogu i Udh\u00ebtarit&quot;","block_context":{"text":"Blogu i Udh\u00ebtarit","link":"https:\/\/www.shqiperia.com\/blog\/category\/blogu-i-udhetarit\/"},"img":{"alt_text":"","src":"https:\/\/i0.wp.com\/www.shqiperia.com\/blog\/wp-content\/uploads\/2020\/02\/ilir-meta8-1.jpg?fit=540%2C271&ssl=1&resize=350%2C200","width":350,"height":200,"srcset":"https:\/\/i0.wp.com\/www.shqiperia.com\/blog\/wp-content\/uploads\/2020\/02\/ilir-meta8-1.jpg?fit=540%2C271&ssl=1&resize=350%2C200 1x, https:\/\/i0.wp.com\/www.shqiperia.com\/blog\/wp-content\/uploads\/2020\/02\/ilir-meta8-1.jpg?fit=540%2C271&ssl=1&resize=525%2C300 1.5x"},"classes":[]},{"id":31767,"url":"https:\/\/www.shqiperia.com\/blog\/meta-rendit-9-hapat-e-grushtit-te-shtetit-dhe-leshon-thirrjen-e-forte-finali-ishte-shkarkimi-i-presidentit-me-porosi-te-zbulon-edhe-oren-kur-do-te-nise-tubimi-ne-2-mars\/","url_meta":{"origin":31592,"position":1},"title":"Meta rendit 9 hapat e grushtit t\u00eb shtetit dhe l\u00ebshon thirrjen e fort\u00eb: Finali ishte shkarkimi i Presidentit me porosi t\u00eb&#8230;(Zbulon edhe or\u00ebn kur do t\u00eb nis\u00eb tubimi n\u00eb 2 mars)","author":"Kurt Farka","date":"February 24, 2020","format":false,"excerpt":"Meta rendit 9 hapat e grushtit t\u00eb shtetit dhe l\u00ebshon thirrjen e fort\u00eb: Finali ishte shkarkimi i Presidentit me porosi t\u00eb...(Zbulon edhe or\u00ebn kur do t\u00eb nis\u00eb tubimi n\u00eb 2 mars) 24 SHKURT 2020 Presidenti Ilir Meta ka renditur n\u00eb nj\u00eb postim n\u00eb rrjetet sociale t\u00eb gjith\u00eb hapat q\u00eb maxhoranca\u2026","rel":"","context":"In &quot;Njoftime Shtypi&quot;","block_context":{"text":"Njoftime Shtypi","link":"https:\/\/www.shqiperia.com\/blog\/category\/njoftime-shtypi\/"},"img":{"alt_text":"","src":"https:\/\/i0.wp.com\/www.shqiperia.com\/blog\/wp-content\/uploads\/2020\/02\/Ilir-Meta.jpg?fit=800%2C450&ssl=1&resize=350%2C200","width":350,"height":200,"srcset":"https:\/\/i0.wp.com\/www.shqiperia.com\/blog\/wp-content\/uploads\/2020\/02\/Ilir-Meta.jpg?fit=800%2C450&ssl=1&resize=350%2C200 1x, https:\/\/i0.wp.com\/www.shqiperia.com\/blog\/wp-content\/uploads\/2020\/02\/Ilir-Meta.jpg?fit=800%2C450&ssl=1&resize=525%2C300 1.5x, https:\/\/i0.wp.com\/www.shqiperia.com\/blog\/wp-content\/uploads\/2020\/02\/Ilir-Meta.jpg?fit=800%2C450&ssl=1&resize=700%2C400 2x"},"classes":[]},{"id":32027,"url":"https:\/\/www.shqiperia.com\/blog\/mbi-100-mije-ne-bulevard-ilir-meta-fjalim-madheshtor\/","url_meta":{"origin":31592,"position":2},"title":"Mbi 100 mij\u00eb n\u00eb bulevard, Ilir Meta fjalim madh\u00ebshtor","author":"Kurt Farka","date":"March 4, 2020","format":false,"excerpt":"Mbi 100 mij\u00eb n\u00eb bulevard, Ilir Meta fjalim madh\u00ebshtor Thjesht me nj\u00eb fjal\u00eb, dje ishte dit\u00eb madh\u00ebshtore p\u00ebr Republik\u00ebn 03\/03\/2020 Nga Mili Xhani Presidenti premtoi publikisht dhe solemnisht se pas 15 marsit do t\u00eb shp\u00ebrndaj\u00eb parlamentin e turpit, parlament q\u00eb mbetet nj\u00eb nd\u00ebr njollat m\u00eb t\u00eb zez\u00eb t\u00eb historis\u00eb politike\u2026","rel":"","context":"In &quot;Blogu i Udh\u00ebtarit&quot;","block_context":{"text":"Blogu i Udh\u00ebtarit","link":"https:\/\/www.shqiperia.com\/blog\/category\/blogu-i-udhetarit\/"},"img":{"alt_text":"","src":"https:\/\/i0.wp.com\/www.shqiperia.com\/blog\/wp-content\/uploads\/2020\/03\/Manifestimi-Meta-9.jpeg?fit=1200%2C800&ssl=1&resize=350%2C200","width":350,"height":200,"srcset":"https:\/\/i0.wp.com\/www.shqiperia.com\/blog\/wp-content\/uploads\/2020\/03\/Manifestimi-Meta-9.jpeg?fit=1200%2C800&ssl=1&resize=350%2C200 1x, https:\/\/i0.wp.com\/www.shqiperia.com\/blog\/wp-content\/uploads\/2020\/03\/Manifestimi-Meta-9.jpeg?fit=1200%2C800&ssl=1&resize=525%2C300 1.5x, https:\/\/i0.wp.com\/www.shqiperia.com\/blog\/wp-content\/uploads\/2020\/03\/Manifestimi-Meta-9.jpeg?fit=1200%2C800&ssl=1&resize=700%2C400 2x, https:\/\/i0.wp.com\/www.shqiperia.com\/blog\/wp-content\/uploads\/2020\/03\/Manifestimi-Meta-9.jpeg?fit=1200%2C800&ssl=1&resize=1050%2C600 3x"},"classes":[]},{"id":31998,"url":"https:\/\/www.shqiperia.com\/blog\/presidenti-meta-betohet-para-100-mije-vetave-se-pas-15-marsit-do-shperndaje-parlamentin-e-turpit\/","url_meta":{"origin":31592,"position":3},"title":"Presidenti Meta betohet para 100 mij\u00eb vetave se pas 15 marsit do shp\u00ebrndaj\u00eb parlamentin e turpit","author":"Kurt Farka","date":"March 2, 2020","format":false,"excerpt":"Presidenti Meta betohet para 100 mij\u00eb vetave se pas 15 marsit do shp\u00ebrndaj\u00eb parlamentin e turpit 02\/03\/2020 Miting madh\u00ebshtor sot n\u00eb Tiran\u00eb.\u00a0N\u00eb fjal\u00ebn e mbajtur para me shum\u00eb se 100 mij\u00eb qytetar\u00ebve q\u00eb mor\u00ebn pjes\u00eb\u00a0 n\u00eb manifestim, Presidentit Meta deklaroi se her\u00ebn tjet\u00ebr do t\u00eb firmoste dekretin e shp\u00ebrndarjes s\u00eb\u2026","rel":"","context":"In &quot;Blogu i Udh\u00ebtarit&quot;","block_context":{"text":"Blogu i Udh\u00ebtarit","link":"https:\/\/www.shqiperia.com\/blog\/category\/blogu-i-udhetarit\/"},"img":{"alt_text":"","src":"https:\/\/i0.wp.com\/www.shqiperia.com\/blog\/wp-content\/uploads\/2020\/03\/Manifestimi-Meta-7-750x375-1.jpeg?fit=750%2C375&ssl=1&resize=350%2C200","width":350,"height":200,"srcset":"https:\/\/i0.wp.com\/www.shqiperia.com\/blog\/wp-content\/uploads\/2020\/03\/Manifestimi-Meta-7-750x375-1.jpeg?fit=750%2C375&ssl=1&resize=350%2C200 1x, https:\/\/i0.wp.com\/www.shqiperia.com\/blog\/wp-content\/uploads\/2020\/03\/Manifestimi-Meta-7-750x375-1.jpeg?fit=750%2C375&ssl=1&resize=525%2C300 1.5x, https:\/\/i0.wp.com\/www.shqiperia.com\/blog\/wp-content\/uploads\/2020\/03\/Manifestimi-Meta-7-750x375-1.jpeg?fit=750%2C375&ssl=1&resize=700%2C400 2x"},"classes":[]},{"id":24585,"url":"https:\/\/www.shqiperia.com\/blog\/tirane-enigma-e-memorialit-kushtuar-viktimave-te-grushtit-te-shtetit-ne-turqi\/","url_meta":{"origin":31592,"position":4},"title":"Tiran\u00eb, enigma e Memorialit kushtuar viktimave t\u00eb grushtit t\u00eb Shtetit n\u00eb Turqi","author":"Kurt Farka","date":"August 9, 2019","format":false,"excerpt":"Tiran\u00eb, enigma e Memorialit kushtuar viktimave t\u00eb grushtit t\u00eb Shtetit n\u00eb Turqi. - N\u00eb Tiran\u00eb, me rastin e 3 vjetorit t\u00eb grushtit t\u00eb d\u00ebshtuar t\u00eb Shtetit n\u00eb Turqi, n\u00eb 15 korrik t\u00eb vitit 2016, \u00ebsht\u00eb ngritur nj\u00eb Memorial kushtuar viktimave t\u00eb asaj ngjarjeje. Ky fakt u zbulua vet\u00ebm sot nga\u2026","rel":"","context":"In &quot;Blogu i Udh\u00ebtarit&quot;","block_context":{"text":"Blogu i Udh\u00ebtarit","link":"https:\/\/www.shqiperia.com\/blog\/category\/blogu-i-udhetarit\/"},"img":{"alt_text":"","src":"https:\/\/i0.wp.com\/www.shqiperia.com\/blog\/wp-content\/uploads\/2019\/08\/07F98EC9-A828-460D-878D-DDC73FFF11F3_cx0_cy18_cw86_w1023_r1_s.jpg?fit=503%2C319&ssl=1&resize=350%2C200","width":350,"height":200},"classes":[]},{"id":32153,"url":"https:\/\/www.shqiperia.com\/blog\/venecia-jep-grusht-grushtit-te-shtetit\/","url_meta":{"origin":31592,"position":5},"title":"Venecia jep grusht \u201cGrushtit t\u00eb Shtetit\u201d","author":"Kurt Farka","date":"March 8, 2020","format":false,"excerpt":"Venecia jep grusht \u201cGrushtit t\u00eb Shtetit\u201d 07\/03\/2020 Nga: M. Xhani Komisioni i Venecias i ka dh\u00ebn\u00eb nj\u00eb goditje asgj\u00ebsuese nism\u00ebs s\u00eb qeveris\u00eb \u201cRama\u201d p\u00ebr t\u00eb kapur Gjykat\u00ebn Kushtetuese. Raporti paraprak i k\u00ebtij komisioni, i cili u thirr nga PS-ja p\u00ebr t\u00eb dh\u00ebn\u00eb mendim juridik p\u00ebr p\u00ebrplasjen me Presidentin, arrin n\u00eb\u2026","rel":"","context":"In &quot;Blogu i Udh\u00ebtarit&quot;","block_context":{"text":"Blogu i Udh\u00ebtarit","link":"https:\/\/www.shqiperia.com\/blog\/category\/blogu-i-udhetarit\/"},"img":{"alt_text":"","src":"https:\/\/i0.wp.com\/www.shqiperia.com\/blog\/wp-content\/uploads\/2020\/03\/Meta-komisioni-venecias.jpg?fit=600%2C291&ssl=1&resize=350%2C200","width":350,"height":200,"srcset":"https:\/\/i0.wp.com\/www.shqiperia.com\/blog\/wp-content\/uploads\/2020\/03\/Meta-komisioni-venecias.jpg?fit=600%2C291&ssl=1&resize=350%2C200 1x, https:\/\/i0.wp.com\/www.shqiperia.com\/blog\/wp-content\/uploads\/2020\/03\/Meta-komisioni-venecias.jpg?fit=600%2C291&ssl=1&resize=525%2C300 1.5x"},"classes":[]}],"_links":{"self":[{"href":"https:\/\/www.shqiperia.com\/blog\/wp-json\/wp\/v2\/posts\/31592","targetHints":{"allow":["GET"]}}],"collection":[{"href":"https:\/\/www.shqiperia.com\/blog\/wp-json\/wp\/v2\/posts"}],"about":[{"href":"https:\/\/www.shqiperia.com\/blog\/wp-json\/wp\/v2\/types\/post"}],"author":[{"embeddable":true,"href":"https:\/\/www.shqiperia.com\/blog\/wp-json\/wp\/v2\/users\/9"}],"replies":[{"embeddable":true,"href":"https:\/\/www.shqiperia.com\/blog\/wp-json\/wp\/v2\/comments?post=31592"}],"version-history":[{"count":1,"href":"https:\/\/www.shqiperia.com\/blog\/wp-json\/wp\/v2\/posts\/31592\/revisions"}],"predecessor-version":[{"id":31595,"href":"https:\/\/www.shqiperia.com\/blog\/wp-json\/wp\/v2\/posts\/31592\/revisions\/31595"}],"wp:featuredmedia":[{"embeddable":true,"href":"https:\/\/www.shqiperia.com\/blog\/wp-json\/wp\/v2\/media\/31593"}],"wp:attachment":[{"href":"https:\/\/www.shqiperia.com\/blog\/wp-json\/wp\/v2\/media?parent=31592"}],"wp:term":[{"taxonomy":"category","embeddable":true,"href":"https:\/\/www.shqiperia.com\/blog\/wp-json\/wp\/v2\/categories?post=31592"},{"taxonomy":"post_tag","embeddable":true,"href":"https:\/\/www.shqiperia.com\/blog\/wp-json\/wp\/v2\/tags?post=31592"}],"curies":[{"name":"wp","href":"https:\/\/api.w.org\/{rel}","templated":true}]}}