{"id":31249,"date":"2020-02-07T22:23:19","date_gmt":"2020-02-07T22:23:19","guid":{"rendered":"https:\/\/www.shqiperia.com\/blog\/?p=31249"},"modified":"2020-02-07T22:26:34","modified_gmt":"2020-02-07T22:26:34","slug":"meta-takohet-me-matthew-palmer-ne-uashington-ja-cfare-u-diskutua","status":"publish","type":"post","link":"https:\/\/www.shqiperia.com\/blog\/meta-takohet-me-matthew-palmer-ne-uashington-ja-cfare-u-diskutua\/","title":{"rendered":"Meta takohet me Matthew Palmer n\u00eb Uashington, ja \u00e7far\u00eb u diskutua"},"content":{"rendered":"<p><img data-recalc-dims=\"1\" loading=\"lazy\" decoding=\"async\" data-attachment-id=\"31254\" data-permalink=\"https:\/\/www.shqiperia.com\/blog\/meta-takohet-me-matthew-palmer-ne-uashington-ja-cfare-u-diskutua\/640-0-5e3dae9dbe397-3\/\" data-orig-file=\"https:\/\/i0.wp.com\/www.shqiperia.com\/blog\/wp-content\/uploads\/2020\/02\/640-0-5e3dae9dbe397-2.jpg?fit=556%2C308&amp;ssl=1\" data-orig-size=\"556,308\" data-comments-opened=\"1\" data-image-meta=\"{&quot;aperture&quot;:&quot;0&quot;,&quot;credit&quot;:&quot;&quot;,&quot;camera&quot;:&quot;&quot;,&quot;caption&quot;:&quot;&quot;,&quot;created_timestamp&quot;:&quot;0&quot;,&quot;copyright&quot;:&quot;&quot;,&quot;focal_length&quot;:&quot;0&quot;,&quot;iso&quot;:&quot;0&quot;,&quot;shutter_speed&quot;:&quot;0&quot;,&quot;title&quot;:&quot;&quot;,&quot;orientation&quot;:&quot;0&quot;}\" data-image-title=\"-640-0-5e3dae9dbe397\" data-image-description=\"\" data-image-caption=\"\" data-medium-file=\"https:\/\/i0.wp.com\/www.shqiperia.com\/blog\/wp-content\/uploads\/2020\/02\/640-0-5e3dae9dbe397-2.jpg?fit=300%2C166&amp;ssl=1\" data-large-file=\"https:\/\/i0.wp.com\/www.shqiperia.com\/blog\/wp-content\/uploads\/2020\/02\/640-0-5e3dae9dbe397-2.jpg?fit=556%2C308&amp;ssl=1\" class=\"alignnone  wp-image-31254\" alt=\"\" src=\"https:\/\/i0.wp.com\/www.shqiperia.com\/blog\/wp-content\/uploads\/2020\/02\/640-0-5e3dae9dbe397-2.jpg?resize=634%2C351&#038;ssl=1\" width=\"634\" height=\"351\" srcset=\"https:\/\/i0.wp.com\/www.shqiperia.com\/blog\/wp-content\/uploads\/2020\/02\/640-0-5e3dae9dbe397-2.jpg?resize=300%2C166&amp;ssl=1 300w, https:\/\/i0.wp.com\/www.shqiperia.com\/blog\/wp-content\/uploads\/2020\/02\/640-0-5e3dae9dbe397-2.jpg?resize=450%2C249&amp;ssl=1 450w, https:\/\/i0.wp.com\/www.shqiperia.com\/blog\/wp-content\/uploads\/2020\/02\/640-0-5e3dae9dbe397-2.jpg?resize=400%2C222&amp;ssl=1 400w, https:\/\/i0.wp.com\/www.shqiperia.com\/blog\/wp-content\/uploads\/2020\/02\/640-0-5e3dae9dbe397-2.jpg?w=556&amp;ssl=1 556w\" sizes=\"auto, (max-width: 634px) 100vw, 634px\" \/><\/p>\n<p>Meta takohet me Matthew Palmer n\u00eb Uashington, ja \u00e7far\u00eb u diskutua<\/p>\n<p>7 SHKURT 2020<\/p>\n<p>Presidenti i Republik\u00ebs, Ilir Meta gjat\u00eb q\u00ebndrimit t\u00eb tij n\u00eb SHB, ka pritur n\u00eb\u00a0 Ambasad\u00ebn e Shqip\u00ebris\u00eb n\u00eb Uashington, \u00a0n\u00eb takim z\u00ebvend\u00ebs Ndihm\u00ebs Sekretarin e Shtetin, si dhe t\u00eb d\u00ebrguarin special t\u00eb SHBA p\u00ebr Ballkanin Per\u00ebndimor, Matthe\u00eb Palmer.<\/p>\n<p>Presidenca b\u00ebn me dije se n\u00eb k\u00ebt\u00eb takim n\u00eb n\u00eb fokus t\u00eb takimit ishte shtimi i p\u00ebrpjekjeve t\u00eb p\u00ebrbashk\u00ebta p\u00ebr \u00e7eljen e negociatave midis Shqip\u00ebris\u00eb dhe Bashkimit Europian, zbatimi i reform\u00ebs n\u00eb drejt\u00ebsi dhe konsolidimi i shtetit ligjor, si e vetmja rrug\u00eb p\u00ebr t\u00eb avancuar drejt integrimit t\u00eb vendit n\u00eb BE.<\/p>\n<p>Bashk\u00ebbiseduesit theksuan r\u00ebnd\u00ebsin\u00eb e forcimit t\u00eb bashk\u00ebpunimit rajonal n\u00eb Ballkanin Per\u00ebndimor\u00a0 dhe t\u00eb perspektiv\u00ebs s\u00eb p\u00ebrbashk\u00ebt europiane. Nd\u00ebrkoh\u00eb pjes\u00eb e k\u00ebtij takimi ka qen\u00eb edhe ambasadorja e Shqip\u00ebris\u00eb n\u00eb SHBA, Floreta Faber.<\/p>\n<p>Gazeta Sot<\/p>\n","protected":false},"excerpt":{"rendered":"<p>Meta takohet me Matthew Palmer n\u00eb Uashington, ja \u00e7far\u00eb u diskutua 7 SHKURT 2020 Presidenti i Republik\u00ebs, Ilir Meta gjat\u00eb q\u00ebndrimit t\u00eb tij n\u00eb SHB, ka pritur n\u00eb\u00a0 Ambasad\u00ebn e Shqip\u00ebris\u00eb n\u00eb Uashington, \u00a0n\u00eb takim z\u00ebvend\u00ebs Ndihm\u00ebs Sekretarin e Shtetin, si dhe t\u00eb d\u00ebrguarin special t\u00eb SHBA p\u00ebr Ballkanin Per\u00ebndimor, Matthe\u00eb Palmer. Presidenca b\u00ebn me [&hellip;]<\/p>\n","protected":false},"author":9,"featured_media":31250,"comment_status":"open","ping_status":"open","sticky":false,"template":"","format":"standard","meta":{"jetpack_post_was_ever_published":false,"_jetpack_newsletter_access":"","_jetpack_dont_email_post_to_subs":false,"_jetpack_newsletter_tier_id":0,"_jetpack_memberships_contains_paywalled_content":false,"_jetpack_memberships_contains_paid_content":false,"footnotes":"","jetpack_publicize_message":"","jetpack_publicize_feature_enabled":true,"jetpack_social_post_already_shared":true,"jetpack_social_options":{"image_generator_settings":{"template":"highway","default_image_id":0,"font":"","enabled":false},"version":2}},"categories":[27,2],"tags":[],"class_list":["post-31249","post","type-post","status-publish","format-standard","has-post-thumbnail","hentry","category-blogu-i-udhetarit","category-politika"],"jetpack_publicize_connections":[],"jetpack_featured_media_url":"https:\/\/i0.wp.com\/www.shqiperia.com\/blog\/wp-content\/uploads\/2020\/02\/640-0-5e3dae9dbe397.jpg?fit=640%2C412&ssl=1","jetpack_sharing_enabled":true,"jetpack_shortlink":"https:\/\/wp.me\/p5Z6wp-881","jetpack-related-posts":[{"id":100629,"url":"https:\/\/www.shqiperia.com\/blog\/perplasjet-me-greqine-deti-per-integrimin-ministri-dendias-takohet-me-ramen-ne-tirane\/","url_meta":{"origin":31249,"position":0},"title":"P\u00ebrplasjet me Greqin\u00eb &#8211; Deti p\u00ebr integrimin! Ministri Dendias takohet me Ram\u00ebn n\u00eb Tiran\u00eb","author":"Kurt Farka","date":"May 25, 2026","format":false,"excerpt":"25 Maji 2026 Kryeministri Edi Rama po josh Greqin\u00eb n\u00eb mb\u00ebshtetje t\u00eb integrimit t\u00eb Shqip\u00ebris\u00eb duke i riaktivizuar negociatat p\u00ebr Detin, ku Greqia k\u00ebrkon 12 milje. Teksa i mbajti t\u00eb bllokuara p\u00ebr vite me radh\u00eb k\u00ebto negociata, dhe krijoj\u00eb nj\u00eb klim\u00eb tensioni, duket se kryeministri shqiptar k\u00ebrkon ndryshimin e raporteve\u2026","rel":"","context":"In &quot;Njoftime Shtypi&quot;","block_context":{"text":"Njoftime Shtypi","link":"https:\/\/www.shqiperia.com\/blog\/category\/njoftime-shtypi\/"},"img":{"alt_text":"","src":"https:\/\/i0.wp.com\/www.shqiperia.com\/blog\/wp-content\/uploads\/2026\/05\/images-3-1.jpg?resize=350%2C200&ssl=1","width":350,"height":200,"srcset":"https:\/\/i0.wp.com\/www.shqiperia.com\/blog\/wp-content\/uploads\/2026\/05\/images-3-1.jpg?resize=350%2C200&ssl=1 1x, https:\/\/i0.wp.com\/www.shqiperia.com\/blog\/wp-content\/uploads\/2026\/05\/images-3-1.jpg?resize=525%2C300&ssl=1 1.5x"},"classes":[]},{"id":104131,"url":"https:\/\/www.shqiperia.com\/blog\/pse-shba-solli-nje-gjeneral-per-ambasador-ne-tirane-spartak-ngjela-zberthen-levizjen-strategjike-te-uashingtonit\/","url_meta":{"origin":31249,"position":1},"title":"Pse SHBA solli nj\u00eb gjeneral p\u00ebr ambasador n\u00eb Tiran\u00eb, Spartak Ngjela zb\u00ebrthen l\u00ebvizjen strategjike t\u00eb Uashingtonit\u2026","author":"Kurt Farka","date":"August 10, 2026","format":false,"excerpt":"10 Gusht 2026 Konfirmimi i gjeneral-lejtnantit n\u00eb pension Eric Wendt si ambasadori i ri i Shteteve t\u00eb Bashkuara t\u00eb Amerik\u00ebs (SHBA) n\u00eb Shqip\u00ebri ka ndezur diskutime t\u00eb forta p\u00ebr nj\u00eb ndryshim t\u00eb r\u00ebnd\u00ebsish\u00ebm n\u00eb marr\u00ebdh\u00ebniet Tiran\u00eb\u2013Washington. Avokat i njohur, Spartak Ngjela ka reaguar n\u00eb rrjetet social, nd\u00ebrsa e cil\u00ebson k\u00ebt\u00eb\u2026","rel":"","context":"In &quot;Blogu i Udh\u00ebtarit&quot;","block_context":{"text":"Blogu i Udh\u00ebtarit","link":"https:\/\/www.shqiperia.com\/blog\/category\/blogu-i-udhetarit\/"},"img":{"alt_text":"","src":"https:\/\/i0.wp.com\/www.shqiperia.com\/blog\/wp-content\/uploads\/2026\/08\/1200-630-ngjela-1.jpg?fit=1200%2C630&ssl=1&resize=350%2C200","width":350,"height":200,"srcset":"https:\/\/i0.wp.com\/www.shqiperia.com\/blog\/wp-content\/uploads\/2026\/08\/1200-630-ngjela-1.jpg?fit=1200%2C630&ssl=1&resize=350%2C200 1x, https:\/\/i0.wp.com\/www.shqiperia.com\/blog\/wp-content\/uploads\/2026\/08\/1200-630-ngjela-1.jpg?fit=1200%2C630&ssl=1&resize=525%2C300 1.5x, https:\/\/i0.wp.com\/www.shqiperia.com\/blog\/wp-content\/uploads\/2026\/08\/1200-630-ngjela-1.jpg?fit=1200%2C630&ssl=1&resize=700%2C400 2x, https:\/\/i0.wp.com\/www.shqiperia.com\/blog\/wp-content\/uploads\/2026\/08\/1200-630-ngjela-1.jpg?fit=1200%2C630&ssl=1&resize=1050%2C600 3x"},"classes":[]},{"id":101824,"url":"https:\/\/www.shqiperia.com\/blog\/trump-iu-prish-gjumin-zyrtareve-te-korruptuar-ne-shqiperi-shba-mban-ne-fuqi-dekretin-e-hekurt-per-ballkanin\/","url_meta":{"origin":31249,"position":2},"title":"Trump \u201ciu prish gjumin\u201d zyrtar\u00ebve t\u00eb korruptuar n\u00eb Shqip\u00ebri, SHBA mban n\u00eb fuqi dekretin e \u201chekurt\u201d p\u00ebr Ballkanin\u2026","author":"Kurt Farka","date":"June 25, 2026","format":false,"excerpt":"25 Qershor 2026 Presidenti i Shteteve t\u00eb Bashkuara t\u00eb Amerik\u00ebs, Donald Trump ka rikthyer furtun\u00ebn n\u00eb politik\u00ebn shqiptare, duke ngjallur nj\u00eb val\u00eb ankthi q\u00eb po p\u00ebrhapet me shpejt\u00ebsi n\u00eb t\u00eb gjitha an\u00ebt e sken\u00ebs politike dhe ve\u00e7an\u00ebrisht tek pushtetar\u00ebt e p\u00ebrfshir\u00eb n\u00eb afera korruptive. Me ambasad\u00ebn amerikane n\u00eb Tiran\u00eb q\u00eb\u2026","rel":"","context":"In &quot;Blogu i Udh\u00ebtarit&quot;","block_context":{"text":"Blogu i Udh\u00ebtarit","link":"https:\/\/www.shqiperia.com\/blog\/category\/blogu-i-udhetarit\/"},"img":{"alt_text":"","src":"https:\/\/i0.wp.com\/www.shqiperia.com\/blog\/wp-content\/uploads\/2026\/06\/5uh5-1097x570-1.jpg?fit=1097%2C570&ssl=1&resize=350%2C200","width":350,"height":200,"srcset":"https:\/\/i0.wp.com\/www.shqiperia.com\/blog\/wp-content\/uploads\/2026\/06\/5uh5-1097x570-1.jpg?fit=1097%2C570&ssl=1&resize=350%2C200 1x, https:\/\/i0.wp.com\/www.shqiperia.com\/blog\/wp-content\/uploads\/2026\/06\/5uh5-1097x570-1.jpg?fit=1097%2C570&ssl=1&resize=525%2C300 1.5x, https:\/\/i0.wp.com\/www.shqiperia.com\/blog\/wp-content\/uploads\/2026\/06\/5uh5-1097x570-1.jpg?fit=1097%2C570&ssl=1&resize=700%2C400 2x, https:\/\/i0.wp.com\/www.shqiperia.com\/blog\/wp-content\/uploads\/2026\/06\/5uh5-1097x570-1.jpg?fit=1097%2C570&ssl=1&resize=1050%2C600 3x"},"classes":[]},{"id":102426,"url":"https:\/\/www.shqiperia.com\/blog\/rubio-i-dergon-kabllogram-ambasades-amerikane-ne-tirane-duam-informacione-per-grupet-e-ekstremit-te-majte\/","url_meta":{"origin":31249,"position":3},"title":"Rubio i d\u00ebrgon kabllogram ambasad\u00ebs amerikane n\u00eb Tiran\u00eb: &#8211; Duam informacione p\u00ebr grupet e ekstremit t\u00eb majt\u00eb","author":"Kurt Farka","date":"July 9, 2026","format":false,"excerpt":"9 Korrik 2026 Departamenti i Shtetit u ka d\u00ebrguar kabllogram diplomatik m\u00eb shum\u00eb se 20 ambasadave amerikane, mes tyre edhe asaj n\u00eb Tiran\u00eb, p\u00ebr t\u00eb mbledhur t\u00eb dh\u00ebna mbi grupet e ekstremit t\u00eb majt\u00eb. Sipas\u00a0Washington Post, Departamenti Amerikan i Shtetit u ka d\u00ebrguar nj\u00eb kabllogram diplomatik m\u00eb shum\u00eb se 20\u2026","rel":"","context":"In &quot;Blogu i Udh\u00ebtarit&quot;","block_context":{"text":"Blogu i Udh\u00ebtarit","link":"https:\/\/www.shqiperia.com\/blog\/category\/blogu-i-udhetarit\/"},"img":{"alt_text":"","src":"https:\/\/i0.wp.com\/www.shqiperia.com\/blog\/wp-content\/uploads\/2026\/07\/auto_rubio1783621552.png?fit=900%2C599&ssl=1&resize=350%2C200","width":350,"height":200,"srcset":"https:\/\/i0.wp.com\/www.shqiperia.com\/blog\/wp-content\/uploads\/2026\/07\/auto_rubio1783621552.png?fit=900%2C599&ssl=1&resize=350%2C200 1x, https:\/\/i0.wp.com\/www.shqiperia.com\/blog\/wp-content\/uploads\/2026\/07\/auto_rubio1783621552.png?fit=900%2C599&ssl=1&resize=525%2C300 1.5x, https:\/\/i0.wp.com\/www.shqiperia.com\/blog\/wp-content\/uploads\/2026\/07\/auto_rubio1783621552.png?fit=900%2C599&ssl=1&resize=700%2C400 2x"},"classes":[]},{"id":104190,"url":"https:\/\/www.shqiperia.com\/blog\/prapaskenat-e-paktit-anti-shqiptar-soros-rama-vucic-zelensky-si-u-kthyen-pazaret-e-luftes-ne-goditje-gjeopolitike\/","url_meta":{"origin":31249,"position":4},"title":"Prapaskenat e paktit anti-shqiptar Soros-Rama-Vu\u00e7i\u00e7-Zelensky, si u kthyen pazaret e luft\u00ebs n\u00eb goditje gjeopolitike\u2026","author":"Kurt Farka","date":"August 11, 2026","format":false,"excerpt":"11 Gusht 2026 Nga: Gazeta Sot. Deklarata e k\u00eblyshit t\u00eb Sorosit dhe presidentit t\u00eb Ukrain\u00ebs, Volodimir Zelensky (Zhelenski) ka konfirmuar p\u00ebrfundimisht se manjati ka krijuar nj\u00eb trek\u00ebnd\u00ebsh p\u00ebrbind\u00ebsh q\u00eb fillon me kryeministrin shqiptar Edi Rama, vazhdon me at\u00eb serb Aleksand\u00ebr Vu\u00e7i\u00e7 dhe mbyllet me karagjozin aktor Volodimir Zhelenski. Ky triumvirat\u2026","rel":"","context":"In &quot;Blogu i Udh\u00ebtarit&quot;","block_context":{"text":"Blogu i Udh\u00ebtarit","link":"https:\/\/www.shqiperia.com\/blog\/category\/blogu-i-udhetarit\/"},"img":{"alt_text":"","src":"https:\/\/i0.wp.com\/www.shqiperia.com\/blog\/wp-content\/uploads\/2026\/08\/jnj.jpg?fit=843%2C550&ssl=1&resize=350%2C200","width":350,"height":200,"srcset":"https:\/\/i0.wp.com\/www.shqiperia.com\/blog\/wp-content\/uploads\/2026\/08\/jnj.jpg?fit=843%2C550&ssl=1&resize=350%2C200 1x, https:\/\/i0.wp.com\/www.shqiperia.com\/blog\/wp-content\/uploads\/2026\/08\/jnj.jpg?fit=843%2C550&ssl=1&resize=525%2C300 1.5x, https:\/\/i0.wp.com\/www.shqiperia.com\/blog\/wp-content\/uploads\/2026\/08\/jnj.jpg?fit=843%2C550&ssl=1&resize=700%2C400 2x"},"classes":[]},{"id":101893,"url":"https:\/\/www.shqiperia.com\/blog\/spartak-ngjela-paralajmeron-fundin-e-edi-rames-ja-levizja-e-gabuar-qe-do-ta-coje-kryeministrin-para-spak-ut\/","url_meta":{"origin":31249,"position":5},"title":"Spartak Ngjela paralajm\u00ebron fundin e Edi Ram\u00ebs, ja l\u00ebvizja e gabuar q\u00eb do ta \u00e7oj\u00eb kryeministrin para SPAK-ut","author":"Kurt Farka","date":"June 27, 2026","format":false,"excerpt":"28 Qershor 2026 Avokati i njohur, Spartak Ngjela, ka reaguar dje ashp\u00ebr n\u00eb rrjetet sociale, duke l\u00ebshuar paralajm\u00ebrime t\u00eb r\u00ebnda p\u00ebr telashe t\u00eb m\u00ebdha politike dhe juridike ndaj kryeministrit Edi Rama. P\u00ebrmes nj\u00eb analize t\u00eb prer\u00eb, z. Ngjela ka theksuar se Gjiri i Vlor\u00ebs dhe Ishulli i Sazanit p\u00ebrb\u00ebjn\u00eb territore\u2026","rel":"","context":"In &quot;Blogu i Udh\u00ebtarit&quot;","block_context":{"text":"Blogu i Udh\u00ebtarit","link":"https:\/\/www.shqiperia.com\/blog\/category\/blogu-i-udhetarit\/"},"img":{"alt_text":"","src":"https:\/\/i0.wp.com\/www.shqiperia.com\/blog\/wp-content\/uploads\/2026\/06\/ngjela-rama-1-1.jpg?fit=863%2C432&ssl=1&resize=350%2C200","width":350,"height":200,"srcset":"https:\/\/i0.wp.com\/www.shqiperia.com\/blog\/wp-content\/uploads\/2026\/06\/ngjela-rama-1-1.jpg?fit=863%2C432&ssl=1&resize=350%2C200 1x, https:\/\/i0.wp.com\/www.shqiperia.com\/blog\/wp-content\/uploads\/2026\/06\/ngjela-rama-1-1.jpg?fit=863%2C432&ssl=1&resize=525%2C300 1.5x, https:\/\/i0.wp.com\/www.shqiperia.com\/blog\/wp-content\/uploads\/2026\/06\/ngjela-rama-1-1.jpg?fit=863%2C432&ssl=1&resize=700%2C400 2x"},"classes":[]}],"_links":{"self":[{"href":"https:\/\/www.shqiperia.com\/blog\/wp-json\/wp\/v2\/posts\/31249","targetHints":{"allow":["GET"]}}],"collection":[{"href":"https:\/\/www.shqiperia.com\/blog\/wp-json\/wp\/v2\/posts"}],"about":[{"href":"https:\/\/www.shqiperia.com\/blog\/wp-json\/wp\/v2\/types\/post"}],"author":[{"embeddable":true,"href":"https:\/\/www.shqiperia.com\/blog\/wp-json\/wp\/v2\/users\/9"}],"replies":[{"embeddable":true,"href":"https:\/\/www.shqiperia.com\/blog\/wp-json\/wp\/v2\/comments?post=31249"}],"version-history":[{"count":3,"href":"https:\/\/www.shqiperia.com\/blog\/wp-json\/wp\/v2\/posts\/31249\/revisions"}],"predecessor-version":[{"id":31255,"href":"https:\/\/www.shqiperia.com\/blog\/wp-json\/wp\/v2\/posts\/31249\/revisions\/31255"}],"wp:featuredmedia":[{"embeddable":true,"href":"https:\/\/www.shqiperia.com\/blog\/wp-json\/wp\/v2\/media\/31250"}],"wp:attachment":[{"href":"https:\/\/www.shqiperia.com\/blog\/wp-json\/wp\/v2\/media?parent=31249"}],"wp:term":[{"taxonomy":"category","embeddable":true,"href":"https:\/\/www.shqiperia.com\/blog\/wp-json\/wp\/v2\/categories?post=31249"},{"taxonomy":"post_tag","embeddable":true,"href":"https:\/\/www.shqiperia.com\/blog\/wp-json\/wp\/v2\/tags?post=31249"}],"curies":[{"name":"wp","href":"https:\/\/api.w.org\/{rel}","templated":true}]}}