{"id":31235,"date":"2020-02-07T10:03:42","date_gmt":"2020-02-07T10:03:42","guid":{"rendered":"https:\/\/www.shqiperia.com\/blog\/?p=31235"},"modified":"2020-02-07T10:03:42","modified_gmt":"2020-02-07T10:03:42","slug":"mark-tirta-akademia-e-shkencave-bashke-me-specialistet-e-universiteteve-duhet-ti-ndaloje-sa-me-pare-keto-baterdi-ne-mesimdhenie","status":"publish","type":"post","link":"https:\/\/www.shqiperia.com\/blog\/mark-tirta-akademia-e-shkencave-bashke-me-specialistet-e-universiteteve-duhet-ti-ndaloje-sa-me-pare-keto-baterdi-ne-mesimdhenie\/","title":{"rendered":"Mark Tirta: &#8211; Akademia e Shkencave, bashk\u00eb me specialist\u00ebt e universiteteve, duhet t\u2019i ndaloj\u00eb sa m\u00eb par\u00eb k\u00ebto bat\u00ebrdi, n\u00eb m\u00ebsimdh\u00ebnie."},"content":{"rendered":"<p><img data-recalc-dims=\"1\" loading=\"lazy\" decoding=\"async\" data-attachment-id=\"31236\" data-permalink=\"https:\/\/www.shqiperia.com\/blog\/mark-tirta-akademia-e-shkencave-bashke-me-specialistet-e-universiteteve-duhet-ti-ndaloje-sa-me-pare-keto-baterdi-ne-mesimdhenie\/mark-tirta-2\/\" data-orig-file=\"https:\/\/i0.wp.com\/www.shqiperia.com\/blog\/wp-content\/uploads\/2020\/02\/mark-tirta.jpg?fit=660%2C330&amp;ssl=1\" data-orig-size=\"660,330\" data-comments-opened=\"1\" data-image-meta=\"{&quot;aperture&quot;:&quot;0&quot;,&quot;credit&quot;:&quot;&quot;,&quot;camera&quot;:&quot;&quot;,&quot;caption&quot;:&quot;&quot;,&quot;created_timestamp&quot;:&quot;0&quot;,&quot;copyright&quot;:&quot;&quot;,&quot;focal_length&quot;:&quot;0&quot;,&quot;iso&quot;:&quot;0&quot;,&quot;shutter_speed&quot;:&quot;0&quot;,&quot;title&quot;:&quot;&quot;,&quot;orientation&quot;:&quot;0&quot;}\" data-image-title=\"mark-tirta\" data-image-description=\"\" data-image-caption=\"\" data-medium-file=\"https:\/\/i0.wp.com\/www.shqiperia.com\/blog\/wp-content\/uploads\/2020\/02\/mark-tirta.jpg?fit=300%2C150&amp;ssl=1\" data-large-file=\"https:\/\/i0.wp.com\/www.shqiperia.com\/blog\/wp-content\/uploads\/2020\/02\/mark-tirta.jpg?fit=660%2C330&amp;ssl=1\" class=\"alignnone  wp-image-31236\" alt=\"\" src=\"https:\/\/i0.wp.com\/www.shqiperia.com\/blog\/wp-content\/uploads\/2020\/02\/mark-tirta.jpg?resize=538%2C269&#038;ssl=1\" width=\"538\" height=\"269\" srcset=\"https:\/\/i0.wp.com\/www.shqiperia.com\/blog\/wp-content\/uploads\/2020\/02\/mark-tirta.jpg?resize=300%2C150&amp;ssl=1 300w, https:\/\/i0.wp.com\/www.shqiperia.com\/blog\/wp-content\/uploads\/2020\/02\/mark-tirta.jpg?resize=450%2C225&amp;ssl=1 450w, https:\/\/i0.wp.com\/www.shqiperia.com\/blog\/wp-content\/uploads\/2020\/02\/mark-tirta.jpg?resize=600%2C300&amp;ssl=1 600w, https:\/\/i0.wp.com\/www.shqiperia.com\/blog\/wp-content\/uploads\/2020\/02\/mark-tirta.jpg?resize=400%2C200&amp;ssl=1 400w, https:\/\/i0.wp.com\/www.shqiperia.com\/blog\/wp-content\/uploads\/2020\/02\/mark-tirta.jpg?w=660&amp;ssl=1 660w\" sizes=\"auto, (max-width: 538px) 100vw, 538px\" \/><\/p>\n<p>Mark Tirta: &#8211; Akademia e Shkencave, bashk\u00eb me specialist\u00ebt e universiteteve, duhet t\u2019i ndaloj\u00eb sa m\u00eb par\u00eb k\u00ebto bat\u00ebrdi, n\u00eb m\u00ebsimdh\u00ebnie.<\/p>\n<p><strong>P\u00ebr studiuesit e etnologjis\u00eb, folklorit dhe antropologjis\u00eb kulturore<\/strong><\/p>\n<p>5 shkurt \u00a02020<\/p>\n<p>Dr. Prof. Akad. Mark Tirta<\/p>\n<p>Etnokultura shqiptare n\u00eb universitetet n\u00eb Shqip\u00ebri \u00ebsht\u00eb n\u00ebnvler\u00ebsuar s\u00eb tep\u00ebrmi n\u00eb l\u00ebnd\u00eb t\u00eb caktuara si n\u00eb etnologji, n\u00eb folklor, n\u00eb antropologji kulturore e me radh\u00eb. K\u00ebto deg\u00eb t\u00eb etnokultur\u00ebs b\u00ebhen shum\u00eb dob\u00ebt e nga njer\u00ebz jo t\u00eb specialitetit p\u00ebrkat\u00ebs e me formim jasht\u00eb l\u00ebnd\u00ebs q\u00eb e japin.<\/p>\n<p>N\u00eb universitetet n\u00eb Shqip\u00ebri, n\u00eb asnj\u00eb rast nuk v\u00ebrehen deg\u00eb t\u00eb ve\u00e7anta t\u00eb kualifikimit n\u00eb etnologji, n\u00eb folklor, n\u00eb antropologji kulturore. Po at\u00ebher\u00eb si specializohen pedagog\u00ebt p\u00ebr t\u2019u b\u00ebr\u00eb etnolog\u00eb, folklorist\u00eb apo specialist\u00eb t\u00eb antropologjis\u00eb kulturore. K\u00ebto l\u00ebnd\u00eb jepen nga pedagog\u00eb q\u00eb nuk jan\u00eb, sipas fush\u00ebs, as etnolog\u00eb, as folklorist\u00eb e as antropolog\u00eb. Mjafton t\u00eb ket\u00eb mbaruar p\u00ebr histori dhe b\u00ebn pun\u00ebn e etnologut. Ata t\u00eb ve\u00e7ant\u00eb, q\u00eb kan\u00eb mbaruar p\u00ebr gjuh\u00eb-let\u00ebrsi, japin si pedagog\u00eb l\u00ebnd\u00ebt e folklorit.<\/p>\n<p>K\u00ebto fusha t\u00eb dijes, q\u00eb u p\u00ebrmend\u00ebn, kan\u00eb ve\u00e7orit\u00eb e tyre, sipas tematikave t\u00eb ve\u00e7anta, sipas krahinave, sipas p\u00ebrkat\u00ebsis\u00eb etnike. T\u00eb t\u00ebra kan\u00eb historin\u00eb e tyre n\u00eb ndryshim\u00ebsi t\u00eb vazhdueshme t\u00eb rrug\u00ebtimit nd\u00ebr shekuj, pasqyrojn\u00eb ve\u00e7orit\u00eb etnike t\u00eb kombit, po dhe marrje e dh\u00ebnie me popujt e tjer\u00eb. Pa ndihm\u00ebn e etnokultur\u00ebs as historia etnike e \u00e7do populli nuk mund t\u00eb shpjegohet si duhet n\u00eb thell\u00ebsi e n\u00eb gjith\u00ebp\u00ebrfshirje. Shum\u00eb \u201cpse\u201d t\u00eb err\u00ebta n\u00eb histori i sqarojn\u00eb faktet e etnokultur\u00ebs, dukurit\u00eb e zb\u00ebrthyera nga shkenca e etnologjis\u00eb, e folklorit, e antropologjis\u00eb kulturore.<\/p>\n<p>Studiues t\u00eb huaj, me p\u00ebrgatitje shkencore t\u00eb nj\u00eb shkalle t\u00eb lart\u00eb, n\u00eb shkrimet e tyre e vler\u00ebsojn\u00eb shum\u00eb lart etnokultur\u00ebn shqiptare e rolin e saj n\u00eb q\u00ebndres\u00ebn e n\u00eb zhvillimin e etnis\u00eb shqiptare n\u00eb shekuj. Sipas tyre, kjo etnokultur\u00eb e ka mbajtur k\u00ebt\u00eb popull pa u shp\u00ebrb\u00ebr\u00eb; e ka b\u00ebr\u00eb t\u00eb ec\u00eb p\u00ebrpara, bashk\u00eb me gjuh\u00ebn shqipe. Disa prej tyre thon\u00eb se \u201cligji popullor arb\u00ebror\u201d (Kanuni) e ka mbajtur t\u00eb organizuar k\u00ebt\u00eb popull nd\u00ebr shekuj: n\u00eb lidhjet shoq\u00ebrore e ekonomike, n\u00eb vler\u00ebsimin e p\u00ebrkat\u00ebsis\u00eb etnike, n\u00eb lidhjet etnosociale e psikologjike si nj\u00eb bashk\u00ebsi etnike e pathyeshme. Me k\u00ebt\u00eb ligj popullor jan\u00eb organizuar n\u00eb luft\u00eb kund\u00ebr pushtuesve t\u00eb ndrysh\u00ebm. Ata theksojn\u00eb, n\u00eb t\u00eb tjera, se pa k\u00ebt\u00eb ligj popullor q\u00eb i ka rr\u00ebnj\u00ebt e dukshme q\u00eb nga Iliria e Von\u00eb a nga Mesjeta e Hershme, nuk do t\u00eb mbijetonin. Pra, kjo etnokultur\u00eb, ky ligj popullor, jan\u00eb shfaqje me r\u00ebnd\u00ebsi n\u00eb ve\u00e7orit\u00eb e ndryshim\u00ebsive nd\u00ebr shekuj t\u00eb historis\u00eb. Etnokultura \u00ebsht\u00eb nj\u00eb sqaruese e fuqishme e historis\u00eb son\u00eb komb\u00ebtare. Duhet v\u00ebn\u00eb n\u00eb dukje se edhe ve\u00e7orit\u00eb e etnokultur\u00ebs n\u00eb ndryshim\u00ebsi, sqarohen nga t\u00eb dh\u00ebna e teori t\u00eb historis\u00eb.<\/p>\n<p>Un\u00eb (Mark Tirta) kam qen\u00eb n\u00eb veprimtari shkencore \u2013 kulturore, kryesisht t\u00eb etnokultur\u00ebs, e kudo n\u00eb universitete, n\u00eb shtete t\u00eb Ballkanit, t\u00eb Europ\u00ebs, n\u00eb Kanada, kam v\u00ebrejtur deg\u00eb t\u00eb ve\u00e7anta t\u00eb studimit t\u00eb etnologjis\u00eb, t\u00eb folklorit, t\u00eb antropologjis\u00eb kulturore. Natyrisht, n\u00eb ato vende ku jan\u00eb b\u00ebr\u00eb k\u00ebto konferenca pran\u00eb Universiteteve, po dhe n\u00eb eksplorime t\u00eb miat n\u00eb vende t\u00eb ndryshme ku ishin t\u00eb dukshme k\u00ebto departamente, deg\u00eb studimi ose katedra, i kam v\u00ebrejtur me shum\u00eb v\u00ebmendje. T\u00eb sqarojm\u00eb se jo kudo kam qen\u00eb n\u00eb katedra t\u00eb etnokultur\u00ebs n\u00eb universitete t\u00eb vendeve t\u00eb p\u00ebrmendura. Pra ka dhe vende me dukuri t\u00eb panjohura nga un\u00eb.<\/p>\n<p>N\u00eb vende t\u00eb ndryshme t\u00eb bot\u00ebs, n\u00eb universitete, kudo ka deg\u00eb t\u00eb ve\u00e7anta t\u00eb kualifikimit t\u00eb ve\u00e7ant\u00eb, special, p\u00ebr etnologji, folklor, antropologji kulturore, vet\u00ebm n\u00eb Shqip\u00ebri nuk ka t\u00eb tilla, shtyr\u00eb nga mendimi se k\u00ebto specialitete i b\u00ebka historia a let\u00ebrsia.<\/p>\n<p>Problemin e kualifikimit n\u00eb k\u00ebt\u00eb l\u00ebnd\u00eb t\u00eb etnokultur\u00ebs e kam ngritur disa her\u00eb n\u00eb shtyp e n\u00eb veprimtari shkencore \u2013 kulturore, por k\u00ebto fjal\u00eb kan\u00eb fluturuar n\u00eb err\u00ebsir\u00eb, n\u00eb mjegullnaja e jan\u00eb zhdukur.<\/p>\n<p>N\u00eb manuale t\u00eb ndryshme metodike t\u00eb k\u00ebrkimit shkencor, n\u00eb shtete shum\u00eb t\u00eb zhvilluara t\u00eb bot\u00ebs, jepet me shum\u00eb qart\u00ebsi p\u00ebrgatitja shkencore n\u00eb k\u00ebto deg\u00ebzime t\u00eb etnokultur\u00ebs (etnologji, folklor, antropologji kulturore). P\u00ebr k\u00ebto kualifikime flasin dhe jo pak dijetar\u00eb t\u00eb m\u00ebdhenj t\u00eb k\u00ebtyre kodeve t\u00eb dijes. \u00c7do nj\u00ebra nga k\u00ebto fusha t\u00eb dijes ka historin\u00eb e saj, ka problematikat e saj. B\u00ebhen krahasime me popujt e tjer\u00eb. Kur studion etnologjin\u00eb shqiptare apo folklorin a antropologjin\u00eb kulturore, doemos q\u00eb duhet t\u00eb kesh njohuri t\u00eb thell\u00eb p\u00ebr k\u00ebto fusha n\u00eb popujt e Ballkanit, n\u00eb popujt e Mesdheut, po dhe n\u00eb popuj t\u00eb ndrysh\u00ebm t\u00eb bot\u00ebs, n\u00eb koh\u00eb t\u00eb hershme, po dhe sot ku k\u00ebto dukuri etnokulturore kan\u00eb ardhur me ndryshim\u00ebsi t\u00eb m\u00ebdha. E ve\u00e7anta shpjegohet si duhet kur i di n\u00eb thell\u00ebsi dhe dukurit\u00eb e p\u00ebrgjithshme, d\u00ebshmuar n\u00eb popuj t\u00eb ndrysh\u00ebm e n\u00eb koh\u00eb t\u00eb ndryshme.<\/p>\n<p>N\u00eb vende t\u00eb ndryshme t\u00eb bot\u00ebs n\u00eb universitet nuk mund t\u00eb jet\u00eb pedagog nj\u00eb njeri q\u00eb nuk \u00ebsht\u00eb specializuar n\u00eb k\u00ebt\u00eb deg\u00eb, nuk \u00ebsht\u00eb studiues me botime n\u00eb fush\u00ebn p\u00ebrkat\u00ebse, madje n\u00eb etnologji, n\u00eb folklor duhet t\u00eb ket\u00eb b\u00ebr\u00eb studime me eksplorime terreni n\u00eb vende p\u00ebr t\u00eb cilat flitet. Ky problem shtrohet gjer\u00ebsisht n\u00eb manuale metodike t\u00eb k\u00ebrkimit shkencor.<\/p>\n<div id=\"attachment_31237\" style=\"width: 646px\" class=\"wp-caption alignnone\"><img data-recalc-dims=\"1\" loading=\"lazy\" decoding=\"async\" aria-describedby=\"caption-attachment-31237\" data-attachment-id=\"31237\" data-permalink=\"https:\/\/www.shqiperia.com\/blog\/mark-tirta-akademia-e-shkencave-bashke-me-specialistet-e-universiteteve-duhet-ti-ndaloje-sa-me-pare-keto-baterdi-ne-mesimdhenie\/maxresdefault-37\/\" data-orig-file=\"https:\/\/i0.wp.com\/www.shqiperia.com\/blog\/wp-content\/uploads\/2020\/02\/maxresdefault-1.jpg?fit=1024%2C576&amp;ssl=1\" data-orig-size=\"1024,576\" data-comments-opened=\"1\" data-image-meta=\"{&quot;aperture&quot;:&quot;0&quot;,&quot;credit&quot;:&quot;&quot;,&quot;camera&quot;:&quot;&quot;,&quot;caption&quot;:&quot;&quot;,&quot;created_timestamp&quot;:&quot;0&quot;,&quot;copyright&quot;:&quot;&quot;,&quot;focal_length&quot;:&quot;0&quot;,&quot;iso&quot;:&quot;0&quot;,&quot;shutter_speed&quot;:&quot;0&quot;,&quot;title&quot;:&quot;&quot;,&quot;orientation&quot;:&quot;0&quot;}\" data-image-title=\"Prof. Mark Tirta\" data-image-description=\"\" data-image-caption=\"&lt;p&gt;Prof. Mark Tirta&lt;\/p&gt;\n\" data-medium-file=\"https:\/\/i0.wp.com\/www.shqiperia.com\/blog\/wp-content\/uploads\/2020\/02\/maxresdefault-1.jpg?fit=300%2C169&amp;ssl=1\" data-large-file=\"https:\/\/i0.wp.com\/www.shqiperia.com\/blog\/wp-content\/uploads\/2020\/02\/maxresdefault-1.jpg?fit=1024%2C576&amp;ssl=1\" class=\" wp-image-31237\" alt=\"\" src=\"https:\/\/i0.wp.com\/www.shqiperia.com\/blog\/wp-content\/uploads\/2020\/02\/maxresdefault-1.jpg?resize=636%2C358&#038;ssl=1\" width=\"636\" height=\"358\" srcset=\"https:\/\/i0.wp.com\/www.shqiperia.com\/blog\/wp-content\/uploads\/2020\/02\/maxresdefault-1.jpg?resize=300%2C169&amp;ssl=1 300w, https:\/\/i0.wp.com\/www.shqiperia.com\/blog\/wp-content\/uploads\/2020\/02\/maxresdefault-1.jpg?resize=768%2C432&amp;ssl=1 768w, https:\/\/i0.wp.com\/www.shqiperia.com\/blog\/wp-content\/uploads\/2020\/02\/maxresdefault-1.jpg?resize=450%2C253&amp;ssl=1 450w, https:\/\/i0.wp.com\/www.shqiperia.com\/blog\/wp-content\/uploads\/2020\/02\/maxresdefault-1.jpg?resize=600%2C338&amp;ssl=1 600w, https:\/\/i0.wp.com\/www.shqiperia.com\/blog\/wp-content\/uploads\/2020\/02\/maxresdefault-1.jpg?resize=400%2C225&amp;ssl=1 400w, https:\/\/i0.wp.com\/www.shqiperia.com\/blog\/wp-content\/uploads\/2020\/02\/maxresdefault-1.jpg?w=1024&amp;ssl=1 1024w\" sizes=\"auto, (max-width: 636px) 100vw, 636px\" \/><p id=\"caption-attachment-31237\" class=\"wp-caption-text\">Prof. Mark Tirta<\/p><\/div>\n<p>Claude L\u00e9vi-Straus, nj\u00eb figur\u00eb bot\u00ebrore e studimit shkencor n\u00eb antropologji kulturore ku p\u00ebrfshihet dhe etnologjia (C.L.-St. Lindi n\u00eb Bruksel m\u00eb 28.11.1908 e vdiq n\u00eb Harvard \u2013 SHBA m\u00eb 04.11.2009) e shfaq me t\u00eb madhe n\u00eb veprat e tij shkencore doemosdoshm\u00ebrin\u00eb e kualifikimit shkencor e t\u00eb studimeve shkencore p\u00ebr t\u2019u b\u00ebr\u00eb pedagog n\u00eb etnologji, n\u00eb folklor, n\u00eb antropologji kulturore. Ai thekson se studiues n\u00eb fushat e p\u00ebrmendura duhet t\u00eb d\u00ebshmohet me nj\u00eb grup studimesh shkencore t\u00eb botuara n\u00eb shtypin shkencor q\u00eb shkojn\u00eb n\u00eb vlerat e nj\u00eb monografie ose t\u00eb ket\u00eb b\u00ebr\u00eb e botuar nj\u00eb monografi me eksplorime terreni n\u00eb fshatra, n\u00eb male, ndryshe as asistent i pedagogut nuk mund t\u00eb jet\u00eb. Pra duhet t\u00eb jet\u00eb i kualifikuar, studiues me pesh\u00eb e me eksplorime n\u00eb k\u00ebto fusha e mandej mund t\u00eb vihet n\u00eb detyr\u00ebn e pedagogut.<\/p>\n<p>N\u00eb Shqip\u00ebri i japin k\u00ebto l\u00ebnd\u00eb njer\u00ebz q\u00eb nuk jan\u00eb as etnolog\u00eb, as folklorist\u00eb e as antropolog\u00eb. Disa plagjiaturist\u00eb pa qen\u00eb specialist\u00eb t\u00eb k\u00ebtyre fushave, me disa libra t\u00eb kopjuar nga t\u00eb tjer\u00ebt e q\u00eb k\u00ebtyre ua ka botuar SHBLU, japin m\u00ebsim n\u00eb fakultet. K\u00ebto duhen ndaluar si m\u00ebsimdh\u00ebn\u00ebs. Me k\u00ebto veprime antishkencore d\u00ebmtohet s\u00eb tep\u00ebrmi formimi shkencor i student\u00ebve n\u00eb universitete, apo n\u00eb kualifikim pasuniversitar.<\/p>\n<p>Akademia e Shkencave, bashk\u00eb me specialist\u00ebt e universiteteve, duhet t\u2019i ndaloj\u00eb sa m\u00eb par\u00eb k\u00ebto bat\u00ebrdi, n\u00eb m\u00ebsimdh\u00ebnie. Duhet hartuar nj\u00eb kod i ve\u00e7ant\u00eb p\u00ebr specializimin e t\u00eb rinjve p\u00ebr t\u2019u b\u00ebr\u00eb pedagog\u00eb n\u00eb k\u00ebto deg\u00ebzime t\u00eb dituris\u00eb universitare, po dhe pasuniversitare. Pa k\u00ebt\u00eb detyrim n\u00eb formimin shkencor t\u00eb student\u00ebve, mandej dhe t\u00eb kuadrove t\u00eb reja n\u00eb kualifikim t\u00eb thelluar, dituria n\u00eb k\u00ebto fusha bie n\u00eb gremin\u00eb. Me k\u00ebto forma ogurzeza, t\u00eb trash\u00ebguara nga e kaluara, ne shkojm\u00eb mbrapsht e jo p\u00ebrpara. E do koha t\u2019i b\u00ebjm\u00eb k\u00ebto ndryshime, me nd\u00ebrgjegj\u00ebsim dhe t\u00eb specialist\u00ebve n\u00eb universitete, po k\u00ebtu nj\u00eb rol t\u00eb ve\u00e7ant\u00eb duhet ta luajn\u00eb drejtuesit e departamenteve t\u00eb shkencave shoq\u00ebrore. N\u00eb k\u00ebt\u00eb v\u00ebshtrim duhet punuar shum\u00eb n\u00eb kualifikimin e tyre pasuniversitar, po dhe n\u00eb marrje t\u00eb gradave e titujve shkencor\u00eb. L\u00ebnd\u00ebve t\u00eb ndryshme t\u00eb etnokultur\u00ebs u duhet kushtuar vler\u00ebsimi i duhur, n\u00eb t\u00eb ve\u00e7antat dhe n\u00eb t\u00eb p\u00ebrgjithshmen e tyre.<\/p>\n<p>Gazeta Dita<\/p>\n","protected":false},"excerpt":{"rendered":"<p>Mark Tirta: &#8211; Akademia e Shkencave, bashk\u00eb me specialist\u00ebt e universiteteve, duhet t\u2019i ndaloj\u00eb sa m\u00eb par\u00eb k\u00ebto bat\u00ebrdi, n\u00eb m\u00ebsimdh\u00ebnie. P\u00ebr studiuesit e etnologjis\u00eb, folklorit dhe antropologjis\u00eb kulturore 5 shkurt \u00a02020 Dr. Prof. Akad. Mark Tirta Etnokultura shqiptare n\u00eb universitetet n\u00eb Shqip\u00ebri \u00ebsht\u00eb n\u00ebnvler\u00ebsuar s\u00eb tep\u00ebrmi n\u00eb l\u00ebnd\u00eb t\u00eb caktuara si n\u00eb etnologji, n\u00eb [&hellip;]<\/p>\n","protected":false},"author":9,"featured_media":31236,"comment_status":"open","ping_status":"open","sticky":false,"template":"","format":"standard","meta":{"jetpack_post_was_ever_published":false,"_jetpack_newsletter_access":"","_jetpack_dont_email_post_to_subs":false,"_jetpack_newsletter_tier_id":0,"_jetpack_memberships_contains_paywalled_content":false,"_jetpack_memberships_contains_paid_content":false,"footnotes":"","jetpack_publicize_message":"","jetpack_publicize_feature_enabled":true,"jetpack_social_post_already_shared":true,"jetpack_social_options":{"image_generator_settings":{"template":"highway","default_image_id":0,"font":"","enabled":false},"version":2}},"categories":[27,85,10],"tags":[],"class_list":["post-31235","post","type-post","status-publish","format-standard","has-post-thumbnail","hentry","category-blogu-i-udhetarit","category-histori","category-kultura"],"jetpack_publicize_connections":[],"jetpack_featured_media_url":"https:\/\/i0.wp.com\/www.shqiperia.com\/blog\/wp-content\/uploads\/2020\/02\/mark-tirta.jpg?fit=660%2C330&ssl=1","jetpack_sharing_enabled":true,"jetpack_shortlink":"https:\/\/wp.me\/p5Z6wp-87N","jetpack-related-posts":[{"id":103084,"url":"https:\/\/www.shqiperia.com\/blog\/ndahet-nga-jeta-akademiku-emin-riza-studiuesi-i-shquar-i-trashegimise-kulturore-shqiptare\/","url_meta":{"origin":31235,"position":0},"title":"Ndahet nga jeta akademiku Emin Riza, studiuesi i shquar i trash\u00ebgimis\u00eb kulturore shqiptare","author":"Kurt Farka","date":"July 22, 2026","format":false,"excerpt":"22 Korrik 2026 \u00cbsht\u00eb ndar\u00eb nga jeta n\u00eb mosh\u00ebn 89-vje\u00e7are akademik Emin Riza, nj\u00eb nga studiuesit m\u00eb t\u00eb njohur shqiptar\u00eb n\u00eb fush\u00ebn e trash\u00ebgimis\u00eb kulturore dhe arkitektur\u00ebs tradicionale. Akademia e Shkencave e Shqip\u00ebris\u00eb dhe Komisioni i P\u00ebrhersh\u00ebm i Trash\u00ebgimis\u00eb Kulturore shpreh\u00ebn ngush\u00ebllimet p\u00ebr familjen, t\u00eb af\u00ebrmit, komunitetin akademik dhe bashk\u00ebpun\u00ebtor\u00ebt\u2026","rel":"","context":"In &quot;Blogu i Udh\u00ebtarit&quot;","block_context":{"text":"Blogu i Udh\u00ebtarit","link":"https:\/\/www.shqiperia.com\/blog\/category\/blogu-i-udhetarit\/"},"img":{"alt_text":"","src":"https:\/\/i0.wp.com\/www.shqiperia.com\/blog\/wp-content\/uploads\/2026\/07\/Emin-Riza.webp?fit=900%2C500&ssl=1&resize=350%2C200","width":350,"height":200,"srcset":"https:\/\/i0.wp.com\/www.shqiperia.com\/blog\/wp-content\/uploads\/2026\/07\/Emin-Riza.webp?fit=900%2C500&ssl=1&resize=350%2C200 1x, https:\/\/i0.wp.com\/www.shqiperia.com\/blog\/wp-content\/uploads\/2026\/07\/Emin-Riza.webp?fit=900%2C500&ssl=1&resize=525%2C300 1.5x, https:\/\/i0.wp.com\/www.shqiperia.com\/blog\/wp-content\/uploads\/2026\/07\/Emin-Riza.webp?fit=900%2C500&ssl=1&resize=700%2C400 2x"},"classes":[]},{"id":105294,"url":"https:\/\/www.shqiperia.com\/blog\/ndahet-nga-jeta-ne-moshen-88-vjecare-akademiku-dhe-studiuesi-i-shquar-mark-tirta\/","url_meta":{"origin":31235,"position":1},"title":"Ndahet nga jeta n\u00eb mosh\u00ebn 88-vje\u00e7are akademiku dhe studiuesi i shquar Mark Tirta","author":"Kurt Farka","date":"August 27, 2026","format":false,"excerpt":"27 Gusht 2027 U nda sot nga jeta akademik emeritus Mark Tirta, nj\u00eb prej studiuesve m\u00eb t\u00eb shquar t\u00eb etnologjis\u00eb dhe antropologjis\u00eb shqiptare, nj\u00eb personalitet i r\u00ebnd\u00ebsish\u00ebm i albanologjis\u00eb dhe nj\u00eb nga z\u00ebrat m\u00eb t\u00eb spikatur t\u00eb studimit t\u00eb trash\u00ebgimis\u00eb kulturore shqiptare. Me largimin e tij, shkenca dhe kultura shqiptare\u2026","rel":"","context":"In &quot;Blogu i Udh\u00ebtarit&quot;","block_context":{"text":"Blogu i Udh\u00ebtarit","link":"https:\/\/www.shqiperia.com\/blog\/category\/blogu-i-udhetarit\/"},"img":{"alt_text":"","src":"https:\/\/i0.wp.com\/www.shqiperia.com\/blog\/wp-content\/uploads\/2026\/08\/Capture-87.jpg?fit=847%2C611&ssl=1&resize=350%2C200","width":350,"height":200,"srcset":"https:\/\/i0.wp.com\/www.shqiperia.com\/blog\/wp-content\/uploads\/2026\/08\/Capture-87.jpg?fit=847%2C611&ssl=1&resize=350%2C200 1x, https:\/\/i0.wp.com\/www.shqiperia.com\/blog\/wp-content\/uploads\/2026\/08\/Capture-87.jpg?fit=847%2C611&ssl=1&resize=525%2C300 1.5x, https:\/\/i0.wp.com\/www.shqiperia.com\/blog\/wp-content\/uploads\/2026\/08\/Capture-87.jpg?fit=847%2C611&ssl=1&resize=700%2C400 2x"},"classes":[]},{"id":102413,"url":"https:\/\/www.shqiperia.com\/blog\/jaho-brahaj-se-pari-muze-te-trashegimise-dhe-artit-kombetar-me-vone-te-qyteterimit-islamik-2\/","url_meta":{"origin":31235,"position":2},"title":"Jaho Brahaj: &#8211; S\u00eb pari muze t\u00eb trash\u00ebgimis\u00eb dhe artit komb\u00ebtar, m\u00eb von\u00eb t\u00eb qytet\u00ebrimit islamik","author":"Kurt Farka","date":"July 9, 2026","format":false,"excerpt":"9 Korrik 2026 ... N\u00eb vitin 2023 me nism\u00ebn e Bashkis\u00eb Tiran\u00eb me parat\u00eb e taksapaguesve t\u00eb qytetar\u00ebve u ble Saraji i Toptan\u00ebve me destinacion Muze Etnografik i Tiran\u00ebs...- Edvin Rama po ja shet nje shoqate per Muze islamik.... Tirana nuk ka nj\u00eb muze etnografik, por mungesa e tij ka\u2026","rel":"","context":"In &quot;Arte&quot;","block_context":{"text":"Arte","link":"https:\/\/www.shqiperia.com\/blog\/category\/arte\/"},"img":{"alt_text":"","src":"https:\/\/i0.wp.com\/www.shqiperia.com\/blog\/wp-content\/uploads\/2026\/07\/Jaho-Brahaj.jpg?fit=610%2C436&ssl=1&resize=350%2C200","width":350,"height":200,"srcset":"https:\/\/i0.wp.com\/www.shqiperia.com\/blog\/wp-content\/uploads\/2026\/07\/Jaho-Brahaj.jpg?fit=610%2C436&ssl=1&resize=350%2C200 1x, https:\/\/i0.wp.com\/www.shqiperia.com\/blog\/wp-content\/uploads\/2026\/07\/Jaho-Brahaj.jpg?fit=610%2C436&ssl=1&resize=525%2C300 1.5x"},"classes":[]},{"id":104510,"url":"https:\/\/www.shqiperia.com\/blog\/denoncimi-i-alimehmetit-skandali-50-milione-euro-i-dializes\/","url_meta":{"origin":31235,"position":3},"title":"Denoncimi i Alimehmetit: &#8211; Skandali 50 milion\u00eb euro i dializ\u00ebs","author":"Kurt Farka","date":"August 15, 2026","format":false,"excerpt":"15 Gusht 2026 Mjeku Ilir Alimehmeti ka ngritur akuza t\u00eb forta p\u00ebr sh\u00ebrbimin e dializ\u00ebs n\u00eb Shqip\u00ebri, duke e cil\u00ebsuar si nj\u00eb skandal me vler\u00eb rreth 50 milion\u00eb euro dhe duke akuzuar qeverin\u00eb se po p\u00ebrgatit tenderin e radh\u00ebs p\u00ebr k\u00ebt\u00eb sh\u00ebrbim. N\u00eb nj\u00eb deklarat\u00eb nga selia blu, Alimehmeti thot\u00eb\u2026","rel":"","context":"In &quot;Blogu i Udh\u00ebtarit&quot;","block_context":{"text":"Blogu i Udh\u00ebtarit","link":"https:\/\/www.shqiperia.com\/blog\/category\/blogu-i-udhetarit\/"},"img":{"alt_text":"","src":"https:\/\/i0.wp.com\/www.shqiperia.com\/blog\/wp-content\/uploads\/2026\/08\/WhatsApp-Image-2026-08-15-at-14.28.15-1536x1025-1.jpeg?fit=1200%2C801&ssl=1&resize=350%2C200","width":350,"height":200,"srcset":"https:\/\/i0.wp.com\/www.shqiperia.com\/blog\/wp-content\/uploads\/2026\/08\/WhatsApp-Image-2026-08-15-at-14.28.15-1536x1025-1.jpeg?fit=1200%2C801&ssl=1&resize=350%2C200 1x, https:\/\/i0.wp.com\/www.shqiperia.com\/blog\/wp-content\/uploads\/2026\/08\/WhatsApp-Image-2026-08-15-at-14.28.15-1536x1025-1.jpeg?fit=1200%2C801&ssl=1&resize=525%2C300 1.5x, https:\/\/i0.wp.com\/www.shqiperia.com\/blog\/wp-content\/uploads\/2026\/08\/WhatsApp-Image-2026-08-15-at-14.28.15-1536x1025-1.jpeg?fit=1200%2C801&ssl=1&resize=700%2C400 2x, https:\/\/i0.wp.com\/www.shqiperia.com\/blog\/wp-content\/uploads\/2026\/08\/WhatsApp-Image-2026-08-15-at-14.28.15-1536x1025-1.jpeg?fit=1200%2C801&ssl=1&resize=1050%2C600 3x"},"classes":[]},{"id":104393,"url":"https:\/\/www.shqiperia.com\/blog\/ja-si-blendi-gonxhe-shkaterroi-zonat-arkeologjike-legalizoi-156-ndertime-pa-leje-pas-nisjes-se-punimeve-dalin\/","url_meta":{"origin":31235,"position":4},"title":"Ja si Blendi Gonxhe shkat\u00ebrroi zonat arkeologjike, legalizoi 156 nd\u00ebrtime pa leje pas nisjes s\u00eb punimeve, dalin\u2026","author":"Kurt Farka","date":"August 14, 2026","format":false,"excerpt":"14 Gusht 2026 Endri Haxhiu shfaqet prej vitesh pran\u00eb Blendi Gonxhes, duke e ndjekur at\u00eb n\u00eb disa prej posteve m\u00eb t\u00eb r\u00ebnd\u00ebsishme q\u00eb ka mbajtur. Nga Drejtoria e P\u00ebrgjithshme e Sh\u00ebrbimeve t\u00eb Transportit Rrugor, te Ministria e Kultur\u00ebs, Haxhiu ka vijuar t\u00eb jet\u00eb pjes\u00eb e strukturave ku ka ushtruar detyr\u00ebn\u2026","rel":"","context":"In &quot;Blogu i Udh\u00ebtarit&quot;","block_context":{"text":"Blogu i Udh\u00ebtarit","link":"https:\/\/www.shqiperia.com\/blog\/category\/blogu-i-udhetarit\/"},"img":{"alt_text":"","src":"https:\/\/i0.wp.com\/www.shqiperia.com\/blog\/wp-content\/uploads\/2026\/08\/hkhhhkhh-2.jpg?fit=516%2C400&ssl=1&resize=350%2C200","width":350,"height":200},"classes":[]},{"id":105589,"url":"https:\/\/www.shqiperia.com\/blog\/cunami-politik-ne-tirane-grid-rroji-zbulon-planin-sekret-te-qeverise-per-te-inskenuar-trazira-ne-proteste-ja-si-po-pergatitet-perplasja-e-madhe\/","url_meta":{"origin":31235,"position":5},"title":"Cunami politik n\u00eb Tiran\u00eb, Grid Rroji zbulon planin sekret t\u00eb qeveris\u00eb p\u00ebr t\u00eb inskenuar trazira n\u00eb protest\u00eb, ja si po p\u00ebrgatitet p\u00ebrplasja e madhe","author":"Kurt Farka","date":"August 31, 2026","format":false,"excerpt":"31 Gusht 2026 Grid Rroji, pedagog i shkencave politike n\u00eb universitetin CUNY-New York n\u00eb Shtetet e Bashkuara t\u00eb Amerik\u00ebs (SHBA) ka paralajm\u00ebruar opinionin publik se kasta politike n\u00eb pushtet po zbaton skenar\u00eb t\u00eb rreziksh\u00ebm p\u00ebr t\u00eb mbajtur kontrollin e vendit dhe p\u00ebr t\u00eb shp\u00ebrqendruar v\u00ebmendjen nga skandalet e m\u00ebdha. Sipas\u2026","rel":"","context":"In &quot;Blogu i Udh\u00ebtarit&quot;","block_context":{"text":"Blogu i Udh\u00ebtarit","link":"https:\/\/www.shqiperia.com\/blog\/category\/blogu-i-udhetarit\/"},"img":{"alt_text":"","src":"https:\/\/i0.wp.com\/www.shqiperia.com\/blog\/wp-content\/uploads\/2026\/08\/800-0-foto-5-6a9539341ab63.jpg?fit=800%2C506&ssl=1&resize=350%2C200","width":350,"height":200,"srcset":"https:\/\/i0.wp.com\/www.shqiperia.com\/blog\/wp-content\/uploads\/2026\/08\/800-0-foto-5-6a9539341ab63.jpg?fit=800%2C506&ssl=1&resize=350%2C200 1x, https:\/\/i0.wp.com\/www.shqiperia.com\/blog\/wp-content\/uploads\/2026\/08\/800-0-foto-5-6a9539341ab63.jpg?fit=800%2C506&ssl=1&resize=525%2C300 1.5x, https:\/\/i0.wp.com\/www.shqiperia.com\/blog\/wp-content\/uploads\/2026\/08\/800-0-foto-5-6a9539341ab63.jpg?fit=800%2C506&ssl=1&resize=700%2C400 2x"},"classes":[]}],"_links":{"self":[{"href":"https:\/\/www.shqiperia.com\/blog\/wp-json\/wp\/v2\/posts\/31235","targetHints":{"allow":["GET"]}}],"collection":[{"href":"https:\/\/www.shqiperia.com\/blog\/wp-json\/wp\/v2\/posts"}],"about":[{"href":"https:\/\/www.shqiperia.com\/blog\/wp-json\/wp\/v2\/types\/post"}],"author":[{"embeddable":true,"href":"https:\/\/www.shqiperia.com\/blog\/wp-json\/wp\/v2\/users\/9"}],"replies":[{"embeddable":true,"href":"https:\/\/www.shqiperia.com\/blog\/wp-json\/wp\/v2\/comments?post=31235"}],"version-history":[{"count":1,"href":"https:\/\/www.shqiperia.com\/blog\/wp-json\/wp\/v2\/posts\/31235\/revisions"}],"predecessor-version":[{"id":31238,"href":"https:\/\/www.shqiperia.com\/blog\/wp-json\/wp\/v2\/posts\/31235\/revisions\/31238"}],"wp:featuredmedia":[{"embeddable":true,"href":"https:\/\/www.shqiperia.com\/blog\/wp-json\/wp\/v2\/media\/31236"}],"wp:attachment":[{"href":"https:\/\/www.shqiperia.com\/blog\/wp-json\/wp\/v2\/media?parent=31235"}],"wp:term":[{"taxonomy":"category","embeddable":true,"href":"https:\/\/www.shqiperia.com\/blog\/wp-json\/wp\/v2\/categories?post=31235"},{"taxonomy":"post_tag","embeddable":true,"href":"https:\/\/www.shqiperia.com\/blog\/wp-json\/wp\/v2\/tags?post=31235"}],"curies":[{"name":"wp","href":"https:\/\/api.w.org\/{rel}","templated":true}]}}