{"id":31139,"date":"2020-02-05T13:28:01","date_gmt":"2020-02-05T13:28:01","guid":{"rendered":"https:\/\/www.shqiperia.com\/blog\/?p=31139"},"modified":"2020-02-07T17:36:54","modified_gmt":"2020-02-07T17:36:54","slug":"e-trualli-ateror-fshatin-e-turizmit-rural-po-e-kercnon-kucedrkush-po-na-perze-nga-toka-dha","status":"publish","type":"post","link":"https:\/\/www.shqiperia.com\/blog\/e-trualli-ateror-fshatin-e-turizmit-rural-po-e-kercnon-kucedrkush-po-na-perze-nga-toka-dha\/","title":{"rendered":"Kush po na perze nga toka dhe trualli ateror!  Fshatin e Turizmit Rural po e kercnon kucedra."},"content":{"rendered":"<p><img data-recalc-dims=\"1\" loading=\"lazy\" decoding=\"async\" data-attachment-id=\"31141\" data-permalink=\"https:\/\/www.shqiperia.com\/blog\/e-trualli-ateror-fshatin-e-turizmit-rural-po-e-kercnon-kucedrkush-po-na-perze-nga-toka-dha\/idris-suli-i-zhulatit\/\" data-orig-file=\"https:\/\/i0.wp.com\/www.shqiperia.com\/blog\/wp-content\/uploads\/2020\/02\/Idris-Suli-i-Zhulatit.jpg?fit=703%2C368&amp;ssl=1\" data-orig-size=\"703,368\" data-comments-opened=\"1\" data-image-meta=\"{&quot;aperture&quot;:&quot;0&quot;,&quot;credit&quot;:&quot;&quot;,&quot;camera&quot;:&quot;&quot;,&quot;caption&quot;:&quot;&quot;,&quot;created_timestamp&quot;:&quot;0&quot;,&quot;copyright&quot;:&quot;&quot;,&quot;focal_length&quot;:&quot;0&quot;,&quot;iso&quot;:&quot;0&quot;,&quot;shutter_speed&quot;:&quot;0&quot;,&quot;title&quot;:&quot;&quot;,&quot;orientation&quot;:&quot;0&quot;}\" data-image-title=\"Idris Suli i Zhulatit\" data-image-description=\"\" data-image-caption=\"\" data-medium-file=\"https:\/\/i0.wp.com\/www.shqiperia.com\/blog\/wp-content\/uploads\/2020\/02\/Idris-Suli-i-Zhulatit.jpg?fit=300%2C157&amp;ssl=1\" data-large-file=\"https:\/\/i0.wp.com\/www.shqiperia.com\/blog\/wp-content\/uploads\/2020\/02\/Idris-Suli-i-Zhulatit.jpg?fit=703%2C368&amp;ssl=1\" class=\"alignnone wp-image-31141\" alt=\"\" src=\"https:\/\/i0.wp.com\/www.shqiperia.com\/blog\/wp-content\/uploads\/2020\/02\/Idris-Suli-i-Zhulatit.jpg?resize=615%2C324&#038;ssl=1\" width=\"615\" height=\"324\" srcset=\"https:\/\/i0.wp.com\/www.shqiperia.com\/blog\/wp-content\/uploads\/2020\/02\/Idris-Suli-i-Zhulatit.jpg?resize=300%2C157&amp;ssl=1 300w, https:\/\/i0.wp.com\/www.shqiperia.com\/blog\/wp-content\/uploads\/2020\/02\/Idris-Suli-i-Zhulatit.jpg?resize=450%2C236&amp;ssl=1 450w\" sizes=\"auto, (max-width: 615px) 100vw, 615px\" \/>.<\/p>\n<p>Kush po na perze nga toka dhe trualli ateror!<\/p>\n<p>Fshatin e Turizmit Rural po e kercnon kucedra.<\/p>\n<p>Zhulatit te Historise, te Papa Zhulit dhe Idris Sulit, te keshtjelles Mesjetare dhe te vendbanimeve dhe pikave arkeologjike te prehistorise e te periudhave te tjera, te pa germuara dhe studiuara, te rrugeve antike qe kane jehone me Jul Qezarin, e ne vazhdimesi, te lidhjes se Bregdetit me zonat e brendshme, fshatin e bukurive natyrore dhe te peisazhit, te blegetoreve dhe te staneve qe vazhdojne te jetojne, do e bllokoje Kucedra.<\/p>\n<p>Ku e gjeten kete bukuri qe edhe ne planin e qeverise eshte nje nga 100 fshatrat turistike te ja falin dreqit (djallit) dhe shkaterrojne me Hecet, qe jane bere gangrene dhe shkaterrim i natyres dhe burimeve jetesore\u00a0 e turistike .<\/p>\n<p>Bashkia Gjirokaster po bashatiset ne menyre te frikshme nga banoret e saje, nje nga fshatrat qe mbahet me blegtori e turizem Zhulati, po i vihet ferra.<\/p>\n<p>A mendohet qe te kete gjallese (jete) ne keto vendbanime apo per hire te Kucedres Hec \u00a0te boshatiset vendi nga popullsia.<\/p>\n<p>Sot shoqatat dhe institucionet qe kane detyrim te ruajne pasurine dhe jetesen ne kete truall duhet te thone fjalen e tyre.<\/p>\n<p>Kush po na perze nga toka dhe trualli ateror!<\/p>\n<p>Shenim nga J. Brahaj.<\/p>\n","protected":false},"excerpt":{"rendered":"<p>. Kush po na perze nga toka dhe trualli ateror! Fshatin e Turizmit Rural po e kercnon kucedra. Zhulatit te Historise, te Papa Zhulit dhe Idris Sulit, te keshtjelles Mesjetare dhe te vendbanimeve dhe pikave arkeologjike te prehistorise e te periudhave te tjera, te pa germuara dhe studiuara, te rrugeve antike qe kane jehone me [&hellip;]<\/p>\n","protected":false},"author":9,"featured_media":31140,"comment_status":"open","ping_status":"open","sticky":false,"template":"","format":"standard","meta":{"jetpack_post_was_ever_published":false,"_jetpack_newsletter_access":"","_jetpack_dont_email_post_to_subs":false,"_jetpack_newsletter_tier_id":0,"_jetpack_memberships_contains_paywalled_content":false,"_jetpack_memberships_contains_paid_content":false,"footnotes":"","jetpack_publicize_message":"","jetpack_publicize_feature_enabled":true,"jetpack_social_post_already_shared":true,"jetpack_social_options":{"image_generator_settings":{"template":"highway","default_image_id":0,"font":"","enabled":false},"version":2}},"categories":[27,35],"tags":[],"class_list":["post-31139","post","type-post","status-publish","format-standard","has-post-thumbnail","hentry","category-blogu-i-udhetarit","category-shoqerore"],"jetpack_publicize_connections":[],"jetpack_featured_media_url":"https:\/\/i0.wp.com\/www.shqiperia.com\/blog\/wp-content\/uploads\/2020\/02\/38085914_1798154323607671_6775326074969522176_n.jpg?fit=703%2C368&ssl=1","jetpack_sharing_enabled":true,"jetpack_shortlink":"https:\/\/wp.me\/p5Z6wp-86f","jetpack-related-posts":[{"id":97224,"url":"https:\/\/www.shqiperia.com\/blog\/instagrami-detyron-fshatin-italian-te-vendose-kufizime-per-turistet-e-kishes-ikonike\/","url_meta":{"origin":31139,"position":0},"title":"Instagrami detyron fshatin italian t\u00eb vendos\u00eb kufizime p\u00ebr turist\u00ebt e kish\u00ebs ikonike","author":"Kurt Farka","date":"February 1, 2026","format":false,"excerpt":"1 Shkurt 2026 Fshati Villnoss n\u00eb veri t\u00eb Italis\u00eb po vendos kufizime t\u00eb reja p\u00ebr aksesin drejt kish\u00ebs s\u00eb famshme Santa Maddalena, pas rritjes s\u00eb madhe t\u00eb turist\u00ebve t\u00eb nxitur nga Instagrami dhe TikToku.\u00a0 Nga muaji maj, vet\u00ebm banor\u00ebt dhe vizitor\u00ebt q\u00eb q\u00ebndrojn\u00eb t\u00eb pakt\u00ebn nj\u00eb nat\u00eb do t\u00eb lejohen\u2026","rel":"","context":"In &quot;Blogu i Udh\u00ebtarit&quot;","block_context":{"text":"Blogu i Udh\u00ebtarit","link":"https:\/\/www.shqiperia.com\/blog\/category\/blogu-i-udhetarit\/"},"img":{"alt_text":"","src":"https:\/\/i0.wp.com\/www.shqiperia.com\/blog\/wp-content\/uploads\/2026\/02\/kisha.jpg?fit=1167%2C757&ssl=1&resize=350%2C200","width":350,"height":200,"srcset":"https:\/\/i0.wp.com\/www.shqiperia.com\/blog\/wp-content\/uploads\/2026\/02\/kisha.jpg?fit=1167%2C757&ssl=1&resize=350%2C200 1x, https:\/\/i0.wp.com\/www.shqiperia.com\/blog\/wp-content\/uploads\/2026\/02\/kisha.jpg?fit=1167%2C757&ssl=1&resize=525%2C300 1.5x, https:\/\/i0.wp.com\/www.shqiperia.com\/blog\/wp-content\/uploads\/2026\/02\/kisha.jpg?fit=1167%2C757&ssl=1&resize=700%2C400 2x, https:\/\/i0.wp.com\/www.shqiperia.com\/blog\/wp-content\/uploads\/2026\/02\/kisha.jpg?fit=1167%2C757&ssl=1&resize=1050%2C600 3x"},"classes":[]},{"id":7262,"url":"https:\/\/www.shqiperia.com\/blog\/holandezet-projekt-per-te-shnderruar-nivicen-ne-nje-fshat-turistik\/","url_meta":{"origin":31139,"position":1},"title":"Holandez\u00ebt, projekt p\u00ebr t\u00eb shnd\u00ebrruar Nivic\u00ebn n\u00eb nj\u00eb fshat turistik. &#8211;","author":"Kurt Farka","date":"May 9, 2018","format":false,"excerpt":"Holandez\u00ebt, projekt p\u00ebr t\u00eb shnd\u00ebrruar Nivic\u00ebn n\u00eb nj\u00eb fshat turistik Nj\u00eb ekip holandez i p\u00ebrb\u00ebr\u00eb nga arkitekt\u00eb t\u00eb peizazheve, urbanist\u00eb, muzeolog\u00eb dhe botanist\u00eb nga universitete t\u00eb Amsterdamit dhe Groningenit jan\u00eb duke hartuar nj\u00eb plan urbanistik t\u00eb fshatit Nivic\u00eb n\u00eb Kurvelesh, p\u00ebr ta shnd\u00ebrruar at\u00eb n\u00eb nj\u00eb prej fshatrave t\u00eb par\u00eb\u2026","rel":"","context":"In &quot;Blogu i Udh\u00ebtarit&quot;","block_context":{"text":"Blogu i Udh\u00ebtarit","link":"https:\/\/www.shqiperia.com\/blog\/category\/blogu-i-udhetarit\/"},"img":{"alt_text":"","src":"https:\/\/i0.wp.com\/www.shqiperia.com\/blog\/wp-content\/uploads\/2018\/05\/Nivica-Projekti-turistik-hollandez-3.jpg?fit=905%2C395&ssl=1&resize=350%2C200","width":350,"height":200,"srcset":"https:\/\/i0.wp.com\/www.shqiperia.com\/blog\/wp-content\/uploads\/2018\/05\/Nivica-Projekti-turistik-hollandez-3.jpg?fit=905%2C395&ssl=1&resize=350%2C200 1x, https:\/\/i0.wp.com\/www.shqiperia.com\/blog\/wp-content\/uploads\/2018\/05\/Nivica-Projekti-turistik-hollandez-3.jpg?fit=905%2C395&ssl=1&resize=525%2C300 1.5x, https:\/\/i0.wp.com\/www.shqiperia.com\/blog\/wp-content\/uploads\/2018\/05\/Nivica-Projekti-turistik-hollandez-3.jpg?fit=905%2C395&ssl=1&resize=700%2C400 2x"},"classes":[]},{"id":62073,"url":"https:\/\/www.shqiperia.com\/blog\/largimi-i-te-rinjve-nga-shqiperia-pengon-zhvillimin-e-turizmit-ne-rritje\/","url_meta":{"origin":31139,"position":2},"title":"Largimi i t\u00eb rinjve nga Shqip\u00ebria pengon zhvillimin e turizmit n\u00eb rritje","author":"Kurt Farka","date":"September 11, 2022","format":false,"excerpt":"10 Shtator 2022 Nj\u00ebsit\u00eb e sh\u00ebrbimeve n\u00eb disa zona turistike n\u00eb Shqip\u00ebri po p\u00ebrballen me v\u00ebshtir\u00ebsi p\u00ebr t\u00eb gjetur pun\u00ebtor\u00eb sezonal\u00eb si rezultat i nivelit t\u00eb lart\u00eb t\u00eb emigrimit t\u00eb t\u00eb rinjve. Qarku i Gjirokastr\u00ebs mbetet nga zonat m\u00eb t\u00eb prekura nga mungesa e fuqise pun\u00ebtore nd\u00ebrsa turizmi \u00ebsht\u00eb gjithnj\u00eb\u2026","rel":"","context":"In &quot;Blogu i Udh\u00ebtarit&quot;","block_context":{"text":"Blogu i Udh\u00ebtarit","link":"https:\/\/www.shqiperia.com\/blog\/category\/blogu-i-udhetarit\/"},"img":{"alt_text":"","src":"https:\/\/i0.wp.com\/www.shqiperia.com\/blog\/wp-content\/uploads\/2022\/09\/640-0-631ce35b35bfb.jpg?fit=640%2C387&ssl=1&resize=350%2C200","width":350,"height":200,"srcset":"https:\/\/i0.wp.com\/www.shqiperia.com\/blog\/wp-content\/uploads\/2022\/09\/640-0-631ce35b35bfb.jpg?fit=640%2C387&ssl=1&resize=350%2C200 1x, https:\/\/i0.wp.com\/www.shqiperia.com\/blog\/wp-content\/uploads\/2022\/09\/640-0-631ce35b35bfb.jpg?fit=640%2C387&ssl=1&resize=525%2C300 1.5x"},"classes":[]},{"id":37670,"url":"https:\/\/www.shqiperia.com\/blog\/kush-po-i-perze-shqiptaret-nga-vendi\/","url_meta":{"origin":31139,"position":3},"title":"Kush po i p\u00ebrze shqiptar\u00ebt nga vendi!","author":"Kurt Farka","date":"August 25, 2020","format":false,"excerpt":"Kush po i p\u00ebrze shqiptar\u00ebt nga vendi! 25 Gusht 2020 Nga Andi Bushati Nj\u00eb artikull alarmant i \u201cThe Economist\u201d p\u00ebr shpopullimin dhe plakjen e Shqip\u00ebris\u00eb, ka ndezur n\u00eb vend debatin m\u00eb meskin dhe sip\u00ebrfaq\u00ebsor q\u00eb mund t\u00eb imagjinohej. Kund\u00ebrshtar\u00ebt e Edi Ram\u00ebs, argumentojn\u00eb se ardhja e rilindjes n\u00eb pushtet ka\u2026","rel":"","context":"In &quot;Blogu i Udh\u00ebtarit&quot;","block_context":{"text":"Blogu i Udh\u00ebtarit","link":"https:\/\/www.shqiperia.com\/blog\/category\/blogu-i-udhetarit\/"},"img":{"alt_text":"","src":"https:\/\/i0.wp.com\/www.shqiperia.com\/blog\/wp-content\/uploads\/2020\/08\/800-0-5ec3e8225a5aa.jpg?fit=800%2C440&ssl=1&resize=350%2C200","width":350,"height":200,"srcset":"https:\/\/i0.wp.com\/www.shqiperia.com\/blog\/wp-content\/uploads\/2020\/08\/800-0-5ec3e8225a5aa.jpg?fit=800%2C440&ssl=1&resize=350%2C200 1x, https:\/\/i0.wp.com\/www.shqiperia.com\/blog\/wp-content\/uploads\/2020\/08\/800-0-5ec3e8225a5aa.jpg?fit=800%2C440&ssl=1&resize=525%2C300 1.5x, https:\/\/i0.wp.com\/www.shqiperia.com\/blog\/wp-content\/uploads\/2020\/08\/800-0-5ec3e8225a5aa.jpg?fit=800%2C440&ssl=1&resize=700%2C400 2x"},"classes":[]},{"id":94571,"url":"https:\/\/www.shqiperia.com\/blog\/ne-fshatin-shegas-te-lushnjes-fuqia-e-vetme-punetore-eshte-mosha-e-trete\/","url_meta":{"origin":31139,"position":4},"title":"N\u00eb fshatin Shegas t\u00eb Lushnj\u00ebs fuqia e vetme pun\u00ebtore \u00ebsht\u00eb mosha e tret\u00eb","author":"Kurt Farka","date":"November 2, 2025","format":false,"excerpt":"2 Nentor 2025 Ata jan\u00eb pensionist\u00eb, por pun\u00ebn nuk e kan\u00eb ndaluar p\u00ebrtej mosh\u00ebs s\u00eb pleq\u00ebris\u00eb. Momentalisht, mosha e tret\u00eb \u00ebsht\u00eb i vetmi krah\u00eb pune n\u00eb fshatin Shegas t\u00eb Lushnj\u00ebs. Bujq\u00ebsia \u00ebsht\u00eb sektori jetik i tyre. Largimi i brezit t\u00eb ri n\u00eb emigrim, ia la barr\u00ebn e pun\u00ebs t\u00eb gjith\u00eb\u2026","rel":"","context":"In &quot;Blogu i Udh\u00ebtarit&quot;","block_context":{"text":"Blogu i Udh\u00ebtarit","link":"https:\/\/www.shqiperia.com\/blog\/category\/blogu-i-udhetarit\/"},"img":{"alt_text":"","src":"https:\/\/i0.wp.com\/www.shqiperia.com\/blog\/wp-content\/uploads\/2025\/11\/Untitled-design-4-1.jpg?fit=1168%2C656&ssl=1&resize=350%2C200","width":350,"height":200,"srcset":"https:\/\/i0.wp.com\/www.shqiperia.com\/blog\/wp-content\/uploads\/2025\/11\/Untitled-design-4-1.jpg?fit=1168%2C656&ssl=1&resize=350%2C200 1x, https:\/\/i0.wp.com\/www.shqiperia.com\/blog\/wp-content\/uploads\/2025\/11\/Untitled-design-4-1.jpg?fit=1168%2C656&ssl=1&resize=525%2C300 1.5x, https:\/\/i0.wp.com\/www.shqiperia.com\/blog\/wp-content\/uploads\/2025\/11\/Untitled-design-4-1.jpg?fit=1168%2C656&ssl=1&resize=700%2C400 2x, https:\/\/i0.wp.com\/www.shqiperia.com\/blog\/wp-content\/uploads\/2025\/11\/Untitled-design-4-1.jpg?fit=1168%2C656&ssl=1&resize=1050%2C600 3x"},"classes":[]},{"id":13563,"url":"https:\/\/www.shqiperia.com\/blog\/e-verteta-qe-buron-nga-trashegimia-kulturore-e-mbi-dhe-nentokes-vushtri-kosove\/","url_meta":{"origin":31139,"position":5},"title":"E v\u00ebrteta q\u00eb buron nga trash\u00ebgimia kulturore e mbi dhe n\u00ebntok\u00ebs. \u2013Vushtri, Kosove.-","author":"Kurt Farka","date":"November 10, 2018","format":false,"excerpt":"E v\u00ebrteta q\u00eb buron nga trash\u00ebgimia kulturore e mbi dhe n\u00ebntok\u00ebs. \u2013Vushtri, Kosove.- \u00a0 Shtepite e lana bosh, gjenden mjaft sht\u00ebpi te lena bosh, dhe gur\u00ebt i kan\u00eb me mbishkrime apo edhe me simbole q\u00eb konsiderohen si kulte ilire Koha dhe hap\u00ebsira gjith\u00ebher\u00eb kan\u00eb luajtur me ne shqiptar\u00ebt. Jo gjith\u00ebher\u00eb\u2026","rel":"","context":"In &quot;Histori&quot;","block_context":{"text":"Histori","link":"https:\/\/www.shqiperia.com\/blog\/category\/histori\/"},"img":{"alt_text":"","src":"https:\/\/i0.wp.com\/www.shqiperia.com\/blog\/wp-content\/uploads\/2018\/11\/ham-1.jpg?fit=718%2C332&ssl=1&resize=350%2C200","width":350,"height":200,"srcset":"https:\/\/i0.wp.com\/www.shqiperia.com\/blog\/wp-content\/uploads\/2018\/11\/ham-1.jpg?fit=718%2C332&ssl=1&resize=350%2C200 1x, https:\/\/i0.wp.com\/www.shqiperia.com\/blog\/wp-content\/uploads\/2018\/11\/ham-1.jpg?fit=718%2C332&ssl=1&resize=525%2C300 1.5x, https:\/\/i0.wp.com\/www.shqiperia.com\/blog\/wp-content\/uploads\/2018\/11\/ham-1.jpg?fit=718%2C332&ssl=1&resize=700%2C400 2x"},"classes":[]}],"_links":{"self":[{"href":"https:\/\/www.shqiperia.com\/blog\/wp-json\/wp\/v2\/posts\/31139","targetHints":{"allow":["GET"]}}],"collection":[{"href":"https:\/\/www.shqiperia.com\/blog\/wp-json\/wp\/v2\/posts"}],"about":[{"href":"https:\/\/www.shqiperia.com\/blog\/wp-json\/wp\/v2\/types\/post"}],"author":[{"embeddable":true,"href":"https:\/\/www.shqiperia.com\/blog\/wp-json\/wp\/v2\/users\/9"}],"replies":[{"embeddable":true,"href":"https:\/\/www.shqiperia.com\/blog\/wp-json\/wp\/v2\/comments?post=31139"}],"version-history":[{"count":7,"href":"https:\/\/www.shqiperia.com\/blog\/wp-json\/wp\/v2\/posts\/31139\/revisions"}],"predecessor-version":[{"id":31248,"href":"https:\/\/www.shqiperia.com\/blog\/wp-json\/wp\/v2\/posts\/31139\/revisions\/31248"}],"wp:featuredmedia":[{"embeddable":true,"href":"https:\/\/www.shqiperia.com\/blog\/wp-json\/wp\/v2\/media\/31140"}],"wp:attachment":[{"href":"https:\/\/www.shqiperia.com\/blog\/wp-json\/wp\/v2\/media?parent=31139"}],"wp:term":[{"taxonomy":"category","embeddable":true,"href":"https:\/\/www.shqiperia.com\/blog\/wp-json\/wp\/v2\/categories?post=31139"},{"taxonomy":"post_tag","embeddable":true,"href":"https:\/\/www.shqiperia.com\/blog\/wp-json\/wp\/v2\/tags?post=31139"}],"curies":[{"name":"wp","href":"https:\/\/api.w.org\/{rel}","templated":true}]}}