{"id":31131,"date":"2020-02-05T12:48:22","date_gmt":"2020-02-05T12:48:22","guid":{"rendered":"https:\/\/www.shqiperia.com\/blog\/?p=31131"},"modified":"2020-02-05T12:48:48","modified_gmt":"2020-02-05T12:48:48","slug":"alarmi-komiteti-i-shpetimit-te-flores-faunes-dhe-trashegimise-kulturore-zhulat","status":"publish","type":"post","link":"https:\/\/www.shqiperia.com\/blog\/alarmi-komiteti-i-shpetimit-te-flores-faunes-dhe-trashegimise-kulturore-zhulat\/","title":{"rendered":"Alarmi: Komiteti i Shpetimit te Flores, Faunes dhe Trashegimise Kulturore Zhulat"},"content":{"rendered":"<p><img data-recalc-dims=\"1\" loading=\"lazy\" decoding=\"async\" data-attachment-id=\"31132\" data-permalink=\"https:\/\/www.shqiperia.com\/blog\/alarmi-komiteti-i-shpetimit-te-flores-faunes-dhe-trashegimise-kulturore-zhulat\/46733_156132254397729_4044258_n\/\" data-orig-file=\"https:\/\/i0.wp.com\/www.shqiperia.com\/blog\/wp-content\/uploads\/2020\/02\/46733_156132254397729_4044258_n.jpg?fit=720%2C395&amp;ssl=1\" data-orig-size=\"720,395\" data-comments-opened=\"1\" data-image-meta=\"{&quot;aperture&quot;:&quot;0&quot;,&quot;credit&quot;:&quot;&quot;,&quot;camera&quot;:&quot;&quot;,&quot;caption&quot;:&quot;&quot;,&quot;created_timestamp&quot;:&quot;0&quot;,&quot;copyright&quot;:&quot;&quot;,&quot;focal_length&quot;:&quot;0&quot;,&quot;iso&quot;:&quot;0&quot;,&quot;shutter_speed&quot;:&quot;0&quot;,&quot;title&quot;:&quot;&quot;,&quot;orientation&quot;:&quot;0&quot;}\" data-image-title=\"Lumi Zhulat\" data-image-description=\"\" data-image-caption=\"\" data-medium-file=\"https:\/\/i0.wp.com\/www.shqiperia.com\/blog\/wp-content\/uploads\/2020\/02\/46733_156132254397729_4044258_n.jpg?fit=300%2C165&amp;ssl=1\" data-large-file=\"https:\/\/i0.wp.com\/www.shqiperia.com\/blog\/wp-content\/uploads\/2020\/02\/46733_156132254397729_4044258_n.jpg?fit=720%2C395&amp;ssl=1\" class=\"alignnone wp-image-31132\" alt=\"\" src=\"https:\/\/i0.wp.com\/www.shqiperia.com\/blog\/wp-content\/uploads\/2020\/02\/46733_156132254397729_4044258_n.jpg?resize=575%2C316&#038;ssl=1\" width=\"575\" height=\"316\" srcset=\"https:\/\/i0.wp.com\/www.shqiperia.com\/blog\/wp-content\/uploads\/2020\/02\/46733_156132254397729_4044258_n.jpg?resize=300%2C165&amp;ssl=1 300w, https:\/\/i0.wp.com\/www.shqiperia.com\/blog\/wp-content\/uploads\/2020\/02\/46733_156132254397729_4044258_n.jpg?resize=450%2C247&amp;ssl=1 450w, https:\/\/i0.wp.com\/www.shqiperia.com\/blog\/wp-content\/uploads\/2020\/02\/46733_156132254397729_4044258_n.jpg?resize=600%2C329&amp;ssl=1 600w, https:\/\/i0.wp.com\/www.shqiperia.com\/blog\/wp-content\/uploads\/2020\/02\/46733_156132254397729_4044258_n.jpg?resize=400%2C219&amp;ssl=1 400w, https:\/\/i0.wp.com\/www.shqiperia.com\/blog\/wp-content\/uploads\/2020\/02\/46733_156132254397729_4044258_n.jpg?w=720&amp;ssl=1 720w\" sizes=\"auto, (max-width: 575px) 100vw, 575px\" \/><\/p>\n<p style=\"background: white;margin: 0in 0in 4.5pt 0in\"><span style=\"font-size: 10.5pt;font-family: 'Helvetica','sans-serif';color: #1d2129\">Alarmi: Komiteti i Shpetimit te Flores, Faunes dhe Trashegimise Kulturore Zhulat<\/span><\/p>\n<p style=\"background: white;margin: 0in 0in 4.5pt 0in\"><span style=\"font-size: 10.5pt;font-family: 'Helvetica','sans-serif';color: #1d2129\">\u00a0<\/span><\/p>\n<p style=\"background: white;margin: 0in 0in 4.5pt 0in\"><span style=\"font-size: 10.5pt;font-family: 'Helvetica','sans-serif';color: #1d2129\">Komiteti i Shpetimit te Flores, Faunes dhe Trashegimise Kulturore Zhulat ,<br \/>\nVendosi:<br \/>\nTe ndalohet ne menyre kategorike cdo lloj projekti vrases per kete Fshat me historik te sterlashte, me nje qellim terrorist gati, per te ndertuar nje HEC me ujin e dy lumenjve qe rrethojne Zhulatin.<\/span><\/p>\n<p style=\"background: white;text-align: start;margin: 4.5pt 0in 4.5pt 0in\"><span style=\"font-size: 10.5pt;font-family: 'Helvetica','sans-serif';color: #1d2129\">1, Zhulati eshte nje fshat qe fillon qe me Neanderthalet, kjo rrace humanoide rrinte ne shpella dhe prane lumenjeve ne vere, ,keta u vendosen jo larg lumit e joshe , lumi i Zhulatit ne foto, ne Guret e Kanes, per kete arsye Profesor Xhufi ka ardhur i ka pare nga afer ato pak varre te tyre.<br \/>\nPara 10 mije vitesh u zhduk kjo rrace dhe vjen Homo Sapiens, neve dmth, nje rrace qe punon ne grupime te medha dhe me tru abstrakt dhe manipulatore, perdori gurin si arme lufte ,drurin gje qe kjo rrace nuk e bente.<\/span><\/p>\n<div id=\"attachment_31133\" style=\"width: 598px\" class=\"wp-caption alignnone\"><img data-recalc-dims=\"1\" loading=\"lazy\" decoding=\"async\" aria-describedby=\"caption-attachment-31133\" data-attachment-id=\"31133\" data-permalink=\"https:\/\/www.shqiperia.com\/blog\/alarmi-komiteti-i-shpetimit-te-flores-faunes-dhe-trashegimise-kulturore-zhulat\/lumi-i-zhulatit\/\" data-orig-file=\"https:\/\/i0.wp.com\/www.shqiperia.com\/blog\/wp-content\/uploads\/2020\/02\/Lumi-i-Zhulatit.jpg?fit=960%2C720&amp;ssl=1\" data-orig-size=\"960,720\" data-comments-opened=\"1\" data-image-meta=\"{&quot;aperture&quot;:&quot;0&quot;,&quot;credit&quot;:&quot;&quot;,&quot;camera&quot;:&quot;&quot;,&quot;caption&quot;:&quot;&quot;,&quot;created_timestamp&quot;:&quot;0&quot;,&quot;copyright&quot;:&quot;&quot;,&quot;focal_length&quot;:&quot;0&quot;,&quot;iso&quot;:&quot;0&quot;,&quot;shutter_speed&quot;:&quot;0&quot;,&quot;title&quot;:&quot;&quot;,&quot;orientation&quot;:&quot;0&quot;}\" data-image-title=\"Lumi i Zhulatit\" data-image-description=\"\" data-image-caption=\"&lt;p&gt;Alarmi: Komiteti i Shpetimit te Flores, Faunes dhe Trashegimise Kulturore Zhulat&lt;\/p&gt;\n\" data-medium-file=\"https:\/\/i0.wp.com\/www.shqiperia.com\/blog\/wp-content\/uploads\/2020\/02\/Lumi-i-Zhulatit.jpg?fit=300%2C225&amp;ssl=1\" data-large-file=\"https:\/\/i0.wp.com\/www.shqiperia.com\/blog\/wp-content\/uploads\/2020\/02\/Lumi-i-Zhulatit.jpg?fit=960%2C720&amp;ssl=1\" class=\" wp-image-31133\" alt=\"\" src=\"https:\/\/i0.wp.com\/www.shqiperia.com\/blog\/wp-content\/uploads\/2020\/02\/Lumi-i-Zhulatit.jpg?resize=588%2C441&#038;ssl=1\" width=\"588\" height=\"441\" srcset=\"https:\/\/i0.wp.com\/www.shqiperia.com\/blog\/wp-content\/uploads\/2020\/02\/Lumi-i-Zhulatit.jpg?resize=300%2C225&amp;ssl=1 300w, https:\/\/i0.wp.com\/www.shqiperia.com\/blog\/wp-content\/uploads\/2020\/02\/Lumi-i-Zhulatit.jpg?resize=768%2C576&amp;ssl=1 768w, https:\/\/i0.wp.com\/www.shqiperia.com\/blog\/wp-content\/uploads\/2020\/02\/Lumi-i-Zhulatit.jpg?resize=450%2C338&amp;ssl=1 450w, https:\/\/i0.wp.com\/www.shqiperia.com\/blog\/wp-content\/uploads\/2020\/02\/Lumi-i-Zhulatit.jpg?resize=600%2C450&amp;ssl=1 600w, https:\/\/i0.wp.com\/www.shqiperia.com\/blog\/wp-content\/uploads\/2020\/02\/Lumi-i-Zhulatit.jpg?resize=400%2C300&amp;ssl=1 400w, https:\/\/i0.wp.com\/www.shqiperia.com\/blog\/wp-content\/uploads\/2020\/02\/Lumi-i-Zhulatit.jpg?w=960&amp;ssl=1 960w\" sizes=\"auto, (max-width: 588px) 100vw, 588px\" \/><p id=\"caption-attachment-31133\" class=\"wp-caption-text\">Alarmi: Komiteti i Shpetimit te Flores, Faunes dhe Trashegimise Kulturore Zhulat<\/p><\/div>\n<p style=\"background: white;text-align: start;margin: 4.5pt 0in 4.5pt 0in\"><span style=\"font-size: 10.5pt;font-family: 'Helvetica','sans-serif';color: #1d2129\"><br \/>\nNe kemi 1-4%te neanderthaleve te cilet ose u zhduken nga ne, Homo -Sapiensi ose me e mundshmja shkrine duke u kryqezuar .<br \/>\nAta kane ardhur ketu qe me permbytjen parardhese 40 000 mije vjet me pare, me krijimin e lumit te madh te Zhulatit.<br \/>\n(20 poshte lumit doli balte , 5 cm cdo shekull kur u bene pilotat e urave isha prezent.)<br \/>\nVendosen ne venbanimin antik te piriut<br \/>\nHomo sapienset, rreth 10 mije vite me pare sa arriti permasat e nje qyteti me 500 shtepi rrethore me gure te medhenj .<br \/>\nNeanderthalet , homo erektus, Denisovans,edhe 5 rraca te tjera u zhduken 10 mijve vjet para si me magji per shkak ndoshta te homo sapiens.<br \/>\nEuropa kishte vetem nje rrace , Neanderthalet.qe jetuan 60 mije vjet ne keto ane.<br \/>\nUji i zhulatit ka kaluar shume njerez qe kane pire e ujitur ne mijra shekuj.<br \/>\nAta u perhapen ne gjithe Mesdheun, se ishte<\/span><\/p>\n<div id=\"attachment_31134\" style=\"width: 769px\" class=\"wp-caption alignnone\"><img data-recalc-dims=\"1\" loading=\"lazy\" decoding=\"async\" aria-describedby=\"caption-attachment-31134\" data-attachment-id=\"31134\" data-permalink=\"https:\/\/www.shqiperia.com\/blog\/alarmi-komiteti-i-shpetimit-te-flores-faunes-dhe-trashegimise-kulturore-zhulat\/46733_156132214397733_5040056_n\/\" data-orig-file=\"https:\/\/i0.wp.com\/www.shqiperia.com\/blog\/wp-content\/uploads\/2020\/02\/46733_156132214397733_5040056_n.jpg?fit=720%2C540&amp;ssl=1\" data-orig-size=\"720,540\" data-comments-opened=\"1\" data-image-meta=\"{&quot;aperture&quot;:&quot;0&quot;,&quot;credit&quot;:&quot;&quot;,&quot;camera&quot;:&quot;&quot;,&quot;caption&quot;:&quot;&quot;,&quot;created_timestamp&quot;:&quot;0&quot;,&quot;copyright&quot;:&quot;&quot;,&quot;focal_length&quot;:&quot;0&quot;,&quot;iso&quot;:&quot;0&quot;,&quot;shutter_speed&quot;:&quot;0&quot;,&quot;title&quot;:&quot;&quot;,&quot;orientation&quot;:&quot;0&quot;}\" data-image-title=\"Zhulati\" data-image-description=\"\" data-image-caption=\"&lt;p&gt;Zhulati&lt;\/p&gt;\n\" data-medium-file=\"https:\/\/i0.wp.com\/www.shqiperia.com\/blog\/wp-content\/uploads\/2020\/02\/46733_156132214397733_5040056_n.jpg?fit=300%2C225&amp;ssl=1\" data-large-file=\"https:\/\/i0.wp.com\/www.shqiperia.com\/blog\/wp-content\/uploads\/2020\/02\/46733_156132214397733_5040056_n.jpg?fit=720%2C540&amp;ssl=1\" class=\" wp-image-31134\" alt=\"\" src=\"https:\/\/i0.wp.com\/www.shqiperia.com\/blog\/wp-content\/uploads\/2020\/02\/46733_156132214397733_5040056_n.jpg?resize=759%2C569&#038;ssl=1\" width=\"759\" height=\"569\" srcset=\"https:\/\/i0.wp.com\/www.shqiperia.com\/blog\/wp-content\/uploads\/2020\/02\/46733_156132214397733_5040056_n.jpg?resize=300%2C225&amp;ssl=1 300w, https:\/\/i0.wp.com\/www.shqiperia.com\/blog\/wp-content\/uploads\/2020\/02\/46733_156132214397733_5040056_n.jpg?resize=450%2C338&amp;ssl=1 450w, https:\/\/i0.wp.com\/www.shqiperia.com\/blog\/wp-content\/uploads\/2020\/02\/46733_156132214397733_5040056_n.jpg?resize=600%2C450&amp;ssl=1 600w, https:\/\/i0.wp.com\/www.shqiperia.com\/blog\/wp-content\/uploads\/2020\/02\/46733_156132214397733_5040056_n.jpg?resize=400%2C300&amp;ssl=1 400w, https:\/\/i0.wp.com\/www.shqiperia.com\/blog\/wp-content\/uploads\/2020\/02\/46733_156132214397733_5040056_n.jpg?w=720&amp;ssl=1 720w\" sizes=\"auto, (max-width: 759px) 100vw, 759px\" \/><p id=\"caption-attachment-31134\" class=\"wp-caption-text\">Zhulati<\/p><\/div>\n<p style=\"background: white;text-align: start;margin: 4.5pt 0in 4.5pt 0in\"><span style=\"font-size: 10.5pt;font-family: 'Helvetica','sans-serif';color: #1d2129\"><br \/>\n2.<br \/>\nLumi i Zhulatit ka rrjedhje me shume se 60 mije vjet dhe gjithe pyjet, sherebeli, gjithe bimet qe ndikohen nga lageshtira qe krijojne parajse te vogel gjelberimi.<br \/>\nNderprerja e ujit rreth 4 km shkaterron ekosistemin natyror.<br \/>\n3<br \/>\nLumi i Zhulatit e vetmja natyre e eger prane Qytetit te gurte qe eshte qytet ne UNESCO, qe permban troften e vecante me pike te kuqe ne jug te shqiperise, lejleku kacurrel non stop ne lume te zhulatit, Kali i qyqes po ashtu nga nje u bene 2 cifte.<\/span><\/p>\n<div id=\"attachment_31135\" style=\"width: 752px\" class=\"wp-caption alignnone\"><img data-recalc-dims=\"1\" loading=\"lazy\" decoding=\"async\" aria-describedby=\"caption-attachment-31135\" data-attachment-id=\"31135\" data-permalink=\"https:\/\/www.shqiperia.com\/blog\/alarmi-komiteti-i-shpetimit-te-flores-faunes-dhe-trashegimise-kulturore-zhulat\/zhulati-2\/\" data-orig-file=\"https:\/\/i0.wp.com\/www.shqiperia.com\/blog\/wp-content\/uploads\/2020\/02\/Zhulati-2.jpg?fit=960%2C540&amp;ssl=1\" data-orig-size=\"960,540\" data-comments-opened=\"1\" data-image-meta=\"{&quot;aperture&quot;:&quot;0&quot;,&quot;credit&quot;:&quot;&quot;,&quot;camera&quot;:&quot;&quot;,&quot;caption&quot;:&quot;&quot;,&quot;created_timestamp&quot;:&quot;0&quot;,&quot;copyright&quot;:&quot;&quot;,&quot;focal_length&quot;:&quot;0&quot;,&quot;iso&quot;:&quot;0&quot;,&quot;shutter_speed&quot;:&quot;0&quot;,&quot;title&quot;:&quot;&quot;,&quot;orientation&quot;:&quot;0&quot;}\" data-image-title=\"Zhulati\" data-image-description=\"\" data-image-caption=\"&lt;p&gt;Zhulati&lt;\/p&gt;\n\" data-medium-file=\"https:\/\/i0.wp.com\/www.shqiperia.com\/blog\/wp-content\/uploads\/2020\/02\/Zhulati-2.jpg?fit=300%2C169&amp;ssl=1\" data-large-file=\"https:\/\/i0.wp.com\/www.shqiperia.com\/blog\/wp-content\/uploads\/2020\/02\/Zhulati-2.jpg?fit=960%2C540&amp;ssl=1\" class=\" wp-image-31135\" alt=\"\" src=\"https:\/\/i0.wp.com\/www.shqiperia.com\/blog\/wp-content\/uploads\/2020\/02\/Zhulati-2.jpg?resize=742%2C418&#038;ssl=1\" width=\"742\" height=\"418\" srcset=\"https:\/\/i0.wp.com\/www.shqiperia.com\/blog\/wp-content\/uploads\/2020\/02\/Zhulati-2.jpg?resize=300%2C169&amp;ssl=1 300w, https:\/\/i0.wp.com\/www.shqiperia.com\/blog\/wp-content\/uploads\/2020\/02\/Zhulati-2.jpg?resize=768%2C432&amp;ssl=1 768w, https:\/\/i0.wp.com\/www.shqiperia.com\/blog\/wp-content\/uploads\/2020\/02\/Zhulati-2.jpg?resize=450%2C253&amp;ssl=1 450w, https:\/\/i0.wp.com\/www.shqiperia.com\/blog\/wp-content\/uploads\/2020\/02\/Zhulati-2.jpg?resize=600%2C338&amp;ssl=1 600w, https:\/\/i0.wp.com\/www.shqiperia.com\/blog\/wp-content\/uploads\/2020\/02\/Zhulati-2.jpg?resize=400%2C225&amp;ssl=1 400w, https:\/\/i0.wp.com\/www.shqiperia.com\/blog\/wp-content\/uploads\/2020\/02\/Zhulati-2.jpg?w=960&amp;ssl=1 960w\" sizes=\"auto, (max-width: 742px) 100vw, 742px\" \/><p id=\"caption-attachment-31135\" class=\"wp-caption-text\">Zhulati<\/p><\/div>\n<p style=\"background: white;text-align: start;margin: 4.5pt 0in 4.5pt 0in\"><span style=\"font-size: 10.5pt;font-family: 'Helvetica','sans-serif';color: #1d2129\"><br \/>\n4.<br \/>\nBlektoria, fermeret, ne Zhulat ne ate lume pine uje 7 mije krere bageti te imeta, 300 gjedhe, 500 blete, rreth 100 familje aktuale, dhe 250 familje total me gjithe diasporen,.<\/span><\/p>\n<div id=\"attachment_31136\" style=\"width: 649px\" class=\"wp-caption alignnone\"><img data-recalc-dims=\"1\" loading=\"lazy\" decoding=\"async\" aria-describedby=\"caption-attachment-31136\" data-attachment-id=\"31136\" data-permalink=\"https:\/\/www.shqiperia.com\/blog\/alarmi-komiteti-i-shpetimit-te-flores-faunes-dhe-trashegimise-kulturore-zhulat\/zhulati\/\" data-orig-file=\"https:\/\/i0.wp.com\/www.shqiperia.com\/blog\/wp-content\/uploads\/2020\/02\/Zhulati.jpg?fit=480%2C360&amp;ssl=1\" data-orig-size=\"480,360\" data-comments-opened=\"1\" data-image-meta=\"{&quot;aperture&quot;:&quot;0&quot;,&quot;credit&quot;:&quot;&quot;,&quot;camera&quot;:&quot;&quot;,&quot;caption&quot;:&quot;&quot;,&quot;created_timestamp&quot;:&quot;0&quot;,&quot;copyright&quot;:&quot;&quot;,&quot;focal_length&quot;:&quot;0&quot;,&quot;iso&quot;:&quot;0&quot;,&quot;shutter_speed&quot;:&quot;0&quot;,&quot;title&quot;:&quot;&quot;,&quot;orientation&quot;:&quot;0&quot;}\" data-image-title=\"Zhulati\" data-image-description=\"\" data-image-caption=\"&lt;p&gt;Zhulati&lt;\/p&gt;\n\" data-medium-file=\"https:\/\/i0.wp.com\/www.shqiperia.com\/blog\/wp-content\/uploads\/2020\/02\/Zhulati.jpg?fit=300%2C225&amp;ssl=1\" data-large-file=\"https:\/\/i0.wp.com\/www.shqiperia.com\/blog\/wp-content\/uploads\/2020\/02\/Zhulati.jpg?fit=480%2C360&amp;ssl=1\" class=\" wp-image-31136\" alt=\"\" src=\"https:\/\/i0.wp.com\/www.shqiperia.com\/blog\/wp-content\/uploads\/2020\/02\/Zhulati.jpg?resize=639%2C479&#038;ssl=1\" width=\"639\" height=\"479\" srcset=\"https:\/\/i0.wp.com\/www.shqiperia.com\/blog\/wp-content\/uploads\/2020\/02\/Zhulati.jpg?resize=300%2C225&amp;ssl=1 300w, https:\/\/i0.wp.com\/www.shqiperia.com\/blog\/wp-content\/uploads\/2020\/02\/Zhulati.jpg?resize=450%2C338&amp;ssl=1 450w, https:\/\/i0.wp.com\/www.shqiperia.com\/blog\/wp-content\/uploads\/2020\/02\/Zhulati.jpg?resize=400%2C300&amp;ssl=1 400w, https:\/\/i0.wp.com\/www.shqiperia.com\/blog\/wp-content\/uploads\/2020\/02\/Zhulati.jpg?w=480&amp;ssl=1 480w\" sizes=\"auto, (max-width: 639px) 100vw, 639px\" \/><p id=\"caption-attachment-31136\" class=\"wp-caption-text\">Zhulati<\/p><\/div>\n<p style=\"background: white;text-align: start;margin: 4.5pt 0in 4.5pt 0in\"><span style=\"font-size: 10.5pt;font-family: 'Helvetica','sans-serif';color: #1d2129\"><br \/>\n5<br \/>\nTurizmi malor, turimzi kurativ, turizmi spektakular.<br \/>\nZhulati perfshihet ne 100 fshatrat e integruar te zhvillimit te turizmit malor, fermave , blektorise ,bletarise.<br \/>\nTuristet ne zhulat kane nje ecje zbathur mbi kete lume rreth 5km 1 .30 min ne lume per heqjen e semundjeve inflamatore deri nga tensioni deri tek kanceri.<br \/>\nShkarkimi i elekroneve negative(pozitroneve) ne trupin e njeriut , togezimi nuk behet per arsye te humbjes se kontakteve me token&#8230;corapet kepucet..<br \/>\nUji i burimeve qe do ti thaje lubia , eshte 100%kristal, uji i cezmave kudo ne bote eshte 60% helm per trupin.<br \/>\n6<br \/>\nZhulati eshte perzgjedhur ne 100 fshatrat e integruar per turizmin Malor , Agroturizem, uji duhet 12 muaj ne vit per cdo fermer.<\/span><\/p>\n<p style=\"background: white;text-align: start;margin: 4.5pt 0in .0001pt 0in\"><span style=\"font-size: 10.5pt;font-family: 'Helvetica','sans-serif';color: #1d2129\">Perfundimish terrorizem i paster per interesa banale .<br \/>\nStop HEC eve ne fshatin Zhulat.<\/span><\/p>\n<div id=\"attachment_31137\" style=\"width: 589px\" class=\"wp-caption alignnone\"><img data-recalc-dims=\"1\" loading=\"lazy\" decoding=\"async\" aria-describedby=\"caption-attachment-31137\" data-attachment-id=\"31137\" data-permalink=\"https:\/\/www.shqiperia.com\/blog\/alarmi-komiteti-i-shpetimit-te-flores-faunes-dhe-trashegimise-kulturore-zhulat\/idris-sulli-veper-e-murat-geraj\/\" data-orig-file=\"https:\/\/i0.wp.com\/www.shqiperia.com\/blog\/wp-content\/uploads\/2020\/02\/Idris-Sulli-veper-e-Murat-Geraj.jpg?fit=600%2C707&amp;ssl=1\" data-orig-size=\"600,707\" data-comments-opened=\"1\" data-image-meta=\"{&quot;aperture&quot;:&quot;0&quot;,&quot;credit&quot;:&quot;&quot;,&quot;camera&quot;:&quot;&quot;,&quot;caption&quot;:&quot;&quot;,&quot;created_timestamp&quot;:&quot;0&quot;,&quot;copyright&quot;:&quot;&quot;,&quot;focal_length&quot;:&quot;0&quot;,&quot;iso&quot;:&quot;0&quot;,&quot;shutter_speed&quot;:&quot;0&quot;,&quot;title&quot;:&quot;&quot;,&quot;orientation&quot;:&quot;0&quot;}\" data-image-title=\"Idris Sulli, veper e Murat Geraj\" data-image-description=\"\" data-image-caption=\"&lt;p&gt;Idris Sulli, veper e Murat Geraj&lt;\/p&gt;\n\" data-medium-file=\"https:\/\/i0.wp.com\/www.shqiperia.com\/blog\/wp-content\/uploads\/2020\/02\/Idris-Sulli-veper-e-Murat-Geraj.jpg?fit=255%2C300&amp;ssl=1\" data-large-file=\"https:\/\/i0.wp.com\/www.shqiperia.com\/blog\/wp-content\/uploads\/2020\/02\/Idris-Sulli-veper-e-Murat-Geraj.jpg?fit=600%2C707&amp;ssl=1\" class=\" wp-image-31137\" alt=\"\" src=\"https:\/\/i0.wp.com\/www.shqiperia.com\/blog\/wp-content\/uploads\/2020\/02\/Idris-Sulli-veper-e-Murat-Geraj.jpg?resize=579%2C681&#038;ssl=1\" width=\"579\" height=\"681\" srcset=\"https:\/\/i0.wp.com\/www.shqiperia.com\/blog\/wp-content\/uploads\/2020\/02\/Idris-Sulli-veper-e-Murat-Geraj.jpg?resize=255%2C300&amp;ssl=1 255w, https:\/\/i0.wp.com\/www.shqiperia.com\/blog\/wp-content\/uploads\/2020\/02\/Idris-Sulli-veper-e-Murat-Geraj.jpg?resize=450%2C530&amp;ssl=1 450w, https:\/\/i0.wp.com\/www.shqiperia.com\/blog\/wp-content\/uploads\/2020\/02\/Idris-Sulli-veper-e-Murat-Geraj.jpg?resize=400%2C471&amp;ssl=1 400w, https:\/\/i0.wp.com\/www.shqiperia.com\/blog\/wp-content\/uploads\/2020\/02\/Idris-Sulli-veper-e-Murat-Geraj.jpg?w=600&amp;ssl=1 600w\" sizes=\"auto, (max-width: 579px) 100vw, 579px\" \/><p id=\"caption-attachment-31137\" class=\"wp-caption-text\">Idris Sulli, veper e Murat Geraj<\/p><\/div>\n","protected":false},"excerpt":{"rendered":"<p>Alarmi: Komiteti i Shpetimit te Flores, Faunes dhe Trashegimise Kulturore Zhulat \u00a0 Komiteti i Shpetimit te Flores, Faunes dhe Trashegimise Kulturore Zhulat , Vendosi: Te ndalohet ne menyre kategorike cdo lloj projekti vrases per kete Fshat me historik te sterlashte, me nje qellim terrorist gati, per te ndertuar nje HEC me ujin e dy lumenjve [&hellip;]<\/p>\n","protected":false},"author":9,"featured_media":31132,"comment_status":"open","ping_status":"open","sticky":false,"template":"","format":"standard","meta":{"jetpack_post_was_ever_published":false,"_jetpack_newsletter_access":"","_jetpack_dont_email_post_to_subs":false,"_jetpack_newsletter_tier_id":0,"_jetpack_memberships_contains_paywalled_content":false,"_jetpack_memberships_contains_paid_content":false,"footnotes":"","jetpack_publicize_message":"","jetpack_publicize_feature_enabled":true,"jetpack_social_post_already_shared":true,"jetpack_social_options":{"image_generator_settings":{"template":"highway","default_image_id":0,"font":"","enabled":false},"version":2}},"categories":[27,35,86],"tags":[],"class_list":["post-31131","post","type-post","status-publish","format-standard","has-post-thumbnail","hentry","category-blogu-i-udhetarit","category-shoqerore","category-trashegimi-kulturore"],"jetpack_publicize_connections":[],"jetpack_featured_media_url":"https:\/\/i0.wp.com\/www.shqiperia.com\/blog\/wp-content\/uploads\/2020\/02\/46733_156132254397729_4044258_n.jpg?fit=720%2C395&ssl=1","jetpack_sharing_enabled":true,"jetpack_shortlink":"https:\/\/wp.me\/p5Z6wp-867","jetpack-related-posts":[{"id":37389,"url":"https:\/\/www.shqiperia.com\/blog\/specialistet-e-trashegimise-kulturore-inspektime-ne-dy-objekte-kulti\/","url_meta":{"origin":31131,"position":0},"title":"Specialist\u00ebt e trash\u00ebgimis\u00eb kulturore inspektime n\u00eb dy objekte kulti","author":"Kurt Farka","date":"August 19, 2020","format":false,"excerpt":"Specialist\u00ebt e trash\u00ebgimis\u00eb kulturore inspektime n\u00eb dy objekte kulti 18 GUSHT 2020 Specialist\u00ebt e Institutit Komb\u00ebtar t\u00eb Trash\u00ebgimis\u00eb Kulturore dhe ata t\u00eb Drejtoris\u00eb Rajonale t\u00eb Trash\u00ebgimis\u00eb Kulturore Vlor\u00eb, sektori Sarand\u00eb, kryen k\u00ebto dit\u00eb nj\u00eb ekspedit\u00eb me q\u00ebllim verifikimin e gjendjes s\u00eb konservimit t\u00eb piktur\u00ebs murale n\u00eb Kish\u00ebn e Manastirit t\u00eb\u2026","rel":"","context":"In &quot;Histori&quot;","block_context":{"text":"Histori","link":"https:\/\/www.shqiperia.com\/blog\/category\/histori\/"},"img":{"alt_text":"","src":"https:\/\/i0.wp.com\/www.shqiperia.com\/blog\/wp-content\/uploads\/2020\/08\/800-0-5f3b662fecedd.jpg?fit=800%2C368&ssl=1&resize=350%2C200","width":350,"height":200,"srcset":"https:\/\/i0.wp.com\/www.shqiperia.com\/blog\/wp-content\/uploads\/2020\/08\/800-0-5f3b662fecedd.jpg?fit=800%2C368&ssl=1&resize=350%2C200 1x, https:\/\/i0.wp.com\/www.shqiperia.com\/blog\/wp-content\/uploads\/2020\/08\/800-0-5f3b662fecedd.jpg?fit=800%2C368&ssl=1&resize=525%2C300 1.5x, https:\/\/i0.wp.com\/www.shqiperia.com\/blog\/wp-content\/uploads\/2020\/08\/800-0-5f3b662fecedd.jpg?fit=800%2C368&ssl=1&resize=700%2C400 2x"},"classes":[]},{"id":80576,"url":"https:\/\/www.shqiperia.com\/blog\/unesco-reagon-per-butrintin-po-monitorojme-shqetesimet-do-te-shqyrtohen-nga-komiteti-i-trashegimise-boterore-ne-muajin-korrik\/","url_meta":{"origin":31131,"position":1},"title":"UNESCO reagon p\u00ebr Butrintin: Po monitorojm\u00eb, shqet\u00ebsimet do t\u00eb shqyrtohen nga Komiteti i Trash\u00ebgimis\u00eb Bot\u00ebrore n\u00eb muajin korrik","author":"Kurt Farka","date":"May 2, 2024","format":false,"excerpt":"2 Maji 2024 Nga Julia VRAPI Shqet\u00ebsimet mbi Butrintin do t\u00eb shqyrtohen n\u00eb sesionin e ardh\u00ebm t\u00eb Komitetit t\u00eb Trash\u00ebgimis\u00eb Bot\u00ebrore. UNESCO ka reaguar pas vendimit t\u00eb Gjykat\u00ebs Kushtetuese q\u00eb la n\u00eb fuqi marr\u00ebveshjen e qeveris\u00eb shqiptare me fondacionin shqiptaro-amerikan p\u00ebr menaxhimin e parkut t\u00eb Butrintit. Kjo b\u00ebhet me dije\u2026","rel":"","context":"In &quot;Arte&quot;","block_context":{"text":"Arte","link":"https:\/\/www.shqiperia.com\/blog\/category\/arte\/"},"img":{"alt_text":"","src":"https:\/\/i0.wp.com\/www.shqiperia.com\/blog\/wp-content\/uploads\/2024\/05\/800-0-66332054b4509.jpg?fit=800%2C533&ssl=1&resize=350%2C200","width":350,"height":200,"srcset":"https:\/\/i0.wp.com\/www.shqiperia.com\/blog\/wp-content\/uploads\/2024\/05\/800-0-66332054b4509.jpg?fit=800%2C533&ssl=1&resize=350%2C200 1x, https:\/\/i0.wp.com\/www.shqiperia.com\/blog\/wp-content\/uploads\/2024\/05\/800-0-66332054b4509.jpg?fit=800%2C533&ssl=1&resize=525%2C300 1.5x, https:\/\/i0.wp.com\/www.shqiperia.com\/blog\/wp-content\/uploads\/2024\/05\/800-0-66332054b4509.jpg?fit=800%2C533&ssl=1&resize=700%2C400 2x"},"classes":[]},{"id":33993,"url":"https:\/\/www.shqiperia.com\/blog\/vjen-paralajmerimi-i-frikshem-nga-komiteti-nderkombetar-i-shpetimit-nese-nuk-merren-masa-do-te-infektohen\/","url_meta":{"origin":31131,"position":2},"title":"Vjen paralajm\u00ebrimi i friksh\u00ebm nga Komiteti Nd\u00ebrkomb\u00ebtar i Shp\u00ebtimit: &#8211; N\u00ebse nuk merren masa, do t\u00eb infektohen&#8230;","author":"Kurt Farka","date":"April 28, 2020","format":false,"excerpt":"Vjen paralajm\u00ebrimi i friksh\u00ebm nga Komiteti Nd\u00ebrkomb\u00ebtar i Shp\u00ebtimit: - N\u00ebse nuk merren masa, do t\u00eb infektohen... 28 PRILL 2020 Komiteti Nd\u00ebrkomb\u00ebtar i Shp\u00ebtimit ka paralajm\u00ebruar se nj\u00eb miliard persona mund t\u00eb infektohen nga koronavirusi n\u00eb t\u00eb gjith\u00eb bot\u00ebn n\u00ebse vendeve t\u00eb \u201cc\u00ebnueshme\u201d nuk u jepet ndihm\u00eb urgjente. Thuhet se\u2026","rel":"","context":"In &quot;Blogu i Udh\u00ebtarit&quot;","block_context":{"text":"Blogu i Udh\u00ebtarit","link":"https:\/\/www.shqiperia.com\/blog\/category\/blogu-i-udhetarit\/"},"img":{"alt_text":"","src":"https:\/\/i0.wp.com\/www.shqiperia.com\/blog\/wp-content\/uploads\/2020\/04\/800-0-5ea84c0ebcb08.png?fit=800%2C430&ssl=1&resize=350%2C200","width":350,"height":200,"srcset":"https:\/\/i0.wp.com\/www.shqiperia.com\/blog\/wp-content\/uploads\/2020\/04\/800-0-5ea84c0ebcb08.png?fit=800%2C430&ssl=1&resize=350%2C200 1x, https:\/\/i0.wp.com\/www.shqiperia.com\/blog\/wp-content\/uploads\/2020\/04\/800-0-5ea84c0ebcb08.png?fit=800%2C430&ssl=1&resize=525%2C300 1.5x, https:\/\/i0.wp.com\/www.shqiperia.com\/blog\/wp-content\/uploads\/2020\/04\/800-0-5ea84c0ebcb08.png?fit=800%2C430&ssl=1&resize=700%2C400 2x"},"classes":[]},{"id":41633,"url":"https:\/\/www.shqiperia.com\/blog\/zbulohen-dy-varre-antike-ne-parkun-e-amantias-kreu-i-trashegimise-kulturore-njeri-duhet-ti-perkase-shek-iii-ii-para-krishtit-dhe-tjetri-periudhes-otomane\/","url_meta":{"origin":31131,"position":3},"title":"Zbulohen dy varre antike n\u00eb parkun e Amantias! Kreu i Trash\u00ebgimis\u00eb kulturore: Nj\u00ebri duhet t&#8217;i p\u00ebrkas\u00eb shek. III-II para Krishtit dhe tjetri periudh\u00ebs otomane","author":"Kurt Farka","date":"December 7, 2020","format":false,"excerpt":"Zbulohen dy varre antike n\u00eb parkun e Amantias! Kreu i Trash\u00ebgimis\u00eb kulturore: Nj\u00ebri duhet t'i p\u00ebrkas\u00eb shek. III-II para Krishtit dhe tjetri periudh\u00ebs otomane 6 dhjetor 2020 Arkeolog\u00ebt jan\u00eb surprizuar s\u00ebrish n\u00eb qytetin Ilir i Amantias n\u00eb Vlor\u00eb. Gjat\u00eb g\u00ebrmimeve t\u00eb shp\u00ebtimit p\u00ebr nj\u00eb varr monumental q\u00eb ndodhet brenda parkut,\u2026","rel":"","context":"In &quot;Histori&quot;","block_context":{"text":"Histori","link":"https:\/\/www.shqiperia.com\/blog\/category\/histori\/"},"img":{"alt_text":"","src":"https:\/\/i0.wp.com\/www.shqiperia.com\/blog\/wp-content\/uploads\/2020\/12\/maxresdefault-2.jpg?fit=1129%2C592&ssl=1&resize=350%2C200","width":350,"height":200,"srcset":"https:\/\/i0.wp.com\/www.shqiperia.com\/blog\/wp-content\/uploads\/2020\/12\/maxresdefault-2.jpg?fit=1129%2C592&ssl=1&resize=350%2C200 1x, https:\/\/i0.wp.com\/www.shqiperia.com\/blog\/wp-content\/uploads\/2020\/12\/maxresdefault-2.jpg?fit=1129%2C592&ssl=1&resize=525%2C300 1.5x, https:\/\/i0.wp.com\/www.shqiperia.com\/blog\/wp-content\/uploads\/2020\/12\/maxresdefault-2.jpg?fit=1129%2C592&ssl=1&resize=700%2C400 2x, https:\/\/i0.wp.com\/www.shqiperia.com\/blog\/wp-content\/uploads\/2020\/12\/maxresdefault-2.jpg?fit=1129%2C592&ssl=1&resize=1050%2C600 3x"},"classes":[]},{"id":90890,"url":"https:\/\/www.shqiperia.com\/blog\/specialistet-e-iktk-nje-ekspedite-per-projektin-e-restaurimi-te-piktures-murale-ne-kishen-e-manastirit-te-shen-merise-ne-dhermi\/","url_meta":{"origin":31131,"position":4},"title":"Specialist\u00ebt e IKTK nj\u00eb ekspedit\u00eb p\u00ebr projektin e restaurimi t\u00eb piktur\u00ebs murale n\u00eb kish\u00ebn e Manastirit t\u00eb Sh\u00ebn M\u00ebris\u00eb ne Dhermi","author":"Kurt Farka","date":"March 30, 2025","format":false,"excerpt":"30 Mars 2025 Kisha e Manastirit t\u00eb Sh\u00ebn M\u00ebris\u00eb n\u00eb Dh\u00ebrmi ruan vlera t\u00eb \u00e7muara t\u00eb artit bizantin dhe pasbizantin, me piktura murale t\u00eb realizuara n\u00eb disa faza, nga shek. XII-XIII deri n\u00eb shek. XVIII. - Specialist\u00ebt e Institutit Komb\u00ebtar t\u00eb Trash\u00ebgimis\u00eb Kulturore (IKTK) zhvilluan nj\u00eb ekspedit\u00eb dokumentuese p\u00ebr hartimin\u2026","rel":"","context":"In &quot;Arte&quot;","block_context":{"text":"Arte","link":"https:\/\/www.shqiperia.com\/blog\/category\/arte\/"},"img":{"alt_text":"","src":"https:\/\/i0.wp.com\/www.shqiperia.com\/blog\/wp-content\/uploads\/2025\/03\/kisha-faqe-18-2-Copy-1140x570-1.jpg?fit=1140%2C570&ssl=1&resize=350%2C200","width":350,"height":200,"srcset":"https:\/\/i0.wp.com\/www.shqiperia.com\/blog\/wp-content\/uploads\/2025\/03\/kisha-faqe-18-2-Copy-1140x570-1.jpg?fit=1140%2C570&ssl=1&resize=350%2C200 1x, https:\/\/i0.wp.com\/www.shqiperia.com\/blog\/wp-content\/uploads\/2025\/03\/kisha-faqe-18-2-Copy-1140x570-1.jpg?fit=1140%2C570&ssl=1&resize=525%2C300 1.5x, https:\/\/i0.wp.com\/www.shqiperia.com\/blog\/wp-content\/uploads\/2025\/03\/kisha-faqe-18-2-Copy-1140x570-1.jpg?fit=1140%2C570&ssl=1&resize=700%2C400 2x, https:\/\/i0.wp.com\/www.shqiperia.com\/blog\/wp-content\/uploads\/2025\/03\/kisha-faqe-18-2-Copy-1140x570-1.jpg?fit=1140%2C570&ssl=1&resize=1050%2C600 3x"},"classes":[]},{"id":48490,"url":"https:\/\/www.shqiperia.com\/blog\/punetoret-shokohen-nga-ajo-qe-zbulojne-nga-germimet-ne-permet\/","url_meta":{"origin":31131,"position":5},"title":"Pun\u00ebtor\u00ebt shokohen nga ajo q\u00eb zbulojn\u00eb nga g\u00ebrmimet n\u00eb P\u00ebrmet. Ministria e Kultur\u00ebs: &#8211; Eshte varreze mesjetare.","author":"Kurt Farka","date":"July 15, 2021","format":false,"excerpt":"Pun\u00ebtor\u00ebt shokohen nga ajo q\u00eb zbulojn\u00eb nga g\u00ebrmimet n\u00eb P\u00ebrmet 15 KORRIK 2021 Ishin duke b\u00ebr\u00eb punime p\u00ebr nd\u00ebrtimin e rrug\u00ebs, Kreu i shoqat\u00ebs Anti-komuniste t\u00eb t\u00eb P\u00ebrndjekurve, Nebik \u00c7ika shprehet se \u00ebsht\u00eb zbuluar nj\u00eb varr masiv i viktimave t\u00eb diktatur\u00ebs dit\u00ebn e sotme n\u00eb P\u00ebrmet. B\u00ebhet me dije se\u2026","rel":"","context":"In &quot;Blogu i Udh\u00ebtarit&quot;","block_context":{"text":"Blogu i Udh\u00ebtarit","link":"https:\/\/www.shqiperia.com\/blog\/category\/blogu-i-udhetarit\/"},"img":{"alt_text":"","src":"https:\/\/i0.wp.com\/www.shqiperia.com\/blog\/wp-content\/uploads\/2021\/07\/800-0-60f00f74dcf0b.png?fit=800%2C507&ssl=1&resize=350%2C200","width":350,"height":200,"srcset":"https:\/\/i0.wp.com\/www.shqiperia.com\/blog\/wp-content\/uploads\/2021\/07\/800-0-60f00f74dcf0b.png?fit=800%2C507&ssl=1&resize=350%2C200 1x, https:\/\/i0.wp.com\/www.shqiperia.com\/blog\/wp-content\/uploads\/2021\/07\/800-0-60f00f74dcf0b.png?fit=800%2C507&ssl=1&resize=525%2C300 1.5x, https:\/\/i0.wp.com\/www.shqiperia.com\/blog\/wp-content\/uploads\/2021\/07\/800-0-60f00f74dcf0b.png?fit=800%2C507&ssl=1&resize=700%2C400 2x"},"classes":[]}],"_links":{"self":[{"href":"https:\/\/www.shqiperia.com\/blog\/wp-json\/wp\/v2\/posts\/31131","targetHints":{"allow":["GET"]}}],"collection":[{"href":"https:\/\/www.shqiperia.com\/blog\/wp-json\/wp\/v2\/posts"}],"about":[{"href":"https:\/\/www.shqiperia.com\/blog\/wp-json\/wp\/v2\/types\/post"}],"author":[{"embeddable":true,"href":"https:\/\/www.shqiperia.com\/blog\/wp-json\/wp\/v2\/users\/9"}],"replies":[{"embeddable":true,"href":"https:\/\/www.shqiperia.com\/blog\/wp-json\/wp\/v2\/comments?post=31131"}],"version-history":[{"count":1,"href":"https:\/\/www.shqiperia.com\/blog\/wp-json\/wp\/v2\/posts\/31131\/revisions"}],"predecessor-version":[{"id":31138,"href":"https:\/\/www.shqiperia.com\/blog\/wp-json\/wp\/v2\/posts\/31131\/revisions\/31138"}],"wp:featuredmedia":[{"embeddable":true,"href":"https:\/\/www.shqiperia.com\/blog\/wp-json\/wp\/v2\/media\/31132"}],"wp:attachment":[{"href":"https:\/\/www.shqiperia.com\/blog\/wp-json\/wp\/v2\/media?parent=31131"}],"wp:term":[{"taxonomy":"category","embeddable":true,"href":"https:\/\/www.shqiperia.com\/blog\/wp-json\/wp\/v2\/categories?post=31131"},{"taxonomy":"post_tag","embeddable":true,"href":"https:\/\/www.shqiperia.com\/blog\/wp-json\/wp\/v2\/tags?post=31131"}],"curies":[{"name":"wp","href":"https:\/\/api.w.org\/{rel}","templated":true}]}}