{"id":31128,"date":"2020-02-05T11:17:45","date_gmt":"2020-02-05T11:17:45","guid":{"rendered":"https:\/\/www.shqiperia.com\/blog\/?p=31128"},"modified":"2020-02-05T11:19:27","modified_gmt":"2020-02-05T11:19:27","slug":"zonja-ambasadore-e-amerikes-mos-i-zhgenje-kaq-rende-shqiptaret","status":"publish","type":"post","link":"https:\/\/www.shqiperia.com\/blog\/zonja-ambasadore-e-amerikes-mos-i-zhgenje-kaq-rende-shqiptaret\/","title":{"rendered":"ZONJA AMBASADORE E AMERIKES \u2026.MOS I ZHGENJE KAQ RENDE SHQIPTARET\u2026"},"content":{"rendered":"<p><img data-recalc-dims=\"1\" loading=\"lazy\" decoding=\"async\" data-attachment-id=\"31129\" data-permalink=\"https:\/\/www.shqiperia.com\/blog\/zonja-ambasadore-e-amerikes-mos-i-zhgenje-kaq-rende-shqiptaret\/kim-ruci-675x430\/\" data-orig-file=\"https:\/\/i0.wp.com\/www.shqiperia.com\/blog\/wp-content\/uploads\/2020\/02\/kim-ruci-675x430-1.jpg?fit=675%2C430&amp;ssl=1\" data-orig-size=\"675,430\" data-comments-opened=\"1\" data-image-meta=\"{&quot;aperture&quot;:&quot;0&quot;,&quot;credit&quot;:&quot;&quot;,&quot;camera&quot;:&quot;&quot;,&quot;caption&quot;:&quot;&quot;,&quot;created_timestamp&quot;:&quot;0&quot;,&quot;copyright&quot;:&quot;&quot;,&quot;focal_length&quot;:&quot;0&quot;,&quot;iso&quot;:&quot;0&quot;,&quot;shutter_speed&quot;:&quot;0&quot;,&quot;title&quot;:&quot;&quot;,&quot;orientation&quot;:&quot;0&quot;}\" data-image-title=\"kim-ruci-675&#215;430\" data-image-description=\"\" data-image-caption=\"\" data-medium-file=\"https:\/\/i0.wp.com\/www.shqiperia.com\/blog\/wp-content\/uploads\/2020\/02\/kim-ruci-675x430-1.jpg?fit=300%2C191&amp;ssl=1\" data-large-file=\"https:\/\/i0.wp.com\/www.shqiperia.com\/blog\/wp-content\/uploads\/2020\/02\/kim-ruci-675x430-1.jpg?fit=675%2C430&amp;ssl=1\" class=\"alignnone wp-image-31129\" alt=\"\" src=\"https:\/\/i0.wp.com\/www.shqiperia.com\/blog\/wp-content\/uploads\/2020\/02\/kim-ruci-675x430-1.jpg?resize=559%2C356&#038;ssl=1\" width=\"559\" height=\"356\" srcset=\"https:\/\/i0.wp.com\/www.shqiperia.com\/blog\/wp-content\/uploads\/2020\/02\/kim-ruci-675x430-1.jpg?resize=300%2C191&amp;ssl=1 300w, https:\/\/i0.wp.com\/www.shqiperia.com\/blog\/wp-content\/uploads\/2020\/02\/kim-ruci-675x430-1.jpg?resize=450%2C287&amp;ssl=1 450w, https:\/\/i0.wp.com\/www.shqiperia.com\/blog\/wp-content\/uploads\/2020\/02\/kim-ruci-675x430-1.jpg?resize=600%2C382&amp;ssl=1 600w, https:\/\/i0.wp.com\/www.shqiperia.com\/blog\/wp-content\/uploads\/2020\/02\/kim-ruci-675x430-1.jpg?resize=400%2C255&amp;ssl=1 400w, https:\/\/i0.wp.com\/www.shqiperia.com\/blog\/wp-content\/uploads\/2020\/02\/kim-ruci-675x430-1.jpg?w=675&amp;ssl=1 675w\" sizes=\"auto, (max-width: 559px) 100vw, 559px\" \/><\/p>\n<p>ZONJA AMBASADORE E AMERIKES \u2026.MOS I ZHGENJE KAQ RENDE SHQIPTARET\u2026<\/p>\n<p><strong>4 shkurt \u00a02020<\/strong><\/p>\n<p>Nga Adriatik Dosti<\/p>\n<p>Dashamiresisht dhe shume sinqerisht znj. Yuri Kim\u2026<\/p>\n<p>Shume e nderuara dhe e respektuara znj.Ambasadore e Amerikes ne Atdheun tim \u2026Yuri Kim\u2026<br \/>\nSe pari te uroj mireseardhjen ne Shqiperi e mirese te kryesh detyren tende te larte e fisnike si ambasadore e vendit me te dashur per shqiptaret SHBA-ve\u2026 pasi drejt me e thene Shqiperia e shqiptaret qe i kane syte e veshet tek ju e nga ju\u2026mezi te kane pritur\u2026<\/p>\n<p>U ndjeva sinqerisht vertet keq teksa pashe e perjetova keto dite te parat te tuat ne vendin tim axhenden e takimeve e te vizitiva te tua por edhe teksa degjova LIVE disa deklarata e prononcime te tuat qe drejt me e thene nuk me lane hic e kerkundi pershtypje te mire\u2026aq sa do deshiroja e do te shppresoja e besoja se ky nuk do te jete qendrimi zyrtar i Amerikes perfaqesuar ne Tirane prej jush\u2026ndaj Shqiperise e shqiptareve \u2026<br \/>\nThjesht dua te besoj se mund te jene takime e deklarata emocionale te tuat si ne ditet e para te detyres se re\u2026.<\/p>\n<p>Per mua e per cdo shqiptar znj.Kim ..eshte krejtesisht e pa pranueshme por edhe nje lloj fyerje e rende qe ende pa mbushur javen ne Shqiperi ju te nxitoni e te takoni me dashamiresi e entuziazem teper te cuditshem e dyshues pikerisht ata persona e njerez me pushtet sot ne ate vend qe jane pikerisht fajtoret e pergjegjesit kryesore te gjendjes katastrofike totale ne te cilen ndodhet sot Shqiperia e shqiptaret\u2026<\/p>\n<p>Takimi me Gramoz Rucin\u2026kriminelin e 2 prillit, ish ministrin e brendshem te diktatures e ish sekretarin e pare te PPSH ne nje reth te vendit.. e qe vete qenja e tij sot ne krye te kuvendit te Shqiperise eshte simbolika me e qarte e asaj se cfare lloj demokracie fallse e te genjeshtert mbizoteron prej vitesh ne ate vend\u2026<br \/>\nTakimi me Edi Ramen te birin e atij qe firmosi varjen e nje Poeti shqiptar ne litar dhe nipin e nje byroisti kriminel dhe shkaktarin kryesor te Shqiperise \u2013 katrastrofike te sotme\u2026<\/p>\n<p>Takimi me Sander Lleshin ministrin e brendshem qe mbyti e helmoj me gaz serb popullin e tij e derrmoj me agresivitet policor extrem protestuesit dhe opoziten dhe mbyti me helm ne gjume gra, pleq, plaka e femije ne nje zone periferike te Tiranes\u2026<\/p>\n<p>Takimi me Ilir Meten qe eshte bashkefajtor ne qeverisjen korruptive te kryeministrit te sotem Rama pasi permes votave te LSI se tij e solli ate ne pushtet por edhe qeverisi po me te ne Tepsine e tij te ndyre te korrupsionit e abuzimit , te xhvatjes e varferimit te vendit e te popullit shqiptar \u2026e qe sot ne menyre kllouneske po kerkon te luaje rolin e \u201dopozitarit\u201d anti -Rama\u2026<\/p>\n<p>Sikur nuk shkojne kerkundi per te mos thene qe jane nje fyerje e rende per Shqiperine e shqiptaret dhe nje zhgenjim i madh i tyre ndaj jush e figures dhe postit e detyres qe perfaqesoni e mbi te gjitha tek mendon se cilin vend perfaqesoni\u2026vend ndaj te cilit shqiptaret historikisht kane varur fatet e tyre \u2026<\/p>\n<p>Deklarata juaj PRO paketes KCK te krye kck-istit Rama eshte nje tjeter fyerje e rende ndaj shqiptareve.,..nderkohe qe prej jush \u2026asnje fjale kunder\u2026 fjala vjen paketes Antishpifje qe cenon aq rende lirine e fjales, demokracine e vertete e fjalen e lire\u2026<\/p>\n<p>Ju vajtet e vizituat nje zone te prekur nga termeti i 26 nentorit dhe mire bete e flm. per kujdesin tuaj\u2026por nuk eshte ne natyren humane e fisnike te kombit e te popullit amerikan qe tu permendni nevojtareve e hallexhinjve \u201dpakot me ndihma qe lexonin Made in USA\u201d e ku sheqeri, vaji e makaronat ne to te emocionuan ty aq shume\u2026nderkohe qe Amerika ka dekada te tera qe dergon pa limit miliona tonelata ndihma ushqimore ne mbare boten ndaj dhe gezon dashurine e respektin maksimal te nje bote te tere\u2026<\/p>\n<p>Vizitat e tua te para ne llogjiken e kendveshtrimin tim znj.Ambasadore duhej te kishin nisur me nje perfaqesi studentesh shqiptare pasi ata jane e nesermja e atij vendi\u2026per te vazhduar me nje perfaqesi intelektualesh te ndershem shqiptare per ti pyetur perse jane mbyllur ne guacken e tyre dhe nga se kane frike.,\u2026per te vazhduar me nje perfaqei te shoqates se te perndjekurve e te persekutuarve politike per tu dhene shprese , besim e kurajo se ai vend do te behet qe c\u2019ke me te\u2026 per te vazhdur me nje perfaqesi grash e femrash shqiptare e per te mesuar perse ato sot vazhdojne ende te dhunohen fizikisht e barbarisht \u2026<\/p>\n<p>Ishte mire te shkoje e te takoje dhe ti pyesje ata qe po protestojne ne Astir\u2026..ishte kryeveper nese do te shkoje e te uleshe kembe kryq me Qendrestaret trima, atdhetare, te qyteteruar e te civilizuar te Teatrit Kombetar qe po i thone JO me trupat e tyre arrogances e banditizmit qeveritaro-shteteror te Rame \u2013 Veliajt etj etj\u2026<\/p>\n<p>Ishte mire te takoje Ministreshen e Drejtesise e ta pyesje perse kriminelet, banditet e vrasesit po lirohen nga burgjet\u2026apo qofte edhe sikur te beje nje vizite andej nga SPAK-u e ti pyesje perse u tremben e refuzuan te marrin ne dorezim Dosjen 184\u2026etj etj<\/p>\n<p>E sigurisht do kishe bere gjene me te mire e me te mencur qe takimet e tua te para ti nisje pikerisht edhe me PD e Opoziten e sotme shqiptare qofte edhe per faktin e vetem , kumptimplote e disi te pa zakonte \u2026te daljes se saj prej Parlamentit c\u2019ka flet shume here me shume realisht se sa takimet e tua me Meten, Ramen, Rucin e Lleshin\u2026<\/p>\n<p>Duke ju uruar shendet, mbaresi ne detyren tuaj fisnike e pune te mbare e te suksesshme \u2026<br \/>\n\u2026.Mbetem me shprese e besim se do te dini se si te me lexoni e do te kini vullnetin e mire te me mirekuptoni\u2026 te pakten per te miren e Kombit e te Popullit tim\u2026si dhe per te justifikuar e permbushur me nder detyren shume te pergjegjeshme e fisnike tuajen ne ate vend\u2026<\/p>\n<p>A.R.DOSTI<\/p>\n","protected":false},"excerpt":{"rendered":"<p>ZONJA AMBASADORE E AMERIKES \u2026.MOS I ZHGENJE KAQ RENDE SHQIPTARET\u2026 4 shkurt \u00a02020 Nga Adriatik Dosti Dashamiresisht dhe shume sinqerisht znj. Yuri Kim\u2026 Shume e nderuara dhe e respektuara znj.Ambasadore e Amerikes ne Atdheun tim \u2026Yuri Kim\u2026 Se pari te uroj mireseardhjen ne Shqiperi e mirese te kryesh detyren tende te larte e fisnike si [&hellip;]<\/p>\n","protected":false},"author":9,"featured_media":31129,"comment_status":"open","ping_status":"open","sticky":false,"template":"","format":"standard","meta":{"jetpack_post_was_ever_published":false,"_jetpack_newsletter_access":"","_jetpack_dont_email_post_to_subs":false,"_jetpack_newsletter_tier_id":0,"_jetpack_memberships_contains_paywalled_content":false,"_jetpack_memberships_contains_paid_content":false,"footnotes":"","jetpack_publicize_message":"","jetpack_publicize_feature_enabled":true,"jetpack_social_post_already_shared":true,"jetpack_social_options":{"image_generator_settings":{"template":"highway","default_image_id":0,"font":"","enabled":false},"version":2}},"categories":[27,2],"tags":[],"class_list":["post-31128","post","type-post","status-publish","format-standard","has-post-thumbnail","hentry","category-blogu-i-udhetarit","category-politika"],"jetpack_publicize_connections":[],"jetpack_featured_media_url":"https:\/\/i0.wp.com\/www.shqiperia.com\/blog\/wp-content\/uploads\/2020\/02\/kim-ruci-675x430-1.jpg?fit=675%2C430&ssl=1","jetpack_sharing_enabled":true,"jetpack_shortlink":"https:\/\/wp.me\/p5Z6wp-864","jetpack-related-posts":[{"id":34765,"url":"https:\/\/www.shqiperia.com\/blog\/kryemadhi-ben-reagimin-e-papritur-ndaj-ambasades-amerikane-pse-keni-frike-nga-shqiptaret\/","url_meta":{"origin":31128,"position":0},"title":"Kryemadhi b\u00ebn reagimin e papritur ndaj Ambasad\u00ebs Amerikane: &#8211; Pse keni frik\u00eb nga shqiptar\u00ebt?","author":"Kurt Farka","date":"May 18, 2020","format":false,"excerpt":"Kryemadhi b\u00ebn reagimin e papritur ndaj Ambasad\u00ebs Amerikane: - Pse keni frik\u00eb nga shqiptar\u00ebt? 18 MAJ 2020 Kryetarja e LSI, Monika Kryemadhi n\u00eb nj\u00eb intervist\u00eb p\u00ebr RTV Ora pyeti Ambasad\u00ebn Ameriken se p\u00ebrse ka frik\u00eb nga shqiptar\u00ebt, n\u00eb nj\u00eb koh\u00eb kur ne jemi populli q\u00eb i duam m\u00eb shum\u00eb. Monika\u2026","rel":"","context":"In &quot;Blogu i Udh\u00ebtarit&quot;","block_context":{"text":"Blogu i Udh\u00ebtarit","link":"https:\/\/www.shqiperia.com\/blog\/category\/blogu-i-udhetarit\/"},"img":{"alt_text":"","src":"https:\/\/i0.wp.com\/www.shqiperia.com\/blog\/wp-content\/uploads\/2020\/05\/Monika-Kryemadhi.jpg?fit=730%2C392&ssl=1&resize=350%2C200","width":350,"height":200,"srcset":"https:\/\/i0.wp.com\/www.shqiperia.com\/blog\/wp-content\/uploads\/2020\/05\/Monika-Kryemadhi.jpg?fit=730%2C392&ssl=1&resize=350%2C200 1x, https:\/\/i0.wp.com\/www.shqiperia.com\/blog\/wp-content\/uploads\/2020\/05\/Monika-Kryemadhi.jpg?fit=730%2C392&ssl=1&resize=525%2C300 1.5x, https:\/\/i0.wp.com\/www.shqiperia.com\/blog\/wp-content\/uploads\/2020\/05\/Monika-Kryemadhi.jpg?fit=730%2C392&ssl=1&resize=700%2C400 2x"},"classes":[]},{"id":23594,"url":"https:\/\/www.shqiperia.com\/blog\/ambasadori-spanjoll-shqiptare-mos-lejoni-te-qeveriseni-nga-ambasadore\/","url_meta":{"origin":31128,"position":1},"title":"Ambasadori Spanjoll: Shqiptar\u00eb, mos lejoni t\u00eb qeveriseni nga ambasador\u00eb&#8230;","author":"Kurt Farka","date":"July 26, 2019","format":false,"excerpt":"Ambasadori Spanjoll: Shqiptar\u00eb, mos lejoni t\u00eb qeveriseni nga ambasador\u00eb... 26\/07\/2019 Ambasadori spanjoll n\u00eb vendin ton\u00eb,Vicente Canelles Montero ka komentuar nga Kor\u00e7a kriz\u00ebn politike n\u00eb vend. Ai ka deklaruar se duhet t\u00eb dialogojn\u00eb pal\u00ebt politike n\u00eb vend. \u201cShqip\u00ebria duhet t\u00eb vendos\u00eb vet\u00eb sesi t\u00eb dal\u00eb nga kjo kriz\u00eb. N\u00eb Spanj\u00eb situata\u2026","rel":"","context":"In &quot;Blogu i Udh\u00ebtarit&quot;","block_context":{"text":"Blogu i Udh\u00ebtarit","link":"https:\/\/www.shqiperia.com\/blog\/category\/blogu-i-udhetarit\/"},"img":{"alt_text":"","src":"https:\/\/i0.wp.com\/www.shqiperia.com\/blog\/wp-content\/uploads\/2019\/07\/auto_auto_Vicente_Canelles_Montero15641258631564131121.jpg?fit=832%2C459&ssl=1&resize=350%2C200","width":350,"height":200,"srcset":"https:\/\/i0.wp.com\/www.shqiperia.com\/blog\/wp-content\/uploads\/2019\/07\/auto_auto_Vicente_Canelles_Montero15641258631564131121.jpg?fit=832%2C459&ssl=1&resize=350%2C200 1x, https:\/\/i0.wp.com\/www.shqiperia.com\/blog\/wp-content\/uploads\/2019\/07\/auto_auto_Vicente_Canelles_Montero15641258631564131121.jpg?fit=832%2C459&ssl=1&resize=525%2C300 1.5x, https:\/\/i0.wp.com\/www.shqiperia.com\/blog\/wp-content\/uploads\/2019\/07\/auto_auto_Vicente_Canelles_Montero15641258631564131121.jpg?fit=832%2C459&ssl=1&resize=700%2C400 2x"},"classes":[]},{"id":57101,"url":"https:\/\/www.shqiperia.com\/blog\/plas-keq-turp-te-kesh-vjen-reagimi-i-pare-nderkombetar-per-perplasjen-e-forte-mes-berishes-dhe-yuri-kim-ish-eurodeputetja-doris-pack-shperthen-me-tone-te-ashpra-ambasadore-kjo\/","url_meta":{"origin":31128,"position":2},"title":"Plas keq! &#8220;Turp t\u00eb kesh&#8221;.  &#8211; Vjen reagimi i par\u00eb nd\u00ebrkomb\u00ebtar p\u00ebr p\u00ebrplasjen e fort\u00eb mes Berish\u00ebs dhe Yuri Kim, ish-eurodeputetja Doris Pack shp\u00ebrthen me tone t\u00eb ashpra: &#8211; \u201cAmbasadore&#8221; kjo \u00ebsht\u00eb e paligjshme!","author":"Kurt Farka","date":"April 23, 2022","format":false,"excerpt":"Plas keq! \"Turp t\u00eb kesh\". - Vjen reagimi i par\u00eb nd\u00ebrkomb\u00ebtar p\u00ebr p\u00ebrplasjen e fort\u00eb mes Berish\u00ebs dhe Yuri Kim, ish-eurodeputetja Doris Pack shp\u00ebrthen me tone t\u00eb ashpra: - \u201cAmbasadore\" kjo \u00ebsht\u00eb e paligjshme! 23 PRILL 2022 Ish-eurodeputetja dhe nj\u00ebher\u00ebsh Presidentja e Forumit t\u00eb Grave t\u00eb PPE-s\u00eb, Doris Pack, n\u00eb\u2026","rel":"","context":"In &quot;Blogu i Udh\u00ebtarit&quot;","block_context":{"text":"Blogu i Udh\u00ebtarit","link":"https:\/\/www.shqiperia.com\/blog\/category\/blogu-i-udhetarit\/"},"img":{"alt_text":"","src":"https:\/\/i0.wp.com\/www.shqiperia.com\/blog\/wp-content\/uploads\/2022\/04\/Plas-keq-Turp-te-kesh-Yuri-Kim-1.jpg?fit=640%2C368&ssl=1&resize=350%2C200","width":350,"height":200,"srcset":"https:\/\/i0.wp.com\/www.shqiperia.com\/blog\/wp-content\/uploads\/2022\/04\/Plas-keq-Turp-te-kesh-Yuri-Kim-1.jpg?fit=640%2C368&ssl=1&resize=350%2C200 1x, https:\/\/i0.wp.com\/www.shqiperia.com\/blog\/wp-content\/uploads\/2022\/04\/Plas-keq-Turp-te-kesh-Yuri-Kim-1.jpg?fit=640%2C368&ssl=1&resize=525%2C300 1.5x"},"classes":[]},{"id":65838,"url":"https:\/\/www.shqiperia.com\/blog\/ja-zanafilla-e-sherrit-te-rames-me-shba-nga-prishja-e-paktit-me-bashen-e-deri-te-prokurori-i-spak-qe-nxori-perplasjen-e-forte-jashte-korridoreve-te-kryeministrise-zbardhen-9-faktet-qe-hod\/","url_meta":{"origin":31128,"position":3},"title":"Ja zanafilla e sherrit t\u00eb Ram\u00ebs me SHBA, nga prishja e paktit me Bash\u00ebn e deri te prokurori i SPAK q\u00eb nxori p\u00ebrplasjen e fort\u00eb jasht\u00eb korridoreve t\u00eb Kryeministris\u00eb. &#8211; Zbardhen 9 faktet q\u00eb \u201chodh\u00ebn n\u00eb er\u00eb\u201d raportet e kreut t\u00eb qeveris\u00eb me amerikan\u00ebt","author":"Kurt Farka","date":"December 30, 2022","format":false,"excerpt":"30 Dhjetor 2022 Nga ELMAS BOGDANI Gazeta Sot Kryeministri Edi Rama po tregon nga dita n\u00eb dit\u00eb q\u00eb ka nj\u00eb luft\u00eb t\u00eb hapur me Shtetet e Bashkuara t\u00eb Amerik\u00ebs, Departamentin Amerikan t\u00eb Shtetit dhe me ambasadoren amerikane n\u00eb Tiran\u00eb, Yuri Kim, n\u00eb ve\u00e7anti. Deri para se t\u00eb merrte mandatin e\u2026","rel":"","context":"In &quot;Blogu i Udh\u00ebtarit&quot;","block_context":{"text":"Blogu i Udh\u00ebtarit","link":"https:\/\/www.shqiperia.com\/blog\/category\/blogu-i-udhetarit\/"},"img":{"alt_text":"","src":"https:\/\/i0.wp.com\/www.shqiperia.com\/blog\/wp-content\/uploads\/2022\/12\/800-0-63aec70d588c5.jpg?fit=800%2C395&ssl=1&resize=350%2C200","width":350,"height":200,"srcset":"https:\/\/i0.wp.com\/www.shqiperia.com\/blog\/wp-content\/uploads\/2022\/12\/800-0-63aec70d588c5.jpg?fit=800%2C395&ssl=1&resize=350%2C200 1x, https:\/\/i0.wp.com\/www.shqiperia.com\/blog\/wp-content\/uploads\/2022\/12\/800-0-63aec70d588c5.jpg?fit=800%2C395&ssl=1&resize=525%2C300 1.5x, https:\/\/i0.wp.com\/www.shqiperia.com\/blog\/wp-content\/uploads\/2022\/12\/800-0-63aec70d588c5.jpg?fit=800%2C395&ssl=1&resize=700%2C400 2x"},"classes":[]},{"id":46363,"url":"https:\/\/www.shqiperia.com\/blog\/nese-doni-ndryshim-votoni-per-ndryshimin-ambasadorja-kim-mesazh-te-forte-per-shqiptaret-ata-qe-blejne-vota-jane-kriminele-nese-dikush-iu-ka-vjedhur-per-4-vjet-atehere\/","url_meta":{"origin":31128,"position":4},"title":"\u201cN\u00ebse doni ndryshim votoni p\u00ebr ndryshimin\u201d. Ambasadorja Kim mesazh t\u00eb fort\u00eb p\u00ebr shqiptar\u00ebt: &#8211; Ata q\u00eb blejn\u00eb vota jan\u00eb kriminel\u00eb! N\u00ebse dikush iu ka vjedhur p\u00ebr 4 vjet, at\u00ebher\u00eb\u2026.","author":"Kurt Farka","date":"April 13, 2021","format":false,"excerpt":"\u201cN\u00ebse doni ndryshim votoni p\u00ebr ndryshimin\u201d. Ambasadorja Kim mesazh t\u00eb fort\u00eb p\u00ebr shqiptar\u00ebt: - Ata q\u00eb blejn\u00eb vota jan\u00eb kriminel\u00eb! N\u00ebse dikush iu ka vjedhur p\u00ebr 4 vjet, at\u00ebher\u00eb\u2026. 13 prill 2021 Ambasadorja amerikane n\u00eb Tiran\u00ebs, Yuri Kim i \u00ebsht\u00eb drejtuar me nj\u00eb mesazh t\u00eb fort\u00eb shqiptar\u00ebve p\u00ebr sa i\u2026","rel":"","context":"In &quot;Kultura&quot;","block_context":{"text":"Kultura","link":"https:\/\/www.shqiperia.com\/blog\/category\/kultura\/"},"img":{"alt_text":"","src":"https:\/\/i0.wp.com\/www.shqiperia.com\/blog\/wp-content\/uploads\/2021\/04\/kimm.png?fit=738%2C387&ssl=1&resize=350%2C200","width":350,"height":200,"srcset":"https:\/\/i0.wp.com\/www.shqiperia.com\/blog\/wp-content\/uploads\/2021\/04\/kimm.png?fit=738%2C387&ssl=1&resize=350%2C200 1x, https:\/\/i0.wp.com\/www.shqiperia.com\/blog\/wp-content\/uploads\/2021\/04\/kimm.png?fit=738%2C387&ssl=1&resize=525%2C300 1.5x, https:\/\/i0.wp.com\/www.shqiperia.com\/blog\/wp-content\/uploads\/2021\/04\/kimm.png?fit=738%2C387&ssl=1&resize=700%2C400 2x"},"classes":[]},{"id":53355,"url":"https:\/\/www.shqiperia.com\/blog\/pse-vazhdon-e-flet-yuri-kim-kur-nuk-e-di-pse-u-shpall-non-grata-berisha\/","url_meta":{"origin":31128,"position":5},"title":"Pse vazhdon e flet Yuri Kim kur nuk e di pse u shpall non-grata Berisha?","author":"Kurt Farka","date":"January 21, 2022","format":false,"excerpt":"Pse vazhdon e flet Yuri Kim kur nuk e di pse u shpall non-grata Berisha? Nga Ylli Manjani 20 janar 2022 Meq\u00eb zonja Kim vijon t\u00eb b\u00ebj\u00eb shou mediatik, nuk mund t\u00eb mos komentojm\u00eb mbi ato q\u00eb tha. Zonja Kim thot\u00eb, besoj me shum\u00eb sinqeritet, pavar\u00ebsisht p\u00ebrpjekjes p\u00ebr t\u00eb mbuluar\u2026","rel":"","context":"In &quot;Blogu i Udh\u00ebtarit&quot;","block_context":{"text":"Blogu i Udh\u00ebtarit","link":"https:\/\/www.shqiperia.com\/blog\/category\/blogu-i-udhetarit\/"},"img":{"alt_text":"","src":"https:\/\/i0.wp.com\/www.shqiperia.com\/blog\/wp-content\/uploads\/2022\/01\/640-0-002fe48e1d685249da76c2f41d1e6dbc.jpg?fit=640%2C320&ssl=1&resize=350%2C200","width":350,"height":200,"srcset":"https:\/\/i0.wp.com\/www.shqiperia.com\/blog\/wp-content\/uploads\/2022\/01\/640-0-002fe48e1d685249da76c2f41d1e6dbc.jpg?fit=640%2C320&ssl=1&resize=350%2C200 1x, https:\/\/i0.wp.com\/www.shqiperia.com\/blog\/wp-content\/uploads\/2022\/01\/640-0-002fe48e1d685249da76c2f41d1e6dbc.jpg?fit=640%2C320&ssl=1&resize=525%2C300 1.5x"},"classes":[]}],"_links":{"self":[{"href":"https:\/\/www.shqiperia.com\/blog\/wp-json\/wp\/v2\/posts\/31128","targetHints":{"allow":["GET"]}}],"collection":[{"href":"https:\/\/www.shqiperia.com\/blog\/wp-json\/wp\/v2\/posts"}],"about":[{"href":"https:\/\/www.shqiperia.com\/blog\/wp-json\/wp\/v2\/types\/post"}],"author":[{"embeddable":true,"href":"https:\/\/www.shqiperia.com\/blog\/wp-json\/wp\/v2\/users\/9"}],"replies":[{"embeddable":true,"href":"https:\/\/www.shqiperia.com\/blog\/wp-json\/wp\/v2\/comments?post=31128"}],"version-history":[{"count":1,"href":"https:\/\/www.shqiperia.com\/blog\/wp-json\/wp\/v2\/posts\/31128\/revisions"}],"predecessor-version":[{"id":31130,"href":"https:\/\/www.shqiperia.com\/blog\/wp-json\/wp\/v2\/posts\/31128\/revisions\/31130"}],"wp:featuredmedia":[{"embeddable":true,"href":"https:\/\/www.shqiperia.com\/blog\/wp-json\/wp\/v2\/media\/31129"}],"wp:attachment":[{"href":"https:\/\/www.shqiperia.com\/blog\/wp-json\/wp\/v2\/media?parent=31128"}],"wp:term":[{"taxonomy":"category","embeddable":true,"href":"https:\/\/www.shqiperia.com\/blog\/wp-json\/wp\/v2\/categories?post=31128"},{"taxonomy":"post_tag","embeddable":true,"href":"https:\/\/www.shqiperia.com\/blog\/wp-json\/wp\/v2\/tags?post=31128"}],"curies":[{"name":"wp","href":"https:\/\/api.w.org\/{rel}","templated":true}]}}