{"id":31113,"date":"2020-02-05T01:56:04","date_gmt":"2020-02-05T01:56:04","guid":{"rendered":"https:\/\/www.shqiperia.com\/blog\/?p=31113"},"modified":"2020-02-05T01:56:04","modified_gmt":"2020-02-05T01:56:04","slug":"basha-takon-delegacionin-e-kie-vota-e-garantuar-e-qytetareve-per-zgjedhje-te-pergjithshme-dhe-lokale-sa-me-shpejt","status":"publish","type":"post","link":"https:\/\/www.shqiperia.com\/blog\/basha-takon-delegacionin-e-kie-vota-e-garantuar-e-qytetareve-per-zgjedhje-te-pergjithshme-dhe-lokale-sa-me-shpejt\/","title":{"rendered":"Basha takon delegacionin e KiE: Vota e garantuar e qytetar\u00ebve p\u00ebr zgjedhje t\u00eb p\u00ebrgjithshme dhe lokale sa m\u00eb shpejt"},"content":{"rendered":"<p><img data-recalc-dims=\"1\" loading=\"lazy\" decoding=\"async\" data-attachment-id=\"31114\" data-permalink=\"https:\/\/www.shqiperia.com\/blog\/basha-takon-delegacionin-e-kie-vota-e-garantuar-e-qytetareve-per-zgjedhje-te-pergjithshme-dhe-lokale-sa-me-shpejt\/yry-676x450\/\" data-orig-file=\"https:\/\/i0.wp.com\/www.shqiperia.com\/blog\/wp-content\/uploads\/2020\/02\/yry-676x450-1.jpg?fit=676%2C383&amp;ssl=1\" data-orig-size=\"676,383\" data-comments-opened=\"1\" data-image-meta=\"{&quot;aperture&quot;:&quot;0&quot;,&quot;credit&quot;:&quot;&quot;,&quot;camera&quot;:&quot;&quot;,&quot;caption&quot;:&quot;&quot;,&quot;created_timestamp&quot;:&quot;0&quot;,&quot;copyright&quot;:&quot;&quot;,&quot;focal_length&quot;:&quot;0&quot;,&quot;iso&quot;:&quot;0&quot;,&quot;shutter_speed&quot;:&quot;0&quot;,&quot;title&quot;:&quot;&quot;,&quot;orientation&quot;:&quot;0&quot;}\" data-image-title=\"yry-676&#215;450\" data-image-description=\"\" data-image-caption=\"\" data-medium-file=\"https:\/\/i0.wp.com\/www.shqiperia.com\/blog\/wp-content\/uploads\/2020\/02\/yry-676x450-1.jpg?fit=300%2C170&amp;ssl=1\" data-large-file=\"https:\/\/i0.wp.com\/www.shqiperia.com\/blog\/wp-content\/uploads\/2020\/02\/yry-676x450-1.jpg?fit=676%2C383&amp;ssl=1\" class=\"alignnone  wp-image-31114\" alt=\"\" src=\"https:\/\/i0.wp.com\/www.shqiperia.com\/blog\/wp-content\/uploads\/2020\/02\/yry-676x450-1.jpg?resize=535%2C303&#038;ssl=1\" width=\"535\" height=\"303\" srcset=\"https:\/\/i0.wp.com\/www.shqiperia.com\/blog\/wp-content\/uploads\/2020\/02\/yry-676x450-1.jpg?resize=300%2C170&amp;ssl=1 300w, https:\/\/i0.wp.com\/www.shqiperia.com\/blog\/wp-content\/uploads\/2020\/02\/yry-676x450-1.jpg?resize=450%2C255&amp;ssl=1 450w, https:\/\/i0.wp.com\/www.shqiperia.com\/blog\/wp-content\/uploads\/2020\/02\/yry-676x450-1.jpg?resize=600%2C340&amp;ssl=1 600w, https:\/\/i0.wp.com\/www.shqiperia.com\/blog\/wp-content\/uploads\/2020\/02\/yry-676x450-1.jpg?resize=400%2C227&amp;ssl=1 400w, https:\/\/i0.wp.com\/www.shqiperia.com\/blog\/wp-content\/uploads\/2020\/02\/yry-676x450-1.jpg?w=676&amp;ssl=1 676w\" sizes=\"auto, (max-width: 535px) 100vw, 535px\" \/><\/p>\n<p>Basha takon delegacionin e KiE: Vota e garantuar e qytetar\u00ebve p\u00ebr zgjedhje t\u00eb p\u00ebrgjithshme dhe lokale sa m\u00eb shpejt<\/p>\n<p><em>4 shkurt 2020<\/em><\/p>\n<p><em>\u00a0<\/em><strong>Kreu i PD-s\u00eb, Lulzim Basha priti sot n\u00eb selin\u00eb blu delegacionin e KiE. Me nj\u00eb sh\u00ebnim n\u00eb facebook, Basha shkruan se Shqip\u00ebria e ka jetike mb\u00ebshtetjen nga partner\u00ebt, n\u00eb nj\u00eb koh\u00eb q\u00eb, sipas kreut t\u00eb opozit\u00ebs, ndodhet n\u00eb nj\u00eb kriz\u00eb t\u00eb thell\u00eb.<\/strong><\/p>\n<p>Basha thekson se rruga \u201cp\u00ebr daljen nga kriza kalon nga zbatimi i standarteve demokratike europiane\u201d, duke paralajm\u00ebruar s\u00ebrish zgjedhje t\u00eb parakohshme\u00a0.<\/p>\n<p><img data-recalc-dims=\"1\" loading=\"lazy\" decoding=\"async\" data-attachment-id=\"31115\" data-permalink=\"https:\/\/www.shqiperia.com\/blog\/basha-takon-delegacionin-e-kie-vota-e-garantuar-e-qytetareve-per-zgjedhje-te-pergjithshme-dhe-lokale-sa-me-shpejt\/21edd7b7-c19b-4faf-87da-2770f2a12bb7\/\" data-orig-file=\"https:\/\/i0.wp.com\/www.shqiperia.com\/blog\/wp-content\/uploads\/2020\/02\/21edd7b7-c19b-4faf-87da-2770f2a12bb7.jpg?fit=929%2C619&amp;ssl=1\" data-orig-size=\"929,619\" data-comments-opened=\"1\" data-image-meta=\"{&quot;aperture&quot;:&quot;0&quot;,&quot;credit&quot;:&quot;&quot;,&quot;camera&quot;:&quot;&quot;,&quot;caption&quot;:&quot;&quot;,&quot;created_timestamp&quot;:&quot;0&quot;,&quot;copyright&quot;:&quot;&quot;,&quot;focal_length&quot;:&quot;0&quot;,&quot;iso&quot;:&quot;0&quot;,&quot;shutter_speed&quot;:&quot;0&quot;,&quot;title&quot;:&quot;&quot;,&quot;orientation&quot;:&quot;0&quot;}\" data-image-title=\"21edd7b7-c19b-4faf-87da-2770f2a12bb7\" data-image-description=\"\" data-image-caption=\"\" data-medium-file=\"https:\/\/i0.wp.com\/www.shqiperia.com\/blog\/wp-content\/uploads\/2020\/02\/21edd7b7-c19b-4faf-87da-2770f2a12bb7.jpg?fit=300%2C200&amp;ssl=1\" data-large-file=\"https:\/\/i0.wp.com\/www.shqiperia.com\/blog\/wp-content\/uploads\/2020\/02\/21edd7b7-c19b-4faf-87da-2770f2a12bb7.jpg?fit=929%2C619&amp;ssl=1\" class=\"alignnone  wp-image-31115\" alt=\"\" src=\"https:\/\/i0.wp.com\/www.shqiperia.com\/blog\/wp-content\/uploads\/2020\/02\/21edd7b7-c19b-4faf-87da-2770f2a12bb7.jpg?resize=758%2C505&#038;ssl=1\" width=\"758\" height=\"505\" srcset=\"https:\/\/i0.wp.com\/www.shqiperia.com\/blog\/wp-content\/uploads\/2020\/02\/21edd7b7-c19b-4faf-87da-2770f2a12bb7.jpg?resize=300%2C200&amp;ssl=1 300w, https:\/\/i0.wp.com\/www.shqiperia.com\/blog\/wp-content\/uploads\/2020\/02\/21edd7b7-c19b-4faf-87da-2770f2a12bb7.jpg?resize=768%2C512&amp;ssl=1 768w, https:\/\/i0.wp.com\/www.shqiperia.com\/blog\/wp-content\/uploads\/2020\/02\/21edd7b7-c19b-4faf-87da-2770f2a12bb7.jpg?resize=600%2C400&amp;ssl=1 600w, https:\/\/i0.wp.com\/www.shqiperia.com\/blog\/wp-content\/uploads\/2020\/02\/21edd7b7-c19b-4faf-87da-2770f2a12bb7.jpg?resize=450%2C300&amp;ssl=1 450w, https:\/\/i0.wp.com\/www.shqiperia.com\/blog\/wp-content\/uploads\/2020\/02\/21edd7b7-c19b-4faf-87da-2770f2a12bb7.jpg?resize=400%2C267&amp;ssl=1 400w, https:\/\/i0.wp.com\/www.shqiperia.com\/blog\/wp-content\/uploads\/2020\/02\/21edd7b7-c19b-4faf-87da-2770f2a12bb7.jpg?w=929&amp;ssl=1 929w\" sizes=\"auto, (max-width: 758px) 100vw, 758px\" \/><\/p>\n<p><strong>Postimi i plot\u00eb:<\/strong><\/p>\n<p>Gjat\u00eb takimit me Presidentin e Kongresit t\u00eb Autoriteteve Lokale t\u00eb K\u00ebshillit t\u00eb Europ\u00ebs, Z. Anders Knape, Sekretarin e P\u00ebrgjithsh\u00ebm Andreas Kiefer, Presidenten e Dhom\u00ebs s\u00eb Rajoneve znj. Ms Gunn Marit HELGESEN, Presidentin e Dhom\u00ebs s\u00eb Autoriteteve lokale z. Xavier CADORET, dhe delegacionin q\u00eb i shoq\u00ebronte, ju shpreha mir\u00ebnjohjen p\u00ebr v\u00ebmendjen q\u00eb ky institucion ka treguar p\u00ebrher\u00eb ndaj vendot ton\u00eb.<\/p>\n<p>Shqip\u00ebria e cila ndodhet n\u00eb nj\u00eb kriz\u00eb t\u00eb thell\u00eb politike dhe ekonomike, ku korrupsioni e krimi i lidhur me politik\u00ebn po g\u00ebrryen themelet e shoq\u00ebris\u00eb dhe shqiptar\u00ebt po largohen \u00e7do dit\u00eb, e ka jetike ndihm\u00ebn dhe mb\u00ebshtetjen e miqve dhe partner\u00ebve tan\u00eb.<\/p>\n<p>Rruga p\u00ebr daljen nga kriza kalon nga zbatimi i standarteve demokratike europiane, forcimi i rolit t\u00eb qytetar\u00ebve q\u00eb nis me garantimin e vot\u00ebs, duke ju dh\u00ebn\u00eb mund\u00ebsi atyre, q\u00eb t\u00eb lir\u00eb nga diktati i krimit dhe parat\u00eb e korrupsionit, t\u00eb vendosin p\u00ebr qeverin\u00eb e tyre vendore dhe qendrore sa m\u00eb shpejt.<\/p>\n<p><img data-recalc-dims=\"1\" loading=\"lazy\" decoding=\"async\" data-attachment-id=\"31117\" data-permalink=\"https:\/\/www.shqiperia.com\/blog\/basha-takon-delegacionin-e-kie-vota-e-garantuar-e-qytetareve-per-zgjedhje-te-pergjithshme-dhe-lokale-sa-me-shpejt\/54fb002f-2b49-4148-b083-338e0f29dd5f\/\" data-orig-file=\"https:\/\/i0.wp.com\/www.shqiperia.com\/blog\/wp-content\/uploads\/2020\/02\/54fb002f-2b49-4148-b083-338e0f29dd5f.jpg?fit=1024%2C682&amp;ssl=1\" data-orig-size=\"1024,682\" data-comments-opened=\"1\" data-image-meta=\"{&quot;aperture&quot;:&quot;0&quot;,&quot;credit&quot;:&quot;&quot;,&quot;camera&quot;:&quot;&quot;,&quot;caption&quot;:&quot;&quot;,&quot;created_timestamp&quot;:&quot;0&quot;,&quot;copyright&quot;:&quot;&quot;,&quot;focal_length&quot;:&quot;0&quot;,&quot;iso&quot;:&quot;0&quot;,&quot;shutter_speed&quot;:&quot;0&quot;,&quot;title&quot;:&quot;&quot;,&quot;orientation&quot;:&quot;0&quot;}\" data-image-title=\"54fb002f-2b49-4148-b083-338e0f29dd5f\" data-image-description=\"\" data-image-caption=\"\" data-medium-file=\"https:\/\/i0.wp.com\/www.shqiperia.com\/blog\/wp-content\/uploads\/2020\/02\/54fb002f-2b49-4148-b083-338e0f29dd5f.jpg?fit=300%2C200&amp;ssl=1\" data-large-file=\"https:\/\/i0.wp.com\/www.shqiperia.com\/blog\/wp-content\/uploads\/2020\/02\/54fb002f-2b49-4148-b083-338e0f29dd5f.jpg?fit=1024%2C682&amp;ssl=1\" class=\"alignnone  wp-image-31117\" alt=\"\" src=\"https:\/\/i0.wp.com\/www.shqiperia.com\/blog\/wp-content\/uploads\/2020\/02\/54fb002f-2b49-4148-b083-338e0f29dd5f.jpg?resize=624%2C416&#038;ssl=1\" width=\"624\" height=\"416\" srcset=\"https:\/\/i0.wp.com\/www.shqiperia.com\/blog\/wp-content\/uploads\/2020\/02\/54fb002f-2b49-4148-b083-338e0f29dd5f.jpg?resize=300%2C200&amp;ssl=1 300w, https:\/\/i0.wp.com\/www.shqiperia.com\/blog\/wp-content\/uploads\/2020\/02\/54fb002f-2b49-4148-b083-338e0f29dd5f.jpg?resize=768%2C512&amp;ssl=1 768w, https:\/\/i0.wp.com\/www.shqiperia.com\/blog\/wp-content\/uploads\/2020\/02\/54fb002f-2b49-4148-b083-338e0f29dd5f.jpg?resize=600%2C400&amp;ssl=1 600w, https:\/\/i0.wp.com\/www.shqiperia.com\/blog\/wp-content\/uploads\/2020\/02\/54fb002f-2b49-4148-b083-338e0f29dd5f.jpg?resize=450%2C300&amp;ssl=1 450w, https:\/\/i0.wp.com\/www.shqiperia.com\/blog\/wp-content\/uploads\/2020\/02\/54fb002f-2b49-4148-b083-338e0f29dd5f.jpg?resize=400%2C266&amp;ssl=1 400w, https:\/\/i0.wp.com\/www.shqiperia.com\/blog\/wp-content\/uploads\/2020\/02\/54fb002f-2b49-4148-b083-338e0f29dd5f.jpg?w=1024&amp;ssl=1 1024w\" sizes=\"auto, (max-width: 624px) 100vw, 624px\" \/><\/p>\n<p><img data-recalc-dims=\"1\" loading=\"lazy\" decoding=\"async\" data-attachment-id=\"31118\" data-permalink=\"https:\/\/www.shqiperia.com\/blog\/basha-takon-delegacionin-e-kie-vota-e-garantuar-e-qytetareve-per-zgjedhje-te-pergjithshme-dhe-lokale-sa-me-shpejt\/8ef38801-1e6a-491a-8a93-05b5e0c2ab00-2\/\" data-orig-file=\"https:\/\/i0.wp.com\/www.shqiperia.com\/blog\/wp-content\/uploads\/2020\/02\/8ef38801-1e6a-491a-8a93-05b5e0c2ab00-1.jpg?fit=1019%2C679&amp;ssl=1\" data-orig-size=\"1019,679\" data-comments-opened=\"1\" data-image-meta=\"{&quot;aperture&quot;:&quot;0&quot;,&quot;credit&quot;:&quot;&quot;,&quot;camera&quot;:&quot;&quot;,&quot;caption&quot;:&quot;&quot;,&quot;created_timestamp&quot;:&quot;0&quot;,&quot;copyright&quot;:&quot;&quot;,&quot;focal_length&quot;:&quot;0&quot;,&quot;iso&quot;:&quot;0&quot;,&quot;shutter_speed&quot;:&quot;0&quot;,&quot;title&quot;:&quot;&quot;,&quot;orientation&quot;:&quot;0&quot;}\" data-image-title=\"8ef38801-1e6a-491a-8a93-05b5e0c2ab00\" data-image-description=\"\" data-image-caption=\"\" data-medium-file=\"https:\/\/i0.wp.com\/www.shqiperia.com\/blog\/wp-content\/uploads\/2020\/02\/8ef38801-1e6a-491a-8a93-05b5e0c2ab00-1.jpg?fit=300%2C200&amp;ssl=1\" data-large-file=\"https:\/\/i0.wp.com\/www.shqiperia.com\/blog\/wp-content\/uploads\/2020\/02\/8ef38801-1e6a-491a-8a93-05b5e0c2ab00-1.jpg?fit=1019%2C679&amp;ssl=1\" class=\"alignnone  wp-image-31118\" alt=\"\" src=\"https:\/\/i0.wp.com\/www.shqiperia.com\/blog\/wp-content\/uploads\/2020\/02\/8ef38801-1e6a-491a-8a93-05b5e0c2ab00-1.jpg?resize=623%2C415&#038;ssl=1\" width=\"623\" height=\"415\" srcset=\"https:\/\/i0.wp.com\/www.shqiperia.com\/blog\/wp-content\/uploads\/2020\/02\/8ef38801-1e6a-491a-8a93-05b5e0c2ab00-1.jpg?resize=300%2C200&amp;ssl=1 300w, https:\/\/i0.wp.com\/www.shqiperia.com\/blog\/wp-content\/uploads\/2020\/02\/8ef38801-1e6a-491a-8a93-05b5e0c2ab00-1.jpg?resize=768%2C512&amp;ssl=1 768w, https:\/\/i0.wp.com\/www.shqiperia.com\/blog\/wp-content\/uploads\/2020\/02\/8ef38801-1e6a-491a-8a93-05b5e0c2ab00-1.jpg?resize=600%2C400&amp;ssl=1 600w, https:\/\/i0.wp.com\/www.shqiperia.com\/blog\/wp-content\/uploads\/2020\/02\/8ef38801-1e6a-491a-8a93-05b5e0c2ab00-1.jpg?resize=450%2C300&amp;ssl=1 450w, https:\/\/i0.wp.com\/www.shqiperia.com\/blog\/wp-content\/uploads\/2020\/02\/8ef38801-1e6a-491a-8a93-05b5e0c2ab00-1.jpg?resize=400%2C267&amp;ssl=1 400w, https:\/\/i0.wp.com\/www.shqiperia.com\/blog\/wp-content\/uploads\/2020\/02\/8ef38801-1e6a-491a-8a93-05b5e0c2ab00-1.jpg?w=1019&amp;ssl=1 1019w\" sizes=\"auto, (max-width: 623px) 100vw, 623px\" \/><\/p>\n<p>Gazeta Panorama<\/p>\n","protected":false},"excerpt":{"rendered":"<p>Basha takon delegacionin e KiE: Vota e garantuar e qytetar\u00ebve p\u00ebr zgjedhje t\u00eb p\u00ebrgjithshme dhe lokale sa m\u00eb shpejt 4 shkurt 2020 \u00a0Kreu i PD-s\u00eb, Lulzim Basha priti sot n\u00eb selin\u00eb blu delegacionin e KiE. Me nj\u00eb sh\u00ebnim n\u00eb facebook, Basha shkruan se Shqip\u00ebria e ka jetike mb\u00ebshtetjen nga partner\u00ebt, n\u00eb nj\u00eb koh\u00eb q\u00eb, sipas [&hellip;]<\/p>\n","protected":false},"author":9,"featured_media":31114,"comment_status":"open","ping_status":"open","sticky":false,"template":"","format":"standard","meta":{"jetpack_post_was_ever_published":false,"_jetpack_newsletter_access":"","_jetpack_dont_email_post_to_subs":false,"_jetpack_newsletter_tier_id":0,"_jetpack_memberships_contains_paywalled_content":false,"_jetpack_memberships_contains_paid_content":false,"footnotes":"","jetpack_publicize_message":"","jetpack_publicize_feature_enabled":true,"jetpack_social_post_already_shared":true,"jetpack_social_options":{"image_generator_settings":{"template":"highway","default_image_id":0,"font":"","enabled":false},"version":2}},"categories":[1,2],"tags":[],"class_list":["post-31113","post","type-post","status-publish","format-standard","has-post-thumbnail","hentry","category-njoftime-shtypi","category-politika"],"jetpack_publicize_connections":[],"jetpack_featured_media_url":"https:\/\/i0.wp.com\/www.shqiperia.com\/blog\/wp-content\/uploads\/2020\/02\/yry-676x450-1.jpg?fit=676%2C383&ssl=1","jetpack_sharing_enabled":true,"jetpack_shortlink":"https:\/\/wp.me\/p5Z6wp-85P","jetpack-related-posts":[{"id":27859,"url":"https:\/\/www.shqiperia.com\/blog\/basha-shqiperia-ska-asnje-bashki-shume-shpejt-zgjedhje-te-parakohshme-parlamentare-e-lokale\/","url_meta":{"origin":31113,"position":0},"title":"Basha: &#8211; Shqip\u00ebria s\u2019ka asnj\u00eb bashki. Shum\u00eb shpejt zgjedhje t\u00eb parakohshme parlamentare e lokale. &#8211;","author":"Kurt Farka","date":"November 6, 2019","format":false,"excerpt":"Basha: - Shqip\u00ebria s\u2019ka asnj\u00eb bashki. Shum\u00eb shpejt zgjedhje t\u00eb parakohshme parlamentare e lokale 6 nentor 2019 Nga Shkodra, kreu\u00a0 i PD, Lulzim Basha tha se shum\u00eb shpejt do t\u00eb ket\u00eb zgjedhje t\u00eb parakohshme parlamentare dhe lokale. Jasht\u00eb takimit me t\u00eb rinjt\u00eb, Basha tha se kryetar bashkis\u00eb nuk ka n\u00eb\u2026","rel":"","context":"In &quot;Blogu i Udh\u00ebtarit&quot;","block_context":{"text":"Blogu i Udh\u00ebtarit","link":"https:\/\/www.shqiperia.com\/blog\/category\/blogu-i-udhetarit\/"},"img":{"alt_text":"","src":"https:\/\/i0.wp.com\/www.shqiperia.com\/blog\/wp-content\/uploads\/2019\/11\/7880-94-Copy.jpg?fit=548%2C329&ssl=1&resize=350%2C200","width":350,"height":200,"srcset":"https:\/\/i0.wp.com\/www.shqiperia.com\/blog\/wp-content\/uploads\/2019\/11\/7880-94-Copy.jpg?fit=548%2C329&ssl=1&resize=350%2C200 1x, https:\/\/i0.wp.com\/www.shqiperia.com\/blog\/wp-content\/uploads\/2019\/11\/7880-94-Copy.jpg?fit=548%2C329&ssl=1&resize=525%2C300 1.5x"},"classes":[]},{"id":31099,"url":"https:\/\/www.shqiperia.com\/blog\/votimet-lokale-moniste-te-ps-kie-zbarkon-ne-tirane\/","url_meta":{"origin":31113,"position":1},"title":"Votimet Lokale Moniste t\u00eb PS, KiE zbarkon n\u00eb Tiran\u00eb","author":"Kurt Farka","date":"February 5, 2020","format":false,"excerpt":"Votimet Lokale Moniste t\u00eb PS, KiE zbarkon n\u00eb Tiran\u00eb 04\/02\/2020 \u00a0 K\u00ebshilli i Europ\u00ebs ka d\u00ebrguar n\u00eb Tiran\u00eb delegacionin e nivelit m\u00eb t\u00eb lart\u00eb t\u00eb Kongresit t\u00eb Autoriteteve Lokale. Misioni faktmbledh\u00ebs ka q\u00ebllim kryesor t\u00eb vizit\u00ebs pik\u00ebrisht situat\u00ebn n\u00eb Shqip\u00ebri pas zgjedhjeve lokale moniste t\u00eb 30 qershorit. P\u00ebr t\u2019u njohur\u2026","rel":"","context":"In &quot;Blogu i Udh\u00ebtarit&quot;","block_context":{"text":"Blogu i Udh\u00ebtarit","link":"https:\/\/www.shqiperia.com\/blog\/category\/blogu-i-udhetarit\/"},"img":{"alt_text":"","src":"https:\/\/i0.wp.com\/www.shqiperia.com\/blog\/wp-content\/uploads\/2020\/02\/download.png?fit=474%2C261&ssl=1&resize=350%2C200","width":350,"height":200},"classes":[]},{"id":80209,"url":"https:\/\/www.shqiperia.com\/blog\/vota-e-deputeteve-te-melonit-kunder-kosoves-ne-kie\/","url_meta":{"origin":31113,"position":2},"title":"Vota e deputet\u00ebve t\u00eb Melonit kund\u00ebr Kosov\u00ebs n\u00eb KiE.","author":"Kurt Farka","date":"April 17, 2024","format":false,"excerpt":"17 Prill 2024 Kryedemokrati Lulzim Basha \u00ebsht\u00eb shprehur se nuk priste q\u00eb deputet\u00eb t\u00eb Partis\u00eb s\u00eb kryeministres s\u00eb Italis\u00eb, Giorgia Melonit, t\u00eb votonin kund\u00ebr an\u00ebtar\u00ebsimit t\u00eb Kosov\u00ebs n\u00eb KiE n\u00eb Asamblen\u00eb Parlamentare. Komentet Basha i b\u00ebri n\u00eb nj\u00eb intervist\u00eb televizive, ku tha se vota kund\u00ebr e Fratelli D\u2019Italia ishte nj\u00eb\u2026","rel":"","context":"In &quot;Blogu i Udh\u00ebtarit&quot;","block_context":{"text":"Blogu i Udh\u00ebtarit","link":"https:\/\/www.shqiperia.com\/blog\/category\/blogu-i-udhetarit\/"},"img":{"alt_text":"","src":"https:\/\/i0.wp.com\/www.shqiperia.com\/blog\/wp-content\/uploads\/2024\/04\/800-0-6551ead3d9eaf.png?fit=800%2C440&ssl=1&resize=350%2C200","width":350,"height":200,"srcset":"https:\/\/i0.wp.com\/www.shqiperia.com\/blog\/wp-content\/uploads\/2024\/04\/800-0-6551ead3d9eaf.png?fit=800%2C440&ssl=1&resize=350%2C200 1x, https:\/\/i0.wp.com\/www.shqiperia.com\/blog\/wp-content\/uploads\/2024\/04\/800-0-6551ead3d9eaf.png?fit=800%2C440&ssl=1&resize=525%2C300 1.5x, https:\/\/i0.wp.com\/www.shqiperia.com\/blog\/wp-content\/uploads\/2024\/04\/800-0-6551ead3d9eaf.png?fit=800%2C440&ssl=1&resize=700%2C400 2x"},"classes":[]},{"id":23154,"url":"https:\/\/www.shqiperia.com\/blog\/me-13-tetor-edhe-zgjedhje-presidenciale-permes-ndryshimeve-kushtetuese-basha-tregon-cfare-diskutoi-me-presidentin-meta16-korrik-2019\/","url_meta":{"origin":31113,"position":3},"title":"\u201cM\u00eb 13 tetor edhe zgjedhje Presidenciale p\u00ebrmes ndryshimeve kushtetuese\u201d- Basha tregon \u00e7far\u00eb diskutoi me Presidentin Meta16 korrik 2019","author":"Kurt Farka","date":"July 16, 2019","format":false,"excerpt":"\u201cM\u00eb 13 tetor edhe zgjedhje Presidenciale p\u00ebrmes ndryshimeve kushtetuese\u201d- Basha tregon \u00e7far\u00eb diskutoi me Presidentin Meta16 korrik 2019 Kreu i Partis\u00eb Demokratike, Lulzim Basha tha se kishte diskutuar me Presidentin Ilir Meta p\u00ebr zgjedhjet e 13 tetorit. \u00a0\u201cKreu i shtetit mendon se 13 tetori \u00ebsht\u00eb nj\u00eb mund\u00ebsi p\u00ebr daljen nga\u2026","rel":"","context":"In &quot;Blogu i Udh\u00ebtarit&quot;","block_context":{"text":"Blogu i Udh\u00ebtarit","link":"https:\/\/www.shqiperia.com\/blog\/category\/blogu-i-udhetarit\/"},"img":{"alt_text":"","src":"https:\/\/i0.wp.com\/www.shqiperia.com\/blog\/wp-content\/uploads\/2019\/07\/basha2.png?fit=754%2C475&ssl=1&resize=350%2C200","width":350,"height":200,"srcset":"https:\/\/i0.wp.com\/www.shqiperia.com\/blog\/wp-content\/uploads\/2019\/07\/basha2.png?fit=754%2C475&ssl=1&resize=350%2C200 1x, https:\/\/i0.wp.com\/www.shqiperia.com\/blog\/wp-content\/uploads\/2019\/07\/basha2.png?fit=754%2C475&ssl=1&resize=525%2C300 1.5x, https:\/\/i0.wp.com\/www.shqiperia.com\/blog\/wp-content\/uploads\/2019\/07\/basha2.png?fit=754%2C475&ssl=1&resize=700%2C400 2x"},"classes":[]},{"id":30983,"url":"https:\/\/www.shqiperia.com\/blog\/cfare-eshte-planifikuar-delegacioni-i-larte-i-kie-zbarkon-ne-tirane-zbardhet-axhenda\/","url_meta":{"origin":31113,"position":4},"title":"\u00c7far\u00eb \u00ebsht\u00eb planifikuar? Delegacioni i lart\u00eb i KiE zbarkon n\u00eb Tiran\u00eb, zbardhet axhenda","author":"Kurt Farka","date":"February 3, 2020","format":false,"excerpt":"\u00c7far\u00eb \u00ebsht\u00eb planifikuar? Delegacioni i lart\u00eb i KiE zbarkon n\u00eb Tiran\u00eb, zbardhet axhenda 31 JANAR 2020 N\u00eb fillim t\u00eb shkurtit pritet q\u00eb n\u00eb Tiran\u00eb t\u00eb zbarkoj\u00eb nj\u00eb delegacion i nivelit t\u00eb lart\u00eb t\u00eb KiE. N\u00eb qend\u00ebr t\u00eb diskutimeve do jen\u00eb zhvillimet pas \u201930 qershorit\u2019. Dihet tashm\u00eb se standardet e k\u00ebtyre\u2026","rel":"","context":"In &quot;Blogu i Udh\u00ebtarit&quot;","block_context":{"text":"Blogu i Udh\u00ebtarit","link":"https:\/\/www.shqiperia.com\/blog\/category\/blogu-i-udhetarit\/"},"img":{"alt_text":"","src":"https:\/\/i0.wp.com\/www.shqiperia.com\/blog\/wp-content\/uploads\/2020\/02\/800-480-5e34137e2cb77.jpg?fit=800%2C480&ssl=1&resize=350%2C200","width":350,"height":200,"srcset":"https:\/\/i0.wp.com\/www.shqiperia.com\/blog\/wp-content\/uploads\/2020\/02\/800-480-5e34137e2cb77.jpg?fit=800%2C480&ssl=1&resize=350%2C200 1x, https:\/\/i0.wp.com\/www.shqiperia.com\/blog\/wp-content\/uploads\/2020\/02\/800-480-5e34137e2cb77.jpg?fit=800%2C480&ssl=1&resize=525%2C300 1.5x, https:\/\/i0.wp.com\/www.shqiperia.com\/blog\/wp-content\/uploads\/2020\/02\/800-480-5e34137e2cb77.jpg?fit=800%2C480&ssl=1&resize=700%2C400 2x"},"classes":[]},{"id":35533,"url":"https:\/\/www.shqiperia.com\/blog\/ps-gati-te-leshoje-pushtetin-vendor-se-shpejti-zgjedhje-lokale-ndoshta\/","url_meta":{"origin":31113,"position":5},"title":"PS gati t\u00eb l\u00ebshoj\u00eb pushtetin vendor. &#8211; Se shpejti Zgjedhje Lokale, ndoshta &#8230;","author":"Kurt Farka","date":"June 8, 2020","format":false,"excerpt":"PS gati t\u00eb l\u00ebshoj\u00eb pushtetin vendor. - Se shpejti Zgjedhje Lokale, ndoshta ... 8 QERSHOR 2020 Partia Demokratike ka ndezur motor\u00ebt p\u00ebr zgjedhje. Dje kryedemokrati Lulzim Basha zhvilloi nj\u00eb mbledhje me kryesin\u00eb e partis\u00eb, ku propozoi nisjen e procesit t\u00eb p\u00ebrzgjedhjes, konsultimit dhe seleksionimit t\u00eb kandidaturave p\u00ebr zgjedhjet parlamentare dhe\u2026","rel":"","context":"In &quot;Blogu i Udh\u00ebtarit&quot;","block_context":{"text":"Blogu i Udh\u00ebtarit","link":"https:\/\/www.shqiperia.com\/blog\/category\/blogu-i-udhetarit\/"},"img":{"alt_text":"","src":"https:\/\/i0.wp.com\/www.shqiperia.com\/blog\/wp-content\/uploads\/2020\/06\/Rama-Dako.jpg?fit=539%2C305&ssl=1&resize=350%2C200","width":350,"height":200,"srcset":"https:\/\/i0.wp.com\/www.shqiperia.com\/blog\/wp-content\/uploads\/2020\/06\/Rama-Dako.jpg?fit=539%2C305&ssl=1&resize=350%2C200 1x, https:\/\/i0.wp.com\/www.shqiperia.com\/blog\/wp-content\/uploads\/2020\/06\/Rama-Dako.jpg?fit=539%2C305&ssl=1&resize=525%2C300 1.5x"},"classes":[]}],"_links":{"self":[{"href":"https:\/\/www.shqiperia.com\/blog\/wp-json\/wp\/v2\/posts\/31113","targetHints":{"allow":["GET"]}}],"collection":[{"href":"https:\/\/www.shqiperia.com\/blog\/wp-json\/wp\/v2\/posts"}],"about":[{"href":"https:\/\/www.shqiperia.com\/blog\/wp-json\/wp\/v2\/types\/post"}],"author":[{"embeddable":true,"href":"https:\/\/www.shqiperia.com\/blog\/wp-json\/wp\/v2\/users\/9"}],"replies":[{"embeddable":true,"href":"https:\/\/www.shqiperia.com\/blog\/wp-json\/wp\/v2\/comments?post=31113"}],"version-history":[{"count":1,"href":"https:\/\/www.shqiperia.com\/blog\/wp-json\/wp\/v2\/posts\/31113\/revisions"}],"predecessor-version":[{"id":31119,"href":"https:\/\/www.shqiperia.com\/blog\/wp-json\/wp\/v2\/posts\/31113\/revisions\/31119"}],"wp:featuredmedia":[{"embeddable":true,"href":"https:\/\/www.shqiperia.com\/blog\/wp-json\/wp\/v2\/media\/31114"}],"wp:attachment":[{"href":"https:\/\/www.shqiperia.com\/blog\/wp-json\/wp\/v2\/media?parent=31113"}],"wp:term":[{"taxonomy":"category","embeddable":true,"href":"https:\/\/www.shqiperia.com\/blog\/wp-json\/wp\/v2\/categories?post=31113"},{"taxonomy":"post_tag","embeddable":true,"href":"https:\/\/www.shqiperia.com\/blog\/wp-json\/wp\/v2\/tags?post=31113"}],"curies":[{"name":"wp","href":"https:\/\/api.w.org\/{rel}","templated":true}]}}