{"id":31109,"date":"2020-02-05T01:15:08","date_gmt":"2020-02-05T01:15:08","guid":{"rendered":"https:\/\/www.shqiperia.com\/blog\/?p=31109"},"modified":"2020-02-05T01:15:27","modified_gmt":"2020-02-05T01:15:27","slug":"rudina-xhunga-ben-reagimin-qe-nuk-pritej-cfaj-ka-lul-berisha-shkoni-kerkoni-parate-tek-gjushi","status":"publish","type":"post","link":"https:\/\/www.shqiperia.com\/blog\/rudina-xhunga-ben-reagimin-qe-nuk-pritej-cfaj-ka-lul-berisha-shkoni-kerkoni-parate-tek-gjushi\/","title":{"rendered":"Rudina Xhunga b\u00ebn reagimin q\u00eb nuk pritej: \u00c7\u2019faj ka Lul Berisha? Shkoni k\u00ebrkoni parat\u00eb tek&#8230; Gjushi"},"content":{"rendered":"<p><img data-recalc-dims=\"1\" loading=\"lazy\" decoding=\"async\" data-attachment-id=\"31110\" data-permalink=\"https:\/\/www.shqiperia.com\/blog\/rudina-xhunga-ben-reagimin-qe-nuk-pritej-cfaj-ka-lul-berisha-shkoni-kerkoni-parate-tek-gjushi\/640-0-5e3977f035b0c\/\" data-orig-file=\"https:\/\/i0.wp.com\/www.shqiperia.com\/blog\/wp-content\/uploads\/2020\/02\/640-0-5e3977f035b0c.png?fit=640%2C401&amp;ssl=1\" data-orig-size=\"640,401\" data-comments-opened=\"1\" data-image-meta=\"{&quot;aperture&quot;:&quot;0&quot;,&quot;credit&quot;:&quot;&quot;,&quot;camera&quot;:&quot;&quot;,&quot;caption&quot;:&quot;&quot;,&quot;created_timestamp&quot;:&quot;0&quot;,&quot;copyright&quot;:&quot;&quot;,&quot;focal_length&quot;:&quot;0&quot;,&quot;iso&quot;:&quot;0&quot;,&quot;shutter_speed&quot;:&quot;0&quot;,&quot;title&quot;:&quot;&quot;,&quot;orientation&quot;:&quot;0&quot;}\" data-image-title=\"-640-0-5e3977f035b0c\" data-image-description=\"\" data-image-caption=\"\" data-medium-file=\"https:\/\/i0.wp.com\/www.shqiperia.com\/blog\/wp-content\/uploads\/2020\/02\/640-0-5e3977f035b0c.png?fit=300%2C188&amp;ssl=1\" data-large-file=\"https:\/\/i0.wp.com\/www.shqiperia.com\/blog\/wp-content\/uploads\/2020\/02\/640-0-5e3977f035b0c.png?fit=640%2C401&amp;ssl=1\" class=\"alignnone wp-image-31110\" alt=\"\" src=\"https:\/\/i0.wp.com\/www.shqiperia.com\/blog\/wp-content\/uploads\/2020\/02\/640-0-5e3977f035b0c.png?resize=600%2C376&#038;ssl=1\" width=\"600\" height=\"376\" srcset=\"https:\/\/i0.wp.com\/www.shqiperia.com\/blog\/wp-content\/uploads\/2020\/02\/640-0-5e3977f035b0c.png?resize=300%2C188&amp;ssl=1 300w, https:\/\/i0.wp.com\/www.shqiperia.com\/blog\/wp-content\/uploads\/2020\/02\/640-0-5e3977f035b0c.png?resize=450%2C282&amp;ssl=1 450w, https:\/\/i0.wp.com\/www.shqiperia.com\/blog\/wp-content\/uploads\/2020\/02\/640-0-5e3977f035b0c.png?resize=600%2C376&amp;ssl=1 600w, https:\/\/i0.wp.com\/www.shqiperia.com\/blog\/wp-content\/uploads\/2020\/02\/640-0-5e3977f035b0c.png?resize=400%2C251&amp;ssl=1 400w, https:\/\/i0.wp.com\/www.shqiperia.com\/blog\/wp-content\/uploads\/2020\/02\/640-0-5e3977f035b0c.png?w=640&amp;ssl=1 640w\" sizes=\"auto, (max-width: 600px) 100vw, 600px\" \/><\/p>\n<p>Rudina Xhunga b\u00ebn reagimin q\u00eb nuk pritej: \u00c7\u2019faj ka Lul Berisha? Shkoni k\u00ebrkoni parat\u00eb tek&#8230;\u00a0 Gjushi<\/p>\n<p>4 SHKURT 2020<\/p>\n<p>Gazetarja e njohur Rudina Xhunga ka komentuar paket\u00ebn anti-K\u00c7K dhe dy l\u00ebvizjet e bujshme dit\u00ebn e sotme ndaj Lulzim Berish\u00ebs dhe Ardian \u00c7apjas.<\/p>\n<p>\u201cI pari apo i fundi \u00e7\u2019r\u00ebnd\u00ebsi ka, r\u00ebnd\u00ebsi ka q\u00eb opozita dha nj\u00eb em\u00ebr. Le t\u00eb japin emra, t\u00eb gjith\u00eb kemi t\u00eb drejt\u00eb t\u00eb japim emra. Un\u00eb d\u00ebgjova Lulzim Berish\u00ebn sot dhe menj\u00ebher\u00eb e di ku m\u00eb shkoi mendja? Po Lulzim Berisha po b\u00ebn pun\u00eb vullnetare n\u00eb Durr\u00ebs, \u00e7far\u00eb faji ka Lulzim Berisha. Ai q\u00eb e mori p\u00ebr t\u00eb b\u00ebr\u00eb pun\u00eb vullnetare n\u00eb Durr\u00ebs ishte Vangjush Dako, k\u00ebrko parat\u00eb e Vangjush Dakos. Sepse n\u00ebse Lul Berisha ka b\u00ebr\u00eb para dhe ka siguruar lirin\u00eb e tij, dikujt ia ka dh\u00ebn\u00eb t\u00eb siguroj\u00eb lirin\u00eb e tij. K\u00ebshtu q\u00eb shqet\u00ebsimi im real \u00ebsht\u00eb q\u00eb kriminel\u00ebt i kan\u00eb paguar politikan\u00ebt. Shqet\u00ebsimi real jan\u00eb politikan\u00ebt n\u00eb k\u00ebt\u00eb vend, klasa politike e f\u00eblliqur e k\u00ebtij vendi. Ka marr\u00eb peng t\u00eb ardhmen, besimin q\u00eb ky vend b\u00ebhet dhe k\u00ebta tani duhet t\u00eb tregojn\u00eb xhepat. Besimi im i madh \u00ebsht\u00eb tek SPAK-u. Ti i v\u00eb emra gj\u00ebrave por ajo q\u00eb un\u00eb dua \u00ebsht\u00eb q\u00eb t\u00eb krijohet besimi n\u00eb vend se po vodhe do shkosh n\u00eb burg.<br \/>\nK\u00ebtu \u00ebsht\u00eb krijuar atmosfera p\u00ebr t\u00eb ndihmuar hajdutin, prostitut\u00ebn, drogaxhiun, \u00ebsht\u00eb krijuar nj\u00eb atmosfer\u00eb e till\u00eb q\u00eb vesi \u00ebsht\u00eb b\u00ebr\u00eb virtyt. Prandaj un\u00eb them \u00ebsht\u00eb show anti-K\u00c7K, nuk ka problem, le t\u00eb jet\u00eb. Pa\u00e7im show q\u00eb luftojn\u00eb t\u00eb keqen. Kemi nj\u00eb situat\u00eb t\u00eb r\u00ebnduar t\u00eb krimit. Kemi nj\u00eb situat\u00eb t\u00eb r\u00ebnduar t\u00eb shprehjes n\u00eb publik t\u00eb keqes. Un\u00eb besoj tek kjo q\u00eb ka dhe njer\u00ebz q\u00eb punojn\u00eb n\u00eb k\u00ebt\u00eb vend\u201d, deklaroi Xhunga.<\/p>\n<p>Gazeta Sot<\/p>\n","protected":false},"excerpt":{"rendered":"<p>Rudina Xhunga b\u00ebn reagimin q\u00eb nuk pritej: \u00c7\u2019faj ka Lul Berisha? Shkoni k\u00ebrkoni parat\u00eb tek&#8230;\u00a0 Gjushi 4 SHKURT 2020 Gazetarja e njohur Rudina Xhunga ka komentuar paket\u00ebn anti-K\u00c7K dhe dy l\u00ebvizjet e bujshme dit\u00ebn e sotme ndaj Lulzim Berish\u00ebs dhe Ardian \u00c7apjas. \u201cI pari apo i fundi \u00e7\u2019r\u00ebnd\u00ebsi ka, r\u00ebnd\u00ebsi ka q\u00eb opozita dha nj\u00eb [&hellip;]<\/p>\n","protected":false},"author":9,"featured_media":31110,"comment_status":"open","ping_status":"open","sticky":false,"template":"","format":"standard","meta":{"jetpack_post_was_ever_published":false,"_jetpack_newsletter_access":"","_jetpack_dont_email_post_to_subs":false,"_jetpack_newsletter_tier_id":0,"_jetpack_memberships_contains_paywalled_content":false,"_jetpack_memberships_contains_paid_content":false,"footnotes":"","jetpack_publicize_message":"","jetpack_publicize_feature_enabled":true,"jetpack_social_post_already_shared":true,"jetpack_social_options":{"image_generator_settings":{"template":"highway","default_image_id":0,"font":"","enabled":false},"version":2}},"categories":[27,2],"tags":[],"class_list":["post-31109","post","type-post","status-publish","format-standard","has-post-thumbnail","hentry","category-blogu-i-udhetarit","category-politika"],"jetpack_publicize_connections":[],"jetpack_featured_media_url":"https:\/\/i0.wp.com\/www.shqiperia.com\/blog\/wp-content\/uploads\/2020\/02\/640-0-5e3977f035b0c.png?fit=640%2C401&ssl=1","jetpack_sharing_enabled":true,"jetpack_shortlink":"https:\/\/wp.me\/p5Z6wp-85L","jetpack-related-posts":[{"id":17031,"url":"https:\/\/www.shqiperia.com\/blog\/reagimi-i-lleshajt-shperthen-rudina-xhunga-ti-te-kerkosh-falje\/","url_meta":{"origin":31109,"position":0},"title":"Reagimi i Lleshajt, shp\u00ebrthen Rudina Xhunga: &#8211; Ti t\u00eb k\u00ebrkosh falje!-","author":"Kurt Farka","date":"February 6, 2019","format":false,"excerpt":"Reagimi i Lleshajt, shp\u00ebrthen Rudina Xhunga: - Ti t\u00eb k\u00ebrkosh falje!- 05 Shkurt, 2019 22 Pas mesazhit t\u00eb ministrit t\u00eb Brendsh\u00ebm, Sand\u00ebr Lleshaj se neveriste kryeministrin Berisha n\u00eb lidhje me publikimet dhe akuzat e tij ndaj policis\u00eb p\u00ebr rastin e p\u00ebrdhunimit t\u00eb minorenes n\u00eb Kavaj\u00eb, ka reaguar ashp\u00ebr edhe gazetarja\u2026","rel":"","context":"In &quot;Kultura&quot;","block_context":{"text":"Kultura","link":"https:\/\/www.shqiperia.com\/blog\/category\/kultura\/"},"img":{"alt_text":"","src":"https:\/\/i0.wp.com\/www.shqiperia.com\/blog\/wp-content\/uploads\/2019\/02\/rudina-xhunga-770x450.jpg?fit=620%2C346&ssl=1&resize=350%2C200","width":350,"height":200,"srcset":"https:\/\/i0.wp.com\/www.shqiperia.com\/blog\/wp-content\/uploads\/2019\/02\/rudina-xhunga-770x450.jpg?fit=620%2C346&ssl=1&resize=350%2C200 1x, https:\/\/i0.wp.com\/www.shqiperia.com\/blog\/wp-content\/uploads\/2019\/02\/rudina-xhunga-770x450.jpg?fit=620%2C346&ssl=1&resize=525%2C300 1.5x"},"classes":[]},{"id":53522,"url":"https:\/\/www.shqiperia.com\/blog\/berisha-merr-fjalen-ne-parlament-kerkon-ngritjen-e-komisionit-hetimor-per-edi-ramen-dhe-lulzim-bashen-te-hetohen-kreret-e-meduzes-per-pastrim-parash\/","url_meta":{"origin":31109,"position":1},"title":"Berisha merr fjal\u00ebn n\u00eb parlament, k\u00ebrkon ngritjen e Komisionit Hetimor p\u00ebr Edi Ram\u00ebn dhe Lulzim Bash\u00ebn: T\u00eb hetohen krer\u00ebt e \u201cMeduz\u00ebs\u201d p\u00ebr pastrim parash","author":"Kurt Farka","date":"January 27, 2022","format":false,"excerpt":"Berisha merr fjal\u00ebn n\u00eb parlament, k\u00ebrkon ngritjen e Komisionit Hetimor p\u00ebr Edi Ram\u00ebn dhe Lulzim Bash\u00ebn: T\u00eb hetohen krer\u00ebt e \u201cMeduz\u00ebs\u201d p\u00ebr pastrim parash 27 Janar 2022 Ish-kryeministri Sali Berisha, k\u00ebrkoi nga salla e parlamentit ngritjen e nj\u00eb komisioni hetimor p\u00ebr p\u00ebrfshirjen e kryeministrit Rama dhe kreut t\u00eb Partis\u00eb Demokratike\u2026","rel":"","context":"In &quot;Blogu i Udh\u00ebtarit&quot;","block_context":{"text":"Blogu i Udh\u00ebtarit","link":"https:\/\/www.shqiperia.com\/blog\/category\/blogu-i-udhetarit\/"},"img":{"alt_text":"","src":"https:\/\/i0.wp.com\/www.shqiperia.com\/blog\/wp-content\/uploads\/2022\/01\/Sali-Berisha-1.jpg?fit=626%2C351&ssl=1&resize=350%2C200","width":350,"height":200,"srcset":"https:\/\/i0.wp.com\/www.shqiperia.com\/blog\/wp-content\/uploads\/2022\/01\/Sali-Berisha-1.jpg?fit=626%2C351&ssl=1&resize=350%2C200 1x, https:\/\/i0.wp.com\/www.shqiperia.com\/blog\/wp-content\/uploads\/2022\/01\/Sali-Berisha-1.jpg?fit=626%2C351&ssl=1&resize=525%2C300 1.5x"},"classes":[]},{"id":51320,"url":"https:\/\/www.shqiperia.com\/blog\/evi-kokalari-pse-i-humbi-zgjedhjet-basha\/","url_meta":{"origin":31109,"position":2},"title":"Evi Kokalari: &#8211; Pse i humbi zgjedhjet Basha","author":"Kurt Farka","date":"November 12, 2021","format":false,"excerpt":"Evi Kokalari: - Pse i humbi zgjedhjet Basha 12 N\u00cbNTOR 2021 N\u00eb foltoren e Sarand\u00ebs, ish-kryeministri Sali Berisha shoq\u00ebrohej nga aktivistja e njohur shqiptaro-amerikane, Evi Kokalari. Gjat\u00eb fjal\u00ebs s\u00eb saj ajo u mor gjer\u00ebsisht me kreun e PD, Lulzim Basha, i cili pak para se t\u00eb niste takimi kishte dal\u00eb\u2026","rel":"","context":"In &quot;Blogu i Udh\u00ebtarit&quot;","block_context":{"text":"Blogu i Udh\u00ebtarit","link":"https:\/\/www.shqiperia.com\/blog\/category\/blogu-i-udhetarit\/"},"img":{"alt_text":"","src":"https:\/\/i0.wp.com\/www.shqiperia.com\/blog\/wp-content\/uploads\/2021\/11\/800-0-618ede9c735be.jpg?fit=800%2C513&ssl=1&resize=350%2C200","width":350,"height":200,"srcset":"https:\/\/i0.wp.com\/www.shqiperia.com\/blog\/wp-content\/uploads\/2021\/11\/800-0-618ede9c735be.jpg?fit=800%2C513&ssl=1&resize=350%2C200 1x, https:\/\/i0.wp.com\/www.shqiperia.com\/blog\/wp-content\/uploads\/2021\/11\/800-0-618ede9c735be.jpg?fit=800%2C513&ssl=1&resize=525%2C300 1.5x, https:\/\/i0.wp.com\/www.shqiperia.com\/blog\/wp-content\/uploads\/2021\/11\/800-0-618ede9c735be.jpg?fit=800%2C513&ssl=1&resize=700%2C400 2x"},"classes":[]},{"id":62242,"url":"https:\/\/www.shqiperia.com\/blog\/kur-do-te-shpallet-lulzim-basha-non-grata\/","url_meta":{"origin":31109,"position":3},"title":"Kur do t\u00eb shpallet Lulzim Basha &#8220;non grata&#8221;?","author":"Kurt Farka","date":"September 14, 2022","format":false,"excerpt":"Nga: Elvi Fundo Disa nga mediat m\u00eb t\u00eb r\u00ebnd\u00ebsishme bot\u00ebrore si \"BBC\", \"AFP\" dhe \"Z\u00ebri i Amerik\u00ebs\" sot raportuan se Lulzim Basha, Partia Demokratike, gjat\u00eb koh\u00ebs q\u00eb drejtohej nga ky i fundit kishte marr\u00eb nj\u00eb financim 500 mij\u00eb dollar\u00eb nga rus\u00ebt e Putinit. Gjith\u00e7ka u publikua sipas nj\u00eb raporti t\u00eb\u2026","rel":"","context":"In &quot;Blogu i Udh\u00ebtarit&quot;","block_context":{"text":"Blogu i Udh\u00ebtarit","link":"https:\/\/www.shqiperia.com\/blog\/category\/blogu-i-udhetarit\/"},"img":{"alt_text":"","src":"https:\/\/i0.wp.com\/www.shqiperia.com\/blog\/wp-content\/uploads\/2022\/09\/800-0-61519c2b6abbb.jpg?fit=800%2C380&ssl=1&resize=350%2C200","width":350,"height":200,"srcset":"https:\/\/i0.wp.com\/www.shqiperia.com\/blog\/wp-content\/uploads\/2022\/09\/800-0-61519c2b6abbb.jpg?fit=800%2C380&ssl=1&resize=350%2C200 1x, https:\/\/i0.wp.com\/www.shqiperia.com\/blog\/wp-content\/uploads\/2022\/09\/800-0-61519c2b6abbb.jpg?fit=800%2C380&ssl=1&resize=525%2C300 1.5x, https:\/\/i0.wp.com\/www.shqiperia.com\/blog\/wp-content\/uploads\/2022\/09\/800-0-61519c2b6abbb.jpg?fit=800%2C380&ssl=1&resize=700%2C400 2x"},"classes":[]},{"id":75157,"url":"https:\/\/www.shqiperia.com\/blog\/konspiracionisti-i-njohur-ben-deklaraten-e-forte-edhe-rama-do-te-arrestohet-meta-dhe-berisha-shkojne-ne-burg\/","url_meta":{"origin":31109,"position":4},"title":"Konspiracionisti i njohur b\u00ebn deklarat\u00ebn e fort\u00eb: &#8211; Edhe Rama do t\u00eb arrestohet. &#8211; Meta dhe Berisha shkojn\u00eb n\u00eb burg\u00a0","author":"Kurt Farka","date":"November 1, 2023","format":false,"excerpt":"1 Nentor 2023 Situata politike n\u00eb vendin ton\u00eb \u00ebsht\u00eb e nxeht\u00eb ku priten arrestime t\u00eb shumta. Sali Berisha \u00ebsht\u00eb nj\u00eb nd\u00ebr personat i cili koh\u00ebt e fundit po p\u00ebrballet shum\u00eb ashp\u00ebr me drejt\u00ebsin\u00eb. Ilir Meta \u00ebsht\u00eb n\u00eb pritje t\u00eb arrestimit ose jo por ka dit\u00eb q\u00eb po qarkullojn\u00eb lajme edhe\u2026","rel":"","context":"In &quot;Blogu i Udh\u00ebtarit&quot;","block_context":{"text":"Blogu i Udh\u00ebtarit","link":"https:\/\/www.shqiperia.com\/blog\/category\/blogu-i-udhetarit\/"},"img":{"alt_text":"","src":"https:\/\/i0.wp.com\/www.shqiperia.com\/blog\/wp-content\/uploads\/2023\/11\/800-0-63dcb1ab16de0-1.jpg?fit=743%2C409&ssl=1&resize=350%2C200","width":350,"height":200,"srcset":"https:\/\/i0.wp.com\/www.shqiperia.com\/blog\/wp-content\/uploads\/2023\/11\/800-0-63dcb1ab16de0-1.jpg?fit=743%2C409&ssl=1&resize=350%2C200 1x, https:\/\/i0.wp.com\/www.shqiperia.com\/blog\/wp-content\/uploads\/2023\/11\/800-0-63dcb1ab16de0-1.jpg?fit=743%2C409&ssl=1&resize=525%2C300 1.5x, https:\/\/i0.wp.com\/www.shqiperia.com\/blog\/wp-content\/uploads\/2023\/11\/800-0-63dcb1ab16de0-1.jpg?fit=743%2C409&ssl=1&resize=700%2C400 2x"},"classes":[]},{"id":58821,"url":"https:\/\/www.shqiperia.com\/blog\/shpallja-non-grata-e-berishes-meta-e-kam-paralajmeruar-disa-muaj-perpara-i-kam-thene-qe-pjese-e-procesit-ka-qene-lulzim-basha\/","url_meta":{"origin":31109,"position":5},"title":"Shpallja non grata e Berish\u00ebs, Meta: E kam paralajm\u00ebruar disa muaj p\u00ebrpara, i kam th\u00ebn\u00eb q\u00eb pjes\u00eb e procesit ka qen\u00eb Lulzim Basha","author":"Kurt Farka","date":"June 9, 2022","format":false,"excerpt":"9 Qershor 2022 Presideni Ilir Meta zbuloi n\u00eb emisionin Open n\u00eb News 24, se e ka paralajm\u00ebruar ish-kryeministrin Berisha se pritej t\u00eb shpallej non-grata nga SHBA-t\u00eb disa muaj p\u00ebrpara se kjo t\u00eb ndodhte. Ai zbuloi p\u00ebr her\u00eb t\u00eb par\u00eb se i ka komunikuar ish-kryeministrit n\u00eb muajin shkurt se pritej t\u00eb\u2026","rel":"","context":"In &quot;Blogu i Udh\u00ebtarit&quot;","block_context":{"text":"Blogu i Udh\u00ebtarit","link":"https:\/\/www.shqiperia.com\/blog\/category\/blogu-i-udhetarit\/"},"img":{"alt_text":"","src":"https:\/\/i0.wp.com\/www.shqiperia.com\/blog\/wp-content\/uploads\/2022\/06\/54b01523-f8af-4839-aac8-05a408cdbadb.jpg?fit=1200%2C685&ssl=1&resize=350%2C200","width":350,"height":200,"srcset":"https:\/\/i0.wp.com\/www.shqiperia.com\/blog\/wp-content\/uploads\/2022\/06\/54b01523-f8af-4839-aac8-05a408cdbadb.jpg?fit=1200%2C685&ssl=1&resize=350%2C200 1x, https:\/\/i0.wp.com\/www.shqiperia.com\/blog\/wp-content\/uploads\/2022\/06\/54b01523-f8af-4839-aac8-05a408cdbadb.jpg?fit=1200%2C685&ssl=1&resize=525%2C300 1.5x, https:\/\/i0.wp.com\/www.shqiperia.com\/blog\/wp-content\/uploads\/2022\/06\/54b01523-f8af-4839-aac8-05a408cdbadb.jpg?fit=1200%2C685&ssl=1&resize=700%2C400 2x, https:\/\/i0.wp.com\/www.shqiperia.com\/blog\/wp-content\/uploads\/2022\/06\/54b01523-f8af-4839-aac8-05a408cdbadb.jpg?fit=1200%2C685&ssl=1&resize=1050%2C600 3x"},"classes":[]}],"_links":{"self":[{"href":"https:\/\/www.shqiperia.com\/blog\/wp-json\/wp\/v2\/posts\/31109","targetHints":{"allow":["GET"]}}],"collection":[{"href":"https:\/\/www.shqiperia.com\/blog\/wp-json\/wp\/v2\/posts"}],"about":[{"href":"https:\/\/www.shqiperia.com\/blog\/wp-json\/wp\/v2\/types\/post"}],"author":[{"embeddable":true,"href":"https:\/\/www.shqiperia.com\/blog\/wp-json\/wp\/v2\/users\/9"}],"replies":[{"embeddable":true,"href":"https:\/\/www.shqiperia.com\/blog\/wp-json\/wp\/v2\/comments?post=31109"}],"version-history":[{"count":2,"href":"https:\/\/www.shqiperia.com\/blog\/wp-json\/wp\/v2\/posts\/31109\/revisions"}],"predecessor-version":[{"id":31112,"href":"https:\/\/www.shqiperia.com\/blog\/wp-json\/wp\/v2\/posts\/31109\/revisions\/31112"}],"wp:featuredmedia":[{"embeddable":true,"href":"https:\/\/www.shqiperia.com\/blog\/wp-json\/wp\/v2\/media\/31110"}],"wp:attachment":[{"href":"https:\/\/www.shqiperia.com\/blog\/wp-json\/wp\/v2\/media?parent=31109"}],"wp:term":[{"taxonomy":"category","embeddable":true,"href":"https:\/\/www.shqiperia.com\/blog\/wp-json\/wp\/v2\/categories?post=31109"},{"taxonomy":"post_tag","embeddable":true,"href":"https:\/\/www.shqiperia.com\/blog\/wp-json\/wp\/v2\/tags?post=31109"}],"curies":[{"name":"wp","href":"https:\/\/api.w.org\/{rel}","templated":true}]}}