{"id":31106,"date":"2020-02-05T01:05:27","date_gmt":"2020-02-05T01:05:27","guid":{"rendered":"https:\/\/www.shqiperia.com\/blog\/?p=31106"},"modified":"2020-02-05T01:05:27","modified_gmt":"2020-02-05T01:05:27","slug":"partite-si-grup-miliarderesh-nuk-bejne-dot-pa-krimin-e-organizuar-reagimi-i-ashper-i-deputetes","status":"publish","type":"post","link":"https:\/\/www.shqiperia.com\/blog\/partite-si-grup-miliarderesh-nuk-bejne-dot-pa-krimin-e-organizuar-reagimi-i-ashper-i-deputetes\/","title":{"rendered":"\u201cPartit\u00eb si grup miliarder\u00ebsh, nuk b\u00ebjn\u00eb dot pa krimin e organizuar\u201d, reagimi i ashp\u00ebr i deputetes"},"content":{"rendered":"<p><img data-recalc-dims=\"1\" loading=\"lazy\" decoding=\"async\" data-attachment-id=\"31107\" data-permalink=\"https:\/\/www.shqiperia.com\/blog\/partite-si-grup-miliarderesh-nuk-bejne-dot-pa-krimin-e-organizuar-reagimi-i-ashper-i-deputetes\/20190613223330sot-kuvendi\/\" data-orig-file=\"https:\/\/i0.wp.com\/www.shqiperia.com\/blog\/wp-content\/uploads\/2020\/02\/20190613223330sot-kuvendi.jpg?fit=781%2C385&amp;ssl=1\" data-orig-size=\"781,385\" data-comments-opened=\"1\" data-image-meta=\"{&quot;aperture&quot;:&quot;0&quot;,&quot;credit&quot;:&quot;&quot;,&quot;camera&quot;:&quot;&quot;,&quot;caption&quot;:&quot;&quot;,&quot;created_timestamp&quot;:&quot;0&quot;,&quot;copyright&quot;:&quot;&quot;,&quot;focal_length&quot;:&quot;0&quot;,&quot;iso&quot;:&quot;0&quot;,&quot;shutter_speed&quot;:&quot;0&quot;,&quot;title&quot;:&quot;&quot;,&quot;orientation&quot;:&quot;1&quot;}\" data-image-title=\"20190613223330sot-kuvendi\" data-image-description=\"\" data-image-caption=\"\" data-medium-file=\"https:\/\/i0.wp.com\/www.shqiperia.com\/blog\/wp-content\/uploads\/2020\/02\/20190613223330sot-kuvendi.jpg?fit=300%2C148&amp;ssl=1\" data-large-file=\"https:\/\/i0.wp.com\/www.shqiperia.com\/blog\/wp-content\/uploads\/2020\/02\/20190613223330sot-kuvendi.jpg?fit=781%2C385&amp;ssl=1\" class=\"alignnone  wp-image-31107\" alt=\"\" src=\"https:\/\/i0.wp.com\/www.shqiperia.com\/blog\/wp-content\/uploads\/2020\/02\/20190613223330sot-kuvendi.jpg?resize=559%2C276&#038;ssl=1\" width=\"559\" height=\"276\" srcset=\"https:\/\/i0.wp.com\/www.shqiperia.com\/blog\/wp-content\/uploads\/2020\/02\/20190613223330sot-kuvendi.jpg?resize=300%2C148&amp;ssl=1 300w, https:\/\/i0.wp.com\/www.shqiperia.com\/blog\/wp-content\/uploads\/2020\/02\/20190613223330sot-kuvendi.jpg?resize=768%2C379&amp;ssl=1 768w, https:\/\/i0.wp.com\/www.shqiperia.com\/blog\/wp-content\/uploads\/2020\/02\/20190613223330sot-kuvendi.jpg?resize=450%2C222&amp;ssl=1 450w, https:\/\/i0.wp.com\/www.shqiperia.com\/blog\/wp-content\/uploads\/2020\/02\/20190613223330sot-kuvendi.jpg?resize=600%2C296&amp;ssl=1 600w, https:\/\/i0.wp.com\/www.shqiperia.com\/blog\/wp-content\/uploads\/2020\/02\/20190613223330sot-kuvendi.jpg?resize=400%2C197&amp;ssl=1 400w, https:\/\/i0.wp.com\/www.shqiperia.com\/blog\/wp-content\/uploads\/2020\/02\/20190613223330sot-kuvendi.jpg?w=781&amp;ssl=1 781w\" sizes=\"auto, (max-width: 559px) 100vw, 559px\" \/><\/p>\n<p><strong>\u201cPartit\u00eb si grup miliarder\u00ebsh, nuk b\u00ebjn\u00eb dot pa krimin e organizuar\u201d, reagimi i ashp\u00ebr i deputetes<\/strong><\/p>\n<p><strong>4 Shkurt 2020 <\/strong><\/p>\n<p>Gjat\u00eb mbledhjes s\u00eb K\u00ebshillit Komb\u00ebtar Europian dit\u00ebn e sotme, kryetarja e tij Rudina Hajdari akuzoi partit\u00eb politike n\u00eb vend se jan\u00eb kthyer n\u00eb grupe miliarder\u00ebsh q\u00eb nuk b\u00ebjn\u00eb dot pa krimin e organizuar.<\/p>\n<p>Hajdari shtoi se p\u00ebr t\u00eb fituar betej\u00ebn me korrupsionin ky fenomen fillimisht duhet luftuar brenda politik\u00ebs. \u201cUn\u00eb vazhdoj t\u00eb jem e bindur q\u00eb partit\u00eb politike n\u00eb vend jan\u00eb kthyer n\u00eb nj\u00eb grup miliarder\u00ebsh t\u00eb cil\u00ebt pa lidhjet e tyre me krimin e organizuar nuk mund t\u00eb mbijetojn\u00eb pa nj\u00ebri-tjetrin. N\u00ebse nuk arrijm\u00eb t\u00eb luftojm\u00eb korrupsionin brenda politik\u00ebs nuk do e fitojm\u00eb betej\u00ebn me k\u00ebt\u00eb fenomen.<\/p>\n<p>Sekuestrimi pasurive duhet t\u00eb filloj\u00eb me at\u00eb klas\u00eb politike q\u00eb kan\u00eb shfryt\u00ebzuar pozicionin e pushtetit p\u00ebr tu pasur dhe p\u00ebr t\u00eb forcuar pozitat e tyre e p\u00ebr t\u00eb varf\u00ebruar pjes\u00ebn tjet\u00ebr t\u00eb shqiptar\u00ebve,\u201d\u2013 u shpreh ajo.<\/p>\n<p>Deputetja e opozit\u00ebs parlamentare u shpreh se n\u00eb vitet e fundit korrupsioni n\u00eb Shqip\u00ebri ka p\u00ebsuar rritje t\u00eb jasht\u00ebzakonshme dhe duhet b\u00ebr\u00eb \u00e7do gj\u00eb q\u00eb \u00ebsht\u00eb e mundur p\u00ebr t\u00eb luftuar k\u00ebt\u00eb fenomen n\u00eb t\u00eb gjitha nivelet.<\/p>\n<p>\u201cKorrupsioni \u00ebsht\u00eb nj\u00eb nga plag\u00ebt m\u00eb t\u00eb thella t\u00eb shoq\u00ebris\u00eb son\u00eb e cila prek \u00e7do aspekt t\u00eb jet\u00ebs s\u00eb shqiptar\u00ebve. Ka nj\u00eb impakt t\u00eb jasht\u00ebzakonsh\u00ebm n\u00eb jet\u00ebn e njer\u00ebzve dhe sidomos atyre me t\u00eb ardhura t\u00eb ul\u00ebta dhe vulnerab\u00ebl.<\/p>\n<p>Gjithmon\u00eb e kam munduar se lufta ndaj korrupsionit do t\u00eb jet\u00eb kultur\u00eb e gjenerat\u00ebs s\u00eb re. Ky fenomen nuk mund t\u00eb luftohet pa institucione t\u00eb forta, pa integritet dhe transparenc\u00eb. Ky fenomen na ka mbajtur mbrapa si shoq\u00ebri dhe vend. Kemi shum\u00eb pun\u00eb p\u00ebr t\u00eb b\u00ebr\u00eb p\u00ebr t\u00eb zbatuar Reform\u00ebn n\u00eb Drejt\u00ebsi.<\/p>\n<p>N\u00eb vitet e fundit korrupsioni ka p\u00ebsuar ngritje t\u00eb jasht\u00ebzakonshme. Ky fenomen po g\u00ebrryen Shqip\u00ebrin\u00eb si n\u00eb ekonomi, jet\u00ebn shoq\u00ebrore e kulturore.<\/p>\n<p>Ne duhet t\u00eb b\u00ebjm\u00eb \u00e7do gj\u00eb t\u00eb mundur jo vet\u00ebm p\u00ebr t\u00eb rregulluar kuadrin ligjor, p\u00ebr t\u00eb rregulluar klim\u00ebn politike n\u00eb vend, por t\u00eb b\u00ebjm\u00eb \u00e7do gj\u00eb t\u00eb mundur p\u00ebr t\u00eb luftuar k\u00ebt\u00eb fenomen n\u00eb t\u00eb gjitha nivelet,\u201d- tha Hajdari.<\/p>\n<p><strong>\u00a9Copyright Gazeta SHQIP<\/strong><\/p>\n","protected":false},"excerpt":{"rendered":"<p>\u201cPartit\u00eb si grup miliarder\u00ebsh, nuk b\u00ebjn\u00eb dot pa krimin e organizuar\u201d, reagimi i ashp\u00ebr i deputetes 4 Shkurt 2020 Gjat\u00eb mbledhjes s\u00eb K\u00ebshillit Komb\u00ebtar Europian dit\u00ebn e sotme, kryetarja e tij Rudina Hajdari akuzoi partit\u00eb politike n\u00eb vend se jan\u00eb kthyer n\u00eb grupe miliarder\u00ebsh q\u00eb nuk b\u00ebjn\u00eb dot pa krimin e organizuar. Hajdari shtoi se [&hellip;]<\/p>\n","protected":false},"author":9,"featured_media":31107,"comment_status":"open","ping_status":"open","sticky":false,"template":"","format":"standard","meta":{"jetpack_post_was_ever_published":false,"_jetpack_newsletter_access":"","_jetpack_dont_email_post_to_subs":false,"_jetpack_newsletter_tier_id":0,"_jetpack_memberships_contains_paywalled_content":false,"_jetpack_memberships_contains_paid_content":false,"footnotes":"","jetpack_publicize_message":"","jetpack_publicize_feature_enabled":true,"jetpack_social_post_already_shared":true,"jetpack_social_options":{"image_generator_settings":{"template":"highway","default_image_id":0,"font":"","enabled":false},"version":2}},"categories":[27,2],"tags":[],"class_list":["post-31106","post","type-post","status-publish","format-standard","has-post-thumbnail","hentry","category-blogu-i-udhetarit","category-politika"],"jetpack_publicize_connections":[],"jetpack_featured_media_url":"https:\/\/i0.wp.com\/www.shqiperia.com\/blog\/wp-content\/uploads\/2020\/02\/20190613223330sot-kuvendi.jpg?fit=781%2C385&ssl=1","jetpack_sharing_enabled":true,"jetpack_shortlink":"https:\/\/wp.me\/p5Z6wp-85I","jetpack-related-posts":[{"id":52444,"url":"https:\/\/www.shqiperia.com\/blog\/mund-te-akuzojne-njeri-tjetrin-dhe-per-vrasjen-e-patozi-kemi-mesuar-se-basha-ndan-leket-me-krimin-e-organizuar\/","url_meta":{"origin":31106,"position":0},"title":"\u201cMund t\u00eb akuzojn\u00eb nj\u00ebri-tjetrin dhe p\u00ebr vrasjen e&#8230;\u201d. \u00a0Patozi: &#8211; Kemi m\u00ebsuar se Basha ndan lek\u00ebt me krimin e organizuar.","author":"Kurt Farka","date":"December 16, 2021","format":false,"excerpt":"\u201cMund t\u00eb akuzojn\u00eb nj\u00ebri-tjetrin dhe p\u00ebr vrasjen e...\u201d. \u00a0Patozi: - Kemi m\u00ebsuar se Basha ndan lek\u00ebt me krimin e organizuar. 16 DHJETOR 2021 Ish-koordinatori i Bindjes Demokratike, Astrit Patozi ka komentuar zhvillimet e fundit politike brenda PD. Patozi thekson se antagoznizmi mes Sali Berish\u00ebs dhe Lulzim Bash\u00ebs ka arritur n\u00eb\u2026","rel":"","context":"In &quot;Blogu i Udh\u00ebtarit&quot;","block_context":{"text":"Blogu i Udh\u00ebtarit","link":"https:\/\/www.shqiperia.com\/blog\/category\/blogu-i-udhetarit\/"},"img":{"alt_text":"","src":"https:\/\/i0.wp.com\/www.shqiperia.com\/blog\/wp-content\/uploads\/2021\/12\/800-0-61bb951edae36.png?fit=800%2C397&ssl=1&resize=350%2C200","width":350,"height":200,"srcset":"https:\/\/i0.wp.com\/www.shqiperia.com\/blog\/wp-content\/uploads\/2021\/12\/800-0-61bb951edae36.png?fit=800%2C397&ssl=1&resize=350%2C200 1x, https:\/\/i0.wp.com\/www.shqiperia.com\/blog\/wp-content\/uploads\/2021\/12\/800-0-61bb951edae36.png?fit=800%2C397&ssl=1&resize=525%2C300 1.5x, https:\/\/i0.wp.com\/www.shqiperia.com\/blog\/wp-content\/uploads\/2021\/12\/800-0-61bb951edae36.png?fit=800%2C397&ssl=1&resize=700%2C400 2x"},"classes":[]},{"id":31162,"url":"https:\/\/www.shqiperia.com\/blog\/holanda-duam-rezultate-konkrete-per-shqiperine-ne-luften-me-krimin-e-organizuar-dhe-korrupsionin\/","url_meta":{"origin":31106,"position":1},"title":"Holanda: &#8211; Duam rezultate konkrete p\u00ebr Shqip\u00ebrin\u00eb n\u00eb luft\u00ebn me krimin e organizuar dhe korrupsionin","author":"Kurt Farka","date":"February 6, 2020","format":false,"excerpt":"Holanda: - Duam rezultate konkrete p\u00ebr Shqip\u00ebrin\u00eb n\u00eb luft\u00ebn me krimin e organizuar dhe korrupsionin 5 shkurt 2020 Vjen reagimi i par\u00eb i nj\u00eb vendi t\u00eb BE pas publikimit nga Komisioni Europian i Metodologjis\u00eb s\u00eb re t\u00eb zgjerimit. Holanda megjith\u00ebse e p\u00ebrsh\u00ebndet Metodologjin\u00eb shpreh skepticiz\u00ebn n\u00ebse kjo \u00ebsht\u00eb m\u00ebnyra e\u2026","rel":"","context":"In &quot;Blogu i Udh\u00ebtarit&quot;","block_context":{"text":"Blogu i Udh\u00ebtarit","link":"https:\/\/www.shqiperia.com\/blog\/category\/blogu-i-udhetarit\/"},"img":{"alt_text":"","src":"https:\/\/i0.wp.com\/www.shqiperia.com\/blog\/wp-content\/uploads\/2020\/02\/holanda.jpg?fit=1200%2C712&ssl=1&resize=350%2C200","width":350,"height":200,"srcset":"https:\/\/i0.wp.com\/www.shqiperia.com\/blog\/wp-content\/uploads\/2020\/02\/holanda.jpg?fit=1200%2C712&ssl=1&resize=350%2C200 1x, https:\/\/i0.wp.com\/www.shqiperia.com\/blog\/wp-content\/uploads\/2020\/02\/holanda.jpg?fit=1200%2C712&ssl=1&resize=525%2C300 1.5x, https:\/\/i0.wp.com\/www.shqiperia.com\/blog\/wp-content\/uploads\/2020\/02\/holanda.jpg?fit=1200%2C712&ssl=1&resize=700%2C400 2x, https:\/\/i0.wp.com\/www.shqiperia.com\/blog\/wp-content\/uploads\/2020\/02\/holanda.jpg?fit=1200%2C712&ssl=1&resize=1050%2C600 3x"},"classes":[]},{"id":49241,"url":"https:\/\/www.shqiperia.com\/blog\/fondacioni-gjerman-fridrich-ebert-shqiptaret-shohin-si-kercenimet-me-te-medha-krimin-e-organizuar-papunesine-dhe-korrupsionin\/","url_meta":{"origin":31106,"position":2},"title":"Fondacioni gjerman \u201cFridrich Ebert\u201d: &#8211; Shqiptar\u00ebt shohin si k\u00ebrc\u00ebnimet m\u00eb t\u00eb m\u00ebdha krimin e organizuar, papun\u00ebsin\u00eb dhe korrupsionin","author":"Kurt Farka","date":"August 21, 2021","format":false,"excerpt":"Fondacioni gjerman \u201cFridrich Ebert\u201d: - Shqiptar\u00ebt shohin si k\u00ebrc\u00ebnimet m\u00eb t\u00eb m\u00ebdha krimin e organizuar, papun\u00ebsin\u00eb dhe korrupsionin 21 gusht 2021 Krimi i organizuar, papun\u00ebsia dhe korrupsioni jan\u00eb tre nga k\u00ebrc\u00ebnimet m\u00eb t\u00eb m\u00ebdha q\u00eb qytetar\u00ebt shohin p\u00ebr sigurin\u00eb e Shqip\u00ebris\u00eb. N\u00eb k\u00ebt\u00eb p\u00ebrfundim ka arritur nj\u00eb studim i realizuar\u2026","rel":"","context":"In &quot;Blogu i Udh\u00ebtarit&quot;","block_context":{"text":"Blogu i Udh\u00ebtarit","link":"https:\/\/www.shqiperia.com\/blog\/category\/blogu-i-udhetarit\/"},"img":{"alt_text":"","src":"https:\/\/i0.wp.com\/www.shqiperia.com\/blog\/wp-content\/uploads\/2021\/08\/1569080389_Termetiiiiiiii1-e1629550916554.jpeg?fit=1200%2C644&ssl=1&resize=350%2C200","width":350,"height":200,"srcset":"https:\/\/i0.wp.com\/www.shqiperia.com\/blog\/wp-content\/uploads\/2021\/08\/1569080389_Termetiiiiiiii1-e1629550916554.jpeg?fit=1200%2C644&ssl=1&resize=350%2C200 1x, https:\/\/i0.wp.com\/www.shqiperia.com\/blog\/wp-content\/uploads\/2021\/08\/1569080389_Termetiiiiiiii1-e1629550916554.jpeg?fit=1200%2C644&ssl=1&resize=525%2C300 1.5x, https:\/\/i0.wp.com\/www.shqiperia.com\/blog\/wp-content\/uploads\/2021\/08\/1569080389_Termetiiiiiiii1-e1629550916554.jpeg?fit=1200%2C644&ssl=1&resize=700%2C400 2x, https:\/\/i0.wp.com\/www.shqiperia.com\/blog\/wp-content\/uploads\/2021\/08\/1569080389_Termetiiiiiiii1-e1629550916554.jpeg?fit=1200%2C644&ssl=1&resize=1050%2C600 3x"},"classes":[]},{"id":35268,"url":"https:\/\/www.shqiperia.com\/blog\/sot-deshtoi-politika-e-vjeter-i-mbylli-deren-shqiptareve-e-shba-reagon-rudina-hajdari-me-tone-te-forta-nuk-dorezohemi\/","url_meta":{"origin":31106,"position":3},"title":"\u201cSot d\u00ebshtoi politika e vjet\u00ebr, i mbylli der\u00ebn shqiptar\u00ebve e SHBA\u201d, reagon Rudina Hajdari me tone t\u00eb forta: Nuk dor\u00ebzohemi!","author":"Kurt Farka","date":"May 31, 2020","format":false,"excerpt":"\u201cSot d\u00ebshtoi politika e vjet\u00ebr, i mbylli der\u00ebn shqiptar\u00ebve e SHBA\u201d, reagon Rudina Hajdari me tone t\u00eb forta: Nuk dor\u00ebzohemi! 31 MAJ 2020 N\u00eb p\u00ebrfundim t\u00eb mbledhjes s\u00eb K\u00ebshillit politik, i cili mbylli edhe sot punimet 4 or\u00ebshe pa nj\u00eb marr\u00ebveshje p\u00ebr reform\u00ebn zgjedhore, deputetja e opozit\u00ebs n\u00eb parlament, Rudina\u2026","rel":"","context":"In &quot;Blogu i Udh\u00ebtarit&quot;","block_context":{"text":"Blogu i Udh\u00ebtarit","link":"https:\/\/www.shqiperia.com\/blog\/category\/blogu-i-udhetarit\/"},"img":{"alt_text":"","src":"https:\/\/i0.wp.com\/www.shqiperia.com\/blog\/wp-content\/uploads\/2020\/05\/800-0-061655be66583cd05fdd9348eda27718.png?fit=800%2C342&ssl=1&resize=350%2C200","width":350,"height":200,"srcset":"https:\/\/i0.wp.com\/www.shqiperia.com\/blog\/wp-content\/uploads\/2020\/05\/800-0-061655be66583cd05fdd9348eda27718.png?fit=800%2C342&ssl=1&resize=350%2C200 1x, https:\/\/i0.wp.com\/www.shqiperia.com\/blog\/wp-content\/uploads\/2020\/05\/800-0-061655be66583cd05fdd9348eda27718.png?fit=800%2C342&ssl=1&resize=525%2C300 1.5x, https:\/\/i0.wp.com\/www.shqiperia.com\/blog\/wp-content\/uploads\/2020\/05\/800-0-061655be66583cd05fdd9348eda27718.png?fit=800%2C342&ssl=1&resize=700%2C400 2x"},"classes":[]},{"id":69821,"url":"https:\/\/www.shqiperia.com\/blog\/flet-ish-ministri-i-brendshem-i-ps-krimi-i-organizuar-ka-tentakula-kudo-ka-marredhenie-me-politiken-dhe-policine\/","url_meta":{"origin":31106,"position":4},"title":"Flet ish-ministri i Brendsh\u00ebm i PS. &#8211; \u201cKrimi i organizuar ka tentakula kudo\u201d. &#8211; Ka marr\u00ebdh\u00ebnie me politik\u00ebn dhe policin\u00eb.","author":"Kurt Farka","date":"March 19, 2023","format":false,"excerpt":"19 Mars 2023 Ish-ministri i Brendsh\u00ebm i PS, Sand\u00ebr Lleshaj, \u00ebsht\u00eb shprehur se krimi i organizuar ka shtrir\u00eb tentakulat e tij kudo. Komentet Lleshaj i b\u00ebri gjat\u00eb nj\u00eb interviste p\u00ebr\u00a0Panorama TV, ku tha se krimi ka vendosur marr\u00ebdh\u00ebnie me policin\u00eb dhe politik\u00ebn dhe sipas tij, duhen struktura shum\u00eb t\u00eb forta\u2026","rel":"","context":"In &quot;Blogu i Udh\u00ebtarit&quot;","block_context":{"text":"Blogu i Udh\u00ebtarit","link":"https:\/\/www.shqiperia.com\/blog\/category\/blogu-i-udhetarit\/"},"img":{"alt_text":"","src":"https:\/\/i0.wp.com\/www.shqiperia.com\/blog\/wp-content\/uploads\/2023\/03\/BeFunky-collage-4-scaled.jpg?fit=1200%2C710&ssl=1&resize=350%2C200","width":350,"height":200,"srcset":"https:\/\/i0.wp.com\/www.shqiperia.com\/blog\/wp-content\/uploads\/2023\/03\/BeFunky-collage-4-scaled.jpg?fit=1200%2C710&ssl=1&resize=350%2C200 1x, https:\/\/i0.wp.com\/www.shqiperia.com\/blog\/wp-content\/uploads\/2023\/03\/BeFunky-collage-4-scaled.jpg?fit=1200%2C710&ssl=1&resize=525%2C300 1.5x, https:\/\/i0.wp.com\/www.shqiperia.com\/blog\/wp-content\/uploads\/2023\/03\/BeFunky-collage-4-scaled.jpg?fit=1200%2C710&ssl=1&resize=700%2C400 2x, https:\/\/i0.wp.com\/www.shqiperia.com\/blog\/wp-content\/uploads\/2023\/03\/BeFunky-collage-4-scaled.jpg?fit=1200%2C710&ssl=1&resize=1050%2C600 3x"},"classes":[]},{"id":47795,"url":"https:\/\/www.shqiperia.com\/blog\/artan-hoxha-i-pergjigjet-qytetarit-zbulon-cfare-ndodh-ne-disa-zona-te-vendit-dhe-tregon-detajet-e-frikshme-policia-nuk-shkel-ne-keto-territore\/","url_meta":{"origin":31106,"position":5},"title":"Artan Hoxha i p\u00ebrgjigjet qytetarit, zbulon \u00e7far\u00eb ndodh n\u00eb disa zona t\u00eb vendit dhe tregon detajet e frikshme: Policia nuk shkel n\u00eb k\u00ebto territore","author":"Kurt Farka","date":"June 10, 2021","format":false,"excerpt":"Artan Hoxha i p\u00ebrgjigjet qytetarit, zbulon \u00e7far\u00eb ndodh n\u00eb disa zona t\u00eb vendit dhe tregon detajet e frikshme: Policia nuk shkel n\u00eb k\u00ebto territore 10 QERSHOR 2021 Gazetari Artan Hoxha ka publikuar dit\u00ebn e sotme nj\u00eb mesazh t\u00eb koduar. \u201cMedia dhe shteti jan\u00eb dy superfuqi q\u00eb jetojn\u00eb n\u00eb t\u00eb nj\u00ebjtin\u2026","rel":"","context":"In &quot;Blogu i Udh\u00ebtarit&quot;","block_context":{"text":"Blogu i Udh\u00ebtarit","link":"https:\/\/www.shqiperia.com\/blog\/category\/blogu-i-udhetarit\/"},"img":{"alt_text":"","src":"https:\/\/i0.wp.com\/www.shqiperia.com\/blog\/wp-content\/uploads\/2021\/06\/640-0-60c1ed8fc4207.jpg?fit=640%2C379&ssl=1&resize=350%2C200","width":350,"height":200,"srcset":"https:\/\/i0.wp.com\/www.shqiperia.com\/blog\/wp-content\/uploads\/2021\/06\/640-0-60c1ed8fc4207.jpg?fit=640%2C379&ssl=1&resize=350%2C200 1x, https:\/\/i0.wp.com\/www.shqiperia.com\/blog\/wp-content\/uploads\/2021\/06\/640-0-60c1ed8fc4207.jpg?fit=640%2C379&ssl=1&resize=525%2C300 1.5x"},"classes":[]}],"_links":{"self":[{"href":"https:\/\/www.shqiperia.com\/blog\/wp-json\/wp\/v2\/posts\/31106","targetHints":{"allow":["GET"]}}],"collection":[{"href":"https:\/\/www.shqiperia.com\/blog\/wp-json\/wp\/v2\/posts"}],"about":[{"href":"https:\/\/www.shqiperia.com\/blog\/wp-json\/wp\/v2\/types\/post"}],"author":[{"embeddable":true,"href":"https:\/\/www.shqiperia.com\/blog\/wp-json\/wp\/v2\/users\/9"}],"replies":[{"embeddable":true,"href":"https:\/\/www.shqiperia.com\/blog\/wp-json\/wp\/v2\/comments?post=31106"}],"version-history":[{"count":1,"href":"https:\/\/www.shqiperia.com\/blog\/wp-json\/wp\/v2\/posts\/31106\/revisions"}],"predecessor-version":[{"id":31108,"href":"https:\/\/www.shqiperia.com\/blog\/wp-json\/wp\/v2\/posts\/31106\/revisions\/31108"}],"wp:featuredmedia":[{"embeddable":true,"href":"https:\/\/www.shqiperia.com\/blog\/wp-json\/wp\/v2\/media\/31107"}],"wp:attachment":[{"href":"https:\/\/www.shqiperia.com\/blog\/wp-json\/wp\/v2\/media?parent=31106"}],"wp:term":[{"taxonomy":"category","embeddable":true,"href":"https:\/\/www.shqiperia.com\/blog\/wp-json\/wp\/v2\/categories?post=31106"},{"taxonomy":"post_tag","embeddable":true,"href":"https:\/\/www.shqiperia.com\/blog\/wp-json\/wp\/v2\/tags?post=31106"}],"curies":[{"name":"wp","href":"https:\/\/api.w.org\/{rel}","templated":true}]}}